{"id":5220,"date":"2024-06-24T16:25:27","date_gmt":"2024-06-24T13:25:27","guid":{"rendered":"https:\/\/kuzeyinsesi.com\/index.php\/2024\/06\/24\/24-uluslararasi-magusa-kultur-sanat-festivali-yarin-basliyor\/"},"modified":"2024-06-24T16:25:27","modified_gmt":"2024-06-24T13:25:27","slug":"24-uluslararasi-magusa-kultur-sanat-festivali-yarin-basliyor","status":"publish","type":"post","link":"https:\/\/kuzeyinsesi.org\/index.php\/2024\/06\/24\/24-uluslararasi-magusa-kultur-sanat-festivali-yarin-basliyor\/","title":{"rendered":"24. Uluslararas\u0131 Ma\u011fusa K\u00fclt\u00fcr Sanat Festivali yar\u0131n ba\u015fl\u0131yor"},"content":{"rendered":"<div>\n<div class=\"mariselle-image-container center\">\n                                            <\/div>\n<p>\n Gazima\u011fusa Belediyesi taraf\u0131ndan d\u00fczenlenen 24. Uluslararas\u0131 Ma\u011fusa K\u00fclt\u00fcr Sanat Festivali yar\u0131n ba\u015fl\u0131yor.<\/p>\n<p>Gazima\u011fusa Belediyesi taraf\u0131ndan verilen bilgiye g\u00f6re, festival saat 19.30\u2019da  \u201cSon Feci Bisiklet\u201d grubunun Nam\u0131k Kemal Meydan\u0131\u2019nda yer alacak konseriyle ba\u015flayacak. \u201cSon Feci Bisiklet\u201d  grubundan \u00f6nce KKTC\u2019nin reggae m\u00fczik gruplar\u0131ndan Bunfyah ile Ma\u011fusa\u2019n\u0131n Rap \u0130kilisi F\u0131rat&amp;Mato sahne alacak.<\/p>\n<p>Bu y\u0131l 25 Haziran- 15 Temmuz tarihleri aras\u0131nda d\u00fczenlenecek festival kapsam\u0131ndaki konser ve g\u00f6steriler saat 21.00\u2019de ba\u015flayacak.<\/p>\n<p>Festival biletleri Gazima\u011fusa Belediyesi ve https:\/\/www.gisekibris.com adresinden temin edilebilecek.<\/p>\n<\/p><\/div>\n<p><script async\n                    defer\n                    crossorigin=\"anonymous\"\n                    src=\"https:\/\/connect.facebook.net\/tr_TR\/sdk.js#xfbml=1&#038;version=v3.3\"\n            ><\/script><\/p>\n","protected":false},"excerpt":{"rendered":"<p>Gazima\u011fusa Belediyesi taraf\u0131ndan d\u00fczenlenen 24. Uluslararas\u0131 Ma\u011fusa K\u00fclt\u00fcr Sanat Festivali yar\u0131n ba\u015fl\u0131yor. Gazima\u011fusa Belediyesi taraf\u0131ndan verilen bilgiye g\u00f6re, festival saat 19.30\u2019da \u201cSon Feci Bisiklet\u201d grubunun Nam\u0131k Kemal Meydan\u0131\u2019nda yer alacak konseriyle ba\u015flayacak. \u201cSon Feci Bisiklet\u201d grubundan \u00f6nce KKTC\u2019nin reggae m\u00fczik gruplar\u0131ndan Bunfyah ile Ma\u011fusa\u2019n\u0131n Rap \u0130kilisi F\u0131rat&amp;Mato sahne alacak. Bu y\u0131l 25 Haziran- 15 Temmuz [&hellip;]<\/p>\n","protected":false},"author":1,"featured_media":5221,"comment_status":"open","ping_status":"open","sticky":false,"template":"","format":"standard","meta":{"jnews-multi-image_gallery":[],"jnews_single_post":[],"jnews_primary_category":[],"jnews_social_meta":[],"jnews_override_counter":[],"footnotes":""},"categories":[6],"tags":[],"class_list":["post-5220","post","type-post","status-publish","format-standard","has-post-thumbnail","hentry","category-yasam"],"yoast_head":"<!-- This site is optimized with the Yoast SEO plugin v27.5 - https:\/\/yoast.com\/product\/yoast-seo-wordpress\/ -->\n<title>24. Uluslararas\u0131 Ma\u011fusa K\u00fclt\u00fcr Sanat Festivali yar\u0131n ba\u015fl\u0131yor - Kuzeyin Sesi<\/title>\n<meta name=\"robots\" content=\"index, follow, max-snippet:-1, max-image-preview:large, max-video-preview:-1\" \/>\n<link rel=\"canonical\" href=\"https:\/\/kuzeyinsesi.org\/index.php\/2024\/06\/24\/24-uluslararasi-magusa-kultur-sanat-festivali-yarin-basliyor\/\" \/>\n<meta property=\"og:locale\" content=\"tr_TR\" \/>\n<meta property=\"og:type\" content=\"article\" \/>\n<meta property=\"og:title\" content=\"24. Uluslararas\u0131 Ma\u011fusa K\u00fclt\u00fcr Sanat Festivali yar\u0131n ba\u015fl\u0131yor - Kuzeyin Sesi\" \/>\n<meta property=\"og:description\" content=\"Gazima\u011fusa Belediyesi taraf\u0131ndan d\u00fczenlenen 24. Uluslararas\u0131 Ma\u011fusa K\u00fclt\u00fcr Sanat Festivali yar\u0131n ba\u015fl\u0131yor. Gazima\u011fusa Belediyesi taraf\u0131ndan verilen bilgiye g\u00f6re, festival saat 19.30\u2019da \u201cSon Feci Bisiklet\u201d grubunun Nam\u0131k Kemal Meydan\u0131\u2019nda yer alacak konseriyle ba\u015flayacak. \u201cSon Feci Bisiklet\u201d grubundan \u00f6nce KKTC\u2019nin reggae m\u00fczik gruplar\u0131ndan Bunfyah ile Ma\u011fusa\u2019n\u0131n Rap \u0130kilisi F\u0131rat&amp;Mato sahne alacak. Bu y\u0131l 25 Haziran- 15 Temmuz [&hellip;]\" \/>\n<meta property=\"og:url\" content=\"https:\/\/kuzeyinsesi.org\/index.php\/2024\/06\/24\/24-uluslararasi-magusa-kultur-sanat-festivali-yarin-basliyor\/\" \/>\n<meta property=\"og:site_name\" content=\"Kuzeyin Sesi\" \/>\n<meta property=\"article:publisher\" content=\"https:\/\/www.facebook.com\/kuzeyinsesii\" \/>\n<meta property=\"article:published_time\" content=\"2024-06-24T13:25:27+00:00\" \/>\n<meta property=\"og:image\" content=\"https:\/\/kuzeyinsesi.org\/wp-content\/uploads\/2024\/06\/gmb-festival-3--1024x1024.jpg\" \/>\n\t<meta property=\"og:image:width\" content=\"1024\" \/>\n\t<meta property=\"og:image:height\" content=\"1024\" \/>\n\t<meta property=\"og:image:type\" content=\"image\/jpeg\" \/>\n<meta name=\"author\" content=\"Kuzeyin Sesi\" \/>\n<meta name=\"twitter:card\" content=\"summary_large_image\" \/>\n<meta name=\"twitter:creator\" content=\"@kuzeyinsesii\" \/>\n<meta name=\"twitter:site\" content=\"@kuzeyinsesii\" \/>\n<meta name=\"twitter:label1\" content=\"Yazan:\" \/>\n\t<meta name=\"twitter:data1\" content=\"Kuzeyin Sesi\" \/>\n\t<meta name=\"twitter:label2\" content=\"Tahmini okuma s\u00fcresi\" \/>\n\t<meta name=\"twitter:data2\" content=\"1 dakika\" \/>\n<script type=\"application\/ld+json\" class=\"yoast-schema-graph\">{\"@context\":\"https:\\\/\\\/schema.org\",\"@graph\":[{\"@type\":\"Article\",\"@id\":\"https:\\\/\\\/kuzeyinsesi.org\\\/index.php\\\/2024\\\/06\\\/24\\\/24-uluslararasi-magusa-kultur-sanat-festivali-yarin-basliyor\\\/#article\",\"isPartOf\":{\"@id\":\"https:\\\/\\\/kuzeyinsesi.org\\\/index.php\\\/2024\\\/06\\\/24\\\/24-uluslararasi-magusa-kultur-sanat-festivali-yarin-basliyor\\\/\"},\"author\":{\"name\":\"Kuzeyin Sesi\",\"@id\":\"https:\\\/\\\/kuzeyinsesi.org\\\/#\\\/schema\\\/person\\\/9f859689cdf01485597712386e37f5aa\"},\"headline\":\"24. Uluslararas\u0131 Ma\u011fusa K\u00fclt\u00fcr Sanat Festivali yar\u0131n ba\u015fl\u0131yor\",\"datePublished\":\"2024-06-24T13:25:27+00:00\",\"mainEntityOfPage\":{\"@id\":\"https:\\\/\\\/kuzeyinsesi.org\\\/index.php\\\/2024\\\/06\\\/24\\\/24-uluslararasi-magusa-kultur-sanat-festivali-yarin-basliyor\\\/\"},\"wordCount\":119,\"commentCount\":0,\"image\":{\"@id\":\"https:\\\/\\\/kuzeyinsesi.org\\\/index.php\\\/2024\\\/06\\\/24\\\/24-uluslararasi-magusa-kultur-sanat-festivali-yarin-basliyor\\\/#primaryimage\"},\"thumbnailUrl\":\"https:\\\/\\\/kuzeyinsesi.org\\\/wp-content\\\/uploads\\\/2024\\\/06\\\/gmb-festival-3-.jpg\",\"articleSection\":[\"Ya\u015fam\"],\"inLanguage\":\"tr\",\"potentialAction\":[{\"@type\":\"CommentAction\",\"name\":\"Comment\",\"target\":[\"https:\\\/\\\/kuzeyinsesi.org\\\/index.php\\\/2024\\\/06\\\/24\\\/24-uluslararasi-magusa-kultur-sanat-festivali-yarin-basliyor\\\/#respond\"]}]},{\"@type\":\"WebPage\",\"@id\":\"https:\\\/\\\/kuzeyinsesi.org\\\/index.php\\\/2024\\\/06\\\/24\\\/24-uluslararasi-magusa-kultur-sanat-festivali-yarin-basliyor\\\/\",\"url\":\"https:\\\/\\\/kuzeyinsesi.org\\\/index.php\\\/2024\\\/06\\\/24\\\/24-uluslararasi-magusa-kultur-sanat-festivali-yarin-basliyor\\\/\",\"name\":\"24. Uluslararas\u0131 Ma\u011fusa K\u00fclt\u00fcr Sanat Festivali yar\u0131n ba\u015fl\u0131yor - Kuzeyin Sesi\",\"isPartOf\":{\"@id\":\"https:\\\/\\\/kuzeyinsesi.org\\\/#website\"},\"primaryImageOfPage\":{\"@id\":\"https:\\\/\\\/kuzeyinsesi.org\\\/index.php\\\/2024\\\/06\\\/24\\\/24-uluslararasi-magusa-kultur-sanat-festivali-yarin-basliyor\\\/#primaryimage\"},\"image\":{\"@id\":\"https:\\\/\\\/kuzeyinsesi.org\\\/index.php\\\/2024\\\/06\\\/24\\\/24-uluslararasi-magusa-kultur-sanat-festivali-yarin-basliyor\\\/#primaryimage\"},\"thumbnailUrl\":\"https:\\\/\\\/kuzeyinsesi.org\\\/wp-content\\\/uploads\\\/2024\\\/06\\\/gmb-festival-3-.jpg\",\"datePublished\":\"2024-06-24T13:25:27+00:00\",\"author\":{\"@id\":\"https:\\\/\\\/kuzeyinsesi.org\\\/#\\\/schema\\\/person\\\/9f859689cdf01485597712386e37f5aa\"},\"breadcrumb\":{\"@id\":\"https:\\\/\\\/kuzeyinsesi.org\\\/index.php\\\/2024\\\/06\\\/24\\\/24-uluslararasi-magusa-kultur-sanat-festivali-yarin-basliyor\\\/#breadcrumb\"},\"inLanguage\":\"tr\",\"potentialAction\":[{\"@type\":\"ReadAction\",\"target\":[\"https:\\\/\\\/kuzeyinsesi.org\\\/index.php\\\/2024\\\/06\\\/24\\\/24-uluslararasi-magusa-kultur-sanat-festivali-yarin-basliyor\\\/\"]}]},{\"@type\":\"ImageObject\",\"inLanguage\":\"tr\",\"@id\":\"https:\\\/\\\/kuzeyinsesi.org\\\/index.php\\\/2024\\\/06\\\/24\\\/24-uluslararasi-magusa-kultur-sanat-festivali-yarin-basliyor\\\/#primaryimage\",\"url\":\"https:\\\/\\\/kuzeyinsesi.org\\\/wp-content\\\/uploads\\\/2024\\\/06\\\/gmb-festival-3-.jpg\",\"contentUrl\":\"https:\\\/\\\/kuzeyinsesi.org\\\/wp-content\\\/uploads\\\/2024\\\/06\\\/gmb-festival-3-.jpg\",\"width\":2362,\"height\":2362},{\"@type\":\"BreadcrumbList\",\"@id\":\"https:\\\/\\\/kuzeyinsesi.org\\\/index.php\\\/2024\\\/06\\\/24\\\/24-uluslararasi-magusa-kultur-sanat-festivali-yarin-basliyor\\\/#breadcrumb\",\"itemListElement\":[{\"@type\":\"ListItem\",\"position\":1,\"name\":\"Anasayfa\",\"item\":\"https:\\\/\\\/kuzeyinsesi.org\\\/\"},{\"@type\":\"ListItem\",\"position\":2,\"name\":\"24. Uluslararas\u0131 Ma\u011fusa K\u00fclt\u00fcr Sanat Festivali yar\u0131n ba\u015fl\u0131yor\"}]},{\"@type\":\"WebSite\",\"@id\":\"https:\\\/\\\/kuzeyinsesi.org\\\/#website\",\"url\":\"https:\\\/\\\/kuzeyinsesi.org\\\/\",\"name\":\"Kuzeyin Sesi\",\"description\":\"Do\u011fru Haberin Adresi\",\"potentialAction\":[{\"@type\":\"SearchAction\",\"target\":{\"@type\":\"EntryPoint\",\"urlTemplate\":\"https:\\\/\\\/kuzeyinsesi.org\\\/?s={search_term_string}\"},\"query-input\":{\"@type\":\"PropertyValueSpecification\",\"valueRequired\":true,\"valueName\":\"search_term_string\"}}],\"inLanguage\":\"tr\"},{\"@type\":\"Person\",\"@id\":\"https:\\\/\\\/kuzeyinsesi.org\\\/#\\\/schema\\\/person\\\/9f859689cdf01485597712386e37f5aa\",\"name\":\"Kuzeyin Sesi\",\"image\":{\"@type\":\"ImageObject\",\"inLanguage\":\"tr\",\"@id\":\"https:\\\/\\\/secure.gravatar.com\\\/avatar\\\/bab33852abfd8b282518d6ed81826833d77c3c882d9ab608add591ccace47a44?s=96&d=mm&r=g\",\"url\":\"https:\\\/\\\/secure.gravatar.com\\\/avatar\\\/bab33852abfd8b282518d6ed81826833d77c3c882d9ab608add591ccace47a44?s=96&d=mm&r=g\",\"contentUrl\":\"https:\\\/\\\/secure.gravatar.com\\\/avatar\\\/bab33852abfd8b282518d6ed81826833d77c3c882d9ab608add591ccace47a44?s=96&d=mm&r=g\",\"caption\":\"Kuzeyin Sesi\"},\"sameAs\":[\"https:\\\/\\\/kuzeyinsesi.org\"],\"url\":\"https:\\\/\\\/kuzeyinsesi.org\\\/index.php\\\/author\\\/guven\\\/\"}]}<\/script>\n<!-- \/ Yoast SEO plugin. -->","yoast_head_json":{"title":"24. Uluslararas\u0131 Ma\u011fusa K\u00fclt\u00fcr Sanat Festivali yar\u0131n ba\u015fl\u0131yor - Kuzeyin Sesi","robots":{"index":"index","follow":"follow","max-snippet":"max-snippet:-1","max-image-preview":"max-image-preview:large","max-video-preview":"max-video-preview:-1"},"canonical":"https:\/\/kuzeyinsesi.org\/index.php\/2024\/06\/24\/24-uluslararasi-magusa-kultur-sanat-festivali-yarin-basliyor\/","og_locale":"tr_TR","og_type":"article","og_title":"24. Uluslararas\u0131 Ma\u011fusa K\u00fclt\u00fcr Sanat Festivali yar\u0131n ba\u015fl\u0131yor - Kuzeyin Sesi","og_description":"Gazima\u011fusa Belediyesi taraf\u0131ndan d\u00fczenlenen 24. Uluslararas\u0131 Ma\u011fusa K\u00fclt\u00fcr Sanat Festivali yar\u0131n ba\u015fl\u0131yor. Gazima\u011fusa Belediyesi taraf\u0131ndan verilen bilgiye g\u00f6re, festival saat 19.30\u2019da \u201cSon Feci Bisiklet\u201d grubunun Nam\u0131k Kemal Meydan\u0131\u2019nda yer alacak konseriyle ba\u015flayacak. \u201cSon Feci Bisiklet\u201d grubundan \u00f6nce KKTC\u2019nin reggae m\u00fczik gruplar\u0131ndan Bunfyah ile Ma\u011fusa\u2019n\u0131n Rap \u0130kilisi F\u0131rat&amp;Mato sahne alacak. Bu y\u0131l 25 Haziran- 15 Temmuz [&hellip;]","og_url":"https:\/\/kuzeyinsesi.org\/index.php\/2024\/06\/24\/24-uluslararasi-magusa-kultur-sanat-festivali-yarin-basliyor\/","og_site_name":"Kuzeyin Sesi","article_publisher":"https:\/\/www.facebook.com\/kuzeyinsesii","article_published_time":"2024-06-24T13:25:27+00:00","og_image":[{"width":1024,"height":1024,"url":"https:\/\/kuzeyinsesi.org\/wp-content\/uploads\/2024\/06\/gmb-festival-3--1024x1024.jpg","type":"image\/jpeg"}],"author":"Kuzeyin Sesi","twitter_card":"summary_large_image","twitter_creator":"@kuzeyinsesii","twitter_site":"@kuzeyinsesii","twitter_misc":{"Yazan:":"Kuzeyin Sesi","Tahmini okuma s\u00fcresi":"1 dakika"},"schema":{"@context":"https:\/\/schema.org","@graph":[{"@type":"Article","@id":"https:\/\/kuzeyinsesi.org\/index.php\/2024\/06\/24\/24-uluslararasi-magusa-kultur-sanat-festivali-yarin-basliyor\/#article","isPartOf":{"@id":"https:\/\/kuzeyinsesi.org\/index.php\/2024\/06\/24\/24-uluslararasi-magusa-kultur-sanat-festivali-yarin-basliyor\/"},"author":{"name":"Kuzeyin Sesi","@id":"https:\/\/kuzeyinsesi.org\/#\/schema\/person\/9f859689cdf01485597712386e37f5aa"},"headline":"24. Uluslararas\u0131 Ma\u011fusa K\u00fclt\u00fcr Sanat Festivali yar\u0131n ba\u015fl\u0131yor","datePublished":"2024-06-24T13:25:27+00:00","mainEntityOfPage":{"@id":"https:\/\/kuzeyinsesi.org\/index.php\/2024\/06\/24\/24-uluslararasi-magusa-kultur-sanat-festivali-yarin-basliyor\/"},"wordCount":119,"commentCount":0,"image":{"@id":"https:\/\/kuzeyinsesi.org\/index.php\/2024\/06\/24\/24-uluslararasi-magusa-kultur-sanat-festivali-yarin-basliyor\/#primaryimage"},"thumbnailUrl":"https:\/\/kuzeyinsesi.org\/wp-content\/uploads\/2024\/06\/gmb-festival-3-.jpg","articleSection":["Ya\u015fam"],"inLanguage":"tr","potentialAction":[{"@type":"CommentAction","name":"Comment","target":["https:\/\/kuzeyinsesi.org\/index.php\/2024\/06\/24\/24-uluslararasi-magusa-kultur-sanat-festivali-yarin-basliyor\/#respond"]}]},{"@type":"WebPage","@id":"https:\/\/kuzeyinsesi.org\/index.php\/2024\/06\/24\/24-uluslararasi-magusa-kultur-sanat-festivali-yarin-basliyor\/","url":"https:\/\/kuzeyinsesi.org\/index.php\/2024\/06\/24\/24-uluslararasi-magusa-kultur-sanat-festivali-yarin-basliyor\/","name":"24. Uluslararas\u0131 Ma\u011fusa K\u00fclt\u00fcr Sanat Festivali yar\u0131n ba\u015fl\u0131yor - Kuzeyin Sesi","isPartOf":{"@id":"https:\/\/kuzeyinsesi.org\/#website"},"primaryImageOfPage":{"@id":"https:\/\/kuzeyinsesi.org\/index.php\/2024\/06\/24\/24-uluslararasi-magusa-kultur-sanat-festivali-yarin-basliyor\/#primaryimage"},"image":{"@id":"https:\/\/kuzeyinsesi.org\/index.php\/2024\/06\/24\/24-uluslararasi-magusa-kultur-sanat-festivali-yarin-basliyor\/#primaryimage"},"thumbnailUrl":"https:\/\/kuzeyinsesi.org\/wp-content\/uploads\/2024\/06\/gmb-festival-3-.jpg","datePublished":"2024-06-24T13:25:27+00:00","author":{"@id":"https:\/\/kuzeyinsesi.org\/#\/schema\/person\/9f859689cdf01485597712386e37f5aa"},"breadcrumb":{"@id":"https:\/\/kuzeyinsesi.org\/index.php\/2024\/06\/24\/24-uluslararasi-magusa-kultur-sanat-festivali-yarin-basliyor\/#breadcrumb"},"inLanguage":"tr","potentialAction":[{"@type":"ReadAction","target":["https:\/\/kuzeyinsesi.org\/index.php\/2024\/06\/24\/24-uluslararasi-magusa-kultur-sanat-festivali-yarin-basliyor\/"]}]},{"@type":"ImageObject","inLanguage":"tr","@id":"https:\/\/kuzeyinsesi.org\/index.php\/2024\/06\/24\/24-uluslararasi-magusa-kultur-sanat-festivali-yarin-basliyor\/#primaryimage","url":"https:\/\/kuzeyinsesi.org\/wp-content\/uploads\/2024\/06\/gmb-festival-3-.jpg","contentUrl":"https:\/\/kuzeyinsesi.org\/wp-content\/uploads\/2024\/06\/gmb-festival-3-.jpg","width":2362,"height":2362},{"@type":"BreadcrumbList","@id":"https:\/\/kuzeyinsesi.org\/index.php\/2024\/06\/24\/24-uluslararasi-magusa-kultur-sanat-festivali-yarin-basliyor\/#breadcrumb","itemListElement":[{"@type":"ListItem","position":1,"name":"Anasayfa","item":"https:\/\/kuzeyinsesi.org\/"},{"@type":"ListItem","position":2,"name":"24. Uluslararas\u0131 Ma\u011fusa K\u00fclt\u00fcr Sanat Festivali yar\u0131n ba\u015fl\u0131yor"}]},{"@type":"WebSite","@id":"https:\/\/kuzeyinsesi.org\/#website","url":"https:\/\/kuzeyinsesi.org\/","name":"Kuzeyin Sesi","description":"Do\u011fru Haberin Adresi","potentialAction":[{"@type":"SearchAction","target":{"@type":"EntryPoint","urlTemplate":"https:\/\/kuzeyinsesi.org\/?s={search_term_string}"},"query-input":{"@type":"PropertyValueSpecification","valueRequired":true,"valueName":"search_term_string"}}],"inLanguage":"tr"},{"@type":"Person","@id":"https:\/\/kuzeyinsesi.org\/#\/schema\/person\/9f859689cdf01485597712386e37f5aa","name":"Kuzeyin Sesi","image":{"@type":"ImageObject","inLanguage":"tr","@id":"https:\/\/secure.gravatar.com\/avatar\/bab33852abfd8b282518d6ed81826833d77c3c882d9ab608add591ccace47a44?s=96&d=mm&r=g","url":"https:\/\/secure.gravatar.com\/avatar\/bab33852abfd8b282518d6ed81826833d77c3c882d9ab608add591ccace47a44?s=96&d=mm&r=g","contentUrl":"https:\/\/secure.gravatar.com\/avatar\/bab33852abfd8b282518d6ed81826833d77c3c882d9ab608add591ccace47a44?s=96&d=mm&r=g","caption":"Kuzeyin Sesi"},"sameAs":["https:\/\/kuzeyinsesi.org"],"url":"https:\/\/kuzeyinsesi.org\/index.php\/author\/guven\/"}]}},"_links":{"self":[{"href":"https:\/\/kuzeyinsesi.org\/index.php\/wp-json\/wp\/v2\/posts\/5220","targetHints":{"allow":["GET"]}}],"collection":[{"href":"https:\/\/kuzeyinsesi.org\/index.php\/wp-json\/wp\/v2\/posts"}],"about":[{"href":"https:\/\/kuzeyinsesi.org\/index.php\/wp-json\/wp\/v2\/types\/post"}],"author":[{"embeddable":true,"href":"https:\/\/kuzeyinsesi.org\/index.php\/wp-json\/wp\/v2\/users\/1"}],"replies":[{"embeddable":true,"href":"https:\/\/kuzeyinsesi.org\/index.php\/wp-json\/wp\/v2\/comments?post=5220"}],"version-history":[{"count":0,"href":"https:\/\/kuzeyinsesi.org\/index.php\/wp-json\/wp\/v2\/posts\/5220\/revisions"}],"wp:featuredmedia":[{"embeddable":true,"href":"https:\/\/kuzeyinsesi.org\/index.php\/wp-json\/wp\/v2\/media\/5221"}],"wp:attachment":[{"href":"https:\/\/kuzeyinsesi.org\/index.php\/wp-json\/wp\/v2\/media?parent=5220"}],"wp:term":[{"taxonomy":"category","embeddable":true,"href":"https:\/\/kuzeyinsesi.org\/index.php\/wp-json\/wp\/v2\/categories?post=5220"},{"taxonomy":"post_tag","embeddable":true,"href":"https:\/\/kuzeyinsesi.org\/index.php\/wp-json\/wp\/v2\/tags?post=5220"}],"curies":[{"name":"wp","href":"https:\/\/api.w.org\/{rel}","templated":true}]}}