{"id":5216,"date":"2024-06-24T15:24:23","date_gmt":"2024-06-24T12:24:23","guid":{"rendered":"https:\/\/kuzeyinsesi.com\/index.php\/2024\/06\/24\/lbo-lefkeliler-haninda-latin-ezgileri-konseri-verecek\/"},"modified":"2024-06-24T15:24:23","modified_gmt":"2024-06-24T12:24:23","slug":"lbo-lefkeliler-haninda-latin-ezgileri-konseri-verecek","status":"publish","type":"post","link":"https:\/\/kuzeyinsesi.org\/index.php\/2024\/06\/24\/lbo-lefkeliler-haninda-latin-ezgileri-konseri-verecek\/","title":{"rendered":"LBO, Lefkeliler Han\u0131\u2019nda \u201cLatin Ezgileri\u201d konseri verecek"},"content":{"rendered":"<div>\n<div class=\"mariselle-image-container center\">\n                                            <\/div>\n<p>Lefko\u015fa Belediye Orkestras\u0131 (LBO), yar\u0131n ak\u015fam verece\u011fi \u201cLatin Ezgileri\u201d konseriyle sezonu kapat\u0131yor. <\/p>\n<p>Lefko\u015fa Belediye Orkestras\u0131\u2019ndan yap\u0131lan a\u00e7\u0131klamaya g\u00f6re, giri\u015fin \u00fccretsiz olaca\u011f\u0131 konser, Lefkeliler Han\u0131\u2019nda (B\u00fcy\u00fck Han arkas\u0131) saat 20.30\u2019da ba\u015flayacak.<\/p>\n<p>Ark\u0131n Sayar\u2019\u0131n solist olarak yer alaca\u011f\u0131 konserde Blue Bossa, Bessame Mucho, Dos Gardenias, Manha de Carnaval ve Sensiz Y\u0131llarda gibi bir\u00e7ok par\u00e7a m\u00fczikseverlerin dinletisine sunulacak.<\/p>\n<\/p><\/div>\n<p><script async\n                    defer\n                    crossorigin=\"anonymous\"\n                    src=\"https:\/\/connect.facebook.net\/tr_TR\/sdk.js#xfbml=1&#038;version=v3.3\"\n            ><\/script><\/p>\n","protected":false},"excerpt":{"rendered":"<p>Lefko\u015fa Belediye Orkestras\u0131 (LBO), yar\u0131n ak\u015fam verece\u011fi \u201cLatin Ezgileri\u201d konseriyle sezonu kapat\u0131yor. Lefko\u015fa Belediye Orkestras\u0131\u2019ndan yap\u0131lan a\u00e7\u0131klamaya g\u00f6re, giri\u015fin \u00fccretsiz olaca\u011f\u0131 konser, Lefkeliler Han\u0131\u2019nda (B\u00fcy\u00fck Han arkas\u0131) saat 20.30\u2019da ba\u015flayacak. Ark\u0131n Sayar\u2019\u0131n solist olarak yer alaca\u011f\u0131 konserde Blue Bossa, Bessame Mucho, Dos Gardenias, Manha de Carnaval ve Sensiz Y\u0131llarda gibi bir\u00e7ok par\u00e7a m\u00fczikseverlerin dinletisine sunulacak.<\/p>\n","protected":false},"author":1,"featured_media":5217,"comment_status":"open","ping_status":"open","sticky":false,"template":"","format":"standard","meta":{"jnews-multi-image_gallery":[],"jnews_single_post":[],"jnews_primary_category":[],"jnews_social_meta":[],"jnews_override_counter":[],"footnotes":""},"categories":[6],"tags":[],"class_list":["post-5216","post","type-post","status-publish","format-standard","has-post-thumbnail","hentry","category-yasam"],"yoast_head":"<!-- This site is optimized with the Yoast SEO plugin v27.5 - https:\/\/yoast.com\/product\/yoast-seo-wordpress\/ -->\n<title>LBO, Lefkeliler Han\u0131\u2019nda \u201cLatin Ezgileri\u201d konseri verecek - Kuzeyin Sesi<\/title>\n<meta name=\"robots\" content=\"index, follow, max-snippet:-1, max-image-preview:large, max-video-preview:-1\" \/>\n<link rel=\"canonical\" href=\"https:\/\/kuzeyinsesi.org\/index.php\/2024\/06\/24\/lbo-lefkeliler-haninda-latin-ezgileri-konseri-verecek\/\" \/>\n<meta property=\"og:locale\" content=\"tr_TR\" \/>\n<meta property=\"og:type\" content=\"article\" \/>\n<meta property=\"og:title\" content=\"LBO, Lefkeliler Han\u0131\u2019nda \u201cLatin Ezgileri\u201d konseri verecek - Kuzeyin Sesi\" \/>\n<meta property=\"og:description\" content=\"Lefko\u015fa Belediye Orkestras\u0131 (LBO), yar\u0131n ak\u015fam verece\u011fi \u201cLatin Ezgileri\u201d konseriyle sezonu kapat\u0131yor. Lefko\u015fa Belediye Orkestras\u0131\u2019ndan yap\u0131lan a\u00e7\u0131klamaya g\u00f6re, giri\u015fin \u00fccretsiz olaca\u011f\u0131 konser, Lefkeliler Han\u0131\u2019nda (B\u00fcy\u00fck Han arkas\u0131) saat 20.30\u2019da ba\u015flayacak. Ark\u0131n Sayar\u2019\u0131n solist olarak yer alaca\u011f\u0131 konserde Blue Bossa, Bessame Mucho, Dos Gardenias, Manha de Carnaval ve Sensiz Y\u0131llarda gibi bir\u00e7ok par\u00e7a m\u00fczikseverlerin dinletisine sunulacak.\" \/>\n<meta property=\"og:url\" content=\"https:\/\/kuzeyinsesi.org\/index.php\/2024\/06\/24\/lbo-lefkeliler-haninda-latin-ezgileri-konseri-verecek\/\" \/>\n<meta property=\"og:site_name\" content=\"Kuzeyin Sesi\" \/>\n<meta property=\"article:publisher\" content=\"https:\/\/www.facebook.com\/kuzeyinsesii\" \/>\n<meta property=\"article:published_time\" content=\"2024-06-24T12:24:23+00:00\" \/>\n<meta property=\"og:image\" content=\"https:\/\/kuzeyinsesi.org\/wp-content\/uploads\/2024\/06\/ltb-2024-latin-konser-poster-a3-z-post-819x1024.png\" \/>\n\t<meta property=\"og:image:width\" content=\"819\" \/>\n\t<meta property=\"og:image:height\" content=\"1024\" \/>\n\t<meta property=\"og:image:type\" content=\"image\/png\" \/>\n<meta name=\"author\" content=\"Kuzeyin Sesi\" \/>\n<meta name=\"twitter:card\" content=\"summary_large_image\" \/>\n<meta name=\"twitter:creator\" content=\"@kuzeyinsesii\" \/>\n<meta name=\"twitter:site\" content=\"@kuzeyinsesii\" \/>\n<meta name=\"twitter:label1\" content=\"Yazan:\" \/>\n\t<meta name=\"twitter:data1\" content=\"Kuzeyin Sesi\" \/>\n<script type=\"application\/ld+json\" class=\"yoast-schema-graph\">{\"@context\":\"https:\\\/\\\/schema.org\",\"@graph\":[{\"@type\":\"Article\",\"@id\":\"https:\\\/\\\/kuzeyinsesi.org\\\/index.php\\\/2024\\\/06\\\/24\\\/lbo-lefkeliler-haninda-latin-ezgileri-konseri-verecek\\\/#article\",\"isPartOf\":{\"@id\":\"https:\\\/\\\/kuzeyinsesi.org\\\/index.php\\\/2024\\\/06\\\/24\\\/lbo-lefkeliler-haninda-latin-ezgileri-konseri-verecek\\\/\"},\"author\":{\"name\":\"Kuzeyin Sesi\",\"@id\":\"https:\\\/\\\/kuzeyinsesi.org\\\/#\\\/schema\\\/person\\\/9f859689cdf01485597712386e37f5aa\"},\"headline\":\"LBO, Lefkeliler Han\u0131\u2019nda \u201cLatin Ezgileri\u201d konseri verecek\",\"datePublished\":\"2024-06-24T12:24:23+00:00\",\"mainEntityOfPage\":{\"@id\":\"https:\\\/\\\/kuzeyinsesi.org\\\/index.php\\\/2024\\\/06\\\/24\\\/lbo-lefkeliler-haninda-latin-ezgileri-konseri-verecek\\\/\"},\"wordCount\":84,\"commentCount\":0,\"image\":{\"@id\":\"https:\\\/\\\/kuzeyinsesi.org\\\/index.php\\\/2024\\\/06\\\/24\\\/lbo-lefkeliler-haninda-latin-ezgileri-konseri-verecek\\\/#primaryimage\"},\"thumbnailUrl\":\"https:\\\/\\\/kuzeyinsesi.org\\\/wp-content\\\/uploads\\\/2024\\\/06\\\/ltb-2024-latin-konser-poster-a3-z-post.png\",\"articleSection\":[\"Ya\u015fam\"],\"inLanguage\":\"tr\",\"potentialAction\":[{\"@type\":\"CommentAction\",\"name\":\"Comment\",\"target\":[\"https:\\\/\\\/kuzeyinsesi.org\\\/index.php\\\/2024\\\/06\\\/24\\\/lbo-lefkeliler-haninda-latin-ezgileri-konseri-verecek\\\/#respond\"]}]},{\"@type\":\"WebPage\",\"@id\":\"https:\\\/\\\/kuzeyinsesi.org\\\/index.php\\\/2024\\\/06\\\/24\\\/lbo-lefkeliler-haninda-latin-ezgileri-konseri-verecek\\\/\",\"url\":\"https:\\\/\\\/kuzeyinsesi.org\\\/index.php\\\/2024\\\/06\\\/24\\\/lbo-lefkeliler-haninda-latin-ezgileri-konseri-verecek\\\/\",\"name\":\"LBO, Lefkeliler Han\u0131\u2019nda \u201cLatin Ezgileri\u201d konseri verecek - Kuzeyin Sesi\",\"isPartOf\":{\"@id\":\"https:\\\/\\\/kuzeyinsesi.org\\\/#website\"},\"primaryImageOfPage\":{\"@id\":\"https:\\\/\\\/kuzeyinsesi.org\\\/index.php\\\/2024\\\/06\\\/24\\\/lbo-lefkeliler-haninda-latin-ezgileri-konseri-verecek\\\/#primaryimage\"},\"image\":{\"@id\":\"https:\\\/\\\/kuzeyinsesi.org\\\/index.php\\\/2024\\\/06\\\/24\\\/lbo-lefkeliler-haninda-latin-ezgileri-konseri-verecek\\\/#primaryimage\"},\"thumbnailUrl\":\"https:\\\/\\\/kuzeyinsesi.org\\\/wp-content\\\/uploads\\\/2024\\\/06\\\/ltb-2024-latin-konser-poster-a3-z-post.png\",\"datePublished\":\"2024-06-24T12:24:23+00:00\",\"author\":{\"@id\":\"https:\\\/\\\/kuzeyinsesi.org\\\/#\\\/schema\\\/person\\\/9f859689cdf01485597712386e37f5aa\"},\"breadcrumb\":{\"@id\":\"https:\\\/\\\/kuzeyinsesi.org\\\/index.php\\\/2024\\\/06\\\/24\\\/lbo-lefkeliler-haninda-latin-ezgileri-konseri-verecek\\\/#breadcrumb\"},\"inLanguage\":\"tr\",\"potentialAction\":[{\"@type\":\"ReadAction\",\"target\":[\"https:\\\/\\\/kuzeyinsesi.org\\\/index.php\\\/2024\\\/06\\\/24\\\/lbo-lefkeliler-haninda-latin-ezgileri-konseri-verecek\\\/\"]}]},{\"@type\":\"ImageObject\",\"inLanguage\":\"tr\",\"@id\":\"https:\\\/\\\/kuzeyinsesi.org\\\/index.php\\\/2024\\\/06\\\/24\\\/lbo-lefkeliler-haninda-latin-ezgileri-konseri-verecek\\\/#primaryimage\",\"url\":\"https:\\\/\\\/kuzeyinsesi.org\\\/wp-content\\\/uploads\\\/2024\\\/06\\\/ltb-2024-latin-konser-poster-a3-z-post.png\",\"contentUrl\":\"https:\\\/\\\/kuzeyinsesi.org\\\/wp-content\\\/uploads\\\/2024\\\/06\\\/ltb-2024-latin-konser-poster-a3-z-post.png\",\"width\":1200,\"height\":1500},{\"@type\":\"BreadcrumbList\",\"@id\":\"https:\\\/\\\/kuzeyinsesi.org\\\/index.php\\\/2024\\\/06\\\/24\\\/lbo-lefkeliler-haninda-latin-ezgileri-konseri-verecek\\\/#breadcrumb\",\"itemListElement\":[{\"@type\":\"ListItem\",\"position\":1,\"name\":\"Anasayfa\",\"item\":\"https:\\\/\\\/kuzeyinsesi.org\\\/\"},{\"@type\":\"ListItem\",\"position\":2,\"name\":\"LBO, Lefkeliler Han\u0131\u2019nda \u201cLatin Ezgileri\u201d konseri verecek\"}]},{\"@type\":\"WebSite\",\"@id\":\"https:\\\/\\\/kuzeyinsesi.org\\\/#website\",\"url\":\"https:\\\/\\\/kuzeyinsesi.org\\\/\",\"name\":\"Kuzeyin Sesi\",\"description\":\"Do\u011fru Haberin Adresi\",\"potentialAction\":[{\"@type\":\"SearchAction\",\"target\":{\"@type\":\"EntryPoint\",\"urlTemplate\":\"https:\\\/\\\/kuzeyinsesi.org\\\/?s={search_term_string}\"},\"query-input\":{\"@type\":\"PropertyValueSpecification\",\"valueRequired\":true,\"valueName\":\"search_term_string\"}}],\"inLanguage\":\"tr\"},{\"@type\":\"Person\",\"@id\":\"https:\\\/\\\/kuzeyinsesi.org\\\/#\\\/schema\\\/person\\\/9f859689cdf01485597712386e37f5aa\",\"name\":\"Kuzeyin Sesi\",\"image\":{\"@type\":\"ImageObject\",\"inLanguage\":\"tr\",\"@id\":\"https:\\\/\\\/secure.gravatar.com\\\/avatar\\\/bab33852abfd8b282518d6ed81826833d77c3c882d9ab608add591ccace47a44?s=96&d=mm&r=g\",\"url\":\"https:\\\/\\\/secure.gravatar.com\\\/avatar\\\/bab33852abfd8b282518d6ed81826833d77c3c882d9ab608add591ccace47a44?s=96&d=mm&r=g\",\"contentUrl\":\"https:\\\/\\\/secure.gravatar.com\\\/avatar\\\/bab33852abfd8b282518d6ed81826833d77c3c882d9ab608add591ccace47a44?s=96&d=mm&r=g\",\"caption\":\"Kuzeyin Sesi\"},\"sameAs\":[\"https:\\\/\\\/kuzeyinsesi.org\"],\"url\":\"https:\\\/\\\/kuzeyinsesi.org\\\/index.php\\\/author\\\/guven\\\/\"}]}<\/script>\n<!-- \/ Yoast SEO plugin. -->","yoast_head_json":{"title":"LBO, Lefkeliler Han\u0131\u2019nda \u201cLatin Ezgileri\u201d konseri verecek - Kuzeyin Sesi","robots":{"index":"index","follow":"follow","max-snippet":"max-snippet:-1","max-image-preview":"max-image-preview:large","max-video-preview":"max-video-preview:-1"},"canonical":"https:\/\/kuzeyinsesi.org\/index.php\/2024\/06\/24\/lbo-lefkeliler-haninda-latin-ezgileri-konseri-verecek\/","og_locale":"tr_TR","og_type":"article","og_title":"LBO, Lefkeliler Han\u0131\u2019nda \u201cLatin Ezgileri\u201d konseri verecek - Kuzeyin Sesi","og_description":"Lefko\u015fa Belediye Orkestras\u0131 (LBO), yar\u0131n ak\u015fam verece\u011fi \u201cLatin Ezgileri\u201d konseriyle sezonu kapat\u0131yor. Lefko\u015fa Belediye Orkestras\u0131\u2019ndan yap\u0131lan a\u00e7\u0131klamaya g\u00f6re, giri\u015fin \u00fccretsiz olaca\u011f\u0131 konser, Lefkeliler Han\u0131\u2019nda (B\u00fcy\u00fck Han arkas\u0131) saat 20.30\u2019da ba\u015flayacak. Ark\u0131n Sayar\u2019\u0131n solist olarak yer alaca\u011f\u0131 konserde Blue Bossa, Bessame Mucho, Dos Gardenias, Manha de Carnaval ve Sensiz Y\u0131llarda gibi bir\u00e7ok par\u00e7a m\u00fczikseverlerin dinletisine sunulacak.","og_url":"https:\/\/kuzeyinsesi.org\/index.php\/2024\/06\/24\/lbo-lefkeliler-haninda-latin-ezgileri-konseri-verecek\/","og_site_name":"Kuzeyin Sesi","article_publisher":"https:\/\/www.facebook.com\/kuzeyinsesii","article_published_time":"2024-06-24T12:24:23+00:00","og_image":[{"width":819,"height":1024,"url":"https:\/\/kuzeyinsesi.org\/wp-content\/uploads\/2024\/06\/ltb-2024-latin-konser-poster-a3-z-post-819x1024.png","type":"image\/png"}],"author":"Kuzeyin Sesi","twitter_card":"summary_large_image","twitter_creator":"@kuzeyinsesii","twitter_site":"@kuzeyinsesii","twitter_misc":{"Yazan:":"Kuzeyin Sesi"},"schema":{"@context":"https:\/\/schema.org","@graph":[{"@type":"Article","@id":"https:\/\/kuzeyinsesi.org\/index.php\/2024\/06\/24\/lbo-lefkeliler-haninda-latin-ezgileri-konseri-verecek\/#article","isPartOf":{"@id":"https:\/\/kuzeyinsesi.org\/index.php\/2024\/06\/24\/lbo-lefkeliler-haninda-latin-ezgileri-konseri-verecek\/"},"author":{"name":"Kuzeyin Sesi","@id":"https:\/\/kuzeyinsesi.org\/#\/schema\/person\/9f859689cdf01485597712386e37f5aa"},"headline":"LBO, Lefkeliler Han\u0131\u2019nda \u201cLatin Ezgileri\u201d konseri verecek","datePublished":"2024-06-24T12:24:23+00:00","mainEntityOfPage":{"@id":"https:\/\/kuzeyinsesi.org\/index.php\/2024\/06\/24\/lbo-lefkeliler-haninda-latin-ezgileri-konseri-verecek\/"},"wordCount":84,"commentCount":0,"image":{"@id":"https:\/\/kuzeyinsesi.org\/index.php\/2024\/06\/24\/lbo-lefkeliler-haninda-latin-ezgileri-konseri-verecek\/#primaryimage"},"thumbnailUrl":"https:\/\/kuzeyinsesi.org\/wp-content\/uploads\/2024\/06\/ltb-2024-latin-konser-poster-a3-z-post.png","articleSection":["Ya\u015fam"],"inLanguage":"tr","potentialAction":[{"@type":"CommentAction","name":"Comment","target":["https:\/\/kuzeyinsesi.org\/index.php\/2024\/06\/24\/lbo-lefkeliler-haninda-latin-ezgileri-konseri-verecek\/#respond"]}]},{"@type":"WebPage","@id":"https:\/\/kuzeyinsesi.org\/index.php\/2024\/06\/24\/lbo-lefkeliler-haninda-latin-ezgileri-konseri-verecek\/","url":"https:\/\/kuzeyinsesi.org\/index.php\/2024\/06\/24\/lbo-lefkeliler-haninda-latin-ezgileri-konseri-verecek\/","name":"LBO, Lefkeliler Han\u0131\u2019nda \u201cLatin Ezgileri\u201d konseri verecek - Kuzeyin Sesi","isPartOf":{"@id":"https:\/\/kuzeyinsesi.org\/#website"},"primaryImageOfPage":{"@id":"https:\/\/kuzeyinsesi.org\/index.php\/2024\/06\/24\/lbo-lefkeliler-haninda-latin-ezgileri-konseri-verecek\/#primaryimage"},"image":{"@id":"https:\/\/kuzeyinsesi.org\/index.php\/2024\/06\/24\/lbo-lefkeliler-haninda-latin-ezgileri-konseri-verecek\/#primaryimage"},"thumbnailUrl":"https:\/\/kuzeyinsesi.org\/wp-content\/uploads\/2024\/06\/ltb-2024-latin-konser-poster-a3-z-post.png","datePublished":"2024-06-24T12:24:23+00:00","author":{"@id":"https:\/\/kuzeyinsesi.org\/#\/schema\/person\/9f859689cdf01485597712386e37f5aa"},"breadcrumb":{"@id":"https:\/\/kuzeyinsesi.org\/index.php\/2024\/06\/24\/lbo-lefkeliler-haninda-latin-ezgileri-konseri-verecek\/#breadcrumb"},"inLanguage":"tr","potentialAction":[{"@type":"ReadAction","target":["https:\/\/kuzeyinsesi.org\/index.php\/2024\/06\/24\/lbo-lefkeliler-haninda-latin-ezgileri-konseri-verecek\/"]}]},{"@type":"ImageObject","inLanguage":"tr","@id":"https:\/\/kuzeyinsesi.org\/index.php\/2024\/06\/24\/lbo-lefkeliler-haninda-latin-ezgileri-konseri-verecek\/#primaryimage","url":"https:\/\/kuzeyinsesi.org\/wp-content\/uploads\/2024\/06\/ltb-2024-latin-konser-poster-a3-z-post.png","contentUrl":"https:\/\/kuzeyinsesi.org\/wp-content\/uploads\/2024\/06\/ltb-2024-latin-konser-poster-a3-z-post.png","width":1200,"height":1500},{"@type":"BreadcrumbList","@id":"https:\/\/kuzeyinsesi.org\/index.php\/2024\/06\/24\/lbo-lefkeliler-haninda-latin-ezgileri-konseri-verecek\/#breadcrumb","itemListElement":[{"@type":"ListItem","position":1,"name":"Anasayfa","item":"https:\/\/kuzeyinsesi.org\/"},{"@type":"ListItem","position":2,"name":"LBO, Lefkeliler Han\u0131\u2019nda \u201cLatin Ezgileri\u201d konseri verecek"}]},{"@type":"WebSite","@id":"https:\/\/kuzeyinsesi.org\/#website","url":"https:\/\/kuzeyinsesi.org\/","name":"Kuzeyin Sesi","description":"Do\u011fru Haberin Adresi","potentialAction":[{"@type":"SearchAction","target":{"@type":"EntryPoint","urlTemplate":"https:\/\/kuzeyinsesi.org\/?s={search_term_string}"},"query-input":{"@type":"PropertyValueSpecification","valueRequired":true,"valueName":"search_term_string"}}],"inLanguage":"tr"},{"@type":"Person","@id":"https:\/\/kuzeyinsesi.org\/#\/schema\/person\/9f859689cdf01485597712386e37f5aa","name":"Kuzeyin Sesi","image":{"@type":"ImageObject","inLanguage":"tr","@id":"https:\/\/secure.gravatar.com\/avatar\/bab33852abfd8b282518d6ed81826833d77c3c882d9ab608add591ccace47a44?s=96&d=mm&r=g","url":"https:\/\/secure.gravatar.com\/avatar\/bab33852abfd8b282518d6ed81826833d77c3c882d9ab608add591ccace47a44?s=96&d=mm&r=g","contentUrl":"https:\/\/secure.gravatar.com\/avatar\/bab33852abfd8b282518d6ed81826833d77c3c882d9ab608add591ccace47a44?s=96&d=mm&r=g","caption":"Kuzeyin Sesi"},"sameAs":["https:\/\/kuzeyinsesi.org"],"url":"https:\/\/kuzeyinsesi.org\/index.php\/author\/guven\/"}]}},"_links":{"self":[{"href":"https:\/\/kuzeyinsesi.org\/index.php\/wp-json\/wp\/v2\/posts\/5216","targetHints":{"allow":["GET"]}}],"collection":[{"href":"https:\/\/kuzeyinsesi.org\/index.php\/wp-json\/wp\/v2\/posts"}],"about":[{"href":"https:\/\/kuzeyinsesi.org\/index.php\/wp-json\/wp\/v2\/types\/post"}],"author":[{"embeddable":true,"href":"https:\/\/kuzeyinsesi.org\/index.php\/wp-json\/wp\/v2\/users\/1"}],"replies":[{"embeddable":true,"href":"https:\/\/kuzeyinsesi.org\/index.php\/wp-json\/wp\/v2\/comments?post=5216"}],"version-history":[{"count":0,"href":"https:\/\/kuzeyinsesi.org\/index.php\/wp-json\/wp\/v2\/posts\/5216\/revisions"}],"wp:featuredmedia":[{"embeddable":true,"href":"https:\/\/kuzeyinsesi.org\/index.php\/wp-json\/wp\/v2\/media\/5217"}],"wp:attachment":[{"href":"https:\/\/kuzeyinsesi.org\/index.php\/wp-json\/wp\/v2\/media?parent=5216"}],"wp:term":[{"taxonomy":"category","embeddable":true,"href":"https:\/\/kuzeyinsesi.org\/index.php\/wp-json\/wp\/v2\/categories?post=5216"},{"taxonomy":"post_tag","embeddable":true,"href":"https:\/\/kuzeyinsesi.org\/index.php\/wp-json\/wp\/v2\/tags?post=5216"}],"curies":[{"name":"wp","href":"https:\/\/api.w.org\/{rel}","templated":true}]}}