{"id":5210,"date":"2024-06-24T14:23:44","date_gmt":"2024-06-24T11:23:44","guid":{"rendered":"https:\/\/kuzeyinsesi.com\/index.php\/2024\/06\/24\/kibris-turk-fransiz-kultur-dernegi-muzik-bayramini-kutladi\/"},"modified":"2024-06-24T14:23:44","modified_gmt":"2024-06-24T11:23:44","slug":"kibris-turk-fransiz-kultur-dernegi-muzik-bayramini-kutladi","status":"publish","type":"post","link":"https:\/\/kuzeyinsesi.org\/index.php\/2024\/06\/24\/kibris-turk-fransiz-kultur-dernegi-muzik-bayramini-kutladi\/","title":{"rendered":"K\u0131br\u0131s T\u00fcrk Frans\u0131z K\u00fclt\u00fcr Derne\u011fi, M\u00fczik Bayram\u0131\u2019n\u0131 kutlad\u0131"},"content":{"rendered":"<div>\n<div class=\"mariselle-image-container center\">\n                                            <\/div>\n<p>K\u0131br\u0131s T\u00fcrk Frans\u0131z K\u00fclt\u00fcr Derne\u011fi\u2019nin 20\u2019ncisini d\u00fczenledi\u011fi, Fransa\u2019da ve t\u00fcm d\u00fcnyada kutlanan \u201cF\u00eate de la Musique\u201d M\u00fczik Bayram\u0131 etkinli\u011fi, profesyonel ve amat\u00f6r sanat\u00e7\u0131lar\u0131n kat\u0131l\u0131m\u0131yla Lefko\u015fa R\u00fcstem Kitabevi\u2019nde yap\u0131ld\u0131. <\/p>\n<p>Dernekten yap\u0131lan a\u00e7\u0131klamaya g\u00f6re, K\u0131br\u0131s T\u00fcrk Frans\u0131z K\u00fclt\u00fcr Derne\u011fi Ba\u015fkan\u0131 \u015eeray Ekici, etkinlikte yapt\u0131\u011f\u0131 konu\u015fmada, her y\u0131l Fransa\u2019da 21 Haziran\u2019da kutlanan M\u00fczik Bayram\u0131\u2019n\u0131n \u201c\u00e7ok dillili\u011fe ve k\u00fclt\u00fcrl\u00fcl\u00fc\u011fe\u201d katk\u0131 sa\u011flad\u0131\u011f\u0131n\u0131 s\u00f6yleyerek, bu m\u00fczik bayram\u0131n\u0131n evrensel birle\u015ftirici g\u00fcc\u00fc ile k\u00fclt\u00fcrler aras\u0131 anlay\u0131\u015f\u0131 artt\u0131rmaya y\u00f6nelik \u00f6nemli bir etkinlik oldu\u011funu ifade etti.<\/p>\n<p>K\u0131br\u0131s Frans\u0131z K\u00fclt\u00fcr Merkezi M\u00fcd\u00fcr\u00fc Eric Tosatti\u2019nin de konu\u015fma yapt\u0131\u011f\u0131 gecede, Lefko\u015fa Belediye Orkestras\u0131 Latin Trio, SOS \u00c7ocuk K\u00f6y\u00fc Derne\u011fi SOS Dans\u00e7\u0131lar\u0131, KTFKD Les Papillons Grubu, International French School \u00d6\u011frencileri, Sahra Sevgi Sofu, Dance Base Kids Dance, T\u00fcrk Maarif Koleji Frans\u0131zca Kul\u00fcb\u00fc \u00f6\u011frencileri, HASDER Halk Oyunlar\u0131 ve Bar\u0131\u015f \u0130\u00e7in \u0130ki Toplumlu Koro sahne ald\u0131.<\/p>\n<\/p><\/div>\n<p><script async\n                    defer\n                    crossorigin=\"anonymous\"\n                    src=\"https:\/\/connect.facebook.net\/tr_TR\/sdk.js#xfbml=1&#038;version=v3.3\"\n            ><\/script><\/p>\n","protected":false},"excerpt":{"rendered":"<p>K\u0131br\u0131s T\u00fcrk Frans\u0131z K\u00fclt\u00fcr Derne\u011fi\u2019nin 20\u2019ncisini d\u00fczenledi\u011fi, Fransa\u2019da ve t\u00fcm d\u00fcnyada kutlanan \u201cF\u00eate de la Musique\u201d M\u00fczik Bayram\u0131 etkinli\u011fi, profesyonel ve amat\u00f6r sanat\u00e7\u0131lar\u0131n kat\u0131l\u0131m\u0131yla Lefko\u015fa R\u00fcstem Kitabevi\u2019nde yap\u0131ld\u0131. Dernekten yap\u0131lan a\u00e7\u0131klamaya g\u00f6re, K\u0131br\u0131s T\u00fcrk Frans\u0131z K\u00fclt\u00fcr Derne\u011fi Ba\u015fkan\u0131 \u015eeray Ekici, etkinlikte yapt\u0131\u011f\u0131 konu\u015fmada, her y\u0131l Fransa\u2019da 21 Haziran\u2019da kutlanan M\u00fczik Bayram\u0131\u2019n\u0131n \u201c\u00e7ok dillili\u011fe ve k\u00fclt\u00fcrl\u00fcl\u00fc\u011fe\u201d [&hellip;]<\/p>\n","protected":false},"author":1,"featured_media":5211,"comment_status":"open","ping_status":"open","sticky":false,"template":"","format":"standard","meta":{"jnews-multi-image_gallery":[],"jnews_single_post":[],"jnews_primary_category":[],"jnews_social_meta":[],"jnews_override_counter":[],"footnotes":""},"categories":[6],"tags":[],"class_list":["post-5210","post","type-post","status-publish","format-standard","has-post-thumbnail","hentry","category-yasam"],"yoast_head":"<!-- This site is optimized with the Yoast SEO plugin v27.5 - https:\/\/yoast.com\/product\/yoast-seo-wordpress\/ -->\n<title>K\u0131br\u0131s T\u00fcrk Frans\u0131z K\u00fclt\u00fcr Derne\u011fi, M\u00fczik Bayram\u0131\u2019n\u0131 kutlad\u0131 - Kuzeyin Sesi<\/title>\n<meta name=\"robots\" content=\"index, follow, max-snippet:-1, max-image-preview:large, max-video-preview:-1\" \/>\n<link rel=\"canonical\" href=\"https:\/\/kuzeyinsesi.org\/index.php\/2024\/06\/24\/kibris-turk-fransiz-kultur-dernegi-muzik-bayramini-kutladi\/\" \/>\n<meta property=\"og:locale\" content=\"tr_TR\" \/>\n<meta property=\"og:type\" content=\"article\" \/>\n<meta property=\"og:title\" content=\"K\u0131br\u0131s T\u00fcrk Frans\u0131z K\u00fclt\u00fcr Derne\u011fi, M\u00fczik Bayram\u0131\u2019n\u0131 kutlad\u0131 - Kuzeyin Sesi\" \/>\n<meta property=\"og:description\" content=\"K\u0131br\u0131s T\u00fcrk Frans\u0131z K\u00fclt\u00fcr Derne\u011fi\u2019nin 20\u2019ncisini d\u00fczenledi\u011fi, Fransa\u2019da ve t\u00fcm d\u00fcnyada kutlanan \u201cF\u00eate de la Musique\u201d M\u00fczik Bayram\u0131 etkinli\u011fi, profesyonel ve amat\u00f6r sanat\u00e7\u0131lar\u0131n kat\u0131l\u0131m\u0131yla Lefko\u015fa R\u00fcstem Kitabevi\u2019nde yap\u0131ld\u0131. Dernekten yap\u0131lan a\u00e7\u0131klamaya g\u00f6re, K\u0131br\u0131s T\u00fcrk Frans\u0131z K\u00fclt\u00fcr Derne\u011fi Ba\u015fkan\u0131 \u015eeray Ekici, etkinlikte yapt\u0131\u011f\u0131 konu\u015fmada, her y\u0131l Fransa\u2019da 21 Haziran\u2019da kutlanan M\u00fczik Bayram\u0131\u2019n\u0131n \u201c\u00e7ok dillili\u011fe ve k\u00fclt\u00fcrl\u00fcl\u00fc\u011fe\u201d [&hellip;]\" \/>\n<meta property=\"og:url\" content=\"https:\/\/kuzeyinsesi.org\/index.php\/2024\/06\/24\/kibris-turk-fransiz-kultur-dernegi-muzik-bayramini-kutladi\/\" \/>\n<meta property=\"og:site_name\" content=\"Kuzeyin Sesi\" \/>\n<meta property=\"article:publisher\" content=\"https:\/\/www.facebook.com\/kuzeyinsesii\" \/>\n<meta property=\"article:published_time\" content=\"2024-06-24T11:23:44+00:00\" \/>\n<meta property=\"og:image\" content=\"https:\/\/kuzeyinsesi.org\/wp-content\/uploads\/2024\/06\/fransiz-kultur-dernegi-3-.jpeg\" \/>\n\t<meta property=\"og:image:width\" content=\"2048\" \/>\n\t<meta property=\"og:image:height\" content=\"1536\" \/>\n\t<meta property=\"og:image:type\" content=\"image\/jpeg\" \/>\n<meta name=\"author\" content=\"Kuzeyin Sesi\" \/>\n<meta name=\"twitter:card\" content=\"summary_large_image\" \/>\n<meta name=\"twitter:creator\" content=\"@kuzeyinsesii\" \/>\n<meta name=\"twitter:site\" content=\"@kuzeyinsesii\" \/>\n<meta name=\"twitter:label1\" content=\"Yazan:\" \/>\n\t<meta name=\"twitter:data1\" content=\"Kuzeyin Sesi\" \/>\n\t<meta name=\"twitter:label2\" content=\"Tahmini okuma s\u00fcresi\" \/>\n\t<meta name=\"twitter:data2\" content=\"1 dakika\" \/>\n<script type=\"application\/ld+json\" class=\"yoast-schema-graph\">{\"@context\":\"https:\\\/\\\/schema.org\",\"@graph\":[{\"@type\":\"Article\",\"@id\":\"https:\\\/\\\/kuzeyinsesi.org\\\/index.php\\\/2024\\\/06\\\/24\\\/kibris-turk-fransiz-kultur-dernegi-muzik-bayramini-kutladi\\\/#article\",\"isPartOf\":{\"@id\":\"https:\\\/\\\/kuzeyinsesi.org\\\/index.php\\\/2024\\\/06\\\/24\\\/kibris-turk-fransiz-kultur-dernegi-muzik-bayramini-kutladi\\\/\"},\"author\":{\"name\":\"Kuzeyin Sesi\",\"@id\":\"https:\\\/\\\/kuzeyinsesi.org\\\/#\\\/schema\\\/person\\\/9f859689cdf01485597712386e37f5aa\"},\"headline\":\"K\u0131br\u0131s T\u00fcrk Frans\u0131z K\u00fclt\u00fcr Derne\u011fi, M\u00fczik Bayram\u0131\u2019n\u0131 kutlad\u0131\",\"datePublished\":\"2024-06-24T11:23:44+00:00\",\"mainEntityOfPage\":{\"@id\":\"https:\\\/\\\/kuzeyinsesi.org\\\/index.php\\\/2024\\\/06\\\/24\\\/kibris-turk-fransiz-kultur-dernegi-muzik-bayramini-kutladi\\\/\"},\"wordCount\":224,\"commentCount\":0,\"image\":{\"@id\":\"https:\\\/\\\/kuzeyinsesi.org\\\/index.php\\\/2024\\\/06\\\/24\\\/kibris-turk-fransiz-kultur-dernegi-muzik-bayramini-kutladi\\\/#primaryimage\"},\"thumbnailUrl\":\"https:\\\/\\\/kuzeyinsesi.org\\\/wp-content\\\/uploads\\\/2024\\\/06\\\/fransiz-kultur-dernegi-3-.jpeg\",\"articleSection\":[\"Ya\u015fam\"],\"inLanguage\":\"tr\",\"potentialAction\":[{\"@type\":\"CommentAction\",\"name\":\"Comment\",\"target\":[\"https:\\\/\\\/kuzeyinsesi.org\\\/index.php\\\/2024\\\/06\\\/24\\\/kibris-turk-fransiz-kultur-dernegi-muzik-bayramini-kutladi\\\/#respond\"]}]},{\"@type\":\"WebPage\",\"@id\":\"https:\\\/\\\/kuzeyinsesi.org\\\/index.php\\\/2024\\\/06\\\/24\\\/kibris-turk-fransiz-kultur-dernegi-muzik-bayramini-kutladi\\\/\",\"url\":\"https:\\\/\\\/kuzeyinsesi.org\\\/index.php\\\/2024\\\/06\\\/24\\\/kibris-turk-fransiz-kultur-dernegi-muzik-bayramini-kutladi\\\/\",\"name\":\"K\u0131br\u0131s T\u00fcrk Frans\u0131z K\u00fclt\u00fcr Derne\u011fi, M\u00fczik Bayram\u0131\u2019n\u0131 kutlad\u0131 - Kuzeyin Sesi\",\"isPartOf\":{\"@id\":\"https:\\\/\\\/kuzeyinsesi.org\\\/#website\"},\"primaryImageOfPage\":{\"@id\":\"https:\\\/\\\/kuzeyinsesi.org\\\/index.php\\\/2024\\\/06\\\/24\\\/kibris-turk-fransiz-kultur-dernegi-muzik-bayramini-kutladi\\\/#primaryimage\"},\"image\":{\"@id\":\"https:\\\/\\\/kuzeyinsesi.org\\\/index.php\\\/2024\\\/06\\\/24\\\/kibris-turk-fransiz-kultur-dernegi-muzik-bayramini-kutladi\\\/#primaryimage\"},\"thumbnailUrl\":\"https:\\\/\\\/kuzeyinsesi.org\\\/wp-content\\\/uploads\\\/2024\\\/06\\\/fransiz-kultur-dernegi-3-.jpeg\",\"datePublished\":\"2024-06-24T11:23:44+00:00\",\"author\":{\"@id\":\"https:\\\/\\\/kuzeyinsesi.org\\\/#\\\/schema\\\/person\\\/9f859689cdf01485597712386e37f5aa\"},\"breadcrumb\":{\"@id\":\"https:\\\/\\\/kuzeyinsesi.org\\\/index.php\\\/2024\\\/06\\\/24\\\/kibris-turk-fransiz-kultur-dernegi-muzik-bayramini-kutladi\\\/#breadcrumb\"},\"inLanguage\":\"tr\",\"potentialAction\":[{\"@type\":\"ReadAction\",\"target\":[\"https:\\\/\\\/kuzeyinsesi.org\\\/index.php\\\/2024\\\/06\\\/24\\\/kibris-turk-fransiz-kultur-dernegi-muzik-bayramini-kutladi\\\/\"]}]},{\"@type\":\"ImageObject\",\"inLanguage\":\"tr\",\"@id\":\"https:\\\/\\\/kuzeyinsesi.org\\\/index.php\\\/2024\\\/06\\\/24\\\/kibris-turk-fransiz-kultur-dernegi-muzik-bayramini-kutladi\\\/#primaryimage\",\"url\":\"https:\\\/\\\/kuzeyinsesi.org\\\/wp-content\\\/uploads\\\/2024\\\/06\\\/fransiz-kultur-dernegi-3-.jpeg\",\"contentUrl\":\"https:\\\/\\\/kuzeyinsesi.org\\\/wp-content\\\/uploads\\\/2024\\\/06\\\/fransiz-kultur-dernegi-3-.jpeg\",\"width\":2048,\"height\":1536},{\"@type\":\"BreadcrumbList\",\"@id\":\"https:\\\/\\\/kuzeyinsesi.org\\\/index.php\\\/2024\\\/06\\\/24\\\/kibris-turk-fransiz-kultur-dernegi-muzik-bayramini-kutladi\\\/#breadcrumb\",\"itemListElement\":[{\"@type\":\"ListItem\",\"position\":1,\"name\":\"Anasayfa\",\"item\":\"https:\\\/\\\/kuzeyinsesi.org\\\/\"},{\"@type\":\"ListItem\",\"position\":2,\"name\":\"K\u0131br\u0131s T\u00fcrk Frans\u0131z K\u00fclt\u00fcr Derne\u011fi, M\u00fczik Bayram\u0131\u2019n\u0131 kutlad\u0131\"}]},{\"@type\":\"WebSite\",\"@id\":\"https:\\\/\\\/kuzeyinsesi.org\\\/#website\",\"url\":\"https:\\\/\\\/kuzeyinsesi.org\\\/\",\"name\":\"Kuzeyin Sesi\",\"description\":\"Do\u011fru Haberin Adresi\",\"potentialAction\":[{\"@type\":\"SearchAction\",\"target\":{\"@type\":\"EntryPoint\",\"urlTemplate\":\"https:\\\/\\\/kuzeyinsesi.org\\\/?s={search_term_string}\"},\"query-input\":{\"@type\":\"PropertyValueSpecification\",\"valueRequired\":true,\"valueName\":\"search_term_string\"}}],\"inLanguage\":\"tr\"},{\"@type\":\"Person\",\"@id\":\"https:\\\/\\\/kuzeyinsesi.org\\\/#\\\/schema\\\/person\\\/9f859689cdf01485597712386e37f5aa\",\"name\":\"Kuzeyin Sesi\",\"image\":{\"@type\":\"ImageObject\",\"inLanguage\":\"tr\",\"@id\":\"https:\\\/\\\/secure.gravatar.com\\\/avatar\\\/bab33852abfd8b282518d6ed81826833d77c3c882d9ab608add591ccace47a44?s=96&d=mm&r=g\",\"url\":\"https:\\\/\\\/secure.gravatar.com\\\/avatar\\\/bab33852abfd8b282518d6ed81826833d77c3c882d9ab608add591ccace47a44?s=96&d=mm&r=g\",\"contentUrl\":\"https:\\\/\\\/secure.gravatar.com\\\/avatar\\\/bab33852abfd8b282518d6ed81826833d77c3c882d9ab608add591ccace47a44?s=96&d=mm&r=g\",\"caption\":\"Kuzeyin Sesi\"},\"sameAs\":[\"https:\\\/\\\/kuzeyinsesi.org\"],\"url\":\"https:\\\/\\\/kuzeyinsesi.org\\\/index.php\\\/author\\\/guven\\\/\"}]}<\/script>\n<!-- \/ Yoast SEO plugin. -->","yoast_head_json":{"title":"K\u0131br\u0131s T\u00fcrk Frans\u0131z K\u00fclt\u00fcr Derne\u011fi, M\u00fczik Bayram\u0131\u2019n\u0131 kutlad\u0131 - Kuzeyin Sesi","robots":{"index":"index","follow":"follow","max-snippet":"max-snippet:-1","max-image-preview":"max-image-preview:large","max-video-preview":"max-video-preview:-1"},"canonical":"https:\/\/kuzeyinsesi.org\/index.php\/2024\/06\/24\/kibris-turk-fransiz-kultur-dernegi-muzik-bayramini-kutladi\/","og_locale":"tr_TR","og_type":"article","og_title":"K\u0131br\u0131s T\u00fcrk Frans\u0131z K\u00fclt\u00fcr Derne\u011fi, M\u00fczik Bayram\u0131\u2019n\u0131 kutlad\u0131 - Kuzeyin Sesi","og_description":"K\u0131br\u0131s T\u00fcrk Frans\u0131z K\u00fclt\u00fcr Derne\u011fi\u2019nin 20\u2019ncisini d\u00fczenledi\u011fi, Fransa\u2019da ve t\u00fcm d\u00fcnyada kutlanan \u201cF\u00eate de la Musique\u201d M\u00fczik Bayram\u0131 etkinli\u011fi, profesyonel ve amat\u00f6r sanat\u00e7\u0131lar\u0131n kat\u0131l\u0131m\u0131yla Lefko\u015fa R\u00fcstem Kitabevi\u2019nde yap\u0131ld\u0131. Dernekten yap\u0131lan a\u00e7\u0131klamaya g\u00f6re, K\u0131br\u0131s T\u00fcrk Frans\u0131z K\u00fclt\u00fcr Derne\u011fi Ba\u015fkan\u0131 \u015eeray Ekici, etkinlikte yapt\u0131\u011f\u0131 konu\u015fmada, her y\u0131l Fransa\u2019da 21 Haziran\u2019da kutlanan M\u00fczik Bayram\u0131\u2019n\u0131n \u201c\u00e7ok dillili\u011fe ve k\u00fclt\u00fcrl\u00fcl\u00fc\u011fe\u201d [&hellip;]","og_url":"https:\/\/kuzeyinsesi.org\/index.php\/2024\/06\/24\/kibris-turk-fransiz-kultur-dernegi-muzik-bayramini-kutladi\/","og_site_name":"Kuzeyin Sesi","article_publisher":"https:\/\/www.facebook.com\/kuzeyinsesii","article_published_time":"2024-06-24T11:23:44+00:00","og_image":[{"width":2048,"height":1536,"url":"https:\/\/kuzeyinsesi.org\/wp-content\/uploads\/2024\/06\/fransiz-kultur-dernegi-3-.jpeg","type":"image\/jpeg"}],"author":"Kuzeyin Sesi","twitter_card":"summary_large_image","twitter_creator":"@kuzeyinsesii","twitter_site":"@kuzeyinsesii","twitter_misc":{"Yazan:":"Kuzeyin Sesi","Tahmini okuma s\u00fcresi":"1 dakika"},"schema":{"@context":"https:\/\/schema.org","@graph":[{"@type":"Article","@id":"https:\/\/kuzeyinsesi.org\/index.php\/2024\/06\/24\/kibris-turk-fransiz-kultur-dernegi-muzik-bayramini-kutladi\/#article","isPartOf":{"@id":"https:\/\/kuzeyinsesi.org\/index.php\/2024\/06\/24\/kibris-turk-fransiz-kultur-dernegi-muzik-bayramini-kutladi\/"},"author":{"name":"Kuzeyin Sesi","@id":"https:\/\/kuzeyinsesi.org\/#\/schema\/person\/9f859689cdf01485597712386e37f5aa"},"headline":"K\u0131br\u0131s T\u00fcrk Frans\u0131z K\u00fclt\u00fcr Derne\u011fi, M\u00fczik Bayram\u0131\u2019n\u0131 kutlad\u0131","datePublished":"2024-06-24T11:23:44+00:00","mainEntityOfPage":{"@id":"https:\/\/kuzeyinsesi.org\/index.php\/2024\/06\/24\/kibris-turk-fransiz-kultur-dernegi-muzik-bayramini-kutladi\/"},"wordCount":224,"commentCount":0,"image":{"@id":"https:\/\/kuzeyinsesi.org\/index.php\/2024\/06\/24\/kibris-turk-fransiz-kultur-dernegi-muzik-bayramini-kutladi\/#primaryimage"},"thumbnailUrl":"https:\/\/kuzeyinsesi.org\/wp-content\/uploads\/2024\/06\/fransiz-kultur-dernegi-3-.jpeg","articleSection":["Ya\u015fam"],"inLanguage":"tr","potentialAction":[{"@type":"CommentAction","name":"Comment","target":["https:\/\/kuzeyinsesi.org\/index.php\/2024\/06\/24\/kibris-turk-fransiz-kultur-dernegi-muzik-bayramini-kutladi\/#respond"]}]},{"@type":"WebPage","@id":"https:\/\/kuzeyinsesi.org\/index.php\/2024\/06\/24\/kibris-turk-fransiz-kultur-dernegi-muzik-bayramini-kutladi\/","url":"https:\/\/kuzeyinsesi.org\/index.php\/2024\/06\/24\/kibris-turk-fransiz-kultur-dernegi-muzik-bayramini-kutladi\/","name":"K\u0131br\u0131s T\u00fcrk Frans\u0131z K\u00fclt\u00fcr Derne\u011fi, M\u00fczik Bayram\u0131\u2019n\u0131 kutlad\u0131 - Kuzeyin Sesi","isPartOf":{"@id":"https:\/\/kuzeyinsesi.org\/#website"},"primaryImageOfPage":{"@id":"https:\/\/kuzeyinsesi.org\/index.php\/2024\/06\/24\/kibris-turk-fransiz-kultur-dernegi-muzik-bayramini-kutladi\/#primaryimage"},"image":{"@id":"https:\/\/kuzeyinsesi.org\/index.php\/2024\/06\/24\/kibris-turk-fransiz-kultur-dernegi-muzik-bayramini-kutladi\/#primaryimage"},"thumbnailUrl":"https:\/\/kuzeyinsesi.org\/wp-content\/uploads\/2024\/06\/fransiz-kultur-dernegi-3-.jpeg","datePublished":"2024-06-24T11:23:44+00:00","author":{"@id":"https:\/\/kuzeyinsesi.org\/#\/schema\/person\/9f859689cdf01485597712386e37f5aa"},"breadcrumb":{"@id":"https:\/\/kuzeyinsesi.org\/index.php\/2024\/06\/24\/kibris-turk-fransiz-kultur-dernegi-muzik-bayramini-kutladi\/#breadcrumb"},"inLanguage":"tr","potentialAction":[{"@type":"ReadAction","target":["https:\/\/kuzeyinsesi.org\/index.php\/2024\/06\/24\/kibris-turk-fransiz-kultur-dernegi-muzik-bayramini-kutladi\/"]}]},{"@type":"ImageObject","inLanguage":"tr","@id":"https:\/\/kuzeyinsesi.org\/index.php\/2024\/06\/24\/kibris-turk-fransiz-kultur-dernegi-muzik-bayramini-kutladi\/#primaryimage","url":"https:\/\/kuzeyinsesi.org\/wp-content\/uploads\/2024\/06\/fransiz-kultur-dernegi-3-.jpeg","contentUrl":"https:\/\/kuzeyinsesi.org\/wp-content\/uploads\/2024\/06\/fransiz-kultur-dernegi-3-.jpeg","width":2048,"height":1536},{"@type":"BreadcrumbList","@id":"https:\/\/kuzeyinsesi.org\/index.php\/2024\/06\/24\/kibris-turk-fransiz-kultur-dernegi-muzik-bayramini-kutladi\/#breadcrumb","itemListElement":[{"@type":"ListItem","position":1,"name":"Anasayfa","item":"https:\/\/kuzeyinsesi.org\/"},{"@type":"ListItem","position":2,"name":"K\u0131br\u0131s T\u00fcrk Frans\u0131z K\u00fclt\u00fcr Derne\u011fi, M\u00fczik Bayram\u0131\u2019n\u0131 kutlad\u0131"}]},{"@type":"WebSite","@id":"https:\/\/kuzeyinsesi.org\/#website","url":"https:\/\/kuzeyinsesi.org\/","name":"Kuzeyin Sesi","description":"Do\u011fru Haberin Adresi","potentialAction":[{"@type":"SearchAction","target":{"@type":"EntryPoint","urlTemplate":"https:\/\/kuzeyinsesi.org\/?s={search_term_string}"},"query-input":{"@type":"PropertyValueSpecification","valueRequired":true,"valueName":"search_term_string"}}],"inLanguage":"tr"},{"@type":"Person","@id":"https:\/\/kuzeyinsesi.org\/#\/schema\/person\/9f859689cdf01485597712386e37f5aa","name":"Kuzeyin Sesi","image":{"@type":"ImageObject","inLanguage":"tr","@id":"https:\/\/secure.gravatar.com\/avatar\/bab33852abfd8b282518d6ed81826833d77c3c882d9ab608add591ccace47a44?s=96&d=mm&r=g","url":"https:\/\/secure.gravatar.com\/avatar\/bab33852abfd8b282518d6ed81826833d77c3c882d9ab608add591ccace47a44?s=96&d=mm&r=g","contentUrl":"https:\/\/secure.gravatar.com\/avatar\/bab33852abfd8b282518d6ed81826833d77c3c882d9ab608add591ccace47a44?s=96&d=mm&r=g","caption":"Kuzeyin Sesi"},"sameAs":["https:\/\/kuzeyinsesi.org"],"url":"https:\/\/kuzeyinsesi.org\/index.php\/author\/guven\/"}]}},"_links":{"self":[{"href":"https:\/\/kuzeyinsesi.org\/index.php\/wp-json\/wp\/v2\/posts\/5210","targetHints":{"allow":["GET"]}}],"collection":[{"href":"https:\/\/kuzeyinsesi.org\/index.php\/wp-json\/wp\/v2\/posts"}],"about":[{"href":"https:\/\/kuzeyinsesi.org\/index.php\/wp-json\/wp\/v2\/types\/post"}],"author":[{"embeddable":true,"href":"https:\/\/kuzeyinsesi.org\/index.php\/wp-json\/wp\/v2\/users\/1"}],"replies":[{"embeddable":true,"href":"https:\/\/kuzeyinsesi.org\/index.php\/wp-json\/wp\/v2\/comments?post=5210"}],"version-history":[{"count":0,"href":"https:\/\/kuzeyinsesi.org\/index.php\/wp-json\/wp\/v2\/posts\/5210\/revisions"}],"wp:featuredmedia":[{"embeddable":true,"href":"https:\/\/kuzeyinsesi.org\/index.php\/wp-json\/wp\/v2\/media\/5211"}],"wp:attachment":[{"href":"https:\/\/kuzeyinsesi.org\/index.php\/wp-json\/wp\/v2\/media?parent=5210"}],"wp:term":[{"taxonomy":"category","embeddable":true,"href":"https:\/\/kuzeyinsesi.org\/index.php\/wp-json\/wp\/v2\/categories?post=5210"},{"taxonomy":"post_tag","embeddable":true,"href":"https:\/\/kuzeyinsesi.org\/index.php\/wp-json\/wp\/v2\/tags?post=5210"}],"curies":[{"name":"wp","href":"https:\/\/api.w.org\/{rel}","templated":true}]}}