{"id":5192,"date":"2024-06-24T12:21:14","date_gmt":"2024-06-24T09:21:14","guid":{"rendered":"https:\/\/kuzeyinsesi.com\/index.php\/2024\/06\/24\/girne-oda-tiyatrosunda-yarin-gozlerimi-kaparim-vazifemi-yaparim-oyunu-sahnelenecek\/"},"modified":"2024-06-24T12:21:14","modified_gmt":"2024-06-24T09:21:14","slug":"girne-oda-tiyatrosunda-yarin-gozlerimi-kaparim-vazifemi-yaparim-oyunu-sahnelenecek","status":"publish","type":"post","link":"https:\/\/kuzeyinsesi.org\/index.php\/2024\/06\/24\/girne-oda-tiyatrosunda-yarin-gozlerimi-kaparim-vazifemi-yaparim-oyunu-sahnelenecek\/","title":{"rendered":"Girne Oda Tiyatrosu\u2019nda yar\u0131n \u2018G\u00f6zlerimi Kapar\u0131m Vazifemi Yapar\u0131m\u2019 oyunu sahnelenecek"},"content":{"rendered":"<div>\n<div class=\"mariselle-image-container center\">\n                                            <\/div>\n<p>Girne Belediye Tiyatrosu Gen\u00e7lik Ekibi, \u2018G\u00f6zlerimi Kapar\u0131m Vazifemi Yapar\u0131m\u2019 oyununu yar\u0131n Girne Oda Tiyatrosu\u2019nda sahneleyecek.<\/p>\n<p>Girne Oda Tiyatrosu a\u00e7\u0131klamas\u0131na g\u00f6re saat 20.00\u2019de ba\u015flayacak oyun, yaln\u0131zca bir kez sahnelenecek ve \u00fccretsiz olacak. <\/p>\n<p>\u00d6te yandan, Girne Belediyesi Oda Tiyatrosu gen\u00e7lik ekibi kadrosunu geni\u015fletece\u011finden \u00e7al\u0131\u015fmalar\u0131na yaz d\u00f6neminde devam edecek ekibe 12-18 ya\u015f grubundaki \u00e7ocuklar kay\u0131t yapt\u0131rabilecek. Konu hakk\u0131nda daha fazla bilgi 0533 863 09 58 numaral\u0131 telefondan al\u0131nabilecek.<\/p>\n<\/p><\/div>\n<p><script async\n                    defer\n                    crossorigin=\"anonymous\"\n                    src=\"https:\/\/connect.facebook.net\/tr_TR\/sdk.js#xfbml=1&#038;version=v3.3\"\n            ><\/script><\/p>\n","protected":false},"excerpt":{"rendered":"<p>Girne Belediye Tiyatrosu Gen\u00e7lik Ekibi, \u2018G\u00f6zlerimi Kapar\u0131m Vazifemi Yapar\u0131m\u2019 oyununu yar\u0131n Girne Oda Tiyatrosu\u2019nda sahneleyecek. Girne Oda Tiyatrosu a\u00e7\u0131klamas\u0131na g\u00f6re saat 20.00\u2019de ba\u015flayacak oyun, yaln\u0131zca bir kez sahnelenecek ve \u00fccretsiz olacak. \u00d6te yandan, Girne Belediyesi Oda Tiyatrosu gen\u00e7lik ekibi kadrosunu geni\u015fletece\u011finden \u00e7al\u0131\u015fmalar\u0131na yaz d\u00f6neminde devam edecek ekibe 12-18 ya\u015f grubundaki \u00e7ocuklar kay\u0131t yapt\u0131rabilecek. Konu hakk\u0131nda [&hellip;]<\/p>\n","protected":false},"author":1,"featured_media":5193,"comment_status":"open","ping_status":"open","sticky":false,"template":"","format":"standard","meta":{"jnews-multi-image_gallery":[],"jnews_single_post":[],"jnews_primary_category":[],"jnews_social_meta":[],"jnews_override_counter":[],"footnotes":""},"categories":[6],"tags":[],"class_list":["post-5192","post","type-post","status-publish","format-standard","has-post-thumbnail","hentry","category-yasam"],"yoast_head":"<!-- This site is optimized with the Yoast SEO plugin v27.5 - https:\/\/yoast.com\/product\/yoast-seo-wordpress\/ -->\n<title>Girne Oda Tiyatrosu\u2019nda yar\u0131n \u2018G\u00f6zlerimi Kapar\u0131m Vazifemi Yapar\u0131m\u2019 oyunu sahnelenecek - Kuzeyin Sesi<\/title>\n<meta name=\"robots\" content=\"index, follow, max-snippet:-1, max-image-preview:large, max-video-preview:-1\" \/>\n<link rel=\"canonical\" href=\"https:\/\/kuzeyinsesi.org\/index.php\/2024\/06\/24\/girne-oda-tiyatrosunda-yarin-gozlerimi-kaparim-vazifemi-yaparim-oyunu-sahnelenecek\/\" \/>\n<meta property=\"og:locale\" content=\"tr_TR\" \/>\n<meta property=\"og:type\" content=\"article\" \/>\n<meta property=\"og:title\" content=\"Girne Oda Tiyatrosu\u2019nda yar\u0131n \u2018G\u00f6zlerimi Kapar\u0131m Vazifemi Yapar\u0131m\u2019 oyunu sahnelenecek - Kuzeyin Sesi\" \/>\n<meta property=\"og:description\" content=\"Girne Belediye Tiyatrosu Gen\u00e7lik Ekibi, \u2018G\u00f6zlerimi Kapar\u0131m Vazifemi Yapar\u0131m\u2019 oyununu yar\u0131n Girne Oda Tiyatrosu\u2019nda sahneleyecek. Girne Oda Tiyatrosu a\u00e7\u0131klamas\u0131na g\u00f6re saat 20.00\u2019de ba\u015flayacak oyun, yaln\u0131zca bir kez sahnelenecek ve \u00fccretsiz olacak. \u00d6te yandan, Girne Belediyesi Oda Tiyatrosu gen\u00e7lik ekibi kadrosunu geni\u015fletece\u011finden \u00e7al\u0131\u015fmalar\u0131na yaz d\u00f6neminde devam edecek ekibe 12-18 ya\u015f grubundaki \u00e7ocuklar kay\u0131t yapt\u0131rabilecek. Konu hakk\u0131nda [&hellip;]\" \/>\n<meta property=\"og:url\" content=\"https:\/\/kuzeyinsesi.org\/index.php\/2024\/06\/24\/girne-oda-tiyatrosunda-yarin-gozlerimi-kaparim-vazifemi-yaparim-oyunu-sahnelenecek\/\" \/>\n<meta property=\"og:site_name\" content=\"Kuzeyin Sesi\" \/>\n<meta property=\"article:publisher\" content=\"https:\/\/www.facebook.com\/kuzeyinsesii\" \/>\n<meta property=\"article:published_time\" content=\"2024-06-24T09:21:14+00:00\" \/>\n<meta property=\"og:image\" content=\"https:\/\/kuzeyinsesi.org\/wp-content\/uploads\/2024\/06\/girne-belediyesi-tiyatro3.jpeg\" \/>\n\t<meta property=\"og:image:width\" content=\"1280\" \/>\n\t<meta property=\"og:image:height\" content=\"1600\" \/>\n\t<meta property=\"og:image:type\" content=\"image\/jpeg\" \/>\n<meta name=\"author\" content=\"Kuzeyin Sesi\" \/>\n<meta name=\"twitter:card\" content=\"summary_large_image\" \/>\n<meta name=\"twitter:creator\" content=\"@kuzeyinsesii\" \/>\n<meta name=\"twitter:site\" content=\"@kuzeyinsesii\" \/>\n<meta name=\"twitter:label1\" content=\"Yazan:\" \/>\n\t<meta name=\"twitter:data1\" content=\"Kuzeyin Sesi\" \/>\n<script type=\"application\/ld+json\" class=\"yoast-schema-graph\">{\"@context\":\"https:\\\/\\\/schema.org\",\"@graph\":[{\"@type\":\"Article\",\"@id\":\"https:\\\/\\\/kuzeyinsesi.org\\\/index.php\\\/2024\\\/06\\\/24\\\/girne-oda-tiyatrosunda-yarin-gozlerimi-kaparim-vazifemi-yaparim-oyunu-sahnelenecek\\\/#article\",\"isPartOf\":{\"@id\":\"https:\\\/\\\/kuzeyinsesi.org\\\/index.php\\\/2024\\\/06\\\/24\\\/girne-oda-tiyatrosunda-yarin-gozlerimi-kaparim-vazifemi-yaparim-oyunu-sahnelenecek\\\/\"},\"author\":{\"name\":\"Kuzeyin Sesi\",\"@id\":\"https:\\\/\\\/kuzeyinsesi.org\\\/#\\\/schema\\\/person\\\/9f859689cdf01485597712386e37f5aa\"},\"headline\":\"Girne Oda Tiyatrosu\u2019nda yar\u0131n \u2018G\u00f6zlerimi Kapar\u0131m Vazifemi Yapar\u0131m\u2019 oyunu sahnelenecek\",\"datePublished\":\"2024-06-24T09:21:14+00:00\",\"mainEntityOfPage\":{\"@id\":\"https:\\\/\\\/kuzeyinsesi.org\\\/index.php\\\/2024\\\/06\\\/24\\\/girne-oda-tiyatrosunda-yarin-gozlerimi-kaparim-vazifemi-yaparim-oyunu-sahnelenecek\\\/\"},\"wordCount\":97,\"commentCount\":0,\"image\":{\"@id\":\"https:\\\/\\\/kuzeyinsesi.org\\\/index.php\\\/2024\\\/06\\\/24\\\/girne-oda-tiyatrosunda-yarin-gozlerimi-kaparim-vazifemi-yaparim-oyunu-sahnelenecek\\\/#primaryimage\"},\"thumbnailUrl\":\"https:\\\/\\\/kuzeyinsesi.org\\\/wp-content\\\/uploads\\\/2024\\\/06\\\/girne-belediyesi-tiyatro3.jpeg\",\"articleSection\":[\"Ya\u015fam\"],\"inLanguage\":\"tr\",\"potentialAction\":[{\"@type\":\"CommentAction\",\"name\":\"Comment\",\"target\":[\"https:\\\/\\\/kuzeyinsesi.org\\\/index.php\\\/2024\\\/06\\\/24\\\/girne-oda-tiyatrosunda-yarin-gozlerimi-kaparim-vazifemi-yaparim-oyunu-sahnelenecek\\\/#respond\"]}]},{\"@type\":\"WebPage\",\"@id\":\"https:\\\/\\\/kuzeyinsesi.org\\\/index.php\\\/2024\\\/06\\\/24\\\/girne-oda-tiyatrosunda-yarin-gozlerimi-kaparim-vazifemi-yaparim-oyunu-sahnelenecek\\\/\",\"url\":\"https:\\\/\\\/kuzeyinsesi.org\\\/index.php\\\/2024\\\/06\\\/24\\\/girne-oda-tiyatrosunda-yarin-gozlerimi-kaparim-vazifemi-yaparim-oyunu-sahnelenecek\\\/\",\"name\":\"Girne Oda Tiyatrosu\u2019nda yar\u0131n \u2018G\u00f6zlerimi Kapar\u0131m Vazifemi Yapar\u0131m\u2019 oyunu sahnelenecek - Kuzeyin Sesi\",\"isPartOf\":{\"@id\":\"https:\\\/\\\/kuzeyinsesi.org\\\/#website\"},\"primaryImageOfPage\":{\"@id\":\"https:\\\/\\\/kuzeyinsesi.org\\\/index.php\\\/2024\\\/06\\\/24\\\/girne-oda-tiyatrosunda-yarin-gozlerimi-kaparim-vazifemi-yaparim-oyunu-sahnelenecek\\\/#primaryimage\"},\"image\":{\"@id\":\"https:\\\/\\\/kuzeyinsesi.org\\\/index.php\\\/2024\\\/06\\\/24\\\/girne-oda-tiyatrosunda-yarin-gozlerimi-kaparim-vazifemi-yaparim-oyunu-sahnelenecek\\\/#primaryimage\"},\"thumbnailUrl\":\"https:\\\/\\\/kuzeyinsesi.org\\\/wp-content\\\/uploads\\\/2024\\\/06\\\/girne-belediyesi-tiyatro3.jpeg\",\"datePublished\":\"2024-06-24T09:21:14+00:00\",\"author\":{\"@id\":\"https:\\\/\\\/kuzeyinsesi.org\\\/#\\\/schema\\\/person\\\/9f859689cdf01485597712386e37f5aa\"},\"breadcrumb\":{\"@id\":\"https:\\\/\\\/kuzeyinsesi.org\\\/index.php\\\/2024\\\/06\\\/24\\\/girne-oda-tiyatrosunda-yarin-gozlerimi-kaparim-vazifemi-yaparim-oyunu-sahnelenecek\\\/#breadcrumb\"},\"inLanguage\":\"tr\",\"potentialAction\":[{\"@type\":\"ReadAction\",\"target\":[\"https:\\\/\\\/kuzeyinsesi.org\\\/index.php\\\/2024\\\/06\\\/24\\\/girne-oda-tiyatrosunda-yarin-gozlerimi-kaparim-vazifemi-yaparim-oyunu-sahnelenecek\\\/\"]}]},{\"@type\":\"ImageObject\",\"inLanguage\":\"tr\",\"@id\":\"https:\\\/\\\/kuzeyinsesi.org\\\/index.php\\\/2024\\\/06\\\/24\\\/girne-oda-tiyatrosunda-yarin-gozlerimi-kaparim-vazifemi-yaparim-oyunu-sahnelenecek\\\/#primaryimage\",\"url\":\"https:\\\/\\\/kuzeyinsesi.org\\\/wp-content\\\/uploads\\\/2024\\\/06\\\/girne-belediyesi-tiyatro3.jpeg\",\"contentUrl\":\"https:\\\/\\\/kuzeyinsesi.org\\\/wp-content\\\/uploads\\\/2024\\\/06\\\/girne-belediyesi-tiyatro3.jpeg\",\"width\":1280,\"height\":1600},{\"@type\":\"BreadcrumbList\",\"@id\":\"https:\\\/\\\/kuzeyinsesi.org\\\/index.php\\\/2024\\\/06\\\/24\\\/girne-oda-tiyatrosunda-yarin-gozlerimi-kaparim-vazifemi-yaparim-oyunu-sahnelenecek\\\/#breadcrumb\",\"itemListElement\":[{\"@type\":\"ListItem\",\"position\":1,\"name\":\"Anasayfa\",\"item\":\"https:\\\/\\\/kuzeyinsesi.org\\\/\"},{\"@type\":\"ListItem\",\"position\":2,\"name\":\"Girne Oda Tiyatrosu\u2019nda yar\u0131n \u2018G\u00f6zlerimi Kapar\u0131m Vazifemi Yapar\u0131m\u2019 oyunu sahnelenecek\"}]},{\"@type\":\"WebSite\",\"@id\":\"https:\\\/\\\/kuzeyinsesi.org\\\/#website\",\"url\":\"https:\\\/\\\/kuzeyinsesi.org\\\/\",\"name\":\"Kuzeyin Sesi\",\"description\":\"Do\u011fru Haberin Adresi\",\"potentialAction\":[{\"@type\":\"SearchAction\",\"target\":{\"@type\":\"EntryPoint\",\"urlTemplate\":\"https:\\\/\\\/kuzeyinsesi.org\\\/?s={search_term_string}\"},\"query-input\":{\"@type\":\"PropertyValueSpecification\",\"valueRequired\":true,\"valueName\":\"search_term_string\"}}],\"inLanguage\":\"tr\"},{\"@type\":\"Person\",\"@id\":\"https:\\\/\\\/kuzeyinsesi.org\\\/#\\\/schema\\\/person\\\/9f859689cdf01485597712386e37f5aa\",\"name\":\"Kuzeyin Sesi\",\"image\":{\"@type\":\"ImageObject\",\"inLanguage\":\"tr\",\"@id\":\"https:\\\/\\\/secure.gravatar.com\\\/avatar\\\/bab33852abfd8b282518d6ed81826833d77c3c882d9ab608add591ccace47a44?s=96&d=mm&r=g\",\"url\":\"https:\\\/\\\/secure.gravatar.com\\\/avatar\\\/bab33852abfd8b282518d6ed81826833d77c3c882d9ab608add591ccace47a44?s=96&d=mm&r=g\",\"contentUrl\":\"https:\\\/\\\/secure.gravatar.com\\\/avatar\\\/bab33852abfd8b282518d6ed81826833d77c3c882d9ab608add591ccace47a44?s=96&d=mm&r=g\",\"caption\":\"Kuzeyin Sesi\"},\"sameAs\":[\"https:\\\/\\\/kuzeyinsesi.org\"],\"url\":\"https:\\\/\\\/kuzeyinsesi.org\\\/index.php\\\/author\\\/guven\\\/\"}]}<\/script>\n<!-- \/ Yoast SEO plugin. -->","yoast_head_json":{"title":"Girne Oda Tiyatrosu\u2019nda yar\u0131n \u2018G\u00f6zlerimi Kapar\u0131m Vazifemi Yapar\u0131m\u2019 oyunu sahnelenecek - Kuzeyin Sesi","robots":{"index":"index","follow":"follow","max-snippet":"max-snippet:-1","max-image-preview":"max-image-preview:large","max-video-preview":"max-video-preview:-1"},"canonical":"https:\/\/kuzeyinsesi.org\/index.php\/2024\/06\/24\/girne-oda-tiyatrosunda-yarin-gozlerimi-kaparim-vazifemi-yaparim-oyunu-sahnelenecek\/","og_locale":"tr_TR","og_type":"article","og_title":"Girne Oda Tiyatrosu\u2019nda yar\u0131n \u2018G\u00f6zlerimi Kapar\u0131m Vazifemi Yapar\u0131m\u2019 oyunu sahnelenecek - Kuzeyin Sesi","og_description":"Girne Belediye Tiyatrosu Gen\u00e7lik Ekibi, \u2018G\u00f6zlerimi Kapar\u0131m Vazifemi Yapar\u0131m\u2019 oyununu yar\u0131n Girne Oda Tiyatrosu\u2019nda sahneleyecek. Girne Oda Tiyatrosu a\u00e7\u0131klamas\u0131na g\u00f6re saat 20.00\u2019de ba\u015flayacak oyun, yaln\u0131zca bir kez sahnelenecek ve \u00fccretsiz olacak. \u00d6te yandan, Girne Belediyesi Oda Tiyatrosu gen\u00e7lik ekibi kadrosunu geni\u015fletece\u011finden \u00e7al\u0131\u015fmalar\u0131na yaz d\u00f6neminde devam edecek ekibe 12-18 ya\u015f grubundaki \u00e7ocuklar kay\u0131t yapt\u0131rabilecek. Konu hakk\u0131nda [&hellip;]","og_url":"https:\/\/kuzeyinsesi.org\/index.php\/2024\/06\/24\/girne-oda-tiyatrosunda-yarin-gozlerimi-kaparim-vazifemi-yaparim-oyunu-sahnelenecek\/","og_site_name":"Kuzeyin Sesi","article_publisher":"https:\/\/www.facebook.com\/kuzeyinsesii","article_published_time":"2024-06-24T09:21:14+00:00","og_image":[{"width":1280,"height":1600,"url":"https:\/\/kuzeyinsesi.org\/wp-content\/uploads\/2024\/06\/girne-belediyesi-tiyatro3.jpeg","type":"image\/jpeg"}],"author":"Kuzeyin Sesi","twitter_card":"summary_large_image","twitter_creator":"@kuzeyinsesii","twitter_site":"@kuzeyinsesii","twitter_misc":{"Yazan:":"Kuzeyin Sesi"},"schema":{"@context":"https:\/\/schema.org","@graph":[{"@type":"Article","@id":"https:\/\/kuzeyinsesi.org\/index.php\/2024\/06\/24\/girne-oda-tiyatrosunda-yarin-gozlerimi-kaparim-vazifemi-yaparim-oyunu-sahnelenecek\/#article","isPartOf":{"@id":"https:\/\/kuzeyinsesi.org\/index.php\/2024\/06\/24\/girne-oda-tiyatrosunda-yarin-gozlerimi-kaparim-vazifemi-yaparim-oyunu-sahnelenecek\/"},"author":{"name":"Kuzeyin Sesi","@id":"https:\/\/kuzeyinsesi.org\/#\/schema\/person\/9f859689cdf01485597712386e37f5aa"},"headline":"Girne Oda Tiyatrosu\u2019nda yar\u0131n \u2018G\u00f6zlerimi Kapar\u0131m Vazifemi Yapar\u0131m\u2019 oyunu sahnelenecek","datePublished":"2024-06-24T09:21:14+00:00","mainEntityOfPage":{"@id":"https:\/\/kuzeyinsesi.org\/index.php\/2024\/06\/24\/girne-oda-tiyatrosunda-yarin-gozlerimi-kaparim-vazifemi-yaparim-oyunu-sahnelenecek\/"},"wordCount":97,"commentCount":0,"image":{"@id":"https:\/\/kuzeyinsesi.org\/index.php\/2024\/06\/24\/girne-oda-tiyatrosunda-yarin-gozlerimi-kaparim-vazifemi-yaparim-oyunu-sahnelenecek\/#primaryimage"},"thumbnailUrl":"https:\/\/kuzeyinsesi.org\/wp-content\/uploads\/2024\/06\/girne-belediyesi-tiyatro3.jpeg","articleSection":["Ya\u015fam"],"inLanguage":"tr","potentialAction":[{"@type":"CommentAction","name":"Comment","target":["https:\/\/kuzeyinsesi.org\/index.php\/2024\/06\/24\/girne-oda-tiyatrosunda-yarin-gozlerimi-kaparim-vazifemi-yaparim-oyunu-sahnelenecek\/#respond"]}]},{"@type":"WebPage","@id":"https:\/\/kuzeyinsesi.org\/index.php\/2024\/06\/24\/girne-oda-tiyatrosunda-yarin-gozlerimi-kaparim-vazifemi-yaparim-oyunu-sahnelenecek\/","url":"https:\/\/kuzeyinsesi.org\/index.php\/2024\/06\/24\/girne-oda-tiyatrosunda-yarin-gozlerimi-kaparim-vazifemi-yaparim-oyunu-sahnelenecek\/","name":"Girne Oda Tiyatrosu\u2019nda yar\u0131n \u2018G\u00f6zlerimi Kapar\u0131m Vazifemi Yapar\u0131m\u2019 oyunu sahnelenecek - Kuzeyin Sesi","isPartOf":{"@id":"https:\/\/kuzeyinsesi.org\/#website"},"primaryImageOfPage":{"@id":"https:\/\/kuzeyinsesi.org\/index.php\/2024\/06\/24\/girne-oda-tiyatrosunda-yarin-gozlerimi-kaparim-vazifemi-yaparim-oyunu-sahnelenecek\/#primaryimage"},"image":{"@id":"https:\/\/kuzeyinsesi.org\/index.php\/2024\/06\/24\/girne-oda-tiyatrosunda-yarin-gozlerimi-kaparim-vazifemi-yaparim-oyunu-sahnelenecek\/#primaryimage"},"thumbnailUrl":"https:\/\/kuzeyinsesi.org\/wp-content\/uploads\/2024\/06\/girne-belediyesi-tiyatro3.jpeg","datePublished":"2024-06-24T09:21:14+00:00","author":{"@id":"https:\/\/kuzeyinsesi.org\/#\/schema\/person\/9f859689cdf01485597712386e37f5aa"},"breadcrumb":{"@id":"https:\/\/kuzeyinsesi.org\/index.php\/2024\/06\/24\/girne-oda-tiyatrosunda-yarin-gozlerimi-kaparim-vazifemi-yaparim-oyunu-sahnelenecek\/#breadcrumb"},"inLanguage":"tr","potentialAction":[{"@type":"ReadAction","target":["https:\/\/kuzeyinsesi.org\/index.php\/2024\/06\/24\/girne-oda-tiyatrosunda-yarin-gozlerimi-kaparim-vazifemi-yaparim-oyunu-sahnelenecek\/"]}]},{"@type":"ImageObject","inLanguage":"tr","@id":"https:\/\/kuzeyinsesi.org\/index.php\/2024\/06\/24\/girne-oda-tiyatrosunda-yarin-gozlerimi-kaparim-vazifemi-yaparim-oyunu-sahnelenecek\/#primaryimage","url":"https:\/\/kuzeyinsesi.org\/wp-content\/uploads\/2024\/06\/girne-belediyesi-tiyatro3.jpeg","contentUrl":"https:\/\/kuzeyinsesi.org\/wp-content\/uploads\/2024\/06\/girne-belediyesi-tiyatro3.jpeg","width":1280,"height":1600},{"@type":"BreadcrumbList","@id":"https:\/\/kuzeyinsesi.org\/index.php\/2024\/06\/24\/girne-oda-tiyatrosunda-yarin-gozlerimi-kaparim-vazifemi-yaparim-oyunu-sahnelenecek\/#breadcrumb","itemListElement":[{"@type":"ListItem","position":1,"name":"Anasayfa","item":"https:\/\/kuzeyinsesi.org\/"},{"@type":"ListItem","position":2,"name":"Girne Oda Tiyatrosu\u2019nda yar\u0131n \u2018G\u00f6zlerimi Kapar\u0131m Vazifemi Yapar\u0131m\u2019 oyunu sahnelenecek"}]},{"@type":"WebSite","@id":"https:\/\/kuzeyinsesi.org\/#website","url":"https:\/\/kuzeyinsesi.org\/","name":"Kuzeyin Sesi","description":"Do\u011fru Haberin Adresi","potentialAction":[{"@type":"SearchAction","target":{"@type":"EntryPoint","urlTemplate":"https:\/\/kuzeyinsesi.org\/?s={search_term_string}"},"query-input":{"@type":"PropertyValueSpecification","valueRequired":true,"valueName":"search_term_string"}}],"inLanguage":"tr"},{"@type":"Person","@id":"https:\/\/kuzeyinsesi.org\/#\/schema\/person\/9f859689cdf01485597712386e37f5aa","name":"Kuzeyin Sesi","image":{"@type":"ImageObject","inLanguage":"tr","@id":"https:\/\/secure.gravatar.com\/avatar\/bab33852abfd8b282518d6ed81826833d77c3c882d9ab608add591ccace47a44?s=96&d=mm&r=g","url":"https:\/\/secure.gravatar.com\/avatar\/bab33852abfd8b282518d6ed81826833d77c3c882d9ab608add591ccace47a44?s=96&d=mm&r=g","contentUrl":"https:\/\/secure.gravatar.com\/avatar\/bab33852abfd8b282518d6ed81826833d77c3c882d9ab608add591ccace47a44?s=96&d=mm&r=g","caption":"Kuzeyin Sesi"},"sameAs":["https:\/\/kuzeyinsesi.org"],"url":"https:\/\/kuzeyinsesi.org\/index.php\/author\/guven\/"}]}},"_links":{"self":[{"href":"https:\/\/kuzeyinsesi.org\/index.php\/wp-json\/wp\/v2\/posts\/5192","targetHints":{"allow":["GET"]}}],"collection":[{"href":"https:\/\/kuzeyinsesi.org\/index.php\/wp-json\/wp\/v2\/posts"}],"about":[{"href":"https:\/\/kuzeyinsesi.org\/index.php\/wp-json\/wp\/v2\/types\/post"}],"author":[{"embeddable":true,"href":"https:\/\/kuzeyinsesi.org\/index.php\/wp-json\/wp\/v2\/users\/1"}],"replies":[{"embeddable":true,"href":"https:\/\/kuzeyinsesi.org\/index.php\/wp-json\/wp\/v2\/comments?post=5192"}],"version-history":[{"count":0,"href":"https:\/\/kuzeyinsesi.org\/index.php\/wp-json\/wp\/v2\/posts\/5192\/revisions"}],"wp:featuredmedia":[{"embeddable":true,"href":"https:\/\/kuzeyinsesi.org\/index.php\/wp-json\/wp\/v2\/media\/5193"}],"wp:attachment":[{"href":"https:\/\/kuzeyinsesi.org\/index.php\/wp-json\/wp\/v2\/media?parent=5192"}],"wp:term":[{"taxonomy":"category","embeddable":true,"href":"https:\/\/kuzeyinsesi.org\/index.php\/wp-json\/wp\/v2\/categories?post=5192"},{"taxonomy":"post_tag","embeddable":true,"href":"https:\/\/kuzeyinsesi.org\/index.php\/wp-json\/wp\/v2\/tags?post=5192"}],"curies":[{"name":"wp","href":"https:\/\/api.w.org\/{rel}","templated":true}]}}