{"id":5167,"date":"2024-06-23T13:50:59","date_gmt":"2024-06-23T10:50:59","guid":{"rendered":"https:\/\/kuzeyinsesi.com\/index.php\/2024\/06\/23\/fotografla-yasam-karma-fotograf-sergisi-carsamba-gunu-aciliyor\/"},"modified":"2024-06-23T13:50:59","modified_gmt":"2024-06-23T10:50:59","slug":"fotografla-yasam-karma-fotograf-sergisi-carsamba-gunu-aciliyor","status":"publish","type":"post","link":"https:\/\/kuzeyinsesi.org\/index.php\/2024\/06\/23\/fotografla-yasam-karma-fotograf-sergisi-carsamba-gunu-aciliyor\/","title":{"rendered":"\u201cFoto\u011frafla Ya\u015fam\u201d karma foto\u011fraf sergisi \u00e7ar\u015famba g\u00fcn\u00fc a\u00e7\u0131l\u0131yor"},"content":{"rendered":"<div>\n<div class=\"mariselle-image-container center\">\n                                            <\/div>\n<p>Filiz- \u00d6mer Hac\u0131o\u011fullar\u0131 \u00e7iftinin gezip g\u00f6rd\u00fckleri yerlerin ve k\u00fclt\u00fcrlerin foto\u011fraflar\u0131ndan olu\u015fan sergisi \u00e7ar\u015famba g\u00fcn\u00fc a\u00e7\u0131l\u0131yor.<\/p>\n<p> G\u00f6nyeli Sosyal Aktivite Merkezi\u2019ndeki  (G\u00f6nyeli SAM) \u201cFoto\u011fraflarla Ya\u015fam\u201d isimli karma serginin a\u00e7\u0131l\u0131\u015f\u0131 saat 19.00\u2019da yap\u0131lacak. Sergi 3 g\u00fcn s\u00fcrecek.<\/p>\n<p>G\u00f6nyeli \u2013 Alayk\u00f6y Belediye Ba\u015fkan\u0131 H\u00fcseyin Amcao\u011flu\u2019nun a\u00e7aca\u011f\u0131 sergiden elde edilecek gelirin tamam\u0131 G\u00f6nyeli \u2013 Alayk\u00f6y Belediyesi Hayvan Bar\u0131na\u011f\u0131\u2019na ba\u011f\u0131\u015flanacak.<\/p>\n<p>Hac\u0131o\u011fullar\u0131 \u00e7ifti konuyla ilgili a\u00e7\u0131klamalar\u0131nda, toplumlar\u0131n sahip olduklar\u0131 en b\u00fcy\u00fck de\u011feri, kimli\u011fi ve \u00f6z benli\u011fi olan k\u00fclt\u00fcr\u00fcn gelecek nesillere aktarman\u0131n \u00f6nemine vurgu yapt\u0131. <\/p>\n<p>\u00c7ift, yapt\u0131klar\u0131 gezilerde g\u00f6rd\u00fckleri k\u00fclt\u00fcrleri sadece kendilerinde sakl\u0131 kalmas\u0131n\u0131n do\u011fru olmad\u0131\u011f\u0131na inand\u0131klar\u0131ndan bu g\u00fczellik ve de\u011ferleri gelecek nesillere foto\u011fraflarla anlat\u0131p, payla\u015fmak d\u00fc\u015f\u00fcncesiyle bu sergiyi d\u00fczenlediklerini belirtti.<\/p>\n<\/p><\/div>\n<p><script async\n                    defer\n                    crossorigin=\"anonymous\"\n                    src=\"https:\/\/connect.facebook.net\/tr_TR\/sdk.js#xfbml=1&#038;version=v3.3\"\n            ><\/script><\/p>\n","protected":false},"excerpt":{"rendered":"<p>Filiz- \u00d6mer Hac\u0131o\u011fullar\u0131 \u00e7iftinin gezip g\u00f6rd\u00fckleri yerlerin ve k\u00fclt\u00fcrlerin foto\u011fraflar\u0131ndan olu\u015fan sergisi \u00e7ar\u015famba g\u00fcn\u00fc a\u00e7\u0131l\u0131yor. G\u00f6nyeli Sosyal Aktivite Merkezi\u2019ndeki (G\u00f6nyeli SAM) \u201cFoto\u011fraflarla Ya\u015fam\u201d isimli karma serginin a\u00e7\u0131l\u0131\u015f\u0131 saat 19.00\u2019da yap\u0131lacak. Sergi 3 g\u00fcn s\u00fcrecek. G\u00f6nyeli \u2013 Alayk\u00f6y Belediye Ba\u015fkan\u0131 H\u00fcseyin Amcao\u011flu\u2019nun a\u00e7aca\u011f\u0131 sergiden elde edilecek gelirin tamam\u0131 G\u00f6nyeli \u2013 Alayk\u00f6y Belediyesi Hayvan Bar\u0131na\u011f\u0131\u2019na ba\u011f\u0131\u015flanacak. Hac\u0131o\u011fullar\u0131 [&hellip;]<\/p>\n","protected":false},"author":1,"featured_media":5168,"comment_status":"open","ping_status":"open","sticky":false,"template":"","format":"standard","meta":{"jnews-multi-image_gallery":[],"jnews_single_post":[],"jnews_primary_category":[],"jnews_social_meta":[],"jnews_override_counter":[],"footnotes":""},"categories":[6],"tags":[],"class_list":["post-5167","post","type-post","status-publish","format-standard","has-post-thumbnail","hentry","category-yasam"],"yoast_head":"<!-- This site is optimized with the Yoast SEO plugin v27.5 - https:\/\/yoast.com\/product\/yoast-seo-wordpress\/ -->\n<title>\u201cFoto\u011frafla Ya\u015fam\u201d karma foto\u011fraf sergisi \u00e7ar\u015famba g\u00fcn\u00fc a\u00e7\u0131l\u0131yor - Kuzeyin Sesi<\/title>\n<meta name=\"robots\" content=\"index, follow, max-snippet:-1, max-image-preview:large, max-video-preview:-1\" \/>\n<link rel=\"canonical\" href=\"https:\/\/kuzeyinsesi.org\/index.php\/2024\/06\/23\/fotografla-yasam-karma-fotograf-sergisi-carsamba-gunu-aciliyor\/\" \/>\n<meta property=\"og:locale\" content=\"tr_TR\" \/>\n<meta property=\"og:type\" content=\"article\" \/>\n<meta property=\"og:title\" content=\"\u201cFoto\u011frafla Ya\u015fam\u201d karma foto\u011fraf sergisi \u00e7ar\u015famba g\u00fcn\u00fc a\u00e7\u0131l\u0131yor - Kuzeyin Sesi\" \/>\n<meta property=\"og:description\" content=\"Filiz- \u00d6mer Hac\u0131o\u011fullar\u0131 \u00e7iftinin gezip g\u00f6rd\u00fckleri yerlerin ve k\u00fclt\u00fcrlerin foto\u011fraflar\u0131ndan olu\u015fan sergisi \u00e7ar\u015famba g\u00fcn\u00fc a\u00e7\u0131l\u0131yor. G\u00f6nyeli Sosyal Aktivite Merkezi\u2019ndeki (G\u00f6nyeli SAM) \u201cFoto\u011fraflarla Ya\u015fam\u201d isimli karma serginin a\u00e7\u0131l\u0131\u015f\u0131 saat 19.00\u2019da yap\u0131lacak. Sergi 3 g\u00fcn s\u00fcrecek. G\u00f6nyeli \u2013 Alayk\u00f6y Belediye Ba\u015fkan\u0131 H\u00fcseyin Amcao\u011flu\u2019nun a\u00e7aca\u011f\u0131 sergiden elde edilecek gelirin tamam\u0131 G\u00f6nyeli \u2013 Alayk\u00f6y Belediyesi Hayvan Bar\u0131na\u011f\u0131\u2019na ba\u011f\u0131\u015flanacak. Hac\u0131o\u011fullar\u0131 [&hellip;]\" \/>\n<meta property=\"og:url\" content=\"https:\/\/kuzeyinsesi.org\/index.php\/2024\/06\/23\/fotografla-yasam-karma-fotograf-sergisi-carsamba-gunu-aciliyor\/\" \/>\n<meta property=\"og:site_name\" content=\"Kuzeyin Sesi\" \/>\n<meta property=\"article:publisher\" content=\"https:\/\/www.facebook.com\/kuzeyinsesii\" \/>\n<meta property=\"article:published_time\" content=\"2024-06-23T10:50:59+00:00\" \/>\n<meta property=\"og:image\" content=\"https:\/\/kuzeyinsesi.org\/wp-content\/uploads\/2024\/06\/img-20240622-wa0022.jpg\" \/>\n\t<meta property=\"og:image:width\" content=\"1600\" \/>\n\t<meta property=\"og:image:height\" content=\"1066\" \/>\n\t<meta property=\"og:image:type\" content=\"image\/jpeg\" \/>\n<meta name=\"author\" content=\"Kuzeyin Sesi\" \/>\n<meta name=\"twitter:card\" content=\"summary_large_image\" \/>\n<meta name=\"twitter:creator\" content=\"@kuzeyinsesii\" \/>\n<meta name=\"twitter:site\" content=\"@kuzeyinsesii\" \/>\n<meta name=\"twitter:label1\" content=\"Yazan:\" \/>\n\t<meta name=\"twitter:data1\" content=\"Kuzeyin Sesi\" \/>\n\t<meta name=\"twitter:label2\" content=\"Tahmini okuma s\u00fcresi\" \/>\n\t<meta name=\"twitter:data2\" content=\"1 dakika\" \/>\n<script type=\"application\/ld+json\" class=\"yoast-schema-graph\">{\"@context\":\"https:\\\/\\\/schema.org\",\"@graph\":[{\"@type\":\"Article\",\"@id\":\"https:\\\/\\\/kuzeyinsesi.org\\\/index.php\\\/2024\\\/06\\\/23\\\/fotografla-yasam-karma-fotograf-sergisi-carsamba-gunu-aciliyor\\\/#article\",\"isPartOf\":{\"@id\":\"https:\\\/\\\/kuzeyinsesi.org\\\/index.php\\\/2024\\\/06\\\/23\\\/fotografla-yasam-karma-fotograf-sergisi-carsamba-gunu-aciliyor\\\/\"},\"author\":{\"name\":\"Kuzeyin Sesi\",\"@id\":\"https:\\\/\\\/kuzeyinsesi.org\\\/#\\\/schema\\\/person\\\/9f859689cdf01485597712386e37f5aa\"},\"headline\":\"\u201cFoto\u011frafla Ya\u015fam\u201d karma foto\u011fraf sergisi \u00e7ar\u015famba g\u00fcn\u00fc a\u00e7\u0131l\u0131yor\",\"datePublished\":\"2024-06-23T10:50:59+00:00\",\"mainEntityOfPage\":{\"@id\":\"https:\\\/\\\/kuzeyinsesi.org\\\/index.php\\\/2024\\\/06\\\/23\\\/fotografla-yasam-karma-fotograf-sergisi-carsamba-gunu-aciliyor\\\/\"},\"wordCount\":181,\"commentCount\":0,\"image\":{\"@id\":\"https:\\\/\\\/kuzeyinsesi.org\\\/index.php\\\/2024\\\/06\\\/23\\\/fotografla-yasam-karma-fotograf-sergisi-carsamba-gunu-aciliyor\\\/#primaryimage\"},\"thumbnailUrl\":\"https:\\\/\\\/kuzeyinsesi.org\\\/wp-content\\\/uploads\\\/2024\\\/06\\\/img-20240622-wa0022.jpg\",\"articleSection\":[\"Ya\u015fam\"],\"inLanguage\":\"tr\",\"potentialAction\":[{\"@type\":\"CommentAction\",\"name\":\"Comment\",\"target\":[\"https:\\\/\\\/kuzeyinsesi.org\\\/index.php\\\/2024\\\/06\\\/23\\\/fotografla-yasam-karma-fotograf-sergisi-carsamba-gunu-aciliyor\\\/#respond\"]}]},{\"@type\":\"WebPage\",\"@id\":\"https:\\\/\\\/kuzeyinsesi.org\\\/index.php\\\/2024\\\/06\\\/23\\\/fotografla-yasam-karma-fotograf-sergisi-carsamba-gunu-aciliyor\\\/\",\"url\":\"https:\\\/\\\/kuzeyinsesi.org\\\/index.php\\\/2024\\\/06\\\/23\\\/fotografla-yasam-karma-fotograf-sergisi-carsamba-gunu-aciliyor\\\/\",\"name\":\"\u201cFoto\u011frafla Ya\u015fam\u201d karma foto\u011fraf sergisi \u00e7ar\u015famba g\u00fcn\u00fc a\u00e7\u0131l\u0131yor - Kuzeyin Sesi\",\"isPartOf\":{\"@id\":\"https:\\\/\\\/kuzeyinsesi.org\\\/#website\"},\"primaryImageOfPage\":{\"@id\":\"https:\\\/\\\/kuzeyinsesi.org\\\/index.php\\\/2024\\\/06\\\/23\\\/fotografla-yasam-karma-fotograf-sergisi-carsamba-gunu-aciliyor\\\/#primaryimage\"},\"image\":{\"@id\":\"https:\\\/\\\/kuzeyinsesi.org\\\/index.php\\\/2024\\\/06\\\/23\\\/fotografla-yasam-karma-fotograf-sergisi-carsamba-gunu-aciliyor\\\/#primaryimage\"},\"thumbnailUrl\":\"https:\\\/\\\/kuzeyinsesi.org\\\/wp-content\\\/uploads\\\/2024\\\/06\\\/img-20240622-wa0022.jpg\",\"datePublished\":\"2024-06-23T10:50:59+00:00\",\"author\":{\"@id\":\"https:\\\/\\\/kuzeyinsesi.org\\\/#\\\/schema\\\/person\\\/9f859689cdf01485597712386e37f5aa\"},\"breadcrumb\":{\"@id\":\"https:\\\/\\\/kuzeyinsesi.org\\\/index.php\\\/2024\\\/06\\\/23\\\/fotografla-yasam-karma-fotograf-sergisi-carsamba-gunu-aciliyor\\\/#breadcrumb\"},\"inLanguage\":\"tr\",\"potentialAction\":[{\"@type\":\"ReadAction\",\"target\":[\"https:\\\/\\\/kuzeyinsesi.org\\\/index.php\\\/2024\\\/06\\\/23\\\/fotografla-yasam-karma-fotograf-sergisi-carsamba-gunu-aciliyor\\\/\"]}]},{\"@type\":\"ImageObject\",\"inLanguage\":\"tr\",\"@id\":\"https:\\\/\\\/kuzeyinsesi.org\\\/index.php\\\/2024\\\/06\\\/23\\\/fotografla-yasam-karma-fotograf-sergisi-carsamba-gunu-aciliyor\\\/#primaryimage\",\"url\":\"https:\\\/\\\/kuzeyinsesi.org\\\/wp-content\\\/uploads\\\/2024\\\/06\\\/img-20240622-wa0022.jpg\",\"contentUrl\":\"https:\\\/\\\/kuzeyinsesi.org\\\/wp-content\\\/uploads\\\/2024\\\/06\\\/img-20240622-wa0022.jpg\",\"width\":1600,\"height\":1066},{\"@type\":\"BreadcrumbList\",\"@id\":\"https:\\\/\\\/kuzeyinsesi.org\\\/index.php\\\/2024\\\/06\\\/23\\\/fotografla-yasam-karma-fotograf-sergisi-carsamba-gunu-aciliyor\\\/#breadcrumb\",\"itemListElement\":[{\"@type\":\"ListItem\",\"position\":1,\"name\":\"Anasayfa\",\"item\":\"https:\\\/\\\/kuzeyinsesi.org\\\/\"},{\"@type\":\"ListItem\",\"position\":2,\"name\":\"\u201cFoto\u011frafla Ya\u015fam\u201d karma foto\u011fraf sergisi \u00e7ar\u015famba g\u00fcn\u00fc a\u00e7\u0131l\u0131yor\"}]},{\"@type\":\"WebSite\",\"@id\":\"https:\\\/\\\/kuzeyinsesi.org\\\/#website\",\"url\":\"https:\\\/\\\/kuzeyinsesi.org\\\/\",\"name\":\"Kuzeyin Sesi\",\"description\":\"Do\u011fru Haberin Adresi\",\"potentialAction\":[{\"@type\":\"SearchAction\",\"target\":{\"@type\":\"EntryPoint\",\"urlTemplate\":\"https:\\\/\\\/kuzeyinsesi.org\\\/?s={search_term_string}\"},\"query-input\":{\"@type\":\"PropertyValueSpecification\",\"valueRequired\":true,\"valueName\":\"search_term_string\"}}],\"inLanguage\":\"tr\"},{\"@type\":\"Person\",\"@id\":\"https:\\\/\\\/kuzeyinsesi.org\\\/#\\\/schema\\\/person\\\/9f859689cdf01485597712386e37f5aa\",\"name\":\"Kuzeyin Sesi\",\"image\":{\"@type\":\"ImageObject\",\"inLanguage\":\"tr\",\"@id\":\"https:\\\/\\\/secure.gravatar.com\\\/avatar\\\/bab33852abfd8b282518d6ed81826833d77c3c882d9ab608add591ccace47a44?s=96&d=mm&r=g\",\"url\":\"https:\\\/\\\/secure.gravatar.com\\\/avatar\\\/bab33852abfd8b282518d6ed81826833d77c3c882d9ab608add591ccace47a44?s=96&d=mm&r=g\",\"contentUrl\":\"https:\\\/\\\/secure.gravatar.com\\\/avatar\\\/bab33852abfd8b282518d6ed81826833d77c3c882d9ab608add591ccace47a44?s=96&d=mm&r=g\",\"caption\":\"Kuzeyin Sesi\"},\"sameAs\":[\"https:\\\/\\\/kuzeyinsesi.org\"],\"url\":\"https:\\\/\\\/kuzeyinsesi.org\\\/index.php\\\/author\\\/guven\\\/\"}]}<\/script>\n<!-- \/ Yoast SEO plugin. -->","yoast_head_json":{"title":"\u201cFoto\u011frafla Ya\u015fam\u201d karma foto\u011fraf sergisi \u00e7ar\u015famba g\u00fcn\u00fc a\u00e7\u0131l\u0131yor - Kuzeyin Sesi","robots":{"index":"index","follow":"follow","max-snippet":"max-snippet:-1","max-image-preview":"max-image-preview:large","max-video-preview":"max-video-preview:-1"},"canonical":"https:\/\/kuzeyinsesi.org\/index.php\/2024\/06\/23\/fotografla-yasam-karma-fotograf-sergisi-carsamba-gunu-aciliyor\/","og_locale":"tr_TR","og_type":"article","og_title":"\u201cFoto\u011frafla Ya\u015fam\u201d karma foto\u011fraf sergisi \u00e7ar\u015famba g\u00fcn\u00fc a\u00e7\u0131l\u0131yor - Kuzeyin Sesi","og_description":"Filiz- \u00d6mer Hac\u0131o\u011fullar\u0131 \u00e7iftinin gezip g\u00f6rd\u00fckleri yerlerin ve k\u00fclt\u00fcrlerin foto\u011fraflar\u0131ndan olu\u015fan sergisi \u00e7ar\u015famba g\u00fcn\u00fc a\u00e7\u0131l\u0131yor. G\u00f6nyeli Sosyal Aktivite Merkezi\u2019ndeki (G\u00f6nyeli SAM) \u201cFoto\u011fraflarla Ya\u015fam\u201d isimli karma serginin a\u00e7\u0131l\u0131\u015f\u0131 saat 19.00\u2019da yap\u0131lacak. Sergi 3 g\u00fcn s\u00fcrecek. G\u00f6nyeli \u2013 Alayk\u00f6y Belediye Ba\u015fkan\u0131 H\u00fcseyin Amcao\u011flu\u2019nun a\u00e7aca\u011f\u0131 sergiden elde edilecek gelirin tamam\u0131 G\u00f6nyeli \u2013 Alayk\u00f6y Belediyesi Hayvan Bar\u0131na\u011f\u0131\u2019na ba\u011f\u0131\u015flanacak. Hac\u0131o\u011fullar\u0131 [&hellip;]","og_url":"https:\/\/kuzeyinsesi.org\/index.php\/2024\/06\/23\/fotografla-yasam-karma-fotograf-sergisi-carsamba-gunu-aciliyor\/","og_site_name":"Kuzeyin Sesi","article_publisher":"https:\/\/www.facebook.com\/kuzeyinsesii","article_published_time":"2024-06-23T10:50:59+00:00","og_image":[{"width":1600,"height":1066,"url":"https:\/\/kuzeyinsesi.org\/wp-content\/uploads\/2024\/06\/img-20240622-wa0022.jpg","type":"image\/jpeg"}],"author":"Kuzeyin Sesi","twitter_card":"summary_large_image","twitter_creator":"@kuzeyinsesii","twitter_site":"@kuzeyinsesii","twitter_misc":{"Yazan:":"Kuzeyin Sesi","Tahmini okuma s\u00fcresi":"1 dakika"},"schema":{"@context":"https:\/\/schema.org","@graph":[{"@type":"Article","@id":"https:\/\/kuzeyinsesi.org\/index.php\/2024\/06\/23\/fotografla-yasam-karma-fotograf-sergisi-carsamba-gunu-aciliyor\/#article","isPartOf":{"@id":"https:\/\/kuzeyinsesi.org\/index.php\/2024\/06\/23\/fotografla-yasam-karma-fotograf-sergisi-carsamba-gunu-aciliyor\/"},"author":{"name":"Kuzeyin Sesi","@id":"https:\/\/kuzeyinsesi.org\/#\/schema\/person\/9f859689cdf01485597712386e37f5aa"},"headline":"\u201cFoto\u011frafla Ya\u015fam\u201d karma foto\u011fraf sergisi \u00e7ar\u015famba g\u00fcn\u00fc a\u00e7\u0131l\u0131yor","datePublished":"2024-06-23T10:50:59+00:00","mainEntityOfPage":{"@id":"https:\/\/kuzeyinsesi.org\/index.php\/2024\/06\/23\/fotografla-yasam-karma-fotograf-sergisi-carsamba-gunu-aciliyor\/"},"wordCount":181,"commentCount":0,"image":{"@id":"https:\/\/kuzeyinsesi.org\/index.php\/2024\/06\/23\/fotografla-yasam-karma-fotograf-sergisi-carsamba-gunu-aciliyor\/#primaryimage"},"thumbnailUrl":"https:\/\/kuzeyinsesi.org\/wp-content\/uploads\/2024\/06\/img-20240622-wa0022.jpg","articleSection":["Ya\u015fam"],"inLanguage":"tr","potentialAction":[{"@type":"CommentAction","name":"Comment","target":["https:\/\/kuzeyinsesi.org\/index.php\/2024\/06\/23\/fotografla-yasam-karma-fotograf-sergisi-carsamba-gunu-aciliyor\/#respond"]}]},{"@type":"WebPage","@id":"https:\/\/kuzeyinsesi.org\/index.php\/2024\/06\/23\/fotografla-yasam-karma-fotograf-sergisi-carsamba-gunu-aciliyor\/","url":"https:\/\/kuzeyinsesi.org\/index.php\/2024\/06\/23\/fotografla-yasam-karma-fotograf-sergisi-carsamba-gunu-aciliyor\/","name":"\u201cFoto\u011frafla Ya\u015fam\u201d karma foto\u011fraf sergisi \u00e7ar\u015famba g\u00fcn\u00fc a\u00e7\u0131l\u0131yor - Kuzeyin Sesi","isPartOf":{"@id":"https:\/\/kuzeyinsesi.org\/#website"},"primaryImageOfPage":{"@id":"https:\/\/kuzeyinsesi.org\/index.php\/2024\/06\/23\/fotografla-yasam-karma-fotograf-sergisi-carsamba-gunu-aciliyor\/#primaryimage"},"image":{"@id":"https:\/\/kuzeyinsesi.org\/index.php\/2024\/06\/23\/fotografla-yasam-karma-fotograf-sergisi-carsamba-gunu-aciliyor\/#primaryimage"},"thumbnailUrl":"https:\/\/kuzeyinsesi.org\/wp-content\/uploads\/2024\/06\/img-20240622-wa0022.jpg","datePublished":"2024-06-23T10:50:59+00:00","author":{"@id":"https:\/\/kuzeyinsesi.org\/#\/schema\/person\/9f859689cdf01485597712386e37f5aa"},"breadcrumb":{"@id":"https:\/\/kuzeyinsesi.org\/index.php\/2024\/06\/23\/fotografla-yasam-karma-fotograf-sergisi-carsamba-gunu-aciliyor\/#breadcrumb"},"inLanguage":"tr","potentialAction":[{"@type":"ReadAction","target":["https:\/\/kuzeyinsesi.org\/index.php\/2024\/06\/23\/fotografla-yasam-karma-fotograf-sergisi-carsamba-gunu-aciliyor\/"]}]},{"@type":"ImageObject","inLanguage":"tr","@id":"https:\/\/kuzeyinsesi.org\/index.php\/2024\/06\/23\/fotografla-yasam-karma-fotograf-sergisi-carsamba-gunu-aciliyor\/#primaryimage","url":"https:\/\/kuzeyinsesi.org\/wp-content\/uploads\/2024\/06\/img-20240622-wa0022.jpg","contentUrl":"https:\/\/kuzeyinsesi.org\/wp-content\/uploads\/2024\/06\/img-20240622-wa0022.jpg","width":1600,"height":1066},{"@type":"BreadcrumbList","@id":"https:\/\/kuzeyinsesi.org\/index.php\/2024\/06\/23\/fotografla-yasam-karma-fotograf-sergisi-carsamba-gunu-aciliyor\/#breadcrumb","itemListElement":[{"@type":"ListItem","position":1,"name":"Anasayfa","item":"https:\/\/kuzeyinsesi.org\/"},{"@type":"ListItem","position":2,"name":"\u201cFoto\u011frafla Ya\u015fam\u201d karma foto\u011fraf sergisi \u00e7ar\u015famba g\u00fcn\u00fc a\u00e7\u0131l\u0131yor"}]},{"@type":"WebSite","@id":"https:\/\/kuzeyinsesi.org\/#website","url":"https:\/\/kuzeyinsesi.org\/","name":"Kuzeyin Sesi","description":"Do\u011fru Haberin Adresi","potentialAction":[{"@type":"SearchAction","target":{"@type":"EntryPoint","urlTemplate":"https:\/\/kuzeyinsesi.org\/?s={search_term_string}"},"query-input":{"@type":"PropertyValueSpecification","valueRequired":true,"valueName":"search_term_string"}}],"inLanguage":"tr"},{"@type":"Person","@id":"https:\/\/kuzeyinsesi.org\/#\/schema\/person\/9f859689cdf01485597712386e37f5aa","name":"Kuzeyin Sesi","image":{"@type":"ImageObject","inLanguage":"tr","@id":"https:\/\/secure.gravatar.com\/avatar\/bab33852abfd8b282518d6ed81826833d77c3c882d9ab608add591ccace47a44?s=96&d=mm&r=g","url":"https:\/\/secure.gravatar.com\/avatar\/bab33852abfd8b282518d6ed81826833d77c3c882d9ab608add591ccace47a44?s=96&d=mm&r=g","contentUrl":"https:\/\/secure.gravatar.com\/avatar\/bab33852abfd8b282518d6ed81826833d77c3c882d9ab608add591ccace47a44?s=96&d=mm&r=g","caption":"Kuzeyin Sesi"},"sameAs":["https:\/\/kuzeyinsesi.org"],"url":"https:\/\/kuzeyinsesi.org\/index.php\/author\/guven\/"}]}},"_links":{"self":[{"href":"https:\/\/kuzeyinsesi.org\/index.php\/wp-json\/wp\/v2\/posts\/5167","targetHints":{"allow":["GET"]}}],"collection":[{"href":"https:\/\/kuzeyinsesi.org\/index.php\/wp-json\/wp\/v2\/posts"}],"about":[{"href":"https:\/\/kuzeyinsesi.org\/index.php\/wp-json\/wp\/v2\/types\/post"}],"author":[{"embeddable":true,"href":"https:\/\/kuzeyinsesi.org\/index.php\/wp-json\/wp\/v2\/users\/1"}],"replies":[{"embeddable":true,"href":"https:\/\/kuzeyinsesi.org\/index.php\/wp-json\/wp\/v2\/comments?post=5167"}],"version-history":[{"count":0,"href":"https:\/\/kuzeyinsesi.org\/index.php\/wp-json\/wp\/v2\/posts\/5167\/revisions"}],"wp:featuredmedia":[{"embeddable":true,"href":"https:\/\/kuzeyinsesi.org\/index.php\/wp-json\/wp\/v2\/media\/5168"}],"wp:attachment":[{"href":"https:\/\/kuzeyinsesi.org\/index.php\/wp-json\/wp\/v2\/media?parent=5167"}],"wp:term":[{"taxonomy":"category","embeddable":true,"href":"https:\/\/kuzeyinsesi.org\/index.php\/wp-json\/wp\/v2\/categories?post=5167"},{"taxonomy":"post_tag","embeddable":true,"href":"https:\/\/kuzeyinsesi.org\/index.php\/wp-json\/wp\/v2\/tags?post=5167"}],"curies":[{"name":"wp","href":"https:\/\/api.w.org\/{rel}","templated":true}]}}