{"id":5117,"date":"2024-06-21T18:56:53","date_gmt":"2024-06-21T15:56:53","guid":{"rendered":"https:\/\/kuzeyinsesi.com\/index.php\/2024\/06\/21\/uc-ciltlik-kibris-masallari-kitabi-cikti\/"},"modified":"2024-06-21T18:56:53","modified_gmt":"2024-06-21T15:56:53","slug":"uc-ciltlik-kibris-masallari-kitabi-cikti","status":"publish","type":"post","link":"https:\/\/kuzeyinsesi.org\/index.php\/2024\/06\/21\/uc-ciltlik-kibris-masallari-kitabi-cikti\/","title":{"rendered":"\u00dc\u00e7 Ciltlik K\u0131br\u0131s Masallar\u0131 kitab\u0131 \u00e7\u0131kt\u0131"},"content":{"rendered":"<div>\n<div class=\"mariselle-image-container center\">\n                                            <\/div>\n<p>K\u0131br\u0131s\u2019ta yaz\u0131 dilinde masal, halk dilinde mesel olarak kullan\u0131lan bu s\u00f6zc\u00fc\u011f\u00fcn anlatt\u0131klar\u0131, her iki s\u00f6zc\u00fc\u011f\u00fcn anlatt\u0131klar\u0131ndan \u00e7ok daha geni\u015ftir. Masallar, K\u0131br\u0131s\u2019ta yaln\u0131z \u00e7ocuklara de\u011fil, 1960 \u00f6ncesinde yeti\u015fkinlere de anlat\u0131l\u0131yordu. K\u00f6ylerde, yaz ak\u015famlar\u0131 geni\u015f avlularda veya k\u00f6y meydan\u0131nda toplanan kad\u0131nlar, bir taraftan i\u015f yaparken bir taraftan da masal anlat\u0131rlard\u0131. \u00c7ocuklar\u0131yla gelenler ve \u00e7ocuksuz olanlar, bu masallar\u0131 can kula\u011f\u0131 ile dinlerlerdi.<\/p>\n<p>Can kula\u011f\u0131yla dinlenen bu \u201cmeseller\u201d, uzun s\u00fcren bir ara\u015ft\u0131rma sonucunda, K\u0131br\u0131s T\u00fcrk Yazarlar Birli\u011fi ve Yak\u0131n Do\u011fu \u00dcniversitesi K\u0131br\u0131s Ara\u015ft\u0131rmalar\u0131 Merkezi Ba\u015fkan\u0131 Prof.Dr.\u015eevket \u00d6znur ve ara\u015ft\u0131rmac\u0131-yazar, Cumhurba\u015fkan\u0131 \u00d6zel Kalem M\u00fcd\u00fcr\u00fc Dr.\u00c7a\u011f\u0131n Zort taraf\u0131ndan derlendi. Bu k\u00fclt\u00fcrel miras; Baf\u2019tan \u0130n\u00f6n\u00fc\u2019ye, Larnaka\u2019dan Lefke\u2019ye K\u0131br\u0131s\u2019\u0131n t\u00fcm masal belle\u011fini 3.cilt halinde bu kitapla sunuldu. Kitaplarda, 100\u2019den fazla kaynak ki\u015fiden 500\u2019den fazla masal yer ald\u0131.<\/p>\n<p>Yazarlar taraf\u0131ndan yap\u0131lan a\u00e7\u0131klamada, somut olmayan k\u00fclt\u00fcrel miras olarak masallara sahip \u00e7\u0131kman\u0131n, \u00f6zellikle eski g\u00fcnlerde var olan halk anlat\u0131c\u0131lar\u0131, halk sanat\u00e7\u0131lar\u0131 g\u00fcnden g\u00fcne azald\u0131\u011f\u0131 i\u00e7in b\u00fcy\u00fck \u00f6nem ta\u015f\u0131d\u0131\u011f\u0131 belirtildi. T\u00fcrkiye\u2019de Berikan (Tulpars) yay\u0131nlar\u0131 taraf\u0131ndan yay\u0131nlanan bu eserle, K\u0131br\u0131s masallar\u0131n\u0131 biraz olsun gen\u00e7 ku\u015faklara tan\u0131t\u0131lmas\u0131n\u0131n hedeflendi\u011fi vurguland\u0131.<\/p>\n<\/p><\/div>\n<p><script async\n                    defer\n                    crossorigin=\"anonymous\"\n                    src=\"https:\/\/connect.facebook.net\/tr_TR\/sdk.js#xfbml=1&#038;version=v3.3\"\n            ><\/script><\/p>\n","protected":false},"excerpt":{"rendered":"<p>K\u0131br\u0131s\u2019ta yaz\u0131 dilinde masal, halk dilinde mesel olarak kullan\u0131lan bu s\u00f6zc\u00fc\u011f\u00fcn anlatt\u0131klar\u0131, her iki s\u00f6zc\u00fc\u011f\u00fcn anlatt\u0131klar\u0131ndan \u00e7ok daha geni\u015ftir. Masallar, K\u0131br\u0131s\u2019ta yaln\u0131z \u00e7ocuklara de\u011fil, 1960 \u00f6ncesinde yeti\u015fkinlere de anlat\u0131l\u0131yordu. K\u00f6ylerde, yaz ak\u015famlar\u0131 geni\u015f avlularda veya k\u00f6y meydan\u0131nda toplanan kad\u0131nlar, bir taraftan i\u015f yaparken bir taraftan da masal anlat\u0131rlard\u0131. \u00c7ocuklar\u0131yla gelenler ve \u00e7ocuksuz olanlar, bu masallar\u0131 [&hellip;]<\/p>\n","protected":false},"author":1,"featured_media":5118,"comment_status":"open","ping_status":"open","sticky":false,"template":"","format":"standard","meta":{"jnews-multi-image_gallery":[],"jnews_single_post":[],"jnews_primary_category":[],"jnews_social_meta":[],"jnews_override_counter":[],"footnotes":""},"categories":[6],"tags":[],"class_list":["post-5117","post","type-post","status-publish","format-standard","has-post-thumbnail","hentry","category-yasam"],"yoast_head":"<!-- This site is optimized with the Yoast SEO plugin v27.5 - https:\/\/yoast.com\/product\/yoast-seo-wordpress\/ -->\n<title>\u00dc\u00e7 Ciltlik K\u0131br\u0131s Masallar\u0131 kitab\u0131 \u00e7\u0131kt\u0131 - Kuzeyin Sesi<\/title>\n<meta name=\"robots\" content=\"index, follow, max-snippet:-1, max-image-preview:large, max-video-preview:-1\" \/>\n<link rel=\"canonical\" href=\"https:\/\/kuzeyinsesi.org\/index.php\/2024\/06\/21\/uc-ciltlik-kibris-masallari-kitabi-cikti\/\" \/>\n<meta property=\"og:locale\" content=\"tr_TR\" \/>\n<meta property=\"og:type\" content=\"article\" \/>\n<meta property=\"og:title\" content=\"\u00dc\u00e7 Ciltlik K\u0131br\u0131s Masallar\u0131 kitab\u0131 \u00e7\u0131kt\u0131 - Kuzeyin Sesi\" \/>\n<meta property=\"og:description\" content=\"K\u0131br\u0131s\u2019ta yaz\u0131 dilinde masal, halk dilinde mesel olarak kullan\u0131lan bu s\u00f6zc\u00fc\u011f\u00fcn anlatt\u0131klar\u0131, her iki s\u00f6zc\u00fc\u011f\u00fcn anlatt\u0131klar\u0131ndan \u00e7ok daha geni\u015ftir. Masallar, K\u0131br\u0131s\u2019ta yaln\u0131z \u00e7ocuklara de\u011fil, 1960 \u00f6ncesinde yeti\u015fkinlere de anlat\u0131l\u0131yordu. K\u00f6ylerde, yaz ak\u015famlar\u0131 geni\u015f avlularda veya k\u00f6y meydan\u0131nda toplanan kad\u0131nlar, bir taraftan i\u015f yaparken bir taraftan da masal anlat\u0131rlard\u0131. \u00c7ocuklar\u0131yla gelenler ve \u00e7ocuksuz olanlar, bu masallar\u0131 [&hellip;]\" \/>\n<meta property=\"og:url\" content=\"https:\/\/kuzeyinsesi.org\/index.php\/2024\/06\/21\/uc-ciltlik-kibris-masallari-kitabi-cikti\/\" \/>\n<meta property=\"og:site_name\" content=\"Kuzeyin Sesi\" \/>\n<meta property=\"article:publisher\" content=\"https:\/\/www.facebook.com\/kuzeyinsesii\" \/>\n<meta property=\"article:published_time\" content=\"2024-06-21T15:56:53+00:00\" \/>\n<meta property=\"og:image\" content=\"https:\/\/kuzeyinsesi.org\/wp-content\/uploads\/2024\/06\/uc-ciltlik-kibris-masallari-kitabi-cikti-1718976711.webp.webp\" \/>\n\t<meta property=\"og:image:width\" content=\"710\" \/>\n\t<meta property=\"og:image:height\" content=\"370\" \/>\n\t<meta property=\"og:image:type\" content=\"image\/webp\" \/>\n<meta name=\"author\" content=\"Kuzeyin Sesi\" \/>\n<meta name=\"twitter:card\" content=\"summary_large_image\" \/>\n<meta name=\"twitter:creator\" content=\"@kuzeyinsesii\" \/>\n<meta name=\"twitter:site\" content=\"@kuzeyinsesii\" \/>\n<meta name=\"twitter:label1\" content=\"Yazan:\" \/>\n\t<meta name=\"twitter:data1\" content=\"Kuzeyin Sesi\" \/>\n\t<meta name=\"twitter:label2\" content=\"Tahmini okuma s\u00fcresi\" \/>\n\t<meta name=\"twitter:data2\" content=\"1 dakika\" \/>\n<script type=\"application\/ld+json\" class=\"yoast-schema-graph\">{\"@context\":\"https:\\\/\\\/schema.org\",\"@graph\":[{\"@type\":\"Article\",\"@id\":\"https:\\\/\\\/kuzeyinsesi.org\\\/index.php\\\/2024\\\/06\\\/21\\\/uc-ciltlik-kibris-masallari-kitabi-cikti\\\/#article\",\"isPartOf\":{\"@id\":\"https:\\\/\\\/kuzeyinsesi.org\\\/index.php\\\/2024\\\/06\\\/21\\\/uc-ciltlik-kibris-masallari-kitabi-cikti\\\/\"},\"author\":{\"name\":\"Kuzeyin Sesi\",\"@id\":\"https:\\\/\\\/kuzeyinsesi.org\\\/#\\\/schema\\\/person\\\/9f859689cdf01485597712386e37f5aa\"},\"headline\":\"\u00dc\u00e7 Ciltlik K\u0131br\u0131s Masallar\u0131 kitab\u0131 \u00e7\u0131kt\u0131\",\"datePublished\":\"2024-06-21T15:56:53+00:00\",\"mainEntityOfPage\":{\"@id\":\"https:\\\/\\\/kuzeyinsesi.org\\\/index.php\\\/2024\\\/06\\\/21\\\/uc-ciltlik-kibris-masallari-kitabi-cikti\\\/\"},\"wordCount\":267,\"commentCount\":0,\"image\":{\"@id\":\"https:\\\/\\\/kuzeyinsesi.org\\\/index.php\\\/2024\\\/06\\\/21\\\/uc-ciltlik-kibris-masallari-kitabi-cikti\\\/#primaryimage\"},\"thumbnailUrl\":\"https:\\\/\\\/kuzeyinsesi.org\\\/wp-content\\\/uploads\\\/2024\\\/06\\\/uc-ciltlik-kibris-masallari-kitabi-cikti-1718976711.webp.webp\",\"articleSection\":[\"Ya\u015fam\"],\"inLanguage\":\"tr\",\"potentialAction\":[{\"@type\":\"CommentAction\",\"name\":\"Comment\",\"target\":[\"https:\\\/\\\/kuzeyinsesi.org\\\/index.php\\\/2024\\\/06\\\/21\\\/uc-ciltlik-kibris-masallari-kitabi-cikti\\\/#respond\"]}]},{\"@type\":\"WebPage\",\"@id\":\"https:\\\/\\\/kuzeyinsesi.org\\\/index.php\\\/2024\\\/06\\\/21\\\/uc-ciltlik-kibris-masallari-kitabi-cikti\\\/\",\"url\":\"https:\\\/\\\/kuzeyinsesi.org\\\/index.php\\\/2024\\\/06\\\/21\\\/uc-ciltlik-kibris-masallari-kitabi-cikti\\\/\",\"name\":\"\u00dc\u00e7 Ciltlik K\u0131br\u0131s Masallar\u0131 kitab\u0131 \u00e7\u0131kt\u0131 - Kuzeyin Sesi\",\"isPartOf\":{\"@id\":\"https:\\\/\\\/kuzeyinsesi.org\\\/#website\"},\"primaryImageOfPage\":{\"@id\":\"https:\\\/\\\/kuzeyinsesi.org\\\/index.php\\\/2024\\\/06\\\/21\\\/uc-ciltlik-kibris-masallari-kitabi-cikti\\\/#primaryimage\"},\"image\":{\"@id\":\"https:\\\/\\\/kuzeyinsesi.org\\\/index.php\\\/2024\\\/06\\\/21\\\/uc-ciltlik-kibris-masallari-kitabi-cikti\\\/#primaryimage\"},\"thumbnailUrl\":\"https:\\\/\\\/kuzeyinsesi.org\\\/wp-content\\\/uploads\\\/2024\\\/06\\\/uc-ciltlik-kibris-masallari-kitabi-cikti-1718976711.webp.webp\",\"datePublished\":\"2024-06-21T15:56:53+00:00\",\"author\":{\"@id\":\"https:\\\/\\\/kuzeyinsesi.org\\\/#\\\/schema\\\/person\\\/9f859689cdf01485597712386e37f5aa\"},\"breadcrumb\":{\"@id\":\"https:\\\/\\\/kuzeyinsesi.org\\\/index.php\\\/2024\\\/06\\\/21\\\/uc-ciltlik-kibris-masallari-kitabi-cikti\\\/#breadcrumb\"},\"inLanguage\":\"tr\",\"potentialAction\":[{\"@type\":\"ReadAction\",\"target\":[\"https:\\\/\\\/kuzeyinsesi.org\\\/index.php\\\/2024\\\/06\\\/21\\\/uc-ciltlik-kibris-masallari-kitabi-cikti\\\/\"]}]},{\"@type\":\"ImageObject\",\"inLanguage\":\"tr\",\"@id\":\"https:\\\/\\\/kuzeyinsesi.org\\\/index.php\\\/2024\\\/06\\\/21\\\/uc-ciltlik-kibris-masallari-kitabi-cikti\\\/#primaryimage\",\"url\":\"https:\\\/\\\/kuzeyinsesi.org\\\/wp-content\\\/uploads\\\/2024\\\/06\\\/uc-ciltlik-kibris-masallari-kitabi-cikti-1718976711.webp.webp\",\"contentUrl\":\"https:\\\/\\\/kuzeyinsesi.org\\\/wp-content\\\/uploads\\\/2024\\\/06\\\/uc-ciltlik-kibris-masallari-kitabi-cikti-1718976711.webp.webp\",\"width\":710,\"height\":370},{\"@type\":\"BreadcrumbList\",\"@id\":\"https:\\\/\\\/kuzeyinsesi.org\\\/index.php\\\/2024\\\/06\\\/21\\\/uc-ciltlik-kibris-masallari-kitabi-cikti\\\/#breadcrumb\",\"itemListElement\":[{\"@type\":\"ListItem\",\"position\":1,\"name\":\"Anasayfa\",\"item\":\"https:\\\/\\\/kuzeyinsesi.org\\\/\"},{\"@type\":\"ListItem\",\"position\":2,\"name\":\"\u00dc\u00e7 Ciltlik K\u0131br\u0131s Masallar\u0131 kitab\u0131 \u00e7\u0131kt\u0131\"}]},{\"@type\":\"WebSite\",\"@id\":\"https:\\\/\\\/kuzeyinsesi.org\\\/#website\",\"url\":\"https:\\\/\\\/kuzeyinsesi.org\\\/\",\"name\":\"Kuzeyin Sesi\",\"description\":\"Do\u011fru Haberin Adresi\",\"potentialAction\":[{\"@type\":\"SearchAction\",\"target\":{\"@type\":\"EntryPoint\",\"urlTemplate\":\"https:\\\/\\\/kuzeyinsesi.org\\\/?s={search_term_string}\"},\"query-input\":{\"@type\":\"PropertyValueSpecification\",\"valueRequired\":true,\"valueName\":\"search_term_string\"}}],\"inLanguage\":\"tr\"},{\"@type\":\"Person\",\"@id\":\"https:\\\/\\\/kuzeyinsesi.org\\\/#\\\/schema\\\/person\\\/9f859689cdf01485597712386e37f5aa\",\"name\":\"Kuzeyin Sesi\",\"image\":{\"@type\":\"ImageObject\",\"inLanguage\":\"tr\",\"@id\":\"https:\\\/\\\/secure.gravatar.com\\\/avatar\\\/bab33852abfd8b282518d6ed81826833d77c3c882d9ab608add591ccace47a44?s=96&d=mm&r=g\",\"url\":\"https:\\\/\\\/secure.gravatar.com\\\/avatar\\\/bab33852abfd8b282518d6ed81826833d77c3c882d9ab608add591ccace47a44?s=96&d=mm&r=g\",\"contentUrl\":\"https:\\\/\\\/secure.gravatar.com\\\/avatar\\\/bab33852abfd8b282518d6ed81826833d77c3c882d9ab608add591ccace47a44?s=96&d=mm&r=g\",\"caption\":\"Kuzeyin Sesi\"},\"sameAs\":[\"https:\\\/\\\/kuzeyinsesi.org\"],\"url\":\"https:\\\/\\\/kuzeyinsesi.org\\\/index.php\\\/author\\\/guven\\\/\"}]}<\/script>\n<!-- \/ Yoast SEO plugin. -->","yoast_head_json":{"title":"\u00dc\u00e7 Ciltlik K\u0131br\u0131s Masallar\u0131 kitab\u0131 \u00e7\u0131kt\u0131 - Kuzeyin Sesi","robots":{"index":"index","follow":"follow","max-snippet":"max-snippet:-1","max-image-preview":"max-image-preview:large","max-video-preview":"max-video-preview:-1"},"canonical":"https:\/\/kuzeyinsesi.org\/index.php\/2024\/06\/21\/uc-ciltlik-kibris-masallari-kitabi-cikti\/","og_locale":"tr_TR","og_type":"article","og_title":"\u00dc\u00e7 Ciltlik K\u0131br\u0131s Masallar\u0131 kitab\u0131 \u00e7\u0131kt\u0131 - Kuzeyin Sesi","og_description":"K\u0131br\u0131s\u2019ta yaz\u0131 dilinde masal, halk dilinde mesel olarak kullan\u0131lan bu s\u00f6zc\u00fc\u011f\u00fcn anlatt\u0131klar\u0131, her iki s\u00f6zc\u00fc\u011f\u00fcn anlatt\u0131klar\u0131ndan \u00e7ok daha geni\u015ftir. Masallar, K\u0131br\u0131s\u2019ta yaln\u0131z \u00e7ocuklara de\u011fil, 1960 \u00f6ncesinde yeti\u015fkinlere de anlat\u0131l\u0131yordu. K\u00f6ylerde, yaz ak\u015famlar\u0131 geni\u015f avlularda veya k\u00f6y meydan\u0131nda toplanan kad\u0131nlar, bir taraftan i\u015f yaparken bir taraftan da masal anlat\u0131rlard\u0131. \u00c7ocuklar\u0131yla gelenler ve \u00e7ocuksuz olanlar, bu masallar\u0131 [&hellip;]","og_url":"https:\/\/kuzeyinsesi.org\/index.php\/2024\/06\/21\/uc-ciltlik-kibris-masallari-kitabi-cikti\/","og_site_name":"Kuzeyin Sesi","article_publisher":"https:\/\/www.facebook.com\/kuzeyinsesii","article_published_time":"2024-06-21T15:56:53+00:00","og_image":[{"width":710,"height":370,"url":"https:\/\/kuzeyinsesi.org\/wp-content\/uploads\/2024\/06\/uc-ciltlik-kibris-masallari-kitabi-cikti-1718976711.webp.webp","type":"image\/webp"}],"author":"Kuzeyin Sesi","twitter_card":"summary_large_image","twitter_creator":"@kuzeyinsesii","twitter_site":"@kuzeyinsesii","twitter_misc":{"Yazan:":"Kuzeyin Sesi","Tahmini okuma s\u00fcresi":"1 dakika"},"schema":{"@context":"https:\/\/schema.org","@graph":[{"@type":"Article","@id":"https:\/\/kuzeyinsesi.org\/index.php\/2024\/06\/21\/uc-ciltlik-kibris-masallari-kitabi-cikti\/#article","isPartOf":{"@id":"https:\/\/kuzeyinsesi.org\/index.php\/2024\/06\/21\/uc-ciltlik-kibris-masallari-kitabi-cikti\/"},"author":{"name":"Kuzeyin Sesi","@id":"https:\/\/kuzeyinsesi.org\/#\/schema\/person\/9f859689cdf01485597712386e37f5aa"},"headline":"\u00dc\u00e7 Ciltlik K\u0131br\u0131s Masallar\u0131 kitab\u0131 \u00e7\u0131kt\u0131","datePublished":"2024-06-21T15:56:53+00:00","mainEntityOfPage":{"@id":"https:\/\/kuzeyinsesi.org\/index.php\/2024\/06\/21\/uc-ciltlik-kibris-masallari-kitabi-cikti\/"},"wordCount":267,"commentCount":0,"image":{"@id":"https:\/\/kuzeyinsesi.org\/index.php\/2024\/06\/21\/uc-ciltlik-kibris-masallari-kitabi-cikti\/#primaryimage"},"thumbnailUrl":"https:\/\/kuzeyinsesi.org\/wp-content\/uploads\/2024\/06\/uc-ciltlik-kibris-masallari-kitabi-cikti-1718976711.webp.webp","articleSection":["Ya\u015fam"],"inLanguage":"tr","potentialAction":[{"@type":"CommentAction","name":"Comment","target":["https:\/\/kuzeyinsesi.org\/index.php\/2024\/06\/21\/uc-ciltlik-kibris-masallari-kitabi-cikti\/#respond"]}]},{"@type":"WebPage","@id":"https:\/\/kuzeyinsesi.org\/index.php\/2024\/06\/21\/uc-ciltlik-kibris-masallari-kitabi-cikti\/","url":"https:\/\/kuzeyinsesi.org\/index.php\/2024\/06\/21\/uc-ciltlik-kibris-masallari-kitabi-cikti\/","name":"\u00dc\u00e7 Ciltlik K\u0131br\u0131s Masallar\u0131 kitab\u0131 \u00e7\u0131kt\u0131 - Kuzeyin Sesi","isPartOf":{"@id":"https:\/\/kuzeyinsesi.org\/#website"},"primaryImageOfPage":{"@id":"https:\/\/kuzeyinsesi.org\/index.php\/2024\/06\/21\/uc-ciltlik-kibris-masallari-kitabi-cikti\/#primaryimage"},"image":{"@id":"https:\/\/kuzeyinsesi.org\/index.php\/2024\/06\/21\/uc-ciltlik-kibris-masallari-kitabi-cikti\/#primaryimage"},"thumbnailUrl":"https:\/\/kuzeyinsesi.org\/wp-content\/uploads\/2024\/06\/uc-ciltlik-kibris-masallari-kitabi-cikti-1718976711.webp.webp","datePublished":"2024-06-21T15:56:53+00:00","author":{"@id":"https:\/\/kuzeyinsesi.org\/#\/schema\/person\/9f859689cdf01485597712386e37f5aa"},"breadcrumb":{"@id":"https:\/\/kuzeyinsesi.org\/index.php\/2024\/06\/21\/uc-ciltlik-kibris-masallari-kitabi-cikti\/#breadcrumb"},"inLanguage":"tr","potentialAction":[{"@type":"ReadAction","target":["https:\/\/kuzeyinsesi.org\/index.php\/2024\/06\/21\/uc-ciltlik-kibris-masallari-kitabi-cikti\/"]}]},{"@type":"ImageObject","inLanguage":"tr","@id":"https:\/\/kuzeyinsesi.org\/index.php\/2024\/06\/21\/uc-ciltlik-kibris-masallari-kitabi-cikti\/#primaryimage","url":"https:\/\/kuzeyinsesi.org\/wp-content\/uploads\/2024\/06\/uc-ciltlik-kibris-masallari-kitabi-cikti-1718976711.webp.webp","contentUrl":"https:\/\/kuzeyinsesi.org\/wp-content\/uploads\/2024\/06\/uc-ciltlik-kibris-masallari-kitabi-cikti-1718976711.webp.webp","width":710,"height":370},{"@type":"BreadcrumbList","@id":"https:\/\/kuzeyinsesi.org\/index.php\/2024\/06\/21\/uc-ciltlik-kibris-masallari-kitabi-cikti\/#breadcrumb","itemListElement":[{"@type":"ListItem","position":1,"name":"Anasayfa","item":"https:\/\/kuzeyinsesi.org\/"},{"@type":"ListItem","position":2,"name":"\u00dc\u00e7 Ciltlik K\u0131br\u0131s Masallar\u0131 kitab\u0131 \u00e7\u0131kt\u0131"}]},{"@type":"WebSite","@id":"https:\/\/kuzeyinsesi.org\/#website","url":"https:\/\/kuzeyinsesi.org\/","name":"Kuzeyin Sesi","description":"Do\u011fru Haberin Adresi","potentialAction":[{"@type":"SearchAction","target":{"@type":"EntryPoint","urlTemplate":"https:\/\/kuzeyinsesi.org\/?s={search_term_string}"},"query-input":{"@type":"PropertyValueSpecification","valueRequired":true,"valueName":"search_term_string"}}],"inLanguage":"tr"},{"@type":"Person","@id":"https:\/\/kuzeyinsesi.org\/#\/schema\/person\/9f859689cdf01485597712386e37f5aa","name":"Kuzeyin Sesi","image":{"@type":"ImageObject","inLanguage":"tr","@id":"https:\/\/secure.gravatar.com\/avatar\/bab33852abfd8b282518d6ed81826833d77c3c882d9ab608add591ccace47a44?s=96&d=mm&r=g","url":"https:\/\/secure.gravatar.com\/avatar\/bab33852abfd8b282518d6ed81826833d77c3c882d9ab608add591ccace47a44?s=96&d=mm&r=g","contentUrl":"https:\/\/secure.gravatar.com\/avatar\/bab33852abfd8b282518d6ed81826833d77c3c882d9ab608add591ccace47a44?s=96&d=mm&r=g","caption":"Kuzeyin Sesi"},"sameAs":["https:\/\/kuzeyinsesi.org"],"url":"https:\/\/kuzeyinsesi.org\/index.php\/author\/guven\/"}]}},"_links":{"self":[{"href":"https:\/\/kuzeyinsesi.org\/index.php\/wp-json\/wp\/v2\/posts\/5117","targetHints":{"allow":["GET"]}}],"collection":[{"href":"https:\/\/kuzeyinsesi.org\/index.php\/wp-json\/wp\/v2\/posts"}],"about":[{"href":"https:\/\/kuzeyinsesi.org\/index.php\/wp-json\/wp\/v2\/types\/post"}],"author":[{"embeddable":true,"href":"https:\/\/kuzeyinsesi.org\/index.php\/wp-json\/wp\/v2\/users\/1"}],"replies":[{"embeddable":true,"href":"https:\/\/kuzeyinsesi.org\/index.php\/wp-json\/wp\/v2\/comments?post=5117"}],"version-history":[{"count":0,"href":"https:\/\/kuzeyinsesi.org\/index.php\/wp-json\/wp\/v2\/posts\/5117\/revisions"}],"wp:featuredmedia":[{"embeddable":true,"href":"https:\/\/kuzeyinsesi.org\/index.php\/wp-json\/wp\/v2\/media\/5118"}],"wp:attachment":[{"href":"https:\/\/kuzeyinsesi.org\/index.php\/wp-json\/wp\/v2\/media?parent=5117"}],"wp:term":[{"taxonomy":"category","embeddable":true,"href":"https:\/\/kuzeyinsesi.org\/index.php\/wp-json\/wp\/v2\/categories?post=5117"},{"taxonomy":"post_tag","embeddable":true,"href":"https:\/\/kuzeyinsesi.org\/index.php\/wp-json\/wp\/v2\/tags?post=5117"}],"curies":[{"name":"wp","href":"https:\/\/api.w.org\/{rel}","templated":true}]}}