{"id":5060,"date":"2024-06-20T17:20:10","date_gmt":"2024-06-20T14:20:10","guid":{"rendered":"https:\/\/kuzeyinsesi.com\/index.php\/2024\/06\/20\/sonare-coksesli-korosu-bellapais-manastirinda-konser-verdi\/"},"modified":"2024-06-20T17:20:10","modified_gmt":"2024-06-20T14:20:10","slug":"sonare-coksesli-korosu-bellapais-manastirinda-konser-verdi","status":"publish","type":"post","link":"https:\/\/kuzeyinsesi.org\/index.php\/2024\/06\/20\/sonare-coksesli-korosu-bellapais-manastirinda-konser-verdi\/","title":{"rendered":"Sonare \u00c7oksesli Korosu Bellapais Manast\u0131r\u0131\u2019nda konser verdi"},"content":{"rendered":"<div>\n<div class=\"mariselle-image-container center\">\n                                            <\/div>\n<p>Sonare \u00c7oksesli Korolar Derne\u011fi \u00c7oksesli Korosu Bellapais Manast\u0131r\u0131\u2019nda konser verdi.<\/p>\n<p>Dernekten al\u0131nan bilgiye g\u00f6re, \u00c7oksesli Koro, d\u00fcnya koro edebiyat\u0131, T\u00fcrk ve K\u0131br\u0131s \u00e7oksesli koro eserlerinden olu\u015fan bir repertuar\u0131 koroseverlere seslendirdi.<\/p>\n<p>Koroyu koro \u015fefi Erkan Da\u011fl\u0131 y\u00f6netirken, piyano e\u015fliklerini Mehmet Co\u015fkuner yapt\u0131. <\/p>\n<p>Konserde koroya piyanoda M\u00fcge Yorganc\u0131o\u011flu, Jospin Marc, fl\u00fctte I\u015f\u0131l Akg\u00fc\u00e7 ve kajonda Aytekin \u00d6zde\u011fer e\u015flik etti.<\/p>\n<\/p><\/div>\n<p><script async\n                    defer\n                    crossorigin=\"anonymous\"\n                    src=\"https:\/\/connect.facebook.net\/tr_TR\/sdk.js#xfbml=1&#038;version=v3.3\"\n            ><\/script><\/p>\n","protected":false},"excerpt":{"rendered":"<p>Sonare \u00c7oksesli Korolar Derne\u011fi \u00c7oksesli Korosu Bellapais Manast\u0131r\u0131\u2019nda konser verdi. Dernekten al\u0131nan bilgiye g\u00f6re, \u00c7oksesli Koro, d\u00fcnya koro edebiyat\u0131, T\u00fcrk ve K\u0131br\u0131s \u00e7oksesli koro eserlerinden olu\u015fan bir repertuar\u0131 koroseverlere seslendirdi. Koroyu koro \u015fefi Erkan Da\u011fl\u0131 y\u00f6netirken, piyano e\u015fliklerini Mehmet Co\u015fkuner yapt\u0131. Konserde koroya piyanoda M\u00fcge Yorganc\u0131o\u011flu, Jospin Marc, fl\u00fctte I\u015f\u0131l Akg\u00fc\u00e7 ve kajonda Aytekin \u00d6zde\u011fer [&hellip;]<\/p>\n","protected":false},"author":1,"featured_media":5061,"comment_status":"open","ping_status":"open","sticky":false,"template":"","format":"standard","meta":{"jnews-multi-image_gallery":[],"jnews_single_post":[],"jnews_primary_category":[],"jnews_social_meta":[],"jnews_override_counter":[],"footnotes":""},"categories":[6],"tags":[],"class_list":["post-5060","post","type-post","status-publish","format-standard","has-post-thumbnail","hentry","category-yasam"],"yoast_head":"<!-- This site is optimized with the Yoast SEO plugin v27.5 - https:\/\/yoast.com\/product\/yoast-seo-wordpress\/ -->\n<title>Sonare \u00c7oksesli Korosu Bellapais Manast\u0131r\u0131\u2019nda konser verdi - Kuzeyin Sesi<\/title>\n<meta name=\"robots\" content=\"index, follow, max-snippet:-1, max-image-preview:large, max-video-preview:-1\" \/>\n<link rel=\"canonical\" href=\"https:\/\/kuzeyinsesi.org\/index.php\/2024\/06\/20\/sonare-coksesli-korosu-bellapais-manastirinda-konser-verdi\/\" \/>\n<meta property=\"og:locale\" content=\"tr_TR\" \/>\n<meta property=\"og:type\" content=\"article\" \/>\n<meta property=\"og:title\" content=\"Sonare \u00c7oksesli Korosu Bellapais Manast\u0131r\u0131\u2019nda konser verdi - Kuzeyin Sesi\" \/>\n<meta property=\"og:description\" content=\"Sonare \u00c7oksesli Korolar Derne\u011fi \u00c7oksesli Korosu Bellapais Manast\u0131r\u0131\u2019nda konser verdi. Dernekten al\u0131nan bilgiye g\u00f6re, \u00c7oksesli Koro, d\u00fcnya koro edebiyat\u0131, T\u00fcrk ve K\u0131br\u0131s \u00e7oksesli koro eserlerinden olu\u015fan bir repertuar\u0131 koroseverlere seslendirdi. Koroyu koro \u015fefi Erkan Da\u011fl\u0131 y\u00f6netirken, piyano e\u015fliklerini Mehmet Co\u015fkuner yapt\u0131. Konserde koroya piyanoda M\u00fcge Yorganc\u0131o\u011flu, Jospin Marc, fl\u00fctte I\u015f\u0131l Akg\u00fc\u00e7 ve kajonda Aytekin \u00d6zde\u011fer [&hellip;]\" \/>\n<meta property=\"og:url\" content=\"https:\/\/kuzeyinsesi.org\/index.php\/2024\/06\/20\/sonare-coksesli-korosu-bellapais-manastirinda-konser-verdi\/\" \/>\n<meta property=\"og:site_name\" content=\"Kuzeyin Sesi\" \/>\n<meta property=\"article:publisher\" content=\"https:\/\/www.facebook.com\/kuzeyinsesii\" \/>\n<meta property=\"article:published_time\" content=\"2024-06-20T14:20:10+00:00\" \/>\n<meta property=\"og:image\" content=\"https:\/\/kuzeyinsesi.org\/wp-content\/uploads\/2024\/06\/sonare-konser2.jpeg\" \/>\n\t<meta property=\"og:image:width\" content=\"1600\" \/>\n\t<meta property=\"og:image:height\" content=\"1066\" \/>\n\t<meta property=\"og:image:type\" content=\"image\/jpeg\" \/>\n<meta name=\"author\" content=\"Kuzeyin Sesi\" \/>\n<meta name=\"twitter:card\" content=\"summary_large_image\" \/>\n<meta name=\"twitter:creator\" content=\"@kuzeyinsesii\" \/>\n<meta name=\"twitter:site\" content=\"@kuzeyinsesii\" \/>\n<meta name=\"twitter:label1\" content=\"Yazan:\" \/>\n\t<meta name=\"twitter:data1\" content=\"Kuzeyin Sesi\" \/>\n<script type=\"application\/ld+json\" class=\"yoast-schema-graph\">{\"@context\":\"https:\\\/\\\/schema.org\",\"@graph\":[{\"@type\":\"Article\",\"@id\":\"https:\\\/\\\/kuzeyinsesi.org\\\/index.php\\\/2024\\\/06\\\/20\\\/sonare-coksesli-korosu-bellapais-manastirinda-konser-verdi\\\/#article\",\"isPartOf\":{\"@id\":\"https:\\\/\\\/kuzeyinsesi.org\\\/index.php\\\/2024\\\/06\\\/20\\\/sonare-coksesli-korosu-bellapais-manastirinda-konser-verdi\\\/\"},\"author\":{\"name\":\"Kuzeyin Sesi\",\"@id\":\"https:\\\/\\\/kuzeyinsesi.org\\\/#\\\/schema\\\/person\\\/9f859689cdf01485597712386e37f5aa\"},\"headline\":\"Sonare \u00c7oksesli Korosu Bellapais Manast\u0131r\u0131\u2019nda konser verdi\",\"datePublished\":\"2024-06-20T14:20:10+00:00\",\"mainEntityOfPage\":{\"@id\":\"https:\\\/\\\/kuzeyinsesi.org\\\/index.php\\\/2024\\\/06\\\/20\\\/sonare-coksesli-korosu-bellapais-manastirinda-konser-verdi\\\/\"},\"wordCount\":87,\"commentCount\":0,\"image\":{\"@id\":\"https:\\\/\\\/kuzeyinsesi.org\\\/index.php\\\/2024\\\/06\\\/20\\\/sonare-coksesli-korosu-bellapais-manastirinda-konser-verdi\\\/#primaryimage\"},\"thumbnailUrl\":\"https:\\\/\\\/kuzeyinsesi.org\\\/wp-content\\\/uploads\\\/2024\\\/06\\\/sonare-konser2.jpeg\",\"articleSection\":[\"Ya\u015fam\"],\"inLanguage\":\"tr\",\"potentialAction\":[{\"@type\":\"CommentAction\",\"name\":\"Comment\",\"target\":[\"https:\\\/\\\/kuzeyinsesi.org\\\/index.php\\\/2024\\\/06\\\/20\\\/sonare-coksesli-korosu-bellapais-manastirinda-konser-verdi\\\/#respond\"]}]},{\"@type\":\"WebPage\",\"@id\":\"https:\\\/\\\/kuzeyinsesi.org\\\/index.php\\\/2024\\\/06\\\/20\\\/sonare-coksesli-korosu-bellapais-manastirinda-konser-verdi\\\/\",\"url\":\"https:\\\/\\\/kuzeyinsesi.org\\\/index.php\\\/2024\\\/06\\\/20\\\/sonare-coksesli-korosu-bellapais-manastirinda-konser-verdi\\\/\",\"name\":\"Sonare \u00c7oksesli Korosu Bellapais Manast\u0131r\u0131\u2019nda konser verdi - Kuzeyin Sesi\",\"isPartOf\":{\"@id\":\"https:\\\/\\\/kuzeyinsesi.org\\\/#website\"},\"primaryImageOfPage\":{\"@id\":\"https:\\\/\\\/kuzeyinsesi.org\\\/index.php\\\/2024\\\/06\\\/20\\\/sonare-coksesli-korosu-bellapais-manastirinda-konser-verdi\\\/#primaryimage\"},\"image\":{\"@id\":\"https:\\\/\\\/kuzeyinsesi.org\\\/index.php\\\/2024\\\/06\\\/20\\\/sonare-coksesli-korosu-bellapais-manastirinda-konser-verdi\\\/#primaryimage\"},\"thumbnailUrl\":\"https:\\\/\\\/kuzeyinsesi.org\\\/wp-content\\\/uploads\\\/2024\\\/06\\\/sonare-konser2.jpeg\",\"datePublished\":\"2024-06-20T14:20:10+00:00\",\"author\":{\"@id\":\"https:\\\/\\\/kuzeyinsesi.org\\\/#\\\/schema\\\/person\\\/9f859689cdf01485597712386e37f5aa\"},\"breadcrumb\":{\"@id\":\"https:\\\/\\\/kuzeyinsesi.org\\\/index.php\\\/2024\\\/06\\\/20\\\/sonare-coksesli-korosu-bellapais-manastirinda-konser-verdi\\\/#breadcrumb\"},\"inLanguage\":\"tr\",\"potentialAction\":[{\"@type\":\"ReadAction\",\"target\":[\"https:\\\/\\\/kuzeyinsesi.org\\\/index.php\\\/2024\\\/06\\\/20\\\/sonare-coksesli-korosu-bellapais-manastirinda-konser-verdi\\\/\"]}]},{\"@type\":\"ImageObject\",\"inLanguage\":\"tr\",\"@id\":\"https:\\\/\\\/kuzeyinsesi.org\\\/index.php\\\/2024\\\/06\\\/20\\\/sonare-coksesli-korosu-bellapais-manastirinda-konser-verdi\\\/#primaryimage\",\"url\":\"https:\\\/\\\/kuzeyinsesi.org\\\/wp-content\\\/uploads\\\/2024\\\/06\\\/sonare-konser2.jpeg\",\"contentUrl\":\"https:\\\/\\\/kuzeyinsesi.org\\\/wp-content\\\/uploads\\\/2024\\\/06\\\/sonare-konser2.jpeg\",\"width\":1600,\"height\":1066},{\"@type\":\"BreadcrumbList\",\"@id\":\"https:\\\/\\\/kuzeyinsesi.org\\\/index.php\\\/2024\\\/06\\\/20\\\/sonare-coksesli-korosu-bellapais-manastirinda-konser-verdi\\\/#breadcrumb\",\"itemListElement\":[{\"@type\":\"ListItem\",\"position\":1,\"name\":\"Anasayfa\",\"item\":\"https:\\\/\\\/kuzeyinsesi.org\\\/\"},{\"@type\":\"ListItem\",\"position\":2,\"name\":\"Sonare \u00c7oksesli Korosu Bellapais Manast\u0131r\u0131\u2019nda konser verdi\"}]},{\"@type\":\"WebSite\",\"@id\":\"https:\\\/\\\/kuzeyinsesi.org\\\/#website\",\"url\":\"https:\\\/\\\/kuzeyinsesi.org\\\/\",\"name\":\"Kuzeyin Sesi\",\"description\":\"Do\u011fru Haberin Adresi\",\"potentialAction\":[{\"@type\":\"SearchAction\",\"target\":{\"@type\":\"EntryPoint\",\"urlTemplate\":\"https:\\\/\\\/kuzeyinsesi.org\\\/?s={search_term_string}\"},\"query-input\":{\"@type\":\"PropertyValueSpecification\",\"valueRequired\":true,\"valueName\":\"search_term_string\"}}],\"inLanguage\":\"tr\"},{\"@type\":\"Person\",\"@id\":\"https:\\\/\\\/kuzeyinsesi.org\\\/#\\\/schema\\\/person\\\/9f859689cdf01485597712386e37f5aa\",\"name\":\"Kuzeyin Sesi\",\"image\":{\"@type\":\"ImageObject\",\"inLanguage\":\"tr\",\"@id\":\"https:\\\/\\\/secure.gravatar.com\\\/avatar\\\/bab33852abfd8b282518d6ed81826833d77c3c882d9ab608add591ccace47a44?s=96&d=mm&r=g\",\"url\":\"https:\\\/\\\/secure.gravatar.com\\\/avatar\\\/bab33852abfd8b282518d6ed81826833d77c3c882d9ab608add591ccace47a44?s=96&d=mm&r=g\",\"contentUrl\":\"https:\\\/\\\/secure.gravatar.com\\\/avatar\\\/bab33852abfd8b282518d6ed81826833d77c3c882d9ab608add591ccace47a44?s=96&d=mm&r=g\",\"caption\":\"Kuzeyin Sesi\"},\"sameAs\":[\"https:\\\/\\\/kuzeyinsesi.org\"],\"url\":\"https:\\\/\\\/kuzeyinsesi.org\\\/index.php\\\/author\\\/guven\\\/\"}]}<\/script>\n<!-- \/ Yoast SEO plugin. -->","yoast_head_json":{"title":"Sonare \u00c7oksesli Korosu Bellapais Manast\u0131r\u0131\u2019nda konser verdi - Kuzeyin Sesi","robots":{"index":"index","follow":"follow","max-snippet":"max-snippet:-1","max-image-preview":"max-image-preview:large","max-video-preview":"max-video-preview:-1"},"canonical":"https:\/\/kuzeyinsesi.org\/index.php\/2024\/06\/20\/sonare-coksesli-korosu-bellapais-manastirinda-konser-verdi\/","og_locale":"tr_TR","og_type":"article","og_title":"Sonare \u00c7oksesli Korosu Bellapais Manast\u0131r\u0131\u2019nda konser verdi - Kuzeyin Sesi","og_description":"Sonare \u00c7oksesli Korolar Derne\u011fi \u00c7oksesli Korosu Bellapais Manast\u0131r\u0131\u2019nda konser verdi. Dernekten al\u0131nan bilgiye g\u00f6re, \u00c7oksesli Koro, d\u00fcnya koro edebiyat\u0131, T\u00fcrk ve K\u0131br\u0131s \u00e7oksesli koro eserlerinden olu\u015fan bir repertuar\u0131 koroseverlere seslendirdi. Koroyu koro \u015fefi Erkan Da\u011fl\u0131 y\u00f6netirken, piyano e\u015fliklerini Mehmet Co\u015fkuner yapt\u0131. Konserde koroya piyanoda M\u00fcge Yorganc\u0131o\u011flu, Jospin Marc, fl\u00fctte I\u015f\u0131l Akg\u00fc\u00e7 ve kajonda Aytekin \u00d6zde\u011fer [&hellip;]","og_url":"https:\/\/kuzeyinsesi.org\/index.php\/2024\/06\/20\/sonare-coksesli-korosu-bellapais-manastirinda-konser-verdi\/","og_site_name":"Kuzeyin Sesi","article_publisher":"https:\/\/www.facebook.com\/kuzeyinsesii","article_published_time":"2024-06-20T14:20:10+00:00","og_image":[{"width":1600,"height":1066,"url":"https:\/\/kuzeyinsesi.org\/wp-content\/uploads\/2024\/06\/sonare-konser2.jpeg","type":"image\/jpeg"}],"author":"Kuzeyin Sesi","twitter_card":"summary_large_image","twitter_creator":"@kuzeyinsesii","twitter_site":"@kuzeyinsesii","twitter_misc":{"Yazan:":"Kuzeyin Sesi"},"schema":{"@context":"https:\/\/schema.org","@graph":[{"@type":"Article","@id":"https:\/\/kuzeyinsesi.org\/index.php\/2024\/06\/20\/sonare-coksesli-korosu-bellapais-manastirinda-konser-verdi\/#article","isPartOf":{"@id":"https:\/\/kuzeyinsesi.org\/index.php\/2024\/06\/20\/sonare-coksesli-korosu-bellapais-manastirinda-konser-verdi\/"},"author":{"name":"Kuzeyin Sesi","@id":"https:\/\/kuzeyinsesi.org\/#\/schema\/person\/9f859689cdf01485597712386e37f5aa"},"headline":"Sonare \u00c7oksesli Korosu Bellapais Manast\u0131r\u0131\u2019nda konser verdi","datePublished":"2024-06-20T14:20:10+00:00","mainEntityOfPage":{"@id":"https:\/\/kuzeyinsesi.org\/index.php\/2024\/06\/20\/sonare-coksesli-korosu-bellapais-manastirinda-konser-verdi\/"},"wordCount":87,"commentCount":0,"image":{"@id":"https:\/\/kuzeyinsesi.org\/index.php\/2024\/06\/20\/sonare-coksesli-korosu-bellapais-manastirinda-konser-verdi\/#primaryimage"},"thumbnailUrl":"https:\/\/kuzeyinsesi.org\/wp-content\/uploads\/2024\/06\/sonare-konser2.jpeg","articleSection":["Ya\u015fam"],"inLanguage":"tr","potentialAction":[{"@type":"CommentAction","name":"Comment","target":["https:\/\/kuzeyinsesi.org\/index.php\/2024\/06\/20\/sonare-coksesli-korosu-bellapais-manastirinda-konser-verdi\/#respond"]}]},{"@type":"WebPage","@id":"https:\/\/kuzeyinsesi.org\/index.php\/2024\/06\/20\/sonare-coksesli-korosu-bellapais-manastirinda-konser-verdi\/","url":"https:\/\/kuzeyinsesi.org\/index.php\/2024\/06\/20\/sonare-coksesli-korosu-bellapais-manastirinda-konser-verdi\/","name":"Sonare \u00c7oksesli Korosu Bellapais Manast\u0131r\u0131\u2019nda konser verdi - Kuzeyin Sesi","isPartOf":{"@id":"https:\/\/kuzeyinsesi.org\/#website"},"primaryImageOfPage":{"@id":"https:\/\/kuzeyinsesi.org\/index.php\/2024\/06\/20\/sonare-coksesli-korosu-bellapais-manastirinda-konser-verdi\/#primaryimage"},"image":{"@id":"https:\/\/kuzeyinsesi.org\/index.php\/2024\/06\/20\/sonare-coksesli-korosu-bellapais-manastirinda-konser-verdi\/#primaryimage"},"thumbnailUrl":"https:\/\/kuzeyinsesi.org\/wp-content\/uploads\/2024\/06\/sonare-konser2.jpeg","datePublished":"2024-06-20T14:20:10+00:00","author":{"@id":"https:\/\/kuzeyinsesi.org\/#\/schema\/person\/9f859689cdf01485597712386e37f5aa"},"breadcrumb":{"@id":"https:\/\/kuzeyinsesi.org\/index.php\/2024\/06\/20\/sonare-coksesli-korosu-bellapais-manastirinda-konser-verdi\/#breadcrumb"},"inLanguage":"tr","potentialAction":[{"@type":"ReadAction","target":["https:\/\/kuzeyinsesi.org\/index.php\/2024\/06\/20\/sonare-coksesli-korosu-bellapais-manastirinda-konser-verdi\/"]}]},{"@type":"ImageObject","inLanguage":"tr","@id":"https:\/\/kuzeyinsesi.org\/index.php\/2024\/06\/20\/sonare-coksesli-korosu-bellapais-manastirinda-konser-verdi\/#primaryimage","url":"https:\/\/kuzeyinsesi.org\/wp-content\/uploads\/2024\/06\/sonare-konser2.jpeg","contentUrl":"https:\/\/kuzeyinsesi.org\/wp-content\/uploads\/2024\/06\/sonare-konser2.jpeg","width":1600,"height":1066},{"@type":"BreadcrumbList","@id":"https:\/\/kuzeyinsesi.org\/index.php\/2024\/06\/20\/sonare-coksesli-korosu-bellapais-manastirinda-konser-verdi\/#breadcrumb","itemListElement":[{"@type":"ListItem","position":1,"name":"Anasayfa","item":"https:\/\/kuzeyinsesi.org\/"},{"@type":"ListItem","position":2,"name":"Sonare \u00c7oksesli Korosu Bellapais Manast\u0131r\u0131\u2019nda konser verdi"}]},{"@type":"WebSite","@id":"https:\/\/kuzeyinsesi.org\/#website","url":"https:\/\/kuzeyinsesi.org\/","name":"Kuzeyin Sesi","description":"Do\u011fru Haberin Adresi","potentialAction":[{"@type":"SearchAction","target":{"@type":"EntryPoint","urlTemplate":"https:\/\/kuzeyinsesi.org\/?s={search_term_string}"},"query-input":{"@type":"PropertyValueSpecification","valueRequired":true,"valueName":"search_term_string"}}],"inLanguage":"tr"},{"@type":"Person","@id":"https:\/\/kuzeyinsesi.org\/#\/schema\/person\/9f859689cdf01485597712386e37f5aa","name":"Kuzeyin Sesi","image":{"@type":"ImageObject","inLanguage":"tr","@id":"https:\/\/secure.gravatar.com\/avatar\/bab33852abfd8b282518d6ed81826833d77c3c882d9ab608add591ccace47a44?s=96&d=mm&r=g","url":"https:\/\/secure.gravatar.com\/avatar\/bab33852abfd8b282518d6ed81826833d77c3c882d9ab608add591ccace47a44?s=96&d=mm&r=g","contentUrl":"https:\/\/secure.gravatar.com\/avatar\/bab33852abfd8b282518d6ed81826833d77c3c882d9ab608add591ccace47a44?s=96&d=mm&r=g","caption":"Kuzeyin Sesi"},"sameAs":["https:\/\/kuzeyinsesi.org"],"url":"https:\/\/kuzeyinsesi.org\/index.php\/author\/guven\/"}]}},"_links":{"self":[{"href":"https:\/\/kuzeyinsesi.org\/index.php\/wp-json\/wp\/v2\/posts\/5060","targetHints":{"allow":["GET"]}}],"collection":[{"href":"https:\/\/kuzeyinsesi.org\/index.php\/wp-json\/wp\/v2\/posts"}],"about":[{"href":"https:\/\/kuzeyinsesi.org\/index.php\/wp-json\/wp\/v2\/types\/post"}],"author":[{"embeddable":true,"href":"https:\/\/kuzeyinsesi.org\/index.php\/wp-json\/wp\/v2\/users\/1"}],"replies":[{"embeddable":true,"href":"https:\/\/kuzeyinsesi.org\/index.php\/wp-json\/wp\/v2\/comments?post=5060"}],"version-history":[{"count":0,"href":"https:\/\/kuzeyinsesi.org\/index.php\/wp-json\/wp\/v2\/posts\/5060\/revisions"}],"wp:featuredmedia":[{"embeddable":true,"href":"https:\/\/kuzeyinsesi.org\/index.php\/wp-json\/wp\/v2\/media\/5061"}],"wp:attachment":[{"href":"https:\/\/kuzeyinsesi.org\/index.php\/wp-json\/wp\/v2\/media?parent=5060"}],"wp:term":[{"taxonomy":"category","embeddable":true,"href":"https:\/\/kuzeyinsesi.org\/index.php\/wp-json\/wp\/v2\/categories?post=5060"},{"taxonomy":"post_tag","embeddable":true,"href":"https:\/\/kuzeyinsesi.org\/index.php\/wp-json\/wp\/v2\/tags?post=5060"}],"curies":[{"name":"wp","href":"https:\/\/api.w.org\/{rel}","templated":true}]}}