{"id":5052,"date":"2024-06-20T15:15:28","date_gmt":"2024-06-20T12:15:28","guid":{"rendered":"https:\/\/kuzeyinsesi.com\/index.php\/2024\/06\/20\/ayse-kececioglunun-portreler-adli-fotograf-sergisi-ercan-havalimaninda-acildi\/"},"modified":"2024-06-20T15:15:28","modified_gmt":"2024-06-20T12:15:28","slug":"ayse-kececioglunun-portreler-adli-fotograf-sergisi-ercan-havalimaninda-acildi","status":"publish","type":"post","link":"https:\/\/kuzeyinsesi.org\/index.php\/2024\/06\/20\/ayse-kececioglunun-portreler-adli-fotograf-sergisi-ercan-havalimaninda-acildi\/","title":{"rendered":"Ay\u015fe Ke\u00e7ecio\u011flu\u2019nun \u201cPortreler\u201d adl\u0131 foto\u011fraf sergisi Ercan Havaliman\u0131\u2019nda a\u00e7\u0131ld\u0131"},"content":{"rendered":"<div>\n<div class=\"mariselle-image-container center\">\n                                            <\/div>\n<p>Ay\u015fe Ke\u00e7ecio\u011flu\u2019nun \u201cPortreler\u201d isimli foto\u011fraf sergisi Ercan Havaliman\u0131\u2019nda a\u00e7\u0131ld\u0131.<\/p>\n<p>T&amp;T Havaliman\u0131 \u0130\u015fletmecili\u011fi\u2019nden verilen bilgiye g\u00f6re, Ercan Havaliman\u0131\u2019nda giden yolcu pasaport kontrol\u00fc sonras\u0131nda yer alan sergi, 27 foto\u011fraftan olu\u015fuyor.<\/p>\n<p>Yeni Ercan Havaliman\u0131\u2019nda sergi a\u00e7man\u0131n kendisi i\u00e7in \u00f6nemli oldu\u011funu vurgulayan Ke\u00e7ecio\u011flu, \u201cHer g\u00fcn binlerce ki\u015finin yolculuk etti\u011fi Ercan Havaliman\u0131\u2019nda yerli ve yabanc\u0131lar \u00e7ekti\u011fim portre foto\u011fraflar\u0131m\u0131 g\u00f6recek. Foto\u011fraflad\u0131\u011f\u0131m y\u00fczler, bir\u00e7ok ki\u015finin ilgisini \u00e7ekiyor. \u00c7\u00fcnk\u00fc, insan y\u00fczlerinde ya\u015fam\u0131n izleri gizli. T&amp;T Havaliman\u0131 \u0130\u015fletmecili\u011fi \u2019ne bana bu sergiyi a\u00e7ma f\u0131rsat\u0131 verdi\u011fi i\u00e7in te\u015fekk\u00fcr ederim\u201d dedi.<\/p>\n<p>T&amp;T Havaliman\u0131 \u0130\u015fletmecili\u011fi Genel M\u00fcd\u00fcr\u00fc M. Serhat \u00d6z\u00e7elik de, Ercan Havaliman\u0131\u2019nda sergiler ve sosyal etkinliklerin yan\u0131nda K\u0131br\u0131s k\u00fclt\u00fcr\u00fcn\u00fc, gelenek ve g\u00f6reneklerini \u00f6ne \u00e7\u0131karan faaliyetlerin de yap\u0131ld\u0131\u011f\u0131n\u0131 s\u00f6yledi.<\/p>\n<p>Havaliman\u0131nda her ay K\u0131br\u0131sl\u0131 ve yabanc\u0131 sanat\u00e7\u0131lar\u0131n eserlerinin sergilendi\u011fini ifade eden \u00d6z\u00e7elik, \u201c\u00d6nceli\u011fimiz K\u0131br\u0131s k\u00fclt\u00fcr\u00fcn\u00fc havaliman\u0131ndan yolculuk yapanlara anlatmakt\u0131r. K\u0131br\u0131sl\u0131 foto\u011fraf sanat\u00e7\u0131s\u0131 Ay\u015fe Ke\u00e7ecio\u011flu\u2019nun foto\u011fraf sergisindeki portrelerdeki foto\u011fraflar asl\u0131nda \u00e7ok \u015fey ifade ediyor. Foto\u011frafta gerek renk ve \u0131\u015f\u0131\u011f\u0131n yans\u0131mas\u0131 yan\u0131nda foto\u011fraf\u0131 \u00e7ekilen insan\u0131n y\u00fcz\u00fcndeki anlam her \u015feyi bize anlat\u0131yor. Sergide \u00f6d\u00fcl alm\u0131\u015f foto\u011fraflar da sergileniyor. Ay\u015fe Ke\u00e7ecio\u011flu\u2019nu ba\u015far\u0131s\u0131ndan dolay\u0131 kutlar\u0131m.\u201d dedi.<\/p>\n<p>Havaliman\u0131ndaki iki sergi alan\u0131n\u0131n t\u00fcm sanat\u00e7\u0131lara a\u00e7\u0131k oldu\u011funa i\u015faret eden \u00d6z\u00e7elik, yak\u0131n bir tarihte K\u0131br\u0131s k\u00fclt\u00fcr\u00fcn\u00fc Ercan Havaliman\u0131\u2019na ta\u015f\u0131yacaklar\u0131n\u0131 ve her ay havaliman\u0131nda lefkara i\u015fleyen, sele sepet (Seasta) sandalye yapan, yiyecekleri, i\u00e7ecekleri \u00f6n plana \u00e7\u0131karan etkinlerin ba\u015flayarak, y\u0131l boyunca devam edece\u011fini belirtti.<\/p>\n<p>Foto\u011fraf \u00e7ekmeye sekiz y\u0131l \u00f6nce ba\u015flayan Ay\u015fe Ke\u00e7ecio\u011flu, \u00f6zellikle portre foto\u011fraf\u00e7\u0131l\u0131\u011f\u0131na ilgi g\u00f6stererek, 2021 y\u0131l\u0131nda \u201cAksa Fotofest\u201d foto\u011fraf yar\u0131\u015fmas\u0131nda, K\u0131br\u0131s k\u00fclt\u00fcr\u00fc kategorisinde birincilik \u00f6d\u00fcl\u00fc ald\u0131.<\/p>\n<p>\u0130lk ki\u015fisel sergisini ge\u00e7en y\u0131l Girne Zeytinlik K\u00f6y\u00fc festivalinde a\u00e7\u0131k alanda a\u00e7an Ke\u00e7ecio\u011flu, 22 \u015eubat-1 Mart tarihleri aras\u0131nda Girne Belediyesi binas\u0131nda \u201cPortreler\u201d isimli foto\u011fraf sergisini d\u00fczenledi.<\/p>\n<p>Ke\u00e7ecio\u011flu, Ekim 2023\u2019te \u201cK\u0131br\u0131s\u2019\u0131n \u00c7ehreleri\u201d konulu 5. \u0130ki Toplumlu Foto\u011fraf Yar\u0131\u015fmas\u0131\u2019nda da birincilik \u00f6d\u00fcl\u00fc ald\u0131.<\/p>\n<\/p><\/div>\n<p><script async\n                    defer\n                    crossorigin=\"anonymous\"\n                    src=\"https:\/\/connect.facebook.net\/tr_TR\/sdk.js#xfbml=1&#038;version=v3.3\"\n            ><\/script><\/p>\n","protected":false},"excerpt":{"rendered":"<p>Ay\u015fe Ke\u00e7ecio\u011flu\u2019nun \u201cPortreler\u201d isimli foto\u011fraf sergisi Ercan Havaliman\u0131\u2019nda a\u00e7\u0131ld\u0131. T&amp;T Havaliman\u0131 \u0130\u015fletmecili\u011fi\u2019nden verilen bilgiye g\u00f6re, Ercan Havaliman\u0131\u2019nda giden yolcu pasaport kontrol\u00fc sonras\u0131nda yer alan sergi, 27 foto\u011fraftan olu\u015fuyor. Yeni Ercan Havaliman\u0131\u2019nda sergi a\u00e7man\u0131n kendisi i\u00e7in \u00f6nemli oldu\u011funu vurgulayan Ke\u00e7ecio\u011flu, \u201cHer g\u00fcn binlerce ki\u015finin yolculuk etti\u011fi Ercan Havaliman\u0131\u2019nda yerli ve yabanc\u0131lar \u00e7ekti\u011fim portre foto\u011fraflar\u0131m\u0131 g\u00f6recek. Foto\u011fraflad\u0131\u011f\u0131m [&hellip;]<\/p>\n","protected":false},"author":1,"featured_media":5053,"comment_status":"open","ping_status":"open","sticky":false,"template":"","format":"standard","meta":{"jnews-multi-image_gallery":[],"jnews_single_post":[],"jnews_primary_category":[],"jnews_social_meta":[],"jnews_override_counter":[],"footnotes":""},"categories":[6],"tags":[],"class_list":["post-5052","post","type-post","status-publish","format-standard","has-post-thumbnail","hentry","category-yasam"],"yoast_head":"<!-- This site is optimized with the Yoast SEO plugin v27.5 - https:\/\/yoast.com\/product\/yoast-seo-wordpress\/ -->\n<title>Ay\u015fe Ke\u00e7ecio\u011flu\u2019nun \u201cPortreler\u201d adl\u0131 foto\u011fraf sergisi Ercan Havaliman\u0131\u2019nda a\u00e7\u0131ld\u0131 - Kuzeyin Sesi<\/title>\n<meta name=\"robots\" content=\"index, follow, max-snippet:-1, max-image-preview:large, max-video-preview:-1\" \/>\n<link rel=\"canonical\" href=\"https:\/\/kuzeyinsesi.org\/index.php\/2024\/06\/20\/ayse-kececioglunun-portreler-adli-fotograf-sergisi-ercan-havalimaninda-acildi\/\" \/>\n<meta property=\"og:locale\" content=\"tr_TR\" \/>\n<meta property=\"og:type\" content=\"article\" \/>\n<meta property=\"og:title\" content=\"Ay\u015fe Ke\u00e7ecio\u011flu\u2019nun \u201cPortreler\u201d adl\u0131 foto\u011fraf sergisi Ercan Havaliman\u0131\u2019nda a\u00e7\u0131ld\u0131 - Kuzeyin Sesi\" \/>\n<meta property=\"og:description\" content=\"Ay\u015fe Ke\u00e7ecio\u011flu\u2019nun \u201cPortreler\u201d isimli foto\u011fraf sergisi Ercan Havaliman\u0131\u2019nda a\u00e7\u0131ld\u0131. T&amp;T Havaliman\u0131 \u0130\u015fletmecili\u011fi\u2019nden verilen bilgiye g\u00f6re, Ercan Havaliman\u0131\u2019nda giden yolcu pasaport kontrol\u00fc sonras\u0131nda yer alan sergi, 27 foto\u011fraftan olu\u015fuyor. Yeni Ercan Havaliman\u0131\u2019nda sergi a\u00e7man\u0131n kendisi i\u00e7in \u00f6nemli oldu\u011funu vurgulayan Ke\u00e7ecio\u011flu, \u201cHer g\u00fcn binlerce ki\u015finin yolculuk etti\u011fi Ercan Havaliman\u0131\u2019nda yerli ve yabanc\u0131lar \u00e7ekti\u011fim portre foto\u011fraflar\u0131m\u0131 g\u00f6recek. Foto\u011fraflad\u0131\u011f\u0131m [&hellip;]\" \/>\n<meta property=\"og:url\" content=\"https:\/\/kuzeyinsesi.org\/index.php\/2024\/06\/20\/ayse-kececioglunun-portreler-adli-fotograf-sergisi-ercan-havalimaninda-acildi\/\" \/>\n<meta property=\"og:site_name\" content=\"Kuzeyin Sesi\" \/>\n<meta property=\"article:publisher\" content=\"https:\/\/www.facebook.com\/kuzeyinsesii\" \/>\n<meta property=\"article:published_time\" content=\"2024-06-20T12:15:28+00:00\" \/>\n<meta property=\"og:image\" content=\"https:\/\/kuzeyinsesi.org\/wp-content\/uploads\/2024\/06\/ercan-sergi1-scaled.jpeg\" \/>\n\t<meta property=\"og:image:width\" content=\"2560\" \/>\n\t<meta property=\"og:image:height\" content=\"1920\" \/>\n\t<meta property=\"og:image:type\" content=\"image\/jpeg\" \/>\n<meta name=\"author\" content=\"Kuzeyin Sesi\" \/>\n<meta name=\"twitter:card\" content=\"summary_large_image\" \/>\n<meta name=\"twitter:creator\" content=\"@kuzeyinsesii\" \/>\n<meta name=\"twitter:site\" content=\"@kuzeyinsesii\" \/>\n<meta name=\"twitter:label1\" content=\"Yazan:\" \/>\n\t<meta name=\"twitter:data1\" content=\"Kuzeyin Sesi\" \/>\n\t<meta name=\"twitter:label2\" content=\"Tahmini okuma s\u00fcresi\" \/>\n\t<meta name=\"twitter:data2\" content=\"2 dakika\" \/>\n<script type=\"application\/ld+json\" class=\"yoast-schema-graph\">{\"@context\":\"https:\\\/\\\/schema.org\",\"@graph\":[{\"@type\":\"Article\",\"@id\":\"https:\\\/\\\/kuzeyinsesi.org\\\/index.php\\\/2024\\\/06\\\/20\\\/ayse-kececioglunun-portreler-adli-fotograf-sergisi-ercan-havalimaninda-acildi\\\/#article\",\"isPartOf\":{\"@id\":\"https:\\\/\\\/kuzeyinsesi.org\\\/index.php\\\/2024\\\/06\\\/20\\\/ayse-kececioglunun-portreler-adli-fotograf-sergisi-ercan-havalimaninda-acildi\\\/\"},\"author\":{\"name\":\"Kuzeyin Sesi\",\"@id\":\"https:\\\/\\\/kuzeyinsesi.org\\\/#\\\/schema\\\/person\\\/9f859689cdf01485597712386e37f5aa\"},\"headline\":\"Ay\u015fe Ke\u00e7ecio\u011flu\u2019nun \u201cPortreler\u201d adl\u0131 foto\u011fraf sergisi Ercan Havaliman\u0131\u2019nda a\u00e7\u0131ld\u0131\",\"datePublished\":\"2024-06-20T12:15:28+00:00\",\"mainEntityOfPage\":{\"@id\":\"https:\\\/\\\/kuzeyinsesi.org\\\/index.php\\\/2024\\\/06\\\/20\\\/ayse-kececioglunun-portreler-adli-fotograf-sergisi-ercan-havalimaninda-acildi\\\/\"},\"wordCount\":463,\"commentCount\":0,\"image\":{\"@id\":\"https:\\\/\\\/kuzeyinsesi.org\\\/index.php\\\/2024\\\/06\\\/20\\\/ayse-kececioglunun-portreler-adli-fotograf-sergisi-ercan-havalimaninda-acildi\\\/#primaryimage\"},\"thumbnailUrl\":\"https:\\\/\\\/kuzeyinsesi.org\\\/wp-content\\\/uploads\\\/2024\\\/06\\\/ercan-sergi1-scaled.jpeg\",\"articleSection\":[\"Ya\u015fam\"],\"inLanguage\":\"tr\",\"potentialAction\":[{\"@type\":\"CommentAction\",\"name\":\"Comment\",\"target\":[\"https:\\\/\\\/kuzeyinsesi.org\\\/index.php\\\/2024\\\/06\\\/20\\\/ayse-kececioglunun-portreler-adli-fotograf-sergisi-ercan-havalimaninda-acildi\\\/#respond\"]}]},{\"@type\":\"WebPage\",\"@id\":\"https:\\\/\\\/kuzeyinsesi.org\\\/index.php\\\/2024\\\/06\\\/20\\\/ayse-kececioglunun-portreler-adli-fotograf-sergisi-ercan-havalimaninda-acildi\\\/\",\"url\":\"https:\\\/\\\/kuzeyinsesi.org\\\/index.php\\\/2024\\\/06\\\/20\\\/ayse-kececioglunun-portreler-adli-fotograf-sergisi-ercan-havalimaninda-acildi\\\/\",\"name\":\"Ay\u015fe Ke\u00e7ecio\u011flu\u2019nun \u201cPortreler\u201d adl\u0131 foto\u011fraf sergisi Ercan Havaliman\u0131\u2019nda a\u00e7\u0131ld\u0131 - Kuzeyin Sesi\",\"isPartOf\":{\"@id\":\"https:\\\/\\\/kuzeyinsesi.org\\\/#website\"},\"primaryImageOfPage\":{\"@id\":\"https:\\\/\\\/kuzeyinsesi.org\\\/index.php\\\/2024\\\/06\\\/20\\\/ayse-kececioglunun-portreler-adli-fotograf-sergisi-ercan-havalimaninda-acildi\\\/#primaryimage\"},\"image\":{\"@id\":\"https:\\\/\\\/kuzeyinsesi.org\\\/index.php\\\/2024\\\/06\\\/20\\\/ayse-kececioglunun-portreler-adli-fotograf-sergisi-ercan-havalimaninda-acildi\\\/#primaryimage\"},\"thumbnailUrl\":\"https:\\\/\\\/kuzeyinsesi.org\\\/wp-content\\\/uploads\\\/2024\\\/06\\\/ercan-sergi1-scaled.jpeg\",\"datePublished\":\"2024-06-20T12:15:28+00:00\",\"author\":{\"@id\":\"https:\\\/\\\/kuzeyinsesi.org\\\/#\\\/schema\\\/person\\\/9f859689cdf01485597712386e37f5aa\"},\"breadcrumb\":{\"@id\":\"https:\\\/\\\/kuzeyinsesi.org\\\/index.php\\\/2024\\\/06\\\/20\\\/ayse-kececioglunun-portreler-adli-fotograf-sergisi-ercan-havalimaninda-acildi\\\/#breadcrumb\"},\"inLanguage\":\"tr\",\"potentialAction\":[{\"@type\":\"ReadAction\",\"target\":[\"https:\\\/\\\/kuzeyinsesi.org\\\/index.php\\\/2024\\\/06\\\/20\\\/ayse-kececioglunun-portreler-adli-fotograf-sergisi-ercan-havalimaninda-acildi\\\/\"]}]},{\"@type\":\"ImageObject\",\"inLanguage\":\"tr\",\"@id\":\"https:\\\/\\\/kuzeyinsesi.org\\\/index.php\\\/2024\\\/06\\\/20\\\/ayse-kececioglunun-portreler-adli-fotograf-sergisi-ercan-havalimaninda-acildi\\\/#primaryimage\",\"url\":\"https:\\\/\\\/kuzeyinsesi.org\\\/wp-content\\\/uploads\\\/2024\\\/06\\\/ercan-sergi1-scaled.jpeg\",\"contentUrl\":\"https:\\\/\\\/kuzeyinsesi.org\\\/wp-content\\\/uploads\\\/2024\\\/06\\\/ercan-sergi1-scaled.jpeg\",\"width\":2560,\"height\":1920},{\"@type\":\"BreadcrumbList\",\"@id\":\"https:\\\/\\\/kuzeyinsesi.org\\\/index.php\\\/2024\\\/06\\\/20\\\/ayse-kececioglunun-portreler-adli-fotograf-sergisi-ercan-havalimaninda-acildi\\\/#breadcrumb\",\"itemListElement\":[{\"@type\":\"ListItem\",\"position\":1,\"name\":\"Anasayfa\",\"item\":\"https:\\\/\\\/kuzeyinsesi.org\\\/\"},{\"@type\":\"ListItem\",\"position\":2,\"name\":\"Ay\u015fe Ke\u00e7ecio\u011flu\u2019nun \u201cPortreler\u201d adl\u0131 foto\u011fraf sergisi Ercan Havaliman\u0131\u2019nda a\u00e7\u0131ld\u0131\"}]},{\"@type\":\"WebSite\",\"@id\":\"https:\\\/\\\/kuzeyinsesi.org\\\/#website\",\"url\":\"https:\\\/\\\/kuzeyinsesi.org\\\/\",\"name\":\"Kuzeyin Sesi\",\"description\":\"Do\u011fru Haberin Adresi\",\"potentialAction\":[{\"@type\":\"SearchAction\",\"target\":{\"@type\":\"EntryPoint\",\"urlTemplate\":\"https:\\\/\\\/kuzeyinsesi.org\\\/?s={search_term_string}\"},\"query-input\":{\"@type\":\"PropertyValueSpecification\",\"valueRequired\":true,\"valueName\":\"search_term_string\"}}],\"inLanguage\":\"tr\"},{\"@type\":\"Person\",\"@id\":\"https:\\\/\\\/kuzeyinsesi.org\\\/#\\\/schema\\\/person\\\/9f859689cdf01485597712386e37f5aa\",\"name\":\"Kuzeyin Sesi\",\"image\":{\"@type\":\"ImageObject\",\"inLanguage\":\"tr\",\"@id\":\"https:\\\/\\\/secure.gravatar.com\\\/avatar\\\/bab33852abfd8b282518d6ed81826833d77c3c882d9ab608add591ccace47a44?s=96&d=mm&r=g\",\"url\":\"https:\\\/\\\/secure.gravatar.com\\\/avatar\\\/bab33852abfd8b282518d6ed81826833d77c3c882d9ab608add591ccace47a44?s=96&d=mm&r=g\",\"contentUrl\":\"https:\\\/\\\/secure.gravatar.com\\\/avatar\\\/bab33852abfd8b282518d6ed81826833d77c3c882d9ab608add591ccace47a44?s=96&d=mm&r=g\",\"caption\":\"Kuzeyin Sesi\"},\"sameAs\":[\"https:\\\/\\\/kuzeyinsesi.org\"],\"url\":\"https:\\\/\\\/kuzeyinsesi.org\\\/index.php\\\/author\\\/guven\\\/\"}]}<\/script>\n<!-- \/ Yoast SEO plugin. -->","yoast_head_json":{"title":"Ay\u015fe Ke\u00e7ecio\u011flu\u2019nun \u201cPortreler\u201d adl\u0131 foto\u011fraf sergisi Ercan Havaliman\u0131\u2019nda a\u00e7\u0131ld\u0131 - Kuzeyin Sesi","robots":{"index":"index","follow":"follow","max-snippet":"max-snippet:-1","max-image-preview":"max-image-preview:large","max-video-preview":"max-video-preview:-1"},"canonical":"https:\/\/kuzeyinsesi.org\/index.php\/2024\/06\/20\/ayse-kececioglunun-portreler-adli-fotograf-sergisi-ercan-havalimaninda-acildi\/","og_locale":"tr_TR","og_type":"article","og_title":"Ay\u015fe Ke\u00e7ecio\u011flu\u2019nun \u201cPortreler\u201d adl\u0131 foto\u011fraf sergisi Ercan Havaliman\u0131\u2019nda a\u00e7\u0131ld\u0131 - Kuzeyin Sesi","og_description":"Ay\u015fe Ke\u00e7ecio\u011flu\u2019nun \u201cPortreler\u201d isimli foto\u011fraf sergisi Ercan Havaliman\u0131\u2019nda a\u00e7\u0131ld\u0131. T&amp;T Havaliman\u0131 \u0130\u015fletmecili\u011fi\u2019nden verilen bilgiye g\u00f6re, Ercan Havaliman\u0131\u2019nda giden yolcu pasaport kontrol\u00fc sonras\u0131nda yer alan sergi, 27 foto\u011fraftan olu\u015fuyor. Yeni Ercan Havaliman\u0131\u2019nda sergi a\u00e7man\u0131n kendisi i\u00e7in \u00f6nemli oldu\u011funu vurgulayan Ke\u00e7ecio\u011flu, \u201cHer g\u00fcn binlerce ki\u015finin yolculuk etti\u011fi Ercan Havaliman\u0131\u2019nda yerli ve yabanc\u0131lar \u00e7ekti\u011fim portre foto\u011fraflar\u0131m\u0131 g\u00f6recek. Foto\u011fraflad\u0131\u011f\u0131m [&hellip;]","og_url":"https:\/\/kuzeyinsesi.org\/index.php\/2024\/06\/20\/ayse-kececioglunun-portreler-adli-fotograf-sergisi-ercan-havalimaninda-acildi\/","og_site_name":"Kuzeyin Sesi","article_publisher":"https:\/\/www.facebook.com\/kuzeyinsesii","article_published_time":"2024-06-20T12:15:28+00:00","og_image":[{"width":2560,"height":1920,"url":"https:\/\/kuzeyinsesi.org\/wp-content\/uploads\/2024\/06\/ercan-sergi1-scaled.jpeg","type":"image\/jpeg"}],"author":"Kuzeyin Sesi","twitter_card":"summary_large_image","twitter_creator":"@kuzeyinsesii","twitter_site":"@kuzeyinsesii","twitter_misc":{"Yazan:":"Kuzeyin Sesi","Tahmini okuma s\u00fcresi":"2 dakika"},"schema":{"@context":"https:\/\/schema.org","@graph":[{"@type":"Article","@id":"https:\/\/kuzeyinsesi.org\/index.php\/2024\/06\/20\/ayse-kececioglunun-portreler-adli-fotograf-sergisi-ercan-havalimaninda-acildi\/#article","isPartOf":{"@id":"https:\/\/kuzeyinsesi.org\/index.php\/2024\/06\/20\/ayse-kececioglunun-portreler-adli-fotograf-sergisi-ercan-havalimaninda-acildi\/"},"author":{"name":"Kuzeyin Sesi","@id":"https:\/\/kuzeyinsesi.org\/#\/schema\/person\/9f859689cdf01485597712386e37f5aa"},"headline":"Ay\u015fe Ke\u00e7ecio\u011flu\u2019nun \u201cPortreler\u201d adl\u0131 foto\u011fraf sergisi Ercan Havaliman\u0131\u2019nda a\u00e7\u0131ld\u0131","datePublished":"2024-06-20T12:15:28+00:00","mainEntityOfPage":{"@id":"https:\/\/kuzeyinsesi.org\/index.php\/2024\/06\/20\/ayse-kececioglunun-portreler-adli-fotograf-sergisi-ercan-havalimaninda-acildi\/"},"wordCount":463,"commentCount":0,"image":{"@id":"https:\/\/kuzeyinsesi.org\/index.php\/2024\/06\/20\/ayse-kececioglunun-portreler-adli-fotograf-sergisi-ercan-havalimaninda-acildi\/#primaryimage"},"thumbnailUrl":"https:\/\/kuzeyinsesi.org\/wp-content\/uploads\/2024\/06\/ercan-sergi1-scaled.jpeg","articleSection":["Ya\u015fam"],"inLanguage":"tr","potentialAction":[{"@type":"CommentAction","name":"Comment","target":["https:\/\/kuzeyinsesi.org\/index.php\/2024\/06\/20\/ayse-kececioglunun-portreler-adli-fotograf-sergisi-ercan-havalimaninda-acildi\/#respond"]}]},{"@type":"WebPage","@id":"https:\/\/kuzeyinsesi.org\/index.php\/2024\/06\/20\/ayse-kececioglunun-portreler-adli-fotograf-sergisi-ercan-havalimaninda-acildi\/","url":"https:\/\/kuzeyinsesi.org\/index.php\/2024\/06\/20\/ayse-kececioglunun-portreler-adli-fotograf-sergisi-ercan-havalimaninda-acildi\/","name":"Ay\u015fe Ke\u00e7ecio\u011flu\u2019nun \u201cPortreler\u201d adl\u0131 foto\u011fraf sergisi Ercan Havaliman\u0131\u2019nda a\u00e7\u0131ld\u0131 - Kuzeyin Sesi","isPartOf":{"@id":"https:\/\/kuzeyinsesi.org\/#website"},"primaryImageOfPage":{"@id":"https:\/\/kuzeyinsesi.org\/index.php\/2024\/06\/20\/ayse-kececioglunun-portreler-adli-fotograf-sergisi-ercan-havalimaninda-acildi\/#primaryimage"},"image":{"@id":"https:\/\/kuzeyinsesi.org\/index.php\/2024\/06\/20\/ayse-kececioglunun-portreler-adli-fotograf-sergisi-ercan-havalimaninda-acildi\/#primaryimage"},"thumbnailUrl":"https:\/\/kuzeyinsesi.org\/wp-content\/uploads\/2024\/06\/ercan-sergi1-scaled.jpeg","datePublished":"2024-06-20T12:15:28+00:00","author":{"@id":"https:\/\/kuzeyinsesi.org\/#\/schema\/person\/9f859689cdf01485597712386e37f5aa"},"breadcrumb":{"@id":"https:\/\/kuzeyinsesi.org\/index.php\/2024\/06\/20\/ayse-kececioglunun-portreler-adli-fotograf-sergisi-ercan-havalimaninda-acildi\/#breadcrumb"},"inLanguage":"tr","potentialAction":[{"@type":"ReadAction","target":["https:\/\/kuzeyinsesi.org\/index.php\/2024\/06\/20\/ayse-kececioglunun-portreler-adli-fotograf-sergisi-ercan-havalimaninda-acildi\/"]}]},{"@type":"ImageObject","inLanguage":"tr","@id":"https:\/\/kuzeyinsesi.org\/index.php\/2024\/06\/20\/ayse-kececioglunun-portreler-adli-fotograf-sergisi-ercan-havalimaninda-acildi\/#primaryimage","url":"https:\/\/kuzeyinsesi.org\/wp-content\/uploads\/2024\/06\/ercan-sergi1-scaled.jpeg","contentUrl":"https:\/\/kuzeyinsesi.org\/wp-content\/uploads\/2024\/06\/ercan-sergi1-scaled.jpeg","width":2560,"height":1920},{"@type":"BreadcrumbList","@id":"https:\/\/kuzeyinsesi.org\/index.php\/2024\/06\/20\/ayse-kececioglunun-portreler-adli-fotograf-sergisi-ercan-havalimaninda-acildi\/#breadcrumb","itemListElement":[{"@type":"ListItem","position":1,"name":"Anasayfa","item":"https:\/\/kuzeyinsesi.org\/"},{"@type":"ListItem","position":2,"name":"Ay\u015fe Ke\u00e7ecio\u011flu\u2019nun \u201cPortreler\u201d adl\u0131 foto\u011fraf sergisi Ercan Havaliman\u0131\u2019nda a\u00e7\u0131ld\u0131"}]},{"@type":"WebSite","@id":"https:\/\/kuzeyinsesi.org\/#website","url":"https:\/\/kuzeyinsesi.org\/","name":"Kuzeyin Sesi","description":"Do\u011fru Haberin Adresi","potentialAction":[{"@type":"SearchAction","target":{"@type":"EntryPoint","urlTemplate":"https:\/\/kuzeyinsesi.org\/?s={search_term_string}"},"query-input":{"@type":"PropertyValueSpecification","valueRequired":true,"valueName":"search_term_string"}}],"inLanguage":"tr"},{"@type":"Person","@id":"https:\/\/kuzeyinsesi.org\/#\/schema\/person\/9f859689cdf01485597712386e37f5aa","name":"Kuzeyin Sesi","image":{"@type":"ImageObject","inLanguage":"tr","@id":"https:\/\/secure.gravatar.com\/avatar\/bab33852abfd8b282518d6ed81826833d77c3c882d9ab608add591ccace47a44?s=96&d=mm&r=g","url":"https:\/\/secure.gravatar.com\/avatar\/bab33852abfd8b282518d6ed81826833d77c3c882d9ab608add591ccace47a44?s=96&d=mm&r=g","contentUrl":"https:\/\/secure.gravatar.com\/avatar\/bab33852abfd8b282518d6ed81826833d77c3c882d9ab608add591ccace47a44?s=96&d=mm&r=g","caption":"Kuzeyin Sesi"},"sameAs":["https:\/\/kuzeyinsesi.org"],"url":"https:\/\/kuzeyinsesi.org\/index.php\/author\/guven\/"}]}},"_links":{"self":[{"href":"https:\/\/kuzeyinsesi.org\/index.php\/wp-json\/wp\/v2\/posts\/5052","targetHints":{"allow":["GET"]}}],"collection":[{"href":"https:\/\/kuzeyinsesi.org\/index.php\/wp-json\/wp\/v2\/posts"}],"about":[{"href":"https:\/\/kuzeyinsesi.org\/index.php\/wp-json\/wp\/v2\/types\/post"}],"author":[{"embeddable":true,"href":"https:\/\/kuzeyinsesi.org\/index.php\/wp-json\/wp\/v2\/users\/1"}],"replies":[{"embeddable":true,"href":"https:\/\/kuzeyinsesi.org\/index.php\/wp-json\/wp\/v2\/comments?post=5052"}],"version-history":[{"count":0,"href":"https:\/\/kuzeyinsesi.org\/index.php\/wp-json\/wp\/v2\/posts\/5052\/revisions"}],"wp:featuredmedia":[{"embeddable":true,"href":"https:\/\/kuzeyinsesi.org\/index.php\/wp-json\/wp\/v2\/media\/5053"}],"wp:attachment":[{"href":"https:\/\/kuzeyinsesi.org\/index.php\/wp-json\/wp\/v2\/media?parent=5052"}],"wp:term":[{"taxonomy":"category","embeddable":true,"href":"https:\/\/kuzeyinsesi.org\/index.php\/wp-json\/wp\/v2\/categories?post=5052"},{"taxonomy":"post_tag","embeddable":true,"href":"https:\/\/kuzeyinsesi.org\/index.php\/wp-json\/wp\/v2\/tags?post=5052"}],"curies":[{"name":"wp","href":"https:\/\/api.w.org\/{rel}","templated":true}]}}