{"id":5044,"date":"2024-06-20T14:14:12","date_gmt":"2024-06-20T11:14:12","guid":{"rendered":"https:\/\/kuzeyinsesi.com\/index.php\/2024\/06\/20\/girne-belediyesi-sanat-atolyesi-ogrencilerinin-sergisi-pazartesi-aciliyor\/"},"modified":"2024-06-20T14:14:12","modified_gmt":"2024-06-20T11:14:12","slug":"girne-belediyesi-sanat-atolyesi-ogrencilerinin-sergisi-pazartesi-aciliyor","status":"publish","type":"post","link":"https:\/\/kuzeyinsesi.org\/index.php\/2024\/06\/20\/girne-belediyesi-sanat-atolyesi-ogrencilerinin-sergisi-pazartesi-aciliyor\/","title":{"rendered":"Girne Belediyesi Sanat At\u00f6lyesi \u00f6\u011frencilerinin sergisi pazartesi a\u00e7\u0131l\u0131yor"},"content":{"rendered":"<div>\n<div class=\"mariselle-image-container center\">\n                                            <\/div>\n<p>Girne Belediyesi Sanat At\u00f6lyesi \u00f6\u011frencilerinin eserleri, pazartesi a\u00e7\u0131lacak sergide sanatseverlerle bulu\u015facak. <\/p>\n<p>Sergide, kursa kat\u0131lan 23 \u00f6\u011frencinin eserleri sergilenecek. <\/p>\n<p>Girne Belediyesi\u2019nden yap\u0131lan yaz\u0131l\u0131 a\u00e7\u0131klamaya g\u00f6re, Girne Belediyesi K\u00fclt\u00fcr Sanat Kurslar\u0131 kapsam\u0131nda d\u00fczenlenecek sergi, 24 Haziran Pazartesi saat 19.00\u2019da, Girne Belediyesi Sanat Galerisi\u2019nde yer alacak.  <\/p>\n<p>28 Haziran\u2019a kadar 10.00 ile 17.00 saatlerinde ziyaret\u00e7ilere a\u00e7\u0131k olacak sergide, Sanat E\u011fitmeni \u015eenol \u00d6zdevrim ve Seramik E\u011fitmeni Bedia Kale\u2019nin ders verdi\u011fi 23 \u00f6\u011frencinin resim ve seramik eserlerine yer verilecek. <\/p>\n<p>Serginin a\u00e7\u0131l\u0131\u015f\u0131 s\u0131ras\u0131nda kursiyerlere kat\u0131l\u0131m belgesi de takdim edilecek.<\/p>\n<\/p><\/div>\n<p><script async\n                    defer\n                    crossorigin=\"anonymous\"\n                    src=\"https:\/\/connect.facebook.net\/tr_TR\/sdk.js#xfbml=1&#038;version=v3.3\"\n            ><\/script><\/p>\n","protected":false},"excerpt":{"rendered":"<p>Girne Belediyesi Sanat At\u00f6lyesi \u00f6\u011frencilerinin eserleri, pazartesi a\u00e7\u0131lacak sergide sanatseverlerle bulu\u015facak. Sergide, kursa kat\u0131lan 23 \u00f6\u011frencinin eserleri sergilenecek. Girne Belediyesi\u2019nden yap\u0131lan yaz\u0131l\u0131 a\u00e7\u0131klamaya g\u00f6re, Girne Belediyesi K\u00fclt\u00fcr Sanat Kurslar\u0131 kapsam\u0131nda d\u00fczenlenecek sergi, 24 Haziran Pazartesi saat 19.00\u2019da, Girne Belediyesi Sanat Galerisi\u2019nde yer alacak. 28 Haziran\u2019a kadar 10.00 ile 17.00 saatlerinde ziyaret\u00e7ilere a\u00e7\u0131k olacak sergide, Sanat [&hellip;]<\/p>\n","protected":false},"author":1,"featured_media":5045,"comment_status":"open","ping_status":"open","sticky":false,"template":"","format":"standard","meta":{"jnews-multi-image_gallery":[],"jnews_single_post":[],"jnews_primary_category":[],"jnews_social_meta":[],"jnews_override_counter":[],"footnotes":""},"categories":[6],"tags":[],"class_list":["post-5044","post","type-post","status-publish","format-standard","has-post-thumbnail","hentry","category-yasam"],"yoast_head":"<!-- This site is optimized with the Yoast SEO plugin v27.5 - https:\/\/yoast.com\/product\/yoast-seo-wordpress\/ -->\n<title>Girne Belediyesi Sanat At\u00f6lyesi \u00f6\u011frencilerinin sergisi pazartesi a\u00e7\u0131l\u0131yor - Kuzeyin Sesi<\/title>\n<meta name=\"robots\" content=\"index, follow, max-snippet:-1, max-image-preview:large, max-video-preview:-1\" \/>\n<link rel=\"canonical\" href=\"https:\/\/kuzeyinsesi.org\/index.php\/2024\/06\/20\/girne-belediyesi-sanat-atolyesi-ogrencilerinin-sergisi-pazartesi-aciliyor\/\" \/>\n<meta property=\"og:locale\" content=\"tr_TR\" \/>\n<meta property=\"og:type\" content=\"article\" \/>\n<meta property=\"og:title\" content=\"Girne Belediyesi Sanat At\u00f6lyesi \u00f6\u011frencilerinin sergisi pazartesi a\u00e7\u0131l\u0131yor - Kuzeyin Sesi\" \/>\n<meta property=\"og:description\" content=\"Girne Belediyesi Sanat At\u00f6lyesi \u00f6\u011frencilerinin eserleri, pazartesi a\u00e7\u0131lacak sergide sanatseverlerle bulu\u015facak. Sergide, kursa kat\u0131lan 23 \u00f6\u011frencinin eserleri sergilenecek. Girne Belediyesi\u2019nden yap\u0131lan yaz\u0131l\u0131 a\u00e7\u0131klamaya g\u00f6re, Girne Belediyesi K\u00fclt\u00fcr Sanat Kurslar\u0131 kapsam\u0131nda d\u00fczenlenecek sergi, 24 Haziran Pazartesi saat 19.00\u2019da, Girne Belediyesi Sanat Galerisi\u2019nde yer alacak. 28 Haziran\u2019a kadar 10.00 ile 17.00 saatlerinde ziyaret\u00e7ilere a\u00e7\u0131k olacak sergide, Sanat [&hellip;]\" \/>\n<meta property=\"og:url\" content=\"https:\/\/kuzeyinsesi.org\/index.php\/2024\/06\/20\/girne-belediyesi-sanat-atolyesi-ogrencilerinin-sergisi-pazartesi-aciliyor\/\" \/>\n<meta property=\"og:site_name\" content=\"Kuzeyin Sesi\" \/>\n<meta property=\"article:publisher\" content=\"https:\/\/www.facebook.com\/kuzeyinsesii\" \/>\n<meta property=\"article:published_time\" content=\"2024-06-20T11:14:12+00:00\" \/>\n<meta property=\"og:image\" content=\"https:\/\/kuzeyinsesi.org\/wp-content\/uploads\/2024\/06\/girne-belediyesi-sergi.jpeg\" \/>\n\t<meta property=\"og:image:width\" content=\"1131\" \/>\n\t<meta property=\"og:image:height\" content=\"1600\" \/>\n\t<meta property=\"og:image:type\" content=\"image\/jpeg\" \/>\n<meta name=\"author\" content=\"Kuzeyin Sesi\" \/>\n<meta name=\"twitter:card\" content=\"summary_large_image\" \/>\n<meta name=\"twitter:creator\" content=\"@kuzeyinsesii\" \/>\n<meta name=\"twitter:site\" content=\"@kuzeyinsesii\" \/>\n<meta name=\"twitter:label1\" content=\"Yazan:\" \/>\n\t<meta name=\"twitter:data1\" content=\"Kuzeyin Sesi\" \/>\n\t<meta name=\"twitter:label2\" content=\"Tahmini okuma s\u00fcresi\" \/>\n\t<meta name=\"twitter:data2\" content=\"1 dakika\" \/>\n<script type=\"application\/ld+json\" class=\"yoast-schema-graph\">{\"@context\":\"https:\\\/\\\/schema.org\",\"@graph\":[{\"@type\":\"Article\",\"@id\":\"https:\\\/\\\/kuzeyinsesi.org\\\/index.php\\\/2024\\\/06\\\/20\\\/girne-belediyesi-sanat-atolyesi-ogrencilerinin-sergisi-pazartesi-aciliyor\\\/#article\",\"isPartOf\":{\"@id\":\"https:\\\/\\\/kuzeyinsesi.org\\\/index.php\\\/2024\\\/06\\\/20\\\/girne-belediyesi-sanat-atolyesi-ogrencilerinin-sergisi-pazartesi-aciliyor\\\/\"},\"author\":{\"name\":\"Kuzeyin Sesi\",\"@id\":\"https:\\\/\\\/kuzeyinsesi.org\\\/#\\\/schema\\\/person\\\/9f859689cdf01485597712386e37f5aa\"},\"headline\":\"Girne Belediyesi Sanat At\u00f6lyesi \u00f6\u011frencilerinin sergisi pazartesi a\u00e7\u0131l\u0131yor\",\"datePublished\":\"2024-06-20T11:14:12+00:00\",\"mainEntityOfPage\":{\"@id\":\"https:\\\/\\\/kuzeyinsesi.org\\\/index.php\\\/2024\\\/06\\\/20\\\/girne-belediyesi-sanat-atolyesi-ogrencilerinin-sergisi-pazartesi-aciliyor\\\/\"},\"wordCount\":113,\"commentCount\":0,\"image\":{\"@id\":\"https:\\\/\\\/kuzeyinsesi.org\\\/index.php\\\/2024\\\/06\\\/20\\\/girne-belediyesi-sanat-atolyesi-ogrencilerinin-sergisi-pazartesi-aciliyor\\\/#primaryimage\"},\"thumbnailUrl\":\"https:\\\/\\\/kuzeyinsesi.org\\\/wp-content\\\/uploads\\\/2024\\\/06\\\/girne-belediyesi-sergi.jpeg\",\"articleSection\":[\"Ya\u015fam\"],\"inLanguage\":\"tr\",\"potentialAction\":[{\"@type\":\"CommentAction\",\"name\":\"Comment\",\"target\":[\"https:\\\/\\\/kuzeyinsesi.org\\\/index.php\\\/2024\\\/06\\\/20\\\/girne-belediyesi-sanat-atolyesi-ogrencilerinin-sergisi-pazartesi-aciliyor\\\/#respond\"]}]},{\"@type\":\"WebPage\",\"@id\":\"https:\\\/\\\/kuzeyinsesi.org\\\/index.php\\\/2024\\\/06\\\/20\\\/girne-belediyesi-sanat-atolyesi-ogrencilerinin-sergisi-pazartesi-aciliyor\\\/\",\"url\":\"https:\\\/\\\/kuzeyinsesi.org\\\/index.php\\\/2024\\\/06\\\/20\\\/girne-belediyesi-sanat-atolyesi-ogrencilerinin-sergisi-pazartesi-aciliyor\\\/\",\"name\":\"Girne Belediyesi Sanat At\u00f6lyesi \u00f6\u011frencilerinin sergisi pazartesi a\u00e7\u0131l\u0131yor - Kuzeyin Sesi\",\"isPartOf\":{\"@id\":\"https:\\\/\\\/kuzeyinsesi.org\\\/#website\"},\"primaryImageOfPage\":{\"@id\":\"https:\\\/\\\/kuzeyinsesi.org\\\/index.php\\\/2024\\\/06\\\/20\\\/girne-belediyesi-sanat-atolyesi-ogrencilerinin-sergisi-pazartesi-aciliyor\\\/#primaryimage\"},\"image\":{\"@id\":\"https:\\\/\\\/kuzeyinsesi.org\\\/index.php\\\/2024\\\/06\\\/20\\\/girne-belediyesi-sanat-atolyesi-ogrencilerinin-sergisi-pazartesi-aciliyor\\\/#primaryimage\"},\"thumbnailUrl\":\"https:\\\/\\\/kuzeyinsesi.org\\\/wp-content\\\/uploads\\\/2024\\\/06\\\/girne-belediyesi-sergi.jpeg\",\"datePublished\":\"2024-06-20T11:14:12+00:00\",\"author\":{\"@id\":\"https:\\\/\\\/kuzeyinsesi.org\\\/#\\\/schema\\\/person\\\/9f859689cdf01485597712386e37f5aa\"},\"breadcrumb\":{\"@id\":\"https:\\\/\\\/kuzeyinsesi.org\\\/index.php\\\/2024\\\/06\\\/20\\\/girne-belediyesi-sanat-atolyesi-ogrencilerinin-sergisi-pazartesi-aciliyor\\\/#breadcrumb\"},\"inLanguage\":\"tr\",\"potentialAction\":[{\"@type\":\"ReadAction\",\"target\":[\"https:\\\/\\\/kuzeyinsesi.org\\\/index.php\\\/2024\\\/06\\\/20\\\/girne-belediyesi-sanat-atolyesi-ogrencilerinin-sergisi-pazartesi-aciliyor\\\/\"]}]},{\"@type\":\"ImageObject\",\"inLanguage\":\"tr\",\"@id\":\"https:\\\/\\\/kuzeyinsesi.org\\\/index.php\\\/2024\\\/06\\\/20\\\/girne-belediyesi-sanat-atolyesi-ogrencilerinin-sergisi-pazartesi-aciliyor\\\/#primaryimage\",\"url\":\"https:\\\/\\\/kuzeyinsesi.org\\\/wp-content\\\/uploads\\\/2024\\\/06\\\/girne-belediyesi-sergi.jpeg\",\"contentUrl\":\"https:\\\/\\\/kuzeyinsesi.org\\\/wp-content\\\/uploads\\\/2024\\\/06\\\/girne-belediyesi-sergi.jpeg\",\"width\":1131,\"height\":1600},{\"@type\":\"BreadcrumbList\",\"@id\":\"https:\\\/\\\/kuzeyinsesi.org\\\/index.php\\\/2024\\\/06\\\/20\\\/girne-belediyesi-sanat-atolyesi-ogrencilerinin-sergisi-pazartesi-aciliyor\\\/#breadcrumb\",\"itemListElement\":[{\"@type\":\"ListItem\",\"position\":1,\"name\":\"Anasayfa\",\"item\":\"https:\\\/\\\/kuzeyinsesi.org\\\/\"},{\"@type\":\"ListItem\",\"position\":2,\"name\":\"Girne Belediyesi Sanat At\u00f6lyesi \u00f6\u011frencilerinin sergisi pazartesi a\u00e7\u0131l\u0131yor\"}]},{\"@type\":\"WebSite\",\"@id\":\"https:\\\/\\\/kuzeyinsesi.org\\\/#website\",\"url\":\"https:\\\/\\\/kuzeyinsesi.org\\\/\",\"name\":\"Kuzeyin Sesi\",\"description\":\"Do\u011fru Haberin Adresi\",\"potentialAction\":[{\"@type\":\"SearchAction\",\"target\":{\"@type\":\"EntryPoint\",\"urlTemplate\":\"https:\\\/\\\/kuzeyinsesi.org\\\/?s={search_term_string}\"},\"query-input\":{\"@type\":\"PropertyValueSpecification\",\"valueRequired\":true,\"valueName\":\"search_term_string\"}}],\"inLanguage\":\"tr\"},{\"@type\":\"Person\",\"@id\":\"https:\\\/\\\/kuzeyinsesi.org\\\/#\\\/schema\\\/person\\\/9f859689cdf01485597712386e37f5aa\",\"name\":\"Kuzeyin Sesi\",\"image\":{\"@type\":\"ImageObject\",\"inLanguage\":\"tr\",\"@id\":\"https:\\\/\\\/secure.gravatar.com\\\/avatar\\\/bab33852abfd8b282518d6ed81826833d77c3c882d9ab608add591ccace47a44?s=96&d=mm&r=g\",\"url\":\"https:\\\/\\\/secure.gravatar.com\\\/avatar\\\/bab33852abfd8b282518d6ed81826833d77c3c882d9ab608add591ccace47a44?s=96&d=mm&r=g\",\"contentUrl\":\"https:\\\/\\\/secure.gravatar.com\\\/avatar\\\/bab33852abfd8b282518d6ed81826833d77c3c882d9ab608add591ccace47a44?s=96&d=mm&r=g\",\"caption\":\"Kuzeyin Sesi\"},\"sameAs\":[\"https:\\\/\\\/kuzeyinsesi.org\"],\"url\":\"https:\\\/\\\/kuzeyinsesi.org\\\/index.php\\\/author\\\/guven\\\/\"}]}<\/script>\n<!-- \/ Yoast SEO plugin. -->","yoast_head_json":{"title":"Girne Belediyesi Sanat At\u00f6lyesi \u00f6\u011frencilerinin sergisi pazartesi a\u00e7\u0131l\u0131yor - Kuzeyin Sesi","robots":{"index":"index","follow":"follow","max-snippet":"max-snippet:-1","max-image-preview":"max-image-preview:large","max-video-preview":"max-video-preview:-1"},"canonical":"https:\/\/kuzeyinsesi.org\/index.php\/2024\/06\/20\/girne-belediyesi-sanat-atolyesi-ogrencilerinin-sergisi-pazartesi-aciliyor\/","og_locale":"tr_TR","og_type":"article","og_title":"Girne Belediyesi Sanat At\u00f6lyesi \u00f6\u011frencilerinin sergisi pazartesi a\u00e7\u0131l\u0131yor - Kuzeyin Sesi","og_description":"Girne Belediyesi Sanat At\u00f6lyesi \u00f6\u011frencilerinin eserleri, pazartesi a\u00e7\u0131lacak sergide sanatseverlerle bulu\u015facak. Sergide, kursa kat\u0131lan 23 \u00f6\u011frencinin eserleri sergilenecek. Girne Belediyesi\u2019nden yap\u0131lan yaz\u0131l\u0131 a\u00e7\u0131klamaya g\u00f6re, Girne Belediyesi K\u00fclt\u00fcr Sanat Kurslar\u0131 kapsam\u0131nda d\u00fczenlenecek sergi, 24 Haziran Pazartesi saat 19.00\u2019da, Girne Belediyesi Sanat Galerisi\u2019nde yer alacak. 28 Haziran\u2019a kadar 10.00 ile 17.00 saatlerinde ziyaret\u00e7ilere a\u00e7\u0131k olacak sergide, Sanat [&hellip;]","og_url":"https:\/\/kuzeyinsesi.org\/index.php\/2024\/06\/20\/girne-belediyesi-sanat-atolyesi-ogrencilerinin-sergisi-pazartesi-aciliyor\/","og_site_name":"Kuzeyin Sesi","article_publisher":"https:\/\/www.facebook.com\/kuzeyinsesii","article_published_time":"2024-06-20T11:14:12+00:00","og_image":[{"width":1131,"height":1600,"url":"https:\/\/kuzeyinsesi.org\/wp-content\/uploads\/2024\/06\/girne-belediyesi-sergi.jpeg","type":"image\/jpeg"}],"author":"Kuzeyin Sesi","twitter_card":"summary_large_image","twitter_creator":"@kuzeyinsesii","twitter_site":"@kuzeyinsesii","twitter_misc":{"Yazan:":"Kuzeyin Sesi","Tahmini okuma s\u00fcresi":"1 dakika"},"schema":{"@context":"https:\/\/schema.org","@graph":[{"@type":"Article","@id":"https:\/\/kuzeyinsesi.org\/index.php\/2024\/06\/20\/girne-belediyesi-sanat-atolyesi-ogrencilerinin-sergisi-pazartesi-aciliyor\/#article","isPartOf":{"@id":"https:\/\/kuzeyinsesi.org\/index.php\/2024\/06\/20\/girne-belediyesi-sanat-atolyesi-ogrencilerinin-sergisi-pazartesi-aciliyor\/"},"author":{"name":"Kuzeyin Sesi","@id":"https:\/\/kuzeyinsesi.org\/#\/schema\/person\/9f859689cdf01485597712386e37f5aa"},"headline":"Girne Belediyesi Sanat At\u00f6lyesi \u00f6\u011frencilerinin sergisi pazartesi a\u00e7\u0131l\u0131yor","datePublished":"2024-06-20T11:14:12+00:00","mainEntityOfPage":{"@id":"https:\/\/kuzeyinsesi.org\/index.php\/2024\/06\/20\/girne-belediyesi-sanat-atolyesi-ogrencilerinin-sergisi-pazartesi-aciliyor\/"},"wordCount":113,"commentCount":0,"image":{"@id":"https:\/\/kuzeyinsesi.org\/index.php\/2024\/06\/20\/girne-belediyesi-sanat-atolyesi-ogrencilerinin-sergisi-pazartesi-aciliyor\/#primaryimage"},"thumbnailUrl":"https:\/\/kuzeyinsesi.org\/wp-content\/uploads\/2024\/06\/girne-belediyesi-sergi.jpeg","articleSection":["Ya\u015fam"],"inLanguage":"tr","potentialAction":[{"@type":"CommentAction","name":"Comment","target":["https:\/\/kuzeyinsesi.org\/index.php\/2024\/06\/20\/girne-belediyesi-sanat-atolyesi-ogrencilerinin-sergisi-pazartesi-aciliyor\/#respond"]}]},{"@type":"WebPage","@id":"https:\/\/kuzeyinsesi.org\/index.php\/2024\/06\/20\/girne-belediyesi-sanat-atolyesi-ogrencilerinin-sergisi-pazartesi-aciliyor\/","url":"https:\/\/kuzeyinsesi.org\/index.php\/2024\/06\/20\/girne-belediyesi-sanat-atolyesi-ogrencilerinin-sergisi-pazartesi-aciliyor\/","name":"Girne Belediyesi Sanat At\u00f6lyesi \u00f6\u011frencilerinin sergisi pazartesi a\u00e7\u0131l\u0131yor - Kuzeyin Sesi","isPartOf":{"@id":"https:\/\/kuzeyinsesi.org\/#website"},"primaryImageOfPage":{"@id":"https:\/\/kuzeyinsesi.org\/index.php\/2024\/06\/20\/girne-belediyesi-sanat-atolyesi-ogrencilerinin-sergisi-pazartesi-aciliyor\/#primaryimage"},"image":{"@id":"https:\/\/kuzeyinsesi.org\/index.php\/2024\/06\/20\/girne-belediyesi-sanat-atolyesi-ogrencilerinin-sergisi-pazartesi-aciliyor\/#primaryimage"},"thumbnailUrl":"https:\/\/kuzeyinsesi.org\/wp-content\/uploads\/2024\/06\/girne-belediyesi-sergi.jpeg","datePublished":"2024-06-20T11:14:12+00:00","author":{"@id":"https:\/\/kuzeyinsesi.org\/#\/schema\/person\/9f859689cdf01485597712386e37f5aa"},"breadcrumb":{"@id":"https:\/\/kuzeyinsesi.org\/index.php\/2024\/06\/20\/girne-belediyesi-sanat-atolyesi-ogrencilerinin-sergisi-pazartesi-aciliyor\/#breadcrumb"},"inLanguage":"tr","potentialAction":[{"@type":"ReadAction","target":["https:\/\/kuzeyinsesi.org\/index.php\/2024\/06\/20\/girne-belediyesi-sanat-atolyesi-ogrencilerinin-sergisi-pazartesi-aciliyor\/"]}]},{"@type":"ImageObject","inLanguage":"tr","@id":"https:\/\/kuzeyinsesi.org\/index.php\/2024\/06\/20\/girne-belediyesi-sanat-atolyesi-ogrencilerinin-sergisi-pazartesi-aciliyor\/#primaryimage","url":"https:\/\/kuzeyinsesi.org\/wp-content\/uploads\/2024\/06\/girne-belediyesi-sergi.jpeg","contentUrl":"https:\/\/kuzeyinsesi.org\/wp-content\/uploads\/2024\/06\/girne-belediyesi-sergi.jpeg","width":1131,"height":1600},{"@type":"BreadcrumbList","@id":"https:\/\/kuzeyinsesi.org\/index.php\/2024\/06\/20\/girne-belediyesi-sanat-atolyesi-ogrencilerinin-sergisi-pazartesi-aciliyor\/#breadcrumb","itemListElement":[{"@type":"ListItem","position":1,"name":"Anasayfa","item":"https:\/\/kuzeyinsesi.org\/"},{"@type":"ListItem","position":2,"name":"Girne Belediyesi Sanat At\u00f6lyesi \u00f6\u011frencilerinin sergisi pazartesi a\u00e7\u0131l\u0131yor"}]},{"@type":"WebSite","@id":"https:\/\/kuzeyinsesi.org\/#website","url":"https:\/\/kuzeyinsesi.org\/","name":"Kuzeyin Sesi","description":"Do\u011fru Haberin Adresi","potentialAction":[{"@type":"SearchAction","target":{"@type":"EntryPoint","urlTemplate":"https:\/\/kuzeyinsesi.org\/?s={search_term_string}"},"query-input":{"@type":"PropertyValueSpecification","valueRequired":true,"valueName":"search_term_string"}}],"inLanguage":"tr"},{"@type":"Person","@id":"https:\/\/kuzeyinsesi.org\/#\/schema\/person\/9f859689cdf01485597712386e37f5aa","name":"Kuzeyin Sesi","image":{"@type":"ImageObject","inLanguage":"tr","@id":"https:\/\/secure.gravatar.com\/avatar\/bab33852abfd8b282518d6ed81826833d77c3c882d9ab608add591ccace47a44?s=96&d=mm&r=g","url":"https:\/\/secure.gravatar.com\/avatar\/bab33852abfd8b282518d6ed81826833d77c3c882d9ab608add591ccace47a44?s=96&d=mm&r=g","contentUrl":"https:\/\/secure.gravatar.com\/avatar\/bab33852abfd8b282518d6ed81826833d77c3c882d9ab608add591ccace47a44?s=96&d=mm&r=g","caption":"Kuzeyin Sesi"},"sameAs":["https:\/\/kuzeyinsesi.org"],"url":"https:\/\/kuzeyinsesi.org\/index.php\/author\/guven\/"}]}},"_links":{"self":[{"href":"https:\/\/kuzeyinsesi.org\/index.php\/wp-json\/wp\/v2\/posts\/5044","targetHints":{"allow":["GET"]}}],"collection":[{"href":"https:\/\/kuzeyinsesi.org\/index.php\/wp-json\/wp\/v2\/posts"}],"about":[{"href":"https:\/\/kuzeyinsesi.org\/index.php\/wp-json\/wp\/v2\/types\/post"}],"author":[{"embeddable":true,"href":"https:\/\/kuzeyinsesi.org\/index.php\/wp-json\/wp\/v2\/users\/1"}],"replies":[{"embeddable":true,"href":"https:\/\/kuzeyinsesi.org\/index.php\/wp-json\/wp\/v2\/comments?post=5044"}],"version-history":[{"count":0,"href":"https:\/\/kuzeyinsesi.org\/index.php\/wp-json\/wp\/v2\/posts\/5044\/revisions"}],"wp:featuredmedia":[{"embeddable":true,"href":"https:\/\/kuzeyinsesi.org\/index.php\/wp-json\/wp\/v2\/media\/5045"}],"wp:attachment":[{"href":"https:\/\/kuzeyinsesi.org\/index.php\/wp-json\/wp\/v2\/media?parent=5044"}],"wp:term":[{"taxonomy":"category","embeddable":true,"href":"https:\/\/kuzeyinsesi.org\/index.php\/wp-json\/wp\/v2\/categories?post=5044"},{"taxonomy":"post_tag","embeddable":true,"href":"https:\/\/kuzeyinsesi.org\/index.php\/wp-json\/wp\/v2\/tags?post=5044"}],"curies":[{"name":"wp","href":"https:\/\/api.w.org\/{rel}","templated":true}]}}