{"id":501,"date":"2024-04-26T01:54:09","date_gmt":"2024-04-25T22:54:09","guid":{"rendered":"https:\/\/kuzeyinsesi.com\/index.php\/2024\/04\/26\/bakan-bak-11-kez-avrupa-sampiyonu-olan-milli-guresci-taha-akgulu-tebrik-etti\/"},"modified":"2024-04-26T01:54:09","modified_gmt":"2024-04-25T22:54:09","slug":"bakan-bak-11-kez-avrupa-sampiyonu-olan-milli-guresci-taha-akgulu-tebrik-etti","status":"publish","type":"post","link":"https:\/\/kuzeyinsesi.org\/index.php\/2024\/04\/26\/bakan-bak-11-kez-avrupa-sampiyonu-olan-milli-guresci-taha-akgulu-tebrik-etti\/","title":{"rendered":"Bakan Bak, 11. kez Avrupa \u015fampiyonu olan milli g\u00fcre\u015f\u00e7i Taha Akg\u00fcl&#039;\u00fc tebrik etti"},"content":{"rendered":"<p><\/p>\n<div>\n<p>&#13;<br \/>\n\tMilli g\u00fcre\u015f\u00e7i Taha Akg\u00fcl, kariyerinin 11&#8217;inci Avrupa \u015fampiyonlu\u011funa ula\u015ft\u0131.<\/p>\n<p>&#13;<br \/>\n\tBakan Bak, tebrik mesaj\u0131nda \u015fu ifadelere yer verdi:<\/p>\n<p>&#13;<br \/>\n\t<em>&#8220;Romanya&#8217;n\u0131n ba\u015fkenti B\u00fckre\u015f&#8217;te ger\u00e7ekle\u015ftirilen Avrupa <a href=\"https:\/\/www.trthaber.com\/etiket\/gures\/\" target=\"_blank\" rel=\"noopener\">G\u00fcre\u015f<\/a> \u015eampiyonas\u0131&#8217;nda serbest stil 125 kiloda <a href=\"https:\/\/www.trthaber.com\/etiket\/altin\/\" target=\"_blank\" rel=\"noopener\">alt\u0131n<\/a> madalya kazanarak Avrupa \u015fampiyonu olan Taha Akg\u00fcl&#8217;\u00fc y\u00fcrekten kutluyorum. 11. kez Avrupa \u015fampiyonu olarak bizleri gururland\u0131ran milli g\u00fcre\u015f\u00e7imizin ba\u015far\u0131lar\u0131n\u0131n devam\u0131n\u0131 diliyorum. Elde edilen ba\u015far\u0131da eme\u011fi ge\u00e7enlere de te\u015fekk\u00fcr ediyorum.&#8221;<\/em><\/p>\n<\/p><\/div>\n","protected":false},"excerpt":{"rendered":"<p>&#13; Milli g\u00fcre\u015f\u00e7i Taha Akg\u00fcl, kariyerinin 11&#8217;inci Avrupa \u015fampiyonlu\u011funa ula\u015ft\u0131. &#13; Bakan Bak, tebrik mesaj\u0131nda \u015fu ifadelere yer verdi: &#13; &#8220;Romanya&#8217;n\u0131n ba\u015fkenti B\u00fckre\u015f&#8217;te ger\u00e7ekle\u015ftirilen Avrupa G\u00fcre\u015f \u015eampiyonas\u0131&#8217;nda serbest stil 125 kiloda alt\u0131n madalya kazanarak Avrupa \u015fampiyonu olan Taha Akg\u00fcl&#8217;\u00fc y\u00fcrekten kutluyorum. 11. kez Avrupa \u015fampiyonu olarak bizleri gururland\u0131ran milli g\u00fcre\u015f\u00e7imizin ba\u015far\u0131lar\u0131n\u0131n devam\u0131n\u0131 diliyorum. Elde edilen [&hellip;]<\/p>\n","protected":false},"author":1,"featured_media":502,"comment_status":"open","ping_status":"open","sticky":false,"template":"","format":"standard","meta":{"jnews-multi-image_gallery":[],"jnews_single_post":[],"jnews_primary_category":[],"jnews_social_meta":[],"jnews_override_counter":[],"footnotes":""},"categories":[4],"tags":[],"class_list":["post-501","post","type-post","status-publish","format-standard","has-post-thumbnail","hentry","category-spor"],"yoast_head":"<!-- This site is optimized with the Yoast SEO plugin v27.5 - https:\/\/yoast.com\/product\/yoast-seo-wordpress\/ -->\n<title>Bakan Bak, 11. kez Avrupa \u015fampiyonu olan milli g\u00fcre\u015f\u00e7i Taha Akg\u00fcl&#039;\u00fc tebrik etti - Kuzeyin Sesi<\/title>\n<meta name=\"robots\" content=\"index, follow, max-snippet:-1, max-image-preview:large, max-video-preview:-1\" \/>\n<link rel=\"canonical\" href=\"https:\/\/kuzeyinsesi.org\/index.php\/2024\/04\/26\/bakan-bak-11-kez-avrupa-sampiyonu-olan-milli-guresci-taha-akgulu-tebrik-etti\/\" \/>\n<meta property=\"og:locale\" content=\"tr_TR\" \/>\n<meta property=\"og:type\" content=\"article\" \/>\n<meta property=\"og:title\" content=\"Bakan Bak, 11. kez Avrupa \u015fampiyonu olan milli g\u00fcre\u015f\u00e7i Taha Akg\u00fcl&#039;\u00fc tebrik etti - Kuzeyin Sesi\" \/>\n<meta property=\"og:description\" content=\"&#013; Milli g\u00fcre\u015f\u00e7i Taha Akg\u00fcl, kariyerinin 11&#8217;inci Avrupa \u015fampiyonlu\u011funa ula\u015ft\u0131. &#013; Bakan Bak, tebrik mesaj\u0131nda \u015fu ifadelere yer verdi: &#013; &#8220;Romanya&#8217;n\u0131n ba\u015fkenti B\u00fckre\u015f&#8217;te ger\u00e7ekle\u015ftirilen Avrupa G\u00fcre\u015f \u015eampiyonas\u0131&#8217;nda serbest stil 125 kiloda alt\u0131n madalya kazanarak Avrupa \u015fampiyonu olan Taha Akg\u00fcl&#8217;\u00fc y\u00fcrekten kutluyorum. 11. kez Avrupa \u015fampiyonu olarak bizleri gururland\u0131ran milli g\u00fcre\u015f\u00e7imizin ba\u015far\u0131lar\u0131n\u0131n devam\u0131n\u0131 diliyorum. Elde edilen [&hellip;]\" \/>\n<meta property=\"og:url\" content=\"https:\/\/kuzeyinsesi.org\/index.php\/2024\/04\/26\/bakan-bak-11-kez-avrupa-sampiyonu-olan-milli-guresci-taha-akgulu-tebrik-etti\/\" \/>\n<meta property=\"og:site_name\" content=\"Kuzeyin Sesi\" \/>\n<meta property=\"article:publisher\" content=\"https:\/\/www.facebook.com\/kuzeyinsesii\" \/>\n<meta property=\"article:published_time\" content=\"2024-04-25T22:54:09+00:00\" \/>\n<meta property=\"og:image\" content=\"https:\/\/kuzeyinsesi.org\/wp-content\/uploads\/2024\/04\/2157736.jpg\" \/>\n\t<meta property=\"og:image:width\" content=\"1280\" \/>\n\t<meta property=\"og:image:height\" content=\"720\" \/>\n\t<meta property=\"og:image:type\" content=\"image\/jpeg\" \/>\n<meta name=\"author\" content=\"Kuzeyin Sesi\" \/>\n<meta name=\"twitter:card\" content=\"summary_large_image\" \/>\n<meta name=\"twitter:creator\" content=\"@kuzeyinsesii\" \/>\n<meta name=\"twitter:site\" content=\"@kuzeyinsesii\" \/>\n<meta name=\"twitter:label1\" content=\"Yazan:\" \/>\n\t<meta name=\"twitter:data1\" content=\"Kuzeyin Sesi\" \/>\n<script type=\"application\/ld+json\" class=\"yoast-schema-graph\">{\"@context\":\"https:\\\/\\\/schema.org\",\"@graph\":[{\"@type\":\"Article\",\"@id\":\"https:\\\/\\\/kuzeyinsesi.org\\\/index.php\\\/2024\\\/04\\\/26\\\/bakan-bak-11-kez-avrupa-sampiyonu-olan-milli-guresci-taha-akgulu-tebrik-etti\\\/#article\",\"isPartOf\":{\"@id\":\"https:\\\/\\\/kuzeyinsesi.org\\\/index.php\\\/2024\\\/04\\\/26\\\/bakan-bak-11-kez-avrupa-sampiyonu-olan-milli-guresci-taha-akgulu-tebrik-etti\\\/\"},\"author\":{\"name\":\"Kuzeyin Sesi\",\"@id\":\"https:\\\/\\\/kuzeyinsesi.org\\\/#\\\/schema\\\/person\\\/9f859689cdf01485597712386e37f5aa\"},\"headline\":\"Bakan Bak, 11. kez Avrupa \u015fampiyonu olan milli g\u00fcre\u015f\u00e7i Taha Akg\u00fcl&#039;\u00fc tebrik etti\",\"datePublished\":\"2024-04-25T22:54:09+00:00\",\"mainEntityOfPage\":{\"@id\":\"https:\\\/\\\/kuzeyinsesi.org\\\/index.php\\\/2024\\\/04\\\/26\\\/bakan-bak-11-kez-avrupa-sampiyonu-olan-milli-guresci-taha-akgulu-tebrik-etti\\\/\"},\"wordCount\":103,\"commentCount\":0,\"image\":{\"@id\":\"https:\\\/\\\/kuzeyinsesi.org\\\/index.php\\\/2024\\\/04\\\/26\\\/bakan-bak-11-kez-avrupa-sampiyonu-olan-milli-guresci-taha-akgulu-tebrik-etti\\\/#primaryimage\"},\"thumbnailUrl\":\"https:\\\/\\\/kuzeyinsesi.org\\\/wp-content\\\/uploads\\\/2024\\\/04\\\/2157736.jpg\",\"articleSection\":[\"Spor\"],\"inLanguage\":\"tr\",\"potentialAction\":[{\"@type\":\"CommentAction\",\"name\":\"Comment\",\"target\":[\"https:\\\/\\\/kuzeyinsesi.org\\\/index.php\\\/2024\\\/04\\\/26\\\/bakan-bak-11-kez-avrupa-sampiyonu-olan-milli-guresci-taha-akgulu-tebrik-etti\\\/#respond\"]}]},{\"@type\":\"WebPage\",\"@id\":\"https:\\\/\\\/kuzeyinsesi.org\\\/index.php\\\/2024\\\/04\\\/26\\\/bakan-bak-11-kez-avrupa-sampiyonu-olan-milli-guresci-taha-akgulu-tebrik-etti\\\/\",\"url\":\"https:\\\/\\\/kuzeyinsesi.org\\\/index.php\\\/2024\\\/04\\\/26\\\/bakan-bak-11-kez-avrupa-sampiyonu-olan-milli-guresci-taha-akgulu-tebrik-etti\\\/\",\"name\":\"Bakan Bak, 11. kez Avrupa \u015fampiyonu olan milli g\u00fcre\u015f\u00e7i Taha Akg\u00fcl&#039;\u00fc tebrik etti - Kuzeyin Sesi\",\"isPartOf\":{\"@id\":\"https:\\\/\\\/kuzeyinsesi.org\\\/#website\"},\"primaryImageOfPage\":{\"@id\":\"https:\\\/\\\/kuzeyinsesi.org\\\/index.php\\\/2024\\\/04\\\/26\\\/bakan-bak-11-kez-avrupa-sampiyonu-olan-milli-guresci-taha-akgulu-tebrik-etti\\\/#primaryimage\"},\"image\":{\"@id\":\"https:\\\/\\\/kuzeyinsesi.org\\\/index.php\\\/2024\\\/04\\\/26\\\/bakan-bak-11-kez-avrupa-sampiyonu-olan-milli-guresci-taha-akgulu-tebrik-etti\\\/#primaryimage\"},\"thumbnailUrl\":\"https:\\\/\\\/kuzeyinsesi.org\\\/wp-content\\\/uploads\\\/2024\\\/04\\\/2157736.jpg\",\"datePublished\":\"2024-04-25T22:54:09+00:00\",\"author\":{\"@id\":\"https:\\\/\\\/kuzeyinsesi.org\\\/#\\\/schema\\\/person\\\/9f859689cdf01485597712386e37f5aa\"},\"breadcrumb\":{\"@id\":\"https:\\\/\\\/kuzeyinsesi.org\\\/index.php\\\/2024\\\/04\\\/26\\\/bakan-bak-11-kez-avrupa-sampiyonu-olan-milli-guresci-taha-akgulu-tebrik-etti\\\/#breadcrumb\"},\"inLanguage\":\"tr\",\"potentialAction\":[{\"@type\":\"ReadAction\",\"target\":[\"https:\\\/\\\/kuzeyinsesi.org\\\/index.php\\\/2024\\\/04\\\/26\\\/bakan-bak-11-kez-avrupa-sampiyonu-olan-milli-guresci-taha-akgulu-tebrik-etti\\\/\"]}]},{\"@type\":\"ImageObject\",\"inLanguage\":\"tr\",\"@id\":\"https:\\\/\\\/kuzeyinsesi.org\\\/index.php\\\/2024\\\/04\\\/26\\\/bakan-bak-11-kez-avrupa-sampiyonu-olan-milli-guresci-taha-akgulu-tebrik-etti\\\/#primaryimage\",\"url\":\"https:\\\/\\\/kuzeyinsesi.org\\\/wp-content\\\/uploads\\\/2024\\\/04\\\/2157736.jpg\",\"contentUrl\":\"https:\\\/\\\/kuzeyinsesi.org\\\/wp-content\\\/uploads\\\/2024\\\/04\\\/2157736.jpg\",\"width\":1280,\"height\":720},{\"@type\":\"BreadcrumbList\",\"@id\":\"https:\\\/\\\/kuzeyinsesi.org\\\/index.php\\\/2024\\\/04\\\/26\\\/bakan-bak-11-kez-avrupa-sampiyonu-olan-milli-guresci-taha-akgulu-tebrik-etti\\\/#breadcrumb\",\"itemListElement\":[{\"@type\":\"ListItem\",\"position\":1,\"name\":\"Anasayfa\",\"item\":\"https:\\\/\\\/kuzeyinsesi.org\\\/\"},{\"@type\":\"ListItem\",\"position\":2,\"name\":\"Bakan Bak, 11. kez Avrupa \u015fampiyonu olan milli g\u00fcre\u015f\u00e7i Taha Akg\u00fcl&#039;\u00fc tebrik etti\"}]},{\"@type\":\"WebSite\",\"@id\":\"https:\\\/\\\/kuzeyinsesi.org\\\/#website\",\"url\":\"https:\\\/\\\/kuzeyinsesi.org\\\/\",\"name\":\"Kuzeyin Sesi\",\"description\":\"Do\u011fru Haberin Adresi\",\"potentialAction\":[{\"@type\":\"SearchAction\",\"target\":{\"@type\":\"EntryPoint\",\"urlTemplate\":\"https:\\\/\\\/kuzeyinsesi.org\\\/?s={search_term_string}\"},\"query-input\":{\"@type\":\"PropertyValueSpecification\",\"valueRequired\":true,\"valueName\":\"search_term_string\"}}],\"inLanguage\":\"tr\"},{\"@type\":\"Person\",\"@id\":\"https:\\\/\\\/kuzeyinsesi.org\\\/#\\\/schema\\\/person\\\/9f859689cdf01485597712386e37f5aa\",\"name\":\"Kuzeyin Sesi\",\"image\":{\"@type\":\"ImageObject\",\"inLanguage\":\"tr\",\"@id\":\"https:\\\/\\\/secure.gravatar.com\\\/avatar\\\/bab33852abfd8b282518d6ed81826833d77c3c882d9ab608add591ccace47a44?s=96&d=mm&r=g\",\"url\":\"https:\\\/\\\/secure.gravatar.com\\\/avatar\\\/bab33852abfd8b282518d6ed81826833d77c3c882d9ab608add591ccace47a44?s=96&d=mm&r=g\",\"contentUrl\":\"https:\\\/\\\/secure.gravatar.com\\\/avatar\\\/bab33852abfd8b282518d6ed81826833d77c3c882d9ab608add591ccace47a44?s=96&d=mm&r=g\",\"caption\":\"Kuzeyin Sesi\"},\"sameAs\":[\"https:\\\/\\\/kuzeyinsesi.org\"],\"url\":\"https:\\\/\\\/kuzeyinsesi.org\\\/index.php\\\/author\\\/guven\\\/\"}]}<\/script>\n<!-- \/ Yoast SEO plugin. -->","yoast_head_json":{"title":"Bakan Bak, 11. kez Avrupa \u015fampiyonu olan milli g\u00fcre\u015f\u00e7i Taha Akg\u00fcl&#039;\u00fc tebrik etti - Kuzeyin Sesi","robots":{"index":"index","follow":"follow","max-snippet":"max-snippet:-1","max-image-preview":"max-image-preview:large","max-video-preview":"max-video-preview:-1"},"canonical":"https:\/\/kuzeyinsesi.org\/index.php\/2024\/04\/26\/bakan-bak-11-kez-avrupa-sampiyonu-olan-milli-guresci-taha-akgulu-tebrik-etti\/","og_locale":"tr_TR","og_type":"article","og_title":"Bakan Bak, 11. kez Avrupa \u015fampiyonu olan milli g\u00fcre\u015f\u00e7i Taha Akg\u00fcl&#039;\u00fc tebrik etti - Kuzeyin Sesi","og_description":"&#13; Milli g\u00fcre\u015f\u00e7i Taha Akg\u00fcl, kariyerinin 11&#8217;inci Avrupa \u015fampiyonlu\u011funa ula\u015ft\u0131. &#13; Bakan Bak, tebrik mesaj\u0131nda \u015fu ifadelere yer verdi: &#13; &#8220;Romanya&#8217;n\u0131n ba\u015fkenti B\u00fckre\u015f&#8217;te ger\u00e7ekle\u015ftirilen Avrupa G\u00fcre\u015f \u015eampiyonas\u0131&#8217;nda serbest stil 125 kiloda alt\u0131n madalya kazanarak Avrupa \u015fampiyonu olan Taha Akg\u00fcl&#8217;\u00fc y\u00fcrekten kutluyorum. 11. kez Avrupa \u015fampiyonu olarak bizleri gururland\u0131ran milli g\u00fcre\u015f\u00e7imizin ba\u015far\u0131lar\u0131n\u0131n devam\u0131n\u0131 diliyorum. Elde edilen [&hellip;]","og_url":"https:\/\/kuzeyinsesi.org\/index.php\/2024\/04\/26\/bakan-bak-11-kez-avrupa-sampiyonu-olan-milli-guresci-taha-akgulu-tebrik-etti\/","og_site_name":"Kuzeyin Sesi","article_publisher":"https:\/\/www.facebook.com\/kuzeyinsesii","article_published_time":"2024-04-25T22:54:09+00:00","og_image":[{"width":1280,"height":720,"url":"https:\/\/kuzeyinsesi.org\/wp-content\/uploads\/2024\/04\/2157736.jpg","type":"image\/jpeg"}],"author":"Kuzeyin Sesi","twitter_card":"summary_large_image","twitter_creator":"@kuzeyinsesii","twitter_site":"@kuzeyinsesii","twitter_misc":{"Yazan:":"Kuzeyin Sesi"},"schema":{"@context":"https:\/\/schema.org","@graph":[{"@type":"Article","@id":"https:\/\/kuzeyinsesi.org\/index.php\/2024\/04\/26\/bakan-bak-11-kez-avrupa-sampiyonu-olan-milli-guresci-taha-akgulu-tebrik-etti\/#article","isPartOf":{"@id":"https:\/\/kuzeyinsesi.org\/index.php\/2024\/04\/26\/bakan-bak-11-kez-avrupa-sampiyonu-olan-milli-guresci-taha-akgulu-tebrik-etti\/"},"author":{"name":"Kuzeyin Sesi","@id":"https:\/\/kuzeyinsesi.org\/#\/schema\/person\/9f859689cdf01485597712386e37f5aa"},"headline":"Bakan Bak, 11. kez Avrupa \u015fampiyonu olan milli g\u00fcre\u015f\u00e7i Taha Akg\u00fcl&#039;\u00fc tebrik etti","datePublished":"2024-04-25T22:54:09+00:00","mainEntityOfPage":{"@id":"https:\/\/kuzeyinsesi.org\/index.php\/2024\/04\/26\/bakan-bak-11-kez-avrupa-sampiyonu-olan-milli-guresci-taha-akgulu-tebrik-etti\/"},"wordCount":103,"commentCount":0,"image":{"@id":"https:\/\/kuzeyinsesi.org\/index.php\/2024\/04\/26\/bakan-bak-11-kez-avrupa-sampiyonu-olan-milli-guresci-taha-akgulu-tebrik-etti\/#primaryimage"},"thumbnailUrl":"https:\/\/kuzeyinsesi.org\/wp-content\/uploads\/2024\/04\/2157736.jpg","articleSection":["Spor"],"inLanguage":"tr","potentialAction":[{"@type":"CommentAction","name":"Comment","target":["https:\/\/kuzeyinsesi.org\/index.php\/2024\/04\/26\/bakan-bak-11-kez-avrupa-sampiyonu-olan-milli-guresci-taha-akgulu-tebrik-etti\/#respond"]}]},{"@type":"WebPage","@id":"https:\/\/kuzeyinsesi.org\/index.php\/2024\/04\/26\/bakan-bak-11-kez-avrupa-sampiyonu-olan-milli-guresci-taha-akgulu-tebrik-etti\/","url":"https:\/\/kuzeyinsesi.org\/index.php\/2024\/04\/26\/bakan-bak-11-kez-avrupa-sampiyonu-olan-milli-guresci-taha-akgulu-tebrik-etti\/","name":"Bakan Bak, 11. kez Avrupa \u015fampiyonu olan milli g\u00fcre\u015f\u00e7i Taha Akg\u00fcl&#039;\u00fc tebrik etti - Kuzeyin Sesi","isPartOf":{"@id":"https:\/\/kuzeyinsesi.org\/#website"},"primaryImageOfPage":{"@id":"https:\/\/kuzeyinsesi.org\/index.php\/2024\/04\/26\/bakan-bak-11-kez-avrupa-sampiyonu-olan-milli-guresci-taha-akgulu-tebrik-etti\/#primaryimage"},"image":{"@id":"https:\/\/kuzeyinsesi.org\/index.php\/2024\/04\/26\/bakan-bak-11-kez-avrupa-sampiyonu-olan-milli-guresci-taha-akgulu-tebrik-etti\/#primaryimage"},"thumbnailUrl":"https:\/\/kuzeyinsesi.org\/wp-content\/uploads\/2024\/04\/2157736.jpg","datePublished":"2024-04-25T22:54:09+00:00","author":{"@id":"https:\/\/kuzeyinsesi.org\/#\/schema\/person\/9f859689cdf01485597712386e37f5aa"},"breadcrumb":{"@id":"https:\/\/kuzeyinsesi.org\/index.php\/2024\/04\/26\/bakan-bak-11-kez-avrupa-sampiyonu-olan-milli-guresci-taha-akgulu-tebrik-etti\/#breadcrumb"},"inLanguage":"tr","potentialAction":[{"@type":"ReadAction","target":["https:\/\/kuzeyinsesi.org\/index.php\/2024\/04\/26\/bakan-bak-11-kez-avrupa-sampiyonu-olan-milli-guresci-taha-akgulu-tebrik-etti\/"]}]},{"@type":"ImageObject","inLanguage":"tr","@id":"https:\/\/kuzeyinsesi.org\/index.php\/2024\/04\/26\/bakan-bak-11-kez-avrupa-sampiyonu-olan-milli-guresci-taha-akgulu-tebrik-etti\/#primaryimage","url":"https:\/\/kuzeyinsesi.org\/wp-content\/uploads\/2024\/04\/2157736.jpg","contentUrl":"https:\/\/kuzeyinsesi.org\/wp-content\/uploads\/2024\/04\/2157736.jpg","width":1280,"height":720},{"@type":"BreadcrumbList","@id":"https:\/\/kuzeyinsesi.org\/index.php\/2024\/04\/26\/bakan-bak-11-kez-avrupa-sampiyonu-olan-milli-guresci-taha-akgulu-tebrik-etti\/#breadcrumb","itemListElement":[{"@type":"ListItem","position":1,"name":"Anasayfa","item":"https:\/\/kuzeyinsesi.org\/"},{"@type":"ListItem","position":2,"name":"Bakan Bak, 11. kez Avrupa \u015fampiyonu olan milli g\u00fcre\u015f\u00e7i Taha Akg\u00fcl&#039;\u00fc tebrik etti"}]},{"@type":"WebSite","@id":"https:\/\/kuzeyinsesi.org\/#website","url":"https:\/\/kuzeyinsesi.org\/","name":"Kuzeyin Sesi","description":"Do\u011fru Haberin Adresi","potentialAction":[{"@type":"SearchAction","target":{"@type":"EntryPoint","urlTemplate":"https:\/\/kuzeyinsesi.org\/?s={search_term_string}"},"query-input":{"@type":"PropertyValueSpecification","valueRequired":true,"valueName":"search_term_string"}}],"inLanguage":"tr"},{"@type":"Person","@id":"https:\/\/kuzeyinsesi.org\/#\/schema\/person\/9f859689cdf01485597712386e37f5aa","name":"Kuzeyin Sesi","image":{"@type":"ImageObject","inLanguage":"tr","@id":"https:\/\/secure.gravatar.com\/avatar\/bab33852abfd8b282518d6ed81826833d77c3c882d9ab608add591ccace47a44?s=96&d=mm&r=g","url":"https:\/\/secure.gravatar.com\/avatar\/bab33852abfd8b282518d6ed81826833d77c3c882d9ab608add591ccace47a44?s=96&d=mm&r=g","contentUrl":"https:\/\/secure.gravatar.com\/avatar\/bab33852abfd8b282518d6ed81826833d77c3c882d9ab608add591ccace47a44?s=96&d=mm&r=g","caption":"Kuzeyin Sesi"},"sameAs":["https:\/\/kuzeyinsesi.org"],"url":"https:\/\/kuzeyinsesi.org\/index.php\/author\/guven\/"}]}},"_links":{"self":[{"href":"https:\/\/kuzeyinsesi.org\/index.php\/wp-json\/wp\/v2\/posts\/501","targetHints":{"allow":["GET"]}}],"collection":[{"href":"https:\/\/kuzeyinsesi.org\/index.php\/wp-json\/wp\/v2\/posts"}],"about":[{"href":"https:\/\/kuzeyinsesi.org\/index.php\/wp-json\/wp\/v2\/types\/post"}],"author":[{"embeddable":true,"href":"https:\/\/kuzeyinsesi.org\/index.php\/wp-json\/wp\/v2\/users\/1"}],"replies":[{"embeddable":true,"href":"https:\/\/kuzeyinsesi.org\/index.php\/wp-json\/wp\/v2\/comments?post=501"}],"version-history":[{"count":0,"href":"https:\/\/kuzeyinsesi.org\/index.php\/wp-json\/wp\/v2\/posts\/501\/revisions"}],"wp:featuredmedia":[{"embeddable":true,"href":"https:\/\/kuzeyinsesi.org\/index.php\/wp-json\/wp\/v2\/media\/502"}],"wp:attachment":[{"href":"https:\/\/kuzeyinsesi.org\/index.php\/wp-json\/wp\/v2\/media?parent=501"}],"wp:term":[{"taxonomy":"category","embeddable":true,"href":"https:\/\/kuzeyinsesi.org\/index.php\/wp-json\/wp\/v2\/categories?post=501"},{"taxonomy":"post_tag","embeddable":true,"href":"https:\/\/kuzeyinsesi.org\/index.php\/wp-json\/wp\/v2\/tags?post=501"}],"curies":[{"name":"wp","href":"https:\/\/api.w.org\/{rel}","templated":true}]}}