{"id":4998,"date":"2024-06-19T11:47:34","date_gmt":"2024-06-19T08:47:34","guid":{"rendered":"https:\/\/kuzeyinsesi.com\/index.php\/2024\/06\/19\/24-uluslararasi-magusa-kultur-ve-sanat-festivali-basliyor\/"},"modified":"2024-06-19T11:47:34","modified_gmt":"2024-06-19T08:47:34","slug":"24-uluslararasi-magusa-kultur-ve-sanat-festivali-basliyor","status":"publish","type":"post","link":"https:\/\/kuzeyinsesi.org\/index.php\/2024\/06\/19\/24-uluslararasi-magusa-kultur-ve-sanat-festivali-basliyor\/","title":{"rendered":"24. Uluslararas\u0131 Ma\u011fusa K\u00fclt\u00fcr ve Sanat Festivali ba\u015fl\u0131yor"},"content":{"rendered":"<div>\n<p>\u00a0<\/p>\n<p>\u00a0<\/p>\n<div class=\"mariselle-image-container center\">\n                                            <\/div>\n<p>\u00a0<\/p>\n<p>\u00a0<\/p>\n<p>Gazima\u011fusa Belediyesi\u2019nin bu y\u0131l 24.\u2019s\u00fcn\u00fc d\u00fczenledi\u011fi Uluslararas\u0131 Ma\u011fusa K\u00fclt\u00fcr Sanat Festivali, bu y\u0131l 25 Haziran- 15 Temmuz 2024 tarihleri aras\u0131nda Salamis Antik Tiyatro ile kentin b\u00fcy\u00fcleyici tarihi ve k\u00fclt\u00fcr mekanlar\u0131nda ger\u00e7ekle\u015fecek<\/p>\n<p>Bu y\u0131l festival kapsam\u0131nda; Son Feci Bisiklet Bunfyan F\u0131rat &amp;Mato, MF\u00d6 \u2013 Mazhar Fuat, Cemre Arca &amp;TheBeez, Island SeddsBuzz\u2019 Ayaz, Buena Vista SocialClub\u2019\u0131nGrammy \u00f6d\u00fcll\u00fc y\u0131ld\u0131z ismi EliadesOchoa ve La Casa De Papel\u2019in sesi Cecilia Krull konserleri ile festivale renk katarken, bir okuma provas\u0131n\u0131 izleyiciyle payla\u015fan Aliye Ummanel&amp;SoKolektif\u2019in \u201cKay\u0131p\u201d okuma performans\u0131, Abdullah \u00d6ztoprak\u2019\u0131n sunaca\u011f\u0131 g\u00f6steri \u201cTek \u015eahidi C\u00fcmbezdi\u201d, Okan Bay\u00fclgen\u2019in yaz\u0131p y\u00f6netti\u011fi \u201cRichard\u201d oyunu ve d\u00fcnyaca \u00fcnl\u00fc Flamenko toplulu\u011fu Los Vivancos\u2019un \u00fcyelerinden AaronVivancos\u2019un Flamenko dans g\u00f6sterisi \u201c Woman\u201d\u00a0 ilk kez festival kapsam\u0131nda izleyici ile bulu\u015facak.<\/p>\n<p><strong>FEST\u0130VAL PROGRAMI<\/strong><\/p>\n<p><strong>A\u00e7\u0131l\u0131\u015f Konseri <\/strong><\/p>\n<p><strong>25 Haziran 2024 \u2013<\/strong> Son Feci Bisiklet Bunfyan F\u0131rat &amp;Mato \u2013 Nam\u0131k Kemal Meydan\u0131<\/p>\n<p><strong>27 Haziran 2024-<\/strong> MF\u00d6- Mazhar&amp;Fuat \u2013 Salamis Antik Tiyatro<\/p>\n<p><strong>28 Haziran 2024-<\/strong> \u201cKay\u0131p\u201d Okuma Performans\u0131 Aliye Ummanel&amp;So Kolektif \u2013 MartinengoBastion<\/p>\n<p><strong>2 Temmuz 2024- <\/strong>Cemre Arca &amp;TheBeez, Island Seeds, Buzz\u2019 Ayaz \u2013 Othello Kalesi<\/p>\n<p><strong>4 Temmuz 2024-<\/strong> \u201cRichard\u201d Yazan &amp; Y\u00f6neten Okan Bay\u00fclgen \u2013 Salamis Antik Tiyatro<\/p>\n<p><strong>7 Temmuz 2024-<\/strong> Abdullah \u00d6ztoprak \u201cTek \u015eahidi C\u00fcmbezdi\u201d- Rauf Raif K\u00fclt\u00fcr ve Kongre Merkezi (K\u00dcKOM)<\/p>\n<p><strong>9 Temmuz 2024-<\/strong>EliadesOchoaBuena Vista Social Club Star\u0131 \u2013 Salamis Antik Tiyatro<\/p>\n<p><strong>11 Temmuz 2024-<\/strong> Cecilia Krull \u2013 Othello Kalesi<\/p>\n<p><strong>15 Temmuz 2024-<\/strong> WOMAN byAaronVivancos \u2013 Salamis Antik Tiyatro<\/p>\n<p>25 Haziran\u2019da Nam\u0131k Kemal Meydan\u0131\u2019nda \u00fccretsiz a\u00e7\u0131l\u0131\u015f konseri ile start\u0131 verilecek olan 24. Uluslararas\u0131 Ma\u011fusa K\u00fclt\u00fcr Sanat Festivali\u2019nde, Abdullah \u00d6ztoprak\u2019\u0131n \u201cTek \u015eahidi C\u00fcmbezdi\u201d moda g\u00f6sterisi davetiyeli olarak, festival program\u0131nda yer alan di\u011fer konser ve g\u00f6sterilerin t\u00fcm\u00fc ise 200 TL, kombine bilet sat\u0131\u015f\u0131 ise 1200 TL olarak \u00fccretlendirildi.<\/p>\n<p><strong>T\u00fcm konser ve g\u00f6sterilerin saat 21:00 de ba\u015flayaca\u011f\u0131 festival hakk\u0131nda bilgi ve biletler i\u00e7in Gazima\u011fusa Belediyesi ve https:\/\/www.gisekibris.com adresine ba\u015fvurabilirsiniz.<\/strong><\/p>\n<p><strong>A\u00c7ILI\u015eTA 3 KONSER B\u0130RDEN<\/strong><\/p>\n<ol start=\"24\">\n<li>Uluslararas\u0131 Ma\u011fusa K\u00fclt\u00fcr-Sanat Festivali, 25 Haziran Sal\u0131 g\u00fcn\u00fc T\u00fcrkiye\u2019nin sevilen gruplar\u0131ndan Son Feci Bisiklet\u2019in Nam\u0131k Kemal Meydan\u0131\u2019nda verece\u011fi muhte\u015fem konserle ba\u015flayacak. Son Feci Bisiklet Konseri \u00f6ncesinde \u00fclkemizin sevilen Reggae m\u00fczik gruplar\u0131ndan Bunfyah ile Ma\u011fusa\u2019n\u0131n Rap \u0130kilisi F\u0131rat&amp;Mato Konseri ger\u00e7ekle\u015fecek.<\/li>\n<\/ol>\n<p>2015 y\u0131l\u0131nda kurulan Bunfyah, \u015fark\u0131lar\u0131nda RootsRock, Dub ve Electronic seslerine yer veren, mevcut sistemi ve yolsuzluklar\u0131 ele\u015ftiren, K\u0131br\u0131sl\u0131 9 ki\u015filik bir Reggae grubu. Bob Marley, Protoje, Chronixx ve RagingFyah gibi reggae gruplar\u0131ndan etkilenen grup, 2018\u2019de \u201cWake Up\u201d teklisiyle \u00e7\u0131k\u0131\u015f yapt\u0131.<\/p>\n<p>Ma\u011fusa\u2019n\u0131n Rap \u0130kilisi F\u0131rat ve Mato ise lise y\u0131llar\u0131nda tan\u0131\u015farak T\u00fcrk\u00e7e s\u00f6zl\u00fc rap m\u00fczi\u011fe olan ortak tutkular\u0131yla birbirlerine ba\u011fland\u0131lar. Bu tutku, onlar\u0131n 13 y\u0131l boyunca sadece en iyi iki arkada\u015f olmalar\u0131n\u0131 de\u011fil, ayn\u0131 zamanda Ma\u011fusa\u2019ya olan derin sevgileriyle de birle\u015ferek \u201cHisar Gommaz\u201d \u00e7at\u0131s\u0131 alt\u0131nda rap m\u00fczi\u011fi \u00fcretmeye devam etmelerini sa\u011flad\u0131.<\/p>\n<p><strong>SALAM\u0130S ANT\u0130K T\u0130YATRO\u2019DA MF\u00d6-MAZHAR ALANSON VE FUAT G\u00dcNER R\u00dcZGARI<\/strong><\/p>\n<p>27 Haziran Per\u015fembe g\u00fcn\u00fc Salamis Antik Tiyatro\u2019da MF\u00d6 Grubu\u2019ndan Mazhar Alanson ve Fuat G\u00fcner sevenleriyle bulu\u015facak. 1980 y\u0131l\u0131ndan beri bir\u00e7ok alb\u00fcm ve \u015fark\u0131lar\u0131 ile g\u00f6n\u00fcllerde taht kuran MF\u00d6 Salamis Antik Tiyatro\u2019nun b\u00fcy\u00fcl\u00fc atmosferinde nefes kesen bir konserle m\u00fczik severlerle bir araya gelecek.<\/p>\n<p><strong>\u00c7\u0130FTE MEZGALLAR\u2019DA OKUMA PERFORMANSI \u2018\u2019KAYIP\u2019\u2019<\/strong><\/p>\n<p>28 Haziran Cuma g\u00fcn\u00fc So Kolektif i\u015f birli\u011fi ile Aliye Ummanel\u2019in yaz\u0131p y\u00f6netti\u011fi \u2018\u2019Kay\u0131p\u2019\u2019 Oyun Okuma Performans\u0131 \u00c7ifte Mazgallar\u2019da yer alacak. Kay\u0131p oyunu bundan 10 y\u0131l \u00f6nce sahnelendi\u011finde 1974\u2019\u00fcn 40. y\u0131l d\u00f6n\u00fcm\u00fcyd\u00fc ve bu oyunla beraber sava\u015f\u0131n derin travmalar\u0131ndan biri olan kay\u0131p \u015fah\u0131slar meselesi K\u0131br\u0131s T\u00fcrk Tiyatrosu\u2019nda ilk defa irdelenmi\u015f oldu. Oyun, ge\u00e7mi\u015fte ya\u015fanan sava\u015f\u0131n, farkl\u0131 ku\u015faklar \u00fczerindeki kal\u0131c\u0131 etkilerini ele al\u0131yor. Oyun Okuma Performans\u0131, bir oyunun prova edilmi\u015f okumas\u0131n\u0131n, izleyici kitlesi \u00f6n\u00fcnde ger\u00e7ekle\u015ftirilmesidir. Bir oyun okuma performans\u0131nda, oyuncular replikleri ezberlemi\u015f olmazlar ve baz\u0131 sahne y\u00f6nergeleri y\u00fcksek sesle okunur, bu nedenle bu performanslar sesli kitaplar veya radyo oyunlar\u0131na benzetilir.<\/p>\n<p><strong>\u0130K\u0130 TOPLUMLU M\u00dcZ\u0130SYENLER FEST\u0130VALDE B\u0130R ARAYA GEL\u0130YOR<\/strong><\/p>\n<p>2 Temmuz Per\u015fembe g\u00fcn\u00fc, Othello Kalesi\u2019nde Ma\u011fusa\u2019da yeni kurulmu\u015f, rock, folk ve psychedelia \u00f6\u011feleri ile dolu bir indie grubu olan Cemre Arca ve TheBeez, rock ve blues m\u00fczik t\u00fcr\u00fcne yeni bir soluk getiren K\u0131br\u0131sl\u0131 Rum ve T\u00fcrk m\u00fczisyenlerden olu\u015fan Buzz\u2019 Ayaz grubu ve 7 ki\u015fiden olu\u015fan iki toplumlu, adan\u0131n \u201cAkdeniz ruhu\u201dnu yans\u0131tan ve K\u0131br\u0131sl\u0131 olman\u0131n \u00f6z\u00fcn\u00fc ta\u015f\u0131yan ancak s\u0131n\u0131rlar\u0131n\u0131n \u00f6tesinde de rahat\u00e7a kendine yer bulan benzersiz bir m\u00fczikal kar\u0131\u015f\u0131m grubu Island Seeds konserleri yer alacak.<\/p>\n<p><strong>OKAN BAY\u00dcLGEN\u2019\u0130N, SHAKESPEARE\u2019\u0130N \u00dcNL\u00dc TRAGEDYASINDAN ES\u0130NLENEREK YAZIP Y\u00d6NETT\u0130\u011e\u0130 \u201cRICHARD\u201d 4 TEMMUZ\u2019DA SALAM\u0130S ANT\u0130K T\u0130YATRO\u2019DA<\/strong><\/p>\n<p>Okan Bay\u00fclgen, Shakespeare\u2019in \u00fcnl\u00fc tragedyas\u0131ndan hareketle yaz\u0131p y\u00f6netti\u011fi Richard ile 4 Temmuz Per\u015fembe g\u00fcn\u00fc 24. Uluslararas\u0131 Ma\u011fusa K\u00fclt\u00fcr Sanat Festivali kapsam\u0131nda Salamis Antik Tiyatro\u2019da ilk kez KKTC\u2019deki izleyicilerle bulu\u015fmaya haz\u0131rlan\u0131yor.\u00a0 Kalabal\u0131k oyuncu kadrosu i\u00e7erisinde Bay\u00fclgen\u2019in de Richard karakterini canland\u0131rd\u0131\u011f\u0131 oyun, farkl\u0131 disiplinlerden sanat\u00e7\u0131lar\u0131 bir araya getiren Net Sanat- Kabare Dada taraf\u0131ndan hayata ge\u00e7iriliyor.<\/p>\n<p><strong>TEK \u015eAH\u0130D\u0130 C\u00dcMBEZD\u0130 K\u00dcKOM\u2019DA<\/strong><\/p>\n<p>7 Temmuz Pazar g\u00fcn\u00fc K\u0131br\u0131sl\u0131 T\u00fcrk Modac\u0131 Abdullah \u00d6zt\u00fcrk\u2019\u00fcn, Rauf Raif Denkta\u015f K\u00fclt\u00fcr ve Kongre Merkezi\u2019nde \u2018\u2019Tek \u015eahidi C\u00fcmbezdi\u2019\u2019 isimli moda g\u00f6sterisi yer alacak. D\u00fcnyan\u0131n ilk \u00f6zg\u00fcn m\u00fczikli defilesi olma \u00f6zelli\u011fi ta\u015f\u0131yan g\u00f6steride \u00fcnl\u00fc modac\u0131n\u0131n kreasyonu merakla bekleniyor.<\/p>\n<p><strong>BUENA VISTA SOCIAL CLUB STARI, GRAMMY \u00d6D\u00dcLL\u00dc ELIADES OCHOA 9 TEMMUZ\u2019DA SALAM\u0130S ANT\u0130K T\u0130YATRO\u2019DA<\/strong><\/p>\n<p>M\u00fczik tarihinin efsane grubu Buena Vista Social Club Star\u0131, 50 y\u0131ll\u0131k kariyerinde bir efsane haline gelen, Grammy \u00d6d\u00fcl\u00fc sahibi EliadesOchoa, 24. Uluslararas\u0131 Ma\u011fusa K\u00fclt\u00fcr Sanat Festivali kapsam\u0131nda 9 Temmuz\u2019da Salamis Antik Tiyatro\u2019da dinleyicileri ile bulu\u015facak.<\/p>\n<p>22 Haziran 1946\u2019da Santiago de Cuba\u2019daSongo la Maya\u2019da do\u011fan EliadesOchoa, Geleneksel K\u00fcba m\u00fczi\u011finin \u00f6nemli bir temsilcisi ve kendi ku\u015fa\u011f\u0131n\u0131n en iyi gitaristi olarak kabul edilmektedir. Kendine \u00f6zg\u00fc kovboy \u015fapkas\u0131 ve siyah giymeye olan tutkusu nedeni ile baz\u0131lar\u0131 onu \u201cK\u00fcbal\u0131 Johnny Cash\u201d olarak adland\u0131r\u0131yor.<\/p>\n<p><strong>LA CASA DE PAPEL\u2019\u0130N SES\u0130 CECILIA KRULL 11 TEMMUZ\u2019DA OTHELLO KALES\u0130\u2019NDE<\/strong><\/p>\n<p>Pop\u00fcler dizi La Casa De Papel\u2019de seslendirdi\u011fi jenerik \u015fark\u0131s\u0131 \u201cMy Life Is Going On\u201d ile t\u00fcm d\u00fcnyada bir milyar\u0131n \u00fczerinde dinlenen, 2019 y\u0131l\u0131nda \u201cHard\u201d isimli single\u2019\u0131n\u0131n ard\u0131ndan 2020 y\u0131l\u0131nda yay\u0131nlad\u0131\u011f\u0131 \u201cLosing My Mind\u201d \u015fark\u0131s\u0131yla m\u00fczikseverlerin b\u00fcy\u00fck be\u011fenisini kazanan Cecilia Krull 24. UluslararasiMa\u011fusa K\u00fclt\u00fcr Sanat Festivali kapsam\u0131nda 11 Temmuz\u2019da Othello Kalesinde m\u00fczikseverlerle bulu\u015facak.<\/p>\n<p>M\u00fczisyen bir aileden gelen ve kariyerine 7 ya\u015f\u0131nda Disney filmlerinin \u015fark\u0131lar\u0131n\u0131 seslendirerek ba\u015flayan \u015fark\u0131c\u0131 ve besteci Cecilia Krull, Fransa, K\u00fcba, Almanya ve \u0130spanyol k\u00f6kleri ile gen\u00e7 ya\u015f\u0131na ra\u011fmen g\u00fcn\u00fcm\u00fcz\u00fcn en \u00f6nemli yeni ku\u015fak caz \u015fark\u0131c\u0131lar\u0131ndan biri olarak g\u00f6steriliyor.\u00a0 Sanat\u00e7\u0131 caz d\u0131\u015f\u0131nda Pop, Groove ve Soul gibi farkl\u0131 m\u00fczik tarzlar\u0131nda da \u015fark\u0131lar seslendiriyor.<\/p>\n<p><strong>LOS VIVANCOS\u2019UN EFSANE DANS\u00c7ISI AARON VIVANCOS\u2019UN YEPYEN\u0130 FLAMENKO DANS G\u00d6STER\u0130S\u0130 \u201cWOMAN\u201d KKTC\u2019DE \u0130LK KEZ 15 TEMMUZ\u2019DA SALAM\u0130S ANT\u0130K T\u0130YATRO\u2019DA<\/strong><\/p>\n<p>Los Vivancos\u2019un efsane dans\u00e7\u0131s\u0131 AaronVivancos\u2019un prod\u00fckt\u00f6r, koreograf, besteci ve artistik direkt\u00f6r olarak imzas\u0131n\u0131 ta\u015f\u0131yan ilk g\u00f6sterisi \u201cWOMAN\u201d 15 Temmuz\u2019da 24. Uluslararas\u0131 Ma\u011fusa K\u00fclt\u00fcr Sanat Festivali kapsam\u0131nda Salamis Antik Tiyatro\u2019da ilk kez KKTC\u2019deki izleyicileri ile bulu\u015fmaya haz\u0131rlan\u0131yor.<\/p>\n<p>Kad\u0131nlar\u0131n tarihsel g\u00fcc\u00fcn\u00fcn ana motif olarak kullan\u0131ld\u0131\u011f\u0131, bir sembol ve k\u00fclt\u00fcrel bir \u00f6ge olarak \u201ckad\u0131nl\u0131k\u201d ikonografisinden yola \u00e7\u0131kan WOMAN, dans ile birlikte teatral, g\u00f6rsel-i\u015fitsel bir ifadenin hayat buldu\u011fu ve disiplinleraras\u0131 bir yakla\u015f\u0131mla aktar\u0131ld\u0131\u011f\u0131 e\u015fsiz bir g\u00f6steri.<\/p>\n<p>Aar\u00f3nVivancos\u2019un karde\u015fi ve Los Vivancos \u00fcyelerinden El\u00edasVivancos ile birlikte yaratt\u0131\u011f\u0131 cesur koreografi dans\u0131n ve \u00f6zellikle avangardflamenkonun e\u015fsiz bir birle\u015fimi olarak tan\u0131mlan\u0131yor. D\u00fcnyan\u0131n d\u00f6rt bir k\u00f6\u015fesinde kapal\u0131 gi\u015fe sergilenen \u201cWOMAN\u201d KKTC\u2019de ilk kez 24. Uluslararas\u0131 Ma\u011fusa K\u00fclt\u00fcr Sanat Festivali kapsam\u0131nda Salamis Antik Tiyatro\u2019da yer alacak.<\/p>\n<\/p><\/div>\n<p><script async\n                    defer\n                    crossorigin=\"anonymous\"\n                    src=\"https:\/\/connect.facebook.net\/tr_TR\/sdk.js#xfbml=1&#038;version=v3.3\"\n            ><\/script><\/p>\n","protected":false},"excerpt":{"rendered":"<p>\u00a0 \u00a0 \u00a0 \u00a0 Gazima\u011fusa Belediyesi\u2019nin bu y\u0131l 24.\u2019s\u00fcn\u00fc d\u00fczenledi\u011fi Uluslararas\u0131 Ma\u011fusa K\u00fclt\u00fcr Sanat Festivali, bu y\u0131l 25 Haziran- 15 Temmuz 2024 tarihleri aras\u0131nda Salamis Antik Tiyatro ile kentin b\u00fcy\u00fcleyici tarihi ve k\u00fclt\u00fcr mekanlar\u0131nda ger\u00e7ekle\u015fecek Bu y\u0131l festival kapsam\u0131nda; Son Feci Bisiklet Bunfyan F\u0131rat &amp;Mato, MF\u00d6 \u2013 Mazhar Fuat, Cemre Arca &amp;TheBeez, Island SeddsBuzz\u2019 Ayaz, [&hellip;]<\/p>\n","protected":false},"author":1,"featured_media":4999,"comment_status":"open","ping_status":"open","sticky":false,"template":"","format":"standard","meta":{"jnews-multi-image_gallery":[],"jnews_single_post":[],"jnews_primary_category":[],"jnews_social_meta":[],"jnews_override_counter":[],"footnotes":""},"categories":[6],"tags":[],"class_list":["post-4998","post","type-post","status-publish","format-standard","has-post-thumbnail","hentry","category-yasam"],"yoast_head":"<!-- This site is optimized with the Yoast SEO plugin v27.5 - https:\/\/yoast.com\/product\/yoast-seo-wordpress\/ -->\n<title>24. Uluslararas\u0131 Ma\u011fusa K\u00fclt\u00fcr ve Sanat Festivali ba\u015fl\u0131yor - Kuzeyin Sesi<\/title>\n<meta name=\"robots\" content=\"index, follow, max-snippet:-1, max-image-preview:large, max-video-preview:-1\" \/>\n<link rel=\"canonical\" href=\"https:\/\/kuzeyinsesi.org\/index.php\/2024\/06\/19\/24-uluslararasi-magusa-kultur-ve-sanat-festivali-basliyor\/\" \/>\n<meta property=\"og:locale\" content=\"tr_TR\" \/>\n<meta property=\"og:type\" content=\"article\" \/>\n<meta property=\"og:title\" content=\"24. Uluslararas\u0131 Ma\u011fusa K\u00fclt\u00fcr ve Sanat Festivali ba\u015fl\u0131yor - Kuzeyin Sesi\" \/>\n<meta property=\"og:description\" content=\"\u00a0 \u00a0 \u00a0 \u00a0 Gazima\u011fusa Belediyesi\u2019nin bu y\u0131l 24.\u2019s\u00fcn\u00fc d\u00fczenledi\u011fi Uluslararas\u0131 Ma\u011fusa K\u00fclt\u00fcr Sanat Festivali, bu y\u0131l 25 Haziran- 15 Temmuz 2024 tarihleri aras\u0131nda Salamis Antik Tiyatro ile kentin b\u00fcy\u00fcleyici tarihi ve k\u00fclt\u00fcr mekanlar\u0131nda ger\u00e7ekle\u015fecek Bu y\u0131l festival kapsam\u0131nda; Son Feci Bisiklet Bunfyan F\u0131rat &amp;Mato, MF\u00d6 \u2013 Mazhar Fuat, Cemre Arca &amp;TheBeez, Island SeddsBuzz\u2019 Ayaz, [&hellip;]\" \/>\n<meta property=\"og:url\" content=\"https:\/\/kuzeyinsesi.org\/index.php\/2024\/06\/19\/24-uluslararasi-magusa-kultur-ve-sanat-festivali-basliyor\/\" \/>\n<meta property=\"og:site_name\" content=\"Kuzeyin Sesi\" \/>\n<meta property=\"article:publisher\" content=\"https:\/\/www.facebook.com\/kuzeyinsesii\" \/>\n<meta property=\"article:published_time\" content=\"2024-06-19T08:47:34+00:00\" \/>\n<meta property=\"og:image\" content=\"https:\/\/kuzeyinsesi.org\/wp-content\/uploads\/2024\/06\/MAGUSA-FESTIVAL-2024.jpeg\" \/>\n\t<meta property=\"og:image:width\" content=\"2048\" \/>\n\t<meta property=\"og:image:height\" content=\"1170\" \/>\n\t<meta property=\"og:image:type\" content=\"image\/jpeg\" \/>\n<meta name=\"author\" content=\"Kuzeyin Sesi\" \/>\n<meta name=\"twitter:card\" content=\"summary_large_image\" \/>\n<meta name=\"twitter:creator\" content=\"@kuzeyinsesii\" \/>\n<meta name=\"twitter:site\" content=\"@kuzeyinsesii\" \/>\n<meta name=\"twitter:label1\" content=\"Yazan:\" \/>\n\t<meta name=\"twitter:data1\" content=\"Kuzeyin Sesi\" \/>\n\t<meta name=\"twitter:label2\" content=\"Tahmini okuma s\u00fcresi\" \/>\n\t<meta name=\"twitter:data2\" content=\"8 dakika\" \/>\n<script type=\"application\/ld+json\" class=\"yoast-schema-graph\">{\"@context\":\"https:\\\/\\\/schema.org\",\"@graph\":[{\"@type\":\"Article\",\"@id\":\"https:\\\/\\\/kuzeyinsesi.org\\\/index.php\\\/2024\\\/06\\\/19\\\/24-uluslararasi-magusa-kultur-ve-sanat-festivali-basliyor\\\/#article\",\"isPartOf\":{\"@id\":\"https:\\\/\\\/kuzeyinsesi.org\\\/index.php\\\/2024\\\/06\\\/19\\\/24-uluslararasi-magusa-kultur-ve-sanat-festivali-basliyor\\\/\"},\"author\":{\"name\":\"Kuzeyin Sesi\",\"@id\":\"https:\\\/\\\/kuzeyinsesi.org\\\/#\\\/schema\\\/person\\\/9f859689cdf01485597712386e37f5aa\"},\"headline\":\"24. Uluslararas\u0131 Ma\u011fusa K\u00fclt\u00fcr ve Sanat Festivali ba\u015fl\u0131yor\",\"datePublished\":\"2024-06-19T08:47:34+00:00\",\"mainEntityOfPage\":{\"@id\":\"https:\\\/\\\/kuzeyinsesi.org\\\/index.php\\\/2024\\\/06\\\/19\\\/24-uluslararasi-magusa-kultur-ve-sanat-festivali-basliyor\\\/\"},\"wordCount\":1526,\"commentCount\":0,\"image\":{\"@id\":\"https:\\\/\\\/kuzeyinsesi.org\\\/index.php\\\/2024\\\/06\\\/19\\\/24-uluslararasi-magusa-kultur-ve-sanat-festivali-basliyor\\\/#primaryimage\"},\"thumbnailUrl\":\"https:\\\/\\\/kuzeyinsesi.org\\\/wp-content\\\/uploads\\\/2024\\\/06\\\/MAGUSA-FESTIVAL-2024.jpeg\",\"articleSection\":[\"Ya\u015fam\"],\"inLanguage\":\"tr\",\"potentialAction\":[{\"@type\":\"CommentAction\",\"name\":\"Comment\",\"target\":[\"https:\\\/\\\/kuzeyinsesi.org\\\/index.php\\\/2024\\\/06\\\/19\\\/24-uluslararasi-magusa-kultur-ve-sanat-festivali-basliyor\\\/#respond\"]}]},{\"@type\":\"WebPage\",\"@id\":\"https:\\\/\\\/kuzeyinsesi.org\\\/index.php\\\/2024\\\/06\\\/19\\\/24-uluslararasi-magusa-kultur-ve-sanat-festivali-basliyor\\\/\",\"url\":\"https:\\\/\\\/kuzeyinsesi.org\\\/index.php\\\/2024\\\/06\\\/19\\\/24-uluslararasi-magusa-kultur-ve-sanat-festivali-basliyor\\\/\",\"name\":\"24. Uluslararas\u0131 Ma\u011fusa K\u00fclt\u00fcr ve Sanat Festivali ba\u015fl\u0131yor - Kuzeyin Sesi\",\"isPartOf\":{\"@id\":\"https:\\\/\\\/kuzeyinsesi.org\\\/#website\"},\"primaryImageOfPage\":{\"@id\":\"https:\\\/\\\/kuzeyinsesi.org\\\/index.php\\\/2024\\\/06\\\/19\\\/24-uluslararasi-magusa-kultur-ve-sanat-festivali-basliyor\\\/#primaryimage\"},\"image\":{\"@id\":\"https:\\\/\\\/kuzeyinsesi.org\\\/index.php\\\/2024\\\/06\\\/19\\\/24-uluslararasi-magusa-kultur-ve-sanat-festivali-basliyor\\\/#primaryimage\"},\"thumbnailUrl\":\"https:\\\/\\\/kuzeyinsesi.org\\\/wp-content\\\/uploads\\\/2024\\\/06\\\/MAGUSA-FESTIVAL-2024.jpeg\",\"datePublished\":\"2024-06-19T08:47:34+00:00\",\"author\":{\"@id\":\"https:\\\/\\\/kuzeyinsesi.org\\\/#\\\/schema\\\/person\\\/9f859689cdf01485597712386e37f5aa\"},\"breadcrumb\":{\"@id\":\"https:\\\/\\\/kuzeyinsesi.org\\\/index.php\\\/2024\\\/06\\\/19\\\/24-uluslararasi-magusa-kultur-ve-sanat-festivali-basliyor\\\/#breadcrumb\"},\"inLanguage\":\"tr\",\"potentialAction\":[{\"@type\":\"ReadAction\",\"target\":[\"https:\\\/\\\/kuzeyinsesi.org\\\/index.php\\\/2024\\\/06\\\/19\\\/24-uluslararasi-magusa-kultur-ve-sanat-festivali-basliyor\\\/\"]}]},{\"@type\":\"ImageObject\",\"inLanguage\":\"tr\",\"@id\":\"https:\\\/\\\/kuzeyinsesi.org\\\/index.php\\\/2024\\\/06\\\/19\\\/24-uluslararasi-magusa-kultur-ve-sanat-festivali-basliyor\\\/#primaryimage\",\"url\":\"https:\\\/\\\/kuzeyinsesi.org\\\/wp-content\\\/uploads\\\/2024\\\/06\\\/MAGUSA-FESTIVAL-2024.jpeg\",\"contentUrl\":\"https:\\\/\\\/kuzeyinsesi.org\\\/wp-content\\\/uploads\\\/2024\\\/06\\\/MAGUSA-FESTIVAL-2024.jpeg\",\"width\":2048,\"height\":1170},{\"@type\":\"BreadcrumbList\",\"@id\":\"https:\\\/\\\/kuzeyinsesi.org\\\/index.php\\\/2024\\\/06\\\/19\\\/24-uluslararasi-magusa-kultur-ve-sanat-festivali-basliyor\\\/#breadcrumb\",\"itemListElement\":[{\"@type\":\"ListItem\",\"position\":1,\"name\":\"Anasayfa\",\"item\":\"https:\\\/\\\/kuzeyinsesi.org\\\/\"},{\"@type\":\"ListItem\",\"position\":2,\"name\":\"24. Uluslararas\u0131 Ma\u011fusa K\u00fclt\u00fcr ve Sanat Festivali ba\u015fl\u0131yor\"}]},{\"@type\":\"WebSite\",\"@id\":\"https:\\\/\\\/kuzeyinsesi.org\\\/#website\",\"url\":\"https:\\\/\\\/kuzeyinsesi.org\\\/\",\"name\":\"Kuzeyin Sesi\",\"description\":\"Do\u011fru Haberin Adresi\",\"potentialAction\":[{\"@type\":\"SearchAction\",\"target\":{\"@type\":\"EntryPoint\",\"urlTemplate\":\"https:\\\/\\\/kuzeyinsesi.org\\\/?s={search_term_string}\"},\"query-input\":{\"@type\":\"PropertyValueSpecification\",\"valueRequired\":true,\"valueName\":\"search_term_string\"}}],\"inLanguage\":\"tr\"},{\"@type\":\"Person\",\"@id\":\"https:\\\/\\\/kuzeyinsesi.org\\\/#\\\/schema\\\/person\\\/9f859689cdf01485597712386e37f5aa\",\"name\":\"Kuzeyin Sesi\",\"image\":{\"@type\":\"ImageObject\",\"inLanguage\":\"tr\",\"@id\":\"https:\\\/\\\/secure.gravatar.com\\\/avatar\\\/bab33852abfd8b282518d6ed81826833d77c3c882d9ab608add591ccace47a44?s=96&d=mm&r=g\",\"url\":\"https:\\\/\\\/secure.gravatar.com\\\/avatar\\\/bab33852abfd8b282518d6ed81826833d77c3c882d9ab608add591ccace47a44?s=96&d=mm&r=g\",\"contentUrl\":\"https:\\\/\\\/secure.gravatar.com\\\/avatar\\\/bab33852abfd8b282518d6ed81826833d77c3c882d9ab608add591ccace47a44?s=96&d=mm&r=g\",\"caption\":\"Kuzeyin Sesi\"},\"sameAs\":[\"https:\\\/\\\/kuzeyinsesi.org\"],\"url\":\"https:\\\/\\\/kuzeyinsesi.org\\\/index.php\\\/author\\\/guven\\\/\"}]}<\/script>\n<!-- \/ Yoast SEO plugin. -->","yoast_head_json":{"title":"24. Uluslararas\u0131 Ma\u011fusa K\u00fclt\u00fcr ve Sanat Festivali ba\u015fl\u0131yor - Kuzeyin Sesi","robots":{"index":"index","follow":"follow","max-snippet":"max-snippet:-1","max-image-preview":"max-image-preview:large","max-video-preview":"max-video-preview:-1"},"canonical":"https:\/\/kuzeyinsesi.org\/index.php\/2024\/06\/19\/24-uluslararasi-magusa-kultur-ve-sanat-festivali-basliyor\/","og_locale":"tr_TR","og_type":"article","og_title":"24. Uluslararas\u0131 Ma\u011fusa K\u00fclt\u00fcr ve Sanat Festivali ba\u015fl\u0131yor - Kuzeyin Sesi","og_description":"\u00a0 \u00a0 \u00a0 \u00a0 Gazima\u011fusa Belediyesi\u2019nin bu y\u0131l 24.\u2019s\u00fcn\u00fc d\u00fczenledi\u011fi Uluslararas\u0131 Ma\u011fusa K\u00fclt\u00fcr Sanat Festivali, bu y\u0131l 25 Haziran- 15 Temmuz 2024 tarihleri aras\u0131nda Salamis Antik Tiyatro ile kentin b\u00fcy\u00fcleyici tarihi ve k\u00fclt\u00fcr mekanlar\u0131nda ger\u00e7ekle\u015fecek Bu y\u0131l festival kapsam\u0131nda; Son Feci Bisiklet Bunfyan F\u0131rat &amp;Mato, MF\u00d6 \u2013 Mazhar Fuat, Cemre Arca &amp;TheBeez, Island SeddsBuzz\u2019 Ayaz, [&hellip;]","og_url":"https:\/\/kuzeyinsesi.org\/index.php\/2024\/06\/19\/24-uluslararasi-magusa-kultur-ve-sanat-festivali-basliyor\/","og_site_name":"Kuzeyin Sesi","article_publisher":"https:\/\/www.facebook.com\/kuzeyinsesii","article_published_time":"2024-06-19T08:47:34+00:00","og_image":[{"width":2048,"height":1170,"url":"https:\/\/kuzeyinsesi.org\/wp-content\/uploads\/2024\/06\/MAGUSA-FESTIVAL-2024.jpeg","type":"image\/jpeg"}],"author":"Kuzeyin Sesi","twitter_card":"summary_large_image","twitter_creator":"@kuzeyinsesii","twitter_site":"@kuzeyinsesii","twitter_misc":{"Yazan:":"Kuzeyin Sesi","Tahmini okuma s\u00fcresi":"8 dakika"},"schema":{"@context":"https:\/\/schema.org","@graph":[{"@type":"Article","@id":"https:\/\/kuzeyinsesi.org\/index.php\/2024\/06\/19\/24-uluslararasi-magusa-kultur-ve-sanat-festivali-basliyor\/#article","isPartOf":{"@id":"https:\/\/kuzeyinsesi.org\/index.php\/2024\/06\/19\/24-uluslararasi-magusa-kultur-ve-sanat-festivali-basliyor\/"},"author":{"name":"Kuzeyin Sesi","@id":"https:\/\/kuzeyinsesi.org\/#\/schema\/person\/9f859689cdf01485597712386e37f5aa"},"headline":"24. Uluslararas\u0131 Ma\u011fusa K\u00fclt\u00fcr ve Sanat Festivali ba\u015fl\u0131yor","datePublished":"2024-06-19T08:47:34+00:00","mainEntityOfPage":{"@id":"https:\/\/kuzeyinsesi.org\/index.php\/2024\/06\/19\/24-uluslararasi-magusa-kultur-ve-sanat-festivali-basliyor\/"},"wordCount":1526,"commentCount":0,"image":{"@id":"https:\/\/kuzeyinsesi.org\/index.php\/2024\/06\/19\/24-uluslararasi-magusa-kultur-ve-sanat-festivali-basliyor\/#primaryimage"},"thumbnailUrl":"https:\/\/kuzeyinsesi.org\/wp-content\/uploads\/2024\/06\/MAGUSA-FESTIVAL-2024.jpeg","articleSection":["Ya\u015fam"],"inLanguage":"tr","potentialAction":[{"@type":"CommentAction","name":"Comment","target":["https:\/\/kuzeyinsesi.org\/index.php\/2024\/06\/19\/24-uluslararasi-magusa-kultur-ve-sanat-festivali-basliyor\/#respond"]}]},{"@type":"WebPage","@id":"https:\/\/kuzeyinsesi.org\/index.php\/2024\/06\/19\/24-uluslararasi-magusa-kultur-ve-sanat-festivali-basliyor\/","url":"https:\/\/kuzeyinsesi.org\/index.php\/2024\/06\/19\/24-uluslararasi-magusa-kultur-ve-sanat-festivali-basliyor\/","name":"24. Uluslararas\u0131 Ma\u011fusa K\u00fclt\u00fcr ve Sanat Festivali ba\u015fl\u0131yor - Kuzeyin Sesi","isPartOf":{"@id":"https:\/\/kuzeyinsesi.org\/#website"},"primaryImageOfPage":{"@id":"https:\/\/kuzeyinsesi.org\/index.php\/2024\/06\/19\/24-uluslararasi-magusa-kultur-ve-sanat-festivali-basliyor\/#primaryimage"},"image":{"@id":"https:\/\/kuzeyinsesi.org\/index.php\/2024\/06\/19\/24-uluslararasi-magusa-kultur-ve-sanat-festivali-basliyor\/#primaryimage"},"thumbnailUrl":"https:\/\/kuzeyinsesi.org\/wp-content\/uploads\/2024\/06\/MAGUSA-FESTIVAL-2024.jpeg","datePublished":"2024-06-19T08:47:34+00:00","author":{"@id":"https:\/\/kuzeyinsesi.org\/#\/schema\/person\/9f859689cdf01485597712386e37f5aa"},"breadcrumb":{"@id":"https:\/\/kuzeyinsesi.org\/index.php\/2024\/06\/19\/24-uluslararasi-magusa-kultur-ve-sanat-festivali-basliyor\/#breadcrumb"},"inLanguage":"tr","potentialAction":[{"@type":"ReadAction","target":["https:\/\/kuzeyinsesi.org\/index.php\/2024\/06\/19\/24-uluslararasi-magusa-kultur-ve-sanat-festivali-basliyor\/"]}]},{"@type":"ImageObject","inLanguage":"tr","@id":"https:\/\/kuzeyinsesi.org\/index.php\/2024\/06\/19\/24-uluslararasi-magusa-kultur-ve-sanat-festivali-basliyor\/#primaryimage","url":"https:\/\/kuzeyinsesi.org\/wp-content\/uploads\/2024\/06\/MAGUSA-FESTIVAL-2024.jpeg","contentUrl":"https:\/\/kuzeyinsesi.org\/wp-content\/uploads\/2024\/06\/MAGUSA-FESTIVAL-2024.jpeg","width":2048,"height":1170},{"@type":"BreadcrumbList","@id":"https:\/\/kuzeyinsesi.org\/index.php\/2024\/06\/19\/24-uluslararasi-magusa-kultur-ve-sanat-festivali-basliyor\/#breadcrumb","itemListElement":[{"@type":"ListItem","position":1,"name":"Anasayfa","item":"https:\/\/kuzeyinsesi.org\/"},{"@type":"ListItem","position":2,"name":"24. Uluslararas\u0131 Ma\u011fusa K\u00fclt\u00fcr ve Sanat Festivali ba\u015fl\u0131yor"}]},{"@type":"WebSite","@id":"https:\/\/kuzeyinsesi.org\/#website","url":"https:\/\/kuzeyinsesi.org\/","name":"Kuzeyin Sesi","description":"Do\u011fru Haberin Adresi","potentialAction":[{"@type":"SearchAction","target":{"@type":"EntryPoint","urlTemplate":"https:\/\/kuzeyinsesi.org\/?s={search_term_string}"},"query-input":{"@type":"PropertyValueSpecification","valueRequired":true,"valueName":"search_term_string"}}],"inLanguage":"tr"},{"@type":"Person","@id":"https:\/\/kuzeyinsesi.org\/#\/schema\/person\/9f859689cdf01485597712386e37f5aa","name":"Kuzeyin Sesi","image":{"@type":"ImageObject","inLanguage":"tr","@id":"https:\/\/secure.gravatar.com\/avatar\/bab33852abfd8b282518d6ed81826833d77c3c882d9ab608add591ccace47a44?s=96&d=mm&r=g","url":"https:\/\/secure.gravatar.com\/avatar\/bab33852abfd8b282518d6ed81826833d77c3c882d9ab608add591ccace47a44?s=96&d=mm&r=g","contentUrl":"https:\/\/secure.gravatar.com\/avatar\/bab33852abfd8b282518d6ed81826833d77c3c882d9ab608add591ccace47a44?s=96&d=mm&r=g","caption":"Kuzeyin Sesi"},"sameAs":["https:\/\/kuzeyinsesi.org"],"url":"https:\/\/kuzeyinsesi.org\/index.php\/author\/guven\/"}]}},"_links":{"self":[{"href":"https:\/\/kuzeyinsesi.org\/index.php\/wp-json\/wp\/v2\/posts\/4998","targetHints":{"allow":["GET"]}}],"collection":[{"href":"https:\/\/kuzeyinsesi.org\/index.php\/wp-json\/wp\/v2\/posts"}],"about":[{"href":"https:\/\/kuzeyinsesi.org\/index.php\/wp-json\/wp\/v2\/types\/post"}],"author":[{"embeddable":true,"href":"https:\/\/kuzeyinsesi.org\/index.php\/wp-json\/wp\/v2\/users\/1"}],"replies":[{"embeddable":true,"href":"https:\/\/kuzeyinsesi.org\/index.php\/wp-json\/wp\/v2\/comments?post=4998"}],"version-history":[{"count":0,"href":"https:\/\/kuzeyinsesi.org\/index.php\/wp-json\/wp\/v2\/posts\/4998\/revisions"}],"wp:featuredmedia":[{"embeddable":true,"href":"https:\/\/kuzeyinsesi.org\/index.php\/wp-json\/wp\/v2\/media\/4999"}],"wp:attachment":[{"href":"https:\/\/kuzeyinsesi.org\/index.php\/wp-json\/wp\/v2\/media?parent=4998"}],"wp:term":[{"taxonomy":"category","embeddable":true,"href":"https:\/\/kuzeyinsesi.org\/index.php\/wp-json\/wp\/v2\/categories?post=4998"},{"taxonomy":"post_tag","embeddable":true,"href":"https:\/\/kuzeyinsesi.org\/index.php\/wp-json\/wp\/v2\/tags?post=4998"}],"curies":[{"name":"wp","href":"https:\/\/api.w.org\/{rel}","templated":true}]}}