{"id":4952,"date":"2024-06-17T12:46:07","date_gmt":"2024-06-17T09:46:07","guid":{"rendered":"https:\/\/kuzeyinsesi.com\/index.php\/2024\/06\/17\/dau-guzel-sanatlar-egitimi-bolumu-ogrencilerinin-yil-sonu-etkinligi-yapildi\/"},"modified":"2024-06-17T12:46:07","modified_gmt":"2024-06-17T09:46:07","slug":"dau-guzel-sanatlar-egitimi-bolumu-ogrencilerinin-yil-sonu-etkinligi-yapildi","status":"publish","type":"post","link":"https:\/\/kuzeyinsesi.org\/index.php\/2024\/06\/17\/dau-guzel-sanatlar-egitimi-bolumu-ogrencilerinin-yil-sonu-etkinligi-yapildi\/","title":{"rendered":"DA\u00dc G\u00fczel Sanatlar E\u011fitimi B\u00f6l\u00fcm\u00fc \u00f6\u011frencilerinin y\u0131l sonu etkinli\u011fi yap\u0131ld\u0131"},"content":{"rendered":"<div>\n<div class=\"mariselle-image-container center\">\n                                            <\/div>\n<p>Do\u011fu Akdeniz \u00dcniversitesi (DA\u00dc) E\u011fitim Fak\u00fcltesi, G\u00fczel Sanatlar E\u011fitimi B\u00f6l\u00fcm\u00fc, M\u00fczik \u00d6\u011fretmenli\u011fi Program\u0131 2023-2024 Akademik Y\u0131l\u0131 Y\u0131l Sonu Etkinli\u011fi kapsam\u0131nda ge\u00e7ti\u011fimiz g\u00fcnlerde Rauf Raif Denkta\u015f K\u00fclt\u00fcr ve Kongre Saray\u0131\u2019nda y\u0131l sonu konseri verildi.<\/p>\n<p>DA\u00dc\u2019den yap\u0131lan a\u00e7\u0131klamaya g\u00f6re, \u00fcniversite yetkililerinin ve \u00f6\u011frencilerin kat\u0131ld\u0131\u011f\u0131 etkinlikte konu\u015fan DA\u00dc G\u00fczel Sanatlar E\u011fitimi B\u00f6l\u00fcm Ba\u015fkan\u0131 Prof. \u00c7etin Aydar, KKTC\u2019nin ilk m\u00fczik \u00f6\u011fretmenli\u011fi lisans program\u0131na sahip program olduklar\u0131n\u0131 belirterek program hakk\u0131nda detayl\u0131 bilgiler verdi.<\/p>\n<p>Yabanc\u0131 \u00f6\u011frenci say\u0131s\u0131n\u0131 art\u0131rman\u0131n hedefleri ars\u0131nda oldu\u011funu aktaran Prof. Aydar, Cumhurba\u015fkanl\u0131\u011f\u0131 Senfoni Orkestras\u0131 ve Devlet Opera Balesi gibi bir\u00e7ok sanat kurumu ile i\u015f birli\u011fi i\u00e7erisinde olduklar\u0131n\u0131 vurgulad\u0131. Kurumsal i\u015f birliklerinin \u00f6nemine de\u011finen Prof. Aydar, i\u015f birlikleri sayesinde \u00f6\u011frencilerin paha bi\u00e7ilemez de\u011ferde tecr\u00fcbelere sahip oldu\u011funun alt\u0131n\u0131 \u00e7izdi. E\u011fitimi her y\u00f6nden daha iyi noktalara ta\u015f\u0131mak i\u00e7in \u00e7aba sarf ettiklerini bildiren Prof. Aydar b\u00f6l\u00fcm\u00fcn hedefleri hakk\u0131nda bilgiler verdi. Prof. Aydar, b\u00f6l\u00fcmdeki t\u00fcm \u00f6\u011fretim \u00fcyelerine y\u0131l boyunca verdikleri de\u011ferli emeklerden dolay\u0131 te\u015fekk\u00fcrlerini iletti.<\/p>\n<p>DA\u00dc Rekt\u00f6r Vekili ve Akademik \u0130\u015flerden Sorumlu Rekt\u00f6r Yard\u0131mc\u0131s\u0131 Prof. Dr. Osman Karatepe, m\u00fczi\u011fin bir ahenk, bir g\u00fczellik oldu\u011funu aktararak insana sevgi verdi\u011fini ve ruhunu g\u00fczelle\u015ftirdi\u011fini vurgulad\u0131. M\u00fczik dinlendi\u011fi zaman ruhun dinlendi\u011fine i\u015faret eden Prof. Dr. Karatepe, bu tarz etkinliklerin d\u00fczenlenmesinin son derece \u00f6nemli oldu\u011funun alt\u0131n\u0131 \u00e7izdi. Sanatla ilgili bran\u015flar\u0131n her zaman \u00fcniversitelerin birer prestij simgesi oldu\u011funu kaydeden Prof. Dr. Karatepe DA\u00dc\u2019de de bunun fazlas\u0131yla oldu\u011funu s\u00f6yledi.<\/p>\n<p>A\u00e7\u0131l\u0131\u015f konu\u015fmalar\u0131n\u0131n ard\u0131ndan ba\u015flayan konserde \u00f6\u011frenciler 2023-2024 Akademik Y\u0131l\u0131 boyunca \u00e7al\u0131\u015ft\u0131klar\u0131 eserlerden olu\u015fan solo, oda m\u00fczi\u011fi, orkestra ve koro eserlerini ba\u015far\u0131yla seslendirdi.<\/p>\n<\/p><\/div>\n<p><script async\n                    defer\n                    crossorigin=\"anonymous\"\n                    src=\"https:\/\/connect.facebook.net\/tr_TR\/sdk.js#xfbml=1&#038;version=v3.3\"\n            ><\/script><\/p>\n","protected":false},"excerpt":{"rendered":"<p>Do\u011fu Akdeniz \u00dcniversitesi (DA\u00dc) E\u011fitim Fak\u00fcltesi, G\u00fczel Sanatlar E\u011fitimi B\u00f6l\u00fcm\u00fc, M\u00fczik \u00d6\u011fretmenli\u011fi Program\u0131 2023-2024 Akademik Y\u0131l\u0131 Y\u0131l Sonu Etkinli\u011fi kapsam\u0131nda ge\u00e7ti\u011fimiz g\u00fcnlerde Rauf Raif Denkta\u015f K\u00fclt\u00fcr ve Kongre Saray\u0131\u2019nda y\u0131l sonu konseri verildi. DA\u00dc\u2019den yap\u0131lan a\u00e7\u0131klamaya g\u00f6re, \u00fcniversite yetkililerinin ve \u00f6\u011frencilerin kat\u0131ld\u0131\u011f\u0131 etkinlikte konu\u015fan DA\u00dc G\u00fczel Sanatlar E\u011fitimi B\u00f6l\u00fcm Ba\u015fkan\u0131 Prof. \u00c7etin Aydar, KKTC\u2019nin ilk [&hellip;]<\/p>\n","protected":false},"author":1,"featured_media":4953,"comment_status":"open","ping_status":"open","sticky":false,"template":"","format":"standard","meta":{"jnews-multi-image_gallery":[],"jnews_single_post":[],"jnews_primary_category":[],"jnews_social_meta":[],"jnews_override_counter":[],"footnotes":""},"categories":[6],"tags":[],"class_list":["post-4952","post","type-post","status-publish","format-standard","has-post-thumbnail","hentry","category-yasam"],"yoast_head":"<!-- This site is optimized with the Yoast SEO plugin v27.5 - https:\/\/yoast.com\/product\/yoast-seo-wordpress\/ -->\n<title>DA\u00dc G\u00fczel Sanatlar E\u011fitimi B\u00f6l\u00fcm\u00fc \u00f6\u011frencilerinin y\u0131l sonu etkinli\u011fi yap\u0131ld\u0131 - Kuzeyin Sesi<\/title>\n<meta name=\"robots\" content=\"index, follow, max-snippet:-1, max-image-preview:large, max-video-preview:-1\" \/>\n<link rel=\"canonical\" href=\"https:\/\/kuzeyinsesi.org\/index.php\/2024\/06\/17\/dau-guzel-sanatlar-egitimi-bolumu-ogrencilerinin-yil-sonu-etkinligi-yapildi\/\" \/>\n<meta property=\"og:locale\" content=\"tr_TR\" \/>\n<meta property=\"og:type\" content=\"article\" \/>\n<meta property=\"og:title\" content=\"DA\u00dc G\u00fczel Sanatlar E\u011fitimi B\u00f6l\u00fcm\u00fc \u00f6\u011frencilerinin y\u0131l sonu etkinli\u011fi yap\u0131ld\u0131 - Kuzeyin Sesi\" \/>\n<meta property=\"og:description\" content=\"Do\u011fu Akdeniz \u00dcniversitesi (DA\u00dc) E\u011fitim Fak\u00fcltesi, G\u00fczel Sanatlar E\u011fitimi B\u00f6l\u00fcm\u00fc, M\u00fczik \u00d6\u011fretmenli\u011fi Program\u0131 2023-2024 Akademik Y\u0131l\u0131 Y\u0131l Sonu Etkinli\u011fi kapsam\u0131nda ge\u00e7ti\u011fimiz g\u00fcnlerde Rauf Raif Denkta\u015f K\u00fclt\u00fcr ve Kongre Saray\u0131\u2019nda y\u0131l sonu konseri verildi. DA\u00dc\u2019den yap\u0131lan a\u00e7\u0131klamaya g\u00f6re, \u00fcniversite yetkililerinin ve \u00f6\u011frencilerin kat\u0131ld\u0131\u011f\u0131 etkinlikte konu\u015fan DA\u00dc G\u00fczel Sanatlar E\u011fitimi B\u00f6l\u00fcm Ba\u015fkan\u0131 Prof. \u00c7etin Aydar, KKTC\u2019nin ilk [&hellip;]\" \/>\n<meta property=\"og:url\" content=\"https:\/\/kuzeyinsesi.org\/index.php\/2024\/06\/17\/dau-guzel-sanatlar-egitimi-bolumu-ogrencilerinin-yil-sonu-etkinligi-yapildi\/\" \/>\n<meta property=\"og:site_name\" content=\"Kuzeyin Sesi\" \/>\n<meta property=\"article:publisher\" content=\"https:\/\/www.facebook.com\/kuzeyinsesii\" \/>\n<meta property=\"article:published_time\" content=\"2024-06-17T09:46:07+00:00\" \/>\n<meta property=\"og:image\" content=\"https:\/\/kuzeyinsesi.org\/wp-content\/uploads\/2024\/06\/dau-guzel-sanatlar-yil-sonu-konseri-3-scaled.jpg\" \/>\n\t<meta property=\"og:image:width\" content=\"2560\" \/>\n\t<meta property=\"og:image:height\" content=\"1920\" \/>\n\t<meta property=\"og:image:type\" content=\"image\/jpeg\" \/>\n<meta name=\"author\" content=\"Kuzeyin Sesi\" \/>\n<meta name=\"twitter:card\" content=\"summary_large_image\" \/>\n<meta name=\"twitter:creator\" content=\"@kuzeyinsesii\" \/>\n<meta name=\"twitter:site\" content=\"@kuzeyinsesii\" \/>\n<meta name=\"twitter:label1\" content=\"Yazan:\" \/>\n\t<meta name=\"twitter:data1\" content=\"Kuzeyin Sesi\" \/>\n\t<meta name=\"twitter:label2\" content=\"Tahmini okuma s\u00fcresi\" \/>\n\t<meta name=\"twitter:data2\" content=\"2 dakika\" \/>\n<script type=\"application\/ld+json\" class=\"yoast-schema-graph\">{\"@context\":\"https:\\\/\\\/schema.org\",\"@graph\":[{\"@type\":\"Article\",\"@id\":\"https:\\\/\\\/kuzeyinsesi.org\\\/index.php\\\/2024\\\/06\\\/17\\\/dau-guzel-sanatlar-egitimi-bolumu-ogrencilerinin-yil-sonu-etkinligi-yapildi\\\/#article\",\"isPartOf\":{\"@id\":\"https:\\\/\\\/kuzeyinsesi.org\\\/index.php\\\/2024\\\/06\\\/17\\\/dau-guzel-sanatlar-egitimi-bolumu-ogrencilerinin-yil-sonu-etkinligi-yapildi\\\/\"},\"author\":{\"name\":\"Kuzeyin Sesi\",\"@id\":\"https:\\\/\\\/kuzeyinsesi.org\\\/#\\\/schema\\\/person\\\/9f859689cdf01485597712386e37f5aa\"},\"headline\":\"DA\u00dc G\u00fczel Sanatlar E\u011fitimi B\u00f6l\u00fcm\u00fc \u00f6\u011frencilerinin y\u0131l sonu etkinli\u011fi yap\u0131ld\u0131\",\"datePublished\":\"2024-06-17T09:46:07+00:00\",\"mainEntityOfPage\":{\"@id\":\"https:\\\/\\\/kuzeyinsesi.org\\\/index.php\\\/2024\\\/06\\\/17\\\/dau-guzel-sanatlar-egitimi-bolumu-ogrencilerinin-yil-sonu-etkinligi-yapildi\\\/\"},\"wordCount\":362,\"commentCount\":0,\"image\":{\"@id\":\"https:\\\/\\\/kuzeyinsesi.org\\\/index.php\\\/2024\\\/06\\\/17\\\/dau-guzel-sanatlar-egitimi-bolumu-ogrencilerinin-yil-sonu-etkinligi-yapildi\\\/#primaryimage\"},\"thumbnailUrl\":\"https:\\\/\\\/kuzeyinsesi.org\\\/wp-content\\\/uploads\\\/2024\\\/06\\\/dau-guzel-sanatlar-yil-sonu-konseri-3-scaled.jpg\",\"articleSection\":[\"Ya\u015fam\"],\"inLanguage\":\"tr\",\"potentialAction\":[{\"@type\":\"CommentAction\",\"name\":\"Comment\",\"target\":[\"https:\\\/\\\/kuzeyinsesi.org\\\/index.php\\\/2024\\\/06\\\/17\\\/dau-guzel-sanatlar-egitimi-bolumu-ogrencilerinin-yil-sonu-etkinligi-yapildi\\\/#respond\"]}]},{\"@type\":\"WebPage\",\"@id\":\"https:\\\/\\\/kuzeyinsesi.org\\\/index.php\\\/2024\\\/06\\\/17\\\/dau-guzel-sanatlar-egitimi-bolumu-ogrencilerinin-yil-sonu-etkinligi-yapildi\\\/\",\"url\":\"https:\\\/\\\/kuzeyinsesi.org\\\/index.php\\\/2024\\\/06\\\/17\\\/dau-guzel-sanatlar-egitimi-bolumu-ogrencilerinin-yil-sonu-etkinligi-yapildi\\\/\",\"name\":\"DA\u00dc G\u00fczel Sanatlar E\u011fitimi B\u00f6l\u00fcm\u00fc \u00f6\u011frencilerinin y\u0131l sonu etkinli\u011fi yap\u0131ld\u0131 - Kuzeyin Sesi\",\"isPartOf\":{\"@id\":\"https:\\\/\\\/kuzeyinsesi.org\\\/#website\"},\"primaryImageOfPage\":{\"@id\":\"https:\\\/\\\/kuzeyinsesi.org\\\/index.php\\\/2024\\\/06\\\/17\\\/dau-guzel-sanatlar-egitimi-bolumu-ogrencilerinin-yil-sonu-etkinligi-yapildi\\\/#primaryimage\"},\"image\":{\"@id\":\"https:\\\/\\\/kuzeyinsesi.org\\\/index.php\\\/2024\\\/06\\\/17\\\/dau-guzel-sanatlar-egitimi-bolumu-ogrencilerinin-yil-sonu-etkinligi-yapildi\\\/#primaryimage\"},\"thumbnailUrl\":\"https:\\\/\\\/kuzeyinsesi.org\\\/wp-content\\\/uploads\\\/2024\\\/06\\\/dau-guzel-sanatlar-yil-sonu-konseri-3-scaled.jpg\",\"datePublished\":\"2024-06-17T09:46:07+00:00\",\"author\":{\"@id\":\"https:\\\/\\\/kuzeyinsesi.org\\\/#\\\/schema\\\/person\\\/9f859689cdf01485597712386e37f5aa\"},\"breadcrumb\":{\"@id\":\"https:\\\/\\\/kuzeyinsesi.org\\\/index.php\\\/2024\\\/06\\\/17\\\/dau-guzel-sanatlar-egitimi-bolumu-ogrencilerinin-yil-sonu-etkinligi-yapildi\\\/#breadcrumb\"},\"inLanguage\":\"tr\",\"potentialAction\":[{\"@type\":\"ReadAction\",\"target\":[\"https:\\\/\\\/kuzeyinsesi.org\\\/index.php\\\/2024\\\/06\\\/17\\\/dau-guzel-sanatlar-egitimi-bolumu-ogrencilerinin-yil-sonu-etkinligi-yapildi\\\/\"]}]},{\"@type\":\"ImageObject\",\"inLanguage\":\"tr\",\"@id\":\"https:\\\/\\\/kuzeyinsesi.org\\\/index.php\\\/2024\\\/06\\\/17\\\/dau-guzel-sanatlar-egitimi-bolumu-ogrencilerinin-yil-sonu-etkinligi-yapildi\\\/#primaryimage\",\"url\":\"https:\\\/\\\/kuzeyinsesi.org\\\/wp-content\\\/uploads\\\/2024\\\/06\\\/dau-guzel-sanatlar-yil-sonu-konseri-3-scaled.jpg\",\"contentUrl\":\"https:\\\/\\\/kuzeyinsesi.org\\\/wp-content\\\/uploads\\\/2024\\\/06\\\/dau-guzel-sanatlar-yil-sonu-konseri-3-scaled.jpg\",\"width\":2560,\"height\":1920},{\"@type\":\"BreadcrumbList\",\"@id\":\"https:\\\/\\\/kuzeyinsesi.org\\\/index.php\\\/2024\\\/06\\\/17\\\/dau-guzel-sanatlar-egitimi-bolumu-ogrencilerinin-yil-sonu-etkinligi-yapildi\\\/#breadcrumb\",\"itemListElement\":[{\"@type\":\"ListItem\",\"position\":1,\"name\":\"Anasayfa\",\"item\":\"https:\\\/\\\/kuzeyinsesi.org\\\/\"},{\"@type\":\"ListItem\",\"position\":2,\"name\":\"DA\u00dc G\u00fczel Sanatlar E\u011fitimi B\u00f6l\u00fcm\u00fc \u00f6\u011frencilerinin y\u0131l sonu etkinli\u011fi yap\u0131ld\u0131\"}]},{\"@type\":\"WebSite\",\"@id\":\"https:\\\/\\\/kuzeyinsesi.org\\\/#website\",\"url\":\"https:\\\/\\\/kuzeyinsesi.org\\\/\",\"name\":\"Kuzeyin Sesi\",\"description\":\"Do\u011fru Haberin Adresi\",\"potentialAction\":[{\"@type\":\"SearchAction\",\"target\":{\"@type\":\"EntryPoint\",\"urlTemplate\":\"https:\\\/\\\/kuzeyinsesi.org\\\/?s={search_term_string}\"},\"query-input\":{\"@type\":\"PropertyValueSpecification\",\"valueRequired\":true,\"valueName\":\"search_term_string\"}}],\"inLanguage\":\"tr\"},{\"@type\":\"Person\",\"@id\":\"https:\\\/\\\/kuzeyinsesi.org\\\/#\\\/schema\\\/person\\\/9f859689cdf01485597712386e37f5aa\",\"name\":\"Kuzeyin Sesi\",\"image\":{\"@type\":\"ImageObject\",\"inLanguage\":\"tr\",\"@id\":\"https:\\\/\\\/secure.gravatar.com\\\/avatar\\\/bab33852abfd8b282518d6ed81826833d77c3c882d9ab608add591ccace47a44?s=96&d=mm&r=g\",\"url\":\"https:\\\/\\\/secure.gravatar.com\\\/avatar\\\/bab33852abfd8b282518d6ed81826833d77c3c882d9ab608add591ccace47a44?s=96&d=mm&r=g\",\"contentUrl\":\"https:\\\/\\\/secure.gravatar.com\\\/avatar\\\/bab33852abfd8b282518d6ed81826833d77c3c882d9ab608add591ccace47a44?s=96&d=mm&r=g\",\"caption\":\"Kuzeyin Sesi\"},\"sameAs\":[\"https:\\\/\\\/kuzeyinsesi.org\"],\"url\":\"https:\\\/\\\/kuzeyinsesi.org\\\/index.php\\\/author\\\/guven\\\/\"}]}<\/script>\n<!-- \/ Yoast SEO plugin. -->","yoast_head_json":{"title":"DA\u00dc G\u00fczel Sanatlar E\u011fitimi B\u00f6l\u00fcm\u00fc \u00f6\u011frencilerinin y\u0131l sonu etkinli\u011fi yap\u0131ld\u0131 - Kuzeyin Sesi","robots":{"index":"index","follow":"follow","max-snippet":"max-snippet:-1","max-image-preview":"max-image-preview:large","max-video-preview":"max-video-preview:-1"},"canonical":"https:\/\/kuzeyinsesi.org\/index.php\/2024\/06\/17\/dau-guzel-sanatlar-egitimi-bolumu-ogrencilerinin-yil-sonu-etkinligi-yapildi\/","og_locale":"tr_TR","og_type":"article","og_title":"DA\u00dc G\u00fczel Sanatlar E\u011fitimi B\u00f6l\u00fcm\u00fc \u00f6\u011frencilerinin y\u0131l sonu etkinli\u011fi yap\u0131ld\u0131 - Kuzeyin Sesi","og_description":"Do\u011fu Akdeniz \u00dcniversitesi (DA\u00dc) E\u011fitim Fak\u00fcltesi, G\u00fczel Sanatlar E\u011fitimi B\u00f6l\u00fcm\u00fc, M\u00fczik \u00d6\u011fretmenli\u011fi Program\u0131 2023-2024 Akademik Y\u0131l\u0131 Y\u0131l Sonu Etkinli\u011fi kapsam\u0131nda ge\u00e7ti\u011fimiz g\u00fcnlerde Rauf Raif Denkta\u015f K\u00fclt\u00fcr ve Kongre Saray\u0131\u2019nda y\u0131l sonu konseri verildi. DA\u00dc\u2019den yap\u0131lan a\u00e7\u0131klamaya g\u00f6re, \u00fcniversite yetkililerinin ve \u00f6\u011frencilerin kat\u0131ld\u0131\u011f\u0131 etkinlikte konu\u015fan DA\u00dc G\u00fczel Sanatlar E\u011fitimi B\u00f6l\u00fcm Ba\u015fkan\u0131 Prof. \u00c7etin Aydar, KKTC\u2019nin ilk [&hellip;]","og_url":"https:\/\/kuzeyinsesi.org\/index.php\/2024\/06\/17\/dau-guzel-sanatlar-egitimi-bolumu-ogrencilerinin-yil-sonu-etkinligi-yapildi\/","og_site_name":"Kuzeyin Sesi","article_publisher":"https:\/\/www.facebook.com\/kuzeyinsesii","article_published_time":"2024-06-17T09:46:07+00:00","og_image":[{"width":2560,"height":1920,"url":"https:\/\/kuzeyinsesi.org\/wp-content\/uploads\/2024\/06\/dau-guzel-sanatlar-yil-sonu-konseri-3-scaled.jpg","type":"image\/jpeg"}],"author":"Kuzeyin Sesi","twitter_card":"summary_large_image","twitter_creator":"@kuzeyinsesii","twitter_site":"@kuzeyinsesii","twitter_misc":{"Yazan:":"Kuzeyin Sesi","Tahmini okuma s\u00fcresi":"2 dakika"},"schema":{"@context":"https:\/\/schema.org","@graph":[{"@type":"Article","@id":"https:\/\/kuzeyinsesi.org\/index.php\/2024\/06\/17\/dau-guzel-sanatlar-egitimi-bolumu-ogrencilerinin-yil-sonu-etkinligi-yapildi\/#article","isPartOf":{"@id":"https:\/\/kuzeyinsesi.org\/index.php\/2024\/06\/17\/dau-guzel-sanatlar-egitimi-bolumu-ogrencilerinin-yil-sonu-etkinligi-yapildi\/"},"author":{"name":"Kuzeyin Sesi","@id":"https:\/\/kuzeyinsesi.org\/#\/schema\/person\/9f859689cdf01485597712386e37f5aa"},"headline":"DA\u00dc G\u00fczel Sanatlar E\u011fitimi B\u00f6l\u00fcm\u00fc \u00f6\u011frencilerinin y\u0131l sonu etkinli\u011fi yap\u0131ld\u0131","datePublished":"2024-06-17T09:46:07+00:00","mainEntityOfPage":{"@id":"https:\/\/kuzeyinsesi.org\/index.php\/2024\/06\/17\/dau-guzel-sanatlar-egitimi-bolumu-ogrencilerinin-yil-sonu-etkinligi-yapildi\/"},"wordCount":362,"commentCount":0,"image":{"@id":"https:\/\/kuzeyinsesi.org\/index.php\/2024\/06\/17\/dau-guzel-sanatlar-egitimi-bolumu-ogrencilerinin-yil-sonu-etkinligi-yapildi\/#primaryimage"},"thumbnailUrl":"https:\/\/kuzeyinsesi.org\/wp-content\/uploads\/2024\/06\/dau-guzel-sanatlar-yil-sonu-konseri-3-scaled.jpg","articleSection":["Ya\u015fam"],"inLanguage":"tr","potentialAction":[{"@type":"CommentAction","name":"Comment","target":["https:\/\/kuzeyinsesi.org\/index.php\/2024\/06\/17\/dau-guzel-sanatlar-egitimi-bolumu-ogrencilerinin-yil-sonu-etkinligi-yapildi\/#respond"]}]},{"@type":"WebPage","@id":"https:\/\/kuzeyinsesi.org\/index.php\/2024\/06\/17\/dau-guzel-sanatlar-egitimi-bolumu-ogrencilerinin-yil-sonu-etkinligi-yapildi\/","url":"https:\/\/kuzeyinsesi.org\/index.php\/2024\/06\/17\/dau-guzel-sanatlar-egitimi-bolumu-ogrencilerinin-yil-sonu-etkinligi-yapildi\/","name":"DA\u00dc G\u00fczel Sanatlar E\u011fitimi B\u00f6l\u00fcm\u00fc \u00f6\u011frencilerinin y\u0131l sonu etkinli\u011fi yap\u0131ld\u0131 - Kuzeyin Sesi","isPartOf":{"@id":"https:\/\/kuzeyinsesi.org\/#website"},"primaryImageOfPage":{"@id":"https:\/\/kuzeyinsesi.org\/index.php\/2024\/06\/17\/dau-guzel-sanatlar-egitimi-bolumu-ogrencilerinin-yil-sonu-etkinligi-yapildi\/#primaryimage"},"image":{"@id":"https:\/\/kuzeyinsesi.org\/index.php\/2024\/06\/17\/dau-guzel-sanatlar-egitimi-bolumu-ogrencilerinin-yil-sonu-etkinligi-yapildi\/#primaryimage"},"thumbnailUrl":"https:\/\/kuzeyinsesi.org\/wp-content\/uploads\/2024\/06\/dau-guzel-sanatlar-yil-sonu-konseri-3-scaled.jpg","datePublished":"2024-06-17T09:46:07+00:00","author":{"@id":"https:\/\/kuzeyinsesi.org\/#\/schema\/person\/9f859689cdf01485597712386e37f5aa"},"breadcrumb":{"@id":"https:\/\/kuzeyinsesi.org\/index.php\/2024\/06\/17\/dau-guzel-sanatlar-egitimi-bolumu-ogrencilerinin-yil-sonu-etkinligi-yapildi\/#breadcrumb"},"inLanguage":"tr","potentialAction":[{"@type":"ReadAction","target":["https:\/\/kuzeyinsesi.org\/index.php\/2024\/06\/17\/dau-guzel-sanatlar-egitimi-bolumu-ogrencilerinin-yil-sonu-etkinligi-yapildi\/"]}]},{"@type":"ImageObject","inLanguage":"tr","@id":"https:\/\/kuzeyinsesi.org\/index.php\/2024\/06\/17\/dau-guzel-sanatlar-egitimi-bolumu-ogrencilerinin-yil-sonu-etkinligi-yapildi\/#primaryimage","url":"https:\/\/kuzeyinsesi.org\/wp-content\/uploads\/2024\/06\/dau-guzel-sanatlar-yil-sonu-konseri-3-scaled.jpg","contentUrl":"https:\/\/kuzeyinsesi.org\/wp-content\/uploads\/2024\/06\/dau-guzel-sanatlar-yil-sonu-konseri-3-scaled.jpg","width":2560,"height":1920},{"@type":"BreadcrumbList","@id":"https:\/\/kuzeyinsesi.org\/index.php\/2024\/06\/17\/dau-guzel-sanatlar-egitimi-bolumu-ogrencilerinin-yil-sonu-etkinligi-yapildi\/#breadcrumb","itemListElement":[{"@type":"ListItem","position":1,"name":"Anasayfa","item":"https:\/\/kuzeyinsesi.org\/"},{"@type":"ListItem","position":2,"name":"DA\u00dc G\u00fczel Sanatlar E\u011fitimi B\u00f6l\u00fcm\u00fc \u00f6\u011frencilerinin y\u0131l sonu etkinli\u011fi yap\u0131ld\u0131"}]},{"@type":"WebSite","@id":"https:\/\/kuzeyinsesi.org\/#website","url":"https:\/\/kuzeyinsesi.org\/","name":"Kuzeyin Sesi","description":"Do\u011fru Haberin Adresi","potentialAction":[{"@type":"SearchAction","target":{"@type":"EntryPoint","urlTemplate":"https:\/\/kuzeyinsesi.org\/?s={search_term_string}"},"query-input":{"@type":"PropertyValueSpecification","valueRequired":true,"valueName":"search_term_string"}}],"inLanguage":"tr"},{"@type":"Person","@id":"https:\/\/kuzeyinsesi.org\/#\/schema\/person\/9f859689cdf01485597712386e37f5aa","name":"Kuzeyin Sesi","image":{"@type":"ImageObject","inLanguage":"tr","@id":"https:\/\/secure.gravatar.com\/avatar\/bab33852abfd8b282518d6ed81826833d77c3c882d9ab608add591ccace47a44?s=96&d=mm&r=g","url":"https:\/\/secure.gravatar.com\/avatar\/bab33852abfd8b282518d6ed81826833d77c3c882d9ab608add591ccace47a44?s=96&d=mm&r=g","contentUrl":"https:\/\/secure.gravatar.com\/avatar\/bab33852abfd8b282518d6ed81826833d77c3c882d9ab608add591ccace47a44?s=96&d=mm&r=g","caption":"Kuzeyin Sesi"},"sameAs":["https:\/\/kuzeyinsesi.org"],"url":"https:\/\/kuzeyinsesi.org\/index.php\/author\/guven\/"}]}},"_links":{"self":[{"href":"https:\/\/kuzeyinsesi.org\/index.php\/wp-json\/wp\/v2\/posts\/4952","targetHints":{"allow":["GET"]}}],"collection":[{"href":"https:\/\/kuzeyinsesi.org\/index.php\/wp-json\/wp\/v2\/posts"}],"about":[{"href":"https:\/\/kuzeyinsesi.org\/index.php\/wp-json\/wp\/v2\/types\/post"}],"author":[{"embeddable":true,"href":"https:\/\/kuzeyinsesi.org\/index.php\/wp-json\/wp\/v2\/users\/1"}],"replies":[{"embeddable":true,"href":"https:\/\/kuzeyinsesi.org\/index.php\/wp-json\/wp\/v2\/comments?post=4952"}],"version-history":[{"count":0,"href":"https:\/\/kuzeyinsesi.org\/index.php\/wp-json\/wp\/v2\/posts\/4952\/revisions"}],"wp:featuredmedia":[{"embeddable":true,"href":"https:\/\/kuzeyinsesi.org\/index.php\/wp-json\/wp\/v2\/media\/4953"}],"wp:attachment":[{"href":"https:\/\/kuzeyinsesi.org\/index.php\/wp-json\/wp\/v2\/media?parent=4952"}],"wp:term":[{"taxonomy":"category","embeddable":true,"href":"https:\/\/kuzeyinsesi.org\/index.php\/wp-json\/wp\/v2\/categories?post=4952"},{"taxonomy":"post_tag","embeddable":true,"href":"https:\/\/kuzeyinsesi.org\/index.php\/wp-json\/wp\/v2\/tags?post=4952"}],"curies":[{"name":"wp","href":"https:\/\/api.w.org\/{rel}","templated":true}]}}