{"id":4883,"date":"2024-06-15T14:52:04","date_gmt":"2024-06-15T11:52:04","guid":{"rendered":"https:\/\/kuzeyinsesi.com\/index.php\/2024\/06\/15\/egitimci-mufide-akalin-belgesel-cekimleri-basladi\/"},"modified":"2024-06-15T14:52:04","modified_gmt":"2024-06-15T11:52:04","slug":"egitimci-mufide-akalin-belgesel-cekimleri-basladi","status":"publish","type":"post","link":"https:\/\/kuzeyinsesi.org\/index.php\/2024\/06\/15\/egitimci-mufide-akalin-belgesel-cekimleri-basladi\/","title":{"rendered":"E\u011fitimci M\u00fcfide Akal\u0131n belgesel \u00e7ekimleri ba\u015flad\u0131"},"content":{"rendered":"<div>\n<div class=\"mariselle-image-container center\">\n                                            <\/div>\n<p>\nK\u0131br\u0131s Kad\u0131n \u00d6yk\u00fcleri Derne\u011fi (K\u00d6DER), e\u011fitimci M\u00fcfide Akal\u0131n\u2019\u0131n belgesel \u00e7ekimlerinin ba\u015flad\u0131\u011f\u0131n\u0131 duyurdu.<\/p>\n<p>Dernekten verilen bilgiye g\u00f6re, K\u0131br\u0131s T\u00fcrk \u00d6\u011fretmenler Sendikas\u0131 (KT\u00d6S) ve K\u0131br\u0131s T\u00fcrk \u00d6\u011fretmenler Kooperatifi LTD (KT\u00d6K) i\u015f birli\u011finde, KT\u00d6S\u2019\u00fcn kurulu\u015f a\u015famas\u0131nda g\u00f6rev alan birka\u00e7 kad\u0131ndan biri olan Ev \u0130daresi \u00d6\u011fretmeni M\u00fcfide Akal\u0131n belgeselinin \u00e7ekimleri yap\u0131l\u0131yor.<\/p>\n<p>K\u00d6DER Ba\u015fkan\u0131 \u015eenay Ekingen konuyla ilgili a\u00e7\u0131klamas\u0131nda derne\u011fin 23\u2019\u00fcnc\u00fc belgeselinin ekim ay\u0131nda yay\u0131nlanaca\u011f\u0131n\u0131 kaydetti.<\/p>\n<p>K\u00d6DER\u2019in her ge\u00e7en g\u00fcn daha da fazla destek almaya ba\u015flad\u0131\u011f\u0131n\u0131 belirten Ekingen, bunun hayata de\u011fer katan daha fazla kad\u0131nla ilgili belgesel-kitap gibi k\u00fclt\u00fcrel \u00fcr\u00fcnler \u00fcretilmesi anlam\u0131na geldi\u011fini s\u00f6yledi.<\/p>\n<\/p><\/div>\n<p><script async\n                    defer\n                    crossorigin=\"anonymous\"\n                    src=\"https:\/\/connect.facebook.net\/tr_TR\/sdk.js#xfbml=1&#038;version=v3.3\"\n            ><\/script><\/p>\n","protected":false},"excerpt":{"rendered":"<p>K\u0131br\u0131s Kad\u0131n \u00d6yk\u00fcleri Derne\u011fi (K\u00d6DER), e\u011fitimci M\u00fcfide Akal\u0131n\u2019\u0131n belgesel \u00e7ekimlerinin ba\u015flad\u0131\u011f\u0131n\u0131 duyurdu. Dernekten verilen bilgiye g\u00f6re, K\u0131br\u0131s T\u00fcrk \u00d6\u011fretmenler Sendikas\u0131 (KT\u00d6S) ve K\u0131br\u0131s T\u00fcrk \u00d6\u011fretmenler Kooperatifi LTD (KT\u00d6K) i\u015f birli\u011finde, KT\u00d6S\u2019\u00fcn kurulu\u015f a\u015famas\u0131nda g\u00f6rev alan birka\u00e7 kad\u0131ndan biri olan Ev \u0130daresi \u00d6\u011fretmeni M\u00fcfide Akal\u0131n belgeselinin \u00e7ekimleri yap\u0131l\u0131yor. K\u00d6DER Ba\u015fkan\u0131 \u015eenay Ekingen konuyla ilgili a\u00e7\u0131klamas\u0131nda derne\u011fin [&hellip;]<\/p>\n","protected":false},"author":1,"featured_media":4884,"comment_status":"open","ping_status":"open","sticky":false,"template":"","format":"standard","meta":{"jnews-multi-image_gallery":[],"jnews_single_post":[],"jnews_primary_category":[],"jnews_social_meta":[],"jnews_override_counter":[],"footnotes":""},"categories":[6],"tags":[],"class_list":["post-4883","post","type-post","status-publish","format-standard","has-post-thumbnail","hentry","category-yasam"],"yoast_head":"<!-- This site is optimized with the Yoast SEO plugin v27.5 - https:\/\/yoast.com\/product\/yoast-seo-wordpress\/ -->\n<title>E\u011fitimci M\u00fcfide Akal\u0131n belgesel \u00e7ekimleri ba\u015flad\u0131 - Kuzeyin Sesi<\/title>\n<meta name=\"robots\" content=\"index, follow, max-snippet:-1, max-image-preview:large, max-video-preview:-1\" \/>\n<link rel=\"canonical\" href=\"https:\/\/kuzeyinsesi.org\/index.php\/2024\/06\/15\/egitimci-mufide-akalin-belgesel-cekimleri-basladi\/\" \/>\n<meta property=\"og:locale\" content=\"tr_TR\" \/>\n<meta property=\"og:type\" content=\"article\" \/>\n<meta property=\"og:title\" content=\"E\u011fitimci M\u00fcfide Akal\u0131n belgesel \u00e7ekimleri ba\u015flad\u0131 - Kuzeyin Sesi\" \/>\n<meta property=\"og:description\" content=\"K\u0131br\u0131s Kad\u0131n \u00d6yk\u00fcleri Derne\u011fi (K\u00d6DER), e\u011fitimci M\u00fcfide Akal\u0131n\u2019\u0131n belgesel \u00e7ekimlerinin ba\u015flad\u0131\u011f\u0131n\u0131 duyurdu. Dernekten verilen bilgiye g\u00f6re, K\u0131br\u0131s T\u00fcrk \u00d6\u011fretmenler Sendikas\u0131 (KT\u00d6S) ve K\u0131br\u0131s T\u00fcrk \u00d6\u011fretmenler Kooperatifi LTD (KT\u00d6K) i\u015f birli\u011finde, KT\u00d6S\u2019\u00fcn kurulu\u015f a\u015famas\u0131nda g\u00f6rev alan birka\u00e7 kad\u0131ndan biri olan Ev \u0130daresi \u00d6\u011fretmeni M\u00fcfide Akal\u0131n belgeselinin \u00e7ekimleri yap\u0131l\u0131yor. K\u00d6DER Ba\u015fkan\u0131 \u015eenay Ekingen konuyla ilgili a\u00e7\u0131klamas\u0131nda derne\u011fin [&hellip;]\" \/>\n<meta property=\"og:url\" content=\"https:\/\/kuzeyinsesi.org\/index.php\/2024\/06\/15\/egitimci-mufide-akalin-belgesel-cekimleri-basladi\/\" \/>\n<meta property=\"og:site_name\" content=\"Kuzeyin Sesi\" \/>\n<meta property=\"article:publisher\" content=\"https:\/\/www.facebook.com\/kuzeyinsesii\" \/>\n<meta property=\"article:published_time\" content=\"2024-06-15T11:52:04+00:00\" \/>\n<meta property=\"og:image\" content=\"https:\/\/kuzeyinsesi.org\/wp-content\/uploads\/2024\/06\/koder-4-1.jpeg\" \/>\n\t<meta property=\"og:image:width\" content=\"2048\" \/>\n\t<meta property=\"og:image:height\" content=\"1536\" \/>\n\t<meta property=\"og:image:type\" content=\"image\/jpeg\" \/>\n<meta name=\"author\" content=\"Kuzeyin Sesi\" \/>\n<meta name=\"twitter:card\" content=\"summary_large_image\" \/>\n<meta name=\"twitter:creator\" content=\"@kuzeyinsesii\" \/>\n<meta name=\"twitter:site\" content=\"@kuzeyinsesii\" \/>\n<meta name=\"twitter:label1\" content=\"Yazan:\" \/>\n\t<meta name=\"twitter:data1\" content=\"Kuzeyin Sesi\" \/>\n\t<meta name=\"twitter:label2\" content=\"Tahmini okuma s\u00fcresi\" \/>\n\t<meta name=\"twitter:data2\" content=\"1 dakika\" \/>\n<script type=\"application\/ld+json\" class=\"yoast-schema-graph\">{\"@context\":\"https:\\\/\\\/schema.org\",\"@graph\":[{\"@type\":\"Article\",\"@id\":\"https:\\\/\\\/kuzeyinsesi.org\\\/index.php\\\/2024\\\/06\\\/15\\\/egitimci-mufide-akalin-belgesel-cekimleri-basladi\\\/#article\",\"isPartOf\":{\"@id\":\"https:\\\/\\\/kuzeyinsesi.org\\\/index.php\\\/2024\\\/06\\\/15\\\/egitimci-mufide-akalin-belgesel-cekimleri-basladi\\\/\"},\"author\":{\"name\":\"Kuzeyin Sesi\",\"@id\":\"https:\\\/\\\/kuzeyinsesi.org\\\/#\\\/schema\\\/person\\\/9f859689cdf01485597712386e37f5aa\"},\"headline\":\"E\u011fitimci M\u00fcfide Akal\u0131n belgesel \u00e7ekimleri ba\u015flad\u0131\",\"datePublished\":\"2024-06-15T11:52:04+00:00\",\"mainEntityOfPage\":{\"@id\":\"https:\\\/\\\/kuzeyinsesi.org\\\/index.php\\\/2024\\\/06\\\/15\\\/egitimci-mufide-akalin-belgesel-cekimleri-basladi\\\/\"},\"wordCount\":153,\"commentCount\":0,\"image\":{\"@id\":\"https:\\\/\\\/kuzeyinsesi.org\\\/index.php\\\/2024\\\/06\\\/15\\\/egitimci-mufide-akalin-belgesel-cekimleri-basladi\\\/#primaryimage\"},\"thumbnailUrl\":\"https:\\\/\\\/kuzeyinsesi.org\\\/wp-content\\\/uploads\\\/2024\\\/06\\\/koder-4-1.jpeg\",\"articleSection\":[\"Ya\u015fam\"],\"inLanguage\":\"tr\",\"potentialAction\":[{\"@type\":\"CommentAction\",\"name\":\"Comment\",\"target\":[\"https:\\\/\\\/kuzeyinsesi.org\\\/index.php\\\/2024\\\/06\\\/15\\\/egitimci-mufide-akalin-belgesel-cekimleri-basladi\\\/#respond\"]}]},{\"@type\":\"WebPage\",\"@id\":\"https:\\\/\\\/kuzeyinsesi.org\\\/index.php\\\/2024\\\/06\\\/15\\\/egitimci-mufide-akalin-belgesel-cekimleri-basladi\\\/\",\"url\":\"https:\\\/\\\/kuzeyinsesi.org\\\/index.php\\\/2024\\\/06\\\/15\\\/egitimci-mufide-akalin-belgesel-cekimleri-basladi\\\/\",\"name\":\"E\u011fitimci M\u00fcfide Akal\u0131n belgesel \u00e7ekimleri ba\u015flad\u0131 - Kuzeyin Sesi\",\"isPartOf\":{\"@id\":\"https:\\\/\\\/kuzeyinsesi.org\\\/#website\"},\"primaryImageOfPage\":{\"@id\":\"https:\\\/\\\/kuzeyinsesi.org\\\/index.php\\\/2024\\\/06\\\/15\\\/egitimci-mufide-akalin-belgesel-cekimleri-basladi\\\/#primaryimage\"},\"image\":{\"@id\":\"https:\\\/\\\/kuzeyinsesi.org\\\/index.php\\\/2024\\\/06\\\/15\\\/egitimci-mufide-akalin-belgesel-cekimleri-basladi\\\/#primaryimage\"},\"thumbnailUrl\":\"https:\\\/\\\/kuzeyinsesi.org\\\/wp-content\\\/uploads\\\/2024\\\/06\\\/koder-4-1.jpeg\",\"datePublished\":\"2024-06-15T11:52:04+00:00\",\"author\":{\"@id\":\"https:\\\/\\\/kuzeyinsesi.org\\\/#\\\/schema\\\/person\\\/9f859689cdf01485597712386e37f5aa\"},\"breadcrumb\":{\"@id\":\"https:\\\/\\\/kuzeyinsesi.org\\\/index.php\\\/2024\\\/06\\\/15\\\/egitimci-mufide-akalin-belgesel-cekimleri-basladi\\\/#breadcrumb\"},\"inLanguage\":\"tr\",\"potentialAction\":[{\"@type\":\"ReadAction\",\"target\":[\"https:\\\/\\\/kuzeyinsesi.org\\\/index.php\\\/2024\\\/06\\\/15\\\/egitimci-mufide-akalin-belgesel-cekimleri-basladi\\\/\"]}]},{\"@type\":\"ImageObject\",\"inLanguage\":\"tr\",\"@id\":\"https:\\\/\\\/kuzeyinsesi.org\\\/index.php\\\/2024\\\/06\\\/15\\\/egitimci-mufide-akalin-belgesel-cekimleri-basladi\\\/#primaryimage\",\"url\":\"https:\\\/\\\/kuzeyinsesi.org\\\/wp-content\\\/uploads\\\/2024\\\/06\\\/koder-4-1.jpeg\",\"contentUrl\":\"https:\\\/\\\/kuzeyinsesi.org\\\/wp-content\\\/uploads\\\/2024\\\/06\\\/koder-4-1.jpeg\",\"width\":2048,\"height\":1536},{\"@type\":\"BreadcrumbList\",\"@id\":\"https:\\\/\\\/kuzeyinsesi.org\\\/index.php\\\/2024\\\/06\\\/15\\\/egitimci-mufide-akalin-belgesel-cekimleri-basladi\\\/#breadcrumb\",\"itemListElement\":[{\"@type\":\"ListItem\",\"position\":1,\"name\":\"Anasayfa\",\"item\":\"https:\\\/\\\/kuzeyinsesi.org\\\/\"},{\"@type\":\"ListItem\",\"position\":2,\"name\":\"E\u011fitimci M\u00fcfide Akal\u0131n belgesel \u00e7ekimleri ba\u015flad\u0131\"}]},{\"@type\":\"WebSite\",\"@id\":\"https:\\\/\\\/kuzeyinsesi.org\\\/#website\",\"url\":\"https:\\\/\\\/kuzeyinsesi.org\\\/\",\"name\":\"Kuzeyin Sesi\",\"description\":\"Do\u011fru Haberin Adresi\",\"potentialAction\":[{\"@type\":\"SearchAction\",\"target\":{\"@type\":\"EntryPoint\",\"urlTemplate\":\"https:\\\/\\\/kuzeyinsesi.org\\\/?s={search_term_string}\"},\"query-input\":{\"@type\":\"PropertyValueSpecification\",\"valueRequired\":true,\"valueName\":\"search_term_string\"}}],\"inLanguage\":\"tr\"},{\"@type\":\"Person\",\"@id\":\"https:\\\/\\\/kuzeyinsesi.org\\\/#\\\/schema\\\/person\\\/9f859689cdf01485597712386e37f5aa\",\"name\":\"Kuzeyin Sesi\",\"image\":{\"@type\":\"ImageObject\",\"inLanguage\":\"tr\",\"@id\":\"https:\\\/\\\/secure.gravatar.com\\\/avatar\\\/bab33852abfd8b282518d6ed81826833d77c3c882d9ab608add591ccace47a44?s=96&d=mm&r=g\",\"url\":\"https:\\\/\\\/secure.gravatar.com\\\/avatar\\\/bab33852abfd8b282518d6ed81826833d77c3c882d9ab608add591ccace47a44?s=96&d=mm&r=g\",\"contentUrl\":\"https:\\\/\\\/secure.gravatar.com\\\/avatar\\\/bab33852abfd8b282518d6ed81826833d77c3c882d9ab608add591ccace47a44?s=96&d=mm&r=g\",\"caption\":\"Kuzeyin Sesi\"},\"sameAs\":[\"https:\\\/\\\/kuzeyinsesi.org\"],\"url\":\"https:\\\/\\\/kuzeyinsesi.org\\\/index.php\\\/author\\\/guven\\\/\"}]}<\/script>\n<!-- \/ Yoast SEO plugin. -->","yoast_head_json":{"title":"E\u011fitimci M\u00fcfide Akal\u0131n belgesel \u00e7ekimleri ba\u015flad\u0131 - Kuzeyin Sesi","robots":{"index":"index","follow":"follow","max-snippet":"max-snippet:-1","max-image-preview":"max-image-preview:large","max-video-preview":"max-video-preview:-1"},"canonical":"https:\/\/kuzeyinsesi.org\/index.php\/2024\/06\/15\/egitimci-mufide-akalin-belgesel-cekimleri-basladi\/","og_locale":"tr_TR","og_type":"article","og_title":"E\u011fitimci M\u00fcfide Akal\u0131n belgesel \u00e7ekimleri ba\u015flad\u0131 - Kuzeyin Sesi","og_description":"K\u0131br\u0131s Kad\u0131n \u00d6yk\u00fcleri Derne\u011fi (K\u00d6DER), e\u011fitimci M\u00fcfide Akal\u0131n\u2019\u0131n belgesel \u00e7ekimlerinin ba\u015flad\u0131\u011f\u0131n\u0131 duyurdu. Dernekten verilen bilgiye g\u00f6re, K\u0131br\u0131s T\u00fcrk \u00d6\u011fretmenler Sendikas\u0131 (KT\u00d6S) ve K\u0131br\u0131s T\u00fcrk \u00d6\u011fretmenler Kooperatifi LTD (KT\u00d6K) i\u015f birli\u011finde, KT\u00d6S\u2019\u00fcn kurulu\u015f a\u015famas\u0131nda g\u00f6rev alan birka\u00e7 kad\u0131ndan biri olan Ev \u0130daresi \u00d6\u011fretmeni M\u00fcfide Akal\u0131n belgeselinin \u00e7ekimleri yap\u0131l\u0131yor. K\u00d6DER Ba\u015fkan\u0131 \u015eenay Ekingen konuyla ilgili a\u00e7\u0131klamas\u0131nda derne\u011fin [&hellip;]","og_url":"https:\/\/kuzeyinsesi.org\/index.php\/2024\/06\/15\/egitimci-mufide-akalin-belgesel-cekimleri-basladi\/","og_site_name":"Kuzeyin Sesi","article_publisher":"https:\/\/www.facebook.com\/kuzeyinsesii","article_published_time":"2024-06-15T11:52:04+00:00","og_image":[{"width":2048,"height":1536,"url":"https:\/\/kuzeyinsesi.org\/wp-content\/uploads\/2024\/06\/koder-4-1.jpeg","type":"image\/jpeg"}],"author":"Kuzeyin Sesi","twitter_card":"summary_large_image","twitter_creator":"@kuzeyinsesii","twitter_site":"@kuzeyinsesii","twitter_misc":{"Yazan:":"Kuzeyin Sesi","Tahmini okuma s\u00fcresi":"1 dakika"},"schema":{"@context":"https:\/\/schema.org","@graph":[{"@type":"Article","@id":"https:\/\/kuzeyinsesi.org\/index.php\/2024\/06\/15\/egitimci-mufide-akalin-belgesel-cekimleri-basladi\/#article","isPartOf":{"@id":"https:\/\/kuzeyinsesi.org\/index.php\/2024\/06\/15\/egitimci-mufide-akalin-belgesel-cekimleri-basladi\/"},"author":{"name":"Kuzeyin Sesi","@id":"https:\/\/kuzeyinsesi.org\/#\/schema\/person\/9f859689cdf01485597712386e37f5aa"},"headline":"E\u011fitimci M\u00fcfide Akal\u0131n belgesel \u00e7ekimleri ba\u015flad\u0131","datePublished":"2024-06-15T11:52:04+00:00","mainEntityOfPage":{"@id":"https:\/\/kuzeyinsesi.org\/index.php\/2024\/06\/15\/egitimci-mufide-akalin-belgesel-cekimleri-basladi\/"},"wordCount":153,"commentCount":0,"image":{"@id":"https:\/\/kuzeyinsesi.org\/index.php\/2024\/06\/15\/egitimci-mufide-akalin-belgesel-cekimleri-basladi\/#primaryimage"},"thumbnailUrl":"https:\/\/kuzeyinsesi.org\/wp-content\/uploads\/2024\/06\/koder-4-1.jpeg","articleSection":["Ya\u015fam"],"inLanguage":"tr","potentialAction":[{"@type":"CommentAction","name":"Comment","target":["https:\/\/kuzeyinsesi.org\/index.php\/2024\/06\/15\/egitimci-mufide-akalin-belgesel-cekimleri-basladi\/#respond"]}]},{"@type":"WebPage","@id":"https:\/\/kuzeyinsesi.org\/index.php\/2024\/06\/15\/egitimci-mufide-akalin-belgesel-cekimleri-basladi\/","url":"https:\/\/kuzeyinsesi.org\/index.php\/2024\/06\/15\/egitimci-mufide-akalin-belgesel-cekimleri-basladi\/","name":"E\u011fitimci M\u00fcfide Akal\u0131n belgesel \u00e7ekimleri ba\u015flad\u0131 - Kuzeyin Sesi","isPartOf":{"@id":"https:\/\/kuzeyinsesi.org\/#website"},"primaryImageOfPage":{"@id":"https:\/\/kuzeyinsesi.org\/index.php\/2024\/06\/15\/egitimci-mufide-akalin-belgesel-cekimleri-basladi\/#primaryimage"},"image":{"@id":"https:\/\/kuzeyinsesi.org\/index.php\/2024\/06\/15\/egitimci-mufide-akalin-belgesel-cekimleri-basladi\/#primaryimage"},"thumbnailUrl":"https:\/\/kuzeyinsesi.org\/wp-content\/uploads\/2024\/06\/koder-4-1.jpeg","datePublished":"2024-06-15T11:52:04+00:00","author":{"@id":"https:\/\/kuzeyinsesi.org\/#\/schema\/person\/9f859689cdf01485597712386e37f5aa"},"breadcrumb":{"@id":"https:\/\/kuzeyinsesi.org\/index.php\/2024\/06\/15\/egitimci-mufide-akalin-belgesel-cekimleri-basladi\/#breadcrumb"},"inLanguage":"tr","potentialAction":[{"@type":"ReadAction","target":["https:\/\/kuzeyinsesi.org\/index.php\/2024\/06\/15\/egitimci-mufide-akalin-belgesel-cekimleri-basladi\/"]}]},{"@type":"ImageObject","inLanguage":"tr","@id":"https:\/\/kuzeyinsesi.org\/index.php\/2024\/06\/15\/egitimci-mufide-akalin-belgesel-cekimleri-basladi\/#primaryimage","url":"https:\/\/kuzeyinsesi.org\/wp-content\/uploads\/2024\/06\/koder-4-1.jpeg","contentUrl":"https:\/\/kuzeyinsesi.org\/wp-content\/uploads\/2024\/06\/koder-4-1.jpeg","width":2048,"height":1536},{"@type":"BreadcrumbList","@id":"https:\/\/kuzeyinsesi.org\/index.php\/2024\/06\/15\/egitimci-mufide-akalin-belgesel-cekimleri-basladi\/#breadcrumb","itemListElement":[{"@type":"ListItem","position":1,"name":"Anasayfa","item":"https:\/\/kuzeyinsesi.org\/"},{"@type":"ListItem","position":2,"name":"E\u011fitimci M\u00fcfide Akal\u0131n belgesel \u00e7ekimleri ba\u015flad\u0131"}]},{"@type":"WebSite","@id":"https:\/\/kuzeyinsesi.org\/#website","url":"https:\/\/kuzeyinsesi.org\/","name":"Kuzeyin Sesi","description":"Do\u011fru Haberin Adresi","potentialAction":[{"@type":"SearchAction","target":{"@type":"EntryPoint","urlTemplate":"https:\/\/kuzeyinsesi.org\/?s={search_term_string}"},"query-input":{"@type":"PropertyValueSpecification","valueRequired":true,"valueName":"search_term_string"}}],"inLanguage":"tr"},{"@type":"Person","@id":"https:\/\/kuzeyinsesi.org\/#\/schema\/person\/9f859689cdf01485597712386e37f5aa","name":"Kuzeyin Sesi","image":{"@type":"ImageObject","inLanguage":"tr","@id":"https:\/\/secure.gravatar.com\/avatar\/bab33852abfd8b282518d6ed81826833d77c3c882d9ab608add591ccace47a44?s=96&d=mm&r=g","url":"https:\/\/secure.gravatar.com\/avatar\/bab33852abfd8b282518d6ed81826833d77c3c882d9ab608add591ccace47a44?s=96&d=mm&r=g","contentUrl":"https:\/\/secure.gravatar.com\/avatar\/bab33852abfd8b282518d6ed81826833d77c3c882d9ab608add591ccace47a44?s=96&d=mm&r=g","caption":"Kuzeyin Sesi"},"sameAs":["https:\/\/kuzeyinsesi.org"],"url":"https:\/\/kuzeyinsesi.org\/index.php\/author\/guven\/"}]}},"_links":{"self":[{"href":"https:\/\/kuzeyinsesi.org\/index.php\/wp-json\/wp\/v2\/posts\/4883","targetHints":{"allow":["GET"]}}],"collection":[{"href":"https:\/\/kuzeyinsesi.org\/index.php\/wp-json\/wp\/v2\/posts"}],"about":[{"href":"https:\/\/kuzeyinsesi.org\/index.php\/wp-json\/wp\/v2\/types\/post"}],"author":[{"embeddable":true,"href":"https:\/\/kuzeyinsesi.org\/index.php\/wp-json\/wp\/v2\/users\/1"}],"replies":[{"embeddable":true,"href":"https:\/\/kuzeyinsesi.org\/index.php\/wp-json\/wp\/v2\/comments?post=4883"}],"version-history":[{"count":0,"href":"https:\/\/kuzeyinsesi.org\/index.php\/wp-json\/wp\/v2\/posts\/4883\/revisions"}],"wp:featuredmedia":[{"embeddable":true,"href":"https:\/\/kuzeyinsesi.org\/index.php\/wp-json\/wp\/v2\/media\/4884"}],"wp:attachment":[{"href":"https:\/\/kuzeyinsesi.org\/index.php\/wp-json\/wp\/v2\/media?parent=4883"}],"wp:term":[{"taxonomy":"category","embeddable":true,"href":"https:\/\/kuzeyinsesi.org\/index.php\/wp-json\/wp\/v2\/categories?post=4883"},{"taxonomy":"post_tag","embeddable":true,"href":"https:\/\/kuzeyinsesi.org\/index.php\/wp-json\/wp\/v2\/tags?post=4883"}],"curies":[{"name":"wp","href":"https:\/\/api.w.org\/{rel}","templated":true}]}}