{"id":4873,"date":"2024-06-15T13:50:14","date_gmt":"2024-06-15T10:50:14","guid":{"rendered":"https:\/\/kuzeyinsesi.com\/index.php\/2024\/06\/15\/cumhurbaskani-ersin-tatar-dasein-isimli-sanat-sergisinin-acilisina-katildi\/"},"modified":"2024-06-15T13:50:14","modified_gmt":"2024-06-15T10:50:14","slug":"cumhurbaskani-ersin-tatar-dasein-isimli-sanat-sergisinin-acilisina-katildi","status":"publish","type":"post","link":"https:\/\/kuzeyinsesi.org\/index.php\/2024\/06\/15\/cumhurbaskani-ersin-tatar-dasein-isimli-sanat-sergisinin-acilisina-katildi\/","title":{"rendered":"Cumhurba\u015fkan\u0131 Ersin Tatar, \u201cDASEIN\u201d isimli sanat sergisinin a\u00e7\u0131l\u0131\u015f\u0131na kat\u0131ld\u0131"},"content":{"rendered":"<div>\n<div class=\"mariselle-image-container center\">\n                                            <\/div>\n<p>Cumhurba\u015fkan\u0131 Ersin Tatar, G\u00f6nyeli\u2019de HT Art Studio\u2019da d\u00fczenlenen \u201cDASEIN\u201d isimli sanat sergisinin a\u00e7\u0131l\u0131\u015f\u0131na kat\u0131ld\u0131. <\/p>\n<p>Cumhurba\u015fkanl\u0131\u011f\u0131\u2019ndan yap\u0131lan a\u00e7\u0131klamaya g\u00f6re, Sergide yer alan eserleri inceleyen Cumhurba\u015fkan\u0131 Tatar, sergiye kat\u0131lan sanat\u00e7\u0131 ve vatanda\u015flarla sohbet etti.<\/p>\n<p>Cumhurba\u015fkan\u0131 Ersin Tatar sergi a\u00e7\u0131l\u0131\u015f\u0131nda yapt\u0131\u011f\u0131 konu\u015fmada \u0130stanbul\u2019da K\u0131br\u0131s T\u00fcrk K\u00fclt\u00fcr Derne\u011fi\u2019nde 35 y\u0131l \u00f6nce K\u0131br\u0131s T\u00fcrk K\u00fclt\u00fcr\u00fc\u2019n\u00fc tan\u0131tmak ve yaymak i\u00e7in birlikte \u00e7al\u0131\u015ft\u0131klar\u0131 Hare Tahir\u2019in y\u0131llar sonra G\u00f6nyeli\u2019de a\u00e7t\u0131\u011f\u0131 sergi salonunda uluslararas\u0131 bir sergi d\u00fczenlenmesinin \u00f6nemine dikkat \u00e7ekti.<\/p>\n<p>Cumhurba\u015fkan\u0131 Tatar, sergide 6 farkl\u0131 \u00fclkeden, 14 sanat\u00e7\u0131 ve 39 eserin yer ald\u0131\u011f\u0131n\u0131 belirterek, sergiye kat\u0131lan ve eme\u011fi ge\u00e7enleri tebrik etti.<\/p>\n<p>Cumhurba\u015fkan\u0131 Tatar, Hare Tahir Art St\u00fcdyonun bir\u00e7ok sergiye ev sahipli\u011fi yapmas\u0131 ve sanata katk\u0131s\u0131n\u0131n devam\u0131n\u0131 diledi.<\/p>\n<p>G\u00f6nyeli-Alayk\u00f6y Belediye Ba\u015fkan\u0131 H\u00fcseyin Amcao\u011flu\u2019nun k\u00fclt\u00fcr ve sanat etkinliklerine b\u00fcy\u00fck ilgi g\u00f6sterdi\u011fini dile getiren Cumhurba\u015fkan\u0131 Tatar, yapt\u0131\u011f\u0131 katk\u0131lardan dolay\u0131 kendisini tebrik etti.<\/p>\n<\/p><\/div>\n<p><script async\n                    defer\n                    crossorigin=\"anonymous\"\n                    src=\"https:\/\/connect.facebook.net\/tr_TR\/sdk.js#xfbml=1&#038;version=v3.3\"\n            ><\/script><\/p>\n","protected":false},"excerpt":{"rendered":"<p>Cumhurba\u015fkan\u0131 Ersin Tatar, G\u00f6nyeli\u2019de HT Art Studio\u2019da d\u00fczenlenen \u201cDASEIN\u201d isimli sanat sergisinin a\u00e7\u0131l\u0131\u015f\u0131na kat\u0131ld\u0131. Cumhurba\u015fkanl\u0131\u011f\u0131\u2019ndan yap\u0131lan a\u00e7\u0131klamaya g\u00f6re, Sergide yer alan eserleri inceleyen Cumhurba\u015fkan\u0131 Tatar, sergiye kat\u0131lan sanat\u00e7\u0131 ve vatanda\u015flarla sohbet etti. Cumhurba\u015fkan\u0131 Ersin Tatar sergi a\u00e7\u0131l\u0131\u015f\u0131nda yapt\u0131\u011f\u0131 konu\u015fmada \u0130stanbul\u2019da K\u0131br\u0131s T\u00fcrk K\u00fclt\u00fcr Derne\u011fi\u2019nde 35 y\u0131l \u00f6nce K\u0131br\u0131s T\u00fcrk K\u00fclt\u00fcr\u00fc\u2019n\u00fc tan\u0131tmak ve yaymak i\u00e7in birlikte [&hellip;]<\/p>\n","protected":false},"author":1,"featured_media":4874,"comment_status":"open","ping_status":"open","sticky":false,"template":"","format":"standard","meta":{"jnews-multi-image_gallery":[],"jnews_single_post":[],"jnews_primary_category":[],"jnews_social_meta":[],"jnews_override_counter":[],"footnotes":""},"categories":[6],"tags":[],"class_list":["post-4873","post","type-post","status-publish","format-standard","has-post-thumbnail","hentry","category-yasam"],"yoast_head":"<!-- This site is optimized with the Yoast SEO plugin v27.5 - https:\/\/yoast.com\/product\/yoast-seo-wordpress\/ -->\n<title>Cumhurba\u015fkan\u0131 Ersin Tatar, \u201cDASEIN\u201d isimli sanat sergisinin a\u00e7\u0131l\u0131\u015f\u0131na kat\u0131ld\u0131 - Kuzeyin Sesi<\/title>\n<meta name=\"robots\" content=\"index, follow, max-snippet:-1, max-image-preview:large, max-video-preview:-1\" \/>\n<link rel=\"canonical\" href=\"https:\/\/kuzeyinsesi.org\/index.php\/2024\/06\/15\/cumhurbaskani-ersin-tatar-dasein-isimli-sanat-sergisinin-acilisina-katildi\/\" \/>\n<meta property=\"og:locale\" content=\"tr_TR\" \/>\n<meta property=\"og:type\" content=\"article\" \/>\n<meta property=\"og:title\" content=\"Cumhurba\u015fkan\u0131 Ersin Tatar, \u201cDASEIN\u201d isimli sanat sergisinin a\u00e7\u0131l\u0131\u015f\u0131na kat\u0131ld\u0131 - Kuzeyin Sesi\" \/>\n<meta property=\"og:description\" content=\"Cumhurba\u015fkan\u0131 Ersin Tatar, G\u00f6nyeli\u2019de HT Art Studio\u2019da d\u00fczenlenen \u201cDASEIN\u201d isimli sanat sergisinin a\u00e7\u0131l\u0131\u015f\u0131na kat\u0131ld\u0131. Cumhurba\u015fkanl\u0131\u011f\u0131\u2019ndan yap\u0131lan a\u00e7\u0131klamaya g\u00f6re, Sergide yer alan eserleri inceleyen Cumhurba\u015fkan\u0131 Tatar, sergiye kat\u0131lan sanat\u00e7\u0131 ve vatanda\u015flarla sohbet etti. Cumhurba\u015fkan\u0131 Ersin Tatar sergi a\u00e7\u0131l\u0131\u015f\u0131nda yapt\u0131\u011f\u0131 konu\u015fmada \u0130stanbul\u2019da K\u0131br\u0131s T\u00fcrk K\u00fclt\u00fcr Derne\u011fi\u2019nde 35 y\u0131l \u00f6nce K\u0131br\u0131s T\u00fcrk K\u00fclt\u00fcr\u00fc\u2019n\u00fc tan\u0131tmak ve yaymak i\u00e7in birlikte [&hellip;]\" \/>\n<meta property=\"og:url\" content=\"https:\/\/kuzeyinsesi.org\/index.php\/2024\/06\/15\/cumhurbaskani-ersin-tatar-dasein-isimli-sanat-sergisinin-acilisina-katildi\/\" \/>\n<meta property=\"og:site_name\" content=\"Kuzeyin Sesi\" \/>\n<meta property=\"article:publisher\" content=\"https:\/\/www.facebook.com\/kuzeyinsesii\" \/>\n<meta property=\"article:published_time\" content=\"2024-06-15T10:50:14+00:00\" \/>\n<meta property=\"og:image\" content=\"https:\/\/kuzeyinsesi.org\/wp-content\/uploads\/2024\/06\/cumhurbaskani-tatar-5-.jpg\" \/>\n\t<meta property=\"og:image:width\" content=\"1600\" \/>\n\t<meta property=\"og:image:height\" content=\"1066\" \/>\n\t<meta property=\"og:image:type\" content=\"image\/jpeg\" \/>\n<meta name=\"author\" content=\"Kuzeyin Sesi\" \/>\n<meta name=\"twitter:card\" content=\"summary_large_image\" \/>\n<meta name=\"twitter:creator\" content=\"@kuzeyinsesii\" \/>\n<meta name=\"twitter:site\" content=\"@kuzeyinsesii\" \/>\n<meta name=\"twitter:label1\" content=\"Yazan:\" \/>\n\t<meta name=\"twitter:data1\" content=\"Kuzeyin Sesi\" \/>\n\t<meta name=\"twitter:label2\" content=\"Tahmini okuma s\u00fcresi\" \/>\n\t<meta name=\"twitter:data2\" content=\"1 dakika\" \/>\n<script type=\"application\/ld+json\" class=\"yoast-schema-graph\">{\"@context\":\"https:\\\/\\\/schema.org\",\"@graph\":[{\"@type\":\"Article\",\"@id\":\"https:\\\/\\\/kuzeyinsesi.org\\\/index.php\\\/2024\\\/06\\\/15\\\/cumhurbaskani-ersin-tatar-dasein-isimli-sanat-sergisinin-acilisina-katildi\\\/#article\",\"isPartOf\":{\"@id\":\"https:\\\/\\\/kuzeyinsesi.org\\\/index.php\\\/2024\\\/06\\\/15\\\/cumhurbaskani-ersin-tatar-dasein-isimli-sanat-sergisinin-acilisina-katildi\\\/\"},\"author\":{\"name\":\"Kuzeyin Sesi\",\"@id\":\"https:\\\/\\\/kuzeyinsesi.org\\\/#\\\/schema\\\/person\\\/9f859689cdf01485597712386e37f5aa\"},\"headline\":\"Cumhurba\u015fkan\u0131 Ersin Tatar, \u201cDASEIN\u201d isimli sanat sergisinin a\u00e7\u0131l\u0131\u015f\u0131na kat\u0131ld\u0131\",\"datePublished\":\"2024-06-15T10:50:14+00:00\",\"mainEntityOfPage\":{\"@id\":\"https:\\\/\\\/kuzeyinsesi.org\\\/index.php\\\/2024\\\/06\\\/15\\\/cumhurbaskani-ersin-tatar-dasein-isimli-sanat-sergisinin-acilisina-katildi\\\/\"},\"wordCount\":211,\"commentCount\":0,\"image\":{\"@id\":\"https:\\\/\\\/kuzeyinsesi.org\\\/index.php\\\/2024\\\/06\\\/15\\\/cumhurbaskani-ersin-tatar-dasein-isimli-sanat-sergisinin-acilisina-katildi\\\/#primaryimage\"},\"thumbnailUrl\":\"https:\\\/\\\/kuzeyinsesi.org\\\/wp-content\\\/uploads\\\/2024\\\/06\\\/cumhurbaskani-tatar-5-.jpg\",\"articleSection\":[\"Ya\u015fam\"],\"inLanguage\":\"tr\",\"potentialAction\":[{\"@type\":\"CommentAction\",\"name\":\"Comment\",\"target\":[\"https:\\\/\\\/kuzeyinsesi.org\\\/index.php\\\/2024\\\/06\\\/15\\\/cumhurbaskani-ersin-tatar-dasein-isimli-sanat-sergisinin-acilisina-katildi\\\/#respond\"]}]},{\"@type\":\"WebPage\",\"@id\":\"https:\\\/\\\/kuzeyinsesi.org\\\/index.php\\\/2024\\\/06\\\/15\\\/cumhurbaskani-ersin-tatar-dasein-isimli-sanat-sergisinin-acilisina-katildi\\\/\",\"url\":\"https:\\\/\\\/kuzeyinsesi.org\\\/index.php\\\/2024\\\/06\\\/15\\\/cumhurbaskani-ersin-tatar-dasein-isimli-sanat-sergisinin-acilisina-katildi\\\/\",\"name\":\"Cumhurba\u015fkan\u0131 Ersin Tatar, \u201cDASEIN\u201d isimli sanat sergisinin a\u00e7\u0131l\u0131\u015f\u0131na kat\u0131ld\u0131 - Kuzeyin Sesi\",\"isPartOf\":{\"@id\":\"https:\\\/\\\/kuzeyinsesi.org\\\/#website\"},\"primaryImageOfPage\":{\"@id\":\"https:\\\/\\\/kuzeyinsesi.org\\\/index.php\\\/2024\\\/06\\\/15\\\/cumhurbaskani-ersin-tatar-dasein-isimli-sanat-sergisinin-acilisina-katildi\\\/#primaryimage\"},\"image\":{\"@id\":\"https:\\\/\\\/kuzeyinsesi.org\\\/index.php\\\/2024\\\/06\\\/15\\\/cumhurbaskani-ersin-tatar-dasein-isimli-sanat-sergisinin-acilisina-katildi\\\/#primaryimage\"},\"thumbnailUrl\":\"https:\\\/\\\/kuzeyinsesi.org\\\/wp-content\\\/uploads\\\/2024\\\/06\\\/cumhurbaskani-tatar-5-.jpg\",\"datePublished\":\"2024-06-15T10:50:14+00:00\",\"author\":{\"@id\":\"https:\\\/\\\/kuzeyinsesi.org\\\/#\\\/schema\\\/person\\\/9f859689cdf01485597712386e37f5aa\"},\"breadcrumb\":{\"@id\":\"https:\\\/\\\/kuzeyinsesi.org\\\/index.php\\\/2024\\\/06\\\/15\\\/cumhurbaskani-ersin-tatar-dasein-isimli-sanat-sergisinin-acilisina-katildi\\\/#breadcrumb\"},\"inLanguage\":\"tr\",\"potentialAction\":[{\"@type\":\"ReadAction\",\"target\":[\"https:\\\/\\\/kuzeyinsesi.org\\\/index.php\\\/2024\\\/06\\\/15\\\/cumhurbaskani-ersin-tatar-dasein-isimli-sanat-sergisinin-acilisina-katildi\\\/\"]}]},{\"@type\":\"ImageObject\",\"inLanguage\":\"tr\",\"@id\":\"https:\\\/\\\/kuzeyinsesi.org\\\/index.php\\\/2024\\\/06\\\/15\\\/cumhurbaskani-ersin-tatar-dasein-isimli-sanat-sergisinin-acilisina-katildi\\\/#primaryimage\",\"url\":\"https:\\\/\\\/kuzeyinsesi.org\\\/wp-content\\\/uploads\\\/2024\\\/06\\\/cumhurbaskani-tatar-5-.jpg\",\"contentUrl\":\"https:\\\/\\\/kuzeyinsesi.org\\\/wp-content\\\/uploads\\\/2024\\\/06\\\/cumhurbaskani-tatar-5-.jpg\",\"width\":1600,\"height\":1066},{\"@type\":\"BreadcrumbList\",\"@id\":\"https:\\\/\\\/kuzeyinsesi.org\\\/index.php\\\/2024\\\/06\\\/15\\\/cumhurbaskani-ersin-tatar-dasein-isimli-sanat-sergisinin-acilisina-katildi\\\/#breadcrumb\",\"itemListElement\":[{\"@type\":\"ListItem\",\"position\":1,\"name\":\"Anasayfa\",\"item\":\"https:\\\/\\\/kuzeyinsesi.org\\\/\"},{\"@type\":\"ListItem\",\"position\":2,\"name\":\"Cumhurba\u015fkan\u0131 Ersin Tatar, \u201cDASEIN\u201d isimli sanat sergisinin a\u00e7\u0131l\u0131\u015f\u0131na kat\u0131ld\u0131\"}]},{\"@type\":\"WebSite\",\"@id\":\"https:\\\/\\\/kuzeyinsesi.org\\\/#website\",\"url\":\"https:\\\/\\\/kuzeyinsesi.org\\\/\",\"name\":\"Kuzeyin Sesi\",\"description\":\"Do\u011fru Haberin Adresi\",\"potentialAction\":[{\"@type\":\"SearchAction\",\"target\":{\"@type\":\"EntryPoint\",\"urlTemplate\":\"https:\\\/\\\/kuzeyinsesi.org\\\/?s={search_term_string}\"},\"query-input\":{\"@type\":\"PropertyValueSpecification\",\"valueRequired\":true,\"valueName\":\"search_term_string\"}}],\"inLanguage\":\"tr\"},{\"@type\":\"Person\",\"@id\":\"https:\\\/\\\/kuzeyinsesi.org\\\/#\\\/schema\\\/person\\\/9f859689cdf01485597712386e37f5aa\",\"name\":\"Kuzeyin Sesi\",\"image\":{\"@type\":\"ImageObject\",\"inLanguage\":\"tr\",\"@id\":\"https:\\\/\\\/secure.gravatar.com\\\/avatar\\\/bab33852abfd8b282518d6ed81826833d77c3c882d9ab608add591ccace47a44?s=96&d=mm&r=g\",\"url\":\"https:\\\/\\\/secure.gravatar.com\\\/avatar\\\/bab33852abfd8b282518d6ed81826833d77c3c882d9ab608add591ccace47a44?s=96&d=mm&r=g\",\"contentUrl\":\"https:\\\/\\\/secure.gravatar.com\\\/avatar\\\/bab33852abfd8b282518d6ed81826833d77c3c882d9ab608add591ccace47a44?s=96&d=mm&r=g\",\"caption\":\"Kuzeyin Sesi\"},\"sameAs\":[\"https:\\\/\\\/kuzeyinsesi.org\"],\"url\":\"https:\\\/\\\/kuzeyinsesi.org\\\/index.php\\\/author\\\/guven\\\/\"}]}<\/script>\n<!-- \/ Yoast SEO plugin. -->","yoast_head_json":{"title":"Cumhurba\u015fkan\u0131 Ersin Tatar, \u201cDASEIN\u201d isimli sanat sergisinin a\u00e7\u0131l\u0131\u015f\u0131na kat\u0131ld\u0131 - Kuzeyin Sesi","robots":{"index":"index","follow":"follow","max-snippet":"max-snippet:-1","max-image-preview":"max-image-preview:large","max-video-preview":"max-video-preview:-1"},"canonical":"https:\/\/kuzeyinsesi.org\/index.php\/2024\/06\/15\/cumhurbaskani-ersin-tatar-dasein-isimli-sanat-sergisinin-acilisina-katildi\/","og_locale":"tr_TR","og_type":"article","og_title":"Cumhurba\u015fkan\u0131 Ersin Tatar, \u201cDASEIN\u201d isimli sanat sergisinin a\u00e7\u0131l\u0131\u015f\u0131na kat\u0131ld\u0131 - Kuzeyin Sesi","og_description":"Cumhurba\u015fkan\u0131 Ersin Tatar, G\u00f6nyeli\u2019de HT Art Studio\u2019da d\u00fczenlenen \u201cDASEIN\u201d isimli sanat sergisinin a\u00e7\u0131l\u0131\u015f\u0131na kat\u0131ld\u0131. Cumhurba\u015fkanl\u0131\u011f\u0131\u2019ndan yap\u0131lan a\u00e7\u0131klamaya g\u00f6re, Sergide yer alan eserleri inceleyen Cumhurba\u015fkan\u0131 Tatar, sergiye kat\u0131lan sanat\u00e7\u0131 ve vatanda\u015flarla sohbet etti. Cumhurba\u015fkan\u0131 Ersin Tatar sergi a\u00e7\u0131l\u0131\u015f\u0131nda yapt\u0131\u011f\u0131 konu\u015fmada \u0130stanbul\u2019da K\u0131br\u0131s T\u00fcrk K\u00fclt\u00fcr Derne\u011fi\u2019nde 35 y\u0131l \u00f6nce K\u0131br\u0131s T\u00fcrk K\u00fclt\u00fcr\u00fc\u2019n\u00fc tan\u0131tmak ve yaymak i\u00e7in birlikte [&hellip;]","og_url":"https:\/\/kuzeyinsesi.org\/index.php\/2024\/06\/15\/cumhurbaskani-ersin-tatar-dasein-isimli-sanat-sergisinin-acilisina-katildi\/","og_site_name":"Kuzeyin Sesi","article_publisher":"https:\/\/www.facebook.com\/kuzeyinsesii","article_published_time":"2024-06-15T10:50:14+00:00","og_image":[{"width":1600,"height":1066,"url":"https:\/\/kuzeyinsesi.org\/wp-content\/uploads\/2024\/06\/cumhurbaskani-tatar-5-.jpg","type":"image\/jpeg"}],"author":"Kuzeyin Sesi","twitter_card":"summary_large_image","twitter_creator":"@kuzeyinsesii","twitter_site":"@kuzeyinsesii","twitter_misc":{"Yazan:":"Kuzeyin Sesi","Tahmini okuma s\u00fcresi":"1 dakika"},"schema":{"@context":"https:\/\/schema.org","@graph":[{"@type":"Article","@id":"https:\/\/kuzeyinsesi.org\/index.php\/2024\/06\/15\/cumhurbaskani-ersin-tatar-dasein-isimli-sanat-sergisinin-acilisina-katildi\/#article","isPartOf":{"@id":"https:\/\/kuzeyinsesi.org\/index.php\/2024\/06\/15\/cumhurbaskani-ersin-tatar-dasein-isimli-sanat-sergisinin-acilisina-katildi\/"},"author":{"name":"Kuzeyin Sesi","@id":"https:\/\/kuzeyinsesi.org\/#\/schema\/person\/9f859689cdf01485597712386e37f5aa"},"headline":"Cumhurba\u015fkan\u0131 Ersin Tatar, \u201cDASEIN\u201d isimli sanat sergisinin a\u00e7\u0131l\u0131\u015f\u0131na kat\u0131ld\u0131","datePublished":"2024-06-15T10:50:14+00:00","mainEntityOfPage":{"@id":"https:\/\/kuzeyinsesi.org\/index.php\/2024\/06\/15\/cumhurbaskani-ersin-tatar-dasein-isimli-sanat-sergisinin-acilisina-katildi\/"},"wordCount":211,"commentCount":0,"image":{"@id":"https:\/\/kuzeyinsesi.org\/index.php\/2024\/06\/15\/cumhurbaskani-ersin-tatar-dasein-isimli-sanat-sergisinin-acilisina-katildi\/#primaryimage"},"thumbnailUrl":"https:\/\/kuzeyinsesi.org\/wp-content\/uploads\/2024\/06\/cumhurbaskani-tatar-5-.jpg","articleSection":["Ya\u015fam"],"inLanguage":"tr","potentialAction":[{"@type":"CommentAction","name":"Comment","target":["https:\/\/kuzeyinsesi.org\/index.php\/2024\/06\/15\/cumhurbaskani-ersin-tatar-dasein-isimli-sanat-sergisinin-acilisina-katildi\/#respond"]}]},{"@type":"WebPage","@id":"https:\/\/kuzeyinsesi.org\/index.php\/2024\/06\/15\/cumhurbaskani-ersin-tatar-dasein-isimli-sanat-sergisinin-acilisina-katildi\/","url":"https:\/\/kuzeyinsesi.org\/index.php\/2024\/06\/15\/cumhurbaskani-ersin-tatar-dasein-isimli-sanat-sergisinin-acilisina-katildi\/","name":"Cumhurba\u015fkan\u0131 Ersin Tatar, \u201cDASEIN\u201d isimli sanat sergisinin a\u00e7\u0131l\u0131\u015f\u0131na kat\u0131ld\u0131 - Kuzeyin Sesi","isPartOf":{"@id":"https:\/\/kuzeyinsesi.org\/#website"},"primaryImageOfPage":{"@id":"https:\/\/kuzeyinsesi.org\/index.php\/2024\/06\/15\/cumhurbaskani-ersin-tatar-dasein-isimli-sanat-sergisinin-acilisina-katildi\/#primaryimage"},"image":{"@id":"https:\/\/kuzeyinsesi.org\/index.php\/2024\/06\/15\/cumhurbaskani-ersin-tatar-dasein-isimli-sanat-sergisinin-acilisina-katildi\/#primaryimage"},"thumbnailUrl":"https:\/\/kuzeyinsesi.org\/wp-content\/uploads\/2024\/06\/cumhurbaskani-tatar-5-.jpg","datePublished":"2024-06-15T10:50:14+00:00","author":{"@id":"https:\/\/kuzeyinsesi.org\/#\/schema\/person\/9f859689cdf01485597712386e37f5aa"},"breadcrumb":{"@id":"https:\/\/kuzeyinsesi.org\/index.php\/2024\/06\/15\/cumhurbaskani-ersin-tatar-dasein-isimli-sanat-sergisinin-acilisina-katildi\/#breadcrumb"},"inLanguage":"tr","potentialAction":[{"@type":"ReadAction","target":["https:\/\/kuzeyinsesi.org\/index.php\/2024\/06\/15\/cumhurbaskani-ersin-tatar-dasein-isimli-sanat-sergisinin-acilisina-katildi\/"]}]},{"@type":"ImageObject","inLanguage":"tr","@id":"https:\/\/kuzeyinsesi.org\/index.php\/2024\/06\/15\/cumhurbaskani-ersin-tatar-dasein-isimli-sanat-sergisinin-acilisina-katildi\/#primaryimage","url":"https:\/\/kuzeyinsesi.org\/wp-content\/uploads\/2024\/06\/cumhurbaskani-tatar-5-.jpg","contentUrl":"https:\/\/kuzeyinsesi.org\/wp-content\/uploads\/2024\/06\/cumhurbaskani-tatar-5-.jpg","width":1600,"height":1066},{"@type":"BreadcrumbList","@id":"https:\/\/kuzeyinsesi.org\/index.php\/2024\/06\/15\/cumhurbaskani-ersin-tatar-dasein-isimli-sanat-sergisinin-acilisina-katildi\/#breadcrumb","itemListElement":[{"@type":"ListItem","position":1,"name":"Anasayfa","item":"https:\/\/kuzeyinsesi.org\/"},{"@type":"ListItem","position":2,"name":"Cumhurba\u015fkan\u0131 Ersin Tatar, \u201cDASEIN\u201d isimli sanat sergisinin a\u00e7\u0131l\u0131\u015f\u0131na kat\u0131ld\u0131"}]},{"@type":"WebSite","@id":"https:\/\/kuzeyinsesi.org\/#website","url":"https:\/\/kuzeyinsesi.org\/","name":"Kuzeyin Sesi","description":"Do\u011fru Haberin Adresi","potentialAction":[{"@type":"SearchAction","target":{"@type":"EntryPoint","urlTemplate":"https:\/\/kuzeyinsesi.org\/?s={search_term_string}"},"query-input":{"@type":"PropertyValueSpecification","valueRequired":true,"valueName":"search_term_string"}}],"inLanguage":"tr"},{"@type":"Person","@id":"https:\/\/kuzeyinsesi.org\/#\/schema\/person\/9f859689cdf01485597712386e37f5aa","name":"Kuzeyin Sesi","image":{"@type":"ImageObject","inLanguage":"tr","@id":"https:\/\/secure.gravatar.com\/avatar\/bab33852abfd8b282518d6ed81826833d77c3c882d9ab608add591ccace47a44?s=96&d=mm&r=g","url":"https:\/\/secure.gravatar.com\/avatar\/bab33852abfd8b282518d6ed81826833d77c3c882d9ab608add591ccace47a44?s=96&d=mm&r=g","contentUrl":"https:\/\/secure.gravatar.com\/avatar\/bab33852abfd8b282518d6ed81826833d77c3c882d9ab608add591ccace47a44?s=96&d=mm&r=g","caption":"Kuzeyin Sesi"},"sameAs":["https:\/\/kuzeyinsesi.org"],"url":"https:\/\/kuzeyinsesi.org\/index.php\/author\/guven\/"}]}},"_links":{"self":[{"href":"https:\/\/kuzeyinsesi.org\/index.php\/wp-json\/wp\/v2\/posts\/4873","targetHints":{"allow":["GET"]}}],"collection":[{"href":"https:\/\/kuzeyinsesi.org\/index.php\/wp-json\/wp\/v2\/posts"}],"about":[{"href":"https:\/\/kuzeyinsesi.org\/index.php\/wp-json\/wp\/v2\/types\/post"}],"author":[{"embeddable":true,"href":"https:\/\/kuzeyinsesi.org\/index.php\/wp-json\/wp\/v2\/users\/1"}],"replies":[{"embeddable":true,"href":"https:\/\/kuzeyinsesi.org\/index.php\/wp-json\/wp\/v2\/comments?post=4873"}],"version-history":[{"count":0,"href":"https:\/\/kuzeyinsesi.org\/index.php\/wp-json\/wp\/v2\/posts\/4873\/revisions"}],"wp:featuredmedia":[{"embeddable":true,"href":"https:\/\/kuzeyinsesi.org\/index.php\/wp-json\/wp\/v2\/media\/4874"}],"wp:attachment":[{"href":"https:\/\/kuzeyinsesi.org\/index.php\/wp-json\/wp\/v2\/media?parent=4873"}],"wp:term":[{"taxonomy":"category","embeddable":true,"href":"https:\/\/kuzeyinsesi.org\/index.php\/wp-json\/wp\/v2\/categories?post=4873"},{"taxonomy":"post_tag","embeddable":true,"href":"https:\/\/kuzeyinsesi.org\/index.php\/wp-json\/wp\/v2\/tags?post=4873"}],"curies":[{"name":"wp","href":"https:\/\/api.w.org\/{rel}","templated":true}]}}