{"id":485,"date":"2024-04-25T22:31:09","date_gmt":"2024-04-25T19:31:09","guid":{"rendered":"https:\/\/kuzeyinsesi.com\/index.php\/2024\/04\/25\/tarim-ve-dogal-kaynaklar-bakani-cavus-guzel-sanatlar-nisan-sergisi-nin-acilisini-yapti\/"},"modified":"2024-04-25T22:31:09","modified_gmt":"2024-04-25T19:31:09","slug":"tarim-ve-dogal-kaynaklar-bakani-cavus-guzel-sanatlar-nisan-sergisi-nin-acilisini-yapti","status":"publish","type":"post","link":"https:\/\/kuzeyinsesi.org\/index.php\/2024\/04\/25\/tarim-ve-dogal-kaynaklar-bakani-cavus-guzel-sanatlar-nisan-sergisi-nin-acilisini-yapti\/","title":{"rendered":"Tar\u0131m ve Do\u011fal Kaynaklar Bakan\u0131 \u00c7avu\u015f, \u2018G\u00fczel Sanatlar Nisan Sergisi\u2019 nin  a\u00e7\u0131l\u0131\u015f\u0131n\u0131 yapt\u0131"},"content":{"rendered":"<div>\n<div class=\"mariselle-image-container center\">\n                                            <\/div>\n<p>Yak\u0131n Do\u011fu \u00dcniversitesi G\u00fczel Sanatlar ve Tasar\u0131m Fak\u00fcltesi\u2019nin sanat\u00e7\u0131 akademisyenleri ve K\u0131br\u0131s Modern Sanat M\u00fczesi sanat\u00e7\u0131lar\u0131n\u0131n \u00f6zel olarak haz\u0131rlad\u0131\u011f\u0131 50 eser, \u201cG\u00fczel Sanatlar Nisan Sergisi\u201d ile bir araya geldi. Tar\u0131m ve Do\u011fal Kaynaklar Bakan\u0131 H\u00fcseyin \u00c7avu\u015f taraf\u0131ndan Yak\u0131n Do\u011fu \u00dcniversitesi Atat\u00fcrk K\u00fclt\u00fcr ve Kongre Merkezi Sergi Salonu\u2019nda a\u00e7\u0131l\u0131\u015f\u0131 ger\u00e7ekle\u015fen sergi ile; resim, heykel, seramik, vitray ve bask\u0131 resimden olu\u015fan eserler sanatseverlerle bulu\u015ftu.<\/p>\n<p>Tar\u0131m ve Do\u011fal Kaynaklar Bakan\u0131 H\u00fcseyin \u00c7avu\u015f sergi a\u00e7\u0131l\u0131\u015f\u0131nda bir konu\u015fma yaparak, \u2018\u2019Bug\u00fcn burada sanat\u0131n evrensel g\u00fcc\u00fcn\u00fc g\u00f6r\u00fcyoruz. Sanat\u00e7\u0131lar\u0131m\u0131z\u0131n ya\u015fad\u0131klar\u0131n\u0131, duygular\u0131n\u0131 bizde onlarla hissetme mutlulu\u011funu ya\u015fayaca\u011f\u0131z.<\/p>\n<div class=\"mariselle-image-container center\">\n                <img decoding=\"async\" width=\"787\" height=\"365\" class=\"lazy-image\" alt=\"\" sizes=\"(max-width: 787px) 100vw, 787px\" src=\"https:\/\/brtk.net\/wp-content\/uploads\/2024\/04\/25\/asdksakdsa.jpg?ver=5991c9116181ae2867e4d5c38c744346\" srcset=\"https:\/\/brtk.net\/wp-content\/uploads\/2024\/04\/25\/asdksakdsa.jpg?ver=5991c9116181ae2867e4d5c38c744346 787w, https:\/\/brtk.net\/wp-content\/uploads\/2024\/04\/25\/asdksakdsa-300x139.jpg?ver=5991c9116181ae2867e4d5c38c744346 300w, https:\/\/brtk.net\/wp-content\/uploads\/2024\/04\/25\/asdksakdsa-768x356.jpg?ver=5991c9116181ae2867e4d5c38c744346 768w\"\/>                            <\/div>\n<p>Bu vesileyle, eserlerini bizimle payla\u015fan t\u00fcm sanat\u00e7\u0131lara te\u015fekk\u00fcr etmek istiyorum. Sizler, toplumumuzun estetik zevkini ve d\u00fc\u015f\u00fcnsel derinli\u011fini art\u0131ran \u00f6nemli birer k\u00f6pr\u00fcs\u00fcn\u00fcz. Ayr\u0131ca, bu serginin d\u00fczenlenmesine eme\u011fi ge\u00e7en herkese, Yak\u0131n Do\u011fu ailesine ve burada bizimle birlikte olan herkese te\u015fekk\u00fcr ediyorum.\u2019\u2019 \u0130fadelerini kulland\u0131.<\/p>\n<\/p><\/div>\n<p><script async\n                    defer\n                    crossorigin=\"anonymous\"\n                    src=\"https:\/\/connect.facebook.net\/tr_TR\/sdk.js#xfbml=1&#038;version=v3.3\"\n            ><\/script><\/p>\n","protected":false},"excerpt":{"rendered":"<p>Yak\u0131n Do\u011fu \u00dcniversitesi G\u00fczel Sanatlar ve Tasar\u0131m Fak\u00fcltesi\u2019nin sanat\u00e7\u0131 akademisyenleri ve K\u0131br\u0131s Modern Sanat M\u00fczesi sanat\u00e7\u0131lar\u0131n\u0131n \u00f6zel olarak haz\u0131rlad\u0131\u011f\u0131 50 eser, \u201cG\u00fczel Sanatlar Nisan Sergisi\u201d ile bir araya geldi. Tar\u0131m ve Do\u011fal Kaynaklar Bakan\u0131 H\u00fcseyin \u00c7avu\u015f taraf\u0131ndan Yak\u0131n Do\u011fu \u00dcniversitesi Atat\u00fcrk K\u00fclt\u00fcr ve Kongre Merkezi Sergi Salonu\u2019nda a\u00e7\u0131l\u0131\u015f\u0131 ger\u00e7ekle\u015fen sergi ile; resim, heykel, seramik, vitray [&hellip;]<\/p>\n","protected":false},"author":1,"featured_media":486,"comment_status":"open","ping_status":"open","sticky":false,"template":"","format":"standard","meta":{"jnews-multi-image_gallery":[],"jnews_single_post":[],"jnews_primary_category":[],"jnews_social_meta":[],"jnews_override_counter":[],"footnotes":""},"categories":[6],"tags":[],"class_list":["post-485","post","type-post","status-publish","format-standard","has-post-thumbnail","hentry","category-yasam"],"yoast_head":"<!-- This site is optimized with the Yoast SEO plugin v27.5 - https:\/\/yoast.com\/product\/yoast-seo-wordpress\/ -->\n<title>Tar\u0131m ve Do\u011fal Kaynaklar Bakan\u0131 \u00c7avu\u015f, \u2018G\u00fczel Sanatlar Nisan Sergisi\u2019 nin a\u00e7\u0131l\u0131\u015f\u0131n\u0131 yapt\u0131 - Kuzeyin Sesi<\/title>\n<meta name=\"robots\" content=\"index, follow, max-snippet:-1, max-image-preview:large, max-video-preview:-1\" \/>\n<link rel=\"canonical\" href=\"https:\/\/kuzeyinsesi.org\/index.php\/2024\/04\/25\/tarim-ve-dogal-kaynaklar-bakani-cavus-guzel-sanatlar-nisan-sergisi-nin-acilisini-yapti\/\" \/>\n<meta property=\"og:locale\" content=\"tr_TR\" \/>\n<meta property=\"og:type\" content=\"article\" \/>\n<meta property=\"og:title\" content=\"Tar\u0131m ve Do\u011fal Kaynaklar Bakan\u0131 \u00c7avu\u015f, \u2018G\u00fczel Sanatlar Nisan Sergisi\u2019 nin a\u00e7\u0131l\u0131\u015f\u0131n\u0131 yapt\u0131 - Kuzeyin Sesi\" \/>\n<meta property=\"og:description\" content=\"Yak\u0131n Do\u011fu \u00dcniversitesi G\u00fczel Sanatlar ve Tasar\u0131m Fak\u00fcltesi\u2019nin sanat\u00e7\u0131 akademisyenleri ve K\u0131br\u0131s Modern Sanat M\u00fczesi sanat\u00e7\u0131lar\u0131n\u0131n \u00f6zel olarak haz\u0131rlad\u0131\u011f\u0131 50 eser, \u201cG\u00fczel Sanatlar Nisan Sergisi\u201d ile bir araya geldi. Tar\u0131m ve Do\u011fal Kaynaklar Bakan\u0131 H\u00fcseyin \u00c7avu\u015f taraf\u0131ndan Yak\u0131n Do\u011fu \u00dcniversitesi Atat\u00fcrk K\u00fclt\u00fcr ve Kongre Merkezi Sergi Salonu\u2019nda a\u00e7\u0131l\u0131\u015f\u0131 ger\u00e7ekle\u015fen sergi ile; resim, heykel, seramik, vitray [&hellip;]\" \/>\n<meta property=\"og:url\" content=\"https:\/\/kuzeyinsesi.org\/index.php\/2024\/04\/25\/tarim-ve-dogal-kaynaklar-bakani-cavus-guzel-sanatlar-nisan-sergisi-nin-acilisini-yapti\/\" \/>\n<meta property=\"og:site_name\" content=\"Kuzeyin Sesi\" \/>\n<meta property=\"article:publisher\" content=\"https:\/\/www.facebook.com\/kuzeyinsesii\" \/>\n<meta property=\"article:published_time\" content=\"2024-04-25T19:31:09+00:00\" \/>\n<meta property=\"og:image\" content=\"https:\/\/kuzeyinsesi.org\/wp-content\/uploads\/2024\/04\/wpdog2.png\" \/>\n\t<meta property=\"og:image:width\" content=\"722\" \/>\n\t<meta property=\"og:image:height\" content=\"434\" \/>\n\t<meta property=\"og:image:type\" content=\"image\/png\" \/>\n<meta name=\"author\" content=\"Kuzeyin Sesi\" \/>\n<meta name=\"twitter:card\" content=\"summary_large_image\" \/>\n<meta name=\"twitter:creator\" content=\"@kuzeyinsesii\" \/>\n<meta name=\"twitter:site\" content=\"@kuzeyinsesii\" \/>\n<meta name=\"twitter:label1\" content=\"Yazan:\" \/>\n\t<meta name=\"twitter:data1\" content=\"Kuzeyin Sesi\" \/>\n\t<meta name=\"twitter:label2\" content=\"Tahmini okuma s\u00fcresi\" \/>\n\t<meta name=\"twitter:data2\" content=\"1 dakika\" \/>\n<script type=\"application\/ld+json\" class=\"yoast-schema-graph\">{\"@context\":\"https:\\\/\\\/schema.org\",\"@graph\":[{\"@type\":\"Article\",\"@id\":\"https:\\\/\\\/kuzeyinsesi.org\\\/index.php\\\/2024\\\/04\\\/25\\\/tarim-ve-dogal-kaynaklar-bakani-cavus-guzel-sanatlar-nisan-sergisi-nin-acilisini-yapti\\\/#article\",\"isPartOf\":{\"@id\":\"https:\\\/\\\/kuzeyinsesi.org\\\/index.php\\\/2024\\\/04\\\/25\\\/tarim-ve-dogal-kaynaklar-bakani-cavus-guzel-sanatlar-nisan-sergisi-nin-acilisini-yapti\\\/\"},\"author\":{\"name\":\"Kuzeyin Sesi\",\"@id\":\"https:\\\/\\\/kuzeyinsesi.org\\\/#\\\/schema\\\/person\\\/9f859689cdf01485597712386e37f5aa\"},\"headline\":\"Tar\u0131m ve Do\u011fal Kaynaklar Bakan\u0131 \u00c7avu\u015f, \u2018G\u00fczel Sanatlar Nisan Sergisi\u2019 nin a\u00e7\u0131l\u0131\u015f\u0131n\u0131 yapt\u0131\",\"datePublished\":\"2024-04-25T19:31:09+00:00\",\"mainEntityOfPage\":{\"@id\":\"https:\\\/\\\/kuzeyinsesi.org\\\/index.php\\\/2024\\\/04\\\/25\\\/tarim-ve-dogal-kaynaklar-bakani-cavus-guzel-sanatlar-nisan-sergisi-nin-acilisini-yapti\\\/\"},\"wordCount\":218,\"commentCount\":0,\"image\":{\"@id\":\"https:\\\/\\\/kuzeyinsesi.org\\\/index.php\\\/2024\\\/04\\\/25\\\/tarim-ve-dogal-kaynaklar-bakani-cavus-guzel-sanatlar-nisan-sergisi-nin-acilisini-yapti\\\/#primaryimage\"},\"thumbnailUrl\":\"https:\\\/\\\/kuzeyinsesi.org\\\/wp-content\\\/uploads\\\/2024\\\/04\\\/wpdog2.png\",\"articleSection\":[\"Ya\u015fam\"],\"inLanguage\":\"tr\",\"potentialAction\":[{\"@type\":\"CommentAction\",\"name\":\"Comment\",\"target\":[\"https:\\\/\\\/kuzeyinsesi.org\\\/index.php\\\/2024\\\/04\\\/25\\\/tarim-ve-dogal-kaynaklar-bakani-cavus-guzel-sanatlar-nisan-sergisi-nin-acilisini-yapti\\\/#respond\"]}]},{\"@type\":\"WebPage\",\"@id\":\"https:\\\/\\\/kuzeyinsesi.org\\\/index.php\\\/2024\\\/04\\\/25\\\/tarim-ve-dogal-kaynaklar-bakani-cavus-guzel-sanatlar-nisan-sergisi-nin-acilisini-yapti\\\/\",\"url\":\"https:\\\/\\\/kuzeyinsesi.org\\\/index.php\\\/2024\\\/04\\\/25\\\/tarim-ve-dogal-kaynaklar-bakani-cavus-guzel-sanatlar-nisan-sergisi-nin-acilisini-yapti\\\/\",\"name\":\"Tar\u0131m ve Do\u011fal Kaynaklar Bakan\u0131 \u00c7avu\u015f, \u2018G\u00fczel Sanatlar Nisan Sergisi\u2019 nin a\u00e7\u0131l\u0131\u015f\u0131n\u0131 yapt\u0131 - Kuzeyin Sesi\",\"isPartOf\":{\"@id\":\"https:\\\/\\\/kuzeyinsesi.org\\\/#website\"},\"primaryImageOfPage\":{\"@id\":\"https:\\\/\\\/kuzeyinsesi.org\\\/index.php\\\/2024\\\/04\\\/25\\\/tarim-ve-dogal-kaynaklar-bakani-cavus-guzel-sanatlar-nisan-sergisi-nin-acilisini-yapti\\\/#primaryimage\"},\"image\":{\"@id\":\"https:\\\/\\\/kuzeyinsesi.org\\\/index.php\\\/2024\\\/04\\\/25\\\/tarim-ve-dogal-kaynaklar-bakani-cavus-guzel-sanatlar-nisan-sergisi-nin-acilisini-yapti\\\/#primaryimage\"},\"thumbnailUrl\":\"https:\\\/\\\/kuzeyinsesi.org\\\/wp-content\\\/uploads\\\/2024\\\/04\\\/wpdog2.png\",\"datePublished\":\"2024-04-25T19:31:09+00:00\",\"author\":{\"@id\":\"https:\\\/\\\/kuzeyinsesi.org\\\/#\\\/schema\\\/person\\\/9f859689cdf01485597712386e37f5aa\"},\"breadcrumb\":{\"@id\":\"https:\\\/\\\/kuzeyinsesi.org\\\/index.php\\\/2024\\\/04\\\/25\\\/tarim-ve-dogal-kaynaklar-bakani-cavus-guzel-sanatlar-nisan-sergisi-nin-acilisini-yapti\\\/#breadcrumb\"},\"inLanguage\":\"tr\",\"potentialAction\":[{\"@type\":\"ReadAction\",\"target\":[\"https:\\\/\\\/kuzeyinsesi.org\\\/index.php\\\/2024\\\/04\\\/25\\\/tarim-ve-dogal-kaynaklar-bakani-cavus-guzel-sanatlar-nisan-sergisi-nin-acilisini-yapti\\\/\"]}]},{\"@type\":\"ImageObject\",\"inLanguage\":\"tr\",\"@id\":\"https:\\\/\\\/kuzeyinsesi.org\\\/index.php\\\/2024\\\/04\\\/25\\\/tarim-ve-dogal-kaynaklar-bakani-cavus-guzel-sanatlar-nisan-sergisi-nin-acilisini-yapti\\\/#primaryimage\",\"url\":\"https:\\\/\\\/kuzeyinsesi.org\\\/wp-content\\\/uploads\\\/2024\\\/04\\\/wpdog2.png\",\"contentUrl\":\"https:\\\/\\\/kuzeyinsesi.org\\\/wp-content\\\/uploads\\\/2024\\\/04\\\/wpdog2.png\",\"width\":722,\"height\":434},{\"@type\":\"BreadcrumbList\",\"@id\":\"https:\\\/\\\/kuzeyinsesi.org\\\/index.php\\\/2024\\\/04\\\/25\\\/tarim-ve-dogal-kaynaklar-bakani-cavus-guzel-sanatlar-nisan-sergisi-nin-acilisini-yapti\\\/#breadcrumb\",\"itemListElement\":[{\"@type\":\"ListItem\",\"position\":1,\"name\":\"Anasayfa\",\"item\":\"https:\\\/\\\/kuzeyinsesi.org\\\/\"},{\"@type\":\"ListItem\",\"position\":2,\"name\":\"Tar\u0131m ve Do\u011fal Kaynaklar Bakan\u0131 \u00c7avu\u015f, \u2018G\u00fczel Sanatlar Nisan Sergisi\u2019 nin a\u00e7\u0131l\u0131\u015f\u0131n\u0131 yapt\u0131\"}]},{\"@type\":\"WebSite\",\"@id\":\"https:\\\/\\\/kuzeyinsesi.org\\\/#website\",\"url\":\"https:\\\/\\\/kuzeyinsesi.org\\\/\",\"name\":\"Kuzeyin Sesi\",\"description\":\"Do\u011fru Haberin Adresi\",\"potentialAction\":[{\"@type\":\"SearchAction\",\"target\":{\"@type\":\"EntryPoint\",\"urlTemplate\":\"https:\\\/\\\/kuzeyinsesi.org\\\/?s={search_term_string}\"},\"query-input\":{\"@type\":\"PropertyValueSpecification\",\"valueRequired\":true,\"valueName\":\"search_term_string\"}}],\"inLanguage\":\"tr\"},{\"@type\":\"Person\",\"@id\":\"https:\\\/\\\/kuzeyinsesi.org\\\/#\\\/schema\\\/person\\\/9f859689cdf01485597712386e37f5aa\",\"name\":\"Kuzeyin Sesi\",\"image\":{\"@type\":\"ImageObject\",\"inLanguage\":\"tr\",\"@id\":\"https:\\\/\\\/secure.gravatar.com\\\/avatar\\\/bab33852abfd8b282518d6ed81826833d77c3c882d9ab608add591ccace47a44?s=96&d=mm&r=g\",\"url\":\"https:\\\/\\\/secure.gravatar.com\\\/avatar\\\/bab33852abfd8b282518d6ed81826833d77c3c882d9ab608add591ccace47a44?s=96&d=mm&r=g\",\"contentUrl\":\"https:\\\/\\\/secure.gravatar.com\\\/avatar\\\/bab33852abfd8b282518d6ed81826833d77c3c882d9ab608add591ccace47a44?s=96&d=mm&r=g\",\"caption\":\"Kuzeyin Sesi\"},\"sameAs\":[\"https:\\\/\\\/kuzeyinsesi.org\"],\"url\":\"https:\\\/\\\/kuzeyinsesi.org\\\/index.php\\\/author\\\/guven\\\/\"}]}<\/script>\n<!-- \/ Yoast SEO plugin. -->","yoast_head_json":{"title":"Tar\u0131m ve Do\u011fal Kaynaklar Bakan\u0131 \u00c7avu\u015f, \u2018G\u00fczel Sanatlar Nisan Sergisi\u2019 nin a\u00e7\u0131l\u0131\u015f\u0131n\u0131 yapt\u0131 - Kuzeyin Sesi","robots":{"index":"index","follow":"follow","max-snippet":"max-snippet:-1","max-image-preview":"max-image-preview:large","max-video-preview":"max-video-preview:-1"},"canonical":"https:\/\/kuzeyinsesi.org\/index.php\/2024\/04\/25\/tarim-ve-dogal-kaynaklar-bakani-cavus-guzel-sanatlar-nisan-sergisi-nin-acilisini-yapti\/","og_locale":"tr_TR","og_type":"article","og_title":"Tar\u0131m ve Do\u011fal Kaynaklar Bakan\u0131 \u00c7avu\u015f, \u2018G\u00fczel Sanatlar Nisan Sergisi\u2019 nin a\u00e7\u0131l\u0131\u015f\u0131n\u0131 yapt\u0131 - Kuzeyin Sesi","og_description":"Yak\u0131n Do\u011fu \u00dcniversitesi G\u00fczel Sanatlar ve Tasar\u0131m Fak\u00fcltesi\u2019nin sanat\u00e7\u0131 akademisyenleri ve K\u0131br\u0131s Modern Sanat M\u00fczesi sanat\u00e7\u0131lar\u0131n\u0131n \u00f6zel olarak haz\u0131rlad\u0131\u011f\u0131 50 eser, \u201cG\u00fczel Sanatlar Nisan Sergisi\u201d ile bir araya geldi. Tar\u0131m ve Do\u011fal Kaynaklar Bakan\u0131 H\u00fcseyin \u00c7avu\u015f taraf\u0131ndan Yak\u0131n Do\u011fu \u00dcniversitesi Atat\u00fcrk K\u00fclt\u00fcr ve Kongre Merkezi Sergi Salonu\u2019nda a\u00e7\u0131l\u0131\u015f\u0131 ger\u00e7ekle\u015fen sergi ile; resim, heykel, seramik, vitray [&hellip;]","og_url":"https:\/\/kuzeyinsesi.org\/index.php\/2024\/04\/25\/tarim-ve-dogal-kaynaklar-bakani-cavus-guzel-sanatlar-nisan-sergisi-nin-acilisini-yapti\/","og_site_name":"Kuzeyin Sesi","article_publisher":"https:\/\/www.facebook.com\/kuzeyinsesii","article_published_time":"2024-04-25T19:31:09+00:00","og_image":[{"width":722,"height":434,"url":"https:\/\/kuzeyinsesi.org\/wp-content\/uploads\/2024\/04\/wpdog2.png","type":"image\/png"}],"author":"Kuzeyin Sesi","twitter_card":"summary_large_image","twitter_creator":"@kuzeyinsesii","twitter_site":"@kuzeyinsesii","twitter_misc":{"Yazan:":"Kuzeyin Sesi","Tahmini okuma s\u00fcresi":"1 dakika"},"schema":{"@context":"https:\/\/schema.org","@graph":[{"@type":"Article","@id":"https:\/\/kuzeyinsesi.org\/index.php\/2024\/04\/25\/tarim-ve-dogal-kaynaklar-bakani-cavus-guzel-sanatlar-nisan-sergisi-nin-acilisini-yapti\/#article","isPartOf":{"@id":"https:\/\/kuzeyinsesi.org\/index.php\/2024\/04\/25\/tarim-ve-dogal-kaynaklar-bakani-cavus-guzel-sanatlar-nisan-sergisi-nin-acilisini-yapti\/"},"author":{"name":"Kuzeyin Sesi","@id":"https:\/\/kuzeyinsesi.org\/#\/schema\/person\/9f859689cdf01485597712386e37f5aa"},"headline":"Tar\u0131m ve Do\u011fal Kaynaklar Bakan\u0131 \u00c7avu\u015f, \u2018G\u00fczel Sanatlar Nisan Sergisi\u2019 nin a\u00e7\u0131l\u0131\u015f\u0131n\u0131 yapt\u0131","datePublished":"2024-04-25T19:31:09+00:00","mainEntityOfPage":{"@id":"https:\/\/kuzeyinsesi.org\/index.php\/2024\/04\/25\/tarim-ve-dogal-kaynaklar-bakani-cavus-guzel-sanatlar-nisan-sergisi-nin-acilisini-yapti\/"},"wordCount":218,"commentCount":0,"image":{"@id":"https:\/\/kuzeyinsesi.org\/index.php\/2024\/04\/25\/tarim-ve-dogal-kaynaklar-bakani-cavus-guzel-sanatlar-nisan-sergisi-nin-acilisini-yapti\/#primaryimage"},"thumbnailUrl":"https:\/\/kuzeyinsesi.org\/wp-content\/uploads\/2024\/04\/wpdog2.png","articleSection":["Ya\u015fam"],"inLanguage":"tr","potentialAction":[{"@type":"CommentAction","name":"Comment","target":["https:\/\/kuzeyinsesi.org\/index.php\/2024\/04\/25\/tarim-ve-dogal-kaynaklar-bakani-cavus-guzel-sanatlar-nisan-sergisi-nin-acilisini-yapti\/#respond"]}]},{"@type":"WebPage","@id":"https:\/\/kuzeyinsesi.org\/index.php\/2024\/04\/25\/tarim-ve-dogal-kaynaklar-bakani-cavus-guzel-sanatlar-nisan-sergisi-nin-acilisini-yapti\/","url":"https:\/\/kuzeyinsesi.org\/index.php\/2024\/04\/25\/tarim-ve-dogal-kaynaklar-bakani-cavus-guzel-sanatlar-nisan-sergisi-nin-acilisini-yapti\/","name":"Tar\u0131m ve Do\u011fal Kaynaklar Bakan\u0131 \u00c7avu\u015f, \u2018G\u00fczel Sanatlar Nisan Sergisi\u2019 nin a\u00e7\u0131l\u0131\u015f\u0131n\u0131 yapt\u0131 - Kuzeyin Sesi","isPartOf":{"@id":"https:\/\/kuzeyinsesi.org\/#website"},"primaryImageOfPage":{"@id":"https:\/\/kuzeyinsesi.org\/index.php\/2024\/04\/25\/tarim-ve-dogal-kaynaklar-bakani-cavus-guzel-sanatlar-nisan-sergisi-nin-acilisini-yapti\/#primaryimage"},"image":{"@id":"https:\/\/kuzeyinsesi.org\/index.php\/2024\/04\/25\/tarim-ve-dogal-kaynaklar-bakani-cavus-guzel-sanatlar-nisan-sergisi-nin-acilisini-yapti\/#primaryimage"},"thumbnailUrl":"https:\/\/kuzeyinsesi.org\/wp-content\/uploads\/2024\/04\/wpdog2.png","datePublished":"2024-04-25T19:31:09+00:00","author":{"@id":"https:\/\/kuzeyinsesi.org\/#\/schema\/person\/9f859689cdf01485597712386e37f5aa"},"breadcrumb":{"@id":"https:\/\/kuzeyinsesi.org\/index.php\/2024\/04\/25\/tarim-ve-dogal-kaynaklar-bakani-cavus-guzel-sanatlar-nisan-sergisi-nin-acilisini-yapti\/#breadcrumb"},"inLanguage":"tr","potentialAction":[{"@type":"ReadAction","target":["https:\/\/kuzeyinsesi.org\/index.php\/2024\/04\/25\/tarim-ve-dogal-kaynaklar-bakani-cavus-guzel-sanatlar-nisan-sergisi-nin-acilisini-yapti\/"]}]},{"@type":"ImageObject","inLanguage":"tr","@id":"https:\/\/kuzeyinsesi.org\/index.php\/2024\/04\/25\/tarim-ve-dogal-kaynaklar-bakani-cavus-guzel-sanatlar-nisan-sergisi-nin-acilisini-yapti\/#primaryimage","url":"https:\/\/kuzeyinsesi.org\/wp-content\/uploads\/2024\/04\/wpdog2.png","contentUrl":"https:\/\/kuzeyinsesi.org\/wp-content\/uploads\/2024\/04\/wpdog2.png","width":722,"height":434},{"@type":"BreadcrumbList","@id":"https:\/\/kuzeyinsesi.org\/index.php\/2024\/04\/25\/tarim-ve-dogal-kaynaklar-bakani-cavus-guzel-sanatlar-nisan-sergisi-nin-acilisini-yapti\/#breadcrumb","itemListElement":[{"@type":"ListItem","position":1,"name":"Anasayfa","item":"https:\/\/kuzeyinsesi.org\/"},{"@type":"ListItem","position":2,"name":"Tar\u0131m ve Do\u011fal Kaynaklar Bakan\u0131 \u00c7avu\u015f, \u2018G\u00fczel Sanatlar Nisan Sergisi\u2019 nin a\u00e7\u0131l\u0131\u015f\u0131n\u0131 yapt\u0131"}]},{"@type":"WebSite","@id":"https:\/\/kuzeyinsesi.org\/#website","url":"https:\/\/kuzeyinsesi.org\/","name":"Kuzeyin Sesi","description":"Do\u011fru Haberin Adresi","potentialAction":[{"@type":"SearchAction","target":{"@type":"EntryPoint","urlTemplate":"https:\/\/kuzeyinsesi.org\/?s={search_term_string}"},"query-input":{"@type":"PropertyValueSpecification","valueRequired":true,"valueName":"search_term_string"}}],"inLanguage":"tr"},{"@type":"Person","@id":"https:\/\/kuzeyinsesi.org\/#\/schema\/person\/9f859689cdf01485597712386e37f5aa","name":"Kuzeyin Sesi","image":{"@type":"ImageObject","inLanguage":"tr","@id":"https:\/\/secure.gravatar.com\/avatar\/bab33852abfd8b282518d6ed81826833d77c3c882d9ab608add591ccace47a44?s=96&d=mm&r=g","url":"https:\/\/secure.gravatar.com\/avatar\/bab33852abfd8b282518d6ed81826833d77c3c882d9ab608add591ccace47a44?s=96&d=mm&r=g","contentUrl":"https:\/\/secure.gravatar.com\/avatar\/bab33852abfd8b282518d6ed81826833d77c3c882d9ab608add591ccace47a44?s=96&d=mm&r=g","caption":"Kuzeyin Sesi"},"sameAs":["https:\/\/kuzeyinsesi.org"],"url":"https:\/\/kuzeyinsesi.org\/index.php\/author\/guven\/"}]}},"_links":{"self":[{"href":"https:\/\/kuzeyinsesi.org\/index.php\/wp-json\/wp\/v2\/posts\/485","targetHints":{"allow":["GET"]}}],"collection":[{"href":"https:\/\/kuzeyinsesi.org\/index.php\/wp-json\/wp\/v2\/posts"}],"about":[{"href":"https:\/\/kuzeyinsesi.org\/index.php\/wp-json\/wp\/v2\/types\/post"}],"author":[{"embeddable":true,"href":"https:\/\/kuzeyinsesi.org\/index.php\/wp-json\/wp\/v2\/users\/1"}],"replies":[{"embeddable":true,"href":"https:\/\/kuzeyinsesi.org\/index.php\/wp-json\/wp\/v2\/comments?post=485"}],"version-history":[{"count":0,"href":"https:\/\/kuzeyinsesi.org\/index.php\/wp-json\/wp\/v2\/posts\/485\/revisions"}],"wp:featuredmedia":[{"embeddable":true,"href":"https:\/\/kuzeyinsesi.org\/index.php\/wp-json\/wp\/v2\/media\/486"}],"wp:attachment":[{"href":"https:\/\/kuzeyinsesi.org\/index.php\/wp-json\/wp\/v2\/media?parent=485"}],"wp:term":[{"taxonomy":"category","embeddable":true,"href":"https:\/\/kuzeyinsesi.org\/index.php\/wp-json\/wp\/v2\/categories?post=485"},{"taxonomy":"post_tag","embeddable":true,"href":"https:\/\/kuzeyinsesi.org\/index.php\/wp-json\/wp\/v2\/tags?post=485"}],"curies":[{"name":"wp","href":"https:\/\/api.w.org\/{rel}","templated":true}]}}