{"id":4819,"date":"2024-06-14T15:20:01","date_gmt":"2024-06-14T12:20:01","guid":{"rendered":"https:\/\/kuzeyinsesi.com\/index.php\/2024\/06\/14\/32nci-devlet-fotograf-yarismasinin-sonuclari-aciklandi\/"},"modified":"2024-06-14T15:20:01","modified_gmt":"2024-06-14T12:20:01","slug":"32nci-devlet-fotograf-yarismasinin-sonuclari-aciklandi","status":"publish","type":"post","link":"https:\/\/kuzeyinsesi.org\/index.php\/2024\/06\/14\/32nci-devlet-fotograf-yarismasinin-sonuclari-aciklandi\/","title":{"rendered":"32\u2019nci Devlet Foto\u011fraf Yar\u0131\u015fmas\u0131\u2019n\u0131n sonu\u00e7lar\u0131 a\u00e7\u0131kland\u0131"},"content":{"rendered":"<div>\n<div class=\"mariselle-image-container center\">\n                                            <\/div>\n<p>K\u00fclt\u00fcr Dairesi\u2019nin d\u00fczenledi\u011fi 32\u2019nci Devlet Foto\u011fraf Yar\u0131\u015fmas\u0131\u2019n\u0131n sonu\u00e7lar\u0131 a\u00e7\u0131kland\u0131.<\/p>\n<p>Buna g\u00f6re, 6 kategoride d\u00fczenlenen yar\u0131\u015fman\u0131n; ba\u015far\u0131 \u00f6d\u00fclleri, Kenan H\u00fcrdeniz, Atila Karaderi, Ula\u015f S\u00f6nmez, Mehmet Hoca, Jason Caner \u00d6zege\u2019nin, Mansiyonlar Altu\u011f Galip, Kutlay Muazzez Halkseven, Besime Tanul, Ula\u015f S\u00f6nmez, Kenan H\u00fcrdeniz\u2019in olurken, K\u00fclt\u00fcr Dairesi \u00d6zel \u00d6d\u00fcl\u00fc\u2019n\u00fc Ula\u015f S\u00f6nmez ve Se\u00e7ici Kurul \u00d6zel \u00d6d\u00fcl\u00fc\u2019n\u00fc de Kenan H\u00fcrdeniz ald\u0131.<\/p>\n<p>Sergide 10\u2019ar foto\u011fraf\u0131 yer alacak Ula\u015f S\u00f6nmez ve Mehmet G\u00f6kyi\u011fit \u201cYar\u0131\u015fmada En Fazla Eseri Sergilenen Foto\u011fraf\u00e7\u0131 \u00d6d\u00fcl\u00fc\u201dn\u00fc almaya hak kazand\u0131.<\/p>\n<p>De\u011ferlendirmesini d\u00fcn tamamlayan se\u00e7ici kurul 55 kat\u0131l\u0131mc\u0131n\u0131n toplam bin 91 foto\u011fraf\u0131 aras\u0131ndan 39 kat\u0131l\u0131mc\u0131n\u0131n 129 foto\u011fraf\u0131n\u0131 sergilemeye de\u011fer buldu.<\/p>\n<p>K\u00fclt\u00fcr Dairesi\u2019nden verilen bilgiye g\u00f6re, se\u00e7ici kurul Marmara \u00dcniversitesi G\u00fczel Sanatlar Fak\u00fcltesi Foto\u011fraf B\u00f6l\u00fcm\u00fcnde \u00f6\u011fretim \u00fcyesi ve G\u00fczel Sanatlar Enstit\u00fcs\u00fc M\u00fcd\u00fcr\u00fc Prof. Dr. Osman \u00dcrper, Trakya \u00dcniversitesi G\u00fczel Sanatlar Fak\u00fcltesi \u00d6\u011fretim \u00dcyesi Prof. Dr. Ali Muhammet Bayraktaro\u011flu ile KKTC\u2019den y\u00f6netmen ve foto\u011fraf sanat\u00e7\u0131s\u0131 Do\u011fu Akdeniz \u00dcniversitesi (DA\u00dc) Sanat Be\u015feri ve Sosyal Bilimler B\u00f6l\u00fcm\u00fc \u00d6\u011fretim G\u00f6revlisi Mert Yusuf \u00d6zl\u00fck\u2019den olu\u015ftu.<\/p>\n<p>Se\u00e7ici kurula g\u00f6zlemci \u00fcye olarak K\u00fclt\u00fcr Dairesi K\u00fclt\u00fcr Merkezi Y\u00f6netmeni ve Foto\u011fraf Sanat\u00e7\u0131s\u0131 Ceyhan \u00d6zy\u0131ld\u0131z ile yar\u0131\u015fman\u0131n Mimari kategorisinde Dan\u0131\u015fman \u00dcye olarak g\u00f6rev alan Mimar Abdullah Onar\u2019\u0131n k\u0131z\u0131 Sanat\u00e7\u0131 Anber Onar e\u015flik etti.<\/p>\n<p>De\u011ferlendirme toplant\u0131s\u0131nda K\u00fclt\u00fcr Dairesi M\u00fcd\u00fcr\u00fc \u015eirin Zafery\u0131ld\u0131z\u0131 Zaima\u011fao\u011flu da haz\u0131r bulundu.<\/p>\n<p>Kurulun de\u011ferlenmesinde Serbest (Siyah&amp;Beyaz) kategorisinde Ula\u015f S\u00f6nmez \u201cMutluluk\u201d isimli foto\u011fraf\u0131yla Ba\u015far\u0131 \u00d6d\u00fcl\u00fc\u2019n\u00fc \u201cMansiyon\u201d isimli foto\u011fraf\u0131yla da Mansiyonu almaya hak kazand\u0131.<\/p>\n<p>Serbest (Renkli) kategorisinde Ba\u015far\u0131 \u00d6d\u00fcl\u00fc \u201cLunch\u201d isimli foto\u011fraf\u0131yla Jason Caner \u00d6zege\u2019nin, Mansiyon ise \u201cDream Tale\u201d isimli foto\u011fraf\u0131yla Kenan H\u00fcrdeniz\u2019in oldu.<\/p>\n<p>Do\u011fa (Renkli-Siyah&amp;Beyaz) kategorisindeki Ba\u015far\u0131 \u00d6d\u00fcl\u00fcne \u201cAsabi\u201d isimli foto\u011fraf\u0131yla Kenan H\u00fcrdeniz lay\u0131k g\u00f6r\u00fcl\u00fcrken, Mansiyonu da \u201cRocks\u201d isimli foto\u011fraf\u0131yla Altu\u011f Galip ald\u0131.<\/p>\n<p>Benim \u015eehrim: G\u00fczelyurt\u2019um (Renkli-Siyah&amp;Beyaz) kategorisindeki Ba\u015far\u0131 \u00d6d\u00fcl\u00fc \u201cOrange Night\u201d isimli foto\u011fraf\u0131yla Atila Karaderi\u2019nin ve Mansiyon \u201cK\u0131rlardaki Ev\u201d isimli foto\u011fraf\u0131yla Kutlay Muazzez Halkseven\u2019in olurken, Kavramsal (Serbest) kategorisindeki Ba\u015far\u0131 \u00d6d\u00fcl\u00fc\u2019ne de \u201cOrtada\u201d isimli foto\u011fraf\u0131yla Ula\u015f S\u00f6nmez ve Mansiyon \u201cG\u00f6zya\u015flar\u0131 Damlalar\u0131\u201d isimli foto\u011fraf\u0131yla da Besime Tanul lay\u0131k bulundu.<\/p>\n<p>Mimari (Siyah&amp;Beyaz), Abdullah Onar\u2019\u0131n Eserleri kategorisindeki Ba\u015far\u0131 \u00d6d\u00fcl\u00fc \u201cMermer Dikeyler\u201d isimli foto\u011fraf\u0131yla Mehmet Hoca\u2019n\u0131n ve Mansiyon \u201cKesitler\u201d isimli foto\u011fraf\u0131yla Ula\u015f S\u00f6nmez\u2019in oldu.<\/p>\n<p>K\u00fclt\u00fcr Dairesi \u00d6zel \u00d6d\u00fcl\u00fc, \u201cSil\u00fcet\u201d isimli foto\u011fraf\u0131yla Ula\u015f S\u00f6nmez\u2019e giderken, Se\u00e7ici Kurul \u00d6zel \u00d6d\u00fcl\u00fc \u201cAction\u201d isimli foto\u011fraf\u0131yla Kenan H\u00fcrdeniz\u2019in oldu.<\/p>\n<p>K\u00fclt\u00fcr Dairesi yar\u0131\u015fman\u0131n \u00f6d\u00fcl t\u00f6reni ve sergi a\u00e7\u0131l\u0131\u015f\u0131n\u0131, 19 A\u011fustos\u2019ta, D\u00fcnya Foto\u011fraf\u00e7\u0131l\u0131k G\u00fcn\u00fc\u2019nde Atat\u00fcrk K\u00fclt\u00fcr Merkezi\u2019nde ger\u00e7ekle\u015ftirecek.<\/p>\n<\/p><\/div>\n<p><script async\n                    defer\n                    crossorigin=\"anonymous\"\n                    src=\"https:\/\/connect.facebook.net\/tr_TR\/sdk.js#xfbml=1&#038;version=v3.3\"\n            ><\/script><\/p>\n","protected":false},"excerpt":{"rendered":"<p>K\u00fclt\u00fcr Dairesi\u2019nin d\u00fczenledi\u011fi 32\u2019nci Devlet Foto\u011fraf Yar\u0131\u015fmas\u0131\u2019n\u0131n sonu\u00e7lar\u0131 a\u00e7\u0131kland\u0131. Buna g\u00f6re, 6 kategoride d\u00fczenlenen yar\u0131\u015fman\u0131n; ba\u015far\u0131 \u00f6d\u00fclleri, Kenan H\u00fcrdeniz, Atila Karaderi, Ula\u015f S\u00f6nmez, Mehmet Hoca, Jason Caner \u00d6zege\u2019nin, Mansiyonlar Altu\u011f Galip, Kutlay Muazzez Halkseven, Besime Tanul, Ula\u015f S\u00f6nmez, Kenan H\u00fcrdeniz\u2019in olurken, K\u00fclt\u00fcr Dairesi \u00d6zel \u00d6d\u00fcl\u00fc\u2019n\u00fc Ula\u015f S\u00f6nmez ve Se\u00e7ici Kurul \u00d6zel \u00d6d\u00fcl\u00fc\u2019n\u00fc de Kenan H\u00fcrdeniz [&hellip;]<\/p>\n","protected":false},"author":1,"featured_media":4820,"comment_status":"open","ping_status":"open","sticky":false,"template":"","format":"standard","meta":{"jnews-multi-image_gallery":[],"jnews_single_post":[],"jnews_primary_category":[],"jnews_social_meta":[],"jnews_override_counter":[],"footnotes":""},"categories":[6],"tags":[],"class_list":["post-4819","post","type-post","status-publish","format-standard","has-post-thumbnail","hentry","category-yasam"],"yoast_head":"<!-- This site is optimized with the Yoast SEO plugin v27.5 - https:\/\/yoast.com\/product\/yoast-seo-wordpress\/ -->\n<title>32\u2019nci Devlet Foto\u011fraf Yar\u0131\u015fmas\u0131\u2019n\u0131n sonu\u00e7lar\u0131 a\u00e7\u0131kland\u0131 - Kuzeyin Sesi<\/title>\n<meta name=\"robots\" content=\"index, follow, max-snippet:-1, max-image-preview:large, max-video-preview:-1\" \/>\n<link rel=\"canonical\" href=\"https:\/\/kuzeyinsesi.org\/index.php\/2024\/06\/14\/32nci-devlet-fotograf-yarismasinin-sonuclari-aciklandi\/\" \/>\n<meta property=\"og:locale\" content=\"tr_TR\" \/>\n<meta property=\"og:type\" content=\"article\" \/>\n<meta property=\"og:title\" content=\"32\u2019nci Devlet Foto\u011fraf Yar\u0131\u015fmas\u0131\u2019n\u0131n sonu\u00e7lar\u0131 a\u00e7\u0131kland\u0131 - Kuzeyin Sesi\" \/>\n<meta property=\"og:description\" content=\"K\u00fclt\u00fcr Dairesi\u2019nin d\u00fczenledi\u011fi 32\u2019nci Devlet Foto\u011fraf Yar\u0131\u015fmas\u0131\u2019n\u0131n sonu\u00e7lar\u0131 a\u00e7\u0131kland\u0131. Buna g\u00f6re, 6 kategoride d\u00fczenlenen yar\u0131\u015fman\u0131n; ba\u015far\u0131 \u00f6d\u00fclleri, Kenan H\u00fcrdeniz, Atila Karaderi, Ula\u015f S\u00f6nmez, Mehmet Hoca, Jason Caner \u00d6zege\u2019nin, Mansiyonlar Altu\u011f Galip, Kutlay Muazzez Halkseven, Besime Tanul, Ula\u015f S\u00f6nmez, Kenan H\u00fcrdeniz\u2019in olurken, K\u00fclt\u00fcr Dairesi \u00d6zel \u00d6d\u00fcl\u00fc\u2019n\u00fc Ula\u015f S\u00f6nmez ve Se\u00e7ici Kurul \u00d6zel \u00d6d\u00fcl\u00fc\u2019n\u00fc de Kenan H\u00fcrdeniz [&hellip;]\" \/>\n<meta property=\"og:url\" content=\"https:\/\/kuzeyinsesi.org\/index.php\/2024\/06\/14\/32nci-devlet-fotograf-yarismasinin-sonuclari-aciklandi\/\" \/>\n<meta property=\"og:site_name\" content=\"Kuzeyin Sesi\" \/>\n<meta property=\"article:publisher\" content=\"https:\/\/www.facebook.com\/kuzeyinsesii\" \/>\n<meta property=\"article:published_time\" content=\"2024-06-14T12:20:01+00:00\" \/>\n<meta property=\"og:image\" content=\"https:\/\/kuzeyinsesi.org\/wp-content\/uploads\/2024\/06\/devlet-fotograf-yarismasi-4--1024x683.jpg\" \/>\n\t<meta property=\"og:image:width\" content=\"1024\" \/>\n\t<meta property=\"og:image:height\" content=\"683\" \/>\n\t<meta property=\"og:image:type\" content=\"image\/jpeg\" \/>\n<meta name=\"author\" content=\"Kuzeyin Sesi\" \/>\n<meta name=\"twitter:card\" content=\"summary_large_image\" \/>\n<meta name=\"twitter:creator\" content=\"@kuzeyinsesii\" \/>\n<meta name=\"twitter:site\" content=\"@kuzeyinsesii\" \/>\n<meta name=\"twitter:label1\" content=\"Yazan:\" \/>\n\t<meta name=\"twitter:data1\" content=\"Kuzeyin Sesi\" \/>\n\t<meta name=\"twitter:label2\" content=\"Tahmini okuma s\u00fcresi\" \/>\n\t<meta name=\"twitter:data2\" content=\"3 dakika\" \/>\n<script type=\"application\/ld+json\" class=\"yoast-schema-graph\">{\"@context\":\"https:\\\/\\\/schema.org\",\"@graph\":[{\"@type\":\"Article\",\"@id\":\"https:\\\/\\\/kuzeyinsesi.org\\\/index.php\\\/2024\\\/06\\\/14\\\/32nci-devlet-fotograf-yarismasinin-sonuclari-aciklandi\\\/#article\",\"isPartOf\":{\"@id\":\"https:\\\/\\\/kuzeyinsesi.org\\\/index.php\\\/2024\\\/06\\\/14\\\/32nci-devlet-fotograf-yarismasinin-sonuclari-aciklandi\\\/\"},\"author\":{\"name\":\"Kuzeyin Sesi\",\"@id\":\"https:\\\/\\\/kuzeyinsesi.org\\\/#\\\/schema\\\/person\\\/9f859689cdf01485597712386e37f5aa\"},\"headline\":\"32\u2019nci Devlet Foto\u011fraf Yar\u0131\u015fmas\u0131\u2019n\u0131n sonu\u00e7lar\u0131 a\u00e7\u0131kland\u0131\",\"datePublished\":\"2024-06-14T12:20:01+00:00\",\"mainEntityOfPage\":{\"@id\":\"https:\\\/\\\/kuzeyinsesi.org\\\/index.php\\\/2024\\\/06\\\/14\\\/32nci-devlet-fotograf-yarismasinin-sonuclari-aciklandi\\\/\"},\"wordCount\":592,\"commentCount\":0,\"image\":{\"@id\":\"https:\\\/\\\/kuzeyinsesi.org\\\/index.php\\\/2024\\\/06\\\/14\\\/32nci-devlet-fotograf-yarismasinin-sonuclari-aciklandi\\\/#primaryimage\"},\"thumbnailUrl\":\"https:\\\/\\\/kuzeyinsesi.org\\\/wp-content\\\/uploads\\\/2024\\\/06\\\/devlet-fotograf-yarismasi-4-.jpg\",\"articleSection\":[\"Ya\u015fam\"],\"inLanguage\":\"tr\",\"potentialAction\":[{\"@type\":\"CommentAction\",\"name\":\"Comment\",\"target\":[\"https:\\\/\\\/kuzeyinsesi.org\\\/index.php\\\/2024\\\/06\\\/14\\\/32nci-devlet-fotograf-yarismasinin-sonuclari-aciklandi\\\/#respond\"]}]},{\"@type\":\"WebPage\",\"@id\":\"https:\\\/\\\/kuzeyinsesi.org\\\/index.php\\\/2024\\\/06\\\/14\\\/32nci-devlet-fotograf-yarismasinin-sonuclari-aciklandi\\\/\",\"url\":\"https:\\\/\\\/kuzeyinsesi.org\\\/index.php\\\/2024\\\/06\\\/14\\\/32nci-devlet-fotograf-yarismasinin-sonuclari-aciklandi\\\/\",\"name\":\"32\u2019nci Devlet Foto\u011fraf Yar\u0131\u015fmas\u0131\u2019n\u0131n sonu\u00e7lar\u0131 a\u00e7\u0131kland\u0131 - Kuzeyin Sesi\",\"isPartOf\":{\"@id\":\"https:\\\/\\\/kuzeyinsesi.org\\\/#website\"},\"primaryImageOfPage\":{\"@id\":\"https:\\\/\\\/kuzeyinsesi.org\\\/index.php\\\/2024\\\/06\\\/14\\\/32nci-devlet-fotograf-yarismasinin-sonuclari-aciklandi\\\/#primaryimage\"},\"image\":{\"@id\":\"https:\\\/\\\/kuzeyinsesi.org\\\/index.php\\\/2024\\\/06\\\/14\\\/32nci-devlet-fotograf-yarismasinin-sonuclari-aciklandi\\\/#primaryimage\"},\"thumbnailUrl\":\"https:\\\/\\\/kuzeyinsesi.org\\\/wp-content\\\/uploads\\\/2024\\\/06\\\/devlet-fotograf-yarismasi-4-.jpg\",\"datePublished\":\"2024-06-14T12:20:01+00:00\",\"author\":{\"@id\":\"https:\\\/\\\/kuzeyinsesi.org\\\/#\\\/schema\\\/person\\\/9f859689cdf01485597712386e37f5aa\"},\"breadcrumb\":{\"@id\":\"https:\\\/\\\/kuzeyinsesi.org\\\/index.php\\\/2024\\\/06\\\/14\\\/32nci-devlet-fotograf-yarismasinin-sonuclari-aciklandi\\\/#breadcrumb\"},\"inLanguage\":\"tr\",\"potentialAction\":[{\"@type\":\"ReadAction\",\"target\":[\"https:\\\/\\\/kuzeyinsesi.org\\\/index.php\\\/2024\\\/06\\\/14\\\/32nci-devlet-fotograf-yarismasinin-sonuclari-aciklandi\\\/\"]}]},{\"@type\":\"ImageObject\",\"inLanguage\":\"tr\",\"@id\":\"https:\\\/\\\/kuzeyinsesi.org\\\/index.php\\\/2024\\\/06\\\/14\\\/32nci-devlet-fotograf-yarismasinin-sonuclari-aciklandi\\\/#primaryimage\",\"url\":\"https:\\\/\\\/kuzeyinsesi.org\\\/wp-content\\\/uploads\\\/2024\\\/06\\\/devlet-fotograf-yarismasi-4-.jpg\",\"contentUrl\":\"https:\\\/\\\/kuzeyinsesi.org\\\/wp-content\\\/uploads\\\/2024\\\/06\\\/devlet-fotograf-yarismasi-4-.jpg\",\"width\":2362,\"height\":1575},{\"@type\":\"BreadcrumbList\",\"@id\":\"https:\\\/\\\/kuzeyinsesi.org\\\/index.php\\\/2024\\\/06\\\/14\\\/32nci-devlet-fotograf-yarismasinin-sonuclari-aciklandi\\\/#breadcrumb\",\"itemListElement\":[{\"@type\":\"ListItem\",\"position\":1,\"name\":\"Anasayfa\",\"item\":\"https:\\\/\\\/kuzeyinsesi.org\\\/\"},{\"@type\":\"ListItem\",\"position\":2,\"name\":\"32\u2019nci Devlet Foto\u011fraf Yar\u0131\u015fmas\u0131\u2019n\u0131n sonu\u00e7lar\u0131 a\u00e7\u0131kland\u0131\"}]},{\"@type\":\"WebSite\",\"@id\":\"https:\\\/\\\/kuzeyinsesi.org\\\/#website\",\"url\":\"https:\\\/\\\/kuzeyinsesi.org\\\/\",\"name\":\"Kuzeyin Sesi\",\"description\":\"Do\u011fru Haberin Adresi\",\"potentialAction\":[{\"@type\":\"SearchAction\",\"target\":{\"@type\":\"EntryPoint\",\"urlTemplate\":\"https:\\\/\\\/kuzeyinsesi.org\\\/?s={search_term_string}\"},\"query-input\":{\"@type\":\"PropertyValueSpecification\",\"valueRequired\":true,\"valueName\":\"search_term_string\"}}],\"inLanguage\":\"tr\"},{\"@type\":\"Person\",\"@id\":\"https:\\\/\\\/kuzeyinsesi.org\\\/#\\\/schema\\\/person\\\/9f859689cdf01485597712386e37f5aa\",\"name\":\"Kuzeyin Sesi\",\"image\":{\"@type\":\"ImageObject\",\"inLanguage\":\"tr\",\"@id\":\"https:\\\/\\\/secure.gravatar.com\\\/avatar\\\/bab33852abfd8b282518d6ed81826833d77c3c882d9ab608add591ccace47a44?s=96&d=mm&r=g\",\"url\":\"https:\\\/\\\/secure.gravatar.com\\\/avatar\\\/bab33852abfd8b282518d6ed81826833d77c3c882d9ab608add591ccace47a44?s=96&d=mm&r=g\",\"contentUrl\":\"https:\\\/\\\/secure.gravatar.com\\\/avatar\\\/bab33852abfd8b282518d6ed81826833d77c3c882d9ab608add591ccace47a44?s=96&d=mm&r=g\",\"caption\":\"Kuzeyin Sesi\"},\"sameAs\":[\"https:\\\/\\\/kuzeyinsesi.org\"],\"url\":\"https:\\\/\\\/kuzeyinsesi.org\\\/index.php\\\/author\\\/guven\\\/\"}]}<\/script>\n<!-- \/ Yoast SEO plugin. -->","yoast_head_json":{"title":"32\u2019nci Devlet Foto\u011fraf Yar\u0131\u015fmas\u0131\u2019n\u0131n sonu\u00e7lar\u0131 a\u00e7\u0131kland\u0131 - Kuzeyin Sesi","robots":{"index":"index","follow":"follow","max-snippet":"max-snippet:-1","max-image-preview":"max-image-preview:large","max-video-preview":"max-video-preview:-1"},"canonical":"https:\/\/kuzeyinsesi.org\/index.php\/2024\/06\/14\/32nci-devlet-fotograf-yarismasinin-sonuclari-aciklandi\/","og_locale":"tr_TR","og_type":"article","og_title":"32\u2019nci Devlet Foto\u011fraf Yar\u0131\u015fmas\u0131\u2019n\u0131n sonu\u00e7lar\u0131 a\u00e7\u0131kland\u0131 - Kuzeyin Sesi","og_description":"K\u00fclt\u00fcr Dairesi\u2019nin d\u00fczenledi\u011fi 32\u2019nci Devlet Foto\u011fraf Yar\u0131\u015fmas\u0131\u2019n\u0131n sonu\u00e7lar\u0131 a\u00e7\u0131kland\u0131. Buna g\u00f6re, 6 kategoride d\u00fczenlenen yar\u0131\u015fman\u0131n; ba\u015far\u0131 \u00f6d\u00fclleri, Kenan H\u00fcrdeniz, Atila Karaderi, Ula\u015f S\u00f6nmez, Mehmet Hoca, Jason Caner \u00d6zege\u2019nin, Mansiyonlar Altu\u011f Galip, Kutlay Muazzez Halkseven, Besime Tanul, Ula\u015f S\u00f6nmez, Kenan H\u00fcrdeniz\u2019in olurken, K\u00fclt\u00fcr Dairesi \u00d6zel \u00d6d\u00fcl\u00fc\u2019n\u00fc Ula\u015f S\u00f6nmez ve Se\u00e7ici Kurul \u00d6zel \u00d6d\u00fcl\u00fc\u2019n\u00fc de Kenan H\u00fcrdeniz [&hellip;]","og_url":"https:\/\/kuzeyinsesi.org\/index.php\/2024\/06\/14\/32nci-devlet-fotograf-yarismasinin-sonuclari-aciklandi\/","og_site_name":"Kuzeyin Sesi","article_publisher":"https:\/\/www.facebook.com\/kuzeyinsesii","article_published_time":"2024-06-14T12:20:01+00:00","og_image":[{"width":1024,"height":683,"url":"https:\/\/kuzeyinsesi.org\/wp-content\/uploads\/2024\/06\/devlet-fotograf-yarismasi-4--1024x683.jpg","type":"image\/jpeg"}],"author":"Kuzeyin Sesi","twitter_card":"summary_large_image","twitter_creator":"@kuzeyinsesii","twitter_site":"@kuzeyinsesii","twitter_misc":{"Yazan:":"Kuzeyin Sesi","Tahmini okuma s\u00fcresi":"3 dakika"},"schema":{"@context":"https:\/\/schema.org","@graph":[{"@type":"Article","@id":"https:\/\/kuzeyinsesi.org\/index.php\/2024\/06\/14\/32nci-devlet-fotograf-yarismasinin-sonuclari-aciklandi\/#article","isPartOf":{"@id":"https:\/\/kuzeyinsesi.org\/index.php\/2024\/06\/14\/32nci-devlet-fotograf-yarismasinin-sonuclari-aciklandi\/"},"author":{"name":"Kuzeyin Sesi","@id":"https:\/\/kuzeyinsesi.org\/#\/schema\/person\/9f859689cdf01485597712386e37f5aa"},"headline":"32\u2019nci Devlet Foto\u011fraf Yar\u0131\u015fmas\u0131\u2019n\u0131n sonu\u00e7lar\u0131 a\u00e7\u0131kland\u0131","datePublished":"2024-06-14T12:20:01+00:00","mainEntityOfPage":{"@id":"https:\/\/kuzeyinsesi.org\/index.php\/2024\/06\/14\/32nci-devlet-fotograf-yarismasinin-sonuclari-aciklandi\/"},"wordCount":592,"commentCount":0,"image":{"@id":"https:\/\/kuzeyinsesi.org\/index.php\/2024\/06\/14\/32nci-devlet-fotograf-yarismasinin-sonuclari-aciklandi\/#primaryimage"},"thumbnailUrl":"https:\/\/kuzeyinsesi.org\/wp-content\/uploads\/2024\/06\/devlet-fotograf-yarismasi-4-.jpg","articleSection":["Ya\u015fam"],"inLanguage":"tr","potentialAction":[{"@type":"CommentAction","name":"Comment","target":["https:\/\/kuzeyinsesi.org\/index.php\/2024\/06\/14\/32nci-devlet-fotograf-yarismasinin-sonuclari-aciklandi\/#respond"]}]},{"@type":"WebPage","@id":"https:\/\/kuzeyinsesi.org\/index.php\/2024\/06\/14\/32nci-devlet-fotograf-yarismasinin-sonuclari-aciklandi\/","url":"https:\/\/kuzeyinsesi.org\/index.php\/2024\/06\/14\/32nci-devlet-fotograf-yarismasinin-sonuclari-aciklandi\/","name":"32\u2019nci Devlet Foto\u011fraf Yar\u0131\u015fmas\u0131\u2019n\u0131n sonu\u00e7lar\u0131 a\u00e7\u0131kland\u0131 - Kuzeyin Sesi","isPartOf":{"@id":"https:\/\/kuzeyinsesi.org\/#website"},"primaryImageOfPage":{"@id":"https:\/\/kuzeyinsesi.org\/index.php\/2024\/06\/14\/32nci-devlet-fotograf-yarismasinin-sonuclari-aciklandi\/#primaryimage"},"image":{"@id":"https:\/\/kuzeyinsesi.org\/index.php\/2024\/06\/14\/32nci-devlet-fotograf-yarismasinin-sonuclari-aciklandi\/#primaryimage"},"thumbnailUrl":"https:\/\/kuzeyinsesi.org\/wp-content\/uploads\/2024\/06\/devlet-fotograf-yarismasi-4-.jpg","datePublished":"2024-06-14T12:20:01+00:00","author":{"@id":"https:\/\/kuzeyinsesi.org\/#\/schema\/person\/9f859689cdf01485597712386e37f5aa"},"breadcrumb":{"@id":"https:\/\/kuzeyinsesi.org\/index.php\/2024\/06\/14\/32nci-devlet-fotograf-yarismasinin-sonuclari-aciklandi\/#breadcrumb"},"inLanguage":"tr","potentialAction":[{"@type":"ReadAction","target":["https:\/\/kuzeyinsesi.org\/index.php\/2024\/06\/14\/32nci-devlet-fotograf-yarismasinin-sonuclari-aciklandi\/"]}]},{"@type":"ImageObject","inLanguage":"tr","@id":"https:\/\/kuzeyinsesi.org\/index.php\/2024\/06\/14\/32nci-devlet-fotograf-yarismasinin-sonuclari-aciklandi\/#primaryimage","url":"https:\/\/kuzeyinsesi.org\/wp-content\/uploads\/2024\/06\/devlet-fotograf-yarismasi-4-.jpg","contentUrl":"https:\/\/kuzeyinsesi.org\/wp-content\/uploads\/2024\/06\/devlet-fotograf-yarismasi-4-.jpg","width":2362,"height":1575},{"@type":"BreadcrumbList","@id":"https:\/\/kuzeyinsesi.org\/index.php\/2024\/06\/14\/32nci-devlet-fotograf-yarismasinin-sonuclari-aciklandi\/#breadcrumb","itemListElement":[{"@type":"ListItem","position":1,"name":"Anasayfa","item":"https:\/\/kuzeyinsesi.org\/"},{"@type":"ListItem","position":2,"name":"32\u2019nci Devlet Foto\u011fraf Yar\u0131\u015fmas\u0131\u2019n\u0131n sonu\u00e7lar\u0131 a\u00e7\u0131kland\u0131"}]},{"@type":"WebSite","@id":"https:\/\/kuzeyinsesi.org\/#website","url":"https:\/\/kuzeyinsesi.org\/","name":"Kuzeyin Sesi","description":"Do\u011fru Haberin Adresi","potentialAction":[{"@type":"SearchAction","target":{"@type":"EntryPoint","urlTemplate":"https:\/\/kuzeyinsesi.org\/?s={search_term_string}"},"query-input":{"@type":"PropertyValueSpecification","valueRequired":true,"valueName":"search_term_string"}}],"inLanguage":"tr"},{"@type":"Person","@id":"https:\/\/kuzeyinsesi.org\/#\/schema\/person\/9f859689cdf01485597712386e37f5aa","name":"Kuzeyin Sesi","image":{"@type":"ImageObject","inLanguage":"tr","@id":"https:\/\/secure.gravatar.com\/avatar\/bab33852abfd8b282518d6ed81826833d77c3c882d9ab608add591ccace47a44?s=96&d=mm&r=g","url":"https:\/\/secure.gravatar.com\/avatar\/bab33852abfd8b282518d6ed81826833d77c3c882d9ab608add591ccace47a44?s=96&d=mm&r=g","contentUrl":"https:\/\/secure.gravatar.com\/avatar\/bab33852abfd8b282518d6ed81826833d77c3c882d9ab608add591ccace47a44?s=96&d=mm&r=g","caption":"Kuzeyin Sesi"},"sameAs":["https:\/\/kuzeyinsesi.org"],"url":"https:\/\/kuzeyinsesi.org\/index.php\/author\/guven\/"}]}},"_links":{"self":[{"href":"https:\/\/kuzeyinsesi.org\/index.php\/wp-json\/wp\/v2\/posts\/4819","targetHints":{"allow":["GET"]}}],"collection":[{"href":"https:\/\/kuzeyinsesi.org\/index.php\/wp-json\/wp\/v2\/posts"}],"about":[{"href":"https:\/\/kuzeyinsesi.org\/index.php\/wp-json\/wp\/v2\/types\/post"}],"author":[{"embeddable":true,"href":"https:\/\/kuzeyinsesi.org\/index.php\/wp-json\/wp\/v2\/users\/1"}],"replies":[{"embeddable":true,"href":"https:\/\/kuzeyinsesi.org\/index.php\/wp-json\/wp\/v2\/comments?post=4819"}],"version-history":[{"count":0,"href":"https:\/\/kuzeyinsesi.org\/index.php\/wp-json\/wp\/v2\/posts\/4819\/revisions"}],"wp:featuredmedia":[{"embeddable":true,"href":"https:\/\/kuzeyinsesi.org\/index.php\/wp-json\/wp\/v2\/media\/4820"}],"wp:attachment":[{"href":"https:\/\/kuzeyinsesi.org\/index.php\/wp-json\/wp\/v2\/media?parent=4819"}],"wp:term":[{"taxonomy":"category","embeddable":true,"href":"https:\/\/kuzeyinsesi.org\/index.php\/wp-json\/wp\/v2\/categories?post=4819"},{"taxonomy":"post_tag","embeddable":true,"href":"https:\/\/kuzeyinsesi.org\/index.php\/wp-json\/wp\/v2\/tags?post=4819"}],"curies":[{"name":"wp","href":"https:\/\/api.w.org\/{rel}","templated":true}]}}