{"id":477,"date":"2024-04-25T21:03:12","date_gmt":"2024-04-25T18:03:12","guid":{"rendered":"https:\/\/kuzeyinsesi.com\/index.php\/2024\/04\/25\/gardiyanogludemirhandaki-engelsiz-yasam-evi-ihalesi-tamamlandi-imzalar-atildi\/"},"modified":"2024-04-25T21:03:12","modified_gmt":"2024-04-25T18:03:12","slug":"gardiyanogludemirhandaki-engelsiz-yasam-evi-ihalesi-tamamlandi-imzalar-atildi","status":"publish","type":"post","link":"https:\/\/kuzeyinsesi.org\/index.php\/2024\/04\/25\/gardiyanogludemirhandaki-engelsiz-yasam-evi-ihalesi-tamamlandi-imzalar-atildi\/","title":{"rendered":"Gardiyano\u011flu:Demirhan\u2019daki Engelsiz Ya\u015fam Evi ihalesi tamamland\u0131, imzalar at\u0131ld\u0131"},"content":{"rendered":"<div>\n<div class=\"mariselle-image-container center\">\n                                            <\/div>\n<p>\u00c7al\u0131\u015fma ve Sosyal G\u00fcvenlik Bakan\u0131 Sad\u0131k Gardiyano\u011flu, bug\u00fcn  konuk oldu\u011fu bir programda yapt\u0131\u011f\u0131 a\u00e7\u0131klamada,  Demirhan\u2019daki Engelsiz Ya\u015fam Evi\u2019nin ihalesinin tamamland\u0131\u011f\u0131n\u0131n m\u00fcjdesini verdi.,<\/p>\n<p>Engelsiz Ya\u015fam Evi ile  ilgili \u015fartnameyi  daha \u00f6nceki d\u00f6nemde ya\u015fanan h\u0131rs\u0131zl\u0131k olay\u0131ndan dolay\u0131,   sil ba\u015ftan de\u011fi\u015ftirmek zorunda  kald\u0131klar\u0131n\u0131 ifade eden Gardiyano\u011flu  \u201c\u015eartnamenin  her defas\u0131nda de\u011fi\u015fmesi demek, yeni bir  fiyat ve ke\u015fif demek. Yeni bir ke\u015fif demek yeni bir y\u00f6netim kurulu karar\u0131  demek. Her bir \u015fartname yap\u0131lacak olan i\u015fin bir ay gecikmesi demek \u2019\u2019 \u015feklinde konu\u015ftu.<\/p>\n<p> \u201cBunun da m\u00fcjdesini burada vereyim; y\u0131llard\u0131r y\u0131lan hikayesine d\u00f6nen Demirhan Engelsiz Ya\u015fam Evi\u2019nde tam be\u015f kere \u015fartnameyi de\u011fi\u015ftirmek zorunda kald\u0131k. Son 7 ayda 2 kere temizlettik ve h\u0131zland\u0131raca\u011f\u0131m\u0131z\u0131 s\u00f6yledik. \u015eartnamede s\u0131k\u0131nt\u0131lar\u0131m\u0131z \u00e7\u0131kt\u0131. Bir \u00e7ok malzeme \u00e7al\u0131nm\u0131\u015ft\u0131, baz\u0131 cihazlar \u00e7al\u0131\u015fm\u0131yordu. Merkez Bankas\u0131\u2019n\u0131n  ana sponsorlu\u011funda i\u015fimizi  tamamlad\u0131k. Demirhan Ya\u015fam Evi ile ilgili ihalenin imzas\u0131n\u0131 ge\u00e7en hafta Cuma g\u00fcn\u00fc ilgili firmayla imzalar\u0131m\u0131z\u0131 att\u0131k.\u2019\u2019 ifadelerini kulland\u0131.<\/p>\n<p>Merkezi \u0130hale Komsiyonu taraf\u0131ndan a\u00e7\u0131lan  Engelsiz  Ya\u015fam Evi Tamir ve Tadilat Yap\u0131m Projesi\u2019ni  Dokuz Milyon Alt\u0131 Y\u00fcz  Altm\u0131\u015f  Alt\u0131 Bin  Yedi Y\u00fcz  Yetmi\u015f Sekiz  T\u00fcrk Liras\u0131 Alt\u0131 Kuru\u015f ( 9.666.778.06 TL) ( kdv hari\u00e7)   ihale bedeli ile Ceman Constraction kazand\u0131. \u0130lgili Firmanin sahibi Bar\u0131\u015f Tosuno\u011flu   ile \u00c7al\u0131\u015fma ve Sosyal G\u00fcvenlik Bakan\u0131 Sad\u0131k Gardiyano\u011flu  aras\u0131nda  imzalar 19 Nisan 2024 tarihinde \u00c7al\u0131\u015fma ve Sosyal G\u00fcvenlik Bakanl\u0131\u011f\u0131\u2019nda at\u0131ld\u0131. \u0130hale \u015fartnamesine g\u00f6re  Engelsiz Ya\u015fam Evi Tamir ve Tadilat  Yap\u0131m Projesi,  120 i\u015f g\u00fcn\u00fc  i\u00e7inde tamamlanacak.<\/p>\n<\/p><\/div>\n<p><script async\n                    defer\n                    crossorigin=\"anonymous\"\n                    src=\"https:\/\/connect.facebook.net\/tr_TR\/sdk.js#xfbml=1&#038;version=v3.3\"\n            ><\/script><\/p>\n","protected":false},"excerpt":{"rendered":"<p>\u00c7al\u0131\u015fma ve Sosyal G\u00fcvenlik Bakan\u0131 Sad\u0131k Gardiyano\u011flu, bug\u00fcn konuk oldu\u011fu bir programda yapt\u0131\u011f\u0131 a\u00e7\u0131klamada, Demirhan\u2019daki Engelsiz Ya\u015fam Evi\u2019nin ihalesinin tamamland\u0131\u011f\u0131n\u0131n m\u00fcjdesini verdi., Engelsiz Ya\u015fam Evi ile ilgili \u015fartnameyi daha \u00f6nceki d\u00f6nemde ya\u015fanan h\u0131rs\u0131zl\u0131k olay\u0131ndan dolay\u0131, sil ba\u015ftan de\u011fi\u015ftirmek zorunda kald\u0131klar\u0131n\u0131 ifade eden Gardiyano\u011flu \u201c\u015eartnamenin her defas\u0131nda de\u011fi\u015fmesi demek, yeni bir fiyat ve ke\u015fif demek. Yeni [&hellip;]<\/p>\n","protected":false},"author":1,"featured_media":478,"comment_status":"open","ping_status":"open","sticky":false,"template":"","format":"standard","meta":{"jnews-multi-image_gallery":[],"jnews_single_post":[],"jnews_primary_category":[],"jnews_social_meta":[],"jnews_override_counter":[],"footnotes":""},"categories":[1],"tags":[],"class_list":["post-477","post","type-post","status-publish","format-standard","has-post-thumbnail","hentry","category-kibris"],"yoast_head":"<!-- This site is optimized with the Yoast SEO plugin v27.5 - https:\/\/yoast.com\/product\/yoast-seo-wordpress\/ -->\n<title>Gardiyano\u011flu:Demirhan\u2019daki Engelsiz Ya\u015fam Evi ihalesi tamamland\u0131, imzalar at\u0131ld\u0131 - Kuzeyin Sesi<\/title>\n<meta name=\"robots\" content=\"index, follow, max-snippet:-1, max-image-preview:large, max-video-preview:-1\" \/>\n<link rel=\"canonical\" href=\"https:\/\/kuzeyinsesi.org\/index.php\/2024\/04\/25\/gardiyanogludemirhandaki-engelsiz-yasam-evi-ihalesi-tamamlandi-imzalar-atildi\/\" \/>\n<meta property=\"og:locale\" content=\"tr_TR\" \/>\n<meta property=\"og:type\" content=\"article\" \/>\n<meta property=\"og:title\" content=\"Gardiyano\u011flu:Demirhan\u2019daki Engelsiz Ya\u015fam Evi ihalesi tamamland\u0131, imzalar at\u0131ld\u0131 - Kuzeyin Sesi\" \/>\n<meta property=\"og:description\" content=\"\u00c7al\u0131\u015fma ve Sosyal G\u00fcvenlik Bakan\u0131 Sad\u0131k Gardiyano\u011flu, bug\u00fcn konuk oldu\u011fu bir programda yapt\u0131\u011f\u0131 a\u00e7\u0131klamada, Demirhan\u2019daki Engelsiz Ya\u015fam Evi\u2019nin ihalesinin tamamland\u0131\u011f\u0131n\u0131n m\u00fcjdesini verdi., Engelsiz Ya\u015fam Evi ile ilgili \u015fartnameyi daha \u00f6nceki d\u00f6nemde ya\u015fanan h\u0131rs\u0131zl\u0131k olay\u0131ndan dolay\u0131, sil ba\u015ftan de\u011fi\u015ftirmek zorunda kald\u0131klar\u0131n\u0131 ifade eden Gardiyano\u011flu \u201c\u015eartnamenin her defas\u0131nda de\u011fi\u015fmesi demek, yeni bir fiyat ve ke\u015fif demek. Yeni [&hellip;]\" \/>\n<meta property=\"og:url\" content=\"https:\/\/kuzeyinsesi.org\/index.php\/2024\/04\/25\/gardiyanogludemirhandaki-engelsiz-yasam-evi-ihalesi-tamamlandi-imzalar-atildi\/\" \/>\n<meta property=\"og:site_name\" content=\"Kuzeyin Sesi\" \/>\n<meta property=\"article:publisher\" content=\"https:\/\/www.facebook.com\/kuzeyinsesii\" \/>\n<meta property=\"article:published_time\" content=\"2024-04-25T18:03:12+00:00\" \/>\n<meta property=\"og:image\" content=\"https:\/\/kuzeyinsesi.org\/wp-content\/uploads\/2024\/04\/ihale-scaled.jpg\" \/>\n\t<meta property=\"og:image:width\" content=\"2560\" \/>\n\t<meta property=\"og:image:height\" content=\"1514\" \/>\n\t<meta property=\"og:image:type\" content=\"image\/jpeg\" \/>\n<meta name=\"author\" content=\"Kuzeyin Sesi\" \/>\n<meta name=\"twitter:card\" content=\"summary_large_image\" \/>\n<meta name=\"twitter:creator\" content=\"@kuzeyinsesii\" \/>\n<meta name=\"twitter:site\" content=\"@kuzeyinsesii\" \/>\n<meta name=\"twitter:label1\" content=\"Yazan:\" \/>\n\t<meta name=\"twitter:data1\" content=\"Kuzeyin Sesi\" \/>\n\t<meta name=\"twitter:label2\" content=\"Tahmini okuma s\u00fcresi\" \/>\n\t<meta name=\"twitter:data2\" content=\"2 dakika\" \/>\n<script type=\"application\/ld+json\" class=\"yoast-schema-graph\">{\"@context\":\"https:\\\/\\\/schema.org\",\"@graph\":[{\"@type\":\"Article\",\"@id\":\"https:\\\/\\\/kuzeyinsesi.org\\\/index.php\\\/2024\\\/04\\\/25\\\/gardiyanogludemirhandaki-engelsiz-yasam-evi-ihalesi-tamamlandi-imzalar-atildi\\\/#article\",\"isPartOf\":{\"@id\":\"https:\\\/\\\/kuzeyinsesi.org\\\/index.php\\\/2024\\\/04\\\/25\\\/gardiyanogludemirhandaki-engelsiz-yasam-evi-ihalesi-tamamlandi-imzalar-atildi\\\/\"},\"author\":{\"name\":\"Kuzeyin Sesi\",\"@id\":\"https:\\\/\\\/kuzeyinsesi.org\\\/#\\\/schema\\\/person\\\/9f859689cdf01485597712386e37f5aa\"},\"headline\":\"Gardiyano\u011flu:Demirhan\u2019daki Engelsiz Ya\u015fam Evi ihalesi tamamland\u0131, imzalar at\u0131ld\u0131\",\"datePublished\":\"2024-04-25T18:03:12+00:00\",\"mainEntityOfPage\":{\"@id\":\"https:\\\/\\\/kuzeyinsesi.org\\\/index.php\\\/2024\\\/04\\\/25\\\/gardiyanogludemirhandaki-engelsiz-yasam-evi-ihalesi-tamamlandi-imzalar-atildi\\\/\"},\"wordCount\":318,\"commentCount\":0,\"image\":{\"@id\":\"https:\\\/\\\/kuzeyinsesi.org\\\/index.php\\\/2024\\\/04\\\/25\\\/gardiyanogludemirhandaki-engelsiz-yasam-evi-ihalesi-tamamlandi-imzalar-atildi\\\/#primaryimage\"},\"thumbnailUrl\":\"https:\\\/\\\/kuzeyinsesi.org\\\/wp-content\\\/uploads\\\/2024\\\/04\\\/ihale-scaled.jpg\",\"articleSection\":[\"K\u0131br\u0131s\"],\"inLanguage\":\"tr\",\"potentialAction\":[{\"@type\":\"CommentAction\",\"name\":\"Comment\",\"target\":[\"https:\\\/\\\/kuzeyinsesi.org\\\/index.php\\\/2024\\\/04\\\/25\\\/gardiyanogludemirhandaki-engelsiz-yasam-evi-ihalesi-tamamlandi-imzalar-atildi\\\/#respond\"]}]},{\"@type\":\"WebPage\",\"@id\":\"https:\\\/\\\/kuzeyinsesi.org\\\/index.php\\\/2024\\\/04\\\/25\\\/gardiyanogludemirhandaki-engelsiz-yasam-evi-ihalesi-tamamlandi-imzalar-atildi\\\/\",\"url\":\"https:\\\/\\\/kuzeyinsesi.org\\\/index.php\\\/2024\\\/04\\\/25\\\/gardiyanogludemirhandaki-engelsiz-yasam-evi-ihalesi-tamamlandi-imzalar-atildi\\\/\",\"name\":\"Gardiyano\u011flu:Demirhan\u2019daki Engelsiz Ya\u015fam Evi ihalesi tamamland\u0131, imzalar at\u0131ld\u0131 - Kuzeyin Sesi\",\"isPartOf\":{\"@id\":\"https:\\\/\\\/kuzeyinsesi.org\\\/#website\"},\"primaryImageOfPage\":{\"@id\":\"https:\\\/\\\/kuzeyinsesi.org\\\/index.php\\\/2024\\\/04\\\/25\\\/gardiyanogludemirhandaki-engelsiz-yasam-evi-ihalesi-tamamlandi-imzalar-atildi\\\/#primaryimage\"},\"image\":{\"@id\":\"https:\\\/\\\/kuzeyinsesi.org\\\/index.php\\\/2024\\\/04\\\/25\\\/gardiyanogludemirhandaki-engelsiz-yasam-evi-ihalesi-tamamlandi-imzalar-atildi\\\/#primaryimage\"},\"thumbnailUrl\":\"https:\\\/\\\/kuzeyinsesi.org\\\/wp-content\\\/uploads\\\/2024\\\/04\\\/ihale-scaled.jpg\",\"datePublished\":\"2024-04-25T18:03:12+00:00\",\"author\":{\"@id\":\"https:\\\/\\\/kuzeyinsesi.org\\\/#\\\/schema\\\/person\\\/9f859689cdf01485597712386e37f5aa\"},\"breadcrumb\":{\"@id\":\"https:\\\/\\\/kuzeyinsesi.org\\\/index.php\\\/2024\\\/04\\\/25\\\/gardiyanogludemirhandaki-engelsiz-yasam-evi-ihalesi-tamamlandi-imzalar-atildi\\\/#breadcrumb\"},\"inLanguage\":\"tr\",\"potentialAction\":[{\"@type\":\"ReadAction\",\"target\":[\"https:\\\/\\\/kuzeyinsesi.org\\\/index.php\\\/2024\\\/04\\\/25\\\/gardiyanogludemirhandaki-engelsiz-yasam-evi-ihalesi-tamamlandi-imzalar-atildi\\\/\"]}]},{\"@type\":\"ImageObject\",\"inLanguage\":\"tr\",\"@id\":\"https:\\\/\\\/kuzeyinsesi.org\\\/index.php\\\/2024\\\/04\\\/25\\\/gardiyanogludemirhandaki-engelsiz-yasam-evi-ihalesi-tamamlandi-imzalar-atildi\\\/#primaryimage\",\"url\":\"https:\\\/\\\/kuzeyinsesi.org\\\/wp-content\\\/uploads\\\/2024\\\/04\\\/ihale-scaled.jpg\",\"contentUrl\":\"https:\\\/\\\/kuzeyinsesi.org\\\/wp-content\\\/uploads\\\/2024\\\/04\\\/ihale-scaled.jpg\",\"width\":2560,\"height\":1514},{\"@type\":\"BreadcrumbList\",\"@id\":\"https:\\\/\\\/kuzeyinsesi.org\\\/index.php\\\/2024\\\/04\\\/25\\\/gardiyanogludemirhandaki-engelsiz-yasam-evi-ihalesi-tamamlandi-imzalar-atildi\\\/#breadcrumb\",\"itemListElement\":[{\"@type\":\"ListItem\",\"position\":1,\"name\":\"Anasayfa\",\"item\":\"https:\\\/\\\/kuzeyinsesi.org\\\/\"},{\"@type\":\"ListItem\",\"position\":2,\"name\":\"Gardiyano\u011flu:Demirhan\u2019daki Engelsiz Ya\u015fam Evi ihalesi tamamland\u0131, imzalar at\u0131ld\u0131\"}]},{\"@type\":\"WebSite\",\"@id\":\"https:\\\/\\\/kuzeyinsesi.org\\\/#website\",\"url\":\"https:\\\/\\\/kuzeyinsesi.org\\\/\",\"name\":\"Kuzeyin Sesi\",\"description\":\"Do\u011fru Haberin Adresi\",\"potentialAction\":[{\"@type\":\"SearchAction\",\"target\":{\"@type\":\"EntryPoint\",\"urlTemplate\":\"https:\\\/\\\/kuzeyinsesi.org\\\/?s={search_term_string}\"},\"query-input\":{\"@type\":\"PropertyValueSpecification\",\"valueRequired\":true,\"valueName\":\"search_term_string\"}}],\"inLanguage\":\"tr\"},{\"@type\":\"Person\",\"@id\":\"https:\\\/\\\/kuzeyinsesi.org\\\/#\\\/schema\\\/person\\\/9f859689cdf01485597712386e37f5aa\",\"name\":\"Kuzeyin Sesi\",\"image\":{\"@type\":\"ImageObject\",\"inLanguage\":\"tr\",\"@id\":\"https:\\\/\\\/secure.gravatar.com\\\/avatar\\\/bab33852abfd8b282518d6ed81826833d77c3c882d9ab608add591ccace47a44?s=96&d=mm&r=g\",\"url\":\"https:\\\/\\\/secure.gravatar.com\\\/avatar\\\/bab33852abfd8b282518d6ed81826833d77c3c882d9ab608add591ccace47a44?s=96&d=mm&r=g\",\"contentUrl\":\"https:\\\/\\\/secure.gravatar.com\\\/avatar\\\/bab33852abfd8b282518d6ed81826833d77c3c882d9ab608add591ccace47a44?s=96&d=mm&r=g\",\"caption\":\"Kuzeyin Sesi\"},\"sameAs\":[\"https:\\\/\\\/kuzeyinsesi.org\"],\"url\":\"https:\\\/\\\/kuzeyinsesi.org\\\/index.php\\\/author\\\/guven\\\/\"}]}<\/script>\n<!-- \/ Yoast SEO plugin. -->","yoast_head_json":{"title":"Gardiyano\u011flu:Demirhan\u2019daki Engelsiz Ya\u015fam Evi ihalesi tamamland\u0131, imzalar at\u0131ld\u0131 - Kuzeyin Sesi","robots":{"index":"index","follow":"follow","max-snippet":"max-snippet:-1","max-image-preview":"max-image-preview:large","max-video-preview":"max-video-preview:-1"},"canonical":"https:\/\/kuzeyinsesi.org\/index.php\/2024\/04\/25\/gardiyanogludemirhandaki-engelsiz-yasam-evi-ihalesi-tamamlandi-imzalar-atildi\/","og_locale":"tr_TR","og_type":"article","og_title":"Gardiyano\u011flu:Demirhan\u2019daki Engelsiz Ya\u015fam Evi ihalesi tamamland\u0131, imzalar at\u0131ld\u0131 - Kuzeyin Sesi","og_description":"\u00c7al\u0131\u015fma ve Sosyal G\u00fcvenlik Bakan\u0131 Sad\u0131k Gardiyano\u011flu, bug\u00fcn konuk oldu\u011fu bir programda yapt\u0131\u011f\u0131 a\u00e7\u0131klamada, Demirhan\u2019daki Engelsiz Ya\u015fam Evi\u2019nin ihalesinin tamamland\u0131\u011f\u0131n\u0131n m\u00fcjdesini verdi., Engelsiz Ya\u015fam Evi ile ilgili \u015fartnameyi daha \u00f6nceki d\u00f6nemde ya\u015fanan h\u0131rs\u0131zl\u0131k olay\u0131ndan dolay\u0131, sil ba\u015ftan de\u011fi\u015ftirmek zorunda kald\u0131klar\u0131n\u0131 ifade eden Gardiyano\u011flu \u201c\u015eartnamenin her defas\u0131nda de\u011fi\u015fmesi demek, yeni bir fiyat ve ke\u015fif demek. Yeni [&hellip;]","og_url":"https:\/\/kuzeyinsesi.org\/index.php\/2024\/04\/25\/gardiyanogludemirhandaki-engelsiz-yasam-evi-ihalesi-tamamlandi-imzalar-atildi\/","og_site_name":"Kuzeyin Sesi","article_publisher":"https:\/\/www.facebook.com\/kuzeyinsesii","article_published_time":"2024-04-25T18:03:12+00:00","og_image":[{"width":2560,"height":1514,"url":"https:\/\/kuzeyinsesi.org\/wp-content\/uploads\/2024\/04\/ihale-scaled.jpg","type":"image\/jpeg"}],"author":"Kuzeyin Sesi","twitter_card":"summary_large_image","twitter_creator":"@kuzeyinsesii","twitter_site":"@kuzeyinsesii","twitter_misc":{"Yazan:":"Kuzeyin Sesi","Tahmini okuma s\u00fcresi":"2 dakika"},"schema":{"@context":"https:\/\/schema.org","@graph":[{"@type":"Article","@id":"https:\/\/kuzeyinsesi.org\/index.php\/2024\/04\/25\/gardiyanogludemirhandaki-engelsiz-yasam-evi-ihalesi-tamamlandi-imzalar-atildi\/#article","isPartOf":{"@id":"https:\/\/kuzeyinsesi.org\/index.php\/2024\/04\/25\/gardiyanogludemirhandaki-engelsiz-yasam-evi-ihalesi-tamamlandi-imzalar-atildi\/"},"author":{"name":"Kuzeyin Sesi","@id":"https:\/\/kuzeyinsesi.org\/#\/schema\/person\/9f859689cdf01485597712386e37f5aa"},"headline":"Gardiyano\u011flu:Demirhan\u2019daki Engelsiz Ya\u015fam Evi ihalesi tamamland\u0131, imzalar at\u0131ld\u0131","datePublished":"2024-04-25T18:03:12+00:00","mainEntityOfPage":{"@id":"https:\/\/kuzeyinsesi.org\/index.php\/2024\/04\/25\/gardiyanogludemirhandaki-engelsiz-yasam-evi-ihalesi-tamamlandi-imzalar-atildi\/"},"wordCount":318,"commentCount":0,"image":{"@id":"https:\/\/kuzeyinsesi.org\/index.php\/2024\/04\/25\/gardiyanogludemirhandaki-engelsiz-yasam-evi-ihalesi-tamamlandi-imzalar-atildi\/#primaryimage"},"thumbnailUrl":"https:\/\/kuzeyinsesi.org\/wp-content\/uploads\/2024\/04\/ihale-scaled.jpg","articleSection":["K\u0131br\u0131s"],"inLanguage":"tr","potentialAction":[{"@type":"CommentAction","name":"Comment","target":["https:\/\/kuzeyinsesi.org\/index.php\/2024\/04\/25\/gardiyanogludemirhandaki-engelsiz-yasam-evi-ihalesi-tamamlandi-imzalar-atildi\/#respond"]}]},{"@type":"WebPage","@id":"https:\/\/kuzeyinsesi.org\/index.php\/2024\/04\/25\/gardiyanogludemirhandaki-engelsiz-yasam-evi-ihalesi-tamamlandi-imzalar-atildi\/","url":"https:\/\/kuzeyinsesi.org\/index.php\/2024\/04\/25\/gardiyanogludemirhandaki-engelsiz-yasam-evi-ihalesi-tamamlandi-imzalar-atildi\/","name":"Gardiyano\u011flu:Demirhan\u2019daki Engelsiz Ya\u015fam Evi ihalesi tamamland\u0131, imzalar at\u0131ld\u0131 - Kuzeyin Sesi","isPartOf":{"@id":"https:\/\/kuzeyinsesi.org\/#website"},"primaryImageOfPage":{"@id":"https:\/\/kuzeyinsesi.org\/index.php\/2024\/04\/25\/gardiyanogludemirhandaki-engelsiz-yasam-evi-ihalesi-tamamlandi-imzalar-atildi\/#primaryimage"},"image":{"@id":"https:\/\/kuzeyinsesi.org\/index.php\/2024\/04\/25\/gardiyanogludemirhandaki-engelsiz-yasam-evi-ihalesi-tamamlandi-imzalar-atildi\/#primaryimage"},"thumbnailUrl":"https:\/\/kuzeyinsesi.org\/wp-content\/uploads\/2024\/04\/ihale-scaled.jpg","datePublished":"2024-04-25T18:03:12+00:00","author":{"@id":"https:\/\/kuzeyinsesi.org\/#\/schema\/person\/9f859689cdf01485597712386e37f5aa"},"breadcrumb":{"@id":"https:\/\/kuzeyinsesi.org\/index.php\/2024\/04\/25\/gardiyanogludemirhandaki-engelsiz-yasam-evi-ihalesi-tamamlandi-imzalar-atildi\/#breadcrumb"},"inLanguage":"tr","potentialAction":[{"@type":"ReadAction","target":["https:\/\/kuzeyinsesi.org\/index.php\/2024\/04\/25\/gardiyanogludemirhandaki-engelsiz-yasam-evi-ihalesi-tamamlandi-imzalar-atildi\/"]}]},{"@type":"ImageObject","inLanguage":"tr","@id":"https:\/\/kuzeyinsesi.org\/index.php\/2024\/04\/25\/gardiyanogludemirhandaki-engelsiz-yasam-evi-ihalesi-tamamlandi-imzalar-atildi\/#primaryimage","url":"https:\/\/kuzeyinsesi.org\/wp-content\/uploads\/2024\/04\/ihale-scaled.jpg","contentUrl":"https:\/\/kuzeyinsesi.org\/wp-content\/uploads\/2024\/04\/ihale-scaled.jpg","width":2560,"height":1514},{"@type":"BreadcrumbList","@id":"https:\/\/kuzeyinsesi.org\/index.php\/2024\/04\/25\/gardiyanogludemirhandaki-engelsiz-yasam-evi-ihalesi-tamamlandi-imzalar-atildi\/#breadcrumb","itemListElement":[{"@type":"ListItem","position":1,"name":"Anasayfa","item":"https:\/\/kuzeyinsesi.org\/"},{"@type":"ListItem","position":2,"name":"Gardiyano\u011flu:Demirhan\u2019daki Engelsiz Ya\u015fam Evi ihalesi tamamland\u0131, imzalar at\u0131ld\u0131"}]},{"@type":"WebSite","@id":"https:\/\/kuzeyinsesi.org\/#website","url":"https:\/\/kuzeyinsesi.org\/","name":"Kuzeyin Sesi","description":"Do\u011fru Haberin Adresi","potentialAction":[{"@type":"SearchAction","target":{"@type":"EntryPoint","urlTemplate":"https:\/\/kuzeyinsesi.org\/?s={search_term_string}"},"query-input":{"@type":"PropertyValueSpecification","valueRequired":true,"valueName":"search_term_string"}}],"inLanguage":"tr"},{"@type":"Person","@id":"https:\/\/kuzeyinsesi.org\/#\/schema\/person\/9f859689cdf01485597712386e37f5aa","name":"Kuzeyin Sesi","image":{"@type":"ImageObject","inLanguage":"tr","@id":"https:\/\/secure.gravatar.com\/avatar\/bab33852abfd8b282518d6ed81826833d77c3c882d9ab608add591ccace47a44?s=96&d=mm&r=g","url":"https:\/\/secure.gravatar.com\/avatar\/bab33852abfd8b282518d6ed81826833d77c3c882d9ab608add591ccace47a44?s=96&d=mm&r=g","contentUrl":"https:\/\/secure.gravatar.com\/avatar\/bab33852abfd8b282518d6ed81826833d77c3c882d9ab608add591ccace47a44?s=96&d=mm&r=g","caption":"Kuzeyin Sesi"},"sameAs":["https:\/\/kuzeyinsesi.org"],"url":"https:\/\/kuzeyinsesi.org\/index.php\/author\/guven\/"}]}},"_links":{"self":[{"href":"https:\/\/kuzeyinsesi.org\/index.php\/wp-json\/wp\/v2\/posts\/477","targetHints":{"allow":["GET"]}}],"collection":[{"href":"https:\/\/kuzeyinsesi.org\/index.php\/wp-json\/wp\/v2\/posts"}],"about":[{"href":"https:\/\/kuzeyinsesi.org\/index.php\/wp-json\/wp\/v2\/types\/post"}],"author":[{"embeddable":true,"href":"https:\/\/kuzeyinsesi.org\/index.php\/wp-json\/wp\/v2\/users\/1"}],"replies":[{"embeddable":true,"href":"https:\/\/kuzeyinsesi.org\/index.php\/wp-json\/wp\/v2\/comments?post=477"}],"version-history":[{"count":0,"href":"https:\/\/kuzeyinsesi.org\/index.php\/wp-json\/wp\/v2\/posts\/477\/revisions"}],"wp:featuredmedia":[{"embeddable":true,"href":"https:\/\/kuzeyinsesi.org\/index.php\/wp-json\/wp\/v2\/media\/478"}],"wp:attachment":[{"href":"https:\/\/kuzeyinsesi.org\/index.php\/wp-json\/wp\/v2\/media?parent=477"}],"wp:term":[{"taxonomy":"category","embeddable":true,"href":"https:\/\/kuzeyinsesi.org\/index.php\/wp-json\/wp\/v2\/categories?post=477"},{"taxonomy":"post_tag","embeddable":true,"href":"https:\/\/kuzeyinsesi.org\/index.php\/wp-json\/wp\/v2\/tags?post=477"}],"curies":[{"name":"wp","href":"https:\/\/api.w.org\/{rel}","templated":true}]}}