{"id":4755,"date":"2024-06-13T16:47:20","date_gmt":"2024-06-13T13:47:20","guid":{"rendered":"https:\/\/kuzeyinsesi.com\/index.php\/2024\/06\/13\/dau-ile-turksoy-is-birliginde-sairler-bulusmasi-etkinligi-gerceklestirildi\/"},"modified":"2024-06-13T16:47:20","modified_gmt":"2024-06-13T13:47:20","slug":"dau-ile-turksoy-is-birliginde-sairler-bulusmasi-etkinligi-gerceklestirildi","status":"publish","type":"post","link":"https:\/\/kuzeyinsesi.org\/index.php\/2024\/06\/13\/dau-ile-turksoy-is-birliginde-sairler-bulusmasi-etkinligi-gerceklestirildi\/","title":{"rendered":"DA\u00dc ile T\u00dcRKSOY i\u015f birli\u011finde \u015fairler bulu\u015fmas\u0131 etkinli\u011fi ger\u00e7ekle\u015ftirildi"},"content":{"rendered":"<div>\n<div class=\"mariselle-image-container none\">\n                                            <\/div>\n<p>Do\u011fu Akdeniz \u00dcniversitesi (DA\u00dc), Uluslararas\u0131 T\u00fcrk K\u00fclt\u00fcr\u00fc Te\u015fkilat\u0131 (T\u00dcRKSOY) i\u015f birli\u011finde \u201cMahtumkulu Firaki\u2019ye Adanm\u0131\u015f \u015eiirler\u201d isimli \u015fairler bulu\u015fmas\u0131 etkinli\u011fine ev sahipli\u011fi yapt\u0131.<\/p>\n<p>DA\u00dc\u2019den verilen bilgiye g\u00f6re, d\u00fcn saat 14.00\u2019te, Mustafa Af\u015fin Ersoy Salonu\u2019nda yap\u0131lan s\u00f6z konusu etkinlik, T\u00dcRKSOY \u015eairler Bulu\u015fmas\u0131 kapsam\u0131nda do\u011fumunun 300. y\u0131l\u0131nda T\u00fcrk d\u00fcnyas\u0131n\u0131n yeti\u015ftirdi\u011fi en b\u00fcy\u00fck de\u011ferlerden biri olan b\u00fcy\u00fck \u015fair ve d\u00fc\u015f\u00fcn\u00fcr Mahtumkulu Firaki\u2019ye ithafen d\u00fczenlendi.<\/p>\n<p>Etkinli\u011fe, DA\u00dc Rekt\u00f6r\u00fc Prof. Dr. Hasan K\u0131l\u0131\u00e7, T\u00dcRKSOY Genel Sekreter Yard\u0131mc\u0131s\u0131 Sayit Yusuf, K\u00fclt\u00fcr Dairesi M\u00fcd\u00fcr\u00fc \u015eirin Zaima\u011fao\u011flu, DA\u00dc Rekt\u00f6r Yard\u0131mc\u0131lar\u0131 Prof. Dr. Osman M. Karatepe, Prof. Dr. Ali \u00d6zt\u00fcren ve Prof. Dr. Salih Kat\u0131rc\u0131o\u011flu ile \u015fiir severler kat\u0131ld\u0131.<\/p>\n<p>A\u00e7\u0131l\u0131\u015fta konu\u015fan K\u00fclt\u00fcr Dairesi M\u00fcd\u00fcr\u00fc Zaima\u011fao\u011flu, T\u00dcRKSOY\u2019un KKTC\u2019de ger\u00e7ekle\u015ftirdi\u011fi etkinliklerin hem siyasi hem de sanatsal a\u00e7\u0131dan b\u00fcy\u00fck \u00f6nem ta\u015f\u0131d\u0131\u011f\u0131na vurgu yapt\u0131. Bu tarz etkinliklerin \u00e7o\u011falmas\u0131n\u0131n en b\u00fcy\u00fck dilekleri oldu\u011funa dikkat \u00e7eken Zaima\u011fao\u011flu, DA\u00dc ile i\u015f birli\u011fi i\u00e7erisinde her zaman \u00e7al\u0131\u015ft\u0131klar\u0131n\u0131 ve \u00e7al\u0131\u015fmaya devam edeceklerini vurgulad\u0131.<\/p>\n<p>T\u00dcRKSOY Genel Sekreter Yard\u0131mc\u0131s\u0131 Sayit Yusuf T\u00dcRKSOY hakk\u0131nda bilgiler verdi ve Mahtumkulu Firaki hakk\u0131nda a\u00e7\u0131klamalarda bulundu. DA\u00dc Rekt\u00f6r\u00fc Prof. Dr. K\u0131l\u0131\u00e7, DA\u00dc\u2019n\u00fcn \u00f6\u011frencilerini sanat ve k\u00fclt\u00fcrle bulu\u015fturacak etkinlikler d\u00fczenlemeye \u00f6zen g\u00f6sterdi\u011fini vurgulad\u0131.<\/p>\n<p>A\u00e7\u0131l\u0131\u015f konu\u015fmalar\u0131n\u0131n ard\u0131ndan Prof. Dr. K\u0131l\u0131\u00e7 taraf\u0131ndan T\u00dcRKSOY Genel Sekreter Yard\u0131mc\u0131s\u0131 Yusuf\u2019a T\u00dcRKSOY ad\u0131na haz\u0131rlanan g\u00fcm\u00fc\u015f tabak takdim edilirken, etkinli\u011fe kat\u0131l\u0131p destek veren \u015fairlere de te\u015fekk\u00fcr plaketi verildi. Yusuf taraf\u0131ndan da desteklerinden dolay\u0131 Prof. Dr. K\u0131l\u0131\u00e7\u2019a ve Zaima\u011fao\u011flu\u2019na hediye takdim edildi.<\/p>\n<p>Etkinlik,\u00a0Fir\u00e2ki\u2019nin; \u201cY\u00fcz T\u00fcmenden Ye\u011fdir Nice S\u00f6zler Var\u201d veciz deyi\u015fiyle adla\u00adnan \u015fiir ve m\u00fczik dinletisi ile T\u00fcrkiye\u2019nin\u00a0se\u00e7kin \u015fairleri Mahmut Hasg\u00fcl, \u0130lter Ye\u015filay ve Kenan Yavuzarslan ile KKTC\u2019li \u015fairler Beste Sakall\u0131 ve Dr. Arif Albayrak\u2019\u0131n\u00a0\u015fiir sunumlar\u0131yla devam etti.<\/p>\n<p><strong>-\u0130\u015f Birli\u011fi Protokol\u00fc de Yenilendi<\/strong><\/p>\n<p>\u00d6te yandan, DA\u00dc ile T\u00dcRKSOY aras\u0131nda k\u00fclt\u00fcrel etkile\u015fim, bilimsel ara\u015ft\u0131rmalar ve e\u011fitim \u2013 \u00f6\u011fretim alanlar\u0131nda \u00e7al\u0131\u015fmalar\u0131 art\u0131rmak ad\u0131na \u00f6nceki y\u0131llarda imzalanm\u0131\u015f olan i\u015f birli\u011fi protokol\u00fc d\u00fcn saat 11.00\u2019de, DA\u00dc Rekt\u00f6rl\u00fc\u011f\u00fc\u2019nde yenilendi.<\/p>\n<p>\u0130mzalanan i\u015f birli\u011fi protokol\u00fcne DA\u00dc Rekt\u00f6r\u00fc Prof. Dr. Hasan K\u0131l\u0131\u00e7 ile T\u00dcRKSOY Genel Sekreteri Sultan Raev ad\u0131na Genel Sekreter Yard\u0131mc\u0131s\u0131 Sayit Yusuf imza koydu.<\/p>\n<\/p><\/div>\n<p><script async\n                    defer\n                    crossorigin=\"anonymous\"\n                    src=\"https:\/\/connect.facebook.net\/tr_TR\/sdk.js#xfbml=1&#038;version=v3.3\"\n            ><\/script><\/p>\n","protected":false},"excerpt":{"rendered":"<p>Do\u011fu Akdeniz \u00dcniversitesi (DA\u00dc), Uluslararas\u0131 T\u00fcrk K\u00fclt\u00fcr\u00fc Te\u015fkilat\u0131 (T\u00dcRKSOY) i\u015f birli\u011finde \u201cMahtumkulu Firaki\u2019ye Adanm\u0131\u015f \u015eiirler\u201d isimli \u015fairler bulu\u015fmas\u0131 etkinli\u011fine ev sahipli\u011fi yapt\u0131. DA\u00dc\u2019den verilen bilgiye g\u00f6re, d\u00fcn saat 14.00\u2019te, Mustafa Af\u015fin Ersoy Salonu\u2019nda yap\u0131lan s\u00f6z konusu etkinlik, T\u00dcRKSOY \u015eairler Bulu\u015fmas\u0131 kapsam\u0131nda do\u011fumunun 300. y\u0131l\u0131nda T\u00fcrk d\u00fcnyas\u0131n\u0131n yeti\u015ftirdi\u011fi en b\u00fcy\u00fck de\u011ferlerden biri olan b\u00fcy\u00fck \u015fair ve [&hellip;]<\/p>\n","protected":false},"author":1,"featured_media":4756,"comment_status":"open","ping_status":"open","sticky":false,"template":"","format":"standard","meta":{"jnews-multi-image_gallery":[],"jnews_single_post":[],"jnews_primary_category":[],"jnews_social_meta":[],"jnews_override_counter":[],"footnotes":""},"categories":[6],"tags":[],"class_list":["post-4755","post","type-post","status-publish","format-standard","has-post-thumbnail","hentry","category-yasam"],"yoast_head":"<!-- This site is optimized with the Yoast SEO plugin v27.5 - https:\/\/yoast.com\/product\/yoast-seo-wordpress\/ -->\n<title>DA\u00dc ile T\u00dcRKSOY i\u015f birli\u011finde \u015fairler bulu\u015fmas\u0131 etkinli\u011fi ger\u00e7ekle\u015ftirildi - Kuzeyin Sesi<\/title>\n<meta name=\"robots\" content=\"index, follow, max-snippet:-1, max-image-preview:large, max-video-preview:-1\" \/>\n<link rel=\"canonical\" href=\"https:\/\/kuzeyinsesi.org\/index.php\/2024\/06\/13\/dau-ile-turksoy-is-birliginde-sairler-bulusmasi-etkinligi-gerceklestirildi\/\" \/>\n<meta property=\"og:locale\" content=\"tr_TR\" \/>\n<meta property=\"og:type\" content=\"article\" \/>\n<meta property=\"og:title\" content=\"DA\u00dc ile T\u00dcRKSOY i\u015f birli\u011finde \u015fairler bulu\u015fmas\u0131 etkinli\u011fi ger\u00e7ekle\u015ftirildi - Kuzeyin Sesi\" \/>\n<meta property=\"og:description\" content=\"Do\u011fu Akdeniz \u00dcniversitesi (DA\u00dc), Uluslararas\u0131 T\u00fcrk K\u00fclt\u00fcr\u00fc Te\u015fkilat\u0131 (T\u00dcRKSOY) i\u015f birli\u011finde \u201cMahtumkulu Firaki\u2019ye Adanm\u0131\u015f \u015eiirler\u201d isimli \u015fairler bulu\u015fmas\u0131 etkinli\u011fine ev sahipli\u011fi yapt\u0131. DA\u00dc\u2019den verilen bilgiye g\u00f6re, d\u00fcn saat 14.00\u2019te, Mustafa Af\u015fin Ersoy Salonu\u2019nda yap\u0131lan s\u00f6z konusu etkinlik, T\u00dcRKSOY \u015eairler Bulu\u015fmas\u0131 kapsam\u0131nda do\u011fumunun 300. y\u0131l\u0131nda T\u00fcrk d\u00fcnyas\u0131n\u0131n yeti\u015ftirdi\u011fi en b\u00fcy\u00fck de\u011ferlerden biri olan b\u00fcy\u00fck \u015fair ve [&hellip;]\" \/>\n<meta property=\"og:url\" content=\"https:\/\/kuzeyinsesi.org\/index.php\/2024\/06\/13\/dau-ile-turksoy-is-birliginde-sairler-bulusmasi-etkinligi-gerceklestirildi\/\" \/>\n<meta property=\"og:site_name\" content=\"Kuzeyin Sesi\" \/>\n<meta property=\"article:publisher\" content=\"https:\/\/www.facebook.com\/kuzeyinsesii\" \/>\n<meta property=\"article:published_time\" content=\"2024-06-13T13:47:20+00:00\" \/>\n<meta property=\"og:image\" content=\"https:\/\/kuzeyinsesi.org\/wp-content\/uploads\/2024\/06\/dau-turksoy-12-.jpg\" \/>\n\t<meta property=\"og:image:width\" content=\"930\" \/>\n\t<meta property=\"og:image:height\" content=\"419\" \/>\n\t<meta property=\"og:image:type\" content=\"image\/jpeg\" \/>\n<meta name=\"author\" content=\"Kuzeyin Sesi\" \/>\n<meta name=\"twitter:card\" content=\"summary_large_image\" \/>\n<meta name=\"twitter:creator\" content=\"@kuzeyinsesii\" \/>\n<meta name=\"twitter:site\" content=\"@kuzeyinsesii\" \/>\n<meta name=\"twitter:label1\" content=\"Yazan:\" \/>\n\t<meta name=\"twitter:data1\" content=\"Kuzeyin Sesi\" \/>\n\t<meta name=\"twitter:label2\" content=\"Tahmini okuma s\u00fcresi\" \/>\n\t<meta name=\"twitter:data2\" content=\"2 dakika\" \/>\n<script type=\"application\/ld+json\" class=\"yoast-schema-graph\">{\"@context\":\"https:\\\/\\\/schema.org\",\"@graph\":[{\"@type\":\"Article\",\"@id\":\"https:\\\/\\\/kuzeyinsesi.org\\\/index.php\\\/2024\\\/06\\\/13\\\/dau-ile-turksoy-is-birliginde-sairler-bulusmasi-etkinligi-gerceklestirildi\\\/#article\",\"isPartOf\":{\"@id\":\"https:\\\/\\\/kuzeyinsesi.org\\\/index.php\\\/2024\\\/06\\\/13\\\/dau-ile-turksoy-is-birliginde-sairler-bulusmasi-etkinligi-gerceklestirildi\\\/\"},\"author\":{\"name\":\"Kuzeyin Sesi\",\"@id\":\"https:\\\/\\\/kuzeyinsesi.org\\\/#\\\/schema\\\/person\\\/9f859689cdf01485597712386e37f5aa\"},\"headline\":\"DA\u00dc ile T\u00dcRKSOY i\u015f birli\u011finde \u015fairler bulu\u015fmas\u0131 etkinli\u011fi ger\u00e7ekle\u015ftirildi\",\"datePublished\":\"2024-06-13T13:47:20+00:00\",\"mainEntityOfPage\":{\"@id\":\"https:\\\/\\\/kuzeyinsesi.org\\\/index.php\\\/2024\\\/06\\\/13\\\/dau-ile-turksoy-is-birliginde-sairler-bulusmasi-etkinligi-gerceklestirildi\\\/\"},\"wordCount\":508,\"commentCount\":0,\"image\":{\"@id\":\"https:\\\/\\\/kuzeyinsesi.org\\\/index.php\\\/2024\\\/06\\\/13\\\/dau-ile-turksoy-is-birliginde-sairler-bulusmasi-etkinligi-gerceklestirildi\\\/#primaryimage\"},\"thumbnailUrl\":\"https:\\\/\\\/kuzeyinsesi.org\\\/wp-content\\\/uploads\\\/2024\\\/06\\\/dau-turksoy-12-.jpg\",\"articleSection\":[\"Ya\u015fam\"],\"inLanguage\":\"tr\",\"potentialAction\":[{\"@type\":\"CommentAction\",\"name\":\"Comment\",\"target\":[\"https:\\\/\\\/kuzeyinsesi.org\\\/index.php\\\/2024\\\/06\\\/13\\\/dau-ile-turksoy-is-birliginde-sairler-bulusmasi-etkinligi-gerceklestirildi\\\/#respond\"]}]},{\"@type\":\"WebPage\",\"@id\":\"https:\\\/\\\/kuzeyinsesi.org\\\/index.php\\\/2024\\\/06\\\/13\\\/dau-ile-turksoy-is-birliginde-sairler-bulusmasi-etkinligi-gerceklestirildi\\\/\",\"url\":\"https:\\\/\\\/kuzeyinsesi.org\\\/index.php\\\/2024\\\/06\\\/13\\\/dau-ile-turksoy-is-birliginde-sairler-bulusmasi-etkinligi-gerceklestirildi\\\/\",\"name\":\"DA\u00dc ile T\u00dcRKSOY i\u015f birli\u011finde \u015fairler bulu\u015fmas\u0131 etkinli\u011fi ger\u00e7ekle\u015ftirildi - Kuzeyin Sesi\",\"isPartOf\":{\"@id\":\"https:\\\/\\\/kuzeyinsesi.org\\\/#website\"},\"primaryImageOfPage\":{\"@id\":\"https:\\\/\\\/kuzeyinsesi.org\\\/index.php\\\/2024\\\/06\\\/13\\\/dau-ile-turksoy-is-birliginde-sairler-bulusmasi-etkinligi-gerceklestirildi\\\/#primaryimage\"},\"image\":{\"@id\":\"https:\\\/\\\/kuzeyinsesi.org\\\/index.php\\\/2024\\\/06\\\/13\\\/dau-ile-turksoy-is-birliginde-sairler-bulusmasi-etkinligi-gerceklestirildi\\\/#primaryimage\"},\"thumbnailUrl\":\"https:\\\/\\\/kuzeyinsesi.org\\\/wp-content\\\/uploads\\\/2024\\\/06\\\/dau-turksoy-12-.jpg\",\"datePublished\":\"2024-06-13T13:47:20+00:00\",\"author\":{\"@id\":\"https:\\\/\\\/kuzeyinsesi.org\\\/#\\\/schema\\\/person\\\/9f859689cdf01485597712386e37f5aa\"},\"breadcrumb\":{\"@id\":\"https:\\\/\\\/kuzeyinsesi.org\\\/index.php\\\/2024\\\/06\\\/13\\\/dau-ile-turksoy-is-birliginde-sairler-bulusmasi-etkinligi-gerceklestirildi\\\/#breadcrumb\"},\"inLanguage\":\"tr\",\"potentialAction\":[{\"@type\":\"ReadAction\",\"target\":[\"https:\\\/\\\/kuzeyinsesi.org\\\/index.php\\\/2024\\\/06\\\/13\\\/dau-ile-turksoy-is-birliginde-sairler-bulusmasi-etkinligi-gerceklestirildi\\\/\"]}]},{\"@type\":\"ImageObject\",\"inLanguage\":\"tr\",\"@id\":\"https:\\\/\\\/kuzeyinsesi.org\\\/index.php\\\/2024\\\/06\\\/13\\\/dau-ile-turksoy-is-birliginde-sairler-bulusmasi-etkinligi-gerceklestirildi\\\/#primaryimage\",\"url\":\"https:\\\/\\\/kuzeyinsesi.org\\\/wp-content\\\/uploads\\\/2024\\\/06\\\/dau-turksoy-12-.jpg\",\"contentUrl\":\"https:\\\/\\\/kuzeyinsesi.org\\\/wp-content\\\/uploads\\\/2024\\\/06\\\/dau-turksoy-12-.jpg\",\"width\":930,\"height\":419},{\"@type\":\"BreadcrumbList\",\"@id\":\"https:\\\/\\\/kuzeyinsesi.org\\\/index.php\\\/2024\\\/06\\\/13\\\/dau-ile-turksoy-is-birliginde-sairler-bulusmasi-etkinligi-gerceklestirildi\\\/#breadcrumb\",\"itemListElement\":[{\"@type\":\"ListItem\",\"position\":1,\"name\":\"Anasayfa\",\"item\":\"https:\\\/\\\/kuzeyinsesi.org\\\/\"},{\"@type\":\"ListItem\",\"position\":2,\"name\":\"DA\u00dc ile T\u00dcRKSOY i\u015f birli\u011finde \u015fairler bulu\u015fmas\u0131 etkinli\u011fi ger\u00e7ekle\u015ftirildi\"}]},{\"@type\":\"WebSite\",\"@id\":\"https:\\\/\\\/kuzeyinsesi.org\\\/#website\",\"url\":\"https:\\\/\\\/kuzeyinsesi.org\\\/\",\"name\":\"Kuzeyin Sesi\",\"description\":\"Do\u011fru Haberin Adresi\",\"potentialAction\":[{\"@type\":\"SearchAction\",\"target\":{\"@type\":\"EntryPoint\",\"urlTemplate\":\"https:\\\/\\\/kuzeyinsesi.org\\\/?s={search_term_string}\"},\"query-input\":{\"@type\":\"PropertyValueSpecification\",\"valueRequired\":true,\"valueName\":\"search_term_string\"}}],\"inLanguage\":\"tr\"},{\"@type\":\"Person\",\"@id\":\"https:\\\/\\\/kuzeyinsesi.org\\\/#\\\/schema\\\/person\\\/9f859689cdf01485597712386e37f5aa\",\"name\":\"Kuzeyin Sesi\",\"image\":{\"@type\":\"ImageObject\",\"inLanguage\":\"tr\",\"@id\":\"https:\\\/\\\/secure.gravatar.com\\\/avatar\\\/bab33852abfd8b282518d6ed81826833d77c3c882d9ab608add591ccace47a44?s=96&d=mm&r=g\",\"url\":\"https:\\\/\\\/secure.gravatar.com\\\/avatar\\\/bab33852abfd8b282518d6ed81826833d77c3c882d9ab608add591ccace47a44?s=96&d=mm&r=g\",\"contentUrl\":\"https:\\\/\\\/secure.gravatar.com\\\/avatar\\\/bab33852abfd8b282518d6ed81826833d77c3c882d9ab608add591ccace47a44?s=96&d=mm&r=g\",\"caption\":\"Kuzeyin Sesi\"},\"sameAs\":[\"https:\\\/\\\/kuzeyinsesi.org\"],\"url\":\"https:\\\/\\\/kuzeyinsesi.org\\\/index.php\\\/author\\\/guven\\\/\"}]}<\/script>\n<!-- \/ Yoast SEO plugin. -->","yoast_head_json":{"title":"DA\u00dc ile T\u00dcRKSOY i\u015f birli\u011finde \u015fairler bulu\u015fmas\u0131 etkinli\u011fi ger\u00e7ekle\u015ftirildi - Kuzeyin Sesi","robots":{"index":"index","follow":"follow","max-snippet":"max-snippet:-1","max-image-preview":"max-image-preview:large","max-video-preview":"max-video-preview:-1"},"canonical":"https:\/\/kuzeyinsesi.org\/index.php\/2024\/06\/13\/dau-ile-turksoy-is-birliginde-sairler-bulusmasi-etkinligi-gerceklestirildi\/","og_locale":"tr_TR","og_type":"article","og_title":"DA\u00dc ile T\u00dcRKSOY i\u015f birli\u011finde \u015fairler bulu\u015fmas\u0131 etkinli\u011fi ger\u00e7ekle\u015ftirildi - Kuzeyin Sesi","og_description":"Do\u011fu Akdeniz \u00dcniversitesi (DA\u00dc), Uluslararas\u0131 T\u00fcrk K\u00fclt\u00fcr\u00fc Te\u015fkilat\u0131 (T\u00dcRKSOY) i\u015f birli\u011finde \u201cMahtumkulu Firaki\u2019ye Adanm\u0131\u015f \u015eiirler\u201d isimli \u015fairler bulu\u015fmas\u0131 etkinli\u011fine ev sahipli\u011fi yapt\u0131. DA\u00dc\u2019den verilen bilgiye g\u00f6re, d\u00fcn saat 14.00\u2019te, Mustafa Af\u015fin Ersoy Salonu\u2019nda yap\u0131lan s\u00f6z konusu etkinlik, T\u00dcRKSOY \u015eairler Bulu\u015fmas\u0131 kapsam\u0131nda do\u011fumunun 300. y\u0131l\u0131nda T\u00fcrk d\u00fcnyas\u0131n\u0131n yeti\u015ftirdi\u011fi en b\u00fcy\u00fck de\u011ferlerden biri olan b\u00fcy\u00fck \u015fair ve [&hellip;]","og_url":"https:\/\/kuzeyinsesi.org\/index.php\/2024\/06\/13\/dau-ile-turksoy-is-birliginde-sairler-bulusmasi-etkinligi-gerceklestirildi\/","og_site_name":"Kuzeyin Sesi","article_publisher":"https:\/\/www.facebook.com\/kuzeyinsesii","article_published_time":"2024-06-13T13:47:20+00:00","og_image":[{"width":930,"height":419,"url":"https:\/\/kuzeyinsesi.org\/wp-content\/uploads\/2024\/06\/dau-turksoy-12-.jpg","type":"image\/jpeg"}],"author":"Kuzeyin Sesi","twitter_card":"summary_large_image","twitter_creator":"@kuzeyinsesii","twitter_site":"@kuzeyinsesii","twitter_misc":{"Yazan:":"Kuzeyin Sesi","Tahmini okuma s\u00fcresi":"2 dakika"},"schema":{"@context":"https:\/\/schema.org","@graph":[{"@type":"Article","@id":"https:\/\/kuzeyinsesi.org\/index.php\/2024\/06\/13\/dau-ile-turksoy-is-birliginde-sairler-bulusmasi-etkinligi-gerceklestirildi\/#article","isPartOf":{"@id":"https:\/\/kuzeyinsesi.org\/index.php\/2024\/06\/13\/dau-ile-turksoy-is-birliginde-sairler-bulusmasi-etkinligi-gerceklestirildi\/"},"author":{"name":"Kuzeyin Sesi","@id":"https:\/\/kuzeyinsesi.org\/#\/schema\/person\/9f859689cdf01485597712386e37f5aa"},"headline":"DA\u00dc ile T\u00dcRKSOY i\u015f birli\u011finde \u015fairler bulu\u015fmas\u0131 etkinli\u011fi ger\u00e7ekle\u015ftirildi","datePublished":"2024-06-13T13:47:20+00:00","mainEntityOfPage":{"@id":"https:\/\/kuzeyinsesi.org\/index.php\/2024\/06\/13\/dau-ile-turksoy-is-birliginde-sairler-bulusmasi-etkinligi-gerceklestirildi\/"},"wordCount":508,"commentCount":0,"image":{"@id":"https:\/\/kuzeyinsesi.org\/index.php\/2024\/06\/13\/dau-ile-turksoy-is-birliginde-sairler-bulusmasi-etkinligi-gerceklestirildi\/#primaryimage"},"thumbnailUrl":"https:\/\/kuzeyinsesi.org\/wp-content\/uploads\/2024\/06\/dau-turksoy-12-.jpg","articleSection":["Ya\u015fam"],"inLanguage":"tr","potentialAction":[{"@type":"CommentAction","name":"Comment","target":["https:\/\/kuzeyinsesi.org\/index.php\/2024\/06\/13\/dau-ile-turksoy-is-birliginde-sairler-bulusmasi-etkinligi-gerceklestirildi\/#respond"]}]},{"@type":"WebPage","@id":"https:\/\/kuzeyinsesi.org\/index.php\/2024\/06\/13\/dau-ile-turksoy-is-birliginde-sairler-bulusmasi-etkinligi-gerceklestirildi\/","url":"https:\/\/kuzeyinsesi.org\/index.php\/2024\/06\/13\/dau-ile-turksoy-is-birliginde-sairler-bulusmasi-etkinligi-gerceklestirildi\/","name":"DA\u00dc ile T\u00dcRKSOY i\u015f birli\u011finde \u015fairler bulu\u015fmas\u0131 etkinli\u011fi ger\u00e7ekle\u015ftirildi - Kuzeyin Sesi","isPartOf":{"@id":"https:\/\/kuzeyinsesi.org\/#website"},"primaryImageOfPage":{"@id":"https:\/\/kuzeyinsesi.org\/index.php\/2024\/06\/13\/dau-ile-turksoy-is-birliginde-sairler-bulusmasi-etkinligi-gerceklestirildi\/#primaryimage"},"image":{"@id":"https:\/\/kuzeyinsesi.org\/index.php\/2024\/06\/13\/dau-ile-turksoy-is-birliginde-sairler-bulusmasi-etkinligi-gerceklestirildi\/#primaryimage"},"thumbnailUrl":"https:\/\/kuzeyinsesi.org\/wp-content\/uploads\/2024\/06\/dau-turksoy-12-.jpg","datePublished":"2024-06-13T13:47:20+00:00","author":{"@id":"https:\/\/kuzeyinsesi.org\/#\/schema\/person\/9f859689cdf01485597712386e37f5aa"},"breadcrumb":{"@id":"https:\/\/kuzeyinsesi.org\/index.php\/2024\/06\/13\/dau-ile-turksoy-is-birliginde-sairler-bulusmasi-etkinligi-gerceklestirildi\/#breadcrumb"},"inLanguage":"tr","potentialAction":[{"@type":"ReadAction","target":["https:\/\/kuzeyinsesi.org\/index.php\/2024\/06\/13\/dau-ile-turksoy-is-birliginde-sairler-bulusmasi-etkinligi-gerceklestirildi\/"]}]},{"@type":"ImageObject","inLanguage":"tr","@id":"https:\/\/kuzeyinsesi.org\/index.php\/2024\/06\/13\/dau-ile-turksoy-is-birliginde-sairler-bulusmasi-etkinligi-gerceklestirildi\/#primaryimage","url":"https:\/\/kuzeyinsesi.org\/wp-content\/uploads\/2024\/06\/dau-turksoy-12-.jpg","contentUrl":"https:\/\/kuzeyinsesi.org\/wp-content\/uploads\/2024\/06\/dau-turksoy-12-.jpg","width":930,"height":419},{"@type":"BreadcrumbList","@id":"https:\/\/kuzeyinsesi.org\/index.php\/2024\/06\/13\/dau-ile-turksoy-is-birliginde-sairler-bulusmasi-etkinligi-gerceklestirildi\/#breadcrumb","itemListElement":[{"@type":"ListItem","position":1,"name":"Anasayfa","item":"https:\/\/kuzeyinsesi.org\/"},{"@type":"ListItem","position":2,"name":"DA\u00dc ile T\u00dcRKSOY i\u015f birli\u011finde \u015fairler bulu\u015fmas\u0131 etkinli\u011fi ger\u00e7ekle\u015ftirildi"}]},{"@type":"WebSite","@id":"https:\/\/kuzeyinsesi.org\/#website","url":"https:\/\/kuzeyinsesi.org\/","name":"Kuzeyin Sesi","description":"Do\u011fru Haberin Adresi","potentialAction":[{"@type":"SearchAction","target":{"@type":"EntryPoint","urlTemplate":"https:\/\/kuzeyinsesi.org\/?s={search_term_string}"},"query-input":{"@type":"PropertyValueSpecification","valueRequired":true,"valueName":"search_term_string"}}],"inLanguage":"tr"},{"@type":"Person","@id":"https:\/\/kuzeyinsesi.org\/#\/schema\/person\/9f859689cdf01485597712386e37f5aa","name":"Kuzeyin Sesi","image":{"@type":"ImageObject","inLanguage":"tr","@id":"https:\/\/secure.gravatar.com\/avatar\/bab33852abfd8b282518d6ed81826833d77c3c882d9ab608add591ccace47a44?s=96&d=mm&r=g","url":"https:\/\/secure.gravatar.com\/avatar\/bab33852abfd8b282518d6ed81826833d77c3c882d9ab608add591ccace47a44?s=96&d=mm&r=g","contentUrl":"https:\/\/secure.gravatar.com\/avatar\/bab33852abfd8b282518d6ed81826833d77c3c882d9ab608add591ccace47a44?s=96&d=mm&r=g","caption":"Kuzeyin Sesi"},"sameAs":["https:\/\/kuzeyinsesi.org"],"url":"https:\/\/kuzeyinsesi.org\/index.php\/author\/guven\/"}]}},"_links":{"self":[{"href":"https:\/\/kuzeyinsesi.org\/index.php\/wp-json\/wp\/v2\/posts\/4755","targetHints":{"allow":["GET"]}}],"collection":[{"href":"https:\/\/kuzeyinsesi.org\/index.php\/wp-json\/wp\/v2\/posts"}],"about":[{"href":"https:\/\/kuzeyinsesi.org\/index.php\/wp-json\/wp\/v2\/types\/post"}],"author":[{"embeddable":true,"href":"https:\/\/kuzeyinsesi.org\/index.php\/wp-json\/wp\/v2\/users\/1"}],"replies":[{"embeddable":true,"href":"https:\/\/kuzeyinsesi.org\/index.php\/wp-json\/wp\/v2\/comments?post=4755"}],"version-history":[{"count":0,"href":"https:\/\/kuzeyinsesi.org\/index.php\/wp-json\/wp\/v2\/posts\/4755\/revisions"}],"wp:featuredmedia":[{"embeddable":true,"href":"https:\/\/kuzeyinsesi.org\/index.php\/wp-json\/wp\/v2\/media\/4756"}],"wp:attachment":[{"href":"https:\/\/kuzeyinsesi.org\/index.php\/wp-json\/wp\/v2\/media?parent=4755"}],"wp:term":[{"taxonomy":"category","embeddable":true,"href":"https:\/\/kuzeyinsesi.org\/index.php\/wp-json\/wp\/v2\/categories?post=4755"},{"taxonomy":"post_tag","embeddable":true,"href":"https:\/\/kuzeyinsesi.org\/index.php\/wp-json\/wp\/v2\/tags?post=4755"}],"curies":[{"name":"wp","href":"https:\/\/api.w.org\/{rel}","templated":true}]}}