{"id":4729,"date":"2024-06-13T11:42:23","date_gmt":"2024-06-13T08:42:23","guid":{"rendered":"https:\/\/kuzeyinsesi.com\/index.php\/2024\/06\/13\/ali-fikret-atunun-asker-gozuyle-strateji-ve-guvenlik-isimli-kitabi-yayinlandi\/"},"modified":"2024-06-13T11:42:23","modified_gmt":"2024-06-13T08:42:23","slug":"ali-fikret-atunun-asker-gozuyle-strateji-ve-guvenlik-isimli-kitabi-yayinlandi","status":"publish","type":"post","link":"https:\/\/kuzeyinsesi.org\/index.php\/2024\/06\/13\/ali-fikret-atunun-asker-gozuyle-strateji-ve-guvenlik-isimli-kitabi-yayinlandi\/","title":{"rendered":"Ali Fikret Atun\u2019un \u201cAsker G\u00f6z\u00fcyle Strateji ve G\u00fcvenlik\u201d isimli kitab\u0131 yay\u0131nland\u0131"},"content":{"rendered":"<div>\n<div class=\"mariselle-image-container none\">\n                                            <\/div>\n<p>Emekli T\u00fcmgeneral\u00a0Ali Fikret Atun\u2019un \u201cAsker G\u00f6z\u00fcyle Strateji ve G\u00fcvenlik\u201d isimli kitab\u0131 yay\u0131nland\u0131.<\/p>\n<p>Prof.Dr. Ulvi Keser taraf\u0131ndan yay\u0131na haz\u0131rlanan kitapta \u201cK\u0131br\u0131s Ger\u00e7e\u011fi; Atat\u00fcrk\u2019\u00fcn K\u0131br\u0131s\u2019a Bak\u0131\u015f\u0131\u201d, \u201cK\u0131br\u0131s Uyu\u015fmazl\u0131\u011f\u0131 ve Toplumlararas\u0131 M\u00fczakereler\u201d, \u201cK\u0131br\u0131s\u2019ta T\u00fcrk Varl\u0131\u011f\u0131n\u0131n Kar\u015f\u0131 Kar\u015f\u0131ya Bulundu\u011fu Tehdit ve Tehlike\u201d, \u201cK\u0131br\u0131s\u2019ta T\u00fcrk ve Rum Toplumlar\u0131n\u0131n Birlikte, \u0130\u00e7 \u0130\u00e7e Ya\u015fama Olas\u0131l\u0131\u011f\u0131\u201d, \u201cT\u00fcrkiye ile K\u0131br\u0131s T\u00fcrk Halk\u0131n\u0131n K\u0131br\u0131s \u00dczerinde Kazan\u0131lm\u0131\u015f Haklar\u0131\u201d ba\u015fl\u0131kl\u0131 yaz\u0131lar yer al\u0131yor.<\/p>\n<p>Prof. Dr. Ulvi Keser, kitaba ili\u015fkin yazd\u0131\u011f\u0131 yaz\u0131da \u015fu ifadelere yer verdi:<\/p>\n<p>\u201cKader \u00e7izgisi Say\u0131n Atun\u2019u ilk \u00f6nce 1964 y\u0131l\u0131nda Anamur\u2019dan K\u0131br\u0131s\u2019\u0131n \u00c7anakkale\u2019si olarak adland\u0131r\u0131lan Erenk\u00f6y\u2019e \u00e7\u0131kart\u0131r. Burada verdi\u011fi silahl\u0131 m\u00fccadele eve komuta etme sanat\u0131 onu y\u0131llar sonra emrinde \u00e7al\u0131\u015fanlar\u0131n g\u00f6n\u00fcllerinde ve haf\u0131zalar\u0131nda \u201cCenk \u00dcste\u011fmen\u201d ya da \u201cCenk Komutan\u201d olarak an\u0131lmas\u0131na neden olacakt\u0131r. T\u00fcrk Silahl\u0131 Kuvvetlerinde \u00fcniforma ve silahl\u0131 m\u00fccadelesini t\u00fcmgeneral r\u00fctbesiyle tamamlayan Say\u0131n Ali Fikret Atun, daha sonraki s\u00fcre\u00e7te bir aya\u011f\u0131 Be\u015fparmaklar\u2019da, di\u011feri Akdeniz\u2019in \u00f6te yakas\u0131nda Toroslar\u2019da bir ki\u015filik olarak ana vatanla yavru vatan aras\u0131nda tam anlam\u0131yla bir g\u00f6n\u00fcl k\u00f6pr\u00fcs\u00fc de kuracakt\u0131r.<\/p>\n<p>Tarihin babas\u0131 Heredot\u2019un do\u011fup b\u00fcy\u00fcd\u00fc\u011f\u00fc Akdeniz Uygarl\u0131\u011f\u0131 ekseninde Say\u0131n Ali Fikret Atun \u00f6n\u00fcm\u00fcze farkl\u0131 pencerelerden farkl\u0131 K\u0131br\u0131s ve T\u00fcrkiye portreleri sunuyor, ayd\u0131nlat\u0131yor ve bilgilendirmeye devan ediyor.\u201d<\/p>\n<p>Ali Fikret Atun\u2019un karde\u015fi eski Meclis Ba\u015fkan\u0131 ve Ba\u015fbakan Hakk\u0131 Atun da, kitaba yazd\u0131\u011f\u0131 \u00f6ns\u00f6zde, Ali Fikret Atun\u2019un lise y\u0131llar\u0131ndan itibaren asker olmay\u0131 kafas\u0131na koydu\u011funu ve 1953\u2019te Kara Harp Okulu\u2019na girdi\u011fini aktard\u0131. Hakk\u0131 Atun, Erenk\u00f6y, Ye\u015fil\u0131rmak ve daha sonra Lefko\u015fa Sanca\u011f\u0131\u2019nda g\u00f6rev yapan Ali Fikret Atun\u2019un daha sonra T\u00fcrkiye\u2019ye d\u00f6nerek T\u00fcrk Silahl\u0131 Kuvvetleri\u2019ndeki g\u00f6revine devam etti\u011fini ve 46 y\u0131ll\u0131k hizmetten sonra A\u011fr\u0131\u2019daki T\u00fcmen Komutanl\u0131\u011f\u0131\u2019ndan emekli oldu\u011funu belirtti. Hakk\u0131 Atun, \u201cAli Fikret Atun\u2019un 1950\u2019li y\u0131llarda r\u00fcyas\u0131na giren ada hi\u00e7 akl\u0131ndan ve g\u00f6nl\u00fcnden \u00e7\u0131kmad\u0131. Onunla yat\u0131p onunla kalkt\u0131. R\u00fcyas\u0131na giren adada hayal ettiklerini bizzat ya\u015famak ve yerine getirmek mutlulu\u011funa eri\u015fti. Eminim, vatan\u0131na \u00f6rnek bir sorumluluk bilinci ve heyecan\u0131 ile hizmet etmi\u015f olman\u0131n derin mutlulu\u011fu ve huzuru i\u00e7indedir\u201d ifadelerini kulland\u0131.<\/p>\n<\/p><\/div>\n<p><script async\n                    defer\n                    crossorigin=\"anonymous\"\n                    src=\"https:\/\/connect.facebook.net\/tr_TR\/sdk.js#xfbml=1&#038;version=v3.3\"\n            ><\/script><\/p>\n","protected":false},"excerpt":{"rendered":"<p>Emekli T\u00fcmgeneral\u00a0Ali Fikret Atun\u2019un \u201cAsker G\u00f6z\u00fcyle Strateji ve G\u00fcvenlik\u201d isimli kitab\u0131 yay\u0131nland\u0131. Prof.Dr. Ulvi Keser taraf\u0131ndan yay\u0131na haz\u0131rlanan kitapta \u201cK\u0131br\u0131s Ger\u00e7e\u011fi; Atat\u00fcrk\u2019\u00fcn K\u0131br\u0131s\u2019a Bak\u0131\u015f\u0131\u201d, \u201cK\u0131br\u0131s Uyu\u015fmazl\u0131\u011f\u0131 ve Toplumlararas\u0131 M\u00fczakereler\u201d, \u201cK\u0131br\u0131s\u2019ta T\u00fcrk Varl\u0131\u011f\u0131n\u0131n Kar\u015f\u0131 Kar\u015f\u0131ya Bulundu\u011fu Tehdit ve Tehlike\u201d, \u201cK\u0131br\u0131s\u2019ta T\u00fcrk ve Rum Toplumlar\u0131n\u0131n Birlikte, \u0130\u00e7 \u0130\u00e7e Ya\u015fama Olas\u0131l\u0131\u011f\u0131\u201d, \u201cT\u00fcrkiye ile K\u0131br\u0131s T\u00fcrk Halk\u0131n\u0131n K\u0131br\u0131s \u00dczerinde [&hellip;]<\/p>\n","protected":false},"author":1,"featured_media":4730,"comment_status":"open","ping_status":"open","sticky":false,"template":"","format":"standard","meta":{"jnews-multi-image_gallery":[],"jnews_single_post":[],"jnews_primary_category":[],"jnews_social_meta":[],"jnews_override_counter":[],"footnotes":""},"categories":[6],"tags":[],"class_list":["post-4729","post","type-post","status-publish","format-standard","has-post-thumbnail","hentry","category-yasam"],"yoast_head":"<!-- This site is optimized with the Yoast SEO plugin v27.5 - https:\/\/yoast.com\/product\/yoast-seo-wordpress\/ -->\n<title>Ali Fikret Atun\u2019un \u201cAsker G\u00f6z\u00fcyle Strateji ve G\u00fcvenlik\u201d isimli kitab\u0131 yay\u0131nland\u0131 - Kuzeyin Sesi<\/title>\n<meta name=\"robots\" content=\"index, follow, max-snippet:-1, max-image-preview:large, max-video-preview:-1\" \/>\n<link rel=\"canonical\" href=\"https:\/\/kuzeyinsesi.org\/index.php\/2024\/06\/13\/ali-fikret-atunun-asker-gozuyle-strateji-ve-guvenlik-isimli-kitabi-yayinlandi\/\" \/>\n<meta property=\"og:locale\" content=\"tr_TR\" \/>\n<meta property=\"og:type\" content=\"article\" \/>\n<meta property=\"og:title\" content=\"Ali Fikret Atun\u2019un \u201cAsker G\u00f6z\u00fcyle Strateji ve G\u00fcvenlik\u201d isimli kitab\u0131 yay\u0131nland\u0131 - Kuzeyin Sesi\" \/>\n<meta property=\"og:description\" content=\"Emekli T\u00fcmgeneral\u00a0Ali Fikret Atun\u2019un \u201cAsker G\u00f6z\u00fcyle Strateji ve G\u00fcvenlik\u201d isimli kitab\u0131 yay\u0131nland\u0131. Prof.Dr. Ulvi Keser taraf\u0131ndan yay\u0131na haz\u0131rlanan kitapta \u201cK\u0131br\u0131s Ger\u00e7e\u011fi; Atat\u00fcrk\u2019\u00fcn K\u0131br\u0131s\u2019a Bak\u0131\u015f\u0131\u201d, \u201cK\u0131br\u0131s Uyu\u015fmazl\u0131\u011f\u0131 ve Toplumlararas\u0131 M\u00fczakereler\u201d, \u201cK\u0131br\u0131s\u2019ta T\u00fcrk Varl\u0131\u011f\u0131n\u0131n Kar\u015f\u0131 Kar\u015f\u0131ya Bulundu\u011fu Tehdit ve Tehlike\u201d, \u201cK\u0131br\u0131s\u2019ta T\u00fcrk ve Rum Toplumlar\u0131n\u0131n Birlikte, \u0130\u00e7 \u0130\u00e7e Ya\u015fama Olas\u0131l\u0131\u011f\u0131\u201d, \u201cT\u00fcrkiye ile K\u0131br\u0131s T\u00fcrk Halk\u0131n\u0131n K\u0131br\u0131s \u00dczerinde [&hellip;]\" \/>\n<meta property=\"og:url\" content=\"https:\/\/kuzeyinsesi.org\/index.php\/2024\/06\/13\/ali-fikret-atunun-asker-gozuyle-strateji-ve-guvenlik-isimli-kitabi-yayinlandi\/\" \/>\n<meta property=\"og:site_name\" content=\"Kuzeyin Sesi\" \/>\n<meta property=\"article:publisher\" content=\"https:\/\/www.facebook.com\/kuzeyinsesii\" \/>\n<meta property=\"article:published_time\" content=\"2024-06-13T08:42:23+00:00\" \/>\n<meta property=\"og:image\" content=\"https:\/\/kuzeyinsesi.org\/wp-content\/uploads\/2024\/06\/atun.png\" \/>\n\t<meta property=\"og:image:width\" content=\"930\" \/>\n\t<meta property=\"og:image:height\" content=\"410\" \/>\n\t<meta property=\"og:image:type\" content=\"image\/png\" \/>\n<meta name=\"author\" content=\"Kuzeyin Sesi\" \/>\n<meta name=\"twitter:card\" content=\"summary_large_image\" \/>\n<meta name=\"twitter:creator\" content=\"@kuzeyinsesii\" \/>\n<meta name=\"twitter:site\" content=\"@kuzeyinsesii\" \/>\n<meta name=\"twitter:label1\" content=\"Yazan:\" \/>\n\t<meta name=\"twitter:data1\" content=\"Kuzeyin Sesi\" \/>\n\t<meta name=\"twitter:label2\" content=\"Tahmini okuma s\u00fcresi\" \/>\n\t<meta name=\"twitter:data2\" content=\"2 dakika\" \/>\n<script type=\"application\/ld+json\" class=\"yoast-schema-graph\">{\"@context\":\"https:\\\/\\\/schema.org\",\"@graph\":[{\"@type\":\"Article\",\"@id\":\"https:\\\/\\\/kuzeyinsesi.org\\\/index.php\\\/2024\\\/06\\\/13\\\/ali-fikret-atunun-asker-gozuyle-strateji-ve-guvenlik-isimli-kitabi-yayinlandi\\\/#article\",\"isPartOf\":{\"@id\":\"https:\\\/\\\/kuzeyinsesi.org\\\/index.php\\\/2024\\\/06\\\/13\\\/ali-fikret-atunun-asker-gozuyle-strateji-ve-guvenlik-isimli-kitabi-yayinlandi\\\/\"},\"author\":{\"name\":\"Kuzeyin Sesi\",\"@id\":\"https:\\\/\\\/kuzeyinsesi.org\\\/#\\\/schema\\\/person\\\/9f859689cdf01485597712386e37f5aa\"},\"headline\":\"Ali Fikret Atun\u2019un \u201cAsker G\u00f6z\u00fcyle Strateji ve G\u00fcvenlik\u201d isimli kitab\u0131 yay\u0131nland\u0131\",\"datePublished\":\"2024-06-13T08:42:23+00:00\",\"mainEntityOfPage\":{\"@id\":\"https:\\\/\\\/kuzeyinsesi.org\\\/index.php\\\/2024\\\/06\\\/13\\\/ali-fikret-atunun-asker-gozuyle-strateji-ve-guvenlik-isimli-kitabi-yayinlandi\\\/\"},\"wordCount\":475,\"commentCount\":0,\"image\":{\"@id\":\"https:\\\/\\\/kuzeyinsesi.org\\\/index.php\\\/2024\\\/06\\\/13\\\/ali-fikret-atunun-asker-gozuyle-strateji-ve-guvenlik-isimli-kitabi-yayinlandi\\\/#primaryimage\"},\"thumbnailUrl\":\"https:\\\/\\\/kuzeyinsesi.org\\\/wp-content\\\/uploads\\\/2024\\\/06\\\/atun.png\",\"articleSection\":[\"Ya\u015fam\"],\"inLanguage\":\"tr\",\"potentialAction\":[{\"@type\":\"CommentAction\",\"name\":\"Comment\",\"target\":[\"https:\\\/\\\/kuzeyinsesi.org\\\/index.php\\\/2024\\\/06\\\/13\\\/ali-fikret-atunun-asker-gozuyle-strateji-ve-guvenlik-isimli-kitabi-yayinlandi\\\/#respond\"]}]},{\"@type\":\"WebPage\",\"@id\":\"https:\\\/\\\/kuzeyinsesi.org\\\/index.php\\\/2024\\\/06\\\/13\\\/ali-fikret-atunun-asker-gozuyle-strateji-ve-guvenlik-isimli-kitabi-yayinlandi\\\/\",\"url\":\"https:\\\/\\\/kuzeyinsesi.org\\\/index.php\\\/2024\\\/06\\\/13\\\/ali-fikret-atunun-asker-gozuyle-strateji-ve-guvenlik-isimli-kitabi-yayinlandi\\\/\",\"name\":\"Ali Fikret Atun\u2019un \u201cAsker G\u00f6z\u00fcyle Strateji ve G\u00fcvenlik\u201d isimli kitab\u0131 yay\u0131nland\u0131 - Kuzeyin Sesi\",\"isPartOf\":{\"@id\":\"https:\\\/\\\/kuzeyinsesi.org\\\/#website\"},\"primaryImageOfPage\":{\"@id\":\"https:\\\/\\\/kuzeyinsesi.org\\\/index.php\\\/2024\\\/06\\\/13\\\/ali-fikret-atunun-asker-gozuyle-strateji-ve-guvenlik-isimli-kitabi-yayinlandi\\\/#primaryimage\"},\"image\":{\"@id\":\"https:\\\/\\\/kuzeyinsesi.org\\\/index.php\\\/2024\\\/06\\\/13\\\/ali-fikret-atunun-asker-gozuyle-strateji-ve-guvenlik-isimli-kitabi-yayinlandi\\\/#primaryimage\"},\"thumbnailUrl\":\"https:\\\/\\\/kuzeyinsesi.org\\\/wp-content\\\/uploads\\\/2024\\\/06\\\/atun.png\",\"datePublished\":\"2024-06-13T08:42:23+00:00\",\"author\":{\"@id\":\"https:\\\/\\\/kuzeyinsesi.org\\\/#\\\/schema\\\/person\\\/9f859689cdf01485597712386e37f5aa\"},\"breadcrumb\":{\"@id\":\"https:\\\/\\\/kuzeyinsesi.org\\\/index.php\\\/2024\\\/06\\\/13\\\/ali-fikret-atunun-asker-gozuyle-strateji-ve-guvenlik-isimli-kitabi-yayinlandi\\\/#breadcrumb\"},\"inLanguage\":\"tr\",\"potentialAction\":[{\"@type\":\"ReadAction\",\"target\":[\"https:\\\/\\\/kuzeyinsesi.org\\\/index.php\\\/2024\\\/06\\\/13\\\/ali-fikret-atunun-asker-gozuyle-strateji-ve-guvenlik-isimli-kitabi-yayinlandi\\\/\"]}]},{\"@type\":\"ImageObject\",\"inLanguage\":\"tr\",\"@id\":\"https:\\\/\\\/kuzeyinsesi.org\\\/index.php\\\/2024\\\/06\\\/13\\\/ali-fikret-atunun-asker-gozuyle-strateji-ve-guvenlik-isimli-kitabi-yayinlandi\\\/#primaryimage\",\"url\":\"https:\\\/\\\/kuzeyinsesi.org\\\/wp-content\\\/uploads\\\/2024\\\/06\\\/atun.png\",\"contentUrl\":\"https:\\\/\\\/kuzeyinsesi.org\\\/wp-content\\\/uploads\\\/2024\\\/06\\\/atun.png\",\"width\":930,\"height\":410},{\"@type\":\"BreadcrumbList\",\"@id\":\"https:\\\/\\\/kuzeyinsesi.org\\\/index.php\\\/2024\\\/06\\\/13\\\/ali-fikret-atunun-asker-gozuyle-strateji-ve-guvenlik-isimli-kitabi-yayinlandi\\\/#breadcrumb\",\"itemListElement\":[{\"@type\":\"ListItem\",\"position\":1,\"name\":\"Anasayfa\",\"item\":\"https:\\\/\\\/kuzeyinsesi.org\\\/\"},{\"@type\":\"ListItem\",\"position\":2,\"name\":\"Ali Fikret Atun\u2019un \u201cAsker G\u00f6z\u00fcyle Strateji ve G\u00fcvenlik\u201d isimli kitab\u0131 yay\u0131nland\u0131\"}]},{\"@type\":\"WebSite\",\"@id\":\"https:\\\/\\\/kuzeyinsesi.org\\\/#website\",\"url\":\"https:\\\/\\\/kuzeyinsesi.org\\\/\",\"name\":\"Kuzeyin Sesi\",\"description\":\"Do\u011fru Haberin Adresi\",\"potentialAction\":[{\"@type\":\"SearchAction\",\"target\":{\"@type\":\"EntryPoint\",\"urlTemplate\":\"https:\\\/\\\/kuzeyinsesi.org\\\/?s={search_term_string}\"},\"query-input\":{\"@type\":\"PropertyValueSpecification\",\"valueRequired\":true,\"valueName\":\"search_term_string\"}}],\"inLanguage\":\"tr\"},{\"@type\":\"Person\",\"@id\":\"https:\\\/\\\/kuzeyinsesi.org\\\/#\\\/schema\\\/person\\\/9f859689cdf01485597712386e37f5aa\",\"name\":\"Kuzeyin Sesi\",\"image\":{\"@type\":\"ImageObject\",\"inLanguage\":\"tr\",\"@id\":\"https:\\\/\\\/secure.gravatar.com\\\/avatar\\\/bab33852abfd8b282518d6ed81826833d77c3c882d9ab608add591ccace47a44?s=96&d=mm&r=g\",\"url\":\"https:\\\/\\\/secure.gravatar.com\\\/avatar\\\/bab33852abfd8b282518d6ed81826833d77c3c882d9ab608add591ccace47a44?s=96&d=mm&r=g\",\"contentUrl\":\"https:\\\/\\\/secure.gravatar.com\\\/avatar\\\/bab33852abfd8b282518d6ed81826833d77c3c882d9ab608add591ccace47a44?s=96&d=mm&r=g\",\"caption\":\"Kuzeyin Sesi\"},\"sameAs\":[\"https:\\\/\\\/kuzeyinsesi.org\"],\"url\":\"https:\\\/\\\/kuzeyinsesi.org\\\/index.php\\\/author\\\/guven\\\/\"}]}<\/script>\n<!-- \/ Yoast SEO plugin. -->","yoast_head_json":{"title":"Ali Fikret Atun\u2019un \u201cAsker G\u00f6z\u00fcyle Strateji ve G\u00fcvenlik\u201d isimli kitab\u0131 yay\u0131nland\u0131 - Kuzeyin Sesi","robots":{"index":"index","follow":"follow","max-snippet":"max-snippet:-1","max-image-preview":"max-image-preview:large","max-video-preview":"max-video-preview:-1"},"canonical":"https:\/\/kuzeyinsesi.org\/index.php\/2024\/06\/13\/ali-fikret-atunun-asker-gozuyle-strateji-ve-guvenlik-isimli-kitabi-yayinlandi\/","og_locale":"tr_TR","og_type":"article","og_title":"Ali Fikret Atun\u2019un \u201cAsker G\u00f6z\u00fcyle Strateji ve G\u00fcvenlik\u201d isimli kitab\u0131 yay\u0131nland\u0131 - Kuzeyin Sesi","og_description":"Emekli T\u00fcmgeneral\u00a0Ali Fikret Atun\u2019un \u201cAsker G\u00f6z\u00fcyle Strateji ve G\u00fcvenlik\u201d isimli kitab\u0131 yay\u0131nland\u0131. Prof.Dr. Ulvi Keser taraf\u0131ndan yay\u0131na haz\u0131rlanan kitapta \u201cK\u0131br\u0131s Ger\u00e7e\u011fi; Atat\u00fcrk\u2019\u00fcn K\u0131br\u0131s\u2019a Bak\u0131\u015f\u0131\u201d, \u201cK\u0131br\u0131s Uyu\u015fmazl\u0131\u011f\u0131 ve Toplumlararas\u0131 M\u00fczakereler\u201d, \u201cK\u0131br\u0131s\u2019ta T\u00fcrk Varl\u0131\u011f\u0131n\u0131n Kar\u015f\u0131 Kar\u015f\u0131ya Bulundu\u011fu Tehdit ve Tehlike\u201d, \u201cK\u0131br\u0131s\u2019ta T\u00fcrk ve Rum Toplumlar\u0131n\u0131n Birlikte, \u0130\u00e7 \u0130\u00e7e Ya\u015fama Olas\u0131l\u0131\u011f\u0131\u201d, \u201cT\u00fcrkiye ile K\u0131br\u0131s T\u00fcrk Halk\u0131n\u0131n K\u0131br\u0131s \u00dczerinde [&hellip;]","og_url":"https:\/\/kuzeyinsesi.org\/index.php\/2024\/06\/13\/ali-fikret-atunun-asker-gozuyle-strateji-ve-guvenlik-isimli-kitabi-yayinlandi\/","og_site_name":"Kuzeyin Sesi","article_publisher":"https:\/\/www.facebook.com\/kuzeyinsesii","article_published_time":"2024-06-13T08:42:23+00:00","og_image":[{"width":930,"height":410,"url":"https:\/\/kuzeyinsesi.org\/wp-content\/uploads\/2024\/06\/atun.png","type":"image\/png"}],"author":"Kuzeyin Sesi","twitter_card":"summary_large_image","twitter_creator":"@kuzeyinsesii","twitter_site":"@kuzeyinsesii","twitter_misc":{"Yazan:":"Kuzeyin Sesi","Tahmini okuma s\u00fcresi":"2 dakika"},"schema":{"@context":"https:\/\/schema.org","@graph":[{"@type":"Article","@id":"https:\/\/kuzeyinsesi.org\/index.php\/2024\/06\/13\/ali-fikret-atunun-asker-gozuyle-strateji-ve-guvenlik-isimli-kitabi-yayinlandi\/#article","isPartOf":{"@id":"https:\/\/kuzeyinsesi.org\/index.php\/2024\/06\/13\/ali-fikret-atunun-asker-gozuyle-strateji-ve-guvenlik-isimli-kitabi-yayinlandi\/"},"author":{"name":"Kuzeyin Sesi","@id":"https:\/\/kuzeyinsesi.org\/#\/schema\/person\/9f859689cdf01485597712386e37f5aa"},"headline":"Ali Fikret Atun\u2019un \u201cAsker G\u00f6z\u00fcyle Strateji ve G\u00fcvenlik\u201d isimli kitab\u0131 yay\u0131nland\u0131","datePublished":"2024-06-13T08:42:23+00:00","mainEntityOfPage":{"@id":"https:\/\/kuzeyinsesi.org\/index.php\/2024\/06\/13\/ali-fikret-atunun-asker-gozuyle-strateji-ve-guvenlik-isimli-kitabi-yayinlandi\/"},"wordCount":475,"commentCount":0,"image":{"@id":"https:\/\/kuzeyinsesi.org\/index.php\/2024\/06\/13\/ali-fikret-atunun-asker-gozuyle-strateji-ve-guvenlik-isimli-kitabi-yayinlandi\/#primaryimage"},"thumbnailUrl":"https:\/\/kuzeyinsesi.org\/wp-content\/uploads\/2024\/06\/atun.png","articleSection":["Ya\u015fam"],"inLanguage":"tr","potentialAction":[{"@type":"CommentAction","name":"Comment","target":["https:\/\/kuzeyinsesi.org\/index.php\/2024\/06\/13\/ali-fikret-atunun-asker-gozuyle-strateji-ve-guvenlik-isimli-kitabi-yayinlandi\/#respond"]}]},{"@type":"WebPage","@id":"https:\/\/kuzeyinsesi.org\/index.php\/2024\/06\/13\/ali-fikret-atunun-asker-gozuyle-strateji-ve-guvenlik-isimli-kitabi-yayinlandi\/","url":"https:\/\/kuzeyinsesi.org\/index.php\/2024\/06\/13\/ali-fikret-atunun-asker-gozuyle-strateji-ve-guvenlik-isimli-kitabi-yayinlandi\/","name":"Ali Fikret Atun\u2019un \u201cAsker G\u00f6z\u00fcyle Strateji ve G\u00fcvenlik\u201d isimli kitab\u0131 yay\u0131nland\u0131 - Kuzeyin Sesi","isPartOf":{"@id":"https:\/\/kuzeyinsesi.org\/#website"},"primaryImageOfPage":{"@id":"https:\/\/kuzeyinsesi.org\/index.php\/2024\/06\/13\/ali-fikret-atunun-asker-gozuyle-strateji-ve-guvenlik-isimli-kitabi-yayinlandi\/#primaryimage"},"image":{"@id":"https:\/\/kuzeyinsesi.org\/index.php\/2024\/06\/13\/ali-fikret-atunun-asker-gozuyle-strateji-ve-guvenlik-isimli-kitabi-yayinlandi\/#primaryimage"},"thumbnailUrl":"https:\/\/kuzeyinsesi.org\/wp-content\/uploads\/2024\/06\/atun.png","datePublished":"2024-06-13T08:42:23+00:00","author":{"@id":"https:\/\/kuzeyinsesi.org\/#\/schema\/person\/9f859689cdf01485597712386e37f5aa"},"breadcrumb":{"@id":"https:\/\/kuzeyinsesi.org\/index.php\/2024\/06\/13\/ali-fikret-atunun-asker-gozuyle-strateji-ve-guvenlik-isimli-kitabi-yayinlandi\/#breadcrumb"},"inLanguage":"tr","potentialAction":[{"@type":"ReadAction","target":["https:\/\/kuzeyinsesi.org\/index.php\/2024\/06\/13\/ali-fikret-atunun-asker-gozuyle-strateji-ve-guvenlik-isimli-kitabi-yayinlandi\/"]}]},{"@type":"ImageObject","inLanguage":"tr","@id":"https:\/\/kuzeyinsesi.org\/index.php\/2024\/06\/13\/ali-fikret-atunun-asker-gozuyle-strateji-ve-guvenlik-isimli-kitabi-yayinlandi\/#primaryimage","url":"https:\/\/kuzeyinsesi.org\/wp-content\/uploads\/2024\/06\/atun.png","contentUrl":"https:\/\/kuzeyinsesi.org\/wp-content\/uploads\/2024\/06\/atun.png","width":930,"height":410},{"@type":"BreadcrumbList","@id":"https:\/\/kuzeyinsesi.org\/index.php\/2024\/06\/13\/ali-fikret-atunun-asker-gozuyle-strateji-ve-guvenlik-isimli-kitabi-yayinlandi\/#breadcrumb","itemListElement":[{"@type":"ListItem","position":1,"name":"Anasayfa","item":"https:\/\/kuzeyinsesi.org\/"},{"@type":"ListItem","position":2,"name":"Ali Fikret Atun\u2019un \u201cAsker G\u00f6z\u00fcyle Strateji ve G\u00fcvenlik\u201d isimli kitab\u0131 yay\u0131nland\u0131"}]},{"@type":"WebSite","@id":"https:\/\/kuzeyinsesi.org\/#website","url":"https:\/\/kuzeyinsesi.org\/","name":"Kuzeyin Sesi","description":"Do\u011fru Haberin Adresi","potentialAction":[{"@type":"SearchAction","target":{"@type":"EntryPoint","urlTemplate":"https:\/\/kuzeyinsesi.org\/?s={search_term_string}"},"query-input":{"@type":"PropertyValueSpecification","valueRequired":true,"valueName":"search_term_string"}}],"inLanguage":"tr"},{"@type":"Person","@id":"https:\/\/kuzeyinsesi.org\/#\/schema\/person\/9f859689cdf01485597712386e37f5aa","name":"Kuzeyin Sesi","image":{"@type":"ImageObject","inLanguage":"tr","@id":"https:\/\/secure.gravatar.com\/avatar\/bab33852abfd8b282518d6ed81826833d77c3c882d9ab608add591ccace47a44?s=96&d=mm&r=g","url":"https:\/\/secure.gravatar.com\/avatar\/bab33852abfd8b282518d6ed81826833d77c3c882d9ab608add591ccace47a44?s=96&d=mm&r=g","contentUrl":"https:\/\/secure.gravatar.com\/avatar\/bab33852abfd8b282518d6ed81826833d77c3c882d9ab608add591ccace47a44?s=96&d=mm&r=g","caption":"Kuzeyin Sesi"},"sameAs":["https:\/\/kuzeyinsesi.org"],"url":"https:\/\/kuzeyinsesi.org\/index.php\/author\/guven\/"}]}},"_links":{"self":[{"href":"https:\/\/kuzeyinsesi.org\/index.php\/wp-json\/wp\/v2\/posts\/4729","targetHints":{"allow":["GET"]}}],"collection":[{"href":"https:\/\/kuzeyinsesi.org\/index.php\/wp-json\/wp\/v2\/posts"}],"about":[{"href":"https:\/\/kuzeyinsesi.org\/index.php\/wp-json\/wp\/v2\/types\/post"}],"author":[{"embeddable":true,"href":"https:\/\/kuzeyinsesi.org\/index.php\/wp-json\/wp\/v2\/users\/1"}],"replies":[{"embeddable":true,"href":"https:\/\/kuzeyinsesi.org\/index.php\/wp-json\/wp\/v2\/comments?post=4729"}],"version-history":[{"count":0,"href":"https:\/\/kuzeyinsesi.org\/index.php\/wp-json\/wp\/v2\/posts\/4729\/revisions"}],"wp:featuredmedia":[{"embeddable":true,"href":"https:\/\/kuzeyinsesi.org\/index.php\/wp-json\/wp\/v2\/media\/4730"}],"wp:attachment":[{"href":"https:\/\/kuzeyinsesi.org\/index.php\/wp-json\/wp\/v2\/media?parent=4729"}],"wp:term":[{"taxonomy":"category","embeddable":true,"href":"https:\/\/kuzeyinsesi.org\/index.php\/wp-json\/wp\/v2\/categories?post=4729"},{"taxonomy":"post_tag","embeddable":true,"href":"https:\/\/kuzeyinsesi.org\/index.php\/wp-json\/wp\/v2\/tags?post=4729"}],"curies":[{"name":"wp","href":"https:\/\/api.w.org\/{rel}","templated":true}]}}