{"id":4709,"date":"2024-06-12T22:23:33","date_gmt":"2024-06-12T19:23:33","guid":{"rendered":"https:\/\/kuzeyinsesi.com\/index.php\/2024\/06\/12\/gelenekten-gelecege-kibris-mutfagi-cumhurbaskanligi-himayesinde-hazirlanan-kitabin-lansmani-yapildi\/"},"modified":"2024-06-12T22:23:33","modified_gmt":"2024-06-12T19:23:33","slug":"gelenekten-gelecege-kibris-mutfagi-cumhurbaskanligi-himayesinde-hazirlanan-kitabin-lansmani-yapildi","status":"publish","type":"post","link":"https:\/\/kuzeyinsesi.org\/index.php\/2024\/06\/12\/gelenekten-gelecege-kibris-mutfagi-cumhurbaskanligi-himayesinde-hazirlanan-kitabin-lansmani-yapildi\/","title":{"rendered":"\u201cGelenekten Gelece\u011fe K\u0131br\u0131s Mutfa\u011f\u0131\u201d ; Cumhurba\u015fkanl\u0131\u011f\u0131 himayesinde haz\u0131rlanan kitab\u0131n lansman\u0131 yap\u0131ld\u0131"},"content":{"rendered":"<div>\n<div class=\"mariselle-image-container center\">\n                                            <\/div>\n<p>Cumhurba\u015fkanl\u0131\u011f\u0131 himayesinde haz\u0131rlanan \u201cGelenekten Gelece\u011fe K\u0131br\u0131s Mutfa\u011f\u0131\u201d adl\u0131 kitab\u0131n lansman\u0131 yap\u0131ld\u0131\u2026<\/p>\n<p>Cumhurba\u015fkanl\u0131\u011f\u0131 bah\u00e7esinde ger\u00e7ekle\u015ftirilen lansmanda, K\u0131br\u0131s T\u00fcrk K\u00fclt\u00fcr\u00fc i\u00e7in ar\u015fiv niteli\u011fi ta\u015f\u0131yan kitab\u0131n tan\u0131t\u0131m filmi g\u00f6sterildi.<\/p>\n<p>Lansmanda konu\u015fan Cumhurba\u015fkan\u0131 Ersin Tatar\u2019\u0131n e\u015fi Sibel Tatar, kitab\u0131n 1 bu\u00e7uk y\u0131ll\u0131k bir \u00e7al\u0131\u015fman\u0131n sonucunda ortaya \u00e7\u0131kt\u0131\u011f\u0131n\u0131 belirterek, kitab\u0131n 3 gastronomi uzman\u0131 ile birlikte haz\u0131rland\u0131\u011f\u0131n\u0131 s\u00f6yledi.<\/p>\n<p>Kitab\u0131n ilk bask\u0131s\u0131n\u0131n T\u00fcrk\u00e7e ve \u0130ngilizce olarak iki n\u00fcsha halinde \u00e7\u0131kt\u0131\u011f\u0131n\u0131 kaydeden Sibel Tatar, kitab\u0131n ikinci bask\u0131s\u0131n\u0131n yak\u0131n bir zamanda t\u00fcm kitabevlerinde bulunaca\u011f\u0131n\u0131 belirtti.<\/p>\n<p>Sibel Tatar \u201cKitap b\u00fcy\u00fck bir eme\u011fin sonucu ortaya \u00e7\u0131kt\u0131, Cumhurba\u015fkanl\u0131\u011f\u0131 K\u00fclt\u00fcr Yay\u0131nlar\u0131\u2019n\u0131n ilki. Bundan sonra K\u0131br\u0131s Kap\u0131lar\u0131 ve Sand\u0131klar\u0131yla ilgili kitab\u0131m\u0131z \u00e7\u0131kacak. K\u0131br\u0131s T\u00fcrk Halk m\u00fczi\u011fini de payla\u015fmak istiyoruz\u201d diye konu\u015ftu. <\/p>\n<p>\u00dclkede K\u0131br\u0131s mutfa\u011f\u0131n\u0131 sunan restoranlar\u0131n artmas\u0131 gerekti\u011fine de dikkati \u00e7eken Sibel Tatar, otellerde de K\u0131br\u0131s mutfa\u011f\u0131na daha fazla yer verilmesi gerekti\u011fini s\u00f6yledi.<\/p>\n<p>\u201c\u00c7ok zengin bir mutfa\u011f\u0131m\u0131z var\u201d diyen Sibel Tatar K\u0131br\u0131s mutfa\u011f\u0131na sahip \u00e7\u0131k\u0131lmas\u0131 \u00e7a\u011fr\u0131s\u0131 yapt\u0131.<\/p>\n<p>Lansmanda konu\u015fan Cumhurba\u015fkan\u0131 Ersin Tatar da K\u0131br\u0131s T\u00fcrk halk\u0131n\u0131n bu topraklarda varl\u0131\u011f\u0131n\u0131 kendi k\u00fclt\u00fcr\u00fcne sahip \u00e7\u0131karak s\u00fcrd\u00fcrd\u00fc\u011f\u00fcne dikkati \u00e7ekti.<\/p>\n<p>K\u0131br\u0131s k\u00fclt\u00fcr\u00fcne ait gastronominin ekonomiye ve sosyal ya\u015fama daha fazla katk\u0131 sa\u011flamas\u0131 i\u00e7in herkese b\u00fcy\u00fck g\u00f6revler d\u00fc\u015ft\u00fc\u011f\u00fcn\u00fc s\u00f6yleyen Tatar, yurt d\u0131\u015f\u0131nda ya\u015fayan K\u0131br\u0131sl\u0131 T\u00fcrklerin de k\u00fclt\u00fcrlerine sahip \u00e7\u0131karak hayatlar\u0131n\u0131 s\u00fcrd\u00fcrd\u00fcklerine \u015fahit oldu\u011funu ifade etti. <\/p>\n<p>\u201cK\u00fclt\u00fcrel zenginli\u011fimizin d\u00fcnyan\u0131n \u00f6nde gelen k\u00fclt\u00fcrlerle yar\u0131\u015fabilecek durumdad\u0131r. De\u011ferini bilmemiz gerekir\u201d diyen Tatar, gen\u00e7lere de bu konuda b\u00fcy\u00fck g\u00f6revler d\u00fc\u015ft\u00fc\u011f\u00fcn\u00fc, okullarda K\u0131br\u0131s k\u00fclt\u00fcr\u00fcne daha \u00e7ok yer verilmesi gerekti\u011fini belirtti.<\/p>\n<p>Lansmanda, \u201cGelenekten Gelece\u011fe K\u0131br\u0131s Mutfa\u011f\u0131\u201d adl\u0131 kitab\u0131n haz\u0131rlanmas\u0131na katk\u0131 koyanlara da plaket takdim edildi.<\/p>\n<p>Gazima\u011fusa Halk Danslar\u0131 Derne\u011fi taraf\u0131ndan halk danslar\u0131 g\u00f6sterisinin de yer ald\u0131\u011f\u0131 gecede kitab\u0131n \u0130ngilizce tan\u0131t\u0131m\u0131 da yap\u0131ld\u0131.<\/p>\n<\/p><\/div>\n<p><script async\n                    defer\n                    crossorigin=\"anonymous\"\n                    src=\"https:\/\/connect.facebook.net\/tr_TR\/sdk.js#xfbml=1&#038;version=v3.3\"\n            ><\/script><\/p>\n","protected":false},"excerpt":{"rendered":"<p>Cumhurba\u015fkanl\u0131\u011f\u0131 himayesinde haz\u0131rlanan \u201cGelenekten Gelece\u011fe K\u0131br\u0131s Mutfa\u011f\u0131\u201d adl\u0131 kitab\u0131n lansman\u0131 yap\u0131ld\u0131\u2026 Cumhurba\u015fkanl\u0131\u011f\u0131 bah\u00e7esinde ger\u00e7ekle\u015ftirilen lansmanda, K\u0131br\u0131s T\u00fcrk K\u00fclt\u00fcr\u00fc i\u00e7in ar\u015fiv niteli\u011fi ta\u015f\u0131yan kitab\u0131n tan\u0131t\u0131m filmi g\u00f6sterildi. Lansmanda konu\u015fan Cumhurba\u015fkan\u0131 Ersin Tatar\u2019\u0131n e\u015fi Sibel Tatar, kitab\u0131n 1 bu\u00e7uk y\u0131ll\u0131k bir \u00e7al\u0131\u015fman\u0131n sonucunda ortaya \u00e7\u0131kt\u0131\u011f\u0131n\u0131 belirterek, kitab\u0131n 3 gastronomi uzman\u0131 ile birlikte haz\u0131rland\u0131\u011f\u0131n\u0131 s\u00f6yledi. Kitab\u0131n ilk bask\u0131s\u0131n\u0131n [&hellip;]<\/p>\n","protected":false},"author":1,"featured_media":4710,"comment_status":"open","ping_status":"open","sticky":false,"template":"","format":"standard","meta":{"jnews-multi-image_gallery":[],"jnews_single_post":[],"jnews_primary_category":[],"jnews_social_meta":[],"jnews_override_counter":[],"footnotes":""},"categories":[6],"tags":[],"class_list":["post-4709","post","type-post","status-publish","format-standard","has-post-thumbnail","hentry","category-yasam"],"yoast_head":"<!-- This site is optimized with the Yoast SEO plugin v27.5 - https:\/\/yoast.com\/product\/yoast-seo-wordpress\/ -->\n<title>\u201cGelenekten Gelece\u011fe K\u0131br\u0131s Mutfa\u011f\u0131\u201d ; Cumhurba\u015fkanl\u0131\u011f\u0131 himayesinde haz\u0131rlanan kitab\u0131n lansman\u0131 yap\u0131ld\u0131 - Kuzeyin Sesi<\/title>\n<meta name=\"robots\" content=\"index, follow, max-snippet:-1, max-image-preview:large, max-video-preview:-1\" \/>\n<link rel=\"canonical\" href=\"https:\/\/kuzeyinsesi.org\/index.php\/2024\/06\/12\/gelenekten-gelecege-kibris-mutfagi-cumhurbaskanligi-himayesinde-hazirlanan-kitabin-lansmani-yapildi\/\" \/>\n<meta property=\"og:locale\" content=\"tr_TR\" \/>\n<meta property=\"og:type\" content=\"article\" \/>\n<meta property=\"og:title\" content=\"\u201cGelenekten Gelece\u011fe K\u0131br\u0131s Mutfa\u011f\u0131\u201d ; Cumhurba\u015fkanl\u0131\u011f\u0131 himayesinde haz\u0131rlanan kitab\u0131n lansman\u0131 yap\u0131ld\u0131 - Kuzeyin Sesi\" \/>\n<meta property=\"og:description\" content=\"Cumhurba\u015fkanl\u0131\u011f\u0131 himayesinde haz\u0131rlanan \u201cGelenekten Gelece\u011fe K\u0131br\u0131s Mutfa\u011f\u0131\u201d adl\u0131 kitab\u0131n lansman\u0131 yap\u0131ld\u0131\u2026 Cumhurba\u015fkanl\u0131\u011f\u0131 bah\u00e7esinde ger\u00e7ekle\u015ftirilen lansmanda, K\u0131br\u0131s T\u00fcrk K\u00fclt\u00fcr\u00fc i\u00e7in ar\u015fiv niteli\u011fi ta\u015f\u0131yan kitab\u0131n tan\u0131t\u0131m filmi g\u00f6sterildi. Lansmanda konu\u015fan Cumhurba\u015fkan\u0131 Ersin Tatar\u2019\u0131n e\u015fi Sibel Tatar, kitab\u0131n 1 bu\u00e7uk y\u0131ll\u0131k bir \u00e7al\u0131\u015fman\u0131n sonucunda ortaya \u00e7\u0131kt\u0131\u011f\u0131n\u0131 belirterek, kitab\u0131n 3 gastronomi uzman\u0131 ile birlikte haz\u0131rland\u0131\u011f\u0131n\u0131 s\u00f6yledi. Kitab\u0131n ilk bask\u0131s\u0131n\u0131n [&hellip;]\" \/>\n<meta property=\"og:url\" content=\"https:\/\/kuzeyinsesi.org\/index.php\/2024\/06\/12\/gelenekten-gelecege-kibris-mutfagi-cumhurbaskanligi-himayesinde-hazirlanan-kitabin-lansmani-yapildi\/\" \/>\n<meta property=\"og:site_name\" content=\"Kuzeyin Sesi\" \/>\n<meta property=\"article:publisher\" content=\"https:\/\/www.facebook.com\/kuzeyinsesii\" \/>\n<meta property=\"article:published_time\" content=\"2024-06-12T19:23:33+00:00\" \/>\n<meta property=\"og:image\" content=\"https:\/\/kuzeyinsesi.org\/wp-content\/uploads\/2024\/06\/448324267_7852364788134954_4184751857920809954_n.jpg\" \/>\n\t<meta property=\"og:image:width\" content=\"2048\" \/>\n\t<meta property=\"og:image:height\" content=\"1428\" \/>\n\t<meta property=\"og:image:type\" content=\"image\/jpeg\" \/>\n<meta name=\"author\" content=\"Kuzeyin Sesi\" \/>\n<meta name=\"twitter:card\" content=\"summary_large_image\" \/>\n<meta name=\"twitter:creator\" content=\"@kuzeyinsesii\" \/>\n<meta name=\"twitter:site\" content=\"@kuzeyinsesii\" \/>\n<meta name=\"twitter:label1\" content=\"Yazan:\" \/>\n\t<meta name=\"twitter:data1\" content=\"Kuzeyin Sesi\" \/>\n\t<meta name=\"twitter:label2\" content=\"Tahmini okuma s\u00fcresi\" \/>\n\t<meta name=\"twitter:data2\" content=\"2 dakika\" \/>\n<script type=\"application\/ld+json\" class=\"yoast-schema-graph\">{\"@context\":\"https:\\\/\\\/schema.org\",\"@graph\":[{\"@type\":\"Article\",\"@id\":\"https:\\\/\\\/kuzeyinsesi.org\\\/index.php\\\/2024\\\/06\\\/12\\\/gelenekten-gelecege-kibris-mutfagi-cumhurbaskanligi-himayesinde-hazirlanan-kitabin-lansmani-yapildi\\\/#article\",\"isPartOf\":{\"@id\":\"https:\\\/\\\/kuzeyinsesi.org\\\/index.php\\\/2024\\\/06\\\/12\\\/gelenekten-gelecege-kibris-mutfagi-cumhurbaskanligi-himayesinde-hazirlanan-kitabin-lansmani-yapildi\\\/\"},\"author\":{\"name\":\"Kuzeyin Sesi\",\"@id\":\"https:\\\/\\\/kuzeyinsesi.org\\\/#\\\/schema\\\/person\\\/9f859689cdf01485597712386e37f5aa\"},\"headline\":\"\u201cGelenekten Gelece\u011fe K\u0131br\u0131s Mutfa\u011f\u0131\u201d ; Cumhurba\u015fkanl\u0131\u011f\u0131 himayesinde haz\u0131rlanan kitab\u0131n lansman\u0131 yap\u0131ld\u0131\",\"datePublished\":\"2024-06-12T19:23:33+00:00\",\"mainEntityOfPage\":{\"@id\":\"https:\\\/\\\/kuzeyinsesi.org\\\/index.php\\\/2024\\\/06\\\/12\\\/gelenekten-gelecege-kibris-mutfagi-cumhurbaskanligi-himayesinde-hazirlanan-kitabin-lansmani-yapildi\\\/\"},\"wordCount\":442,\"commentCount\":0,\"image\":{\"@id\":\"https:\\\/\\\/kuzeyinsesi.org\\\/index.php\\\/2024\\\/06\\\/12\\\/gelenekten-gelecege-kibris-mutfagi-cumhurbaskanligi-himayesinde-hazirlanan-kitabin-lansmani-yapildi\\\/#primaryimage\"},\"thumbnailUrl\":\"https:\\\/\\\/kuzeyinsesi.org\\\/wp-content\\\/uploads\\\/2024\\\/06\\\/448324267_7852364788134954_4184751857920809954_n.jpg\",\"articleSection\":[\"Ya\u015fam\"],\"inLanguage\":\"tr\",\"potentialAction\":[{\"@type\":\"CommentAction\",\"name\":\"Comment\",\"target\":[\"https:\\\/\\\/kuzeyinsesi.org\\\/index.php\\\/2024\\\/06\\\/12\\\/gelenekten-gelecege-kibris-mutfagi-cumhurbaskanligi-himayesinde-hazirlanan-kitabin-lansmani-yapildi\\\/#respond\"]}]},{\"@type\":\"WebPage\",\"@id\":\"https:\\\/\\\/kuzeyinsesi.org\\\/index.php\\\/2024\\\/06\\\/12\\\/gelenekten-gelecege-kibris-mutfagi-cumhurbaskanligi-himayesinde-hazirlanan-kitabin-lansmani-yapildi\\\/\",\"url\":\"https:\\\/\\\/kuzeyinsesi.org\\\/index.php\\\/2024\\\/06\\\/12\\\/gelenekten-gelecege-kibris-mutfagi-cumhurbaskanligi-himayesinde-hazirlanan-kitabin-lansmani-yapildi\\\/\",\"name\":\"\u201cGelenekten Gelece\u011fe K\u0131br\u0131s Mutfa\u011f\u0131\u201d ; Cumhurba\u015fkanl\u0131\u011f\u0131 himayesinde haz\u0131rlanan kitab\u0131n lansman\u0131 yap\u0131ld\u0131 - Kuzeyin Sesi\",\"isPartOf\":{\"@id\":\"https:\\\/\\\/kuzeyinsesi.org\\\/#website\"},\"primaryImageOfPage\":{\"@id\":\"https:\\\/\\\/kuzeyinsesi.org\\\/index.php\\\/2024\\\/06\\\/12\\\/gelenekten-gelecege-kibris-mutfagi-cumhurbaskanligi-himayesinde-hazirlanan-kitabin-lansmani-yapildi\\\/#primaryimage\"},\"image\":{\"@id\":\"https:\\\/\\\/kuzeyinsesi.org\\\/index.php\\\/2024\\\/06\\\/12\\\/gelenekten-gelecege-kibris-mutfagi-cumhurbaskanligi-himayesinde-hazirlanan-kitabin-lansmani-yapildi\\\/#primaryimage\"},\"thumbnailUrl\":\"https:\\\/\\\/kuzeyinsesi.org\\\/wp-content\\\/uploads\\\/2024\\\/06\\\/448324267_7852364788134954_4184751857920809954_n.jpg\",\"datePublished\":\"2024-06-12T19:23:33+00:00\",\"author\":{\"@id\":\"https:\\\/\\\/kuzeyinsesi.org\\\/#\\\/schema\\\/person\\\/9f859689cdf01485597712386e37f5aa\"},\"breadcrumb\":{\"@id\":\"https:\\\/\\\/kuzeyinsesi.org\\\/index.php\\\/2024\\\/06\\\/12\\\/gelenekten-gelecege-kibris-mutfagi-cumhurbaskanligi-himayesinde-hazirlanan-kitabin-lansmani-yapildi\\\/#breadcrumb\"},\"inLanguage\":\"tr\",\"potentialAction\":[{\"@type\":\"ReadAction\",\"target\":[\"https:\\\/\\\/kuzeyinsesi.org\\\/index.php\\\/2024\\\/06\\\/12\\\/gelenekten-gelecege-kibris-mutfagi-cumhurbaskanligi-himayesinde-hazirlanan-kitabin-lansmani-yapildi\\\/\"]}]},{\"@type\":\"ImageObject\",\"inLanguage\":\"tr\",\"@id\":\"https:\\\/\\\/kuzeyinsesi.org\\\/index.php\\\/2024\\\/06\\\/12\\\/gelenekten-gelecege-kibris-mutfagi-cumhurbaskanligi-himayesinde-hazirlanan-kitabin-lansmani-yapildi\\\/#primaryimage\",\"url\":\"https:\\\/\\\/kuzeyinsesi.org\\\/wp-content\\\/uploads\\\/2024\\\/06\\\/448324267_7852364788134954_4184751857920809954_n.jpg\",\"contentUrl\":\"https:\\\/\\\/kuzeyinsesi.org\\\/wp-content\\\/uploads\\\/2024\\\/06\\\/448324267_7852364788134954_4184751857920809954_n.jpg\",\"width\":2048,\"height\":1428},{\"@type\":\"BreadcrumbList\",\"@id\":\"https:\\\/\\\/kuzeyinsesi.org\\\/index.php\\\/2024\\\/06\\\/12\\\/gelenekten-gelecege-kibris-mutfagi-cumhurbaskanligi-himayesinde-hazirlanan-kitabin-lansmani-yapildi\\\/#breadcrumb\",\"itemListElement\":[{\"@type\":\"ListItem\",\"position\":1,\"name\":\"Anasayfa\",\"item\":\"https:\\\/\\\/kuzeyinsesi.org\\\/\"},{\"@type\":\"ListItem\",\"position\":2,\"name\":\"\u201cGelenekten Gelece\u011fe K\u0131br\u0131s Mutfa\u011f\u0131\u201d ; Cumhurba\u015fkanl\u0131\u011f\u0131 himayesinde haz\u0131rlanan kitab\u0131n lansman\u0131 yap\u0131ld\u0131\"}]},{\"@type\":\"WebSite\",\"@id\":\"https:\\\/\\\/kuzeyinsesi.org\\\/#website\",\"url\":\"https:\\\/\\\/kuzeyinsesi.org\\\/\",\"name\":\"Kuzeyin Sesi\",\"description\":\"Do\u011fru Haberin Adresi\",\"potentialAction\":[{\"@type\":\"SearchAction\",\"target\":{\"@type\":\"EntryPoint\",\"urlTemplate\":\"https:\\\/\\\/kuzeyinsesi.org\\\/?s={search_term_string}\"},\"query-input\":{\"@type\":\"PropertyValueSpecification\",\"valueRequired\":true,\"valueName\":\"search_term_string\"}}],\"inLanguage\":\"tr\"},{\"@type\":\"Person\",\"@id\":\"https:\\\/\\\/kuzeyinsesi.org\\\/#\\\/schema\\\/person\\\/9f859689cdf01485597712386e37f5aa\",\"name\":\"Kuzeyin Sesi\",\"image\":{\"@type\":\"ImageObject\",\"inLanguage\":\"tr\",\"@id\":\"https:\\\/\\\/secure.gravatar.com\\\/avatar\\\/bab33852abfd8b282518d6ed81826833d77c3c882d9ab608add591ccace47a44?s=96&d=mm&r=g\",\"url\":\"https:\\\/\\\/secure.gravatar.com\\\/avatar\\\/bab33852abfd8b282518d6ed81826833d77c3c882d9ab608add591ccace47a44?s=96&d=mm&r=g\",\"contentUrl\":\"https:\\\/\\\/secure.gravatar.com\\\/avatar\\\/bab33852abfd8b282518d6ed81826833d77c3c882d9ab608add591ccace47a44?s=96&d=mm&r=g\",\"caption\":\"Kuzeyin Sesi\"},\"sameAs\":[\"https:\\\/\\\/kuzeyinsesi.org\"],\"url\":\"https:\\\/\\\/kuzeyinsesi.org\\\/index.php\\\/author\\\/guven\\\/\"}]}<\/script>\n<!-- \/ Yoast SEO plugin. -->","yoast_head_json":{"title":"\u201cGelenekten Gelece\u011fe K\u0131br\u0131s Mutfa\u011f\u0131\u201d ; Cumhurba\u015fkanl\u0131\u011f\u0131 himayesinde haz\u0131rlanan kitab\u0131n lansman\u0131 yap\u0131ld\u0131 - Kuzeyin Sesi","robots":{"index":"index","follow":"follow","max-snippet":"max-snippet:-1","max-image-preview":"max-image-preview:large","max-video-preview":"max-video-preview:-1"},"canonical":"https:\/\/kuzeyinsesi.org\/index.php\/2024\/06\/12\/gelenekten-gelecege-kibris-mutfagi-cumhurbaskanligi-himayesinde-hazirlanan-kitabin-lansmani-yapildi\/","og_locale":"tr_TR","og_type":"article","og_title":"\u201cGelenekten Gelece\u011fe K\u0131br\u0131s Mutfa\u011f\u0131\u201d ; Cumhurba\u015fkanl\u0131\u011f\u0131 himayesinde haz\u0131rlanan kitab\u0131n lansman\u0131 yap\u0131ld\u0131 - Kuzeyin Sesi","og_description":"Cumhurba\u015fkanl\u0131\u011f\u0131 himayesinde haz\u0131rlanan \u201cGelenekten Gelece\u011fe K\u0131br\u0131s Mutfa\u011f\u0131\u201d adl\u0131 kitab\u0131n lansman\u0131 yap\u0131ld\u0131\u2026 Cumhurba\u015fkanl\u0131\u011f\u0131 bah\u00e7esinde ger\u00e7ekle\u015ftirilen lansmanda, K\u0131br\u0131s T\u00fcrk K\u00fclt\u00fcr\u00fc i\u00e7in ar\u015fiv niteli\u011fi ta\u015f\u0131yan kitab\u0131n tan\u0131t\u0131m filmi g\u00f6sterildi. Lansmanda konu\u015fan Cumhurba\u015fkan\u0131 Ersin Tatar\u2019\u0131n e\u015fi Sibel Tatar, kitab\u0131n 1 bu\u00e7uk y\u0131ll\u0131k bir \u00e7al\u0131\u015fman\u0131n sonucunda ortaya \u00e7\u0131kt\u0131\u011f\u0131n\u0131 belirterek, kitab\u0131n 3 gastronomi uzman\u0131 ile birlikte haz\u0131rland\u0131\u011f\u0131n\u0131 s\u00f6yledi. Kitab\u0131n ilk bask\u0131s\u0131n\u0131n [&hellip;]","og_url":"https:\/\/kuzeyinsesi.org\/index.php\/2024\/06\/12\/gelenekten-gelecege-kibris-mutfagi-cumhurbaskanligi-himayesinde-hazirlanan-kitabin-lansmani-yapildi\/","og_site_name":"Kuzeyin Sesi","article_publisher":"https:\/\/www.facebook.com\/kuzeyinsesii","article_published_time":"2024-06-12T19:23:33+00:00","og_image":[{"width":2048,"height":1428,"url":"https:\/\/kuzeyinsesi.org\/wp-content\/uploads\/2024\/06\/448324267_7852364788134954_4184751857920809954_n.jpg","type":"image\/jpeg"}],"author":"Kuzeyin Sesi","twitter_card":"summary_large_image","twitter_creator":"@kuzeyinsesii","twitter_site":"@kuzeyinsesii","twitter_misc":{"Yazan:":"Kuzeyin Sesi","Tahmini okuma s\u00fcresi":"2 dakika"},"schema":{"@context":"https:\/\/schema.org","@graph":[{"@type":"Article","@id":"https:\/\/kuzeyinsesi.org\/index.php\/2024\/06\/12\/gelenekten-gelecege-kibris-mutfagi-cumhurbaskanligi-himayesinde-hazirlanan-kitabin-lansmani-yapildi\/#article","isPartOf":{"@id":"https:\/\/kuzeyinsesi.org\/index.php\/2024\/06\/12\/gelenekten-gelecege-kibris-mutfagi-cumhurbaskanligi-himayesinde-hazirlanan-kitabin-lansmani-yapildi\/"},"author":{"name":"Kuzeyin Sesi","@id":"https:\/\/kuzeyinsesi.org\/#\/schema\/person\/9f859689cdf01485597712386e37f5aa"},"headline":"\u201cGelenekten Gelece\u011fe K\u0131br\u0131s Mutfa\u011f\u0131\u201d ; Cumhurba\u015fkanl\u0131\u011f\u0131 himayesinde haz\u0131rlanan kitab\u0131n lansman\u0131 yap\u0131ld\u0131","datePublished":"2024-06-12T19:23:33+00:00","mainEntityOfPage":{"@id":"https:\/\/kuzeyinsesi.org\/index.php\/2024\/06\/12\/gelenekten-gelecege-kibris-mutfagi-cumhurbaskanligi-himayesinde-hazirlanan-kitabin-lansmani-yapildi\/"},"wordCount":442,"commentCount":0,"image":{"@id":"https:\/\/kuzeyinsesi.org\/index.php\/2024\/06\/12\/gelenekten-gelecege-kibris-mutfagi-cumhurbaskanligi-himayesinde-hazirlanan-kitabin-lansmani-yapildi\/#primaryimage"},"thumbnailUrl":"https:\/\/kuzeyinsesi.org\/wp-content\/uploads\/2024\/06\/448324267_7852364788134954_4184751857920809954_n.jpg","articleSection":["Ya\u015fam"],"inLanguage":"tr","potentialAction":[{"@type":"CommentAction","name":"Comment","target":["https:\/\/kuzeyinsesi.org\/index.php\/2024\/06\/12\/gelenekten-gelecege-kibris-mutfagi-cumhurbaskanligi-himayesinde-hazirlanan-kitabin-lansmani-yapildi\/#respond"]}]},{"@type":"WebPage","@id":"https:\/\/kuzeyinsesi.org\/index.php\/2024\/06\/12\/gelenekten-gelecege-kibris-mutfagi-cumhurbaskanligi-himayesinde-hazirlanan-kitabin-lansmani-yapildi\/","url":"https:\/\/kuzeyinsesi.org\/index.php\/2024\/06\/12\/gelenekten-gelecege-kibris-mutfagi-cumhurbaskanligi-himayesinde-hazirlanan-kitabin-lansmani-yapildi\/","name":"\u201cGelenekten Gelece\u011fe K\u0131br\u0131s Mutfa\u011f\u0131\u201d ; Cumhurba\u015fkanl\u0131\u011f\u0131 himayesinde haz\u0131rlanan kitab\u0131n lansman\u0131 yap\u0131ld\u0131 - Kuzeyin Sesi","isPartOf":{"@id":"https:\/\/kuzeyinsesi.org\/#website"},"primaryImageOfPage":{"@id":"https:\/\/kuzeyinsesi.org\/index.php\/2024\/06\/12\/gelenekten-gelecege-kibris-mutfagi-cumhurbaskanligi-himayesinde-hazirlanan-kitabin-lansmani-yapildi\/#primaryimage"},"image":{"@id":"https:\/\/kuzeyinsesi.org\/index.php\/2024\/06\/12\/gelenekten-gelecege-kibris-mutfagi-cumhurbaskanligi-himayesinde-hazirlanan-kitabin-lansmani-yapildi\/#primaryimage"},"thumbnailUrl":"https:\/\/kuzeyinsesi.org\/wp-content\/uploads\/2024\/06\/448324267_7852364788134954_4184751857920809954_n.jpg","datePublished":"2024-06-12T19:23:33+00:00","author":{"@id":"https:\/\/kuzeyinsesi.org\/#\/schema\/person\/9f859689cdf01485597712386e37f5aa"},"breadcrumb":{"@id":"https:\/\/kuzeyinsesi.org\/index.php\/2024\/06\/12\/gelenekten-gelecege-kibris-mutfagi-cumhurbaskanligi-himayesinde-hazirlanan-kitabin-lansmani-yapildi\/#breadcrumb"},"inLanguage":"tr","potentialAction":[{"@type":"ReadAction","target":["https:\/\/kuzeyinsesi.org\/index.php\/2024\/06\/12\/gelenekten-gelecege-kibris-mutfagi-cumhurbaskanligi-himayesinde-hazirlanan-kitabin-lansmani-yapildi\/"]}]},{"@type":"ImageObject","inLanguage":"tr","@id":"https:\/\/kuzeyinsesi.org\/index.php\/2024\/06\/12\/gelenekten-gelecege-kibris-mutfagi-cumhurbaskanligi-himayesinde-hazirlanan-kitabin-lansmani-yapildi\/#primaryimage","url":"https:\/\/kuzeyinsesi.org\/wp-content\/uploads\/2024\/06\/448324267_7852364788134954_4184751857920809954_n.jpg","contentUrl":"https:\/\/kuzeyinsesi.org\/wp-content\/uploads\/2024\/06\/448324267_7852364788134954_4184751857920809954_n.jpg","width":2048,"height":1428},{"@type":"BreadcrumbList","@id":"https:\/\/kuzeyinsesi.org\/index.php\/2024\/06\/12\/gelenekten-gelecege-kibris-mutfagi-cumhurbaskanligi-himayesinde-hazirlanan-kitabin-lansmani-yapildi\/#breadcrumb","itemListElement":[{"@type":"ListItem","position":1,"name":"Anasayfa","item":"https:\/\/kuzeyinsesi.org\/"},{"@type":"ListItem","position":2,"name":"\u201cGelenekten Gelece\u011fe K\u0131br\u0131s Mutfa\u011f\u0131\u201d ; Cumhurba\u015fkanl\u0131\u011f\u0131 himayesinde haz\u0131rlanan kitab\u0131n lansman\u0131 yap\u0131ld\u0131"}]},{"@type":"WebSite","@id":"https:\/\/kuzeyinsesi.org\/#website","url":"https:\/\/kuzeyinsesi.org\/","name":"Kuzeyin Sesi","description":"Do\u011fru Haberin Adresi","potentialAction":[{"@type":"SearchAction","target":{"@type":"EntryPoint","urlTemplate":"https:\/\/kuzeyinsesi.org\/?s={search_term_string}"},"query-input":{"@type":"PropertyValueSpecification","valueRequired":true,"valueName":"search_term_string"}}],"inLanguage":"tr"},{"@type":"Person","@id":"https:\/\/kuzeyinsesi.org\/#\/schema\/person\/9f859689cdf01485597712386e37f5aa","name":"Kuzeyin Sesi","image":{"@type":"ImageObject","inLanguage":"tr","@id":"https:\/\/secure.gravatar.com\/avatar\/bab33852abfd8b282518d6ed81826833d77c3c882d9ab608add591ccace47a44?s=96&d=mm&r=g","url":"https:\/\/secure.gravatar.com\/avatar\/bab33852abfd8b282518d6ed81826833d77c3c882d9ab608add591ccace47a44?s=96&d=mm&r=g","contentUrl":"https:\/\/secure.gravatar.com\/avatar\/bab33852abfd8b282518d6ed81826833d77c3c882d9ab608add591ccace47a44?s=96&d=mm&r=g","caption":"Kuzeyin Sesi"},"sameAs":["https:\/\/kuzeyinsesi.org"],"url":"https:\/\/kuzeyinsesi.org\/index.php\/author\/guven\/"}]}},"_links":{"self":[{"href":"https:\/\/kuzeyinsesi.org\/index.php\/wp-json\/wp\/v2\/posts\/4709","targetHints":{"allow":["GET"]}}],"collection":[{"href":"https:\/\/kuzeyinsesi.org\/index.php\/wp-json\/wp\/v2\/posts"}],"about":[{"href":"https:\/\/kuzeyinsesi.org\/index.php\/wp-json\/wp\/v2\/types\/post"}],"author":[{"embeddable":true,"href":"https:\/\/kuzeyinsesi.org\/index.php\/wp-json\/wp\/v2\/users\/1"}],"replies":[{"embeddable":true,"href":"https:\/\/kuzeyinsesi.org\/index.php\/wp-json\/wp\/v2\/comments?post=4709"}],"version-history":[{"count":0,"href":"https:\/\/kuzeyinsesi.org\/index.php\/wp-json\/wp\/v2\/posts\/4709\/revisions"}],"wp:featuredmedia":[{"embeddable":true,"href":"https:\/\/kuzeyinsesi.org\/index.php\/wp-json\/wp\/v2\/media\/4710"}],"wp:attachment":[{"href":"https:\/\/kuzeyinsesi.org\/index.php\/wp-json\/wp\/v2\/media?parent=4709"}],"wp:term":[{"taxonomy":"category","embeddable":true,"href":"https:\/\/kuzeyinsesi.org\/index.php\/wp-json\/wp\/v2\/categories?post=4709"},{"taxonomy":"post_tag","embeddable":true,"href":"https:\/\/kuzeyinsesi.org\/index.php\/wp-json\/wp\/v2\/tags?post=4709"}],"curies":[{"name":"wp","href":"https:\/\/api.w.org\/{rel}","templated":true}]}}