{"id":4684,"date":"2024-06-12T16:17:13","date_gmt":"2024-06-12T13:17:13","guid":{"rendered":"https:\/\/kuzeyinsesi.com\/index.php\/2024\/06\/12\/ltbnin-duzenledigi-20-kibris-tiyatro-festivali-sona-erdi\/"},"modified":"2024-06-12T16:17:13","modified_gmt":"2024-06-12T13:17:13","slug":"ltbnin-duzenledigi-20-kibris-tiyatro-festivali-sona-erdi","status":"publish","type":"post","link":"https:\/\/kuzeyinsesi.org\/index.php\/2024\/06\/12\/ltbnin-duzenledigi-20-kibris-tiyatro-festivali-sona-erdi\/","title":{"rendered":"LTB\u2019nin d\u00fczenledi\u011fi 20. K\u0131br\u0131s Tiyatro Festivali sona erdi"},"content":{"rendered":"<div>\n<div class=\"mariselle-image-container center\">\n                                            <\/div>\n<p>Lefko\u015fa T\u00fcrk Belediyesi\u2019nin bu y\u0131l \u201c\u00c7\u0131k\u0131n I\u015f\u0131\u011fa Bulu\u015fabilenler, Sevindirebilenler, De\u011fi\u015febilenler\u201d slogan\u0131yla 20.\u2019sini d\u00fczenledi\u011fi K\u0131br\u0131s Tiyatro Festivali Ankara Devlet Tiyatrosu\u2019nun Gonzago\u2019nun \u00d6ld\u00fcr\u00fclmesi oyunu ile tamamland\u0131.<\/p>\n<p>Nedyalko Yordanov yazd\u0131\u011f\u0131 Farid Bikchantaev y\u00f6netti\u011fi Gonzago\u2019nun \u00d6ld\u00fcr\u00fclmesi\u2019nin oyuncu kadrosunda \u00d6t\u00fcken H\u00fcrm\u00fczl\u00fc, Ebru G\u00fclerarslan Serin, Engin \u00d6zsay\u0131n, \u015eivan Binici, G\u00fclin Ersoy, Batuhan Yal\u00e7\u0131n, Dara Tan, H\u00fclya Y\u0131ld\u0131z, Eren Oray, M\u00fcmtaz Aydo\u011fan Mengi ve E\u015fref Erg\u00fc Pi\u015firici yer ald\u0131.<\/p>\n<p>-Kapan\u0131\u015f konu\u015fmas\u0131n\u0131 Cem Aykut yapt\u0131<\/p>\n<p>Oyunun sonunda festivalin kapan\u0131\u015f konu\u015fmas\u0131n\u0131 Lefko\u015fa Belediye Tiyatrosu Sanat Y\u00f6netmeni Cem Aykut yapt\u0131.<\/p>\n<p>Aykut, a\u00e7\u0131l\u0131\u015f\u0131 ve kapan\u0131\u015f\u0131 Ankara Devlet Tiyatrolar\u0131 ile yapt\u0131klar\u0131na i\u015faret ederek, sa\u011flad\u0131klar\u0131 katk\u0131 i\u00e7in te\u015fekk\u00fcr etti.<\/p>\n<p>Festivale oyunlar\u0131 ile katk\u0131 koyan t\u00fcm tiyatrolara ayr\u0131 ayr\u0131 te\u015fekk\u00fcr eden Cem Aykut, 21\u2019inci Tiyatro Festivali\u2019nde g\u00f6r\u00fc\u015fme temennisini sunarak konu\u015fmas\u0131n\u0131 tamamlad\u0131.<\/p>\n<p>Grand Pasha ve \u0130ktisatbank ana sponsorlu\u011funda d\u00fczenlenen festivalin, g\u00fcm\u00fc\u015f sponsoru Birinci Global olurken, salon sponsorlu\u011funu Yak\u0131n Do\u011fu \u00dcniversitesi, ula\u015f\u0131m sponsorlu\u011funu ise Northern Travel \u00fcstlendi. Wideline, Bel-Koop ve SIBA Limited de festivale katk\u0131 koyanlar aras\u0131nda yer ald\u0131.<\/p>\n<\/p><\/div>\n<p><script async\n                    defer\n                    crossorigin=\"anonymous\"\n                    src=\"https:\/\/connect.facebook.net\/tr_TR\/sdk.js#xfbml=1&#038;version=v3.3\"\n            ><\/script><\/p>\n","protected":false},"excerpt":{"rendered":"<p>Lefko\u015fa T\u00fcrk Belediyesi\u2019nin bu y\u0131l \u201c\u00c7\u0131k\u0131n I\u015f\u0131\u011fa Bulu\u015fabilenler, Sevindirebilenler, De\u011fi\u015febilenler\u201d slogan\u0131yla 20.\u2019sini d\u00fczenledi\u011fi K\u0131br\u0131s Tiyatro Festivali Ankara Devlet Tiyatrosu\u2019nun Gonzago\u2019nun \u00d6ld\u00fcr\u00fclmesi oyunu ile tamamland\u0131. Nedyalko Yordanov yazd\u0131\u011f\u0131 Farid Bikchantaev y\u00f6netti\u011fi Gonzago\u2019nun \u00d6ld\u00fcr\u00fclmesi\u2019nin oyuncu kadrosunda \u00d6t\u00fcken H\u00fcrm\u00fczl\u00fc, Ebru G\u00fclerarslan Serin, Engin \u00d6zsay\u0131n, \u015eivan Binici, G\u00fclin Ersoy, Batuhan Yal\u00e7\u0131n, Dara Tan, H\u00fclya Y\u0131ld\u0131z, Eren Oray, M\u00fcmtaz Aydo\u011fan [&hellip;]<\/p>\n","protected":false},"author":1,"featured_media":4685,"comment_status":"open","ping_status":"open","sticky":false,"template":"","format":"standard","meta":{"jnews-multi-image_gallery":[],"jnews_single_post":[],"jnews_primary_category":[],"jnews_social_meta":[],"jnews_override_counter":[],"footnotes":""},"categories":[6],"tags":[],"class_list":["post-4684","post","type-post","status-publish","format-standard","has-post-thumbnail","hentry","category-yasam"],"yoast_head":"<!-- This site is optimized with the Yoast SEO plugin v27.5 - https:\/\/yoast.com\/product\/yoast-seo-wordpress\/ -->\n<title>LTB\u2019nin d\u00fczenledi\u011fi 20. K\u0131br\u0131s Tiyatro Festivali sona erdi - Kuzeyin Sesi<\/title>\n<meta name=\"robots\" content=\"index, follow, max-snippet:-1, max-image-preview:large, max-video-preview:-1\" \/>\n<link rel=\"canonical\" href=\"https:\/\/kuzeyinsesi.org\/index.php\/2024\/06\/12\/ltbnin-duzenledigi-20-kibris-tiyatro-festivali-sona-erdi\/\" \/>\n<meta property=\"og:locale\" content=\"tr_TR\" \/>\n<meta property=\"og:type\" content=\"article\" \/>\n<meta property=\"og:title\" content=\"LTB\u2019nin d\u00fczenledi\u011fi 20. K\u0131br\u0131s Tiyatro Festivali sona erdi - Kuzeyin Sesi\" \/>\n<meta property=\"og:description\" content=\"Lefko\u015fa T\u00fcrk Belediyesi\u2019nin bu y\u0131l \u201c\u00c7\u0131k\u0131n I\u015f\u0131\u011fa Bulu\u015fabilenler, Sevindirebilenler, De\u011fi\u015febilenler\u201d slogan\u0131yla 20.\u2019sini d\u00fczenledi\u011fi K\u0131br\u0131s Tiyatro Festivali Ankara Devlet Tiyatrosu\u2019nun Gonzago\u2019nun \u00d6ld\u00fcr\u00fclmesi oyunu ile tamamland\u0131. Nedyalko Yordanov yazd\u0131\u011f\u0131 Farid Bikchantaev y\u00f6netti\u011fi Gonzago\u2019nun \u00d6ld\u00fcr\u00fclmesi\u2019nin oyuncu kadrosunda \u00d6t\u00fcken H\u00fcrm\u00fczl\u00fc, Ebru G\u00fclerarslan Serin, Engin \u00d6zsay\u0131n, \u015eivan Binici, G\u00fclin Ersoy, Batuhan Yal\u00e7\u0131n, Dara Tan, H\u00fclya Y\u0131ld\u0131z, Eren Oray, M\u00fcmtaz Aydo\u011fan [&hellip;]\" \/>\n<meta property=\"og:url\" content=\"https:\/\/kuzeyinsesi.org\/index.php\/2024\/06\/12\/ltbnin-duzenledigi-20-kibris-tiyatro-festivali-sona-erdi\/\" \/>\n<meta property=\"og:site_name\" content=\"Kuzeyin Sesi\" \/>\n<meta property=\"article:publisher\" content=\"https:\/\/www.facebook.com\/kuzeyinsesii\" \/>\n<meta property=\"article:published_time\" content=\"2024-06-12T13:17:13+00:00\" \/>\n<meta property=\"og:image\" content=\"https:\/\/kuzeyinsesi.org\/wp-content\/uploads\/2024\/06\/kibris-tiyatro-3-.jpeg\" \/>\n\t<meta property=\"og:image:width\" content=\"1600\" \/>\n\t<meta property=\"og:image:height\" content=\"1066\" \/>\n\t<meta property=\"og:image:type\" content=\"image\/jpeg\" \/>\n<meta name=\"author\" content=\"Kuzeyin Sesi\" \/>\n<meta name=\"twitter:card\" content=\"summary_large_image\" \/>\n<meta name=\"twitter:creator\" content=\"@kuzeyinsesii\" \/>\n<meta name=\"twitter:site\" content=\"@kuzeyinsesii\" \/>\n<meta name=\"twitter:label1\" content=\"Yazan:\" \/>\n\t<meta name=\"twitter:data1\" content=\"Kuzeyin Sesi\" \/>\n\t<meta name=\"twitter:label2\" content=\"Tahmini okuma s\u00fcresi\" \/>\n\t<meta name=\"twitter:data2\" content=\"1 dakika\" \/>\n<script type=\"application\/ld+json\" class=\"yoast-schema-graph\">{\"@context\":\"https:\\\/\\\/schema.org\",\"@graph\":[{\"@type\":\"Article\",\"@id\":\"https:\\\/\\\/kuzeyinsesi.org\\\/index.php\\\/2024\\\/06\\\/12\\\/ltbnin-duzenledigi-20-kibris-tiyatro-festivali-sona-erdi\\\/#article\",\"isPartOf\":{\"@id\":\"https:\\\/\\\/kuzeyinsesi.org\\\/index.php\\\/2024\\\/06\\\/12\\\/ltbnin-duzenledigi-20-kibris-tiyatro-festivali-sona-erdi\\\/\"},\"author\":{\"name\":\"Kuzeyin Sesi\",\"@id\":\"https:\\\/\\\/kuzeyinsesi.org\\\/#\\\/schema\\\/person\\\/9f859689cdf01485597712386e37f5aa\"},\"headline\":\"LTB\u2019nin d\u00fczenledi\u011fi 20. K\u0131br\u0131s Tiyatro Festivali sona erdi\",\"datePublished\":\"2024-06-12T13:17:13+00:00\",\"mainEntityOfPage\":{\"@id\":\"https:\\\/\\\/kuzeyinsesi.org\\\/index.php\\\/2024\\\/06\\\/12\\\/ltbnin-duzenledigi-20-kibris-tiyatro-festivali-sona-erdi\\\/\"},\"wordCount\":235,\"commentCount\":0,\"image\":{\"@id\":\"https:\\\/\\\/kuzeyinsesi.org\\\/index.php\\\/2024\\\/06\\\/12\\\/ltbnin-duzenledigi-20-kibris-tiyatro-festivali-sona-erdi\\\/#primaryimage\"},\"thumbnailUrl\":\"https:\\\/\\\/kuzeyinsesi.org\\\/wp-content\\\/uploads\\\/2024\\\/06\\\/kibris-tiyatro-3-.jpeg\",\"articleSection\":[\"Ya\u015fam\"],\"inLanguage\":\"tr\",\"potentialAction\":[{\"@type\":\"CommentAction\",\"name\":\"Comment\",\"target\":[\"https:\\\/\\\/kuzeyinsesi.org\\\/index.php\\\/2024\\\/06\\\/12\\\/ltbnin-duzenledigi-20-kibris-tiyatro-festivali-sona-erdi\\\/#respond\"]}]},{\"@type\":\"WebPage\",\"@id\":\"https:\\\/\\\/kuzeyinsesi.org\\\/index.php\\\/2024\\\/06\\\/12\\\/ltbnin-duzenledigi-20-kibris-tiyatro-festivali-sona-erdi\\\/\",\"url\":\"https:\\\/\\\/kuzeyinsesi.org\\\/index.php\\\/2024\\\/06\\\/12\\\/ltbnin-duzenledigi-20-kibris-tiyatro-festivali-sona-erdi\\\/\",\"name\":\"LTB\u2019nin d\u00fczenledi\u011fi 20. K\u0131br\u0131s Tiyatro Festivali sona erdi - Kuzeyin Sesi\",\"isPartOf\":{\"@id\":\"https:\\\/\\\/kuzeyinsesi.org\\\/#website\"},\"primaryImageOfPage\":{\"@id\":\"https:\\\/\\\/kuzeyinsesi.org\\\/index.php\\\/2024\\\/06\\\/12\\\/ltbnin-duzenledigi-20-kibris-tiyatro-festivali-sona-erdi\\\/#primaryimage\"},\"image\":{\"@id\":\"https:\\\/\\\/kuzeyinsesi.org\\\/index.php\\\/2024\\\/06\\\/12\\\/ltbnin-duzenledigi-20-kibris-tiyatro-festivali-sona-erdi\\\/#primaryimage\"},\"thumbnailUrl\":\"https:\\\/\\\/kuzeyinsesi.org\\\/wp-content\\\/uploads\\\/2024\\\/06\\\/kibris-tiyatro-3-.jpeg\",\"datePublished\":\"2024-06-12T13:17:13+00:00\",\"author\":{\"@id\":\"https:\\\/\\\/kuzeyinsesi.org\\\/#\\\/schema\\\/person\\\/9f859689cdf01485597712386e37f5aa\"},\"breadcrumb\":{\"@id\":\"https:\\\/\\\/kuzeyinsesi.org\\\/index.php\\\/2024\\\/06\\\/12\\\/ltbnin-duzenledigi-20-kibris-tiyatro-festivali-sona-erdi\\\/#breadcrumb\"},\"inLanguage\":\"tr\",\"potentialAction\":[{\"@type\":\"ReadAction\",\"target\":[\"https:\\\/\\\/kuzeyinsesi.org\\\/index.php\\\/2024\\\/06\\\/12\\\/ltbnin-duzenledigi-20-kibris-tiyatro-festivali-sona-erdi\\\/\"]}]},{\"@type\":\"ImageObject\",\"inLanguage\":\"tr\",\"@id\":\"https:\\\/\\\/kuzeyinsesi.org\\\/index.php\\\/2024\\\/06\\\/12\\\/ltbnin-duzenledigi-20-kibris-tiyatro-festivali-sona-erdi\\\/#primaryimage\",\"url\":\"https:\\\/\\\/kuzeyinsesi.org\\\/wp-content\\\/uploads\\\/2024\\\/06\\\/kibris-tiyatro-3-.jpeg\",\"contentUrl\":\"https:\\\/\\\/kuzeyinsesi.org\\\/wp-content\\\/uploads\\\/2024\\\/06\\\/kibris-tiyatro-3-.jpeg\",\"width\":1600,\"height\":1066},{\"@type\":\"BreadcrumbList\",\"@id\":\"https:\\\/\\\/kuzeyinsesi.org\\\/index.php\\\/2024\\\/06\\\/12\\\/ltbnin-duzenledigi-20-kibris-tiyatro-festivali-sona-erdi\\\/#breadcrumb\",\"itemListElement\":[{\"@type\":\"ListItem\",\"position\":1,\"name\":\"Anasayfa\",\"item\":\"https:\\\/\\\/kuzeyinsesi.org\\\/\"},{\"@type\":\"ListItem\",\"position\":2,\"name\":\"LTB\u2019nin d\u00fczenledi\u011fi 20. K\u0131br\u0131s Tiyatro Festivali sona erdi\"}]},{\"@type\":\"WebSite\",\"@id\":\"https:\\\/\\\/kuzeyinsesi.org\\\/#website\",\"url\":\"https:\\\/\\\/kuzeyinsesi.org\\\/\",\"name\":\"Kuzeyin Sesi\",\"description\":\"Do\u011fru Haberin Adresi\",\"potentialAction\":[{\"@type\":\"SearchAction\",\"target\":{\"@type\":\"EntryPoint\",\"urlTemplate\":\"https:\\\/\\\/kuzeyinsesi.org\\\/?s={search_term_string}\"},\"query-input\":{\"@type\":\"PropertyValueSpecification\",\"valueRequired\":true,\"valueName\":\"search_term_string\"}}],\"inLanguage\":\"tr\"},{\"@type\":\"Person\",\"@id\":\"https:\\\/\\\/kuzeyinsesi.org\\\/#\\\/schema\\\/person\\\/9f859689cdf01485597712386e37f5aa\",\"name\":\"Kuzeyin Sesi\",\"image\":{\"@type\":\"ImageObject\",\"inLanguage\":\"tr\",\"@id\":\"https:\\\/\\\/secure.gravatar.com\\\/avatar\\\/bab33852abfd8b282518d6ed81826833d77c3c882d9ab608add591ccace47a44?s=96&d=mm&r=g\",\"url\":\"https:\\\/\\\/secure.gravatar.com\\\/avatar\\\/bab33852abfd8b282518d6ed81826833d77c3c882d9ab608add591ccace47a44?s=96&d=mm&r=g\",\"contentUrl\":\"https:\\\/\\\/secure.gravatar.com\\\/avatar\\\/bab33852abfd8b282518d6ed81826833d77c3c882d9ab608add591ccace47a44?s=96&d=mm&r=g\",\"caption\":\"Kuzeyin Sesi\"},\"sameAs\":[\"https:\\\/\\\/kuzeyinsesi.org\"],\"url\":\"https:\\\/\\\/kuzeyinsesi.org\\\/index.php\\\/author\\\/guven\\\/\"}]}<\/script>\n<!-- \/ Yoast SEO plugin. -->","yoast_head_json":{"title":"LTB\u2019nin d\u00fczenledi\u011fi 20. K\u0131br\u0131s Tiyatro Festivali sona erdi - Kuzeyin Sesi","robots":{"index":"index","follow":"follow","max-snippet":"max-snippet:-1","max-image-preview":"max-image-preview:large","max-video-preview":"max-video-preview:-1"},"canonical":"https:\/\/kuzeyinsesi.org\/index.php\/2024\/06\/12\/ltbnin-duzenledigi-20-kibris-tiyatro-festivali-sona-erdi\/","og_locale":"tr_TR","og_type":"article","og_title":"LTB\u2019nin d\u00fczenledi\u011fi 20. K\u0131br\u0131s Tiyatro Festivali sona erdi - Kuzeyin Sesi","og_description":"Lefko\u015fa T\u00fcrk Belediyesi\u2019nin bu y\u0131l \u201c\u00c7\u0131k\u0131n I\u015f\u0131\u011fa Bulu\u015fabilenler, Sevindirebilenler, De\u011fi\u015febilenler\u201d slogan\u0131yla 20.\u2019sini d\u00fczenledi\u011fi K\u0131br\u0131s Tiyatro Festivali Ankara Devlet Tiyatrosu\u2019nun Gonzago\u2019nun \u00d6ld\u00fcr\u00fclmesi oyunu ile tamamland\u0131. Nedyalko Yordanov yazd\u0131\u011f\u0131 Farid Bikchantaev y\u00f6netti\u011fi Gonzago\u2019nun \u00d6ld\u00fcr\u00fclmesi\u2019nin oyuncu kadrosunda \u00d6t\u00fcken H\u00fcrm\u00fczl\u00fc, Ebru G\u00fclerarslan Serin, Engin \u00d6zsay\u0131n, \u015eivan Binici, G\u00fclin Ersoy, Batuhan Yal\u00e7\u0131n, Dara Tan, H\u00fclya Y\u0131ld\u0131z, Eren Oray, M\u00fcmtaz Aydo\u011fan [&hellip;]","og_url":"https:\/\/kuzeyinsesi.org\/index.php\/2024\/06\/12\/ltbnin-duzenledigi-20-kibris-tiyatro-festivali-sona-erdi\/","og_site_name":"Kuzeyin Sesi","article_publisher":"https:\/\/www.facebook.com\/kuzeyinsesii","article_published_time":"2024-06-12T13:17:13+00:00","og_image":[{"width":1600,"height":1066,"url":"https:\/\/kuzeyinsesi.org\/wp-content\/uploads\/2024\/06\/kibris-tiyatro-3-.jpeg","type":"image\/jpeg"}],"author":"Kuzeyin Sesi","twitter_card":"summary_large_image","twitter_creator":"@kuzeyinsesii","twitter_site":"@kuzeyinsesii","twitter_misc":{"Yazan:":"Kuzeyin Sesi","Tahmini okuma s\u00fcresi":"1 dakika"},"schema":{"@context":"https:\/\/schema.org","@graph":[{"@type":"Article","@id":"https:\/\/kuzeyinsesi.org\/index.php\/2024\/06\/12\/ltbnin-duzenledigi-20-kibris-tiyatro-festivali-sona-erdi\/#article","isPartOf":{"@id":"https:\/\/kuzeyinsesi.org\/index.php\/2024\/06\/12\/ltbnin-duzenledigi-20-kibris-tiyatro-festivali-sona-erdi\/"},"author":{"name":"Kuzeyin Sesi","@id":"https:\/\/kuzeyinsesi.org\/#\/schema\/person\/9f859689cdf01485597712386e37f5aa"},"headline":"LTB\u2019nin d\u00fczenledi\u011fi 20. K\u0131br\u0131s Tiyatro Festivali sona erdi","datePublished":"2024-06-12T13:17:13+00:00","mainEntityOfPage":{"@id":"https:\/\/kuzeyinsesi.org\/index.php\/2024\/06\/12\/ltbnin-duzenledigi-20-kibris-tiyatro-festivali-sona-erdi\/"},"wordCount":235,"commentCount":0,"image":{"@id":"https:\/\/kuzeyinsesi.org\/index.php\/2024\/06\/12\/ltbnin-duzenledigi-20-kibris-tiyatro-festivali-sona-erdi\/#primaryimage"},"thumbnailUrl":"https:\/\/kuzeyinsesi.org\/wp-content\/uploads\/2024\/06\/kibris-tiyatro-3-.jpeg","articleSection":["Ya\u015fam"],"inLanguage":"tr","potentialAction":[{"@type":"CommentAction","name":"Comment","target":["https:\/\/kuzeyinsesi.org\/index.php\/2024\/06\/12\/ltbnin-duzenledigi-20-kibris-tiyatro-festivali-sona-erdi\/#respond"]}]},{"@type":"WebPage","@id":"https:\/\/kuzeyinsesi.org\/index.php\/2024\/06\/12\/ltbnin-duzenledigi-20-kibris-tiyatro-festivali-sona-erdi\/","url":"https:\/\/kuzeyinsesi.org\/index.php\/2024\/06\/12\/ltbnin-duzenledigi-20-kibris-tiyatro-festivali-sona-erdi\/","name":"LTB\u2019nin d\u00fczenledi\u011fi 20. K\u0131br\u0131s Tiyatro Festivali sona erdi - Kuzeyin Sesi","isPartOf":{"@id":"https:\/\/kuzeyinsesi.org\/#website"},"primaryImageOfPage":{"@id":"https:\/\/kuzeyinsesi.org\/index.php\/2024\/06\/12\/ltbnin-duzenledigi-20-kibris-tiyatro-festivali-sona-erdi\/#primaryimage"},"image":{"@id":"https:\/\/kuzeyinsesi.org\/index.php\/2024\/06\/12\/ltbnin-duzenledigi-20-kibris-tiyatro-festivali-sona-erdi\/#primaryimage"},"thumbnailUrl":"https:\/\/kuzeyinsesi.org\/wp-content\/uploads\/2024\/06\/kibris-tiyatro-3-.jpeg","datePublished":"2024-06-12T13:17:13+00:00","author":{"@id":"https:\/\/kuzeyinsesi.org\/#\/schema\/person\/9f859689cdf01485597712386e37f5aa"},"breadcrumb":{"@id":"https:\/\/kuzeyinsesi.org\/index.php\/2024\/06\/12\/ltbnin-duzenledigi-20-kibris-tiyatro-festivali-sona-erdi\/#breadcrumb"},"inLanguage":"tr","potentialAction":[{"@type":"ReadAction","target":["https:\/\/kuzeyinsesi.org\/index.php\/2024\/06\/12\/ltbnin-duzenledigi-20-kibris-tiyatro-festivali-sona-erdi\/"]}]},{"@type":"ImageObject","inLanguage":"tr","@id":"https:\/\/kuzeyinsesi.org\/index.php\/2024\/06\/12\/ltbnin-duzenledigi-20-kibris-tiyatro-festivali-sona-erdi\/#primaryimage","url":"https:\/\/kuzeyinsesi.org\/wp-content\/uploads\/2024\/06\/kibris-tiyatro-3-.jpeg","contentUrl":"https:\/\/kuzeyinsesi.org\/wp-content\/uploads\/2024\/06\/kibris-tiyatro-3-.jpeg","width":1600,"height":1066},{"@type":"BreadcrumbList","@id":"https:\/\/kuzeyinsesi.org\/index.php\/2024\/06\/12\/ltbnin-duzenledigi-20-kibris-tiyatro-festivali-sona-erdi\/#breadcrumb","itemListElement":[{"@type":"ListItem","position":1,"name":"Anasayfa","item":"https:\/\/kuzeyinsesi.org\/"},{"@type":"ListItem","position":2,"name":"LTB\u2019nin d\u00fczenledi\u011fi 20. K\u0131br\u0131s Tiyatro Festivali sona erdi"}]},{"@type":"WebSite","@id":"https:\/\/kuzeyinsesi.org\/#website","url":"https:\/\/kuzeyinsesi.org\/","name":"Kuzeyin Sesi","description":"Do\u011fru Haberin Adresi","potentialAction":[{"@type":"SearchAction","target":{"@type":"EntryPoint","urlTemplate":"https:\/\/kuzeyinsesi.org\/?s={search_term_string}"},"query-input":{"@type":"PropertyValueSpecification","valueRequired":true,"valueName":"search_term_string"}}],"inLanguage":"tr"},{"@type":"Person","@id":"https:\/\/kuzeyinsesi.org\/#\/schema\/person\/9f859689cdf01485597712386e37f5aa","name":"Kuzeyin Sesi","image":{"@type":"ImageObject","inLanguage":"tr","@id":"https:\/\/secure.gravatar.com\/avatar\/bab33852abfd8b282518d6ed81826833d77c3c882d9ab608add591ccace47a44?s=96&d=mm&r=g","url":"https:\/\/secure.gravatar.com\/avatar\/bab33852abfd8b282518d6ed81826833d77c3c882d9ab608add591ccace47a44?s=96&d=mm&r=g","contentUrl":"https:\/\/secure.gravatar.com\/avatar\/bab33852abfd8b282518d6ed81826833d77c3c882d9ab608add591ccace47a44?s=96&d=mm&r=g","caption":"Kuzeyin Sesi"},"sameAs":["https:\/\/kuzeyinsesi.org"],"url":"https:\/\/kuzeyinsesi.org\/index.php\/author\/guven\/"}]}},"_links":{"self":[{"href":"https:\/\/kuzeyinsesi.org\/index.php\/wp-json\/wp\/v2\/posts\/4684","targetHints":{"allow":["GET"]}}],"collection":[{"href":"https:\/\/kuzeyinsesi.org\/index.php\/wp-json\/wp\/v2\/posts"}],"about":[{"href":"https:\/\/kuzeyinsesi.org\/index.php\/wp-json\/wp\/v2\/types\/post"}],"author":[{"embeddable":true,"href":"https:\/\/kuzeyinsesi.org\/index.php\/wp-json\/wp\/v2\/users\/1"}],"replies":[{"embeddable":true,"href":"https:\/\/kuzeyinsesi.org\/index.php\/wp-json\/wp\/v2\/comments?post=4684"}],"version-history":[{"count":0,"href":"https:\/\/kuzeyinsesi.org\/index.php\/wp-json\/wp\/v2\/posts\/4684\/revisions"}],"wp:featuredmedia":[{"embeddable":true,"href":"https:\/\/kuzeyinsesi.org\/index.php\/wp-json\/wp\/v2\/media\/4685"}],"wp:attachment":[{"href":"https:\/\/kuzeyinsesi.org\/index.php\/wp-json\/wp\/v2\/media?parent=4684"}],"wp:term":[{"taxonomy":"category","embeddable":true,"href":"https:\/\/kuzeyinsesi.org\/index.php\/wp-json\/wp\/v2\/categories?post=4684"},{"taxonomy":"post_tag","embeddable":true,"href":"https:\/\/kuzeyinsesi.org\/index.php\/wp-json\/wp\/v2\/tags?post=4684"}],"curies":[{"name":"wp","href":"https:\/\/api.w.org\/{rel}","templated":true}]}}