{"id":4658,"date":"2024-06-12T13:13:02","date_gmt":"2024-06-12T10:13:02","guid":{"rendered":"https:\/\/kuzeyinsesi.com\/index.php\/2024\/06\/12\/duzova-koy-kadin-kursunun-yilsonu-sergisi-acildi\/"},"modified":"2024-06-12T13:13:02","modified_gmt":"2024-06-12T10:13:02","slug":"duzova-koy-kadin-kursunun-yilsonu-sergisi-acildi","status":"publish","type":"post","link":"https:\/\/kuzeyinsesi.org\/index.php\/2024\/06\/12\/duzova-koy-kadin-kursunun-yilsonu-sergisi-acildi\/","title":{"rendered":"D\u00fczova K\u00f6y Kad\u0131n Kursu\u2019nun y\u0131lsonu sergisi a\u00e7\u0131ld\u0131"},"content":{"rendered":"<div>\n<div class=\"mariselle-image-container center\">\n                                            <\/div>\n<p> D\u00fczova K\u00f6y Kad\u0131n Kursu\u2019nun y\u0131lsonu sergisi d\u00fcn ak\u015fam a\u00e7\u0131ld\u0131.<\/p>\n<p>18 kursiyerin, kurs \u00f6\u011fretmeni Seyhan Y\u00fccel e\u015fli\u011finde y\u0131l boyunca haz\u0131rlad\u0131\u011f\u0131, nak\u0131\u015f, koza, t\u0131\u011f i\u015fleri, tuval, Lefkara gibi el i\u015flerinden olu\u015fan eserleri Cihangir-D\u00fczova \u0130lkokulu\u2019nda sergilendi.<\/p>\n<p>Milli E\u011fitim Bakanl\u0131\u011f\u0131 Mesleki Teknik \u00d6\u011fretim Dairesi\u2019ne ba\u011fl\u0131 D\u00fczova K\u00f6y Kad\u0131n Kursu\u2019nun sergisini De\u011firmenlik-Ak\u0131nc\u0131lar Belediyesi Meclis \u00fcyelerinden Mustafa Cambaz, D\u00fczova Muhtar\u0131 Y\u0131lmaz Y\u0131lmazo\u011fullar\u0131, Cihangir-D\u00fczova \u0130lkokulu M\u00fcd\u00fcr Muavini Katriye Akandere yapt\u0131.<\/p>\n<p>Kurs \u00f6\u011fretmeni Seyhan Y\u00fccel, y\u0131l boyunca haz\u0131rlad\u0131klar\u0131 eserleri sergilemenin mutlulu\u011funu ya\u015fad\u0131klar\u0131n\u0131 ifade ederek, serginin haz\u0131rlanmas\u0131nda eme\u011fi ge\u00e7enlere te\u015fekk\u00fcr etti.<\/p>\n<\/p><\/div>\n<p><script async\n                    defer\n                    crossorigin=\"anonymous\"\n                    src=\"https:\/\/connect.facebook.net\/tr_TR\/sdk.js#xfbml=1&#038;version=v3.3\"\n            ><\/script><\/p>\n","protected":false},"excerpt":{"rendered":"<p>D\u00fczova K\u00f6y Kad\u0131n Kursu\u2019nun y\u0131lsonu sergisi d\u00fcn ak\u015fam a\u00e7\u0131ld\u0131. 18 kursiyerin, kurs \u00f6\u011fretmeni Seyhan Y\u00fccel e\u015fli\u011finde y\u0131l boyunca haz\u0131rlad\u0131\u011f\u0131, nak\u0131\u015f, koza, t\u0131\u011f i\u015fleri, tuval, Lefkara gibi el i\u015flerinden olu\u015fan eserleri Cihangir-D\u00fczova \u0130lkokulu\u2019nda sergilendi. Milli E\u011fitim Bakanl\u0131\u011f\u0131 Mesleki Teknik \u00d6\u011fretim Dairesi\u2019ne ba\u011fl\u0131 D\u00fczova K\u00f6y Kad\u0131n Kursu\u2019nun sergisini De\u011firmenlik-Ak\u0131nc\u0131lar Belediyesi Meclis \u00fcyelerinden Mustafa Cambaz, D\u00fczova Muhtar\u0131 Y\u0131lmaz [&hellip;]<\/p>\n","protected":false},"author":1,"featured_media":4659,"comment_status":"open","ping_status":"open","sticky":false,"template":"","format":"standard","meta":{"jnews-multi-image_gallery":[],"jnews_single_post":[],"jnews_primary_category":[],"jnews_social_meta":[],"jnews_override_counter":[],"footnotes":""},"categories":[6],"tags":[],"class_list":["post-4658","post","type-post","status-publish","format-standard","has-post-thumbnail","hentry","category-yasam"],"yoast_head":"<!-- This site is optimized with the Yoast SEO plugin v27.5 - https:\/\/yoast.com\/product\/yoast-seo-wordpress\/ -->\n<title>D\u00fczova K\u00f6y Kad\u0131n Kursu\u2019nun y\u0131lsonu sergisi a\u00e7\u0131ld\u0131 - Kuzeyin Sesi<\/title>\n<meta name=\"robots\" content=\"index, follow, max-snippet:-1, max-image-preview:large, max-video-preview:-1\" \/>\n<link rel=\"canonical\" href=\"https:\/\/kuzeyinsesi.org\/index.php\/2024\/06\/12\/duzova-koy-kadin-kursunun-yilsonu-sergisi-acildi\/\" \/>\n<meta property=\"og:locale\" content=\"tr_TR\" \/>\n<meta property=\"og:type\" content=\"article\" \/>\n<meta property=\"og:title\" content=\"D\u00fczova K\u00f6y Kad\u0131n Kursu\u2019nun y\u0131lsonu sergisi a\u00e7\u0131ld\u0131 - Kuzeyin Sesi\" \/>\n<meta property=\"og:description\" content=\"D\u00fczova K\u00f6y Kad\u0131n Kursu\u2019nun y\u0131lsonu sergisi d\u00fcn ak\u015fam a\u00e7\u0131ld\u0131. 18 kursiyerin, kurs \u00f6\u011fretmeni Seyhan Y\u00fccel e\u015fli\u011finde y\u0131l boyunca haz\u0131rlad\u0131\u011f\u0131, nak\u0131\u015f, koza, t\u0131\u011f i\u015fleri, tuval, Lefkara gibi el i\u015flerinden olu\u015fan eserleri Cihangir-D\u00fczova \u0130lkokulu\u2019nda sergilendi. Milli E\u011fitim Bakanl\u0131\u011f\u0131 Mesleki Teknik \u00d6\u011fretim Dairesi\u2019ne ba\u011fl\u0131 D\u00fczova K\u00f6y Kad\u0131n Kursu\u2019nun sergisini De\u011firmenlik-Ak\u0131nc\u0131lar Belediyesi Meclis \u00fcyelerinden Mustafa Cambaz, D\u00fczova Muhtar\u0131 Y\u0131lmaz [&hellip;]\" \/>\n<meta property=\"og:url\" content=\"https:\/\/kuzeyinsesi.org\/index.php\/2024\/06\/12\/duzova-koy-kadin-kursunun-yilsonu-sergisi-acildi\/\" \/>\n<meta property=\"og:site_name\" content=\"Kuzeyin Sesi\" \/>\n<meta property=\"article:publisher\" content=\"https:\/\/www.facebook.com\/kuzeyinsesii\" \/>\n<meta property=\"article:published_time\" content=\"2024-06-12T10:13:02+00:00\" \/>\n<meta property=\"og:image\" content=\"https:\/\/kuzeyinsesi.org\/wp-content\/uploads\/2024\/06\/1293810830181.jpeg\" \/>\n\t<meta property=\"og:image:width\" content=\"1600\" \/>\n\t<meta property=\"og:image:height\" content=\"1066\" \/>\n\t<meta property=\"og:image:type\" content=\"image\/jpeg\" \/>\n<meta name=\"author\" content=\"Kuzeyin Sesi\" \/>\n<meta name=\"twitter:card\" content=\"summary_large_image\" \/>\n<meta name=\"twitter:creator\" content=\"@kuzeyinsesii\" \/>\n<meta name=\"twitter:site\" content=\"@kuzeyinsesii\" \/>\n<meta name=\"twitter:label1\" content=\"Yazan:\" \/>\n\t<meta name=\"twitter:data1\" content=\"Kuzeyin Sesi\" \/>\n\t<meta name=\"twitter:label2\" content=\"Tahmini okuma s\u00fcresi\" \/>\n\t<meta name=\"twitter:data2\" content=\"1 dakika\" \/>\n<script type=\"application\/ld+json\" class=\"yoast-schema-graph\">{\"@context\":\"https:\\\/\\\/schema.org\",\"@graph\":[{\"@type\":\"Article\",\"@id\":\"https:\\\/\\\/kuzeyinsesi.org\\\/index.php\\\/2024\\\/06\\\/12\\\/duzova-koy-kadin-kursunun-yilsonu-sergisi-acildi\\\/#article\",\"isPartOf\":{\"@id\":\"https:\\\/\\\/kuzeyinsesi.org\\\/index.php\\\/2024\\\/06\\\/12\\\/duzova-koy-kadin-kursunun-yilsonu-sergisi-acildi\\\/\"},\"author\":{\"name\":\"Kuzeyin Sesi\",\"@id\":\"https:\\\/\\\/kuzeyinsesi.org\\\/#\\\/schema\\\/person\\\/9f859689cdf01485597712386e37f5aa\"},\"headline\":\"D\u00fczova K\u00f6y Kad\u0131n Kursu\u2019nun y\u0131lsonu sergisi a\u00e7\u0131ld\u0131\",\"datePublished\":\"2024-06-12T10:13:02+00:00\",\"mainEntityOfPage\":{\"@id\":\"https:\\\/\\\/kuzeyinsesi.org\\\/index.php\\\/2024\\\/06\\\/12\\\/duzova-koy-kadin-kursunun-yilsonu-sergisi-acildi\\\/\"},\"wordCount\":143,\"commentCount\":0,\"image\":{\"@id\":\"https:\\\/\\\/kuzeyinsesi.org\\\/index.php\\\/2024\\\/06\\\/12\\\/duzova-koy-kadin-kursunun-yilsonu-sergisi-acildi\\\/#primaryimage\"},\"thumbnailUrl\":\"https:\\\/\\\/kuzeyinsesi.org\\\/wp-content\\\/uploads\\\/2024\\\/06\\\/1293810830181.jpeg\",\"articleSection\":[\"Ya\u015fam\"],\"inLanguage\":\"tr\",\"potentialAction\":[{\"@type\":\"CommentAction\",\"name\":\"Comment\",\"target\":[\"https:\\\/\\\/kuzeyinsesi.org\\\/index.php\\\/2024\\\/06\\\/12\\\/duzova-koy-kadin-kursunun-yilsonu-sergisi-acildi\\\/#respond\"]}]},{\"@type\":\"WebPage\",\"@id\":\"https:\\\/\\\/kuzeyinsesi.org\\\/index.php\\\/2024\\\/06\\\/12\\\/duzova-koy-kadin-kursunun-yilsonu-sergisi-acildi\\\/\",\"url\":\"https:\\\/\\\/kuzeyinsesi.org\\\/index.php\\\/2024\\\/06\\\/12\\\/duzova-koy-kadin-kursunun-yilsonu-sergisi-acildi\\\/\",\"name\":\"D\u00fczova K\u00f6y Kad\u0131n Kursu\u2019nun y\u0131lsonu sergisi a\u00e7\u0131ld\u0131 - Kuzeyin Sesi\",\"isPartOf\":{\"@id\":\"https:\\\/\\\/kuzeyinsesi.org\\\/#website\"},\"primaryImageOfPage\":{\"@id\":\"https:\\\/\\\/kuzeyinsesi.org\\\/index.php\\\/2024\\\/06\\\/12\\\/duzova-koy-kadin-kursunun-yilsonu-sergisi-acildi\\\/#primaryimage\"},\"image\":{\"@id\":\"https:\\\/\\\/kuzeyinsesi.org\\\/index.php\\\/2024\\\/06\\\/12\\\/duzova-koy-kadin-kursunun-yilsonu-sergisi-acildi\\\/#primaryimage\"},\"thumbnailUrl\":\"https:\\\/\\\/kuzeyinsesi.org\\\/wp-content\\\/uploads\\\/2024\\\/06\\\/1293810830181.jpeg\",\"datePublished\":\"2024-06-12T10:13:02+00:00\",\"author\":{\"@id\":\"https:\\\/\\\/kuzeyinsesi.org\\\/#\\\/schema\\\/person\\\/9f859689cdf01485597712386e37f5aa\"},\"breadcrumb\":{\"@id\":\"https:\\\/\\\/kuzeyinsesi.org\\\/index.php\\\/2024\\\/06\\\/12\\\/duzova-koy-kadin-kursunun-yilsonu-sergisi-acildi\\\/#breadcrumb\"},\"inLanguage\":\"tr\",\"potentialAction\":[{\"@type\":\"ReadAction\",\"target\":[\"https:\\\/\\\/kuzeyinsesi.org\\\/index.php\\\/2024\\\/06\\\/12\\\/duzova-koy-kadin-kursunun-yilsonu-sergisi-acildi\\\/\"]}]},{\"@type\":\"ImageObject\",\"inLanguage\":\"tr\",\"@id\":\"https:\\\/\\\/kuzeyinsesi.org\\\/index.php\\\/2024\\\/06\\\/12\\\/duzova-koy-kadin-kursunun-yilsonu-sergisi-acildi\\\/#primaryimage\",\"url\":\"https:\\\/\\\/kuzeyinsesi.org\\\/wp-content\\\/uploads\\\/2024\\\/06\\\/1293810830181.jpeg\",\"contentUrl\":\"https:\\\/\\\/kuzeyinsesi.org\\\/wp-content\\\/uploads\\\/2024\\\/06\\\/1293810830181.jpeg\",\"width\":1600,\"height\":1066},{\"@type\":\"BreadcrumbList\",\"@id\":\"https:\\\/\\\/kuzeyinsesi.org\\\/index.php\\\/2024\\\/06\\\/12\\\/duzova-koy-kadin-kursunun-yilsonu-sergisi-acildi\\\/#breadcrumb\",\"itemListElement\":[{\"@type\":\"ListItem\",\"position\":1,\"name\":\"Anasayfa\",\"item\":\"https:\\\/\\\/kuzeyinsesi.org\\\/\"},{\"@type\":\"ListItem\",\"position\":2,\"name\":\"D\u00fczova K\u00f6y Kad\u0131n Kursu\u2019nun y\u0131lsonu sergisi a\u00e7\u0131ld\u0131\"}]},{\"@type\":\"WebSite\",\"@id\":\"https:\\\/\\\/kuzeyinsesi.org\\\/#website\",\"url\":\"https:\\\/\\\/kuzeyinsesi.org\\\/\",\"name\":\"Kuzeyin Sesi\",\"description\":\"Do\u011fru Haberin Adresi\",\"potentialAction\":[{\"@type\":\"SearchAction\",\"target\":{\"@type\":\"EntryPoint\",\"urlTemplate\":\"https:\\\/\\\/kuzeyinsesi.org\\\/?s={search_term_string}\"},\"query-input\":{\"@type\":\"PropertyValueSpecification\",\"valueRequired\":true,\"valueName\":\"search_term_string\"}}],\"inLanguage\":\"tr\"},{\"@type\":\"Person\",\"@id\":\"https:\\\/\\\/kuzeyinsesi.org\\\/#\\\/schema\\\/person\\\/9f859689cdf01485597712386e37f5aa\",\"name\":\"Kuzeyin Sesi\",\"image\":{\"@type\":\"ImageObject\",\"inLanguage\":\"tr\",\"@id\":\"https:\\\/\\\/secure.gravatar.com\\\/avatar\\\/bab33852abfd8b282518d6ed81826833d77c3c882d9ab608add591ccace47a44?s=96&d=mm&r=g\",\"url\":\"https:\\\/\\\/secure.gravatar.com\\\/avatar\\\/bab33852abfd8b282518d6ed81826833d77c3c882d9ab608add591ccace47a44?s=96&d=mm&r=g\",\"contentUrl\":\"https:\\\/\\\/secure.gravatar.com\\\/avatar\\\/bab33852abfd8b282518d6ed81826833d77c3c882d9ab608add591ccace47a44?s=96&d=mm&r=g\",\"caption\":\"Kuzeyin Sesi\"},\"sameAs\":[\"https:\\\/\\\/kuzeyinsesi.org\"],\"url\":\"https:\\\/\\\/kuzeyinsesi.org\\\/index.php\\\/author\\\/guven\\\/\"}]}<\/script>\n<!-- \/ Yoast SEO plugin. -->","yoast_head_json":{"title":"D\u00fczova K\u00f6y Kad\u0131n Kursu\u2019nun y\u0131lsonu sergisi a\u00e7\u0131ld\u0131 - Kuzeyin Sesi","robots":{"index":"index","follow":"follow","max-snippet":"max-snippet:-1","max-image-preview":"max-image-preview:large","max-video-preview":"max-video-preview:-1"},"canonical":"https:\/\/kuzeyinsesi.org\/index.php\/2024\/06\/12\/duzova-koy-kadin-kursunun-yilsonu-sergisi-acildi\/","og_locale":"tr_TR","og_type":"article","og_title":"D\u00fczova K\u00f6y Kad\u0131n Kursu\u2019nun y\u0131lsonu sergisi a\u00e7\u0131ld\u0131 - Kuzeyin Sesi","og_description":"D\u00fczova K\u00f6y Kad\u0131n Kursu\u2019nun y\u0131lsonu sergisi d\u00fcn ak\u015fam a\u00e7\u0131ld\u0131. 18 kursiyerin, kurs \u00f6\u011fretmeni Seyhan Y\u00fccel e\u015fli\u011finde y\u0131l boyunca haz\u0131rlad\u0131\u011f\u0131, nak\u0131\u015f, koza, t\u0131\u011f i\u015fleri, tuval, Lefkara gibi el i\u015flerinden olu\u015fan eserleri Cihangir-D\u00fczova \u0130lkokulu\u2019nda sergilendi. Milli E\u011fitim Bakanl\u0131\u011f\u0131 Mesleki Teknik \u00d6\u011fretim Dairesi\u2019ne ba\u011fl\u0131 D\u00fczova K\u00f6y Kad\u0131n Kursu\u2019nun sergisini De\u011firmenlik-Ak\u0131nc\u0131lar Belediyesi Meclis \u00fcyelerinden Mustafa Cambaz, D\u00fczova Muhtar\u0131 Y\u0131lmaz [&hellip;]","og_url":"https:\/\/kuzeyinsesi.org\/index.php\/2024\/06\/12\/duzova-koy-kadin-kursunun-yilsonu-sergisi-acildi\/","og_site_name":"Kuzeyin Sesi","article_publisher":"https:\/\/www.facebook.com\/kuzeyinsesii","article_published_time":"2024-06-12T10:13:02+00:00","og_image":[{"width":1600,"height":1066,"url":"https:\/\/kuzeyinsesi.org\/wp-content\/uploads\/2024\/06\/1293810830181.jpeg","type":"image\/jpeg"}],"author":"Kuzeyin Sesi","twitter_card":"summary_large_image","twitter_creator":"@kuzeyinsesii","twitter_site":"@kuzeyinsesii","twitter_misc":{"Yazan:":"Kuzeyin Sesi","Tahmini okuma s\u00fcresi":"1 dakika"},"schema":{"@context":"https:\/\/schema.org","@graph":[{"@type":"Article","@id":"https:\/\/kuzeyinsesi.org\/index.php\/2024\/06\/12\/duzova-koy-kadin-kursunun-yilsonu-sergisi-acildi\/#article","isPartOf":{"@id":"https:\/\/kuzeyinsesi.org\/index.php\/2024\/06\/12\/duzova-koy-kadin-kursunun-yilsonu-sergisi-acildi\/"},"author":{"name":"Kuzeyin Sesi","@id":"https:\/\/kuzeyinsesi.org\/#\/schema\/person\/9f859689cdf01485597712386e37f5aa"},"headline":"D\u00fczova K\u00f6y Kad\u0131n Kursu\u2019nun y\u0131lsonu sergisi a\u00e7\u0131ld\u0131","datePublished":"2024-06-12T10:13:02+00:00","mainEntityOfPage":{"@id":"https:\/\/kuzeyinsesi.org\/index.php\/2024\/06\/12\/duzova-koy-kadin-kursunun-yilsonu-sergisi-acildi\/"},"wordCount":143,"commentCount":0,"image":{"@id":"https:\/\/kuzeyinsesi.org\/index.php\/2024\/06\/12\/duzova-koy-kadin-kursunun-yilsonu-sergisi-acildi\/#primaryimage"},"thumbnailUrl":"https:\/\/kuzeyinsesi.org\/wp-content\/uploads\/2024\/06\/1293810830181.jpeg","articleSection":["Ya\u015fam"],"inLanguage":"tr","potentialAction":[{"@type":"CommentAction","name":"Comment","target":["https:\/\/kuzeyinsesi.org\/index.php\/2024\/06\/12\/duzova-koy-kadin-kursunun-yilsonu-sergisi-acildi\/#respond"]}]},{"@type":"WebPage","@id":"https:\/\/kuzeyinsesi.org\/index.php\/2024\/06\/12\/duzova-koy-kadin-kursunun-yilsonu-sergisi-acildi\/","url":"https:\/\/kuzeyinsesi.org\/index.php\/2024\/06\/12\/duzova-koy-kadin-kursunun-yilsonu-sergisi-acildi\/","name":"D\u00fczova K\u00f6y Kad\u0131n Kursu\u2019nun y\u0131lsonu sergisi a\u00e7\u0131ld\u0131 - Kuzeyin Sesi","isPartOf":{"@id":"https:\/\/kuzeyinsesi.org\/#website"},"primaryImageOfPage":{"@id":"https:\/\/kuzeyinsesi.org\/index.php\/2024\/06\/12\/duzova-koy-kadin-kursunun-yilsonu-sergisi-acildi\/#primaryimage"},"image":{"@id":"https:\/\/kuzeyinsesi.org\/index.php\/2024\/06\/12\/duzova-koy-kadin-kursunun-yilsonu-sergisi-acildi\/#primaryimage"},"thumbnailUrl":"https:\/\/kuzeyinsesi.org\/wp-content\/uploads\/2024\/06\/1293810830181.jpeg","datePublished":"2024-06-12T10:13:02+00:00","author":{"@id":"https:\/\/kuzeyinsesi.org\/#\/schema\/person\/9f859689cdf01485597712386e37f5aa"},"breadcrumb":{"@id":"https:\/\/kuzeyinsesi.org\/index.php\/2024\/06\/12\/duzova-koy-kadin-kursunun-yilsonu-sergisi-acildi\/#breadcrumb"},"inLanguage":"tr","potentialAction":[{"@type":"ReadAction","target":["https:\/\/kuzeyinsesi.org\/index.php\/2024\/06\/12\/duzova-koy-kadin-kursunun-yilsonu-sergisi-acildi\/"]}]},{"@type":"ImageObject","inLanguage":"tr","@id":"https:\/\/kuzeyinsesi.org\/index.php\/2024\/06\/12\/duzova-koy-kadin-kursunun-yilsonu-sergisi-acildi\/#primaryimage","url":"https:\/\/kuzeyinsesi.org\/wp-content\/uploads\/2024\/06\/1293810830181.jpeg","contentUrl":"https:\/\/kuzeyinsesi.org\/wp-content\/uploads\/2024\/06\/1293810830181.jpeg","width":1600,"height":1066},{"@type":"BreadcrumbList","@id":"https:\/\/kuzeyinsesi.org\/index.php\/2024\/06\/12\/duzova-koy-kadin-kursunun-yilsonu-sergisi-acildi\/#breadcrumb","itemListElement":[{"@type":"ListItem","position":1,"name":"Anasayfa","item":"https:\/\/kuzeyinsesi.org\/"},{"@type":"ListItem","position":2,"name":"D\u00fczova K\u00f6y Kad\u0131n Kursu\u2019nun y\u0131lsonu sergisi a\u00e7\u0131ld\u0131"}]},{"@type":"WebSite","@id":"https:\/\/kuzeyinsesi.org\/#website","url":"https:\/\/kuzeyinsesi.org\/","name":"Kuzeyin Sesi","description":"Do\u011fru Haberin Adresi","potentialAction":[{"@type":"SearchAction","target":{"@type":"EntryPoint","urlTemplate":"https:\/\/kuzeyinsesi.org\/?s={search_term_string}"},"query-input":{"@type":"PropertyValueSpecification","valueRequired":true,"valueName":"search_term_string"}}],"inLanguage":"tr"},{"@type":"Person","@id":"https:\/\/kuzeyinsesi.org\/#\/schema\/person\/9f859689cdf01485597712386e37f5aa","name":"Kuzeyin Sesi","image":{"@type":"ImageObject","inLanguage":"tr","@id":"https:\/\/secure.gravatar.com\/avatar\/bab33852abfd8b282518d6ed81826833d77c3c882d9ab608add591ccace47a44?s=96&d=mm&r=g","url":"https:\/\/secure.gravatar.com\/avatar\/bab33852abfd8b282518d6ed81826833d77c3c882d9ab608add591ccace47a44?s=96&d=mm&r=g","contentUrl":"https:\/\/secure.gravatar.com\/avatar\/bab33852abfd8b282518d6ed81826833d77c3c882d9ab608add591ccace47a44?s=96&d=mm&r=g","caption":"Kuzeyin Sesi"},"sameAs":["https:\/\/kuzeyinsesi.org"],"url":"https:\/\/kuzeyinsesi.org\/index.php\/author\/guven\/"}]}},"_links":{"self":[{"href":"https:\/\/kuzeyinsesi.org\/index.php\/wp-json\/wp\/v2\/posts\/4658","targetHints":{"allow":["GET"]}}],"collection":[{"href":"https:\/\/kuzeyinsesi.org\/index.php\/wp-json\/wp\/v2\/posts"}],"about":[{"href":"https:\/\/kuzeyinsesi.org\/index.php\/wp-json\/wp\/v2\/types\/post"}],"author":[{"embeddable":true,"href":"https:\/\/kuzeyinsesi.org\/index.php\/wp-json\/wp\/v2\/users\/1"}],"replies":[{"embeddable":true,"href":"https:\/\/kuzeyinsesi.org\/index.php\/wp-json\/wp\/v2\/comments?post=4658"}],"version-history":[{"count":0,"href":"https:\/\/kuzeyinsesi.org\/index.php\/wp-json\/wp\/v2\/posts\/4658\/revisions"}],"wp:featuredmedia":[{"embeddable":true,"href":"https:\/\/kuzeyinsesi.org\/index.php\/wp-json\/wp\/v2\/media\/4659"}],"wp:attachment":[{"href":"https:\/\/kuzeyinsesi.org\/index.php\/wp-json\/wp\/v2\/media?parent=4658"}],"wp:term":[{"taxonomy":"category","embeddable":true,"href":"https:\/\/kuzeyinsesi.org\/index.php\/wp-json\/wp\/v2\/categories?post=4658"},{"taxonomy":"post_tag","embeddable":true,"href":"https:\/\/kuzeyinsesi.org\/index.php\/wp-json\/wp\/v2\/tags?post=4658"}],"curies":[{"name":"wp","href":"https:\/\/api.w.org\/{rel}","templated":true}]}}