{"id":4644,"date":"2024-06-12T12:11:49","date_gmt":"2024-06-12T09:11:49","guid":{"rendered":"https:\/\/kuzeyinsesi.com\/index.php\/2024\/06\/12\/cumhurbaskani-ersin-tatar-yeni-yuzyil-anaokulunun-yil-sonu-sergisinin-acilisini-yapti\/"},"modified":"2024-06-12T12:11:49","modified_gmt":"2024-06-12T09:11:49","slug":"cumhurbaskani-ersin-tatar-yeni-yuzyil-anaokulunun-yil-sonu-sergisinin-acilisini-yapti","status":"publish","type":"post","link":"https:\/\/kuzeyinsesi.org\/index.php\/2024\/06\/12\/cumhurbaskani-ersin-tatar-yeni-yuzyil-anaokulunun-yil-sonu-sergisinin-acilisini-yapti\/","title":{"rendered":"Cumhurba\u015fkan\u0131 Ersin Tatar, Yeni Y\u00fczy\u0131l Anaokulu\u2019nun y\u0131l sonu sergisinin a\u00e7\u0131l\u0131\u015f\u0131n\u0131 yapt\u0131"},"content":{"rendered":"<div>\n<div class=\"mariselle-image-container center\">\n                                            <\/div>\n<p>Cumhurba\u015fkan\u0131 Ersin Tatar, Lefko\u015fa\u2019da Yeni Y\u00fczy\u0131l Anaokulu\u2019nun y\u0131l sonu sergisinin a\u00e7\u0131l\u0131\u015f\u0131na kat\u0131ld\u0131.<\/p>\n<p>Cumhurba\u015fkanl\u0131\u011f\u0131ndan yap\u0131lan a\u00e7\u0131klamaya g\u00f6re, Cumhurba\u015fkan\u0131 Tatar, sergiyi gezerek, \u00f6\u011fretmenler, aileler ve \u00f6\u011frencilerle sohbet etti.<\/p>\n<p>Sergi a\u00e7\u0131l\u0131\u015f\u0131nda bulunmaktan duydu\u011fu memnuniyeti dile getiren Tatar, serginin d\u00fczenlenmesinde eme\u011fi ge\u00e7en \u00f6\u011fretmen ve \u00f6\u011frenciler yan\u0131 s\u0131ra ailelerine de te\u015fekk\u00fcr etti.<\/p>\n<p>Ailelerin \u00f6\u011frencilerle gurur duydu\u011funu belirten Cumhurba\u015fkan\u0131, \u201cSergide payla\u015f\u0131lan g\u00fczellikler gelecekte mimar, m\u00fchendis, ressam ve \u00f6\u011fretmenlerin yeti\u015fmesine vesile olacak ve di\u011fer mesleklerde de ba\u015far\u0131l\u0131 olacaklar\u201d dedi.<\/p>\n<\/p><\/div>\n<p><script async\n                    defer\n                    crossorigin=\"anonymous\"\n                    src=\"https:\/\/connect.facebook.net\/tr_TR\/sdk.js#xfbml=1&#038;version=v3.3\"\n            ><\/script><\/p>\n","protected":false},"excerpt":{"rendered":"<p>Cumhurba\u015fkan\u0131 Ersin Tatar, Lefko\u015fa\u2019da Yeni Y\u00fczy\u0131l Anaokulu\u2019nun y\u0131l sonu sergisinin a\u00e7\u0131l\u0131\u015f\u0131na kat\u0131ld\u0131. Cumhurba\u015fkanl\u0131\u011f\u0131ndan yap\u0131lan a\u00e7\u0131klamaya g\u00f6re, Cumhurba\u015fkan\u0131 Tatar, sergiyi gezerek, \u00f6\u011fretmenler, aileler ve \u00f6\u011frencilerle sohbet etti. Sergi a\u00e7\u0131l\u0131\u015f\u0131nda bulunmaktan duydu\u011fu memnuniyeti dile getiren Tatar, serginin d\u00fczenlenmesinde eme\u011fi ge\u00e7en \u00f6\u011fretmen ve \u00f6\u011frenciler yan\u0131 s\u0131ra ailelerine de te\u015fekk\u00fcr etti. Ailelerin \u00f6\u011frencilerle gurur duydu\u011funu belirten Cumhurba\u015fkan\u0131, \u201cSergide payla\u015f\u0131lan [&hellip;]<\/p>\n","protected":false},"author":1,"featured_media":4645,"comment_status":"open","ping_status":"open","sticky":false,"template":"","format":"standard","meta":{"jnews-multi-image_gallery":[],"jnews_single_post":[],"jnews_primary_category":[],"jnews_social_meta":[],"jnews_override_counter":[],"footnotes":""},"categories":[6],"tags":[],"class_list":["post-4644","post","type-post","status-publish","format-standard","has-post-thumbnail","hentry","category-yasam"],"yoast_head":"<!-- This site is optimized with the Yoast SEO plugin v27.5 - https:\/\/yoast.com\/product\/yoast-seo-wordpress\/ -->\n<title>Cumhurba\u015fkan\u0131 Ersin Tatar, Yeni Y\u00fczy\u0131l Anaokulu\u2019nun y\u0131l sonu sergisinin a\u00e7\u0131l\u0131\u015f\u0131n\u0131 yapt\u0131 - Kuzeyin Sesi<\/title>\n<meta name=\"robots\" content=\"index, follow, max-snippet:-1, max-image-preview:large, max-video-preview:-1\" \/>\n<link rel=\"canonical\" href=\"https:\/\/kuzeyinsesi.org\/index.php\/2024\/06\/12\/cumhurbaskani-ersin-tatar-yeni-yuzyil-anaokulunun-yil-sonu-sergisinin-acilisini-yapti\/\" \/>\n<meta property=\"og:locale\" content=\"tr_TR\" \/>\n<meta property=\"og:type\" content=\"article\" \/>\n<meta property=\"og:title\" content=\"Cumhurba\u015fkan\u0131 Ersin Tatar, Yeni Y\u00fczy\u0131l Anaokulu\u2019nun y\u0131l sonu sergisinin a\u00e7\u0131l\u0131\u015f\u0131n\u0131 yapt\u0131 - Kuzeyin Sesi\" \/>\n<meta property=\"og:description\" content=\"Cumhurba\u015fkan\u0131 Ersin Tatar, Lefko\u015fa\u2019da Yeni Y\u00fczy\u0131l Anaokulu\u2019nun y\u0131l sonu sergisinin a\u00e7\u0131l\u0131\u015f\u0131na kat\u0131ld\u0131. Cumhurba\u015fkanl\u0131\u011f\u0131ndan yap\u0131lan a\u00e7\u0131klamaya g\u00f6re, Cumhurba\u015fkan\u0131 Tatar, sergiyi gezerek, \u00f6\u011fretmenler, aileler ve \u00f6\u011frencilerle sohbet etti. Sergi a\u00e7\u0131l\u0131\u015f\u0131nda bulunmaktan duydu\u011fu memnuniyeti dile getiren Tatar, serginin d\u00fczenlenmesinde eme\u011fi ge\u00e7en \u00f6\u011fretmen ve \u00f6\u011frenciler yan\u0131 s\u0131ra ailelerine de te\u015fekk\u00fcr etti. Ailelerin \u00f6\u011frencilerle gurur duydu\u011funu belirten Cumhurba\u015fkan\u0131, \u201cSergide payla\u015f\u0131lan [&hellip;]\" \/>\n<meta property=\"og:url\" content=\"https:\/\/kuzeyinsesi.org\/index.php\/2024\/06\/12\/cumhurbaskani-ersin-tatar-yeni-yuzyil-anaokulunun-yil-sonu-sergisinin-acilisini-yapti\/\" \/>\n<meta property=\"og:site_name\" content=\"Kuzeyin Sesi\" \/>\n<meta property=\"article:publisher\" content=\"https:\/\/www.facebook.com\/kuzeyinsesii\" \/>\n<meta property=\"article:published_time\" content=\"2024-06-12T09:11:49+00:00\" \/>\n<meta property=\"og:image\" content=\"https:\/\/kuzeyinsesi.org\/wp-content\/uploads\/2024\/06\/tatar-yeni-yuz-yil-anaokulu-5-.jpg\" \/>\n\t<meta property=\"og:image:width\" content=\"1600\" \/>\n\t<meta property=\"og:image:height\" content=\"1064\" \/>\n\t<meta property=\"og:image:type\" content=\"image\/jpeg\" \/>\n<meta name=\"author\" content=\"Kuzeyin Sesi\" \/>\n<meta name=\"twitter:card\" content=\"summary_large_image\" \/>\n<meta name=\"twitter:creator\" content=\"@kuzeyinsesii\" \/>\n<meta name=\"twitter:site\" content=\"@kuzeyinsesii\" \/>\n<meta name=\"twitter:label1\" content=\"Yazan:\" \/>\n\t<meta name=\"twitter:data1\" content=\"Kuzeyin Sesi\" \/>\n\t<meta name=\"twitter:label2\" content=\"Tahmini okuma s\u00fcresi\" \/>\n\t<meta name=\"twitter:data2\" content=\"1 dakika\" \/>\n<script type=\"application\/ld+json\" class=\"yoast-schema-graph\">{\"@context\":\"https:\\\/\\\/schema.org\",\"@graph\":[{\"@type\":\"Article\",\"@id\":\"https:\\\/\\\/kuzeyinsesi.org\\\/index.php\\\/2024\\\/06\\\/12\\\/cumhurbaskani-ersin-tatar-yeni-yuzyil-anaokulunun-yil-sonu-sergisinin-acilisini-yapti\\\/#article\",\"isPartOf\":{\"@id\":\"https:\\\/\\\/kuzeyinsesi.org\\\/index.php\\\/2024\\\/06\\\/12\\\/cumhurbaskani-ersin-tatar-yeni-yuzyil-anaokulunun-yil-sonu-sergisinin-acilisini-yapti\\\/\"},\"author\":{\"name\":\"Kuzeyin Sesi\",\"@id\":\"https:\\\/\\\/kuzeyinsesi.org\\\/#\\\/schema\\\/person\\\/9f859689cdf01485597712386e37f5aa\"},\"headline\":\"Cumhurba\u015fkan\u0131 Ersin Tatar, Yeni Y\u00fczy\u0131l Anaokulu\u2019nun y\u0131l sonu sergisinin a\u00e7\u0131l\u0131\u015f\u0131n\u0131 yapt\u0131\",\"datePublished\":\"2024-06-12T09:11:49+00:00\",\"mainEntityOfPage\":{\"@id\":\"https:\\\/\\\/kuzeyinsesi.org\\\/index.php\\\/2024\\\/06\\\/12\\\/cumhurbaskani-ersin-tatar-yeni-yuzyil-anaokulunun-yil-sonu-sergisinin-acilisini-yapti\\\/\"},\"wordCount\":124,\"commentCount\":0,\"image\":{\"@id\":\"https:\\\/\\\/kuzeyinsesi.org\\\/index.php\\\/2024\\\/06\\\/12\\\/cumhurbaskani-ersin-tatar-yeni-yuzyil-anaokulunun-yil-sonu-sergisinin-acilisini-yapti\\\/#primaryimage\"},\"thumbnailUrl\":\"https:\\\/\\\/kuzeyinsesi.org\\\/wp-content\\\/uploads\\\/2024\\\/06\\\/tatar-yeni-yuz-yil-anaokulu-5-.jpg\",\"articleSection\":[\"Ya\u015fam\"],\"inLanguage\":\"tr\",\"potentialAction\":[{\"@type\":\"CommentAction\",\"name\":\"Comment\",\"target\":[\"https:\\\/\\\/kuzeyinsesi.org\\\/index.php\\\/2024\\\/06\\\/12\\\/cumhurbaskani-ersin-tatar-yeni-yuzyil-anaokulunun-yil-sonu-sergisinin-acilisini-yapti\\\/#respond\"]}]},{\"@type\":\"WebPage\",\"@id\":\"https:\\\/\\\/kuzeyinsesi.org\\\/index.php\\\/2024\\\/06\\\/12\\\/cumhurbaskani-ersin-tatar-yeni-yuzyil-anaokulunun-yil-sonu-sergisinin-acilisini-yapti\\\/\",\"url\":\"https:\\\/\\\/kuzeyinsesi.org\\\/index.php\\\/2024\\\/06\\\/12\\\/cumhurbaskani-ersin-tatar-yeni-yuzyil-anaokulunun-yil-sonu-sergisinin-acilisini-yapti\\\/\",\"name\":\"Cumhurba\u015fkan\u0131 Ersin Tatar, Yeni Y\u00fczy\u0131l Anaokulu\u2019nun y\u0131l sonu sergisinin a\u00e7\u0131l\u0131\u015f\u0131n\u0131 yapt\u0131 - Kuzeyin Sesi\",\"isPartOf\":{\"@id\":\"https:\\\/\\\/kuzeyinsesi.org\\\/#website\"},\"primaryImageOfPage\":{\"@id\":\"https:\\\/\\\/kuzeyinsesi.org\\\/index.php\\\/2024\\\/06\\\/12\\\/cumhurbaskani-ersin-tatar-yeni-yuzyil-anaokulunun-yil-sonu-sergisinin-acilisini-yapti\\\/#primaryimage\"},\"image\":{\"@id\":\"https:\\\/\\\/kuzeyinsesi.org\\\/index.php\\\/2024\\\/06\\\/12\\\/cumhurbaskani-ersin-tatar-yeni-yuzyil-anaokulunun-yil-sonu-sergisinin-acilisini-yapti\\\/#primaryimage\"},\"thumbnailUrl\":\"https:\\\/\\\/kuzeyinsesi.org\\\/wp-content\\\/uploads\\\/2024\\\/06\\\/tatar-yeni-yuz-yil-anaokulu-5-.jpg\",\"datePublished\":\"2024-06-12T09:11:49+00:00\",\"author\":{\"@id\":\"https:\\\/\\\/kuzeyinsesi.org\\\/#\\\/schema\\\/person\\\/9f859689cdf01485597712386e37f5aa\"},\"breadcrumb\":{\"@id\":\"https:\\\/\\\/kuzeyinsesi.org\\\/index.php\\\/2024\\\/06\\\/12\\\/cumhurbaskani-ersin-tatar-yeni-yuzyil-anaokulunun-yil-sonu-sergisinin-acilisini-yapti\\\/#breadcrumb\"},\"inLanguage\":\"tr\",\"potentialAction\":[{\"@type\":\"ReadAction\",\"target\":[\"https:\\\/\\\/kuzeyinsesi.org\\\/index.php\\\/2024\\\/06\\\/12\\\/cumhurbaskani-ersin-tatar-yeni-yuzyil-anaokulunun-yil-sonu-sergisinin-acilisini-yapti\\\/\"]}]},{\"@type\":\"ImageObject\",\"inLanguage\":\"tr\",\"@id\":\"https:\\\/\\\/kuzeyinsesi.org\\\/index.php\\\/2024\\\/06\\\/12\\\/cumhurbaskani-ersin-tatar-yeni-yuzyil-anaokulunun-yil-sonu-sergisinin-acilisini-yapti\\\/#primaryimage\",\"url\":\"https:\\\/\\\/kuzeyinsesi.org\\\/wp-content\\\/uploads\\\/2024\\\/06\\\/tatar-yeni-yuz-yil-anaokulu-5-.jpg\",\"contentUrl\":\"https:\\\/\\\/kuzeyinsesi.org\\\/wp-content\\\/uploads\\\/2024\\\/06\\\/tatar-yeni-yuz-yil-anaokulu-5-.jpg\",\"width\":1600,\"height\":1064},{\"@type\":\"BreadcrumbList\",\"@id\":\"https:\\\/\\\/kuzeyinsesi.org\\\/index.php\\\/2024\\\/06\\\/12\\\/cumhurbaskani-ersin-tatar-yeni-yuzyil-anaokulunun-yil-sonu-sergisinin-acilisini-yapti\\\/#breadcrumb\",\"itemListElement\":[{\"@type\":\"ListItem\",\"position\":1,\"name\":\"Anasayfa\",\"item\":\"https:\\\/\\\/kuzeyinsesi.org\\\/\"},{\"@type\":\"ListItem\",\"position\":2,\"name\":\"Cumhurba\u015fkan\u0131 Ersin Tatar, Yeni Y\u00fczy\u0131l Anaokulu\u2019nun y\u0131l sonu sergisinin a\u00e7\u0131l\u0131\u015f\u0131n\u0131 yapt\u0131\"}]},{\"@type\":\"WebSite\",\"@id\":\"https:\\\/\\\/kuzeyinsesi.org\\\/#website\",\"url\":\"https:\\\/\\\/kuzeyinsesi.org\\\/\",\"name\":\"Kuzeyin Sesi\",\"description\":\"Do\u011fru Haberin Adresi\",\"potentialAction\":[{\"@type\":\"SearchAction\",\"target\":{\"@type\":\"EntryPoint\",\"urlTemplate\":\"https:\\\/\\\/kuzeyinsesi.org\\\/?s={search_term_string}\"},\"query-input\":{\"@type\":\"PropertyValueSpecification\",\"valueRequired\":true,\"valueName\":\"search_term_string\"}}],\"inLanguage\":\"tr\"},{\"@type\":\"Person\",\"@id\":\"https:\\\/\\\/kuzeyinsesi.org\\\/#\\\/schema\\\/person\\\/9f859689cdf01485597712386e37f5aa\",\"name\":\"Kuzeyin Sesi\",\"image\":{\"@type\":\"ImageObject\",\"inLanguage\":\"tr\",\"@id\":\"https:\\\/\\\/secure.gravatar.com\\\/avatar\\\/bab33852abfd8b282518d6ed81826833d77c3c882d9ab608add591ccace47a44?s=96&d=mm&r=g\",\"url\":\"https:\\\/\\\/secure.gravatar.com\\\/avatar\\\/bab33852abfd8b282518d6ed81826833d77c3c882d9ab608add591ccace47a44?s=96&d=mm&r=g\",\"contentUrl\":\"https:\\\/\\\/secure.gravatar.com\\\/avatar\\\/bab33852abfd8b282518d6ed81826833d77c3c882d9ab608add591ccace47a44?s=96&d=mm&r=g\",\"caption\":\"Kuzeyin Sesi\"},\"sameAs\":[\"https:\\\/\\\/kuzeyinsesi.org\"],\"url\":\"https:\\\/\\\/kuzeyinsesi.org\\\/index.php\\\/author\\\/guven\\\/\"}]}<\/script>\n<!-- \/ Yoast SEO plugin. -->","yoast_head_json":{"title":"Cumhurba\u015fkan\u0131 Ersin Tatar, Yeni Y\u00fczy\u0131l Anaokulu\u2019nun y\u0131l sonu sergisinin a\u00e7\u0131l\u0131\u015f\u0131n\u0131 yapt\u0131 - Kuzeyin Sesi","robots":{"index":"index","follow":"follow","max-snippet":"max-snippet:-1","max-image-preview":"max-image-preview:large","max-video-preview":"max-video-preview:-1"},"canonical":"https:\/\/kuzeyinsesi.org\/index.php\/2024\/06\/12\/cumhurbaskani-ersin-tatar-yeni-yuzyil-anaokulunun-yil-sonu-sergisinin-acilisini-yapti\/","og_locale":"tr_TR","og_type":"article","og_title":"Cumhurba\u015fkan\u0131 Ersin Tatar, Yeni Y\u00fczy\u0131l Anaokulu\u2019nun y\u0131l sonu sergisinin a\u00e7\u0131l\u0131\u015f\u0131n\u0131 yapt\u0131 - Kuzeyin Sesi","og_description":"Cumhurba\u015fkan\u0131 Ersin Tatar, Lefko\u015fa\u2019da Yeni Y\u00fczy\u0131l Anaokulu\u2019nun y\u0131l sonu sergisinin a\u00e7\u0131l\u0131\u015f\u0131na kat\u0131ld\u0131. Cumhurba\u015fkanl\u0131\u011f\u0131ndan yap\u0131lan a\u00e7\u0131klamaya g\u00f6re, Cumhurba\u015fkan\u0131 Tatar, sergiyi gezerek, \u00f6\u011fretmenler, aileler ve \u00f6\u011frencilerle sohbet etti. Sergi a\u00e7\u0131l\u0131\u015f\u0131nda bulunmaktan duydu\u011fu memnuniyeti dile getiren Tatar, serginin d\u00fczenlenmesinde eme\u011fi ge\u00e7en \u00f6\u011fretmen ve \u00f6\u011frenciler yan\u0131 s\u0131ra ailelerine de te\u015fekk\u00fcr etti. Ailelerin \u00f6\u011frencilerle gurur duydu\u011funu belirten Cumhurba\u015fkan\u0131, \u201cSergide payla\u015f\u0131lan [&hellip;]","og_url":"https:\/\/kuzeyinsesi.org\/index.php\/2024\/06\/12\/cumhurbaskani-ersin-tatar-yeni-yuzyil-anaokulunun-yil-sonu-sergisinin-acilisini-yapti\/","og_site_name":"Kuzeyin Sesi","article_publisher":"https:\/\/www.facebook.com\/kuzeyinsesii","article_published_time":"2024-06-12T09:11:49+00:00","og_image":[{"width":1600,"height":1064,"url":"https:\/\/kuzeyinsesi.org\/wp-content\/uploads\/2024\/06\/tatar-yeni-yuz-yil-anaokulu-5-.jpg","type":"image\/jpeg"}],"author":"Kuzeyin Sesi","twitter_card":"summary_large_image","twitter_creator":"@kuzeyinsesii","twitter_site":"@kuzeyinsesii","twitter_misc":{"Yazan:":"Kuzeyin Sesi","Tahmini okuma s\u00fcresi":"1 dakika"},"schema":{"@context":"https:\/\/schema.org","@graph":[{"@type":"Article","@id":"https:\/\/kuzeyinsesi.org\/index.php\/2024\/06\/12\/cumhurbaskani-ersin-tatar-yeni-yuzyil-anaokulunun-yil-sonu-sergisinin-acilisini-yapti\/#article","isPartOf":{"@id":"https:\/\/kuzeyinsesi.org\/index.php\/2024\/06\/12\/cumhurbaskani-ersin-tatar-yeni-yuzyil-anaokulunun-yil-sonu-sergisinin-acilisini-yapti\/"},"author":{"name":"Kuzeyin Sesi","@id":"https:\/\/kuzeyinsesi.org\/#\/schema\/person\/9f859689cdf01485597712386e37f5aa"},"headline":"Cumhurba\u015fkan\u0131 Ersin Tatar, Yeni Y\u00fczy\u0131l Anaokulu\u2019nun y\u0131l sonu sergisinin a\u00e7\u0131l\u0131\u015f\u0131n\u0131 yapt\u0131","datePublished":"2024-06-12T09:11:49+00:00","mainEntityOfPage":{"@id":"https:\/\/kuzeyinsesi.org\/index.php\/2024\/06\/12\/cumhurbaskani-ersin-tatar-yeni-yuzyil-anaokulunun-yil-sonu-sergisinin-acilisini-yapti\/"},"wordCount":124,"commentCount":0,"image":{"@id":"https:\/\/kuzeyinsesi.org\/index.php\/2024\/06\/12\/cumhurbaskani-ersin-tatar-yeni-yuzyil-anaokulunun-yil-sonu-sergisinin-acilisini-yapti\/#primaryimage"},"thumbnailUrl":"https:\/\/kuzeyinsesi.org\/wp-content\/uploads\/2024\/06\/tatar-yeni-yuz-yil-anaokulu-5-.jpg","articleSection":["Ya\u015fam"],"inLanguage":"tr","potentialAction":[{"@type":"CommentAction","name":"Comment","target":["https:\/\/kuzeyinsesi.org\/index.php\/2024\/06\/12\/cumhurbaskani-ersin-tatar-yeni-yuzyil-anaokulunun-yil-sonu-sergisinin-acilisini-yapti\/#respond"]}]},{"@type":"WebPage","@id":"https:\/\/kuzeyinsesi.org\/index.php\/2024\/06\/12\/cumhurbaskani-ersin-tatar-yeni-yuzyil-anaokulunun-yil-sonu-sergisinin-acilisini-yapti\/","url":"https:\/\/kuzeyinsesi.org\/index.php\/2024\/06\/12\/cumhurbaskani-ersin-tatar-yeni-yuzyil-anaokulunun-yil-sonu-sergisinin-acilisini-yapti\/","name":"Cumhurba\u015fkan\u0131 Ersin Tatar, Yeni Y\u00fczy\u0131l Anaokulu\u2019nun y\u0131l sonu sergisinin a\u00e7\u0131l\u0131\u015f\u0131n\u0131 yapt\u0131 - Kuzeyin Sesi","isPartOf":{"@id":"https:\/\/kuzeyinsesi.org\/#website"},"primaryImageOfPage":{"@id":"https:\/\/kuzeyinsesi.org\/index.php\/2024\/06\/12\/cumhurbaskani-ersin-tatar-yeni-yuzyil-anaokulunun-yil-sonu-sergisinin-acilisini-yapti\/#primaryimage"},"image":{"@id":"https:\/\/kuzeyinsesi.org\/index.php\/2024\/06\/12\/cumhurbaskani-ersin-tatar-yeni-yuzyil-anaokulunun-yil-sonu-sergisinin-acilisini-yapti\/#primaryimage"},"thumbnailUrl":"https:\/\/kuzeyinsesi.org\/wp-content\/uploads\/2024\/06\/tatar-yeni-yuz-yil-anaokulu-5-.jpg","datePublished":"2024-06-12T09:11:49+00:00","author":{"@id":"https:\/\/kuzeyinsesi.org\/#\/schema\/person\/9f859689cdf01485597712386e37f5aa"},"breadcrumb":{"@id":"https:\/\/kuzeyinsesi.org\/index.php\/2024\/06\/12\/cumhurbaskani-ersin-tatar-yeni-yuzyil-anaokulunun-yil-sonu-sergisinin-acilisini-yapti\/#breadcrumb"},"inLanguage":"tr","potentialAction":[{"@type":"ReadAction","target":["https:\/\/kuzeyinsesi.org\/index.php\/2024\/06\/12\/cumhurbaskani-ersin-tatar-yeni-yuzyil-anaokulunun-yil-sonu-sergisinin-acilisini-yapti\/"]}]},{"@type":"ImageObject","inLanguage":"tr","@id":"https:\/\/kuzeyinsesi.org\/index.php\/2024\/06\/12\/cumhurbaskani-ersin-tatar-yeni-yuzyil-anaokulunun-yil-sonu-sergisinin-acilisini-yapti\/#primaryimage","url":"https:\/\/kuzeyinsesi.org\/wp-content\/uploads\/2024\/06\/tatar-yeni-yuz-yil-anaokulu-5-.jpg","contentUrl":"https:\/\/kuzeyinsesi.org\/wp-content\/uploads\/2024\/06\/tatar-yeni-yuz-yil-anaokulu-5-.jpg","width":1600,"height":1064},{"@type":"BreadcrumbList","@id":"https:\/\/kuzeyinsesi.org\/index.php\/2024\/06\/12\/cumhurbaskani-ersin-tatar-yeni-yuzyil-anaokulunun-yil-sonu-sergisinin-acilisini-yapti\/#breadcrumb","itemListElement":[{"@type":"ListItem","position":1,"name":"Anasayfa","item":"https:\/\/kuzeyinsesi.org\/"},{"@type":"ListItem","position":2,"name":"Cumhurba\u015fkan\u0131 Ersin Tatar, Yeni Y\u00fczy\u0131l Anaokulu\u2019nun y\u0131l sonu sergisinin a\u00e7\u0131l\u0131\u015f\u0131n\u0131 yapt\u0131"}]},{"@type":"WebSite","@id":"https:\/\/kuzeyinsesi.org\/#website","url":"https:\/\/kuzeyinsesi.org\/","name":"Kuzeyin Sesi","description":"Do\u011fru Haberin Adresi","potentialAction":[{"@type":"SearchAction","target":{"@type":"EntryPoint","urlTemplate":"https:\/\/kuzeyinsesi.org\/?s={search_term_string}"},"query-input":{"@type":"PropertyValueSpecification","valueRequired":true,"valueName":"search_term_string"}}],"inLanguage":"tr"},{"@type":"Person","@id":"https:\/\/kuzeyinsesi.org\/#\/schema\/person\/9f859689cdf01485597712386e37f5aa","name":"Kuzeyin Sesi","image":{"@type":"ImageObject","inLanguage":"tr","@id":"https:\/\/secure.gravatar.com\/avatar\/bab33852abfd8b282518d6ed81826833d77c3c882d9ab608add591ccace47a44?s=96&d=mm&r=g","url":"https:\/\/secure.gravatar.com\/avatar\/bab33852abfd8b282518d6ed81826833d77c3c882d9ab608add591ccace47a44?s=96&d=mm&r=g","contentUrl":"https:\/\/secure.gravatar.com\/avatar\/bab33852abfd8b282518d6ed81826833d77c3c882d9ab608add591ccace47a44?s=96&d=mm&r=g","caption":"Kuzeyin Sesi"},"sameAs":["https:\/\/kuzeyinsesi.org"],"url":"https:\/\/kuzeyinsesi.org\/index.php\/author\/guven\/"}]}},"_links":{"self":[{"href":"https:\/\/kuzeyinsesi.org\/index.php\/wp-json\/wp\/v2\/posts\/4644","targetHints":{"allow":["GET"]}}],"collection":[{"href":"https:\/\/kuzeyinsesi.org\/index.php\/wp-json\/wp\/v2\/posts"}],"about":[{"href":"https:\/\/kuzeyinsesi.org\/index.php\/wp-json\/wp\/v2\/types\/post"}],"author":[{"embeddable":true,"href":"https:\/\/kuzeyinsesi.org\/index.php\/wp-json\/wp\/v2\/users\/1"}],"replies":[{"embeddable":true,"href":"https:\/\/kuzeyinsesi.org\/index.php\/wp-json\/wp\/v2\/comments?post=4644"}],"version-history":[{"count":0,"href":"https:\/\/kuzeyinsesi.org\/index.php\/wp-json\/wp\/v2\/posts\/4644\/revisions"}],"wp:featuredmedia":[{"embeddable":true,"href":"https:\/\/kuzeyinsesi.org\/index.php\/wp-json\/wp\/v2\/media\/4645"}],"wp:attachment":[{"href":"https:\/\/kuzeyinsesi.org\/index.php\/wp-json\/wp\/v2\/media?parent=4644"}],"wp:term":[{"taxonomy":"category","embeddable":true,"href":"https:\/\/kuzeyinsesi.org\/index.php\/wp-json\/wp\/v2\/categories?post=4644"},{"taxonomy":"post_tag","embeddable":true,"href":"https:\/\/kuzeyinsesi.org\/index.php\/wp-json\/wp\/v2\/tags?post=4644"}],"curies":[{"name":"wp","href":"https:\/\/api.w.org\/{rel}","templated":true}]}}