{"id":46120,"date":"2026-09-06T10:47:04","date_gmt":"2026-09-06T07:47:04","guid":{"rendered":"https:\/\/kuzeyinsesi.org\/?p=46120"},"modified":"2026-09-06T10:48:15","modified_gmt":"2026-09-06T07:48:15","slug":"46120","status":"publish","type":"post","link":"https:\/\/kuzeyinsesi.org\/index.php\/2026\/09\/06\/46120\/","title":{"rendered":"\u015eenkul: Filo Jet facias\u0131 bizim \u0130S\u0130AS\u2019\u0131m\u0131zd\u0131r"},"content":{"rendered":"<p class=\"isSelectedEnd\">Girne Belediye Ba\u015fkan\u0131 <strong>Murat \u015eenkul<\/strong>, Filo Jet facias\u0131n\u0131n ard\u0131ndan kentte uygulanan m\u00fczik yasa\u011f\u0131, kay\u0131p yak\u0131nlar\u0131n\u0131n ya\u015fad\u0131\u011f\u0131 s\u00fcre\u00e7 ve toplumsal dayan\u0131\u015fmaya ili\u015fkin a\u00e7\u0131klamalarda bulundu. \u015eenkul, <strong>\u201cBenim a\u00e7\u0131mdan bu kaza bizim \u0130S\u0130AS\u2019\u0131m\u0131zd\u0131r\u201d<\/strong> dedi.<\/p>\n<h2>\u201cKAYIP A\u0130LELER\u0130 BEKLERKEN Y\u00dcKSEK SESL\u0130 M\u00dcZ\u0130K DO\u011eRU DE\u011e\u0130LD\u0130R\u201d<\/h2>\n<p class=\"isSelectedEnd\">Filo Jet facias\u0131n\u0131n \u00fczerinden bir hafta ge\u00e7ti\u011fini belirten \u015eenkul, ilk g\u00fcnlerde ya\u015fanan \u015fokun giderek derin bir \u00fcz\u00fcnt\u00fcye d\u00f6n\u00fc\u015ft\u00fc\u011f\u00fcn\u00fc ifade etti.<\/p>\n<p class=\"isSelectedEnd\">Kazan\u0131n ard\u0131ndan 3 g\u00fcnl\u00fck yas ilan edildi\u011fini, daha sonra d\u00fc\u011f\u00fcnler hari\u00e7 m\u00fczikli e\u011flencelere y\u00f6nelik yasa\u011f\u0131n \u00e7ar\u015famba g\u00fcn\u00fcne kadar uzat\u0131ld\u0131\u011f\u0131n\u0131 hat\u0131rlatan \u015eenkul, \u00f6zellikle Girne\u2019de hassasiyet g\u00f6sterilmesi gerekti\u011fini vurgulad\u0131.<\/p>\n<p class=\"isSelectedEnd\">Girne Turizm Liman\u0131\u2019nda kay\u0131p yak\u0131nlar\u0131n\u0131n bekleyi\u015finin s\u00fcrd\u00fc\u011f\u00fcne dikkat \u00e7eken \u015eenkul, bu ailelerin duyabilece\u011fi \u015fekilde y\u00fcksek sesli m\u00fczik yap\u0131lmas\u0131n\u0131n, d\u00fc\u011f\u00fcnlerde dahi do\u011fru olmad\u0131\u011f\u0131n\u0131 s\u00f6yledi.<\/p>\n<p class=\"isSelectedEnd\">Aylar \u00f6ncesinden planlanan d\u00fc\u011f\u00fcnlerin ger\u00e7ekle\u015ftirilmesine kar\u015f\u0131 olmad\u0131\u011f\u0131n\u0131 belirten \u015eenkul, d\u00fc\u011f\u00fcn sahiplerinden en az\u0131ndan kay\u0131p arama \u00e7al\u0131\u015fmalar\u0131 tamamlanana kadar <strong>yasal m\u00fczik seviyesi kurallar\u0131na uymalar\u0131n\u0131<\/strong> istedi.<\/p>\n<h2>E\u011eLENCE SEKT\u00d6R\u00dc \u0130\u00c7\u0130N DESTEK \u00c7A\u011eRISI<\/h2>\n<p class=\"isSelectedEnd\">Ge\u00e7imini e\u011flence sekt\u00f6r\u00fcnden sa\u011flayan ki\u015filerin de s\u00fcre\u00e7ten ekonomik olarak etkilendi\u011fini belirten \u015eenkul, benzer d\u00f6nemlerde ya\u015fanabilecek gelir kay\u0131plar\u0131n\u0131 asgari seviyede kar\u015f\u0131layabilecek bir destek yap\u0131s\u0131n\u0131n olu\u015fturulmas\u0131 gerekti\u011fini s\u00f6yledi.<\/p>\n<p class=\"isSelectedEnd\">M\u00fczik yasa\u011f\u0131 karar\u0131n\u0131n \u0130\u00e7i\u015fleri Bakanl\u0131\u011f\u0131 taraf\u0131ndan al\u0131nd\u0131\u011f\u0131n\u0131 ve belediyelerin bu konuda s\u0131n\u0131rl\u0131 yetkiye sahip oldu\u011funu kaydeden \u015eenkul, Girne Belediyesi ekiplerinin gece boyunca denetimlerini s\u00fcrd\u00fcrd\u00fc\u011f\u00fcn\u00fc belirtti.<\/p>\n<p class=\"isSelectedEnd\">\u015eenkul, \u00e7ok say\u0131da m\u00fczik ihbar\u0131n\u0131n kontrol edildi\u011fini ve \u00fc\u00e7 d\u00fc\u011f\u00fcn d\u0131\u015f\u0131nda kent genelinde, casinolu b\u00fcy\u00fck oteller dahil, yasa\u011fa b\u00fcy\u00fck oranda uyuldu\u011funu ifade etti. Ara\u00e7lar\u0131nda y\u00fcksek sesle m\u00fczik dinleyen ki\u015filere ise polisin m\u00fcdahale etti\u011fini aktard\u0131.<\/p>\n<h2>\u201c\u0130S\u0130AS NE \u0130SE, F\u0130LO JET DE ODUR\u201d<\/h2>\n<p class=\"isSelectedEnd\">Filo Jet facias\u0131na ili\u015fkin de\u011ferlendirmesinde \u015eenkul, <strong>\u201cBenim a\u00e7\u0131mdan bu kaza bizim \u0130S\u0130AS\u2019\u0131m\u0131zd\u0131r\u201d<\/strong> ifadelerini kulland\u0131.<\/p>\n<p class=\"isSelectedEnd\">Kay\u0131plar aran\u0131rken ve ilerleyen d\u00f6nemdeki mahkeme s\u00fcre\u00e7lerinde kay\u0131p yak\u0131nlar\u0131n\u0131n, \u00f6zellikle de \u00e7ocuklar\u0131n yan\u0131nda olunmas\u0131 gerekti\u011fini vurgulayan \u015eenkul, bunun toplumun ortak sorumlulu\u011fu oldu\u011funu s\u00f6yledi.<\/p>\n<p class=\"isSelectedEnd\">\u015eenkul, kurulmas\u0131 gerekti\u011fi s\u0131k s\u0131k dile getirilen yeni yap\u0131n\u0131n yaln\u0131zca liyakat ve adalet \u00fczerine de\u011fil, <strong>ahlak, vefa, empati ve dayan\u0131\u015fma<\/strong> gibi de\u011ferler \u00fczerine de in\u015fa edilmesi gerekti\u011fini ifade etti.<\/p>\n<p>Girne Belediye Ba\u015fkan\u0131 \u015eenkul, <strong>\u201cTekrar ediyorum, \u0130S\u0130AS ne ise Filo Jet de odur. Yapmam\u0131z gerekenler vard\u0131r, hep birlikte yapaca\u011f\u0131z. Kay\u0131p ailelerini bug\u00fcn de, yar\u0131n da yaln\u0131z b\u0131rakmayaca\u011f\u0131z\u201d<\/strong> dedi.<\/p>\n","protected":false},"excerpt":{"rendered":"<p>Girne Belediye Ba\u015fkan\u0131 Murat \u015eenkul, Filo Jet facias\u0131n\u0131n ard\u0131ndan kentte uygulanan m\u00fczik yasa\u011f\u0131, kay\u0131p yak\u0131nlar\u0131n\u0131n ya\u015fad\u0131\u011f\u0131 s\u00fcre\u00e7 ve toplumsal dayan\u0131\u015fmaya ili\u015fkin a\u00e7\u0131klamalarda bulundu. \u015eenkul, \u201cBenim a\u00e7\u0131mdan bu kaza bizim \u0130S\u0130AS\u2019\u0131m\u0131zd\u0131r\u201d dedi. \u201cKAYIP A\u0130LELER\u0130 BEKLERKEN Y\u00dcKSEK SESL\u0130 M\u00dcZ\u0130K DO\u011eRU DE\u011e\u0130LD\u0130R\u201d Filo Jet facias\u0131n\u0131n \u00fczerinden bir hafta ge\u00e7ti\u011fini belirten \u015eenkul, ilk g\u00fcnlerde ya\u015fanan \u015fokun giderek derin bir [&hellip;]<\/p>\n","protected":false},"author":1,"featured_media":46123,"comment_status":"open","ping_status":"open","sticky":false,"template":"","format":"standard","meta":{"jnews-multi-image_gallery":[],"jnews_single_post":{"subtitle":"","format":"standard","override":[{"template":"1","parallax":"1","fullscreen":"1","layout":"right-sidebar","sidebar":"default-sidebar","second_sidebar":"default-sidebar","sticky_sidebar":"1","share_position":"top","share_float_style":"share-monocrhome","show_featured":"1","show_post_author":"1","show_post_author_image":"1","show_post_date":"1","post_date_format":"default","post_date_format_custom":"Y\/m\/d","show_post_category":"1","show_post_reading_time":"0","post_reading_time_wpm":"300","post_calculate_word_method":"str_word_count","show_zoom_button":"0","zoom_button_out_step":"2","zoom_button_in_step":"3","show_post_tag":"1","show_prev_next_post":"1","show_popup_post":"1","show_comment_section":"1","number_popup_post":"1","show_author_box":"0","show_post_related":"0","show_inline_post_related":"0"}],"image_override":[{"single_post_thumbnail_size":"crop-500","single_post_gallery_size":"crop-500"}],"trending_post_position":"meta","trending_post_label":"Trending","sponsored_post_label":"Sponsored by","disable_ad":"0"},"jnews_primary_category":[],"jnews_social_meta":[],"jnews_override_counter":{"view_counter_number":"0","share_counter_number":"0","like_counter_number":"0","dislike_counter_number":"0"},"footnotes":""},"categories":[1],"tags":[7028,395,143,150,7048],"class_list":["post-46120","post","type-post","status-publish","format-standard","has-post-thumbnail","hentry","category-kibris","tag-filo-jet","tag-girne","tag-girne-belediyesi","tag-murat-senkul","tag-muzik-yasagi"],"yoast_head":"<!-- This site is optimized with the Yoast SEO plugin v28.4 - https:\/\/yoast.com\/product\/yoast-seo-wordpress\/ -->\n<title>\u015eenkul: Filo Jet facias\u0131 bizim \u0130S\u0130AS\u2019\u0131m\u0131zd\u0131r - Kuzeyin Sesi<\/title>\n<meta name=\"robots\" content=\"index, follow, max-snippet:-1, max-image-preview:large, max-video-preview:-1\" \/>\n<link rel=\"canonical\" href=\"https:\/\/kuzeyinsesi.org\/index.php\/2026\/09\/06\/46120\/\" \/>\n<meta property=\"og:locale\" content=\"tr_TR\" \/>\n<meta property=\"og:type\" content=\"article\" \/>\n<meta property=\"og:title\" content=\"\u015eenkul: Filo Jet facias\u0131 bizim \u0130S\u0130AS\u2019\u0131m\u0131zd\u0131r - Kuzeyin Sesi\" \/>\n<meta property=\"og:description\" content=\"Girne Belediye Ba\u015fkan\u0131 Murat \u015eenkul, Filo Jet facias\u0131n\u0131n ard\u0131ndan kentte uygulanan m\u00fczik yasa\u011f\u0131, kay\u0131p yak\u0131nlar\u0131n\u0131n ya\u015fad\u0131\u011f\u0131 s\u00fcre\u00e7 ve toplumsal dayan\u0131\u015fmaya ili\u015fkin a\u00e7\u0131klamalarda bulundu. \u015eenkul, \u201cBenim a\u00e7\u0131mdan bu kaza bizim \u0130S\u0130AS\u2019\u0131m\u0131zd\u0131r\u201d dedi. \u201cKAYIP A\u0130LELER\u0130 BEKLERKEN Y\u00dcKSEK SESL\u0130 M\u00dcZ\u0130K DO\u011eRU DE\u011e\u0130LD\u0130R\u201d Filo Jet facias\u0131n\u0131n \u00fczerinden bir hafta ge\u00e7ti\u011fini belirten \u015eenkul, ilk g\u00fcnlerde ya\u015fanan \u015fokun giderek derin bir [&hellip;]\" \/>\n<meta property=\"og:url\" content=\"https:\/\/kuzeyinsesi.org\/index.php\/2026\/09\/06\/46120\/\" \/>\n<meta property=\"og:site_name\" content=\"Kuzeyin Sesi\" \/>\n<meta property=\"article:publisher\" content=\"https:\/\/www.facebook.com\/kuzeyinsesii\" \/>\n<meta property=\"article:published_time\" content=\"2026-09-06T07:47:04+00:00\" \/>\n<meta property=\"article:modified_time\" content=\"2026-09-06T07:48:15+00:00\" \/>\n<meta property=\"og:image\" content=\"https:\/\/kuzeyinsesi.org\/wp-content\/uploads\/2026\/09\/Kuzeyinsesikj-2026-09-06T104650.782.jpg\" \/>\n\t<meta property=\"og:image:width\" content=\"1600\" \/>\n\t<meta property=\"og:image:height\" content=\"900\" \/>\n\t<meta property=\"og:image:type\" content=\"image\/jpeg\" \/>\n<meta name=\"author\" content=\"Kuzeyin Sesi\" \/>\n<meta name=\"twitter:card\" content=\"summary_large_image\" \/>\n<meta name=\"twitter:creator\" content=\"@kuzeyinsesii\" \/>\n<meta name=\"twitter:site\" content=\"@kuzeyinsesii\" \/>\n<meta name=\"twitter:label1\" content=\"Yazan:\" \/>\n\t<meta name=\"twitter:data1\" content=\"Kuzeyin Sesi\" \/>\n\t<meta name=\"twitter:label2\" content=\"Tahmini okuma s\u00fcresi\" \/>\n\t<meta name=\"twitter:data2\" content=\"3 dakika\" \/>\n<script type=\"application\/ld+json\" class=\"yoast-schema-graph\">{\"@context\":\"https:\\\/\\\/schema.org\",\"@graph\":[{\"@type\":\"Article\",\"@id\":\"https:\\\/\\\/kuzeyinsesi.org\\\/index.php\\\/2026\\\/09\\\/06\\\/46120\\\/#article\",\"isPartOf\":{\"@id\":\"https:\\\/\\\/kuzeyinsesi.org\\\/index.php\\\/2026\\\/09\\\/06\\\/46120\\\/\"},\"author\":{\"name\":\"Kuzeyin Sesi\",\"@id\":\"https:\\\/\\\/kuzeyinsesi.org\\\/#\\\/schema\\\/person\\\/9f859689cdf01485597712386e37f5aa\"},\"headline\":\"\u015eenkul: Filo Jet facias\u0131 bizim \u0130S\u0130AS\u2019\u0131m\u0131zd\u0131r\",\"datePublished\":\"2026-09-06T07:47:04+00:00\",\"dateModified\":\"2026-09-06T07:48:15+00:00\",\"mainEntityOfPage\":{\"@id\":\"https:\\\/\\\/kuzeyinsesi.org\\\/index.php\\\/2026\\\/09\\\/06\\\/46120\\\/\"},\"wordCount\":520,\"commentCount\":0,\"image\":{\"@id\":\"https:\\\/\\\/kuzeyinsesi.org\\\/index.php\\\/2026\\\/09\\\/06\\\/46120\\\/#primaryimage\"},\"thumbnailUrl\":\"https:\\\/\\\/kuzeyinsesi.org\\\/wp-content\\\/uploads\\\/2026\\\/09\\\/Kuzeyinsesikj-2026-09-06T104650.782.jpg\",\"keywords\":[\"F\u0130LO JET\",\"Girne\",\"Girne Belediyesi\",\"Murat \u015eenkul\",\"M\u00fczik Yasa\u011f\u0131\"],\"articleSection\":[\"K\u0131br\u0131s\"],\"inLanguage\":\"tr\",\"potentialAction\":[{\"@type\":\"CommentAction\",\"name\":\"Comment\",\"target\":[\"https:\\\/\\\/kuzeyinsesi.org\\\/index.php\\\/2026\\\/09\\\/06\\\/46120\\\/#respond\"]}]},{\"@type\":\"WebPage\",\"@id\":\"https:\\\/\\\/kuzeyinsesi.org\\\/index.php\\\/2026\\\/09\\\/06\\\/46120\\\/\",\"url\":\"https:\\\/\\\/kuzeyinsesi.org\\\/index.php\\\/2026\\\/09\\\/06\\\/46120\\\/\",\"name\":\"\u015eenkul: Filo Jet facias\u0131 bizim \u0130S\u0130AS\u2019\u0131m\u0131zd\u0131r - Kuzeyin Sesi\",\"isPartOf\":{\"@id\":\"https:\\\/\\\/kuzeyinsesi.org\\\/#website\"},\"primaryImageOfPage\":{\"@id\":\"https:\\\/\\\/kuzeyinsesi.org\\\/index.php\\\/2026\\\/09\\\/06\\\/46120\\\/#primaryimage\"},\"image\":{\"@id\":\"https:\\\/\\\/kuzeyinsesi.org\\\/index.php\\\/2026\\\/09\\\/06\\\/46120\\\/#primaryimage\"},\"thumbnailUrl\":\"https:\\\/\\\/kuzeyinsesi.org\\\/wp-content\\\/uploads\\\/2026\\\/09\\\/Kuzeyinsesikj-2026-09-06T104650.782.jpg\",\"datePublished\":\"2026-09-06T07:47:04+00:00\",\"dateModified\":\"2026-09-06T07:48:15+00:00\",\"author\":{\"@id\":\"https:\\\/\\\/kuzeyinsesi.org\\\/#\\\/schema\\\/person\\\/9f859689cdf01485597712386e37f5aa\"},\"breadcrumb\":{\"@id\":\"https:\\\/\\\/kuzeyinsesi.org\\\/index.php\\\/2026\\\/09\\\/06\\\/46120\\\/#breadcrumb\"},\"inLanguage\":\"tr\",\"potentialAction\":[{\"@type\":\"ReadAction\",\"target\":[\"https:\\\/\\\/kuzeyinsesi.org\\\/index.php\\\/2026\\\/09\\\/06\\\/46120\\\/\"]}]},{\"@type\":\"ImageObject\",\"inLanguage\":\"tr\",\"@id\":\"https:\\\/\\\/kuzeyinsesi.org\\\/index.php\\\/2026\\\/09\\\/06\\\/46120\\\/#primaryimage\",\"url\":\"https:\\\/\\\/kuzeyinsesi.org\\\/wp-content\\\/uploads\\\/2026\\\/09\\\/Kuzeyinsesikj-2026-09-06T104650.782.jpg\",\"contentUrl\":\"https:\\\/\\\/kuzeyinsesi.org\\\/wp-content\\\/uploads\\\/2026\\\/09\\\/Kuzeyinsesikj-2026-09-06T104650.782.jpg\",\"width\":1600,\"height\":900},{\"@type\":\"BreadcrumbList\",\"@id\":\"https:\\\/\\\/kuzeyinsesi.org\\\/index.php\\\/2026\\\/09\\\/06\\\/46120\\\/#breadcrumb\",\"itemListElement\":[{\"@type\":\"ListItem\",\"position\":1,\"name\":\"Anasayfa\",\"item\":\"https:\\\/\\\/kuzeyinsesi.org\\\/\"},{\"@type\":\"ListItem\",\"position\":2,\"name\":\"\u015eenkul: Filo Jet facias\u0131 bizim \u0130S\u0130AS\u2019\u0131m\u0131zd\u0131r\"}]},{\"@type\":\"WebSite\",\"@id\":\"https:\\\/\\\/kuzeyinsesi.org\\\/#website\",\"url\":\"https:\\\/\\\/kuzeyinsesi.org\\\/\",\"name\":\"Kuzeyin Sesi\",\"description\":\"Do\u011fru Haberin Adresi\",\"potentialAction\":[{\"@type\":\"SearchAction\",\"target\":{\"@type\":\"EntryPoint\",\"urlTemplate\":\"https:\\\/\\\/kuzeyinsesi.org\\\/?s={search_term_string}\"},\"query-input\":{\"@type\":\"PropertyValueSpecification\",\"valueRequired\":true,\"valueName\":\"search_term_string\"}}],\"inLanguage\":\"tr\"},{\"@type\":\"Person\",\"@id\":\"https:\\\/\\\/kuzeyinsesi.org\\\/#\\\/schema\\\/person\\\/9f859689cdf01485597712386e37f5aa\",\"name\":\"Kuzeyin Sesi\",\"image\":{\"@type\":\"ImageObject\",\"inLanguage\":\"tr\",\"@id\":\"https:\\\/\\\/secure.gravatar.com\\\/avatar\\\/bab33852abfd8b282518d6ed81826833d77c3c882d9ab608add591ccace47a44?s=96&d=mm&r=g\",\"url\":\"https:\\\/\\\/secure.gravatar.com\\\/avatar\\\/bab33852abfd8b282518d6ed81826833d77c3c882d9ab608add591ccace47a44?s=96&d=mm&r=g\",\"contentUrl\":\"https:\\\/\\\/secure.gravatar.com\\\/avatar\\\/bab33852abfd8b282518d6ed81826833d77c3c882d9ab608add591ccace47a44?s=96&d=mm&r=g\",\"caption\":\"Kuzeyin Sesi\"},\"sameAs\":[\"https:\\\/\\\/kuzeyinsesi.org\"],\"url\":\"https:\\\/\\\/kuzeyinsesi.org\\\/index.php\\\/author\\\/guven\\\/\"}]}<\/script>\n<!-- \/ Yoast SEO plugin. -->","yoast_head_json":{"title":"\u015eenkul: Filo Jet facias\u0131 bizim \u0130S\u0130AS\u2019\u0131m\u0131zd\u0131r - Kuzeyin Sesi","robots":{"index":"index","follow":"follow","max-snippet":"max-snippet:-1","max-image-preview":"max-image-preview:large","max-video-preview":"max-video-preview:-1"},"canonical":"https:\/\/kuzeyinsesi.org\/index.php\/2026\/09\/06\/46120\/","og_locale":"tr_TR","og_type":"article","og_title":"\u015eenkul: Filo Jet facias\u0131 bizim \u0130S\u0130AS\u2019\u0131m\u0131zd\u0131r - Kuzeyin Sesi","og_description":"Girne Belediye Ba\u015fkan\u0131 Murat \u015eenkul, Filo Jet facias\u0131n\u0131n ard\u0131ndan kentte uygulanan m\u00fczik yasa\u011f\u0131, kay\u0131p yak\u0131nlar\u0131n\u0131n ya\u015fad\u0131\u011f\u0131 s\u00fcre\u00e7 ve toplumsal dayan\u0131\u015fmaya ili\u015fkin a\u00e7\u0131klamalarda bulundu. \u015eenkul, \u201cBenim a\u00e7\u0131mdan bu kaza bizim \u0130S\u0130AS\u2019\u0131m\u0131zd\u0131r\u201d dedi. \u201cKAYIP A\u0130LELER\u0130 BEKLERKEN Y\u00dcKSEK SESL\u0130 M\u00dcZ\u0130K DO\u011eRU DE\u011e\u0130LD\u0130R\u201d Filo Jet facias\u0131n\u0131n \u00fczerinden bir hafta ge\u00e7ti\u011fini belirten \u015eenkul, ilk g\u00fcnlerde ya\u015fanan \u015fokun giderek derin bir [&hellip;]","og_url":"https:\/\/kuzeyinsesi.org\/index.php\/2026\/09\/06\/46120\/","og_site_name":"Kuzeyin Sesi","article_publisher":"https:\/\/www.facebook.com\/kuzeyinsesii","article_published_time":"2026-09-06T07:47:04+00:00","article_modified_time":"2026-09-06T07:48:15+00:00","og_image":[{"width":1600,"height":900,"url":"https:\/\/kuzeyinsesi.org\/wp-content\/uploads\/2026\/09\/Kuzeyinsesikj-2026-09-06T104650.782.jpg","type":"image\/jpeg"}],"author":"Kuzeyin Sesi","twitter_card":"summary_large_image","twitter_creator":"@kuzeyinsesii","twitter_site":"@kuzeyinsesii","twitter_misc":{"Yazan:":"Kuzeyin Sesi","Tahmini okuma s\u00fcresi":"3 dakika"},"schema":{"@context":"https:\/\/schema.org","@graph":[{"@type":"Article","@id":"https:\/\/kuzeyinsesi.org\/index.php\/2026\/09\/06\/46120\/#article","isPartOf":{"@id":"https:\/\/kuzeyinsesi.org\/index.php\/2026\/09\/06\/46120\/"},"author":{"name":"Kuzeyin Sesi","@id":"https:\/\/kuzeyinsesi.org\/#\/schema\/person\/9f859689cdf01485597712386e37f5aa"},"headline":"\u015eenkul: Filo Jet facias\u0131 bizim \u0130S\u0130AS\u2019\u0131m\u0131zd\u0131r","datePublished":"2026-09-06T07:47:04+00:00","dateModified":"2026-09-06T07:48:15+00:00","mainEntityOfPage":{"@id":"https:\/\/kuzeyinsesi.org\/index.php\/2026\/09\/06\/46120\/"},"wordCount":520,"commentCount":0,"image":{"@id":"https:\/\/kuzeyinsesi.org\/index.php\/2026\/09\/06\/46120\/#primaryimage"},"thumbnailUrl":"https:\/\/kuzeyinsesi.org\/wp-content\/uploads\/2026\/09\/Kuzeyinsesikj-2026-09-06T104650.782.jpg","keywords":["F\u0130LO JET","Girne","Girne Belediyesi","Murat \u015eenkul","M\u00fczik Yasa\u011f\u0131"],"articleSection":["K\u0131br\u0131s"],"inLanguage":"tr","potentialAction":[{"@type":"CommentAction","name":"Comment","target":["https:\/\/kuzeyinsesi.org\/index.php\/2026\/09\/06\/46120\/#respond"]}]},{"@type":"WebPage","@id":"https:\/\/kuzeyinsesi.org\/index.php\/2026\/09\/06\/46120\/","url":"https:\/\/kuzeyinsesi.org\/index.php\/2026\/09\/06\/46120\/","name":"\u015eenkul: Filo Jet facias\u0131 bizim \u0130S\u0130AS\u2019\u0131m\u0131zd\u0131r - Kuzeyin Sesi","isPartOf":{"@id":"https:\/\/kuzeyinsesi.org\/#website"},"primaryImageOfPage":{"@id":"https:\/\/kuzeyinsesi.org\/index.php\/2026\/09\/06\/46120\/#primaryimage"},"image":{"@id":"https:\/\/kuzeyinsesi.org\/index.php\/2026\/09\/06\/46120\/#primaryimage"},"thumbnailUrl":"https:\/\/kuzeyinsesi.org\/wp-content\/uploads\/2026\/09\/Kuzeyinsesikj-2026-09-06T104650.782.jpg","datePublished":"2026-09-06T07:47:04+00:00","dateModified":"2026-09-06T07:48:15+00:00","author":{"@id":"https:\/\/kuzeyinsesi.org\/#\/schema\/person\/9f859689cdf01485597712386e37f5aa"},"breadcrumb":{"@id":"https:\/\/kuzeyinsesi.org\/index.php\/2026\/09\/06\/46120\/#breadcrumb"},"inLanguage":"tr","potentialAction":[{"@type":"ReadAction","target":["https:\/\/kuzeyinsesi.org\/index.php\/2026\/09\/06\/46120\/"]}]},{"@type":"ImageObject","inLanguage":"tr","@id":"https:\/\/kuzeyinsesi.org\/index.php\/2026\/09\/06\/46120\/#primaryimage","url":"https:\/\/kuzeyinsesi.org\/wp-content\/uploads\/2026\/09\/Kuzeyinsesikj-2026-09-06T104650.782.jpg","contentUrl":"https:\/\/kuzeyinsesi.org\/wp-content\/uploads\/2026\/09\/Kuzeyinsesikj-2026-09-06T104650.782.jpg","width":1600,"height":900},{"@type":"BreadcrumbList","@id":"https:\/\/kuzeyinsesi.org\/index.php\/2026\/09\/06\/46120\/#breadcrumb","itemListElement":[{"@type":"ListItem","position":1,"name":"Anasayfa","item":"https:\/\/kuzeyinsesi.org\/"},{"@type":"ListItem","position":2,"name":"\u015eenkul: Filo Jet facias\u0131 bizim \u0130S\u0130AS\u2019\u0131m\u0131zd\u0131r"}]},{"@type":"WebSite","@id":"https:\/\/kuzeyinsesi.org\/#website","url":"https:\/\/kuzeyinsesi.org\/","name":"Kuzeyin Sesi","description":"Do\u011fru Haberin Adresi","potentialAction":[{"@type":"SearchAction","target":{"@type":"EntryPoint","urlTemplate":"https:\/\/kuzeyinsesi.org\/?s={search_term_string}"},"query-input":{"@type":"PropertyValueSpecification","valueRequired":true,"valueName":"search_term_string"}}],"inLanguage":"tr"},{"@type":"Person","@id":"https:\/\/kuzeyinsesi.org\/#\/schema\/person\/9f859689cdf01485597712386e37f5aa","name":"Kuzeyin Sesi","image":{"@type":"ImageObject","inLanguage":"tr","@id":"https:\/\/secure.gravatar.com\/avatar\/bab33852abfd8b282518d6ed81826833d77c3c882d9ab608add591ccace47a44?s=96&d=mm&r=g","url":"https:\/\/secure.gravatar.com\/avatar\/bab33852abfd8b282518d6ed81826833d77c3c882d9ab608add591ccace47a44?s=96&d=mm&r=g","contentUrl":"https:\/\/secure.gravatar.com\/avatar\/bab33852abfd8b282518d6ed81826833d77c3c882d9ab608add591ccace47a44?s=96&d=mm&r=g","caption":"Kuzeyin Sesi"},"sameAs":["https:\/\/kuzeyinsesi.org"],"url":"https:\/\/kuzeyinsesi.org\/index.php\/author\/guven\/"}]}},"_links":{"self":[{"href":"https:\/\/kuzeyinsesi.org\/index.php\/wp-json\/wp\/v2\/posts\/46120","targetHints":{"allow":["GET"]}}],"collection":[{"href":"https:\/\/kuzeyinsesi.org\/index.php\/wp-json\/wp\/v2\/posts"}],"about":[{"href":"https:\/\/kuzeyinsesi.org\/index.php\/wp-json\/wp\/v2\/types\/post"}],"author":[{"embeddable":true,"href":"https:\/\/kuzeyinsesi.org\/index.php\/wp-json\/wp\/v2\/users\/1"}],"replies":[{"embeddable":true,"href":"https:\/\/kuzeyinsesi.org\/index.php\/wp-json\/wp\/v2\/comments?post=46120"}],"version-history":[{"count":2,"href":"https:\/\/kuzeyinsesi.org\/index.php\/wp-json\/wp\/v2\/posts\/46120\/revisions"}],"predecessor-version":[{"id":46125,"href":"https:\/\/kuzeyinsesi.org\/index.php\/wp-json\/wp\/v2\/posts\/46120\/revisions\/46125"}],"wp:featuredmedia":[{"embeddable":true,"href":"https:\/\/kuzeyinsesi.org\/index.php\/wp-json\/wp\/v2\/media\/46123"}],"wp:attachment":[{"href":"https:\/\/kuzeyinsesi.org\/index.php\/wp-json\/wp\/v2\/media?parent=46120"}],"wp:term":[{"taxonomy":"category","embeddable":true,"href":"https:\/\/kuzeyinsesi.org\/index.php\/wp-json\/wp\/v2\/categories?post=46120"},{"taxonomy":"post_tag","embeddable":true,"href":"https:\/\/kuzeyinsesi.org\/index.php\/wp-json\/wp\/v2\/tags?post=46120"}],"curies":[{"name":"wp","href":"https:\/\/api.w.org\/{rel}","templated":true}]}}