{"id":46118,"date":"2026-09-06T02:27:03","date_gmt":"2026-09-05T23:27:03","guid":{"rendered":"https:\/\/kuzeyinsesi.org\/index.php\/2026\/09\/06\/kremlin-putin-abdli-temsilcilerle-ukrayna-krizini-ve-ikili-iliskileri-gorustu\/"},"modified":"2026-09-06T02:27:03","modified_gmt":"2026-09-05T23:27:03","slug":"kremlin-putin-abdli-temsilcilerle-ukrayna-krizini-ve-ikili-iliskileri-gorustu","status":"publish","type":"post","link":"https:\/\/kuzeyinsesi.org\/index.php\/2026\/09\/06\/kremlin-putin-abdli-temsilcilerle-ukrayna-krizini-ve-ikili-iliskileri-gorustu\/","title":{"rendered":"Kremlin: Putin, ABD&#039;li temsilcilerle Ukrayna krizini ve ikili ili\u015fkileri g\u00f6r\u00fc\u015ft\u00fc"},"content":{"rendered":"<p><\/p>\n<div>\n<p>&#13;<br \/>\n\tU\u015fakov, ba\u015fkent Moskova&#8217;da gazetecilere <a href=\"https:\/\/www.trthaber.com\/etiket\/abd\/\" target=\"_blank\">ABD<\/a> Ba\u015fkan\u0131 Donald Trump&#8217;\u0131n \u00f6zel temsilcileri Steve Witkoff ve Jared Kushner&#8217;\u0131n Moskova&#8217;ya ziyaretiyle ilgili a\u00e7\u0131klamalarda bulundu.<\/p>\n<p>&#13;<br \/>\n\tBunun sekizinci ziyaret oldu\u011funa dikkati \u00e7eken U\u015fakov, ABD&#8217;li temsilcilerin Putin taraf\u0131ndan kabul edildi\u011fini kaydetti.<\/p>\n<p>&#13;<br \/>\n\tG\u00f6r\u00fc\u015fmenin yakla\u015f\u0131k 3 saat s\u00fcrd\u00fc\u011f\u00fcn\u00fc, yap\u0131c\u0131, g\u00fcvene dayal\u0131 ve faydal\u0131 oldu\u011funu belirten U\u015fakov, g\u00f6r\u00fc\u015fmede <a href=\"https:\/\/www.trthaber.com\/etiket\/ukrayna\/\" target=\"_blank\">Ukrayna<\/a> krizinin \u00e7\u00f6z\u00fcm\u00fc ve di\u011fer g\u00fcncel konular\u0131n ele al\u0131nd\u0131\u011f\u0131n\u0131 bildirdi.<\/p>\n<h2>&#13;<br \/>\n\t&#8220;Krizin temel nedenlerinin ortadan kald\u0131r\u0131lmas\u0131 gerekti\u011fi vurguland\u0131&#8221;<\/h2>\n<p>&#13;<br \/>\n\tU\u015fakov, Putin&#8217;in g\u00f6r\u00fc\u015fmede, ABD&#8217;nin Ukrayna konusunda arabuluculuk rol\u00fcn\u00fc takdir etti\u011fini, Trump&#8217;a meselenin \u00e7\u00f6z\u00fcm\u00fcne y\u00f6nelik giri\u015fimlerinden dolay\u0131 te\u015fekk\u00fcr etti\u011fini aktararak, \u015funlar\u0131 kaydetti:<\/p>\n<p>&#13;<br \/>\n\t&#8220;G\u00f6r\u00fc\u015fmede, son derece ciddi konular ele al\u0131nd\u0131. Rus taraf\u0131, (Ukrayna&#8217;da) y\u00fcr\u00fct\u00fclen \u00f6zel <a href=\"https:\/\/www.trthaber.com\/etiket\/askeri-operasyon\/\" target=\"_blank\">askeri operasyon<\/a> seyrinde olu\u015fan durumla ilgili kapsaml\u0131 de\u011ferlendirmelerde bulundu. Rus ordusunun cephede ilerledi\u011fi ve belirlenen hedeflere ula\u015f\u0131laca\u011f\u0131 belirtildi. Elbette, krizin temel nedenlerinin ortadan kald\u0131r\u0131lmas\u0131 gerekti\u011fi vurguland\u0131. Putin, Amerikal\u0131larla meseleye siyasi diplomatik \u00e7\u00f6z\u00fcmlerin bulunmas\u0131na y\u00f6nelik ortak \u00e7al\u0131\u015fmalar\u0131 s\u00fcrd\u00fcrmeye haz\u0131r oldu\u011funu teyit etti.&#8221;<\/p>\n<p>&#13;<br \/>\n\tABD&#8217;li temsilcilerin Moskova&#8217;daki temaslar\u0131n\u0131n ard\u0131ndan Kiev&#8217;e ge\u00e7ece\u011fine i\u015faret eden U\u015fakov, &#8220;Witkoff ve Kushner, Putin&#8217;in Ukrayna krizinin kal\u0131c\u0131 bar\u0131\u015f\u00e7\u0131l \u00e7\u00f6z\u00fcm\u00fcne dair de\u011ferlendirmelerini yar\u0131n Kiev&#8217;de yapacaklar\u0131 temaslarda kullanacaklar\u0131 konusunda s\u00f6z verdi.&#8221; dedi.<\/p>\n<p>&#13;<br \/>\n\tU\u015fakov, ABD&#8217;li temsilcilerin bu ziyarete ciddi \u015fekilde haz\u0131rland\u0131klar\u0131n\u0131 belirterek, &#8220;Onlar, yaln\u0131zca \u00e7at\u0131\u015fmalar\u0131n bir an \u00f6nce sona ermesine y\u00f6nelik isteklerini dile getirmekle kalmad\u0131, olas\u0131 \u00e7\u00f6z\u00fcm yollar\u0131na ili\u015fkin \u00e7e\u015fitli \u00f6neriler de sundu.&#8221; ifadelerini kulland\u0131.<\/p>\n<h2>&#13;<br \/>\n\t&#8220;G\u00f6r\u00fc\u015fmede, ekonomik konular isti\u015fare edildi&#8221;<\/h2>\n<p>&#13;<br \/>\n\tPutin&#8217;in g\u00f6r\u00fc\u015fmede <a href=\"https:\/\/www.trthaber.com\/etiket\/rusya\/\" target=\"_blank\">Rusya<\/a> ile ABD aras\u0131ndaki ili\u015fkilerin de ele al\u0131nd\u0131\u011f\u0131 bilgisini payla\u015fan U\u015fakov, &#8220;Ekonomik konular ile Rusya ve ABD aras\u0131nda uygulanabilecek b\u00fcy\u00fck ve kar\u015f\u0131l\u0131kl\u0131 fayda sa\u011flayan projeler ayr\u0131nt\u0131l\u0131 \u015fekilde isti\u015fare edildi.&#8221; diye konu\u015ftu.<\/p>\n<p>&#13;<br \/>\n\tU\u015fakov, Rus ve ABD liderlerinin ki\u015fisel temaslar\u0131na devam edecekleri, Witkoff ve Kushner \u00fczerinden y\u00fcr\u00fct\u00fclen \u00e7al\u0131\u015fmalar\u0131n s\u00fcrd\u00fcr\u00fclece\u011fi konusunda mutab\u0131k kal\u0131nd\u0131\u011f\u0131n\u0131 kaydetti.<\/p>\n<\/p><\/div>\n","protected":false},"excerpt":{"rendered":"<p>&#13; U\u015fakov, ba\u015fkent Moskova&#8217;da gazetecilere ABD Ba\u015fkan\u0131 Donald Trump&#8217;\u0131n \u00f6zel temsilcileri Steve Witkoff ve Jared Kushner&#8217;\u0131n Moskova&#8217;ya ziyaretiyle ilgili a\u00e7\u0131klamalarda bulundu. &#13; Bunun sekizinci ziyaret oldu\u011funa dikkati \u00e7eken U\u015fakov, ABD&#8217;li temsilcilerin Putin taraf\u0131ndan kabul edildi\u011fini kaydetti. &#13; G\u00f6r\u00fc\u015fmenin yakla\u015f\u0131k 3 saat s\u00fcrd\u00fc\u011f\u00fcn\u00fc, yap\u0131c\u0131, g\u00fcvene dayal\u0131 ve faydal\u0131 oldu\u011funu belirten U\u015fakov, g\u00f6r\u00fc\u015fmede Ukrayna krizinin \u00e7\u00f6z\u00fcm\u00fc ve [&hellip;]<\/p>\n","protected":false},"author":1,"featured_media":46119,"comment_status":"open","ping_status":"open","sticky":false,"template":"","format":"standard","meta":{"jnews-multi-image_gallery":[],"jnews_single_post":[],"jnews_primary_category":[],"jnews_social_meta":[],"jnews_override_counter":[],"footnotes":""},"categories":[2],"tags":[],"class_list":["post-46118","post","type-post","status-publish","format-standard","has-post-thumbnail","hentry","category-dunya"],"yoast_head":"<!-- This site is optimized with the Yoast SEO plugin v28.4 - https:\/\/yoast.com\/product\/yoast-seo-wordpress\/ -->\n<title>Kremlin: Putin, ABD&#039;li temsilcilerle Ukrayna krizini ve ikili ili\u015fkileri g\u00f6r\u00fc\u015ft\u00fc - Kuzeyin Sesi<\/title>\n<meta name=\"robots\" content=\"index, follow, max-snippet:-1, max-image-preview:large, max-video-preview:-1\" \/>\n<link rel=\"canonical\" href=\"https:\/\/kuzeyinsesi.org\/index.php\/2026\/09\/06\/kremlin-putin-abdli-temsilcilerle-ukrayna-krizini-ve-ikili-iliskileri-gorustu\/\" \/>\n<meta property=\"og:locale\" content=\"tr_TR\" \/>\n<meta property=\"og:type\" content=\"article\" \/>\n<meta property=\"og:title\" content=\"Kremlin: Putin, ABD&#039;li temsilcilerle Ukrayna krizini ve ikili ili\u015fkileri g\u00f6r\u00fc\u015ft\u00fc - Kuzeyin Sesi\" \/>\n<meta property=\"og:description\" content=\"&#013; U\u015fakov, ba\u015fkent Moskova&#8217;da gazetecilere ABD Ba\u015fkan\u0131 Donald Trump&#8217;\u0131n \u00f6zel temsilcileri Steve Witkoff ve Jared Kushner&#8217;\u0131n Moskova&#8217;ya ziyaretiyle ilgili a\u00e7\u0131klamalarda bulundu. &#013; Bunun sekizinci ziyaret oldu\u011funa dikkati \u00e7eken U\u015fakov, ABD&#8217;li temsilcilerin Putin taraf\u0131ndan kabul edildi\u011fini kaydetti. &#013; G\u00f6r\u00fc\u015fmenin yakla\u015f\u0131k 3 saat s\u00fcrd\u00fc\u011f\u00fcn\u00fc, yap\u0131c\u0131, g\u00fcvene dayal\u0131 ve faydal\u0131 oldu\u011funu belirten U\u015fakov, g\u00f6r\u00fc\u015fmede Ukrayna krizinin \u00e7\u00f6z\u00fcm\u00fc ve [&hellip;]\" \/>\n<meta property=\"og:url\" content=\"https:\/\/kuzeyinsesi.org\/index.php\/2026\/09\/06\/kremlin-putin-abdli-temsilcilerle-ukrayna-krizini-ve-ikili-iliskileri-gorustu\/\" \/>\n<meta property=\"og:site_name\" content=\"Kuzeyin Sesi\" \/>\n<meta property=\"article:publisher\" content=\"https:\/\/www.facebook.com\/kuzeyinsesii\" \/>\n<meta property=\"article:published_time\" content=\"2026-09-05T23:27:03+00:00\" \/>\n<meta property=\"og:image\" content=\"https:\/\/trthaberstatic.cdn.wp.trt.com.tr\/resimler\/2284000\/2285517.jpg\" \/>\n<meta name=\"author\" content=\"Kuzeyin Sesi\" \/>\n<meta name=\"twitter:card\" content=\"summary_large_image\" \/>\n<meta name=\"twitter:creator\" content=\"@kuzeyinsesii\" \/>\n<meta name=\"twitter:site\" content=\"@kuzeyinsesii\" \/>\n<meta name=\"twitter:label1\" content=\"Yazan:\" \/>\n\t<meta name=\"twitter:data1\" content=\"Kuzeyin Sesi\" \/>\n\t<meta name=\"twitter:label2\" content=\"Tahmini okuma s\u00fcresi\" \/>\n\t<meta name=\"twitter:data2\" content=\"2 dakika\" \/>\n<script type=\"application\/ld+json\" class=\"yoast-schema-graph\">{\"@context\":\"https:\\\/\\\/schema.org\",\"@graph\":[{\"@type\":\"Article\",\"@id\":\"https:\\\/\\\/kuzeyinsesi.org\\\/index.php\\\/2026\\\/09\\\/06\\\/kremlin-putin-abdli-temsilcilerle-ukrayna-krizini-ve-ikili-iliskileri-gorustu\\\/#article\",\"isPartOf\":{\"@id\":\"https:\\\/\\\/kuzeyinsesi.org\\\/index.php\\\/2026\\\/09\\\/06\\\/kremlin-putin-abdli-temsilcilerle-ukrayna-krizini-ve-ikili-iliskileri-gorustu\\\/\"},\"author\":{\"name\":\"Kuzeyin Sesi\",\"@id\":\"https:\\\/\\\/kuzeyinsesi.org\\\/#\\\/schema\\\/person\\\/9f859689cdf01485597712386e37f5aa\"},\"headline\":\"Kremlin: Putin, ABD&#039;li temsilcilerle Ukrayna krizini ve ikili ili\u015fkileri g\u00f6r\u00fc\u015ft\u00fc\",\"datePublished\":\"2026-09-05T23:27:03+00:00\",\"mainEntityOfPage\":{\"@id\":\"https:\\\/\\\/kuzeyinsesi.org\\\/index.php\\\/2026\\\/09\\\/06\\\/kremlin-putin-abdli-temsilcilerle-ukrayna-krizini-ve-ikili-iliskileri-gorustu\\\/\"},\"wordCount\":411,\"commentCount\":0,\"image\":{\"@id\":\"https:\\\/\\\/kuzeyinsesi.org\\\/index.php\\\/2026\\\/09\\\/06\\\/kremlin-putin-abdli-temsilcilerle-ukrayna-krizini-ve-ikili-iliskileri-gorustu\\\/#primaryimage\"},\"thumbnailUrl\":\"https:\\\/\\\/kuzeyinsesi.org\\\/wp-content\\\/uploads\\\/2026\\\/09\\\/2285517.jpg\",\"articleSection\":[\"D\u00fcnya\"],\"inLanguage\":\"tr\",\"potentialAction\":[{\"@type\":\"CommentAction\",\"name\":\"Comment\",\"target\":[\"https:\\\/\\\/kuzeyinsesi.org\\\/index.php\\\/2026\\\/09\\\/06\\\/kremlin-putin-abdli-temsilcilerle-ukrayna-krizini-ve-ikili-iliskileri-gorustu\\\/#respond\"]}]},{\"@type\":\"WebPage\",\"@id\":\"https:\\\/\\\/kuzeyinsesi.org\\\/index.php\\\/2026\\\/09\\\/06\\\/kremlin-putin-abdli-temsilcilerle-ukrayna-krizini-ve-ikili-iliskileri-gorustu\\\/\",\"url\":\"https:\\\/\\\/kuzeyinsesi.org\\\/index.php\\\/2026\\\/09\\\/06\\\/kremlin-putin-abdli-temsilcilerle-ukrayna-krizini-ve-ikili-iliskileri-gorustu\\\/\",\"name\":\"Kremlin: Putin, ABD&#039;li temsilcilerle Ukrayna krizini ve ikili ili\u015fkileri g\u00f6r\u00fc\u015ft\u00fc - Kuzeyin Sesi\",\"isPartOf\":{\"@id\":\"https:\\\/\\\/kuzeyinsesi.org\\\/#website\"},\"primaryImageOfPage\":{\"@id\":\"https:\\\/\\\/kuzeyinsesi.org\\\/index.php\\\/2026\\\/09\\\/06\\\/kremlin-putin-abdli-temsilcilerle-ukrayna-krizini-ve-ikili-iliskileri-gorustu\\\/#primaryimage\"},\"image\":{\"@id\":\"https:\\\/\\\/kuzeyinsesi.org\\\/index.php\\\/2026\\\/09\\\/06\\\/kremlin-putin-abdli-temsilcilerle-ukrayna-krizini-ve-ikili-iliskileri-gorustu\\\/#primaryimage\"},\"thumbnailUrl\":\"https:\\\/\\\/kuzeyinsesi.org\\\/wp-content\\\/uploads\\\/2026\\\/09\\\/2285517.jpg\",\"datePublished\":\"2026-09-05T23:27:03+00:00\",\"author\":{\"@id\":\"https:\\\/\\\/kuzeyinsesi.org\\\/#\\\/schema\\\/person\\\/9f859689cdf01485597712386e37f5aa\"},\"breadcrumb\":{\"@id\":\"https:\\\/\\\/kuzeyinsesi.org\\\/index.php\\\/2026\\\/09\\\/06\\\/kremlin-putin-abdli-temsilcilerle-ukrayna-krizini-ve-ikili-iliskileri-gorustu\\\/#breadcrumb\"},\"inLanguage\":\"tr\",\"potentialAction\":[{\"@type\":\"ReadAction\",\"target\":[\"https:\\\/\\\/kuzeyinsesi.org\\\/index.php\\\/2026\\\/09\\\/06\\\/kremlin-putin-abdli-temsilcilerle-ukrayna-krizini-ve-ikili-iliskileri-gorustu\\\/\"]}]},{\"@type\":\"ImageObject\",\"inLanguage\":\"tr\",\"@id\":\"https:\\\/\\\/kuzeyinsesi.org\\\/index.php\\\/2026\\\/09\\\/06\\\/kremlin-putin-abdli-temsilcilerle-ukrayna-krizini-ve-ikili-iliskileri-gorustu\\\/#primaryimage\",\"url\":\"https:\\\/\\\/kuzeyinsesi.org\\\/wp-content\\\/uploads\\\/2026\\\/09\\\/2285517.jpg\",\"contentUrl\":\"https:\\\/\\\/kuzeyinsesi.org\\\/wp-content\\\/uploads\\\/2026\\\/09\\\/2285517.jpg\",\"width\":1280,\"height\":720},{\"@type\":\"BreadcrumbList\",\"@id\":\"https:\\\/\\\/kuzeyinsesi.org\\\/index.php\\\/2026\\\/09\\\/06\\\/kremlin-putin-abdli-temsilcilerle-ukrayna-krizini-ve-ikili-iliskileri-gorustu\\\/#breadcrumb\",\"itemListElement\":[{\"@type\":\"ListItem\",\"position\":1,\"name\":\"Anasayfa\",\"item\":\"https:\\\/\\\/kuzeyinsesi.org\\\/\"},{\"@type\":\"ListItem\",\"position\":2,\"name\":\"Kremlin: Putin, ABD&#039;li temsilcilerle Ukrayna krizini ve ikili ili\u015fkileri g\u00f6r\u00fc\u015ft\u00fc\"}]},{\"@type\":\"WebSite\",\"@id\":\"https:\\\/\\\/kuzeyinsesi.org\\\/#website\",\"url\":\"https:\\\/\\\/kuzeyinsesi.org\\\/\",\"name\":\"Kuzeyin Sesi\",\"description\":\"Do\u011fru Haberin Adresi\",\"potentialAction\":[{\"@type\":\"SearchAction\",\"target\":{\"@type\":\"EntryPoint\",\"urlTemplate\":\"https:\\\/\\\/kuzeyinsesi.org\\\/?s={search_term_string}\"},\"query-input\":{\"@type\":\"PropertyValueSpecification\",\"valueRequired\":true,\"valueName\":\"search_term_string\"}}],\"inLanguage\":\"tr\"},{\"@type\":\"Person\",\"@id\":\"https:\\\/\\\/kuzeyinsesi.org\\\/#\\\/schema\\\/person\\\/9f859689cdf01485597712386e37f5aa\",\"name\":\"Kuzeyin Sesi\",\"image\":{\"@type\":\"ImageObject\",\"inLanguage\":\"tr\",\"@id\":\"https:\\\/\\\/secure.gravatar.com\\\/avatar\\\/bab33852abfd8b282518d6ed81826833d77c3c882d9ab608add591ccace47a44?s=96&d=mm&r=g\",\"url\":\"https:\\\/\\\/secure.gravatar.com\\\/avatar\\\/bab33852abfd8b282518d6ed81826833d77c3c882d9ab608add591ccace47a44?s=96&d=mm&r=g\",\"contentUrl\":\"https:\\\/\\\/secure.gravatar.com\\\/avatar\\\/bab33852abfd8b282518d6ed81826833d77c3c882d9ab608add591ccace47a44?s=96&d=mm&r=g\",\"caption\":\"Kuzeyin Sesi\"},\"sameAs\":[\"https:\\\/\\\/kuzeyinsesi.org\"],\"url\":\"https:\\\/\\\/kuzeyinsesi.org\\\/index.php\\\/author\\\/guven\\\/\"}]}<\/script>\n<!-- \/ Yoast SEO plugin. -->","yoast_head_json":{"title":"Kremlin: Putin, ABD&#039;li temsilcilerle Ukrayna krizini ve ikili ili\u015fkileri g\u00f6r\u00fc\u015ft\u00fc - Kuzeyin Sesi","robots":{"index":"index","follow":"follow","max-snippet":"max-snippet:-1","max-image-preview":"max-image-preview:large","max-video-preview":"max-video-preview:-1"},"canonical":"https:\/\/kuzeyinsesi.org\/index.php\/2026\/09\/06\/kremlin-putin-abdli-temsilcilerle-ukrayna-krizini-ve-ikili-iliskileri-gorustu\/","og_locale":"tr_TR","og_type":"article","og_title":"Kremlin: Putin, ABD&#039;li temsilcilerle Ukrayna krizini ve ikili ili\u015fkileri g\u00f6r\u00fc\u015ft\u00fc - Kuzeyin Sesi","og_description":"&#13; U\u015fakov, ba\u015fkent Moskova&#8217;da gazetecilere ABD Ba\u015fkan\u0131 Donald Trump&#8217;\u0131n \u00f6zel temsilcileri Steve Witkoff ve Jared Kushner&#8217;\u0131n Moskova&#8217;ya ziyaretiyle ilgili a\u00e7\u0131klamalarda bulundu. &#13; Bunun sekizinci ziyaret oldu\u011funa dikkati \u00e7eken U\u015fakov, ABD&#8217;li temsilcilerin Putin taraf\u0131ndan kabul edildi\u011fini kaydetti. &#13; G\u00f6r\u00fc\u015fmenin yakla\u015f\u0131k 3 saat s\u00fcrd\u00fc\u011f\u00fcn\u00fc, yap\u0131c\u0131, g\u00fcvene dayal\u0131 ve faydal\u0131 oldu\u011funu belirten U\u015fakov, g\u00f6r\u00fc\u015fmede Ukrayna krizinin \u00e7\u00f6z\u00fcm\u00fc ve [&hellip;]","og_url":"https:\/\/kuzeyinsesi.org\/index.php\/2026\/09\/06\/kremlin-putin-abdli-temsilcilerle-ukrayna-krizini-ve-ikili-iliskileri-gorustu\/","og_site_name":"Kuzeyin Sesi","article_publisher":"https:\/\/www.facebook.com\/kuzeyinsesii","article_published_time":"2026-09-05T23:27:03+00:00","og_image":[{"url":"https:\/\/trthaberstatic.cdn.wp.trt.com.tr\/resimler\/2284000\/2285517.jpg","type":"","width":"","height":""}],"author":"Kuzeyin Sesi","twitter_card":"summary_large_image","twitter_creator":"@kuzeyinsesii","twitter_site":"@kuzeyinsesii","twitter_misc":{"Yazan:":"Kuzeyin Sesi","Tahmini okuma s\u00fcresi":"2 dakika"},"schema":{"@context":"https:\/\/schema.org","@graph":[{"@type":"Article","@id":"https:\/\/kuzeyinsesi.org\/index.php\/2026\/09\/06\/kremlin-putin-abdli-temsilcilerle-ukrayna-krizini-ve-ikili-iliskileri-gorustu\/#article","isPartOf":{"@id":"https:\/\/kuzeyinsesi.org\/index.php\/2026\/09\/06\/kremlin-putin-abdli-temsilcilerle-ukrayna-krizini-ve-ikili-iliskileri-gorustu\/"},"author":{"name":"Kuzeyin Sesi","@id":"https:\/\/kuzeyinsesi.org\/#\/schema\/person\/9f859689cdf01485597712386e37f5aa"},"headline":"Kremlin: Putin, ABD&#039;li temsilcilerle Ukrayna krizini ve ikili ili\u015fkileri g\u00f6r\u00fc\u015ft\u00fc","datePublished":"2026-09-05T23:27:03+00:00","mainEntityOfPage":{"@id":"https:\/\/kuzeyinsesi.org\/index.php\/2026\/09\/06\/kremlin-putin-abdli-temsilcilerle-ukrayna-krizini-ve-ikili-iliskileri-gorustu\/"},"wordCount":411,"commentCount":0,"image":{"@id":"https:\/\/kuzeyinsesi.org\/index.php\/2026\/09\/06\/kremlin-putin-abdli-temsilcilerle-ukrayna-krizini-ve-ikili-iliskileri-gorustu\/#primaryimage"},"thumbnailUrl":"https:\/\/kuzeyinsesi.org\/wp-content\/uploads\/2026\/09\/2285517.jpg","articleSection":["D\u00fcnya"],"inLanguage":"tr","potentialAction":[{"@type":"CommentAction","name":"Comment","target":["https:\/\/kuzeyinsesi.org\/index.php\/2026\/09\/06\/kremlin-putin-abdli-temsilcilerle-ukrayna-krizini-ve-ikili-iliskileri-gorustu\/#respond"]}]},{"@type":"WebPage","@id":"https:\/\/kuzeyinsesi.org\/index.php\/2026\/09\/06\/kremlin-putin-abdli-temsilcilerle-ukrayna-krizini-ve-ikili-iliskileri-gorustu\/","url":"https:\/\/kuzeyinsesi.org\/index.php\/2026\/09\/06\/kremlin-putin-abdli-temsilcilerle-ukrayna-krizini-ve-ikili-iliskileri-gorustu\/","name":"Kremlin: Putin, ABD&#039;li temsilcilerle Ukrayna krizini ve ikili ili\u015fkileri g\u00f6r\u00fc\u015ft\u00fc - Kuzeyin Sesi","isPartOf":{"@id":"https:\/\/kuzeyinsesi.org\/#website"},"primaryImageOfPage":{"@id":"https:\/\/kuzeyinsesi.org\/index.php\/2026\/09\/06\/kremlin-putin-abdli-temsilcilerle-ukrayna-krizini-ve-ikili-iliskileri-gorustu\/#primaryimage"},"image":{"@id":"https:\/\/kuzeyinsesi.org\/index.php\/2026\/09\/06\/kremlin-putin-abdli-temsilcilerle-ukrayna-krizini-ve-ikili-iliskileri-gorustu\/#primaryimage"},"thumbnailUrl":"https:\/\/kuzeyinsesi.org\/wp-content\/uploads\/2026\/09\/2285517.jpg","datePublished":"2026-09-05T23:27:03+00:00","author":{"@id":"https:\/\/kuzeyinsesi.org\/#\/schema\/person\/9f859689cdf01485597712386e37f5aa"},"breadcrumb":{"@id":"https:\/\/kuzeyinsesi.org\/index.php\/2026\/09\/06\/kremlin-putin-abdli-temsilcilerle-ukrayna-krizini-ve-ikili-iliskileri-gorustu\/#breadcrumb"},"inLanguage":"tr","potentialAction":[{"@type":"ReadAction","target":["https:\/\/kuzeyinsesi.org\/index.php\/2026\/09\/06\/kremlin-putin-abdli-temsilcilerle-ukrayna-krizini-ve-ikili-iliskileri-gorustu\/"]}]},{"@type":"ImageObject","inLanguage":"tr","@id":"https:\/\/kuzeyinsesi.org\/index.php\/2026\/09\/06\/kremlin-putin-abdli-temsilcilerle-ukrayna-krizini-ve-ikili-iliskileri-gorustu\/#primaryimage","url":"https:\/\/kuzeyinsesi.org\/wp-content\/uploads\/2026\/09\/2285517.jpg","contentUrl":"https:\/\/kuzeyinsesi.org\/wp-content\/uploads\/2026\/09\/2285517.jpg","width":1280,"height":720},{"@type":"BreadcrumbList","@id":"https:\/\/kuzeyinsesi.org\/index.php\/2026\/09\/06\/kremlin-putin-abdli-temsilcilerle-ukrayna-krizini-ve-ikili-iliskileri-gorustu\/#breadcrumb","itemListElement":[{"@type":"ListItem","position":1,"name":"Anasayfa","item":"https:\/\/kuzeyinsesi.org\/"},{"@type":"ListItem","position":2,"name":"Kremlin: Putin, ABD&#039;li temsilcilerle Ukrayna krizini ve ikili ili\u015fkileri g\u00f6r\u00fc\u015ft\u00fc"}]},{"@type":"WebSite","@id":"https:\/\/kuzeyinsesi.org\/#website","url":"https:\/\/kuzeyinsesi.org\/","name":"Kuzeyin Sesi","description":"Do\u011fru Haberin Adresi","potentialAction":[{"@type":"SearchAction","target":{"@type":"EntryPoint","urlTemplate":"https:\/\/kuzeyinsesi.org\/?s={search_term_string}"},"query-input":{"@type":"PropertyValueSpecification","valueRequired":true,"valueName":"search_term_string"}}],"inLanguage":"tr"},{"@type":"Person","@id":"https:\/\/kuzeyinsesi.org\/#\/schema\/person\/9f859689cdf01485597712386e37f5aa","name":"Kuzeyin Sesi","image":{"@type":"ImageObject","inLanguage":"tr","@id":"https:\/\/secure.gravatar.com\/avatar\/bab33852abfd8b282518d6ed81826833d77c3c882d9ab608add591ccace47a44?s=96&d=mm&r=g","url":"https:\/\/secure.gravatar.com\/avatar\/bab33852abfd8b282518d6ed81826833d77c3c882d9ab608add591ccace47a44?s=96&d=mm&r=g","contentUrl":"https:\/\/secure.gravatar.com\/avatar\/bab33852abfd8b282518d6ed81826833d77c3c882d9ab608add591ccace47a44?s=96&d=mm&r=g","caption":"Kuzeyin Sesi"},"sameAs":["https:\/\/kuzeyinsesi.org"],"url":"https:\/\/kuzeyinsesi.org\/index.php\/author\/guven\/"}]}},"_links":{"self":[{"href":"https:\/\/kuzeyinsesi.org\/index.php\/wp-json\/wp\/v2\/posts\/46118","targetHints":{"allow":["GET"]}}],"collection":[{"href":"https:\/\/kuzeyinsesi.org\/index.php\/wp-json\/wp\/v2\/posts"}],"about":[{"href":"https:\/\/kuzeyinsesi.org\/index.php\/wp-json\/wp\/v2\/types\/post"}],"author":[{"embeddable":true,"href":"https:\/\/kuzeyinsesi.org\/index.php\/wp-json\/wp\/v2\/users\/1"}],"replies":[{"embeddable":true,"href":"https:\/\/kuzeyinsesi.org\/index.php\/wp-json\/wp\/v2\/comments?post=46118"}],"version-history":[{"count":0,"href":"https:\/\/kuzeyinsesi.org\/index.php\/wp-json\/wp\/v2\/posts\/46118\/revisions"}],"wp:featuredmedia":[{"embeddable":true,"href":"https:\/\/kuzeyinsesi.org\/index.php\/wp-json\/wp\/v2\/media\/46119"}],"wp:attachment":[{"href":"https:\/\/kuzeyinsesi.org\/index.php\/wp-json\/wp\/v2\/media?parent=46118"}],"wp:term":[{"taxonomy":"category","embeddable":true,"href":"https:\/\/kuzeyinsesi.org\/index.php\/wp-json\/wp\/v2\/categories?post=46118"},{"taxonomy":"post_tag","embeddable":true,"href":"https:\/\/kuzeyinsesi.org\/index.php\/wp-json\/wp\/v2\/tags?post=46118"}],"curies":[{"name":"wp","href":"https:\/\/api.w.org\/{rel}","templated":true}]}}