{"id":46099,"date":"2026-09-05T13:17:55","date_gmt":"2026-09-05T10:17:55","guid":{"rendered":"https:\/\/kuzeyinsesi.org\/?p=46099"},"modified":"2026-09-05T13:17:55","modified_gmt":"2026-09-05T10:17:55","slug":"akpinar-554-metre-derinlikte-dahi-bir-insanimizdan-vazgecmeyenlere-tesekkur-ediyoruz","status":"publish","type":"post","link":"https:\/\/kuzeyinsesi.org\/index.php\/2026\/09\/05\/akpinar-554-metre-derinlikte-dahi-bir-insanimizdan-vazgecmeyenlere-tesekkur-ediyoruz\/","title":{"rendered":"Akp\u0131nar: \u201c554 metre derinlikte dahi bir insan\u0131m\u0131zdan vazge\u00e7meyenlere te\u015fekk\u00fcr ediyoruz\u201d"},"content":{"rendered":"<p class=\"isSelectedEnd\">Demokrat Parti Genel Sekreteri ve Girne Milletvekili <strong>Serhat Akp\u0131nar<\/strong>, Filo Jet facias\u0131n\u0131n ard\u0131ndan s\u00fcrd\u00fcr\u00fclen arama-kurtarma \u00e7al\u0131\u015fmalar\u0131nda g\u00f6rev alan askeri ve sivil ekiplere te\u015fekk\u00fcr ederek, <strong>\u201c554 metre derinlikte dahi bir insan\u0131m\u0131zdan vazge\u00e7meyenlere te\u015fekk\u00fcr ediyoruz. Ac\u0131m\u0131z ortak, minnetimiz b\u00fcy\u00fckt\u00fcr\u201d<\/strong> dedi.<\/p>\n<h2>\u201cT\u00dcRK\u0130YE CUMHUR\u0130YET\u0130 B\u00dcT\u00dcN \u0130MKANLARIYLA YANIMIZDA OLDU\u201d<\/h2>\n<p class=\"isSelectedEnd\">30 A\u011fustos\u2019ta Girne a\u00e7\u0131klar\u0131nda meydana gelen facian\u0131n \u00fclkeyi derin bir ac\u0131ya bo\u011fdu\u011funu belirten Akp\u0131nar, hayat\u0131n\u0131 kaybedenlerin, kay\u0131p ki\u015filere ula\u015fma \u00e7abalar\u0131n\u0131n, yaral\u0131lar\u0131n ve ya\u015fanan travman\u0131n toplumun ortak meselesi oldu\u011funu vurgulad\u0131.<\/p>\n<p class=\"isSelectedEnd\">Facian\u0131n ilk dakikalar\u0131ndan itibaren T\u00fcrkiye Cumhuriyeti\u2019nin imkanlar\u0131n\u0131 seferber etti\u011fini ifade eden Akp\u0131nar; Cumhurba\u015fkan\u0131 <strong>Recep Tayyip Erdo\u011fan<\/strong>, Cumhurba\u015fkan\u0131 Yard\u0131mc\u0131s\u0131 <strong>Cevdet Y\u0131lmaz<\/strong>, T\u00fcrk Silahl\u0131 Kuvvetleri, T\u00fcrk Deniz Kuvvetleri Komutanl\u0131\u011f\u0131 ve ilgili kurumlara te\u015fekk\u00fcr etti.<\/p>\n<p class=\"isSelectedEnd\">T\u00fcrkiye Cumhuriyeti Lefko\u015fa B\u00fcy\u00fckel\u00e7ili\u011fi ile KKTC makamlar\u0131 aras\u0131ndaki koordinasyonun da s\u00fcrece \u00f6nemli katk\u0131 sa\u011flad\u0131\u011f\u0131n\u0131 belirten Akp\u0131nar, arama-kurtarma, sa\u011fl\u0131k, teknik ve lojistik destek ile kazazedeler ve ailelerinin ihtiya\u00e7lar\u0131n\u0131n kar\u015f\u0131lanmas\u0131 konusunda ortaya konulan dayan\u0131\u015fman\u0131n son derece k\u0131ymetli oldu\u011funu s\u00f6yledi.<\/p>\n<h2>\u201c554 METREDE B\u0130R \u0130NSANIMIZDAN VAZGE\u00c7MEME \u0130RADES\u0130D\u0130R\u201d<\/h2>\n<p class=\"isSelectedEnd\">Bat\u0131\u011f\u0131n <strong>554 metre derinlikte<\/strong> tespit edilmesinin ard\u0131ndan \u00e7al\u0131\u015fmalar\u0131n insanl\u0131 dal\u0131\u015f imkanlar\u0131n\u0131n \u00f6tesindeki bir noktada s\u00fcrd\u00fc\u011f\u00fcne dikkat \u00e7eken Akp\u0131nar, T\u00fcrk Deniz Kuvvetleri\u2019nin ileri teknolojiye sahip denizalt\u0131 arama ve kurtarma imkanlar\u0131n\u0131n kullan\u0131ld\u0131\u011f\u0131n\u0131 belirtti.<\/p>\n<p class=\"isSelectedEnd\"><strong>TCG I\u015eIN<\/strong> taraf\u0131ndan bat\u0131\u011f\u0131n yerinin tespit edilmesinin ard\u0131ndan <strong>TCG ALEMDAR<\/strong> ve uzaktan kumandal\u0131 sualt\u0131 ara\u00e7lar\u0131n\u0131n operasyonun kritik unsurlar\u0131ndan biri haline geldi\u011fini ifade eden Akp\u0131nar, robotik sistemler, geli\u015fmi\u015f kameralar, sens\u00f6rler, sonar ve sualt\u0131 g\u00f6r\u00fcnt\u00fcleme teknolojileriyle \u00e7al\u0131\u015fmalar\u0131n gece g\u00fcnd\u00fcz s\u00fcrd\u00fcr\u00fcld\u00fc\u011f\u00fcn\u00fc kaydetti.<\/p>\n<p class=\"isSelectedEnd\">Akp\u0131nar, <strong>\u201cBu s\u00fcre\u00e7 yaln\u0131zca teknolojik bir arama-kurtarma operasyonu de\u011fildir. 554 metre derinlikte dahi bir insan\u0131m\u0131zdan vazge\u00e7meme iradesidir\u201d<\/strong> ifadelerini kulland\u0131.<\/p>\n<h2>\u201c\u0130LK DAK\u0130KALARIN KAHRAMANLARINI UNUTMAYACA\u011eIZ\u201d<\/h2>\n<p class=\"isSelectedEnd\">Facian\u0131n hemen ard\u0131ndan yard\u0131ma ko\u015fan sivil denizcilere de \u00f6zel olarak te\u015fekk\u00fcr eden Akp\u0131nar, \u00e7evrede bulunan \u00f6zel tekne sahipleri, kaptanlar ve m\u00fcrettebatlar\u0131n herhangi bir \u00e7a\u011fr\u0131 beklemeden kazazedelere ula\u015fmak i\u00e7in harekete ge\u00e7ti\u011fini belirtti.<\/p>\n<p class=\"isSelectedEnd\">Akp\u0131nar, <strong>F\u0131rat Gencer\u2019in<\/strong> \u00e7ok say\u0131da ki\u015finin kurtar\u0131lmas\u0131na sa\u011flad\u0131\u011f\u0131 katk\u0131ya ve <strong>Kaptan Mustafa Ko\u00e7 ile m\u00fcrettebat\u0131n\u0131n<\/strong> kazazedeleri teknelerine alarak g\u00fcvenli \u015fekilde limana ula\u015ft\u0131rmas\u0131na dikkat \u00e7ekti.<\/p>\n<p class=\"isSelectedEnd\">\u0130simleri kamuoyuna yans\u0131mayan t\u00fcm sivil denizcilere de te\u015fekk\u00fcr eden Akp\u0131nar, <strong>\u201cO g\u00fcn denizde insanlar\u0131m\u0131z\u0131, dayan\u0131\u015fman\u0131n, cesaretin ve insanl\u0131\u011f\u0131n onurunu da kurtard\u0131n\u0131z\u201d<\/strong> dedi.<\/p>\n<h2>ARAMA-KURTARMA VE SA\u011eLIK EK\u0130PLER\u0130NE TE\u015eEKK\u00dcR<\/h2>\n<p class=\"isSelectedEnd\">Akp\u0131nar; T\u00fcrk Silahl\u0131 Kuvvetleri, T\u00fcrk Deniz Kuvvetleri Komutanl\u0131\u011f\u0131, K\u0131br\u0131s T\u00fcrk Bar\u0131\u015f Kuvvetleri Komutanl\u0131\u011f\u0131, G\u00fcvenlik Kuvvetleri Komutanl\u0131\u011f\u0131, Sahil G\u00fcvenlik ve Sivil Savunma ekiplerinin yan\u0131 s\u0131ra TCG I\u015eIN ve TCG ALEMDAR\u2019da g\u00f6rev yapan personele te\u015fekk\u00fcrlerini iletti.<\/p>\n<p class=\"isSelectedEnd\">Yaral\u0131lar\u0131n tedavisinde g\u00f6rev alan doktor, hem\u015fire ve sa\u011fl\u0131k \u00e7al\u0131\u015fanlar\u0131 ile kazazedeler ve yak\u0131nlar\u0131na destek veren psikolojik destek ekipleri ve g\u00f6n\u00fcll\u00fclere de te\u015fekk\u00fcr eden Akp\u0131nar, g\u00f6sterilen dayan\u0131\u015fman\u0131n K\u0131br\u0131s T\u00fcrk halk\u0131 a\u00e7\u0131s\u0131ndan unutulmayaca\u011f\u0131n\u0131 vurgulad\u0131.<\/p>\n<h2>\u201cBU FAC\u0130ANIN B\u00dcT\u00dcN Y\u00d6NLER\u0130YLE AYDINLATILMASI SORUMLULU\u011eUMUZDUR\u201d<\/h2>\n<p class=\"isSelectedEnd\">Facian\u0131n ard\u0131ndan yaln\u0131zca arama-kurtarma \u00e7al\u0131\u015fmalar\u0131n\u0131n de\u011fil, olay\u0131n t\u00fcm y\u00f6nleriyle ayd\u0131nlat\u0131lmas\u0131n\u0131n da \u00f6nem ta\u015f\u0131d\u0131\u011f\u0131n\u0131 belirten Akp\u0131nar, sorumluluklar\u0131n eksiksiz \u015fekilde ortaya \u00e7\u0131kar\u0131lmas\u0131 ve benzer bir ac\u0131n\u0131n tekrar ya\u015fanmamas\u0131 i\u00e7in gerekli derslerin \u00e7\u0131kar\u0131lmas\u0131 gerekti\u011fini kaydetti.<\/p>\n<p class=\"isSelectedEnd\">Akp\u0131nar a\u00e7\u0131klamas\u0131n\u0131 \u015fu s\u00f6zlerle tamamlad\u0131:<\/p>\n<p><strong>\u201cAc\u0131m\u0131z ortakt\u0131r. Dayan\u0131\u015fmam\u0131z g\u00fcc\u00fcm\u00fczd\u00fcr. Karde\u015fli\u011fimiz daimdir. Minnetimiz b\u00fcy\u00fckt\u00fcr.\u201d<\/strong><\/p>\n","protected":false},"excerpt":{"rendered":"<p>Demokrat Parti Genel Sekreteri ve Girne Milletvekili Serhat Akp\u0131nar, Filo Jet facias\u0131n\u0131n ard\u0131ndan s\u00fcrd\u00fcr\u00fclen arama-kurtarma \u00e7al\u0131\u015fmalar\u0131nda g\u00f6rev alan askeri ve sivil ekiplere te\u015fekk\u00fcr ederek, \u201c554 metre derinlikte dahi bir insan\u0131m\u0131zdan vazge\u00e7meyenlere te\u015fekk\u00fcr ediyoruz. Ac\u0131m\u0131z ortak, minnetimiz b\u00fcy\u00fckt\u00fcr\u201d dedi. \u201cT\u00dcRK\u0130YE CUMHUR\u0130YET\u0130 B\u00dcT\u00dcN \u0130MKANLARIYLA YANIMIZDA OLDU\u201d 30 A\u011fustos\u2019ta Girne a\u00e7\u0131klar\u0131nda meydana gelen facian\u0131n \u00fclkeyi derin bir ac\u0131ya [&hellip;]<\/p>\n","protected":false},"author":1,"featured_media":46100,"comment_status":"open","ping_status":"open","sticky":false,"template":"","format":"standard","meta":{"jnews-multi-image_gallery":[],"jnews_single_post":{"subtitle":"","format":"standard","override":[{"template":"1","parallax":"1","fullscreen":"1","layout":"right-sidebar","sidebar":"default-sidebar","second_sidebar":"default-sidebar","sticky_sidebar":"1","share_position":"top","share_float_style":"share-monocrhome","show_featured":"1","show_post_author":"1","show_post_author_image":"1","show_post_date":"1","post_date_format":"default","post_date_format_custom":"Y\/m\/d","show_post_category":"1","show_post_reading_time":"0","post_reading_time_wpm":"300","post_calculate_word_method":"str_word_count","show_zoom_button":"0","zoom_button_out_step":"2","zoom_button_in_step":"3","show_post_tag":"1","show_prev_next_post":"1","show_popup_post":"1","show_comment_section":"1","number_popup_post":"1","show_author_box":"0","show_post_related":"0","show_inline_post_related":"0"}],"image_override":[{"single_post_thumbnail_size":"crop-500","single_post_gallery_size":"crop-500"}],"trending_post_position":"meta","trending_post_label":"Trending","sponsored_post_label":"Sponsored by","disable_ad":"0"},"jnews_primary_category":[],"jnews_social_meta":[],"jnews_override_counter":{"view_counter_number":"0","share_counter_number":"0","like_counter_number":"0","dislike_counter_number":"0"},"footnotes":""},"categories":[1],"tags":[3331,7028,1340,7035,7030],"class_list":["post-46099","post","type-post","status-publish","format-standard","has-post-thumbnail","hentry","category-kibris","tag-arama-kurtarma","tag-filo-jet","tag-serhat-akpinar","tag-tcg-alemdar","tag-tcg-isin"],"yoast_head":"<!-- This site is optimized with the Yoast SEO plugin v28.4 - https:\/\/yoast.com\/product\/yoast-seo-wordpress\/ -->\n<title>Akp\u0131nar: \u201c554 metre derinlikte dahi bir insan\u0131m\u0131zdan vazge\u00e7meyenlere te\u015fekk\u00fcr ediyoruz\u201d - Kuzeyin Sesi<\/title>\n<meta name=\"robots\" content=\"index, follow, max-snippet:-1, max-image-preview:large, max-video-preview:-1\" \/>\n<link rel=\"canonical\" href=\"https:\/\/kuzeyinsesi.org\/index.php\/2026\/09\/05\/akpinar-554-metre-derinlikte-dahi-bir-insanimizdan-vazgecmeyenlere-tesekkur-ediyoruz\/\" \/>\n<meta property=\"og:locale\" content=\"tr_TR\" \/>\n<meta property=\"og:type\" content=\"article\" \/>\n<meta property=\"og:title\" content=\"Akp\u0131nar: \u201c554 metre derinlikte dahi bir insan\u0131m\u0131zdan vazge\u00e7meyenlere te\u015fekk\u00fcr ediyoruz\u201d - Kuzeyin Sesi\" \/>\n<meta property=\"og:description\" content=\"Demokrat Parti Genel Sekreteri ve Girne Milletvekili Serhat Akp\u0131nar, Filo Jet facias\u0131n\u0131n ard\u0131ndan s\u00fcrd\u00fcr\u00fclen arama-kurtarma \u00e7al\u0131\u015fmalar\u0131nda g\u00f6rev alan askeri ve sivil ekiplere te\u015fekk\u00fcr ederek, \u201c554 metre derinlikte dahi bir insan\u0131m\u0131zdan vazge\u00e7meyenlere te\u015fekk\u00fcr ediyoruz. Ac\u0131m\u0131z ortak, minnetimiz b\u00fcy\u00fckt\u00fcr\u201d dedi. \u201cT\u00dcRK\u0130YE CUMHUR\u0130YET\u0130 B\u00dcT\u00dcN \u0130MKANLARIYLA YANIMIZDA OLDU\u201d 30 A\u011fustos\u2019ta Girne a\u00e7\u0131klar\u0131nda meydana gelen facian\u0131n \u00fclkeyi derin bir ac\u0131ya [&hellip;]\" \/>\n<meta property=\"og:url\" content=\"https:\/\/kuzeyinsesi.org\/index.php\/2026\/09\/05\/akpinar-554-metre-derinlikte-dahi-bir-insanimizdan-vazgecmeyenlere-tesekkur-ediyoruz\/\" \/>\n<meta property=\"og:site_name\" content=\"Kuzeyin Sesi\" \/>\n<meta property=\"article:publisher\" content=\"https:\/\/www.facebook.com\/kuzeyinsesii\" \/>\n<meta property=\"article:published_time\" content=\"2026-09-05T10:17:55+00:00\" \/>\n<meta property=\"og:image\" content=\"https:\/\/kuzeyinsesi.org\/wp-content\/uploads\/2026\/09\/Kuzeyinsesikj-2026-09-05T130551.526.jpg\" \/>\n\t<meta property=\"og:image:width\" content=\"1600\" \/>\n\t<meta property=\"og:image:height\" content=\"900\" \/>\n\t<meta property=\"og:image:type\" content=\"image\/jpeg\" \/>\n<meta name=\"author\" content=\"Kuzeyin Sesi\" \/>\n<meta name=\"twitter:card\" content=\"summary_large_image\" \/>\n<meta name=\"twitter:creator\" content=\"@kuzeyinsesii\" \/>\n<meta name=\"twitter:site\" content=\"@kuzeyinsesii\" \/>\n<meta name=\"twitter:label1\" content=\"Yazan:\" \/>\n\t<meta name=\"twitter:data1\" content=\"Kuzeyin Sesi\" \/>\n\t<meta name=\"twitter:label2\" content=\"Tahmini okuma s\u00fcresi\" \/>\n\t<meta name=\"twitter:data2\" content=\"3 dakika\" \/>\n<script type=\"application\/ld+json\" class=\"yoast-schema-graph\">{\"@context\":\"https:\\\/\\\/schema.org\",\"@graph\":[{\"@type\":\"Article\",\"@id\":\"https:\\\/\\\/kuzeyinsesi.org\\\/index.php\\\/2026\\\/09\\\/05\\\/akpinar-554-metre-derinlikte-dahi-bir-insanimizdan-vazgecmeyenlere-tesekkur-ediyoruz\\\/#article\",\"isPartOf\":{\"@id\":\"https:\\\/\\\/kuzeyinsesi.org\\\/index.php\\\/2026\\\/09\\\/05\\\/akpinar-554-metre-derinlikte-dahi-bir-insanimizdan-vazgecmeyenlere-tesekkur-ediyoruz\\\/\"},\"author\":{\"name\":\"Kuzeyin Sesi\",\"@id\":\"https:\\\/\\\/kuzeyinsesi.org\\\/#\\\/schema\\\/person\\\/9f859689cdf01485597712386e37f5aa\"},\"headline\":\"Akp\u0131nar: \u201c554 metre derinlikte dahi bir insan\u0131m\u0131zdan vazge\u00e7meyenlere te\u015fekk\u00fcr ediyoruz\u201d\",\"datePublished\":\"2026-09-05T10:17:55+00:00\",\"mainEntityOfPage\":{\"@id\":\"https:\\\/\\\/kuzeyinsesi.org\\\/index.php\\\/2026\\\/09\\\/05\\\/akpinar-554-metre-derinlikte-dahi-bir-insanimizdan-vazgecmeyenlere-tesekkur-ediyoruz\\\/\"},\"wordCount\":722,\"commentCount\":0,\"image\":{\"@id\":\"https:\\\/\\\/kuzeyinsesi.org\\\/index.php\\\/2026\\\/09\\\/05\\\/akpinar-554-metre-derinlikte-dahi-bir-insanimizdan-vazgecmeyenlere-tesekkur-ediyoruz\\\/#primaryimage\"},\"thumbnailUrl\":\"https:\\\/\\\/kuzeyinsesi.org\\\/wp-content\\\/uploads\\\/2026\\\/09\\\/Kuzeyinsesikj-2026-09-05T130551.526.jpg\",\"keywords\":[\"arama kurtarma\",\"F\u0130LO JET\",\"Serhat Akp\u0131nar\",\"TCG Alemdar\",\"TCG I\u015eIN\"],\"articleSection\":[\"K\u0131br\u0131s\"],\"inLanguage\":\"tr\",\"potentialAction\":[{\"@type\":\"CommentAction\",\"name\":\"Comment\",\"target\":[\"https:\\\/\\\/kuzeyinsesi.org\\\/index.php\\\/2026\\\/09\\\/05\\\/akpinar-554-metre-derinlikte-dahi-bir-insanimizdan-vazgecmeyenlere-tesekkur-ediyoruz\\\/#respond\"]}]},{\"@type\":\"WebPage\",\"@id\":\"https:\\\/\\\/kuzeyinsesi.org\\\/index.php\\\/2026\\\/09\\\/05\\\/akpinar-554-metre-derinlikte-dahi-bir-insanimizdan-vazgecmeyenlere-tesekkur-ediyoruz\\\/\",\"url\":\"https:\\\/\\\/kuzeyinsesi.org\\\/index.php\\\/2026\\\/09\\\/05\\\/akpinar-554-metre-derinlikte-dahi-bir-insanimizdan-vazgecmeyenlere-tesekkur-ediyoruz\\\/\",\"name\":\"Akp\u0131nar: \u201c554 metre derinlikte dahi bir insan\u0131m\u0131zdan vazge\u00e7meyenlere te\u015fekk\u00fcr ediyoruz\u201d - Kuzeyin Sesi\",\"isPartOf\":{\"@id\":\"https:\\\/\\\/kuzeyinsesi.org\\\/#website\"},\"primaryImageOfPage\":{\"@id\":\"https:\\\/\\\/kuzeyinsesi.org\\\/index.php\\\/2026\\\/09\\\/05\\\/akpinar-554-metre-derinlikte-dahi-bir-insanimizdan-vazgecmeyenlere-tesekkur-ediyoruz\\\/#primaryimage\"},\"image\":{\"@id\":\"https:\\\/\\\/kuzeyinsesi.org\\\/index.php\\\/2026\\\/09\\\/05\\\/akpinar-554-metre-derinlikte-dahi-bir-insanimizdan-vazgecmeyenlere-tesekkur-ediyoruz\\\/#primaryimage\"},\"thumbnailUrl\":\"https:\\\/\\\/kuzeyinsesi.org\\\/wp-content\\\/uploads\\\/2026\\\/09\\\/Kuzeyinsesikj-2026-09-05T130551.526.jpg\",\"datePublished\":\"2026-09-05T10:17:55+00:00\",\"author\":{\"@id\":\"https:\\\/\\\/kuzeyinsesi.org\\\/#\\\/schema\\\/person\\\/9f859689cdf01485597712386e37f5aa\"},\"breadcrumb\":{\"@id\":\"https:\\\/\\\/kuzeyinsesi.org\\\/index.php\\\/2026\\\/09\\\/05\\\/akpinar-554-metre-derinlikte-dahi-bir-insanimizdan-vazgecmeyenlere-tesekkur-ediyoruz\\\/#breadcrumb\"},\"inLanguage\":\"tr\",\"potentialAction\":[{\"@type\":\"ReadAction\",\"target\":[\"https:\\\/\\\/kuzeyinsesi.org\\\/index.php\\\/2026\\\/09\\\/05\\\/akpinar-554-metre-derinlikte-dahi-bir-insanimizdan-vazgecmeyenlere-tesekkur-ediyoruz\\\/\"]}]},{\"@type\":\"ImageObject\",\"inLanguage\":\"tr\",\"@id\":\"https:\\\/\\\/kuzeyinsesi.org\\\/index.php\\\/2026\\\/09\\\/05\\\/akpinar-554-metre-derinlikte-dahi-bir-insanimizdan-vazgecmeyenlere-tesekkur-ediyoruz\\\/#primaryimage\",\"url\":\"https:\\\/\\\/kuzeyinsesi.org\\\/wp-content\\\/uploads\\\/2026\\\/09\\\/Kuzeyinsesikj-2026-09-05T130551.526.jpg\",\"contentUrl\":\"https:\\\/\\\/kuzeyinsesi.org\\\/wp-content\\\/uploads\\\/2026\\\/09\\\/Kuzeyinsesikj-2026-09-05T130551.526.jpg\",\"width\":1600,\"height\":900},{\"@type\":\"BreadcrumbList\",\"@id\":\"https:\\\/\\\/kuzeyinsesi.org\\\/index.php\\\/2026\\\/09\\\/05\\\/akpinar-554-metre-derinlikte-dahi-bir-insanimizdan-vazgecmeyenlere-tesekkur-ediyoruz\\\/#breadcrumb\",\"itemListElement\":[{\"@type\":\"ListItem\",\"position\":1,\"name\":\"Anasayfa\",\"item\":\"https:\\\/\\\/kuzeyinsesi.org\\\/\"},{\"@type\":\"ListItem\",\"position\":2,\"name\":\"Akp\u0131nar: \u201c554 metre derinlikte dahi bir insan\u0131m\u0131zdan vazge\u00e7meyenlere te\u015fekk\u00fcr ediyoruz\u201d\"}]},{\"@type\":\"WebSite\",\"@id\":\"https:\\\/\\\/kuzeyinsesi.org\\\/#website\",\"url\":\"https:\\\/\\\/kuzeyinsesi.org\\\/\",\"name\":\"Kuzeyin Sesi\",\"description\":\"Do\u011fru Haberin Adresi\",\"potentialAction\":[{\"@type\":\"SearchAction\",\"target\":{\"@type\":\"EntryPoint\",\"urlTemplate\":\"https:\\\/\\\/kuzeyinsesi.org\\\/?s={search_term_string}\"},\"query-input\":{\"@type\":\"PropertyValueSpecification\",\"valueRequired\":true,\"valueName\":\"search_term_string\"}}],\"inLanguage\":\"tr\"},{\"@type\":\"Person\",\"@id\":\"https:\\\/\\\/kuzeyinsesi.org\\\/#\\\/schema\\\/person\\\/9f859689cdf01485597712386e37f5aa\",\"name\":\"Kuzeyin Sesi\",\"image\":{\"@type\":\"ImageObject\",\"inLanguage\":\"tr\",\"@id\":\"https:\\\/\\\/secure.gravatar.com\\\/avatar\\\/bab33852abfd8b282518d6ed81826833d77c3c882d9ab608add591ccace47a44?s=96&d=mm&r=g\",\"url\":\"https:\\\/\\\/secure.gravatar.com\\\/avatar\\\/bab33852abfd8b282518d6ed81826833d77c3c882d9ab608add591ccace47a44?s=96&d=mm&r=g\",\"contentUrl\":\"https:\\\/\\\/secure.gravatar.com\\\/avatar\\\/bab33852abfd8b282518d6ed81826833d77c3c882d9ab608add591ccace47a44?s=96&d=mm&r=g\",\"caption\":\"Kuzeyin Sesi\"},\"sameAs\":[\"https:\\\/\\\/kuzeyinsesi.org\"],\"url\":\"https:\\\/\\\/kuzeyinsesi.org\\\/index.php\\\/author\\\/guven\\\/\"}]}<\/script>\n<!-- \/ Yoast SEO plugin. -->","yoast_head_json":{"title":"Akp\u0131nar: \u201c554 metre derinlikte dahi bir insan\u0131m\u0131zdan vazge\u00e7meyenlere te\u015fekk\u00fcr ediyoruz\u201d - Kuzeyin Sesi","robots":{"index":"index","follow":"follow","max-snippet":"max-snippet:-1","max-image-preview":"max-image-preview:large","max-video-preview":"max-video-preview:-1"},"canonical":"https:\/\/kuzeyinsesi.org\/index.php\/2026\/09\/05\/akpinar-554-metre-derinlikte-dahi-bir-insanimizdan-vazgecmeyenlere-tesekkur-ediyoruz\/","og_locale":"tr_TR","og_type":"article","og_title":"Akp\u0131nar: \u201c554 metre derinlikte dahi bir insan\u0131m\u0131zdan vazge\u00e7meyenlere te\u015fekk\u00fcr ediyoruz\u201d - Kuzeyin Sesi","og_description":"Demokrat Parti Genel Sekreteri ve Girne Milletvekili Serhat Akp\u0131nar, Filo Jet facias\u0131n\u0131n ard\u0131ndan s\u00fcrd\u00fcr\u00fclen arama-kurtarma \u00e7al\u0131\u015fmalar\u0131nda g\u00f6rev alan askeri ve sivil ekiplere te\u015fekk\u00fcr ederek, \u201c554 metre derinlikte dahi bir insan\u0131m\u0131zdan vazge\u00e7meyenlere te\u015fekk\u00fcr ediyoruz. Ac\u0131m\u0131z ortak, minnetimiz b\u00fcy\u00fckt\u00fcr\u201d dedi. \u201cT\u00dcRK\u0130YE CUMHUR\u0130YET\u0130 B\u00dcT\u00dcN \u0130MKANLARIYLA YANIMIZDA OLDU\u201d 30 A\u011fustos\u2019ta Girne a\u00e7\u0131klar\u0131nda meydana gelen facian\u0131n \u00fclkeyi derin bir ac\u0131ya [&hellip;]","og_url":"https:\/\/kuzeyinsesi.org\/index.php\/2026\/09\/05\/akpinar-554-metre-derinlikte-dahi-bir-insanimizdan-vazgecmeyenlere-tesekkur-ediyoruz\/","og_site_name":"Kuzeyin Sesi","article_publisher":"https:\/\/www.facebook.com\/kuzeyinsesii","article_published_time":"2026-09-05T10:17:55+00:00","og_image":[{"width":1600,"height":900,"url":"https:\/\/kuzeyinsesi.org\/wp-content\/uploads\/2026\/09\/Kuzeyinsesikj-2026-09-05T130551.526.jpg","type":"image\/jpeg"}],"author":"Kuzeyin Sesi","twitter_card":"summary_large_image","twitter_creator":"@kuzeyinsesii","twitter_site":"@kuzeyinsesii","twitter_misc":{"Yazan:":"Kuzeyin Sesi","Tahmini okuma s\u00fcresi":"3 dakika"},"schema":{"@context":"https:\/\/schema.org","@graph":[{"@type":"Article","@id":"https:\/\/kuzeyinsesi.org\/index.php\/2026\/09\/05\/akpinar-554-metre-derinlikte-dahi-bir-insanimizdan-vazgecmeyenlere-tesekkur-ediyoruz\/#article","isPartOf":{"@id":"https:\/\/kuzeyinsesi.org\/index.php\/2026\/09\/05\/akpinar-554-metre-derinlikte-dahi-bir-insanimizdan-vazgecmeyenlere-tesekkur-ediyoruz\/"},"author":{"name":"Kuzeyin Sesi","@id":"https:\/\/kuzeyinsesi.org\/#\/schema\/person\/9f859689cdf01485597712386e37f5aa"},"headline":"Akp\u0131nar: \u201c554 metre derinlikte dahi bir insan\u0131m\u0131zdan vazge\u00e7meyenlere te\u015fekk\u00fcr ediyoruz\u201d","datePublished":"2026-09-05T10:17:55+00:00","mainEntityOfPage":{"@id":"https:\/\/kuzeyinsesi.org\/index.php\/2026\/09\/05\/akpinar-554-metre-derinlikte-dahi-bir-insanimizdan-vazgecmeyenlere-tesekkur-ediyoruz\/"},"wordCount":722,"commentCount":0,"image":{"@id":"https:\/\/kuzeyinsesi.org\/index.php\/2026\/09\/05\/akpinar-554-metre-derinlikte-dahi-bir-insanimizdan-vazgecmeyenlere-tesekkur-ediyoruz\/#primaryimage"},"thumbnailUrl":"https:\/\/kuzeyinsesi.org\/wp-content\/uploads\/2026\/09\/Kuzeyinsesikj-2026-09-05T130551.526.jpg","keywords":["arama kurtarma","F\u0130LO JET","Serhat Akp\u0131nar","TCG Alemdar","TCG I\u015eIN"],"articleSection":["K\u0131br\u0131s"],"inLanguage":"tr","potentialAction":[{"@type":"CommentAction","name":"Comment","target":["https:\/\/kuzeyinsesi.org\/index.php\/2026\/09\/05\/akpinar-554-metre-derinlikte-dahi-bir-insanimizdan-vazgecmeyenlere-tesekkur-ediyoruz\/#respond"]}]},{"@type":"WebPage","@id":"https:\/\/kuzeyinsesi.org\/index.php\/2026\/09\/05\/akpinar-554-metre-derinlikte-dahi-bir-insanimizdan-vazgecmeyenlere-tesekkur-ediyoruz\/","url":"https:\/\/kuzeyinsesi.org\/index.php\/2026\/09\/05\/akpinar-554-metre-derinlikte-dahi-bir-insanimizdan-vazgecmeyenlere-tesekkur-ediyoruz\/","name":"Akp\u0131nar: \u201c554 metre derinlikte dahi bir insan\u0131m\u0131zdan vazge\u00e7meyenlere te\u015fekk\u00fcr ediyoruz\u201d - Kuzeyin Sesi","isPartOf":{"@id":"https:\/\/kuzeyinsesi.org\/#website"},"primaryImageOfPage":{"@id":"https:\/\/kuzeyinsesi.org\/index.php\/2026\/09\/05\/akpinar-554-metre-derinlikte-dahi-bir-insanimizdan-vazgecmeyenlere-tesekkur-ediyoruz\/#primaryimage"},"image":{"@id":"https:\/\/kuzeyinsesi.org\/index.php\/2026\/09\/05\/akpinar-554-metre-derinlikte-dahi-bir-insanimizdan-vazgecmeyenlere-tesekkur-ediyoruz\/#primaryimage"},"thumbnailUrl":"https:\/\/kuzeyinsesi.org\/wp-content\/uploads\/2026\/09\/Kuzeyinsesikj-2026-09-05T130551.526.jpg","datePublished":"2026-09-05T10:17:55+00:00","author":{"@id":"https:\/\/kuzeyinsesi.org\/#\/schema\/person\/9f859689cdf01485597712386e37f5aa"},"breadcrumb":{"@id":"https:\/\/kuzeyinsesi.org\/index.php\/2026\/09\/05\/akpinar-554-metre-derinlikte-dahi-bir-insanimizdan-vazgecmeyenlere-tesekkur-ediyoruz\/#breadcrumb"},"inLanguage":"tr","potentialAction":[{"@type":"ReadAction","target":["https:\/\/kuzeyinsesi.org\/index.php\/2026\/09\/05\/akpinar-554-metre-derinlikte-dahi-bir-insanimizdan-vazgecmeyenlere-tesekkur-ediyoruz\/"]}]},{"@type":"ImageObject","inLanguage":"tr","@id":"https:\/\/kuzeyinsesi.org\/index.php\/2026\/09\/05\/akpinar-554-metre-derinlikte-dahi-bir-insanimizdan-vazgecmeyenlere-tesekkur-ediyoruz\/#primaryimage","url":"https:\/\/kuzeyinsesi.org\/wp-content\/uploads\/2026\/09\/Kuzeyinsesikj-2026-09-05T130551.526.jpg","contentUrl":"https:\/\/kuzeyinsesi.org\/wp-content\/uploads\/2026\/09\/Kuzeyinsesikj-2026-09-05T130551.526.jpg","width":1600,"height":900},{"@type":"BreadcrumbList","@id":"https:\/\/kuzeyinsesi.org\/index.php\/2026\/09\/05\/akpinar-554-metre-derinlikte-dahi-bir-insanimizdan-vazgecmeyenlere-tesekkur-ediyoruz\/#breadcrumb","itemListElement":[{"@type":"ListItem","position":1,"name":"Anasayfa","item":"https:\/\/kuzeyinsesi.org\/"},{"@type":"ListItem","position":2,"name":"Akp\u0131nar: \u201c554 metre derinlikte dahi bir insan\u0131m\u0131zdan vazge\u00e7meyenlere te\u015fekk\u00fcr ediyoruz\u201d"}]},{"@type":"WebSite","@id":"https:\/\/kuzeyinsesi.org\/#website","url":"https:\/\/kuzeyinsesi.org\/","name":"Kuzeyin Sesi","description":"Do\u011fru Haberin Adresi","potentialAction":[{"@type":"SearchAction","target":{"@type":"EntryPoint","urlTemplate":"https:\/\/kuzeyinsesi.org\/?s={search_term_string}"},"query-input":{"@type":"PropertyValueSpecification","valueRequired":true,"valueName":"search_term_string"}}],"inLanguage":"tr"},{"@type":"Person","@id":"https:\/\/kuzeyinsesi.org\/#\/schema\/person\/9f859689cdf01485597712386e37f5aa","name":"Kuzeyin Sesi","image":{"@type":"ImageObject","inLanguage":"tr","@id":"https:\/\/secure.gravatar.com\/avatar\/bab33852abfd8b282518d6ed81826833d77c3c882d9ab608add591ccace47a44?s=96&d=mm&r=g","url":"https:\/\/secure.gravatar.com\/avatar\/bab33852abfd8b282518d6ed81826833d77c3c882d9ab608add591ccace47a44?s=96&d=mm&r=g","contentUrl":"https:\/\/secure.gravatar.com\/avatar\/bab33852abfd8b282518d6ed81826833d77c3c882d9ab608add591ccace47a44?s=96&d=mm&r=g","caption":"Kuzeyin Sesi"},"sameAs":["https:\/\/kuzeyinsesi.org"],"url":"https:\/\/kuzeyinsesi.org\/index.php\/author\/guven\/"}]}},"_links":{"self":[{"href":"https:\/\/kuzeyinsesi.org\/index.php\/wp-json\/wp\/v2\/posts\/46099","targetHints":{"allow":["GET"]}}],"collection":[{"href":"https:\/\/kuzeyinsesi.org\/index.php\/wp-json\/wp\/v2\/posts"}],"about":[{"href":"https:\/\/kuzeyinsesi.org\/index.php\/wp-json\/wp\/v2\/types\/post"}],"author":[{"embeddable":true,"href":"https:\/\/kuzeyinsesi.org\/index.php\/wp-json\/wp\/v2\/users\/1"}],"replies":[{"embeddable":true,"href":"https:\/\/kuzeyinsesi.org\/index.php\/wp-json\/wp\/v2\/comments?post=46099"}],"version-history":[{"count":1,"href":"https:\/\/kuzeyinsesi.org\/index.php\/wp-json\/wp\/v2\/posts\/46099\/revisions"}],"predecessor-version":[{"id":46101,"href":"https:\/\/kuzeyinsesi.org\/index.php\/wp-json\/wp\/v2\/posts\/46099\/revisions\/46101"}],"wp:featuredmedia":[{"embeddable":true,"href":"https:\/\/kuzeyinsesi.org\/index.php\/wp-json\/wp\/v2\/media\/46100"}],"wp:attachment":[{"href":"https:\/\/kuzeyinsesi.org\/index.php\/wp-json\/wp\/v2\/media?parent=46099"}],"wp:term":[{"taxonomy":"category","embeddable":true,"href":"https:\/\/kuzeyinsesi.org\/index.php\/wp-json\/wp\/v2\/categories?post=46099"},{"taxonomy":"post_tag","embeddable":true,"href":"https:\/\/kuzeyinsesi.org\/index.php\/wp-json\/wp\/v2\/tags?post=46099"}],"curies":[{"name":"wp","href":"https:\/\/api.w.org\/{rel}","templated":true}]}}