{"id":46096,"date":"2026-09-05T12:57:22","date_gmt":"2026-09-05T09:57:22","guid":{"rendered":"https:\/\/kuzeyinsesi.org\/?p=46096"},"modified":"2026-09-05T12:57:22","modified_gmt":"2026-09-05T09:57:22","slug":"basbakan-unal-ustel-bir-kisinin-daha-naasina-ulasildi-can-kaybi-13e-yukseldi","status":"publish","type":"post","link":"https:\/\/kuzeyinsesi.org\/index.php\/2026\/09\/05\/basbakan-unal-ustel-bir-kisinin-daha-naasina-ulasildi-can-kaybi-13e-yukseldi\/","title":{"rendered":"Ba\u015fbakan \u00dcnal \u00dcstel: Bir ki\u015finin daha naa\u015f\u0131na ula\u015f\u0131ld\u0131, can kayb\u0131 13\u2019e y\u00fckseldi"},"content":{"rendered":"<p class=\"isSelectedEnd\">Ba\u015fbakan <strong>\u00dcnal \u00dcstel<\/strong>, Girne a\u00e7\u0131klar\u0131nda meydana gelen gemi facias\u0131n\u0131n ard\u0131ndan s\u00fcrd\u00fcr\u00fclen arama-kurtarma \u00e7al\u0131\u015fmalar\u0131nda <strong>bir ki\u015finin daha naa\u015f\u0131na ula\u015f\u0131ld\u0131\u011f\u0131n\u0131<\/strong> a\u00e7\u0131klad\u0131. Naa\u015f\u0131n bir kad\u0131na ait oldu\u011fu belirlenirken, kimlik tespit \u00e7al\u0131\u015fmalar\u0131 ba\u015flat\u0131ld\u0131. Kazada hayat\u0131n\u0131 kaybedenlerin say\u0131s\u0131 <strong>13\u2019e y\u00fckselirken, kay\u0131p say\u0131s\u0131 15\u2019e d\u00fc\u015ft\u00fc.<\/strong><\/p>\n<h2>TCG I\u015eIN VE TCG ALEMDAR \u00c7ALI\u015eMALARINI S\u00dcRD\u00dcR\u00dcYOR<\/h2>\n<p class=\"isSelectedEnd\">\u00dcstel, T\u00fcrk Deniz Kuvvetleri\u2019ne ba\u011fl\u0131 <strong>TCG I\u015eIN ve TCG ALEMDAR<\/strong> gemilerinin y\u00fcr\u00fctt\u00fc\u011f\u00fc arama faaliyetleri sonucunda bir ki\u015finin daha naa\u015f\u0131na ula\u015f\u0131ld\u0131\u011f\u0131n\u0131 bildirdi.<\/p>\n<p class=\"isSelectedEnd\">Naa\u015f\u0131n bir kad\u0131na ait oldu\u011funun tespit edildi\u011fini belirten \u00dcstel, kimli\u011finin belirlenmesi amac\u0131yla Polis Te\u015fkilat\u0131 taraf\u0131ndan gerekli \u00e7al\u0131\u015fmalar\u0131n ba\u015flat\u0131ld\u0131\u011f\u0131n\u0131 kaydetti.<\/p>\n<p class=\"isSelectedEnd\">\u00dcstel, <strong>\u201cUla\u015f\u0131lan naa\u015fla birlikte kazada hayat\u0131n\u0131 kaybeden insanlar\u0131m\u0131z\u0131n say\u0131s\u0131 13\u2019e y\u00fckselmi\u015f, kay\u0131p insanlar\u0131m\u0131z\u0131n say\u0131s\u0131 ise 15 olmu\u015ftur\u201d<\/strong> dedi.<\/p>\n<h2>ARAMALAR 7 G\u00dcN 24 SAAT DEVAM ED\u0130YOR<\/h2>\n<p class=\"isSelectedEnd\">Kay\u0131p 15 ki\u015fiye ula\u015f\u0131lmas\u0131 amac\u0131yla ilgili t\u00fcm birimlerin kat\u0131l\u0131m\u0131yla \u00e7al\u0131\u015fmalar\u0131n s\u00fcrd\u00fc\u011f\u00fcn\u00fc ifade eden \u00dcstel, arama faaliyetlerinin <strong>7 g\u00fcn 24 saat esas\u0131na g\u00f6re aral\u0131ks\u0131z devam etti\u011fini<\/strong> vurgulad\u0131.<\/p>\n<p class=\"isSelectedEnd\">\u00dcstel, \u00e7al\u0131\u015fmalar\u0131n ayn\u0131 kararl\u0131l\u0131k, hassasiyet ve \u00f6zveriyle s\u00fcrd\u00fcr\u00fclece\u011fini belirtti.<\/p>\n<h2>T\u00dcRK\u0130YE\u2019YE VE ARAMA EK\u0130PLER\u0130NE TE\u015eEKK\u00dcR<\/h2>\n<p class=\"isSelectedEnd\">Ba\u015fbakan \u00dcstel, s\u00fcre\u00e7te verilen destek nedeniyle T\u00fcrkiye Cumhuriyeti Cumhurba\u015fkan\u0131 <strong>Recep Tayyip Erdo\u011fan<\/strong>, Cumhurba\u015fkan\u0131 Yard\u0131mc\u0131s\u0131 <strong>Cevdet Y\u0131lmaz<\/strong> ve Milli Savunma Bakan\u0131 <strong>Ya\u015far G\u00fcler<\/strong> ba\u015fta olmak \u00fczere arama \u00e7al\u0131\u015fmalar\u0131na kat\u0131lan askeri ve sivil ekiplere te\u015fekk\u00fcr etti.<\/p>\n<p class=\"isSelectedEnd\">T\u00fcrk Silahl\u0131 Kuvvetleri, Deniz ve Hava Kuvvetleri, T\u00fcrk Bar\u0131\u015f Kuvvetleri Komutanl\u0131\u011f\u0131 ile G\u00fcvenlik Kuvvetleri Komutanl\u0131\u011f\u0131 personeline de te\u015fekk\u00fcrlerini ileten \u00dcstel, b\u00f6lgede g\u00f6rev yapan bas\u0131n mensuplar\u0131n\u0131n \u00e7al\u0131\u015fmalar\u0131na da dikkat \u00e7ekti.<\/p>\n<p>\u00dcstel, hayat\u0131n\u0131 kaybedenlere rahmet, aileleri ve yak\u0131nlar\u0131na sab\u0131r diledi.<\/p>\n","protected":false},"excerpt":{"rendered":"<p>Ba\u015fbakan \u00dcnal \u00dcstel, Girne a\u00e7\u0131klar\u0131nda meydana gelen gemi facias\u0131n\u0131n ard\u0131ndan s\u00fcrd\u00fcr\u00fclen arama-kurtarma \u00e7al\u0131\u015fmalar\u0131nda bir ki\u015finin daha naa\u015f\u0131na ula\u015f\u0131ld\u0131\u011f\u0131n\u0131 a\u00e7\u0131klad\u0131. Naa\u015f\u0131n bir kad\u0131na ait oldu\u011fu belirlenirken, kimlik tespit \u00e7al\u0131\u015fmalar\u0131 ba\u015flat\u0131ld\u0131. Kazada hayat\u0131n\u0131 kaybedenlerin say\u0131s\u0131 13\u2019e y\u00fckselirken, kay\u0131p say\u0131s\u0131 15\u2019e d\u00fc\u015ft\u00fc. TCG I\u015eIN VE TCG ALEMDAR \u00c7ALI\u015eMALARINI S\u00dcRD\u00dcR\u00dcYOR \u00dcstel, T\u00fcrk Deniz Kuvvetleri\u2019ne ba\u011fl\u0131 TCG I\u015eIN ve TCG [&hellip;]<\/p>\n","protected":false},"author":1,"featured_media":46097,"comment_status":"open","ping_status":"open","sticky":false,"template":"","format":"standard","meta":{"jnews-multi-image_gallery":[],"jnews_single_post":{"subtitle":"","format":"standard","override":[{"template":"1","parallax":"1","fullscreen":"1","layout":"right-sidebar","sidebar":"default-sidebar","second_sidebar":"default-sidebar","sticky_sidebar":"1","share_position":"top","share_float_style":"share-monocrhome","show_featured":"1","show_post_author":"1","show_post_author_image":"1","show_post_date":"1","post_date_format":"default","post_date_format_custom":"Y\/m\/d","show_post_category":"1","show_post_reading_time":"0","post_reading_time_wpm":"300","post_calculate_word_method":"str_word_count","show_zoom_button":"0","zoom_button_out_step":"2","zoom_button_in_step":"3","show_post_tag":"1","show_prev_next_post":"1","show_popup_post":"1","show_comment_section":"1","number_popup_post":"1","show_author_box":"0","show_post_related":"0","show_inline_post_related":"0"}],"image_override":[{"single_post_thumbnail_size":"crop-500","single_post_gallery_size":"crop-500"}],"trending_post_position":"meta","trending_post_label":"Trending","sponsored_post_label":"Sponsored by","disable_ad":"0"},"jnews_primary_category":[],"jnews_social_meta":[],"jnews_override_counter":{"view_counter_number":"0","share_counter_number":"0","like_counter_number":"0","dislike_counter_number":"0"},"footnotes":""},"categories":[1],"tags":[3331,7028,395,7030,209],"class_list":["post-46096","post","type-post","status-publish","format-standard","has-post-thumbnail","hentry","category-kibris","tag-arama-kurtarma","tag-filo-jet","tag-girne","tag-tcg-isin","tag-unal-ustel"],"yoast_head":"<!-- This site is optimized with the Yoast SEO plugin v28.4 - https:\/\/yoast.com\/product\/yoast-seo-wordpress\/ -->\n<title>Ba\u015fbakan \u00dcnal \u00dcstel: Bir ki\u015finin daha naa\u015f\u0131na ula\u015f\u0131ld\u0131, can kayb\u0131 13\u2019e y\u00fckseldi - Kuzeyin Sesi<\/title>\n<meta name=\"robots\" content=\"index, follow, max-snippet:-1, max-image-preview:large, max-video-preview:-1\" \/>\n<link rel=\"canonical\" href=\"https:\/\/kuzeyinsesi.org\/index.php\/2026\/09\/05\/basbakan-unal-ustel-bir-kisinin-daha-naasina-ulasildi-can-kaybi-13e-yukseldi\/\" \/>\n<meta property=\"og:locale\" content=\"tr_TR\" \/>\n<meta property=\"og:type\" content=\"article\" \/>\n<meta property=\"og:title\" content=\"Ba\u015fbakan \u00dcnal \u00dcstel: Bir ki\u015finin daha naa\u015f\u0131na ula\u015f\u0131ld\u0131, can kayb\u0131 13\u2019e y\u00fckseldi - Kuzeyin Sesi\" \/>\n<meta property=\"og:description\" content=\"Ba\u015fbakan \u00dcnal \u00dcstel, Girne a\u00e7\u0131klar\u0131nda meydana gelen gemi facias\u0131n\u0131n ard\u0131ndan s\u00fcrd\u00fcr\u00fclen arama-kurtarma \u00e7al\u0131\u015fmalar\u0131nda bir ki\u015finin daha naa\u015f\u0131na ula\u015f\u0131ld\u0131\u011f\u0131n\u0131 a\u00e7\u0131klad\u0131. Naa\u015f\u0131n bir kad\u0131na ait oldu\u011fu belirlenirken, kimlik tespit \u00e7al\u0131\u015fmalar\u0131 ba\u015flat\u0131ld\u0131. Kazada hayat\u0131n\u0131 kaybedenlerin say\u0131s\u0131 13\u2019e y\u00fckselirken, kay\u0131p say\u0131s\u0131 15\u2019e d\u00fc\u015ft\u00fc. TCG I\u015eIN VE TCG ALEMDAR \u00c7ALI\u015eMALARINI S\u00dcRD\u00dcR\u00dcYOR \u00dcstel, T\u00fcrk Deniz Kuvvetleri\u2019ne ba\u011fl\u0131 TCG I\u015eIN ve TCG [&hellip;]\" \/>\n<meta property=\"og:url\" content=\"https:\/\/kuzeyinsesi.org\/index.php\/2026\/09\/05\/basbakan-unal-ustel-bir-kisinin-daha-naasina-ulasildi-can-kaybi-13e-yukseldi\/\" \/>\n<meta property=\"og:site_name\" content=\"Kuzeyin Sesi\" \/>\n<meta property=\"article:publisher\" content=\"https:\/\/www.facebook.com\/kuzeyinsesii\" \/>\n<meta property=\"article:published_time\" content=\"2026-09-05T09:57:22+00:00\" \/>\n<meta property=\"og:image\" content=\"https:\/\/kuzeyinsesi.org\/wp-content\/uploads\/2026\/09\/Kuzeyinsesikj-2026-09-05T125107.074.jpg\" \/>\n\t<meta property=\"og:image:width\" content=\"1600\" \/>\n\t<meta property=\"og:image:height\" content=\"900\" \/>\n\t<meta property=\"og:image:type\" content=\"image\/jpeg\" \/>\n<meta name=\"author\" content=\"Kuzeyin Sesi\" \/>\n<meta name=\"twitter:card\" content=\"summary_large_image\" \/>\n<meta name=\"twitter:creator\" content=\"@kuzeyinsesii\" \/>\n<meta name=\"twitter:site\" content=\"@kuzeyinsesii\" \/>\n<meta name=\"twitter:label1\" content=\"Yazan:\" \/>\n\t<meta name=\"twitter:data1\" content=\"Kuzeyin Sesi\" \/>\n\t<meta name=\"twitter:label2\" content=\"Tahmini okuma s\u00fcresi\" \/>\n\t<meta name=\"twitter:data2\" content=\"2 dakika\" \/>\n<script type=\"application\/ld+json\" class=\"yoast-schema-graph\">{\"@context\":\"https:\\\/\\\/schema.org\",\"@graph\":[{\"@type\":\"Article\",\"@id\":\"https:\\\/\\\/kuzeyinsesi.org\\\/index.php\\\/2026\\\/09\\\/05\\\/basbakan-unal-ustel-bir-kisinin-daha-naasina-ulasildi-can-kaybi-13e-yukseldi\\\/#article\",\"isPartOf\":{\"@id\":\"https:\\\/\\\/kuzeyinsesi.org\\\/index.php\\\/2026\\\/09\\\/05\\\/basbakan-unal-ustel-bir-kisinin-daha-naasina-ulasildi-can-kaybi-13e-yukseldi\\\/\"},\"author\":{\"name\":\"Kuzeyin Sesi\",\"@id\":\"https:\\\/\\\/kuzeyinsesi.org\\\/#\\\/schema\\\/person\\\/9f859689cdf01485597712386e37f5aa\"},\"headline\":\"Ba\u015fbakan \u00dcnal \u00dcstel: Bir ki\u015finin daha naa\u015f\u0131na ula\u015f\u0131ld\u0131, can kayb\u0131 13\u2019e y\u00fckseldi\",\"datePublished\":\"2026-09-05T09:57:22+00:00\",\"mainEntityOfPage\":{\"@id\":\"https:\\\/\\\/kuzeyinsesi.org\\\/index.php\\\/2026\\\/09\\\/05\\\/basbakan-unal-ustel-bir-kisinin-daha-naasina-ulasildi-can-kaybi-13e-yukseldi\\\/\"},\"wordCount\":373,\"commentCount\":0,\"image\":{\"@id\":\"https:\\\/\\\/kuzeyinsesi.org\\\/index.php\\\/2026\\\/09\\\/05\\\/basbakan-unal-ustel-bir-kisinin-daha-naasina-ulasildi-can-kaybi-13e-yukseldi\\\/#primaryimage\"},\"thumbnailUrl\":\"https:\\\/\\\/kuzeyinsesi.org\\\/wp-content\\\/uploads\\\/2026\\\/09\\\/Kuzeyinsesikj-2026-09-05T125107.074.jpg\",\"keywords\":[\"arama kurtarma\",\"F\u0130LO JET\",\"Girne\",\"TCG I\u015eIN\",\"\u00dcnal \u00dcstel\"],\"articleSection\":[\"K\u0131br\u0131s\"],\"inLanguage\":\"tr\",\"potentialAction\":[{\"@type\":\"CommentAction\",\"name\":\"Comment\",\"target\":[\"https:\\\/\\\/kuzeyinsesi.org\\\/index.php\\\/2026\\\/09\\\/05\\\/basbakan-unal-ustel-bir-kisinin-daha-naasina-ulasildi-can-kaybi-13e-yukseldi\\\/#respond\"]}]},{\"@type\":\"WebPage\",\"@id\":\"https:\\\/\\\/kuzeyinsesi.org\\\/index.php\\\/2026\\\/09\\\/05\\\/basbakan-unal-ustel-bir-kisinin-daha-naasina-ulasildi-can-kaybi-13e-yukseldi\\\/\",\"url\":\"https:\\\/\\\/kuzeyinsesi.org\\\/index.php\\\/2026\\\/09\\\/05\\\/basbakan-unal-ustel-bir-kisinin-daha-naasina-ulasildi-can-kaybi-13e-yukseldi\\\/\",\"name\":\"Ba\u015fbakan \u00dcnal \u00dcstel: Bir ki\u015finin daha naa\u015f\u0131na ula\u015f\u0131ld\u0131, can kayb\u0131 13\u2019e y\u00fckseldi - Kuzeyin Sesi\",\"isPartOf\":{\"@id\":\"https:\\\/\\\/kuzeyinsesi.org\\\/#website\"},\"primaryImageOfPage\":{\"@id\":\"https:\\\/\\\/kuzeyinsesi.org\\\/index.php\\\/2026\\\/09\\\/05\\\/basbakan-unal-ustel-bir-kisinin-daha-naasina-ulasildi-can-kaybi-13e-yukseldi\\\/#primaryimage\"},\"image\":{\"@id\":\"https:\\\/\\\/kuzeyinsesi.org\\\/index.php\\\/2026\\\/09\\\/05\\\/basbakan-unal-ustel-bir-kisinin-daha-naasina-ulasildi-can-kaybi-13e-yukseldi\\\/#primaryimage\"},\"thumbnailUrl\":\"https:\\\/\\\/kuzeyinsesi.org\\\/wp-content\\\/uploads\\\/2026\\\/09\\\/Kuzeyinsesikj-2026-09-05T125107.074.jpg\",\"datePublished\":\"2026-09-05T09:57:22+00:00\",\"author\":{\"@id\":\"https:\\\/\\\/kuzeyinsesi.org\\\/#\\\/schema\\\/person\\\/9f859689cdf01485597712386e37f5aa\"},\"breadcrumb\":{\"@id\":\"https:\\\/\\\/kuzeyinsesi.org\\\/index.php\\\/2026\\\/09\\\/05\\\/basbakan-unal-ustel-bir-kisinin-daha-naasina-ulasildi-can-kaybi-13e-yukseldi\\\/#breadcrumb\"},\"inLanguage\":\"tr\",\"potentialAction\":[{\"@type\":\"ReadAction\",\"target\":[\"https:\\\/\\\/kuzeyinsesi.org\\\/index.php\\\/2026\\\/09\\\/05\\\/basbakan-unal-ustel-bir-kisinin-daha-naasina-ulasildi-can-kaybi-13e-yukseldi\\\/\"]}]},{\"@type\":\"ImageObject\",\"inLanguage\":\"tr\",\"@id\":\"https:\\\/\\\/kuzeyinsesi.org\\\/index.php\\\/2026\\\/09\\\/05\\\/basbakan-unal-ustel-bir-kisinin-daha-naasina-ulasildi-can-kaybi-13e-yukseldi\\\/#primaryimage\",\"url\":\"https:\\\/\\\/kuzeyinsesi.org\\\/wp-content\\\/uploads\\\/2026\\\/09\\\/Kuzeyinsesikj-2026-09-05T125107.074.jpg\",\"contentUrl\":\"https:\\\/\\\/kuzeyinsesi.org\\\/wp-content\\\/uploads\\\/2026\\\/09\\\/Kuzeyinsesikj-2026-09-05T125107.074.jpg\",\"width\":1600,\"height\":900},{\"@type\":\"BreadcrumbList\",\"@id\":\"https:\\\/\\\/kuzeyinsesi.org\\\/index.php\\\/2026\\\/09\\\/05\\\/basbakan-unal-ustel-bir-kisinin-daha-naasina-ulasildi-can-kaybi-13e-yukseldi\\\/#breadcrumb\",\"itemListElement\":[{\"@type\":\"ListItem\",\"position\":1,\"name\":\"Anasayfa\",\"item\":\"https:\\\/\\\/kuzeyinsesi.org\\\/\"},{\"@type\":\"ListItem\",\"position\":2,\"name\":\"Ba\u015fbakan \u00dcnal \u00dcstel: Bir ki\u015finin daha naa\u015f\u0131na ula\u015f\u0131ld\u0131, can kayb\u0131 13\u2019e y\u00fckseldi\"}]},{\"@type\":\"WebSite\",\"@id\":\"https:\\\/\\\/kuzeyinsesi.org\\\/#website\",\"url\":\"https:\\\/\\\/kuzeyinsesi.org\\\/\",\"name\":\"Kuzeyin Sesi\",\"description\":\"Do\u011fru Haberin Adresi\",\"potentialAction\":[{\"@type\":\"SearchAction\",\"target\":{\"@type\":\"EntryPoint\",\"urlTemplate\":\"https:\\\/\\\/kuzeyinsesi.org\\\/?s={search_term_string}\"},\"query-input\":{\"@type\":\"PropertyValueSpecification\",\"valueRequired\":true,\"valueName\":\"search_term_string\"}}],\"inLanguage\":\"tr\"},{\"@type\":\"Person\",\"@id\":\"https:\\\/\\\/kuzeyinsesi.org\\\/#\\\/schema\\\/person\\\/9f859689cdf01485597712386e37f5aa\",\"name\":\"Kuzeyin Sesi\",\"image\":{\"@type\":\"ImageObject\",\"inLanguage\":\"tr\",\"@id\":\"https:\\\/\\\/secure.gravatar.com\\\/avatar\\\/bab33852abfd8b282518d6ed81826833d77c3c882d9ab608add591ccace47a44?s=96&d=mm&r=g\",\"url\":\"https:\\\/\\\/secure.gravatar.com\\\/avatar\\\/bab33852abfd8b282518d6ed81826833d77c3c882d9ab608add591ccace47a44?s=96&d=mm&r=g\",\"contentUrl\":\"https:\\\/\\\/secure.gravatar.com\\\/avatar\\\/bab33852abfd8b282518d6ed81826833d77c3c882d9ab608add591ccace47a44?s=96&d=mm&r=g\",\"caption\":\"Kuzeyin Sesi\"},\"sameAs\":[\"https:\\\/\\\/kuzeyinsesi.org\"],\"url\":\"https:\\\/\\\/kuzeyinsesi.org\\\/index.php\\\/author\\\/guven\\\/\"}]}<\/script>\n<!-- \/ Yoast SEO plugin. -->","yoast_head_json":{"title":"Ba\u015fbakan \u00dcnal \u00dcstel: Bir ki\u015finin daha naa\u015f\u0131na ula\u015f\u0131ld\u0131, can kayb\u0131 13\u2019e y\u00fckseldi - Kuzeyin Sesi","robots":{"index":"index","follow":"follow","max-snippet":"max-snippet:-1","max-image-preview":"max-image-preview:large","max-video-preview":"max-video-preview:-1"},"canonical":"https:\/\/kuzeyinsesi.org\/index.php\/2026\/09\/05\/basbakan-unal-ustel-bir-kisinin-daha-naasina-ulasildi-can-kaybi-13e-yukseldi\/","og_locale":"tr_TR","og_type":"article","og_title":"Ba\u015fbakan \u00dcnal \u00dcstel: Bir ki\u015finin daha naa\u015f\u0131na ula\u015f\u0131ld\u0131, can kayb\u0131 13\u2019e y\u00fckseldi - Kuzeyin Sesi","og_description":"Ba\u015fbakan \u00dcnal \u00dcstel, Girne a\u00e7\u0131klar\u0131nda meydana gelen gemi facias\u0131n\u0131n ard\u0131ndan s\u00fcrd\u00fcr\u00fclen arama-kurtarma \u00e7al\u0131\u015fmalar\u0131nda bir ki\u015finin daha naa\u015f\u0131na ula\u015f\u0131ld\u0131\u011f\u0131n\u0131 a\u00e7\u0131klad\u0131. Naa\u015f\u0131n bir kad\u0131na ait oldu\u011fu belirlenirken, kimlik tespit \u00e7al\u0131\u015fmalar\u0131 ba\u015flat\u0131ld\u0131. Kazada hayat\u0131n\u0131 kaybedenlerin say\u0131s\u0131 13\u2019e y\u00fckselirken, kay\u0131p say\u0131s\u0131 15\u2019e d\u00fc\u015ft\u00fc. TCG I\u015eIN VE TCG ALEMDAR \u00c7ALI\u015eMALARINI S\u00dcRD\u00dcR\u00dcYOR \u00dcstel, T\u00fcrk Deniz Kuvvetleri\u2019ne ba\u011fl\u0131 TCG I\u015eIN ve TCG [&hellip;]","og_url":"https:\/\/kuzeyinsesi.org\/index.php\/2026\/09\/05\/basbakan-unal-ustel-bir-kisinin-daha-naasina-ulasildi-can-kaybi-13e-yukseldi\/","og_site_name":"Kuzeyin Sesi","article_publisher":"https:\/\/www.facebook.com\/kuzeyinsesii","article_published_time":"2026-09-05T09:57:22+00:00","og_image":[{"width":1600,"height":900,"url":"https:\/\/kuzeyinsesi.org\/wp-content\/uploads\/2026\/09\/Kuzeyinsesikj-2026-09-05T125107.074.jpg","type":"image\/jpeg"}],"author":"Kuzeyin Sesi","twitter_card":"summary_large_image","twitter_creator":"@kuzeyinsesii","twitter_site":"@kuzeyinsesii","twitter_misc":{"Yazan:":"Kuzeyin Sesi","Tahmini okuma s\u00fcresi":"2 dakika"},"schema":{"@context":"https:\/\/schema.org","@graph":[{"@type":"Article","@id":"https:\/\/kuzeyinsesi.org\/index.php\/2026\/09\/05\/basbakan-unal-ustel-bir-kisinin-daha-naasina-ulasildi-can-kaybi-13e-yukseldi\/#article","isPartOf":{"@id":"https:\/\/kuzeyinsesi.org\/index.php\/2026\/09\/05\/basbakan-unal-ustel-bir-kisinin-daha-naasina-ulasildi-can-kaybi-13e-yukseldi\/"},"author":{"name":"Kuzeyin Sesi","@id":"https:\/\/kuzeyinsesi.org\/#\/schema\/person\/9f859689cdf01485597712386e37f5aa"},"headline":"Ba\u015fbakan \u00dcnal \u00dcstel: Bir ki\u015finin daha naa\u015f\u0131na ula\u015f\u0131ld\u0131, can kayb\u0131 13\u2019e y\u00fckseldi","datePublished":"2026-09-05T09:57:22+00:00","mainEntityOfPage":{"@id":"https:\/\/kuzeyinsesi.org\/index.php\/2026\/09\/05\/basbakan-unal-ustel-bir-kisinin-daha-naasina-ulasildi-can-kaybi-13e-yukseldi\/"},"wordCount":373,"commentCount":0,"image":{"@id":"https:\/\/kuzeyinsesi.org\/index.php\/2026\/09\/05\/basbakan-unal-ustel-bir-kisinin-daha-naasina-ulasildi-can-kaybi-13e-yukseldi\/#primaryimage"},"thumbnailUrl":"https:\/\/kuzeyinsesi.org\/wp-content\/uploads\/2026\/09\/Kuzeyinsesikj-2026-09-05T125107.074.jpg","keywords":["arama kurtarma","F\u0130LO JET","Girne","TCG I\u015eIN","\u00dcnal \u00dcstel"],"articleSection":["K\u0131br\u0131s"],"inLanguage":"tr","potentialAction":[{"@type":"CommentAction","name":"Comment","target":["https:\/\/kuzeyinsesi.org\/index.php\/2026\/09\/05\/basbakan-unal-ustel-bir-kisinin-daha-naasina-ulasildi-can-kaybi-13e-yukseldi\/#respond"]}]},{"@type":"WebPage","@id":"https:\/\/kuzeyinsesi.org\/index.php\/2026\/09\/05\/basbakan-unal-ustel-bir-kisinin-daha-naasina-ulasildi-can-kaybi-13e-yukseldi\/","url":"https:\/\/kuzeyinsesi.org\/index.php\/2026\/09\/05\/basbakan-unal-ustel-bir-kisinin-daha-naasina-ulasildi-can-kaybi-13e-yukseldi\/","name":"Ba\u015fbakan \u00dcnal \u00dcstel: Bir ki\u015finin daha naa\u015f\u0131na ula\u015f\u0131ld\u0131, can kayb\u0131 13\u2019e y\u00fckseldi - Kuzeyin Sesi","isPartOf":{"@id":"https:\/\/kuzeyinsesi.org\/#website"},"primaryImageOfPage":{"@id":"https:\/\/kuzeyinsesi.org\/index.php\/2026\/09\/05\/basbakan-unal-ustel-bir-kisinin-daha-naasina-ulasildi-can-kaybi-13e-yukseldi\/#primaryimage"},"image":{"@id":"https:\/\/kuzeyinsesi.org\/index.php\/2026\/09\/05\/basbakan-unal-ustel-bir-kisinin-daha-naasina-ulasildi-can-kaybi-13e-yukseldi\/#primaryimage"},"thumbnailUrl":"https:\/\/kuzeyinsesi.org\/wp-content\/uploads\/2026\/09\/Kuzeyinsesikj-2026-09-05T125107.074.jpg","datePublished":"2026-09-05T09:57:22+00:00","author":{"@id":"https:\/\/kuzeyinsesi.org\/#\/schema\/person\/9f859689cdf01485597712386e37f5aa"},"breadcrumb":{"@id":"https:\/\/kuzeyinsesi.org\/index.php\/2026\/09\/05\/basbakan-unal-ustel-bir-kisinin-daha-naasina-ulasildi-can-kaybi-13e-yukseldi\/#breadcrumb"},"inLanguage":"tr","potentialAction":[{"@type":"ReadAction","target":["https:\/\/kuzeyinsesi.org\/index.php\/2026\/09\/05\/basbakan-unal-ustel-bir-kisinin-daha-naasina-ulasildi-can-kaybi-13e-yukseldi\/"]}]},{"@type":"ImageObject","inLanguage":"tr","@id":"https:\/\/kuzeyinsesi.org\/index.php\/2026\/09\/05\/basbakan-unal-ustel-bir-kisinin-daha-naasina-ulasildi-can-kaybi-13e-yukseldi\/#primaryimage","url":"https:\/\/kuzeyinsesi.org\/wp-content\/uploads\/2026\/09\/Kuzeyinsesikj-2026-09-05T125107.074.jpg","contentUrl":"https:\/\/kuzeyinsesi.org\/wp-content\/uploads\/2026\/09\/Kuzeyinsesikj-2026-09-05T125107.074.jpg","width":1600,"height":900},{"@type":"BreadcrumbList","@id":"https:\/\/kuzeyinsesi.org\/index.php\/2026\/09\/05\/basbakan-unal-ustel-bir-kisinin-daha-naasina-ulasildi-can-kaybi-13e-yukseldi\/#breadcrumb","itemListElement":[{"@type":"ListItem","position":1,"name":"Anasayfa","item":"https:\/\/kuzeyinsesi.org\/"},{"@type":"ListItem","position":2,"name":"Ba\u015fbakan \u00dcnal \u00dcstel: Bir ki\u015finin daha naa\u015f\u0131na ula\u015f\u0131ld\u0131, can kayb\u0131 13\u2019e y\u00fckseldi"}]},{"@type":"WebSite","@id":"https:\/\/kuzeyinsesi.org\/#website","url":"https:\/\/kuzeyinsesi.org\/","name":"Kuzeyin Sesi","description":"Do\u011fru Haberin Adresi","potentialAction":[{"@type":"SearchAction","target":{"@type":"EntryPoint","urlTemplate":"https:\/\/kuzeyinsesi.org\/?s={search_term_string}"},"query-input":{"@type":"PropertyValueSpecification","valueRequired":true,"valueName":"search_term_string"}}],"inLanguage":"tr"},{"@type":"Person","@id":"https:\/\/kuzeyinsesi.org\/#\/schema\/person\/9f859689cdf01485597712386e37f5aa","name":"Kuzeyin Sesi","image":{"@type":"ImageObject","inLanguage":"tr","@id":"https:\/\/secure.gravatar.com\/avatar\/bab33852abfd8b282518d6ed81826833d77c3c882d9ab608add591ccace47a44?s=96&d=mm&r=g","url":"https:\/\/secure.gravatar.com\/avatar\/bab33852abfd8b282518d6ed81826833d77c3c882d9ab608add591ccace47a44?s=96&d=mm&r=g","contentUrl":"https:\/\/secure.gravatar.com\/avatar\/bab33852abfd8b282518d6ed81826833d77c3c882d9ab608add591ccace47a44?s=96&d=mm&r=g","caption":"Kuzeyin Sesi"},"sameAs":["https:\/\/kuzeyinsesi.org"],"url":"https:\/\/kuzeyinsesi.org\/index.php\/author\/guven\/"}]}},"_links":{"self":[{"href":"https:\/\/kuzeyinsesi.org\/index.php\/wp-json\/wp\/v2\/posts\/46096","targetHints":{"allow":["GET"]}}],"collection":[{"href":"https:\/\/kuzeyinsesi.org\/index.php\/wp-json\/wp\/v2\/posts"}],"about":[{"href":"https:\/\/kuzeyinsesi.org\/index.php\/wp-json\/wp\/v2\/types\/post"}],"author":[{"embeddable":true,"href":"https:\/\/kuzeyinsesi.org\/index.php\/wp-json\/wp\/v2\/users\/1"}],"replies":[{"embeddable":true,"href":"https:\/\/kuzeyinsesi.org\/index.php\/wp-json\/wp\/v2\/comments?post=46096"}],"version-history":[{"count":1,"href":"https:\/\/kuzeyinsesi.org\/index.php\/wp-json\/wp\/v2\/posts\/46096\/revisions"}],"predecessor-version":[{"id":46098,"href":"https:\/\/kuzeyinsesi.org\/index.php\/wp-json\/wp\/v2\/posts\/46096\/revisions\/46098"}],"wp:featuredmedia":[{"embeddable":true,"href":"https:\/\/kuzeyinsesi.org\/index.php\/wp-json\/wp\/v2\/media\/46097"}],"wp:attachment":[{"href":"https:\/\/kuzeyinsesi.org\/index.php\/wp-json\/wp\/v2\/media?parent=46096"}],"wp:term":[{"taxonomy":"category","embeddable":true,"href":"https:\/\/kuzeyinsesi.org\/index.php\/wp-json\/wp\/v2\/categories?post=46096"},{"taxonomy":"post_tag","embeddable":true,"href":"https:\/\/kuzeyinsesi.org\/index.php\/wp-json\/wp\/v2\/tags?post=46096"}],"curies":[{"name":"wp","href":"https:\/\/api.w.org\/{rel}","templated":true}]}}