{"id":46086,"date":"2026-09-05T10:45:50","date_gmt":"2026-09-05T07:45:50","guid":{"rendered":"https:\/\/kuzeyinsesi.org\/?p=46086"},"modified":"2026-09-05T10:45:50","modified_gmt":"2026-09-05T07:45:50","slug":"ic-kesimlerde-kisa-sureli-saganak-bekleniyor","status":"publish","type":"post","link":"https:\/\/kuzeyinsesi.org\/index.php\/2026\/09\/05\/ic-kesimlerde-kisa-sureli-saganak-bekleniyor\/","title":{"rendered":"\u0130\u00e7 kesimlerde k\u0131sa s\u00fcreli sa\u011fanak bekleniyor"},"content":{"rendered":"<p class=\"isSelectedEnd\">Meteoroloji Dairesi, <strong>bug\u00fcn \u00f6\u011fle saatlerinde i\u00e7 kesimlerde k\u0131sa s\u00fcreli sa\u011fanak ya\u011f\u0131\u015f beklendi\u011fini<\/strong> a\u00e7\u0131klad\u0131. Hava s\u0131cakl\u0131\u011f\u0131n\u0131n i\u00e7 kesimlerde <strong>39 dereceye kadar \u00e7\u0131kmas\u0131<\/strong> \u00f6ng\u00f6r\u00fcl\u00fcyor.<\/p>\n<h2>\u00d6\u011eLE SAATLER\u0130NDE SA\u011eANAK BEKLEN\u0130YOR<\/h2>\n<p class=\"isSelectedEnd\">Meteoroloji Dairesi\u2019nin <strong>5-11 Eyl\u00fcl<\/strong> tarihlerini kapsayan Haftal\u0131k Hava Tahmin Raporu\u2019na g\u00f6re, b\u00f6lge genel olarak s\u0131cak ve nispeten nemli, bug\u00fcn ise serin ve nemli hava k\u00fctlesinin etkisi alt\u0131nda kalacak.<\/p>\n<p class=\"isSelectedEnd\">Bug\u00fcn havan\u0131n a\u00e7\u0131k ve az bulutlu olmas\u0131, \u00f6\u011fle saatlerinde ise i\u00e7 kesimlerin par\u00e7al\u0131 bulutlu ve <strong>k\u0131sa s\u00fcreli sa\u011fanak ya\u011f\u0131\u015fl\u0131<\/strong> ge\u00e7mesi bekleniyor.<\/p>\n<p class=\"isSelectedEnd\">Yar\u0131n havan\u0131n a\u00e7\u0131k ve az bulutlu, sabah saatlerinde yer yer sisli olmas\u0131 \u00f6ng\u00f6r\u00fcl\u00fcrken, di\u011fer g\u00fcnlerde ise a\u00e7\u0131k ve az bulutlu hava etkili olacak.<\/p>\n<h2>SICAKLIK 39 DERECEYE KADAR \u00c7IKACAK<\/h2>\n<p class=\"isSelectedEnd\">Tahminlere g\u00f6re en y\u00fcksek hava s\u0131cakl\u0131\u011f\u0131 i\u00e7 kesimlerde <strong>36-39<\/strong>, sahillerde <strong>32-35<\/strong>, da\u011fl\u0131k kesimlerde ise <strong>29-32 derece<\/strong> dolaylar\u0131nda seyredecek.<\/p>\n<p class=\"isSelectedEnd\">En d\u00fc\u015f\u00fck s\u0131cakl\u0131klar\u0131n ise i\u00e7 kesimlerde <strong>17-20<\/strong>, sahillerde <strong>23-26<\/strong>, da\u011fl\u0131k kesimlerde <strong>18-21 derece<\/strong> olmas\u0131 bekleniyor.<\/p>\n<h2>R\u00dcZGAR ZAMAN ZAMAN KUVVETL\u0130 ESECEK<\/h2>\n<p>R\u00fczgar\u0131n genellikle <strong>g\u00fcney ve bat\u0131 y\u00f6nlerden orta kuvvette<\/strong>, zaman zaman ise kuvvetli esmesi bekleniyor.<\/p>\n","protected":false},"excerpt":{"rendered":"<p>Meteoroloji Dairesi, bug\u00fcn \u00f6\u011fle saatlerinde i\u00e7 kesimlerde k\u0131sa s\u00fcreli sa\u011fanak ya\u011f\u0131\u015f beklendi\u011fini a\u00e7\u0131klad\u0131. Hava s\u0131cakl\u0131\u011f\u0131n\u0131n i\u00e7 kesimlerde 39 dereceye kadar \u00e7\u0131kmas\u0131 \u00f6ng\u00f6r\u00fcl\u00fcyor. \u00d6\u011eLE SAATLER\u0130NDE SA\u011eANAK BEKLEN\u0130YOR Meteoroloji Dairesi\u2019nin 5-11 Eyl\u00fcl tarihlerini kapsayan Haftal\u0131k Hava Tahmin Raporu\u2019na g\u00f6re, b\u00f6lge genel olarak s\u0131cak ve nispeten nemli, bug\u00fcn ise serin ve nemli hava k\u00fctlesinin etkisi alt\u0131nda kalacak. Bug\u00fcn [&hellip;]<\/p>\n","protected":false},"author":1,"featured_media":46087,"comment_status":"open","ping_status":"open","sticky":false,"template":"","format":"standard","meta":{"jnews-multi-image_gallery":[],"jnews_single_post":{"subtitle":"","format":"standard","override":[{"template":"1","parallax":"1","fullscreen":"1","layout":"right-sidebar","sidebar":"default-sidebar","second_sidebar":"default-sidebar","sticky_sidebar":"1","share_position":"top","share_float_style":"share-monocrhome","show_featured":"1","show_post_author":"1","show_post_author_image":"1","show_post_date":"1","post_date_format":"default","post_date_format_custom":"Y\/m\/d","show_post_category":"1","show_post_reading_time":"0","post_reading_time_wpm":"300","post_calculate_word_method":"str_word_count","show_zoom_button":"0","zoom_button_out_step":"2","zoom_button_in_step":"3","show_post_tag":"1","show_prev_next_post":"1","show_popup_post":"1","show_comment_section":"1","number_popup_post":"1","show_author_box":"0","show_post_related":"0","show_inline_post_related":"0"}],"image_override":[{"single_post_thumbnail_size":"crop-500","single_post_gallery_size":"crop-500"}],"trending_post_position":"meta","trending_post_label":"Trending","sponsored_post_label":"Sponsored by","disable_ad":"0"},"jnews_primary_category":[],"jnews_social_meta":[],"jnews_override_counter":{"view_counter_number":"0","share_counter_number":"0","like_counter_number":"0","dislike_counter_number":"0"},"footnotes":""},"categories":[1],"tags":[3129,3140,3132,3137,3130],"class_list":["post-46086","post","type-post","status-publish","format-standard","has-post-thumbnail","hentry","category-kibris","tag-hava-durumu","tag-hava-sicakligi","tag-kktc-hava-durumu","tag-meteoroloji-dairesi","tag-saganak-yagis"],"yoast_head":"<!-- This site is optimized with the Yoast SEO plugin v28.4 - https:\/\/yoast.com\/product\/yoast-seo-wordpress\/ -->\n<title>\u0130\u00e7 kesimlerde k\u0131sa s\u00fcreli sa\u011fanak bekleniyor - Kuzeyin Sesi<\/title>\n<meta name=\"robots\" content=\"index, follow, max-snippet:-1, max-image-preview:large, max-video-preview:-1\" \/>\n<link rel=\"canonical\" href=\"https:\/\/kuzeyinsesi.org\/index.php\/2026\/09\/05\/ic-kesimlerde-kisa-sureli-saganak-bekleniyor\/\" \/>\n<meta property=\"og:locale\" content=\"tr_TR\" \/>\n<meta property=\"og:type\" content=\"article\" \/>\n<meta property=\"og:title\" content=\"\u0130\u00e7 kesimlerde k\u0131sa s\u00fcreli sa\u011fanak bekleniyor - Kuzeyin Sesi\" \/>\n<meta property=\"og:description\" content=\"Meteoroloji Dairesi, bug\u00fcn \u00f6\u011fle saatlerinde i\u00e7 kesimlerde k\u0131sa s\u00fcreli sa\u011fanak ya\u011f\u0131\u015f beklendi\u011fini a\u00e7\u0131klad\u0131. Hava s\u0131cakl\u0131\u011f\u0131n\u0131n i\u00e7 kesimlerde 39 dereceye kadar \u00e7\u0131kmas\u0131 \u00f6ng\u00f6r\u00fcl\u00fcyor. \u00d6\u011eLE SAATLER\u0130NDE SA\u011eANAK BEKLEN\u0130YOR Meteoroloji Dairesi\u2019nin 5-11 Eyl\u00fcl tarihlerini kapsayan Haftal\u0131k Hava Tahmin Raporu\u2019na g\u00f6re, b\u00f6lge genel olarak s\u0131cak ve nispeten nemli, bug\u00fcn ise serin ve nemli hava k\u00fctlesinin etkisi alt\u0131nda kalacak. Bug\u00fcn [&hellip;]\" \/>\n<meta property=\"og:url\" content=\"https:\/\/kuzeyinsesi.org\/index.php\/2026\/09\/05\/ic-kesimlerde-kisa-sureli-saganak-bekleniyor\/\" \/>\n<meta property=\"og:site_name\" content=\"Kuzeyin Sesi\" \/>\n<meta property=\"article:publisher\" content=\"https:\/\/www.facebook.com\/kuzeyinsesii\" \/>\n<meta property=\"article:published_time\" content=\"2026-09-05T07:45:50+00:00\" \/>\n<meta property=\"og:image\" content=\"https:\/\/kuzeyinsesi.org\/wp-content\/uploads\/2026\/09\/Kuzeyinsesikj-2026-09-05T100713.266.jpg\" \/>\n\t<meta property=\"og:image:width\" content=\"1600\" \/>\n\t<meta property=\"og:image:height\" content=\"900\" \/>\n\t<meta property=\"og:image:type\" content=\"image\/jpeg\" \/>\n<meta name=\"author\" content=\"Kuzeyin Sesi\" \/>\n<meta name=\"twitter:card\" content=\"summary_large_image\" \/>\n<meta name=\"twitter:creator\" content=\"@kuzeyinsesii\" \/>\n<meta name=\"twitter:site\" content=\"@kuzeyinsesii\" \/>\n<meta name=\"twitter:label1\" content=\"Yazan:\" \/>\n\t<meta name=\"twitter:data1\" content=\"Kuzeyin Sesi\" \/>\n\t<meta name=\"twitter:label2\" content=\"Tahmini okuma s\u00fcresi\" \/>\n\t<meta name=\"twitter:data2\" content=\"1 dakika\" \/>\n<script type=\"application\/ld+json\" class=\"yoast-schema-graph\">{\"@context\":\"https:\\\/\\\/schema.org\",\"@graph\":[{\"@type\":\"Article\",\"@id\":\"https:\\\/\\\/kuzeyinsesi.org\\\/index.php\\\/2026\\\/09\\\/05\\\/ic-kesimlerde-kisa-sureli-saganak-bekleniyor\\\/#article\",\"isPartOf\":{\"@id\":\"https:\\\/\\\/kuzeyinsesi.org\\\/index.php\\\/2026\\\/09\\\/05\\\/ic-kesimlerde-kisa-sureli-saganak-bekleniyor\\\/\"},\"author\":{\"name\":\"Kuzeyin Sesi\",\"@id\":\"https:\\\/\\\/kuzeyinsesi.org\\\/#\\\/schema\\\/person\\\/9f859689cdf01485597712386e37f5aa\"},\"headline\":\"\u0130\u00e7 kesimlerde k\u0131sa s\u00fcreli sa\u011fanak bekleniyor\",\"datePublished\":\"2026-09-05T07:45:50+00:00\",\"mainEntityOfPage\":{\"@id\":\"https:\\\/\\\/kuzeyinsesi.org\\\/index.php\\\/2026\\\/09\\\/05\\\/ic-kesimlerde-kisa-sureli-saganak-bekleniyor\\\/\"},\"wordCount\":221,\"commentCount\":0,\"image\":{\"@id\":\"https:\\\/\\\/kuzeyinsesi.org\\\/index.php\\\/2026\\\/09\\\/05\\\/ic-kesimlerde-kisa-sureli-saganak-bekleniyor\\\/#primaryimage\"},\"thumbnailUrl\":\"https:\\\/\\\/kuzeyinsesi.org\\\/wp-content\\\/uploads\\\/2026\\\/09\\\/Kuzeyinsesikj-2026-09-05T100713.266.jpg\",\"keywords\":[\"hava durumu\",\"hava s\u0131cakl\u0131\u011f\u0131\",\"KKTC hava durumu\",\"Meteoroloji Dairesi\",\"sa\u011fanak ya\u011f\u0131\u015f\"],\"articleSection\":[\"K\u0131br\u0131s\"],\"inLanguage\":\"tr\",\"potentialAction\":[{\"@type\":\"CommentAction\",\"name\":\"Comment\",\"target\":[\"https:\\\/\\\/kuzeyinsesi.org\\\/index.php\\\/2026\\\/09\\\/05\\\/ic-kesimlerde-kisa-sureli-saganak-bekleniyor\\\/#respond\"]}]},{\"@type\":\"WebPage\",\"@id\":\"https:\\\/\\\/kuzeyinsesi.org\\\/index.php\\\/2026\\\/09\\\/05\\\/ic-kesimlerde-kisa-sureli-saganak-bekleniyor\\\/\",\"url\":\"https:\\\/\\\/kuzeyinsesi.org\\\/index.php\\\/2026\\\/09\\\/05\\\/ic-kesimlerde-kisa-sureli-saganak-bekleniyor\\\/\",\"name\":\"\u0130\u00e7 kesimlerde k\u0131sa s\u00fcreli sa\u011fanak bekleniyor - Kuzeyin Sesi\",\"isPartOf\":{\"@id\":\"https:\\\/\\\/kuzeyinsesi.org\\\/#website\"},\"primaryImageOfPage\":{\"@id\":\"https:\\\/\\\/kuzeyinsesi.org\\\/index.php\\\/2026\\\/09\\\/05\\\/ic-kesimlerde-kisa-sureli-saganak-bekleniyor\\\/#primaryimage\"},\"image\":{\"@id\":\"https:\\\/\\\/kuzeyinsesi.org\\\/index.php\\\/2026\\\/09\\\/05\\\/ic-kesimlerde-kisa-sureli-saganak-bekleniyor\\\/#primaryimage\"},\"thumbnailUrl\":\"https:\\\/\\\/kuzeyinsesi.org\\\/wp-content\\\/uploads\\\/2026\\\/09\\\/Kuzeyinsesikj-2026-09-05T100713.266.jpg\",\"datePublished\":\"2026-09-05T07:45:50+00:00\",\"author\":{\"@id\":\"https:\\\/\\\/kuzeyinsesi.org\\\/#\\\/schema\\\/person\\\/9f859689cdf01485597712386e37f5aa\"},\"breadcrumb\":{\"@id\":\"https:\\\/\\\/kuzeyinsesi.org\\\/index.php\\\/2026\\\/09\\\/05\\\/ic-kesimlerde-kisa-sureli-saganak-bekleniyor\\\/#breadcrumb\"},\"inLanguage\":\"tr\",\"potentialAction\":[{\"@type\":\"ReadAction\",\"target\":[\"https:\\\/\\\/kuzeyinsesi.org\\\/index.php\\\/2026\\\/09\\\/05\\\/ic-kesimlerde-kisa-sureli-saganak-bekleniyor\\\/\"]}]},{\"@type\":\"ImageObject\",\"inLanguage\":\"tr\",\"@id\":\"https:\\\/\\\/kuzeyinsesi.org\\\/index.php\\\/2026\\\/09\\\/05\\\/ic-kesimlerde-kisa-sureli-saganak-bekleniyor\\\/#primaryimage\",\"url\":\"https:\\\/\\\/kuzeyinsesi.org\\\/wp-content\\\/uploads\\\/2026\\\/09\\\/Kuzeyinsesikj-2026-09-05T100713.266.jpg\",\"contentUrl\":\"https:\\\/\\\/kuzeyinsesi.org\\\/wp-content\\\/uploads\\\/2026\\\/09\\\/Kuzeyinsesikj-2026-09-05T100713.266.jpg\",\"width\":1600,\"height\":900},{\"@type\":\"BreadcrumbList\",\"@id\":\"https:\\\/\\\/kuzeyinsesi.org\\\/index.php\\\/2026\\\/09\\\/05\\\/ic-kesimlerde-kisa-sureli-saganak-bekleniyor\\\/#breadcrumb\",\"itemListElement\":[{\"@type\":\"ListItem\",\"position\":1,\"name\":\"Anasayfa\",\"item\":\"https:\\\/\\\/kuzeyinsesi.org\\\/\"},{\"@type\":\"ListItem\",\"position\":2,\"name\":\"\u0130\u00e7 kesimlerde k\u0131sa s\u00fcreli sa\u011fanak bekleniyor\"}]},{\"@type\":\"WebSite\",\"@id\":\"https:\\\/\\\/kuzeyinsesi.org\\\/#website\",\"url\":\"https:\\\/\\\/kuzeyinsesi.org\\\/\",\"name\":\"Kuzeyin Sesi\",\"description\":\"Do\u011fru Haberin Adresi\",\"potentialAction\":[{\"@type\":\"SearchAction\",\"target\":{\"@type\":\"EntryPoint\",\"urlTemplate\":\"https:\\\/\\\/kuzeyinsesi.org\\\/?s={search_term_string}\"},\"query-input\":{\"@type\":\"PropertyValueSpecification\",\"valueRequired\":true,\"valueName\":\"search_term_string\"}}],\"inLanguage\":\"tr\"},{\"@type\":\"Person\",\"@id\":\"https:\\\/\\\/kuzeyinsesi.org\\\/#\\\/schema\\\/person\\\/9f859689cdf01485597712386e37f5aa\",\"name\":\"Kuzeyin Sesi\",\"image\":{\"@type\":\"ImageObject\",\"inLanguage\":\"tr\",\"@id\":\"https:\\\/\\\/secure.gravatar.com\\\/avatar\\\/bab33852abfd8b282518d6ed81826833d77c3c882d9ab608add591ccace47a44?s=96&d=mm&r=g\",\"url\":\"https:\\\/\\\/secure.gravatar.com\\\/avatar\\\/bab33852abfd8b282518d6ed81826833d77c3c882d9ab608add591ccace47a44?s=96&d=mm&r=g\",\"contentUrl\":\"https:\\\/\\\/secure.gravatar.com\\\/avatar\\\/bab33852abfd8b282518d6ed81826833d77c3c882d9ab608add591ccace47a44?s=96&d=mm&r=g\",\"caption\":\"Kuzeyin Sesi\"},\"sameAs\":[\"https:\\\/\\\/kuzeyinsesi.org\"],\"url\":\"https:\\\/\\\/kuzeyinsesi.org\\\/index.php\\\/author\\\/guven\\\/\"}]}<\/script>\n<!-- \/ Yoast SEO plugin. -->","yoast_head_json":{"title":"\u0130\u00e7 kesimlerde k\u0131sa s\u00fcreli sa\u011fanak bekleniyor - Kuzeyin Sesi","robots":{"index":"index","follow":"follow","max-snippet":"max-snippet:-1","max-image-preview":"max-image-preview:large","max-video-preview":"max-video-preview:-1"},"canonical":"https:\/\/kuzeyinsesi.org\/index.php\/2026\/09\/05\/ic-kesimlerde-kisa-sureli-saganak-bekleniyor\/","og_locale":"tr_TR","og_type":"article","og_title":"\u0130\u00e7 kesimlerde k\u0131sa s\u00fcreli sa\u011fanak bekleniyor - Kuzeyin Sesi","og_description":"Meteoroloji Dairesi, bug\u00fcn \u00f6\u011fle saatlerinde i\u00e7 kesimlerde k\u0131sa s\u00fcreli sa\u011fanak ya\u011f\u0131\u015f beklendi\u011fini a\u00e7\u0131klad\u0131. Hava s\u0131cakl\u0131\u011f\u0131n\u0131n i\u00e7 kesimlerde 39 dereceye kadar \u00e7\u0131kmas\u0131 \u00f6ng\u00f6r\u00fcl\u00fcyor. \u00d6\u011eLE SAATLER\u0130NDE SA\u011eANAK BEKLEN\u0130YOR Meteoroloji Dairesi\u2019nin 5-11 Eyl\u00fcl tarihlerini kapsayan Haftal\u0131k Hava Tahmin Raporu\u2019na g\u00f6re, b\u00f6lge genel olarak s\u0131cak ve nispeten nemli, bug\u00fcn ise serin ve nemli hava k\u00fctlesinin etkisi alt\u0131nda kalacak. Bug\u00fcn [&hellip;]","og_url":"https:\/\/kuzeyinsesi.org\/index.php\/2026\/09\/05\/ic-kesimlerde-kisa-sureli-saganak-bekleniyor\/","og_site_name":"Kuzeyin Sesi","article_publisher":"https:\/\/www.facebook.com\/kuzeyinsesii","article_published_time":"2026-09-05T07:45:50+00:00","og_image":[{"width":1600,"height":900,"url":"https:\/\/kuzeyinsesi.org\/wp-content\/uploads\/2026\/09\/Kuzeyinsesikj-2026-09-05T100713.266.jpg","type":"image\/jpeg"}],"author":"Kuzeyin Sesi","twitter_card":"summary_large_image","twitter_creator":"@kuzeyinsesii","twitter_site":"@kuzeyinsesii","twitter_misc":{"Yazan:":"Kuzeyin Sesi","Tahmini okuma s\u00fcresi":"1 dakika"},"schema":{"@context":"https:\/\/schema.org","@graph":[{"@type":"Article","@id":"https:\/\/kuzeyinsesi.org\/index.php\/2026\/09\/05\/ic-kesimlerde-kisa-sureli-saganak-bekleniyor\/#article","isPartOf":{"@id":"https:\/\/kuzeyinsesi.org\/index.php\/2026\/09\/05\/ic-kesimlerde-kisa-sureli-saganak-bekleniyor\/"},"author":{"name":"Kuzeyin Sesi","@id":"https:\/\/kuzeyinsesi.org\/#\/schema\/person\/9f859689cdf01485597712386e37f5aa"},"headline":"\u0130\u00e7 kesimlerde k\u0131sa s\u00fcreli sa\u011fanak bekleniyor","datePublished":"2026-09-05T07:45:50+00:00","mainEntityOfPage":{"@id":"https:\/\/kuzeyinsesi.org\/index.php\/2026\/09\/05\/ic-kesimlerde-kisa-sureli-saganak-bekleniyor\/"},"wordCount":221,"commentCount":0,"image":{"@id":"https:\/\/kuzeyinsesi.org\/index.php\/2026\/09\/05\/ic-kesimlerde-kisa-sureli-saganak-bekleniyor\/#primaryimage"},"thumbnailUrl":"https:\/\/kuzeyinsesi.org\/wp-content\/uploads\/2026\/09\/Kuzeyinsesikj-2026-09-05T100713.266.jpg","keywords":["hava durumu","hava s\u0131cakl\u0131\u011f\u0131","KKTC hava durumu","Meteoroloji Dairesi","sa\u011fanak ya\u011f\u0131\u015f"],"articleSection":["K\u0131br\u0131s"],"inLanguage":"tr","potentialAction":[{"@type":"CommentAction","name":"Comment","target":["https:\/\/kuzeyinsesi.org\/index.php\/2026\/09\/05\/ic-kesimlerde-kisa-sureli-saganak-bekleniyor\/#respond"]}]},{"@type":"WebPage","@id":"https:\/\/kuzeyinsesi.org\/index.php\/2026\/09\/05\/ic-kesimlerde-kisa-sureli-saganak-bekleniyor\/","url":"https:\/\/kuzeyinsesi.org\/index.php\/2026\/09\/05\/ic-kesimlerde-kisa-sureli-saganak-bekleniyor\/","name":"\u0130\u00e7 kesimlerde k\u0131sa s\u00fcreli sa\u011fanak bekleniyor - Kuzeyin Sesi","isPartOf":{"@id":"https:\/\/kuzeyinsesi.org\/#website"},"primaryImageOfPage":{"@id":"https:\/\/kuzeyinsesi.org\/index.php\/2026\/09\/05\/ic-kesimlerde-kisa-sureli-saganak-bekleniyor\/#primaryimage"},"image":{"@id":"https:\/\/kuzeyinsesi.org\/index.php\/2026\/09\/05\/ic-kesimlerde-kisa-sureli-saganak-bekleniyor\/#primaryimage"},"thumbnailUrl":"https:\/\/kuzeyinsesi.org\/wp-content\/uploads\/2026\/09\/Kuzeyinsesikj-2026-09-05T100713.266.jpg","datePublished":"2026-09-05T07:45:50+00:00","author":{"@id":"https:\/\/kuzeyinsesi.org\/#\/schema\/person\/9f859689cdf01485597712386e37f5aa"},"breadcrumb":{"@id":"https:\/\/kuzeyinsesi.org\/index.php\/2026\/09\/05\/ic-kesimlerde-kisa-sureli-saganak-bekleniyor\/#breadcrumb"},"inLanguage":"tr","potentialAction":[{"@type":"ReadAction","target":["https:\/\/kuzeyinsesi.org\/index.php\/2026\/09\/05\/ic-kesimlerde-kisa-sureli-saganak-bekleniyor\/"]}]},{"@type":"ImageObject","inLanguage":"tr","@id":"https:\/\/kuzeyinsesi.org\/index.php\/2026\/09\/05\/ic-kesimlerde-kisa-sureli-saganak-bekleniyor\/#primaryimage","url":"https:\/\/kuzeyinsesi.org\/wp-content\/uploads\/2026\/09\/Kuzeyinsesikj-2026-09-05T100713.266.jpg","contentUrl":"https:\/\/kuzeyinsesi.org\/wp-content\/uploads\/2026\/09\/Kuzeyinsesikj-2026-09-05T100713.266.jpg","width":1600,"height":900},{"@type":"BreadcrumbList","@id":"https:\/\/kuzeyinsesi.org\/index.php\/2026\/09\/05\/ic-kesimlerde-kisa-sureli-saganak-bekleniyor\/#breadcrumb","itemListElement":[{"@type":"ListItem","position":1,"name":"Anasayfa","item":"https:\/\/kuzeyinsesi.org\/"},{"@type":"ListItem","position":2,"name":"\u0130\u00e7 kesimlerde k\u0131sa s\u00fcreli sa\u011fanak bekleniyor"}]},{"@type":"WebSite","@id":"https:\/\/kuzeyinsesi.org\/#website","url":"https:\/\/kuzeyinsesi.org\/","name":"Kuzeyin Sesi","description":"Do\u011fru Haberin Adresi","potentialAction":[{"@type":"SearchAction","target":{"@type":"EntryPoint","urlTemplate":"https:\/\/kuzeyinsesi.org\/?s={search_term_string}"},"query-input":{"@type":"PropertyValueSpecification","valueRequired":true,"valueName":"search_term_string"}}],"inLanguage":"tr"},{"@type":"Person","@id":"https:\/\/kuzeyinsesi.org\/#\/schema\/person\/9f859689cdf01485597712386e37f5aa","name":"Kuzeyin Sesi","image":{"@type":"ImageObject","inLanguage":"tr","@id":"https:\/\/secure.gravatar.com\/avatar\/bab33852abfd8b282518d6ed81826833d77c3c882d9ab608add591ccace47a44?s=96&d=mm&r=g","url":"https:\/\/secure.gravatar.com\/avatar\/bab33852abfd8b282518d6ed81826833d77c3c882d9ab608add591ccace47a44?s=96&d=mm&r=g","contentUrl":"https:\/\/secure.gravatar.com\/avatar\/bab33852abfd8b282518d6ed81826833d77c3c882d9ab608add591ccace47a44?s=96&d=mm&r=g","caption":"Kuzeyin Sesi"},"sameAs":["https:\/\/kuzeyinsesi.org"],"url":"https:\/\/kuzeyinsesi.org\/index.php\/author\/guven\/"}]}},"_links":{"self":[{"href":"https:\/\/kuzeyinsesi.org\/index.php\/wp-json\/wp\/v2\/posts\/46086","targetHints":{"allow":["GET"]}}],"collection":[{"href":"https:\/\/kuzeyinsesi.org\/index.php\/wp-json\/wp\/v2\/posts"}],"about":[{"href":"https:\/\/kuzeyinsesi.org\/index.php\/wp-json\/wp\/v2\/types\/post"}],"author":[{"embeddable":true,"href":"https:\/\/kuzeyinsesi.org\/index.php\/wp-json\/wp\/v2\/users\/1"}],"replies":[{"embeddable":true,"href":"https:\/\/kuzeyinsesi.org\/index.php\/wp-json\/wp\/v2\/comments?post=46086"}],"version-history":[{"count":1,"href":"https:\/\/kuzeyinsesi.org\/index.php\/wp-json\/wp\/v2\/posts\/46086\/revisions"}],"predecessor-version":[{"id":46088,"href":"https:\/\/kuzeyinsesi.org\/index.php\/wp-json\/wp\/v2\/posts\/46086\/revisions\/46088"}],"wp:featuredmedia":[{"embeddable":true,"href":"https:\/\/kuzeyinsesi.org\/index.php\/wp-json\/wp\/v2\/media\/46087"}],"wp:attachment":[{"href":"https:\/\/kuzeyinsesi.org\/index.php\/wp-json\/wp\/v2\/media?parent=46086"}],"wp:term":[{"taxonomy":"category","embeddable":true,"href":"https:\/\/kuzeyinsesi.org\/index.php\/wp-json\/wp\/v2\/categories?post=46086"},{"taxonomy":"post_tag","embeddable":true,"href":"https:\/\/kuzeyinsesi.org\/index.php\/wp-json\/wp\/v2\/tags?post=46086"}],"curies":[{"name":"wp","href":"https:\/\/api.w.org\/{rel}","templated":true}]}}