{"id":46082,"date":"2026-09-05T10:22:33","date_gmt":"2026-09-05T07:22:33","guid":{"rendered":"https:\/\/kuzeyinsesi.org\/?p=46082"},"modified":"2026-09-05T10:22:33","modified_gmt":"2026-09-05T07:22:33","slug":"telefon-hizmetlerinde-bugun-ve-yarin-kesinti-yasanacak","status":"publish","type":"post","link":"https:\/\/kuzeyinsesi.org\/index.php\/2026\/09\/05\/telefon-hizmetlerinde-bugun-ve-yarin-kesinti-yasanacak\/","title":{"rendered":"Telefon hizmetlerinde bug\u00fcn ve yar\u0131n kesinti ya\u015fanacak"},"content":{"rendered":"<p class=\"isSelectedEnd\">Telekom\u00fcnikasyon Dairesi, Lefko\u015fa\u2019n\u0131n baz\u0131 b\u00f6lgelerinde y\u00fcr\u00fct\u00fclen <strong>saha dolab\u0131 yenileme ve de\u011fi\u015fim \u00e7al\u0131\u015fmalar\u0131<\/strong> nedeniyle bug\u00fcn ve yar\u0131n telefon hizmetlerinde ge\u00e7ici kesintiler ya\u015fanaca\u011f\u0131n\u0131 duyurdu.<\/p>\n<h2>LEFKO\u015eA\u2019NIN D\u00d6RT B\u00d6LGES\u0130 ETK\u0130LENECEK<\/h2>\n<p class=\"isSelectedEnd\">Daireden yap\u0131lan a\u00e7\u0131klamaya g\u00f6re, hafta sonu boyunca ger\u00e7ekle\u015ftirilecek \u00e7al\u0131\u015fmalar kapsam\u0131nda mevcut altyap\u0131 yeni sisteme aktar\u0131lacak.<\/p>\n<p class=\"isSelectedEnd\">Bu s\u00fcre\u00e7te <strong>Gelibolu, Bakanl\u0131klar, K\u0131z\u0131lba\u015f ve Marmara b\u00f6lgelerinin bir k\u0131sm\u0131nda<\/strong> telefon hizmetleri belirli s\u00fcrelerle verilemeyecek.<\/p>\n<h2>EK\u0130PLER \u00c7ALI\u015eMALARINI S\u00dcRD\u00dcR\u00dcYOR<\/h2>\n<p class=\"isSelectedEnd\">Telekom\u00fcnikasyon Dairesi, saha dolaplar\u0131n\u0131n yenilenmesi ve de\u011fi\u015fimi s\u0131ras\u0131nda ya\u015fanacak kesintilerin ge\u00e7ici oldu\u011funu belirtti.<\/p>\n<p>\u00c7al\u0131\u015fmalar\u0131n en k\u0131sa s\u00fcrede tamamlanarak telefon hizmetlerinin yeniden sa\u011flanmas\u0131 i\u00e7in ekiplerin \u00e7al\u0131\u015fmalar\u0131n\u0131 s\u00fcrd\u00fcrd\u00fc\u011f\u00fc kaydedildi.<\/p>\n","protected":false},"excerpt":{"rendered":"<p>Telekom\u00fcnikasyon Dairesi, Lefko\u015fa\u2019n\u0131n baz\u0131 b\u00f6lgelerinde y\u00fcr\u00fct\u00fclen saha dolab\u0131 yenileme ve de\u011fi\u015fim \u00e7al\u0131\u015fmalar\u0131 nedeniyle bug\u00fcn ve yar\u0131n telefon hizmetlerinde ge\u00e7ici kesintiler ya\u015fanaca\u011f\u0131n\u0131 duyurdu. LEFKO\u015eA\u2019NIN D\u00d6RT B\u00d6LGES\u0130 ETK\u0130LENECEK Daireden yap\u0131lan a\u00e7\u0131klamaya g\u00f6re, hafta sonu boyunca ger\u00e7ekle\u015ftirilecek \u00e7al\u0131\u015fmalar kapsam\u0131nda mevcut altyap\u0131 yeni sisteme aktar\u0131lacak. Bu s\u00fcre\u00e7te Gelibolu, Bakanl\u0131klar, K\u0131z\u0131lba\u015f ve Marmara b\u00f6lgelerinin bir k\u0131sm\u0131nda telefon hizmetleri belirli s\u00fcrelerle [&hellip;]<\/p>\n","protected":false},"author":1,"featured_media":46083,"comment_status":"open","ping_status":"open","sticky":false,"template":"","format":"standard","meta":{"jnews-multi-image_gallery":[],"jnews_single_post":{"subtitle":"","format":"standard","override":[{"template":"1","parallax":"1","fullscreen":"1","layout":"right-sidebar","sidebar":"default-sidebar","second_sidebar":"default-sidebar","sticky_sidebar":"1","share_position":"top","share_float_style":"share-monocrhome","show_featured":"1","show_post_author":"1","show_post_author_image":"1","show_post_date":"1","post_date_format":"default","post_date_format_custom":"Y\/m\/d","show_post_category":"1","show_post_reading_time":"0","post_reading_time_wpm":"300","post_calculate_word_method":"str_word_count","show_zoom_button":"0","zoom_button_out_step":"2","zoom_button_in_step":"3","show_post_tag":"1","show_prev_next_post":"1","show_popup_post":"1","show_comment_section":"1","number_popup_post":"1","show_author_box":"0","show_post_related":"0","show_inline_post_related":"0"}],"image_override":[{"single_post_thumbnail_size":"crop-500","single_post_gallery_size":"crop-500"}],"trending_post_position":"meta","trending_post_label":"Trending","sponsored_post_label":"Sponsored by","disable_ad":"0"},"jnews_primary_category":[],"jnews_social_meta":[],"jnews_override_counter":{"view_counter_number":"0","share_counter_number":"0","like_counter_number":"0","dislike_counter_number":"0"},"footnotes":""},"categories":[1],"tags":[7046,161,7045,7047,7044],"class_list":["post-46082","post","type-post","status-publish","format-standard","has-post-thumbnail","hentry","category-kibris","tag-gelibolu","tag-lefkosa","tag-telefon-kesintisi","tag-telekomunikasyon","tag-telekomunikasyon-dairesi"],"yoast_head":"<!-- This site is optimized with the Yoast SEO plugin v28.4 - https:\/\/yoast.com\/product\/yoast-seo-wordpress\/ -->\n<title>Telefon hizmetlerinde bug\u00fcn ve yar\u0131n kesinti ya\u015fanacak - Kuzeyin Sesi<\/title>\n<meta name=\"robots\" content=\"index, follow, max-snippet:-1, max-image-preview:large, max-video-preview:-1\" \/>\n<link rel=\"canonical\" href=\"https:\/\/kuzeyinsesi.org\/index.php\/2026\/09\/05\/telefon-hizmetlerinde-bugun-ve-yarin-kesinti-yasanacak\/\" \/>\n<meta property=\"og:locale\" content=\"tr_TR\" \/>\n<meta property=\"og:type\" content=\"article\" \/>\n<meta property=\"og:title\" content=\"Telefon hizmetlerinde bug\u00fcn ve yar\u0131n kesinti ya\u015fanacak - Kuzeyin Sesi\" \/>\n<meta property=\"og:description\" content=\"Telekom\u00fcnikasyon Dairesi, Lefko\u015fa\u2019n\u0131n baz\u0131 b\u00f6lgelerinde y\u00fcr\u00fct\u00fclen saha dolab\u0131 yenileme ve de\u011fi\u015fim \u00e7al\u0131\u015fmalar\u0131 nedeniyle bug\u00fcn ve yar\u0131n telefon hizmetlerinde ge\u00e7ici kesintiler ya\u015fanaca\u011f\u0131n\u0131 duyurdu. LEFKO\u015eA\u2019NIN D\u00d6RT B\u00d6LGES\u0130 ETK\u0130LENECEK Daireden yap\u0131lan a\u00e7\u0131klamaya g\u00f6re, hafta sonu boyunca ger\u00e7ekle\u015ftirilecek \u00e7al\u0131\u015fmalar kapsam\u0131nda mevcut altyap\u0131 yeni sisteme aktar\u0131lacak. Bu s\u00fcre\u00e7te Gelibolu, Bakanl\u0131klar, K\u0131z\u0131lba\u015f ve Marmara b\u00f6lgelerinin bir k\u0131sm\u0131nda telefon hizmetleri belirli s\u00fcrelerle [&hellip;]\" \/>\n<meta property=\"og:url\" content=\"https:\/\/kuzeyinsesi.org\/index.php\/2026\/09\/05\/telefon-hizmetlerinde-bugun-ve-yarin-kesinti-yasanacak\/\" \/>\n<meta property=\"og:site_name\" content=\"Kuzeyin Sesi\" \/>\n<meta property=\"article:publisher\" content=\"https:\/\/www.facebook.com\/kuzeyinsesii\" \/>\n<meta property=\"article:published_time\" content=\"2026-09-05T07:22:33+00:00\" \/>\n<meta property=\"og:image\" content=\"https:\/\/kuzeyinsesi.org\/wp-content\/uploads\/2026\/09\/Kuzeyinsesikj-2026-09-05T102033.899.jpg\" \/>\n\t<meta property=\"og:image:width\" content=\"1600\" \/>\n\t<meta property=\"og:image:height\" content=\"900\" \/>\n\t<meta property=\"og:image:type\" content=\"image\/jpeg\" \/>\n<meta name=\"author\" content=\"Kuzeyin Sesi\" \/>\n<meta name=\"twitter:card\" content=\"summary_large_image\" \/>\n<meta name=\"twitter:creator\" content=\"@kuzeyinsesii\" \/>\n<meta name=\"twitter:site\" content=\"@kuzeyinsesii\" \/>\n<meta name=\"twitter:label1\" content=\"Yazan:\" \/>\n\t<meta name=\"twitter:data1\" content=\"Kuzeyin Sesi\" \/>\n\t<meta name=\"twitter:label2\" content=\"Tahmini okuma s\u00fcresi\" \/>\n\t<meta name=\"twitter:data2\" content=\"1 dakika\" \/>\n<script type=\"application\/ld+json\" class=\"yoast-schema-graph\">{\"@context\":\"https:\\\/\\\/schema.org\",\"@graph\":[{\"@type\":\"Article\",\"@id\":\"https:\\\/\\\/kuzeyinsesi.org\\\/index.php\\\/2026\\\/09\\\/05\\\/telefon-hizmetlerinde-bugun-ve-yarin-kesinti-yasanacak\\\/#article\",\"isPartOf\":{\"@id\":\"https:\\\/\\\/kuzeyinsesi.org\\\/index.php\\\/2026\\\/09\\\/05\\\/telefon-hizmetlerinde-bugun-ve-yarin-kesinti-yasanacak\\\/\"},\"author\":{\"name\":\"Kuzeyin Sesi\",\"@id\":\"https:\\\/\\\/kuzeyinsesi.org\\\/#\\\/schema\\\/person\\\/9f859689cdf01485597712386e37f5aa\"},\"headline\":\"Telefon hizmetlerinde bug\u00fcn ve yar\u0131n kesinti ya\u015fanacak\",\"datePublished\":\"2026-09-05T07:22:33+00:00\",\"mainEntityOfPage\":{\"@id\":\"https:\\\/\\\/kuzeyinsesi.org\\\/index.php\\\/2026\\\/09\\\/05\\\/telefon-hizmetlerinde-bugun-ve-yarin-kesinti-yasanacak\\\/\"},\"wordCount\":159,\"commentCount\":0,\"image\":{\"@id\":\"https:\\\/\\\/kuzeyinsesi.org\\\/index.php\\\/2026\\\/09\\\/05\\\/telefon-hizmetlerinde-bugun-ve-yarin-kesinti-yasanacak\\\/#primaryimage\"},\"thumbnailUrl\":\"https:\\\/\\\/kuzeyinsesi.org\\\/wp-content\\\/uploads\\\/2026\\\/09\\\/Kuzeyinsesikj-2026-09-05T102033.899.jpg\",\"keywords\":[\"Gelibolu\",\"Lefko\u015fa\",\"Telefon Kesintisi\",\"Telekom\u00fcnikasyon\",\"Telekom\u00fcnikasyon Dairesi\"],\"articleSection\":[\"K\u0131br\u0131s\"],\"inLanguage\":\"tr\",\"potentialAction\":[{\"@type\":\"CommentAction\",\"name\":\"Comment\",\"target\":[\"https:\\\/\\\/kuzeyinsesi.org\\\/index.php\\\/2026\\\/09\\\/05\\\/telefon-hizmetlerinde-bugun-ve-yarin-kesinti-yasanacak\\\/#respond\"]}]},{\"@type\":\"WebPage\",\"@id\":\"https:\\\/\\\/kuzeyinsesi.org\\\/index.php\\\/2026\\\/09\\\/05\\\/telefon-hizmetlerinde-bugun-ve-yarin-kesinti-yasanacak\\\/\",\"url\":\"https:\\\/\\\/kuzeyinsesi.org\\\/index.php\\\/2026\\\/09\\\/05\\\/telefon-hizmetlerinde-bugun-ve-yarin-kesinti-yasanacak\\\/\",\"name\":\"Telefon hizmetlerinde bug\u00fcn ve yar\u0131n kesinti ya\u015fanacak - Kuzeyin Sesi\",\"isPartOf\":{\"@id\":\"https:\\\/\\\/kuzeyinsesi.org\\\/#website\"},\"primaryImageOfPage\":{\"@id\":\"https:\\\/\\\/kuzeyinsesi.org\\\/index.php\\\/2026\\\/09\\\/05\\\/telefon-hizmetlerinde-bugun-ve-yarin-kesinti-yasanacak\\\/#primaryimage\"},\"image\":{\"@id\":\"https:\\\/\\\/kuzeyinsesi.org\\\/index.php\\\/2026\\\/09\\\/05\\\/telefon-hizmetlerinde-bugun-ve-yarin-kesinti-yasanacak\\\/#primaryimage\"},\"thumbnailUrl\":\"https:\\\/\\\/kuzeyinsesi.org\\\/wp-content\\\/uploads\\\/2026\\\/09\\\/Kuzeyinsesikj-2026-09-05T102033.899.jpg\",\"datePublished\":\"2026-09-05T07:22:33+00:00\",\"author\":{\"@id\":\"https:\\\/\\\/kuzeyinsesi.org\\\/#\\\/schema\\\/person\\\/9f859689cdf01485597712386e37f5aa\"},\"breadcrumb\":{\"@id\":\"https:\\\/\\\/kuzeyinsesi.org\\\/index.php\\\/2026\\\/09\\\/05\\\/telefon-hizmetlerinde-bugun-ve-yarin-kesinti-yasanacak\\\/#breadcrumb\"},\"inLanguage\":\"tr\",\"potentialAction\":[{\"@type\":\"ReadAction\",\"target\":[\"https:\\\/\\\/kuzeyinsesi.org\\\/index.php\\\/2026\\\/09\\\/05\\\/telefon-hizmetlerinde-bugun-ve-yarin-kesinti-yasanacak\\\/\"]}]},{\"@type\":\"ImageObject\",\"inLanguage\":\"tr\",\"@id\":\"https:\\\/\\\/kuzeyinsesi.org\\\/index.php\\\/2026\\\/09\\\/05\\\/telefon-hizmetlerinde-bugun-ve-yarin-kesinti-yasanacak\\\/#primaryimage\",\"url\":\"https:\\\/\\\/kuzeyinsesi.org\\\/wp-content\\\/uploads\\\/2026\\\/09\\\/Kuzeyinsesikj-2026-09-05T102033.899.jpg\",\"contentUrl\":\"https:\\\/\\\/kuzeyinsesi.org\\\/wp-content\\\/uploads\\\/2026\\\/09\\\/Kuzeyinsesikj-2026-09-05T102033.899.jpg\",\"width\":1600,\"height\":900},{\"@type\":\"BreadcrumbList\",\"@id\":\"https:\\\/\\\/kuzeyinsesi.org\\\/index.php\\\/2026\\\/09\\\/05\\\/telefon-hizmetlerinde-bugun-ve-yarin-kesinti-yasanacak\\\/#breadcrumb\",\"itemListElement\":[{\"@type\":\"ListItem\",\"position\":1,\"name\":\"Anasayfa\",\"item\":\"https:\\\/\\\/kuzeyinsesi.org\\\/\"},{\"@type\":\"ListItem\",\"position\":2,\"name\":\"Telefon hizmetlerinde bug\u00fcn ve yar\u0131n kesinti ya\u015fanacak\"}]},{\"@type\":\"WebSite\",\"@id\":\"https:\\\/\\\/kuzeyinsesi.org\\\/#website\",\"url\":\"https:\\\/\\\/kuzeyinsesi.org\\\/\",\"name\":\"Kuzeyin Sesi\",\"description\":\"Do\u011fru Haberin Adresi\",\"potentialAction\":[{\"@type\":\"SearchAction\",\"target\":{\"@type\":\"EntryPoint\",\"urlTemplate\":\"https:\\\/\\\/kuzeyinsesi.org\\\/?s={search_term_string}\"},\"query-input\":{\"@type\":\"PropertyValueSpecification\",\"valueRequired\":true,\"valueName\":\"search_term_string\"}}],\"inLanguage\":\"tr\"},{\"@type\":\"Person\",\"@id\":\"https:\\\/\\\/kuzeyinsesi.org\\\/#\\\/schema\\\/person\\\/9f859689cdf01485597712386e37f5aa\",\"name\":\"Kuzeyin Sesi\",\"image\":{\"@type\":\"ImageObject\",\"inLanguage\":\"tr\",\"@id\":\"https:\\\/\\\/secure.gravatar.com\\\/avatar\\\/bab33852abfd8b282518d6ed81826833d77c3c882d9ab608add591ccace47a44?s=96&d=mm&r=g\",\"url\":\"https:\\\/\\\/secure.gravatar.com\\\/avatar\\\/bab33852abfd8b282518d6ed81826833d77c3c882d9ab608add591ccace47a44?s=96&d=mm&r=g\",\"contentUrl\":\"https:\\\/\\\/secure.gravatar.com\\\/avatar\\\/bab33852abfd8b282518d6ed81826833d77c3c882d9ab608add591ccace47a44?s=96&d=mm&r=g\",\"caption\":\"Kuzeyin Sesi\"},\"sameAs\":[\"https:\\\/\\\/kuzeyinsesi.org\"],\"url\":\"https:\\\/\\\/kuzeyinsesi.org\\\/index.php\\\/author\\\/guven\\\/\"}]}<\/script>\n<!-- \/ Yoast SEO plugin. -->","yoast_head_json":{"title":"Telefon hizmetlerinde bug\u00fcn ve yar\u0131n kesinti ya\u015fanacak - Kuzeyin Sesi","robots":{"index":"index","follow":"follow","max-snippet":"max-snippet:-1","max-image-preview":"max-image-preview:large","max-video-preview":"max-video-preview:-1"},"canonical":"https:\/\/kuzeyinsesi.org\/index.php\/2026\/09\/05\/telefon-hizmetlerinde-bugun-ve-yarin-kesinti-yasanacak\/","og_locale":"tr_TR","og_type":"article","og_title":"Telefon hizmetlerinde bug\u00fcn ve yar\u0131n kesinti ya\u015fanacak - Kuzeyin Sesi","og_description":"Telekom\u00fcnikasyon Dairesi, Lefko\u015fa\u2019n\u0131n baz\u0131 b\u00f6lgelerinde y\u00fcr\u00fct\u00fclen saha dolab\u0131 yenileme ve de\u011fi\u015fim \u00e7al\u0131\u015fmalar\u0131 nedeniyle bug\u00fcn ve yar\u0131n telefon hizmetlerinde ge\u00e7ici kesintiler ya\u015fanaca\u011f\u0131n\u0131 duyurdu. LEFKO\u015eA\u2019NIN D\u00d6RT B\u00d6LGES\u0130 ETK\u0130LENECEK Daireden yap\u0131lan a\u00e7\u0131klamaya g\u00f6re, hafta sonu boyunca ger\u00e7ekle\u015ftirilecek \u00e7al\u0131\u015fmalar kapsam\u0131nda mevcut altyap\u0131 yeni sisteme aktar\u0131lacak. Bu s\u00fcre\u00e7te Gelibolu, Bakanl\u0131klar, K\u0131z\u0131lba\u015f ve Marmara b\u00f6lgelerinin bir k\u0131sm\u0131nda telefon hizmetleri belirli s\u00fcrelerle [&hellip;]","og_url":"https:\/\/kuzeyinsesi.org\/index.php\/2026\/09\/05\/telefon-hizmetlerinde-bugun-ve-yarin-kesinti-yasanacak\/","og_site_name":"Kuzeyin Sesi","article_publisher":"https:\/\/www.facebook.com\/kuzeyinsesii","article_published_time":"2026-09-05T07:22:33+00:00","og_image":[{"width":1600,"height":900,"url":"https:\/\/kuzeyinsesi.org\/wp-content\/uploads\/2026\/09\/Kuzeyinsesikj-2026-09-05T102033.899.jpg","type":"image\/jpeg"}],"author":"Kuzeyin Sesi","twitter_card":"summary_large_image","twitter_creator":"@kuzeyinsesii","twitter_site":"@kuzeyinsesii","twitter_misc":{"Yazan:":"Kuzeyin Sesi","Tahmini okuma s\u00fcresi":"1 dakika"},"schema":{"@context":"https:\/\/schema.org","@graph":[{"@type":"Article","@id":"https:\/\/kuzeyinsesi.org\/index.php\/2026\/09\/05\/telefon-hizmetlerinde-bugun-ve-yarin-kesinti-yasanacak\/#article","isPartOf":{"@id":"https:\/\/kuzeyinsesi.org\/index.php\/2026\/09\/05\/telefon-hizmetlerinde-bugun-ve-yarin-kesinti-yasanacak\/"},"author":{"name":"Kuzeyin Sesi","@id":"https:\/\/kuzeyinsesi.org\/#\/schema\/person\/9f859689cdf01485597712386e37f5aa"},"headline":"Telefon hizmetlerinde bug\u00fcn ve yar\u0131n kesinti ya\u015fanacak","datePublished":"2026-09-05T07:22:33+00:00","mainEntityOfPage":{"@id":"https:\/\/kuzeyinsesi.org\/index.php\/2026\/09\/05\/telefon-hizmetlerinde-bugun-ve-yarin-kesinti-yasanacak\/"},"wordCount":159,"commentCount":0,"image":{"@id":"https:\/\/kuzeyinsesi.org\/index.php\/2026\/09\/05\/telefon-hizmetlerinde-bugun-ve-yarin-kesinti-yasanacak\/#primaryimage"},"thumbnailUrl":"https:\/\/kuzeyinsesi.org\/wp-content\/uploads\/2026\/09\/Kuzeyinsesikj-2026-09-05T102033.899.jpg","keywords":["Gelibolu","Lefko\u015fa","Telefon Kesintisi","Telekom\u00fcnikasyon","Telekom\u00fcnikasyon Dairesi"],"articleSection":["K\u0131br\u0131s"],"inLanguage":"tr","potentialAction":[{"@type":"CommentAction","name":"Comment","target":["https:\/\/kuzeyinsesi.org\/index.php\/2026\/09\/05\/telefon-hizmetlerinde-bugun-ve-yarin-kesinti-yasanacak\/#respond"]}]},{"@type":"WebPage","@id":"https:\/\/kuzeyinsesi.org\/index.php\/2026\/09\/05\/telefon-hizmetlerinde-bugun-ve-yarin-kesinti-yasanacak\/","url":"https:\/\/kuzeyinsesi.org\/index.php\/2026\/09\/05\/telefon-hizmetlerinde-bugun-ve-yarin-kesinti-yasanacak\/","name":"Telefon hizmetlerinde bug\u00fcn ve yar\u0131n kesinti ya\u015fanacak - Kuzeyin Sesi","isPartOf":{"@id":"https:\/\/kuzeyinsesi.org\/#website"},"primaryImageOfPage":{"@id":"https:\/\/kuzeyinsesi.org\/index.php\/2026\/09\/05\/telefon-hizmetlerinde-bugun-ve-yarin-kesinti-yasanacak\/#primaryimage"},"image":{"@id":"https:\/\/kuzeyinsesi.org\/index.php\/2026\/09\/05\/telefon-hizmetlerinde-bugun-ve-yarin-kesinti-yasanacak\/#primaryimage"},"thumbnailUrl":"https:\/\/kuzeyinsesi.org\/wp-content\/uploads\/2026\/09\/Kuzeyinsesikj-2026-09-05T102033.899.jpg","datePublished":"2026-09-05T07:22:33+00:00","author":{"@id":"https:\/\/kuzeyinsesi.org\/#\/schema\/person\/9f859689cdf01485597712386e37f5aa"},"breadcrumb":{"@id":"https:\/\/kuzeyinsesi.org\/index.php\/2026\/09\/05\/telefon-hizmetlerinde-bugun-ve-yarin-kesinti-yasanacak\/#breadcrumb"},"inLanguage":"tr","potentialAction":[{"@type":"ReadAction","target":["https:\/\/kuzeyinsesi.org\/index.php\/2026\/09\/05\/telefon-hizmetlerinde-bugun-ve-yarin-kesinti-yasanacak\/"]}]},{"@type":"ImageObject","inLanguage":"tr","@id":"https:\/\/kuzeyinsesi.org\/index.php\/2026\/09\/05\/telefon-hizmetlerinde-bugun-ve-yarin-kesinti-yasanacak\/#primaryimage","url":"https:\/\/kuzeyinsesi.org\/wp-content\/uploads\/2026\/09\/Kuzeyinsesikj-2026-09-05T102033.899.jpg","contentUrl":"https:\/\/kuzeyinsesi.org\/wp-content\/uploads\/2026\/09\/Kuzeyinsesikj-2026-09-05T102033.899.jpg","width":1600,"height":900},{"@type":"BreadcrumbList","@id":"https:\/\/kuzeyinsesi.org\/index.php\/2026\/09\/05\/telefon-hizmetlerinde-bugun-ve-yarin-kesinti-yasanacak\/#breadcrumb","itemListElement":[{"@type":"ListItem","position":1,"name":"Anasayfa","item":"https:\/\/kuzeyinsesi.org\/"},{"@type":"ListItem","position":2,"name":"Telefon hizmetlerinde bug\u00fcn ve yar\u0131n kesinti ya\u015fanacak"}]},{"@type":"WebSite","@id":"https:\/\/kuzeyinsesi.org\/#website","url":"https:\/\/kuzeyinsesi.org\/","name":"Kuzeyin Sesi","description":"Do\u011fru Haberin Adresi","potentialAction":[{"@type":"SearchAction","target":{"@type":"EntryPoint","urlTemplate":"https:\/\/kuzeyinsesi.org\/?s={search_term_string}"},"query-input":{"@type":"PropertyValueSpecification","valueRequired":true,"valueName":"search_term_string"}}],"inLanguage":"tr"},{"@type":"Person","@id":"https:\/\/kuzeyinsesi.org\/#\/schema\/person\/9f859689cdf01485597712386e37f5aa","name":"Kuzeyin Sesi","image":{"@type":"ImageObject","inLanguage":"tr","@id":"https:\/\/secure.gravatar.com\/avatar\/bab33852abfd8b282518d6ed81826833d77c3c882d9ab608add591ccace47a44?s=96&d=mm&r=g","url":"https:\/\/secure.gravatar.com\/avatar\/bab33852abfd8b282518d6ed81826833d77c3c882d9ab608add591ccace47a44?s=96&d=mm&r=g","contentUrl":"https:\/\/secure.gravatar.com\/avatar\/bab33852abfd8b282518d6ed81826833d77c3c882d9ab608add591ccace47a44?s=96&d=mm&r=g","caption":"Kuzeyin Sesi"},"sameAs":["https:\/\/kuzeyinsesi.org"],"url":"https:\/\/kuzeyinsesi.org\/index.php\/author\/guven\/"}]}},"_links":{"self":[{"href":"https:\/\/kuzeyinsesi.org\/index.php\/wp-json\/wp\/v2\/posts\/46082","targetHints":{"allow":["GET"]}}],"collection":[{"href":"https:\/\/kuzeyinsesi.org\/index.php\/wp-json\/wp\/v2\/posts"}],"about":[{"href":"https:\/\/kuzeyinsesi.org\/index.php\/wp-json\/wp\/v2\/types\/post"}],"author":[{"embeddable":true,"href":"https:\/\/kuzeyinsesi.org\/index.php\/wp-json\/wp\/v2\/users\/1"}],"replies":[{"embeddable":true,"href":"https:\/\/kuzeyinsesi.org\/index.php\/wp-json\/wp\/v2\/comments?post=46082"}],"version-history":[{"count":1,"href":"https:\/\/kuzeyinsesi.org\/index.php\/wp-json\/wp\/v2\/posts\/46082\/revisions"}],"predecessor-version":[{"id":46084,"href":"https:\/\/kuzeyinsesi.org\/index.php\/wp-json\/wp\/v2\/posts\/46082\/revisions\/46084"}],"wp:featuredmedia":[{"embeddable":true,"href":"https:\/\/kuzeyinsesi.org\/index.php\/wp-json\/wp\/v2\/media\/46083"}],"wp:attachment":[{"href":"https:\/\/kuzeyinsesi.org\/index.php\/wp-json\/wp\/v2\/media?parent=46082"}],"wp:term":[{"taxonomy":"category","embeddable":true,"href":"https:\/\/kuzeyinsesi.org\/index.php\/wp-json\/wp\/v2\/categories?post=46082"},{"taxonomy":"post_tag","embeddable":true,"href":"https:\/\/kuzeyinsesi.org\/index.php\/wp-json\/wp\/v2\/tags?post=46082"}],"curies":[{"name":"wp","href":"https:\/\/api.w.org\/{rel}","templated":true}]}}