{"id":46072,"date":"2026-09-04T23:35:05","date_gmt":"2026-09-04T20:35:05","guid":{"rendered":"https:\/\/kuzeyinsesi.org\/index.php\/2026\/09\/04\/bm-suriyede-savas-kalintisi-muhimmat-patlamasinda-6si-cocuk-9-kisi-oldu\/"},"modified":"2026-09-04T23:35:05","modified_gmt":"2026-09-04T20:35:05","slug":"bm-suriyede-savas-kalintisi-muhimmat-patlamasinda-6si-cocuk-9-kisi-oldu","status":"publish","type":"post","link":"https:\/\/kuzeyinsesi.org\/index.php\/2026\/09\/04\/bm-suriyede-savas-kalintisi-muhimmat-patlamasinda-6si-cocuk-9-kisi-oldu\/","title":{"rendered":"BM: Suriye&#039;de sava\u015f kal\u0131nt\u0131s\u0131 m\u00fchimmat patlamas\u0131nda 6&#039;s\u0131 \u00e7ocuk 9 ki\u015fi \u00f6ld\u00fc"},"content":{"rendered":"<p><\/p>\n<div>\n<p>&#13;<br \/>\n\tBM Genel Sekreter S\u00f6zc\u00fcs\u00fc Stephane Dujarric, g\u00fcnl\u00fck bas\u0131n toplant\u0131s\u0131nda, Orta Do\u011fu&#8217;daki geli\u015fmelere ili\u015fkin gazetecileri bilgilendirdi.<\/p>\n<p>&#13;<br \/>\n\tSava\u015f kal\u0131nt\u0131s\u0131 patlay\u0131c\u0131lar\u0131n siviller, \u00f6zellikle de \u00e7ocuklar i\u00e7in olu\u015fturdu\u011fu tehlikenin son derece endi\u015fe verici oldu\u011funa dikkati \u00e7eken Dujarric, BM \u0130nsani \u0130\u015fler Koordinasyon Ofisinin (UNOCHA) raporlar\u0131n\u0131 payla\u015ft\u0131.<\/p>\n<p>&#13;<br \/>\n\tDujarric, &#8220;UNOCHA&#8217;da \u00e7al\u0131\u015fan meslekta\u015flar\u0131m\u0131z, ge\u00e7ti\u011fimiz hafta Suriye&#8217;nin 6 b\u00f6lgesinde bir d\u00fczine patlay\u0131c\u0131 m\u00fchimmat vakas\u0131 kaydedildi\u011fini, bu olaylarda 6&#8217;s\u0131 \u00e7ocuk 9 ki\u015finin hayat\u0131n\u0131 kaybetti\u011fini ve 13 ki\u015finin yaraland\u0131\u011f\u0131n\u0131 bildirdi.&#8221; ifadesini kulland\u0131.<\/p>\n<h2>&#13;<br \/>\n\tPatlay\u0131c\u0131 m\u00fchimmatlar\u0131n temizlenmesi gerekiyor<\/h2>\n<p>&#13;<br \/>\n\tBu konuda en \u00f6l\u00fcmc\u00fcl olay\u0131n Dera b\u00f6lgesinde ya\u015fand\u0131\u011f\u0131n\u0131 aktaran Dujarric, bir sivil arac\u0131n ge\u00e7i\u015fi s\u0131ras\u0131nda infilak eden kara may\u0131n\u0131n\u0131n 5 \u00e7ocu\u011fun \u00f6l\u00fcm\u00fcne ve 3 \u00e7ocu\u011fun yaralanmas\u0131na yol a\u00e7t\u0131\u011f\u0131n\u0131 belirtti.<\/p>\n<p>&#13;<br \/>\n\tDujarric, &#8220;En fazla vakan\u0131n kaydedildi\u011fi yer Rakka oldu. Bu durum, Suriye&#8217;nin kuzeyinde sava\u015f kal\u0131nt\u0131lar\u0131n\u0131n yaratt\u0131\u011f\u0131 tehlikelerin s\u00fcrd\u00fc\u011f\u00fcn\u00fc g\u00f6zler \u00f6n\u00fcne seriyor.&#8221; dedi.<\/p>\n<p>&#13;<br \/>\n\tBu konuda at\u0131lmas\u0131 gereken ad\u0131mlara dikkati \u00e7eken Dujarric, sivilleri korumak ve evlerine g\u00fcvenli \u015fekilde d\u00f6nmelerini sa\u011flamak i\u00e7in patlay\u0131c\u0131 m\u00fchimmat temizli\u011fi, risk e\u011fitimi ve ma\u011fdurlara y\u00f6nelik yard\u0131mlar\u0131n &#8220;hayati \u00f6nem ta\u015f\u0131d\u0131\u011f\u0131n\u0131&#8221; kaydetti.<\/p>\n<\/p><\/div>\n","protected":false},"excerpt":{"rendered":"<p>&#13; BM Genel Sekreter S\u00f6zc\u00fcs\u00fc Stephane Dujarric, g\u00fcnl\u00fck bas\u0131n toplant\u0131s\u0131nda, Orta Do\u011fu&#8217;daki geli\u015fmelere ili\u015fkin gazetecileri bilgilendirdi. &#13; Sava\u015f kal\u0131nt\u0131s\u0131 patlay\u0131c\u0131lar\u0131n siviller, \u00f6zellikle de \u00e7ocuklar i\u00e7in olu\u015fturdu\u011fu tehlikenin son derece endi\u015fe verici oldu\u011funa dikkati \u00e7eken Dujarric, BM \u0130nsani \u0130\u015fler Koordinasyon Ofisinin (UNOCHA) raporlar\u0131n\u0131 payla\u015ft\u0131. &#13; Dujarric, &#8220;UNOCHA&#8217;da \u00e7al\u0131\u015fan meslekta\u015flar\u0131m\u0131z, ge\u00e7ti\u011fimiz hafta Suriye&#8217;nin 6 b\u00f6lgesinde bir d\u00fczine [&hellip;]<\/p>\n","protected":false},"author":1,"featured_media":46073,"comment_status":"open","ping_status":"open","sticky":false,"template":"","format":"standard","meta":{"jnews-multi-image_gallery":[],"jnews_single_post":[],"jnews_primary_category":[],"jnews_social_meta":[],"jnews_override_counter":[],"footnotes":""},"categories":[2],"tags":[],"class_list":["post-46072","post","type-post","status-publish","format-standard","has-post-thumbnail","hentry","category-dunya"],"yoast_head":"<!-- This site is optimized with the Yoast SEO plugin v28.4 - https:\/\/yoast.com\/product\/yoast-seo-wordpress\/ -->\n<title>BM: Suriye&#039;de sava\u015f kal\u0131nt\u0131s\u0131 m\u00fchimmat patlamas\u0131nda 6&#039;s\u0131 \u00e7ocuk 9 ki\u015fi \u00f6ld\u00fc - Kuzeyin Sesi<\/title>\n<meta name=\"robots\" content=\"index, follow, max-snippet:-1, max-image-preview:large, max-video-preview:-1\" \/>\n<link rel=\"canonical\" href=\"https:\/\/kuzeyinsesi.org\/index.php\/2026\/09\/04\/bm-suriyede-savas-kalintisi-muhimmat-patlamasinda-6si-cocuk-9-kisi-oldu\/\" \/>\n<meta property=\"og:locale\" content=\"tr_TR\" \/>\n<meta property=\"og:type\" content=\"article\" \/>\n<meta property=\"og:title\" content=\"BM: Suriye&#039;de sava\u015f kal\u0131nt\u0131s\u0131 m\u00fchimmat patlamas\u0131nda 6&#039;s\u0131 \u00e7ocuk 9 ki\u015fi \u00f6ld\u00fc - Kuzeyin Sesi\" \/>\n<meta property=\"og:description\" content=\"&#013; BM Genel Sekreter S\u00f6zc\u00fcs\u00fc Stephane Dujarric, g\u00fcnl\u00fck bas\u0131n toplant\u0131s\u0131nda, Orta Do\u011fu&#8217;daki geli\u015fmelere ili\u015fkin gazetecileri bilgilendirdi. &#013; Sava\u015f kal\u0131nt\u0131s\u0131 patlay\u0131c\u0131lar\u0131n siviller, \u00f6zellikle de \u00e7ocuklar i\u00e7in olu\u015fturdu\u011fu tehlikenin son derece endi\u015fe verici oldu\u011funa dikkati \u00e7eken Dujarric, BM \u0130nsani \u0130\u015fler Koordinasyon Ofisinin (UNOCHA) raporlar\u0131n\u0131 payla\u015ft\u0131. &#013; Dujarric, &#8220;UNOCHA&#8217;da \u00e7al\u0131\u015fan meslekta\u015flar\u0131m\u0131z, ge\u00e7ti\u011fimiz hafta Suriye&#8217;nin 6 b\u00f6lgesinde bir d\u00fczine [&hellip;]\" \/>\n<meta property=\"og:url\" content=\"https:\/\/kuzeyinsesi.org\/index.php\/2026\/09\/04\/bm-suriyede-savas-kalintisi-muhimmat-patlamasinda-6si-cocuk-9-kisi-oldu\/\" \/>\n<meta property=\"og:site_name\" content=\"Kuzeyin Sesi\" \/>\n<meta property=\"article:publisher\" content=\"https:\/\/www.facebook.com\/kuzeyinsesii\" \/>\n<meta property=\"article:published_time\" content=\"2026-09-04T20:35:05+00:00\" \/>\n<meta property=\"og:image\" content=\"https:\/\/trthaberstatic.cdn.wp.trt.com.tr\/resimler\/1514000\/mayin-temizleme-1514649.jpg\" \/>\n<meta name=\"author\" content=\"Kuzeyin Sesi\" \/>\n<meta name=\"twitter:card\" content=\"summary_large_image\" \/>\n<meta name=\"twitter:creator\" content=\"@kuzeyinsesii\" \/>\n<meta name=\"twitter:site\" content=\"@kuzeyinsesii\" \/>\n<meta name=\"twitter:label1\" content=\"Yazan:\" \/>\n\t<meta name=\"twitter:data1\" content=\"Kuzeyin Sesi\" \/>\n\t<meta name=\"twitter:label2\" content=\"Tahmini okuma s\u00fcresi\" \/>\n\t<meta name=\"twitter:data2\" content=\"1 dakika\" \/>\n<script type=\"application\/ld+json\" class=\"yoast-schema-graph\">{\"@context\":\"https:\\\/\\\/schema.org\",\"@graph\":[{\"@type\":\"Article\",\"@id\":\"https:\\\/\\\/kuzeyinsesi.org\\\/index.php\\\/2026\\\/09\\\/04\\\/bm-suriyede-savas-kalintisi-muhimmat-patlamasinda-6si-cocuk-9-kisi-oldu\\\/#article\",\"isPartOf\":{\"@id\":\"https:\\\/\\\/kuzeyinsesi.org\\\/index.php\\\/2026\\\/09\\\/04\\\/bm-suriyede-savas-kalintisi-muhimmat-patlamasinda-6si-cocuk-9-kisi-oldu\\\/\"},\"author\":{\"name\":\"Kuzeyin Sesi\",\"@id\":\"https:\\\/\\\/kuzeyinsesi.org\\\/#\\\/schema\\\/person\\\/9f859689cdf01485597712386e37f5aa\"},\"headline\":\"BM: Suriye&#039;de sava\u015f kal\u0131nt\u0131s\u0131 m\u00fchimmat patlamas\u0131nda 6&#039;s\u0131 \u00e7ocuk 9 ki\u015fi \u00f6ld\u00fc\",\"datePublished\":\"2026-09-04T20:35:05+00:00\",\"mainEntityOfPage\":{\"@id\":\"https:\\\/\\\/kuzeyinsesi.org\\\/index.php\\\/2026\\\/09\\\/04\\\/bm-suriyede-savas-kalintisi-muhimmat-patlamasinda-6si-cocuk-9-kisi-oldu\\\/\"},\"wordCount\":258,\"commentCount\":0,\"image\":{\"@id\":\"https:\\\/\\\/kuzeyinsesi.org\\\/index.php\\\/2026\\\/09\\\/04\\\/bm-suriyede-savas-kalintisi-muhimmat-patlamasinda-6si-cocuk-9-kisi-oldu\\\/#primaryimage\"},\"thumbnailUrl\":\"https:\\\/\\\/kuzeyinsesi.org\\\/wp-content\\\/uploads\\\/2026\\\/09\\\/mayin-temizleme-1514649.jpg\",\"articleSection\":[\"D\u00fcnya\"],\"inLanguage\":\"tr\",\"potentialAction\":[{\"@type\":\"CommentAction\",\"name\":\"Comment\",\"target\":[\"https:\\\/\\\/kuzeyinsesi.org\\\/index.php\\\/2026\\\/09\\\/04\\\/bm-suriyede-savas-kalintisi-muhimmat-patlamasinda-6si-cocuk-9-kisi-oldu\\\/#respond\"]}]},{\"@type\":\"WebPage\",\"@id\":\"https:\\\/\\\/kuzeyinsesi.org\\\/index.php\\\/2026\\\/09\\\/04\\\/bm-suriyede-savas-kalintisi-muhimmat-patlamasinda-6si-cocuk-9-kisi-oldu\\\/\",\"url\":\"https:\\\/\\\/kuzeyinsesi.org\\\/index.php\\\/2026\\\/09\\\/04\\\/bm-suriyede-savas-kalintisi-muhimmat-patlamasinda-6si-cocuk-9-kisi-oldu\\\/\",\"name\":\"BM: Suriye&#039;de sava\u015f kal\u0131nt\u0131s\u0131 m\u00fchimmat patlamas\u0131nda 6&#039;s\u0131 \u00e7ocuk 9 ki\u015fi \u00f6ld\u00fc - Kuzeyin Sesi\",\"isPartOf\":{\"@id\":\"https:\\\/\\\/kuzeyinsesi.org\\\/#website\"},\"primaryImageOfPage\":{\"@id\":\"https:\\\/\\\/kuzeyinsesi.org\\\/index.php\\\/2026\\\/09\\\/04\\\/bm-suriyede-savas-kalintisi-muhimmat-patlamasinda-6si-cocuk-9-kisi-oldu\\\/#primaryimage\"},\"image\":{\"@id\":\"https:\\\/\\\/kuzeyinsesi.org\\\/index.php\\\/2026\\\/09\\\/04\\\/bm-suriyede-savas-kalintisi-muhimmat-patlamasinda-6si-cocuk-9-kisi-oldu\\\/#primaryimage\"},\"thumbnailUrl\":\"https:\\\/\\\/kuzeyinsesi.org\\\/wp-content\\\/uploads\\\/2026\\\/09\\\/mayin-temizleme-1514649.jpg\",\"datePublished\":\"2026-09-04T20:35:05+00:00\",\"author\":{\"@id\":\"https:\\\/\\\/kuzeyinsesi.org\\\/#\\\/schema\\\/person\\\/9f859689cdf01485597712386e37f5aa\"},\"breadcrumb\":{\"@id\":\"https:\\\/\\\/kuzeyinsesi.org\\\/index.php\\\/2026\\\/09\\\/04\\\/bm-suriyede-savas-kalintisi-muhimmat-patlamasinda-6si-cocuk-9-kisi-oldu\\\/#breadcrumb\"},\"inLanguage\":\"tr\",\"potentialAction\":[{\"@type\":\"ReadAction\",\"target\":[\"https:\\\/\\\/kuzeyinsesi.org\\\/index.php\\\/2026\\\/09\\\/04\\\/bm-suriyede-savas-kalintisi-muhimmat-patlamasinda-6si-cocuk-9-kisi-oldu\\\/\"]}]},{\"@type\":\"ImageObject\",\"inLanguage\":\"tr\",\"@id\":\"https:\\\/\\\/kuzeyinsesi.org\\\/index.php\\\/2026\\\/09\\\/04\\\/bm-suriyede-savas-kalintisi-muhimmat-patlamasinda-6si-cocuk-9-kisi-oldu\\\/#primaryimage\",\"url\":\"https:\\\/\\\/kuzeyinsesi.org\\\/wp-content\\\/uploads\\\/2026\\\/09\\\/mayin-temizleme-1514649.jpg\",\"contentUrl\":\"https:\\\/\\\/kuzeyinsesi.org\\\/wp-content\\\/uploads\\\/2026\\\/09\\\/mayin-temizleme-1514649.jpg\",\"width\":1280,\"height\":720},{\"@type\":\"BreadcrumbList\",\"@id\":\"https:\\\/\\\/kuzeyinsesi.org\\\/index.php\\\/2026\\\/09\\\/04\\\/bm-suriyede-savas-kalintisi-muhimmat-patlamasinda-6si-cocuk-9-kisi-oldu\\\/#breadcrumb\",\"itemListElement\":[{\"@type\":\"ListItem\",\"position\":1,\"name\":\"Anasayfa\",\"item\":\"https:\\\/\\\/kuzeyinsesi.org\\\/\"},{\"@type\":\"ListItem\",\"position\":2,\"name\":\"BM: Suriye&#039;de sava\u015f kal\u0131nt\u0131s\u0131 m\u00fchimmat patlamas\u0131nda 6&#039;s\u0131 \u00e7ocuk 9 ki\u015fi \u00f6ld\u00fc\"}]},{\"@type\":\"WebSite\",\"@id\":\"https:\\\/\\\/kuzeyinsesi.org\\\/#website\",\"url\":\"https:\\\/\\\/kuzeyinsesi.org\\\/\",\"name\":\"Kuzeyin Sesi\",\"description\":\"Do\u011fru Haberin Adresi\",\"potentialAction\":[{\"@type\":\"SearchAction\",\"target\":{\"@type\":\"EntryPoint\",\"urlTemplate\":\"https:\\\/\\\/kuzeyinsesi.org\\\/?s={search_term_string}\"},\"query-input\":{\"@type\":\"PropertyValueSpecification\",\"valueRequired\":true,\"valueName\":\"search_term_string\"}}],\"inLanguage\":\"tr\"},{\"@type\":\"Person\",\"@id\":\"https:\\\/\\\/kuzeyinsesi.org\\\/#\\\/schema\\\/person\\\/9f859689cdf01485597712386e37f5aa\",\"name\":\"Kuzeyin Sesi\",\"image\":{\"@type\":\"ImageObject\",\"inLanguage\":\"tr\",\"@id\":\"https:\\\/\\\/secure.gravatar.com\\\/avatar\\\/bab33852abfd8b282518d6ed81826833d77c3c882d9ab608add591ccace47a44?s=96&d=mm&r=g\",\"url\":\"https:\\\/\\\/secure.gravatar.com\\\/avatar\\\/bab33852abfd8b282518d6ed81826833d77c3c882d9ab608add591ccace47a44?s=96&d=mm&r=g\",\"contentUrl\":\"https:\\\/\\\/secure.gravatar.com\\\/avatar\\\/bab33852abfd8b282518d6ed81826833d77c3c882d9ab608add591ccace47a44?s=96&d=mm&r=g\",\"caption\":\"Kuzeyin Sesi\"},\"sameAs\":[\"https:\\\/\\\/kuzeyinsesi.org\"],\"url\":\"https:\\\/\\\/kuzeyinsesi.org\\\/index.php\\\/author\\\/guven\\\/\"}]}<\/script>\n<!-- \/ Yoast SEO plugin. -->","yoast_head_json":{"title":"BM: Suriye&#039;de sava\u015f kal\u0131nt\u0131s\u0131 m\u00fchimmat patlamas\u0131nda 6&#039;s\u0131 \u00e7ocuk 9 ki\u015fi \u00f6ld\u00fc - Kuzeyin Sesi","robots":{"index":"index","follow":"follow","max-snippet":"max-snippet:-1","max-image-preview":"max-image-preview:large","max-video-preview":"max-video-preview:-1"},"canonical":"https:\/\/kuzeyinsesi.org\/index.php\/2026\/09\/04\/bm-suriyede-savas-kalintisi-muhimmat-patlamasinda-6si-cocuk-9-kisi-oldu\/","og_locale":"tr_TR","og_type":"article","og_title":"BM: Suriye&#039;de sava\u015f kal\u0131nt\u0131s\u0131 m\u00fchimmat patlamas\u0131nda 6&#039;s\u0131 \u00e7ocuk 9 ki\u015fi \u00f6ld\u00fc - Kuzeyin Sesi","og_description":"&#13; BM Genel Sekreter S\u00f6zc\u00fcs\u00fc Stephane Dujarric, g\u00fcnl\u00fck bas\u0131n toplant\u0131s\u0131nda, Orta Do\u011fu&#8217;daki geli\u015fmelere ili\u015fkin gazetecileri bilgilendirdi. &#13; Sava\u015f kal\u0131nt\u0131s\u0131 patlay\u0131c\u0131lar\u0131n siviller, \u00f6zellikle de \u00e7ocuklar i\u00e7in olu\u015fturdu\u011fu tehlikenin son derece endi\u015fe verici oldu\u011funa dikkati \u00e7eken Dujarric, BM \u0130nsani \u0130\u015fler Koordinasyon Ofisinin (UNOCHA) raporlar\u0131n\u0131 payla\u015ft\u0131. &#13; Dujarric, &#8220;UNOCHA&#8217;da \u00e7al\u0131\u015fan meslekta\u015flar\u0131m\u0131z, ge\u00e7ti\u011fimiz hafta Suriye&#8217;nin 6 b\u00f6lgesinde bir d\u00fczine [&hellip;]","og_url":"https:\/\/kuzeyinsesi.org\/index.php\/2026\/09\/04\/bm-suriyede-savas-kalintisi-muhimmat-patlamasinda-6si-cocuk-9-kisi-oldu\/","og_site_name":"Kuzeyin Sesi","article_publisher":"https:\/\/www.facebook.com\/kuzeyinsesii","article_published_time":"2026-09-04T20:35:05+00:00","og_image":[{"url":"https:\/\/trthaberstatic.cdn.wp.trt.com.tr\/resimler\/1514000\/mayin-temizleme-1514649.jpg","type":"","width":"","height":""}],"author":"Kuzeyin Sesi","twitter_card":"summary_large_image","twitter_creator":"@kuzeyinsesii","twitter_site":"@kuzeyinsesii","twitter_misc":{"Yazan:":"Kuzeyin Sesi","Tahmini okuma s\u00fcresi":"1 dakika"},"schema":{"@context":"https:\/\/schema.org","@graph":[{"@type":"Article","@id":"https:\/\/kuzeyinsesi.org\/index.php\/2026\/09\/04\/bm-suriyede-savas-kalintisi-muhimmat-patlamasinda-6si-cocuk-9-kisi-oldu\/#article","isPartOf":{"@id":"https:\/\/kuzeyinsesi.org\/index.php\/2026\/09\/04\/bm-suriyede-savas-kalintisi-muhimmat-patlamasinda-6si-cocuk-9-kisi-oldu\/"},"author":{"name":"Kuzeyin Sesi","@id":"https:\/\/kuzeyinsesi.org\/#\/schema\/person\/9f859689cdf01485597712386e37f5aa"},"headline":"BM: Suriye&#039;de sava\u015f kal\u0131nt\u0131s\u0131 m\u00fchimmat patlamas\u0131nda 6&#039;s\u0131 \u00e7ocuk 9 ki\u015fi \u00f6ld\u00fc","datePublished":"2026-09-04T20:35:05+00:00","mainEntityOfPage":{"@id":"https:\/\/kuzeyinsesi.org\/index.php\/2026\/09\/04\/bm-suriyede-savas-kalintisi-muhimmat-patlamasinda-6si-cocuk-9-kisi-oldu\/"},"wordCount":258,"commentCount":0,"image":{"@id":"https:\/\/kuzeyinsesi.org\/index.php\/2026\/09\/04\/bm-suriyede-savas-kalintisi-muhimmat-patlamasinda-6si-cocuk-9-kisi-oldu\/#primaryimage"},"thumbnailUrl":"https:\/\/kuzeyinsesi.org\/wp-content\/uploads\/2026\/09\/mayin-temizleme-1514649.jpg","articleSection":["D\u00fcnya"],"inLanguage":"tr","potentialAction":[{"@type":"CommentAction","name":"Comment","target":["https:\/\/kuzeyinsesi.org\/index.php\/2026\/09\/04\/bm-suriyede-savas-kalintisi-muhimmat-patlamasinda-6si-cocuk-9-kisi-oldu\/#respond"]}]},{"@type":"WebPage","@id":"https:\/\/kuzeyinsesi.org\/index.php\/2026\/09\/04\/bm-suriyede-savas-kalintisi-muhimmat-patlamasinda-6si-cocuk-9-kisi-oldu\/","url":"https:\/\/kuzeyinsesi.org\/index.php\/2026\/09\/04\/bm-suriyede-savas-kalintisi-muhimmat-patlamasinda-6si-cocuk-9-kisi-oldu\/","name":"BM: Suriye&#039;de sava\u015f kal\u0131nt\u0131s\u0131 m\u00fchimmat patlamas\u0131nda 6&#039;s\u0131 \u00e7ocuk 9 ki\u015fi \u00f6ld\u00fc - Kuzeyin Sesi","isPartOf":{"@id":"https:\/\/kuzeyinsesi.org\/#website"},"primaryImageOfPage":{"@id":"https:\/\/kuzeyinsesi.org\/index.php\/2026\/09\/04\/bm-suriyede-savas-kalintisi-muhimmat-patlamasinda-6si-cocuk-9-kisi-oldu\/#primaryimage"},"image":{"@id":"https:\/\/kuzeyinsesi.org\/index.php\/2026\/09\/04\/bm-suriyede-savas-kalintisi-muhimmat-patlamasinda-6si-cocuk-9-kisi-oldu\/#primaryimage"},"thumbnailUrl":"https:\/\/kuzeyinsesi.org\/wp-content\/uploads\/2026\/09\/mayin-temizleme-1514649.jpg","datePublished":"2026-09-04T20:35:05+00:00","author":{"@id":"https:\/\/kuzeyinsesi.org\/#\/schema\/person\/9f859689cdf01485597712386e37f5aa"},"breadcrumb":{"@id":"https:\/\/kuzeyinsesi.org\/index.php\/2026\/09\/04\/bm-suriyede-savas-kalintisi-muhimmat-patlamasinda-6si-cocuk-9-kisi-oldu\/#breadcrumb"},"inLanguage":"tr","potentialAction":[{"@type":"ReadAction","target":["https:\/\/kuzeyinsesi.org\/index.php\/2026\/09\/04\/bm-suriyede-savas-kalintisi-muhimmat-patlamasinda-6si-cocuk-9-kisi-oldu\/"]}]},{"@type":"ImageObject","inLanguage":"tr","@id":"https:\/\/kuzeyinsesi.org\/index.php\/2026\/09\/04\/bm-suriyede-savas-kalintisi-muhimmat-patlamasinda-6si-cocuk-9-kisi-oldu\/#primaryimage","url":"https:\/\/kuzeyinsesi.org\/wp-content\/uploads\/2026\/09\/mayin-temizleme-1514649.jpg","contentUrl":"https:\/\/kuzeyinsesi.org\/wp-content\/uploads\/2026\/09\/mayin-temizleme-1514649.jpg","width":1280,"height":720},{"@type":"BreadcrumbList","@id":"https:\/\/kuzeyinsesi.org\/index.php\/2026\/09\/04\/bm-suriyede-savas-kalintisi-muhimmat-patlamasinda-6si-cocuk-9-kisi-oldu\/#breadcrumb","itemListElement":[{"@type":"ListItem","position":1,"name":"Anasayfa","item":"https:\/\/kuzeyinsesi.org\/"},{"@type":"ListItem","position":2,"name":"BM: Suriye&#039;de sava\u015f kal\u0131nt\u0131s\u0131 m\u00fchimmat patlamas\u0131nda 6&#039;s\u0131 \u00e7ocuk 9 ki\u015fi \u00f6ld\u00fc"}]},{"@type":"WebSite","@id":"https:\/\/kuzeyinsesi.org\/#website","url":"https:\/\/kuzeyinsesi.org\/","name":"Kuzeyin Sesi","description":"Do\u011fru Haberin Adresi","potentialAction":[{"@type":"SearchAction","target":{"@type":"EntryPoint","urlTemplate":"https:\/\/kuzeyinsesi.org\/?s={search_term_string}"},"query-input":{"@type":"PropertyValueSpecification","valueRequired":true,"valueName":"search_term_string"}}],"inLanguage":"tr"},{"@type":"Person","@id":"https:\/\/kuzeyinsesi.org\/#\/schema\/person\/9f859689cdf01485597712386e37f5aa","name":"Kuzeyin Sesi","image":{"@type":"ImageObject","inLanguage":"tr","@id":"https:\/\/secure.gravatar.com\/avatar\/bab33852abfd8b282518d6ed81826833d77c3c882d9ab608add591ccace47a44?s=96&d=mm&r=g","url":"https:\/\/secure.gravatar.com\/avatar\/bab33852abfd8b282518d6ed81826833d77c3c882d9ab608add591ccace47a44?s=96&d=mm&r=g","contentUrl":"https:\/\/secure.gravatar.com\/avatar\/bab33852abfd8b282518d6ed81826833d77c3c882d9ab608add591ccace47a44?s=96&d=mm&r=g","caption":"Kuzeyin Sesi"},"sameAs":["https:\/\/kuzeyinsesi.org"],"url":"https:\/\/kuzeyinsesi.org\/index.php\/author\/guven\/"}]}},"_links":{"self":[{"href":"https:\/\/kuzeyinsesi.org\/index.php\/wp-json\/wp\/v2\/posts\/46072","targetHints":{"allow":["GET"]}}],"collection":[{"href":"https:\/\/kuzeyinsesi.org\/index.php\/wp-json\/wp\/v2\/posts"}],"about":[{"href":"https:\/\/kuzeyinsesi.org\/index.php\/wp-json\/wp\/v2\/types\/post"}],"author":[{"embeddable":true,"href":"https:\/\/kuzeyinsesi.org\/index.php\/wp-json\/wp\/v2\/users\/1"}],"replies":[{"embeddable":true,"href":"https:\/\/kuzeyinsesi.org\/index.php\/wp-json\/wp\/v2\/comments?post=46072"}],"version-history":[{"count":0,"href":"https:\/\/kuzeyinsesi.org\/index.php\/wp-json\/wp\/v2\/posts\/46072\/revisions"}],"wp:featuredmedia":[{"embeddable":true,"href":"https:\/\/kuzeyinsesi.org\/index.php\/wp-json\/wp\/v2\/media\/46073"}],"wp:attachment":[{"href":"https:\/\/kuzeyinsesi.org\/index.php\/wp-json\/wp\/v2\/media?parent=46072"}],"wp:term":[{"taxonomy":"category","embeddable":true,"href":"https:\/\/kuzeyinsesi.org\/index.php\/wp-json\/wp\/v2\/categories?post=46072"},{"taxonomy":"post_tag","embeddable":true,"href":"https:\/\/kuzeyinsesi.org\/index.php\/wp-json\/wp\/v2\/tags?post=46072"}],"curies":[{"name":"wp","href":"https:\/\/api.w.org\/{rel}","templated":true}]}}