{"id":46067,"date":"2026-09-04T22:02:04","date_gmt":"2026-09-04T19:02:04","guid":{"rendered":"https:\/\/kuzeyinsesi.org\/index.php\/2026\/09\/04\/bmden-dunya-haritasi-icin-dikkat-ceken-karar\/"},"modified":"2026-09-04T22:02:04","modified_gmt":"2026-09-04T19:02:04","slug":"bmden-dunya-haritasi-icin-dikkat-ceken-karar","status":"publish","type":"post","link":"https:\/\/kuzeyinsesi.org\/index.php\/2026\/09\/04\/bmden-dunya-haritasi-icin-dikkat-ceken-karar\/","title":{"rendered":"BM&#039;den d\u00fcnya haritas\u0131 i\u00e7in dikkat \u00e7eken karar"},"content":{"rendered":"<div>\n<p>&#13;<br \/>\n\t\u201cHaritay\u0131 D\u00fczelt\u201d ad\u0131 verilen karar, BM Genel Kurulu&#8217;nda 164 \u00fclkenin oyuyla kabul edildi. 6 \u00fclke \u00e7ekimser kal\u0131rken, yaln\u0131zca <a href=\"https:\/\/www.trthaber.com\/etiket\/abd\/\" target=\"_blank\">ABD<\/a> karara kar\u015f\u0131 oy kulland\u0131.<\/p>\n<p>&#13;<br \/>\n\tKararda, d\u00fcnya haritalar\u0131nda kullan\u0131lan projeksiyonlar\u0131n Afrika, <a href=\"https:\/\/www.trthaber.com\/etiket\/latin-amerika\/\" target=\"_blank\">Latin Amerika<\/a> ve G\u00fcney Asya&#8217;n\u0131n oldu\u011fundan daha k\u00fc\u00e7\u00fck alg\u0131lanmas\u0131na yol a\u00e7t\u0131\u011f\u0131 belirtildi.<\/p>\n<p><\/p>\n<h2>&#13;<br \/>\n\tMercator yerine Equal Earth<\/h2>\n<p>&#13;<br \/>\n\t1569&#8217;da Gerardus Mercator taraf\u0131ndan geli\u015ftirilen Mercator projeksiyonu, \u00f6zellikle denizcilik ve navigasyonda kullan\u0131l\u0131yor. Ancak ekvatordan uzakla\u015ft\u0131k\u00e7a \u00fclkelerin ve k\u0131talar\u0131n boyutlar\u0131n\u0131 oldu\u011fundan b\u00fcy\u00fck g\u00f6steriyor.<\/p>\n<p>&#13;<br \/>\n\t\u00d6rne\u011fin Mercator haritas\u0131nda Gr\u00f6nland, G\u00fcney Amerika&#8217;ya yak\u0131n b\u00fcy\u00fckl\u00fckte g\u00f6r\u00fcn\u00fcrken ger\u00e7ekte Afrika, Gr\u00f6nland&#8217;\u0131n yakla\u015f\u0131k 14 kat\u0131 b\u00fcy\u00fckl\u00fc\u011f\u00fcnde.<\/p>\n<p>&#13;<br \/>\n\tBM karar\u0131nda, bu alg\u0131 farkl\u0131l\u0131\u011f\u0131n\u0131n <a href=\"https:\/\/www.trthaber.com\/etiket\/afrika\/\" target=\"_blank\">Afrika<\/a> ve di\u011fer g\u00fcney b\u00f6lgelerinin ekonomik, jeopolitik ve kalk\u0131nma potansiyelinin de oldu\u011fundan k\u00fc\u00e7\u00fck de\u011ferlendirilmesine katk\u0131da bulunabilece\u011fi ifade edildi.<\/p>\n<p>&#13;<br \/>\n\t2018&#8217;de geli\u015ftirilen Equal Earth projeksiyonu ise \u00fclkelerin ve k\u0131talar\u0131n ger\u00e7ek y\u00fcz \u00f6l\u00e7\u00fcmlerine daha yak\u0131n oranlarda g\u00f6sterilmesini ama\u00e7l\u0131yor.<\/p>\n<h2>&#13;<br \/>\n\t<a href=\"https:\/\/www.trthaber.com\/etiket\/fransa\/\" target=\"_blank\">Fransa<\/a> da Mercator&#8217;dan vazge\u00e7ecek<\/h2>\n<p>&#13;<br \/>\n\tFransa D\u0131\u015fi\u015fleri Bakan\u0131 Jean-No\u00ebl Barrot da \u00fclkesinin Mercator projeksiyonunu b\u0131rakaca\u011f\u0131n\u0131 ve y\u00fcz \u00f6l\u00e7\u00fcmlerini daha do\u011fru yans\u0131tan haritalara ge\u00e7ece\u011fini a\u00e7\u0131klad\u0131.<\/p>\n<p>&#13;<br \/>\n\tKarar, Afrika Birli\u011fi&#8217;nin mart ay\u0131nda Equal Earth haritas\u0131n\u0131 benimsemesinin ard\u0131ndan g\u00fcndeme geldi. BM&#8217;ye sunulan taslakta dijital harita platformlar\u0131n\u0131n da daha do\u011fru projeksiyonlar\u0131n kullan\u0131m\u0131na y\u00f6nelik \u00e7al\u0131\u015fmalar y\u00fcr\u00fctmesi \u00e7a\u011fr\u0131s\u0131nda bulunuldu.<\/p>\n<\/p><\/div>\n","protected":false},"excerpt":{"rendered":"<p>&#13; \u201cHaritay\u0131 D\u00fczelt\u201d ad\u0131 verilen karar, BM Genel Kurulu&#8217;nda 164 \u00fclkenin oyuyla kabul edildi. 6 \u00fclke \u00e7ekimser kal\u0131rken, yaln\u0131zca ABD karara kar\u015f\u0131 oy kulland\u0131. &#13; Kararda, d\u00fcnya haritalar\u0131nda kullan\u0131lan projeksiyonlar\u0131n Afrika, Latin Amerika ve G\u00fcney Asya&#8217;n\u0131n oldu\u011fundan daha k\u00fc\u00e7\u00fck alg\u0131lanmas\u0131na yol a\u00e7t\u0131\u011f\u0131 belirtildi. &#13; Mercator yerine Equal Earth &#13; 1569&#8217;da Gerardus Mercator taraf\u0131ndan geli\u015ftirilen Mercator [&hellip;]<\/p>\n","protected":false},"author":1,"featured_media":46068,"comment_status":"open","ping_status":"open","sticky":false,"template":"","format":"standard","meta":{"jnews-multi-image_gallery":[],"jnews_single_post":[],"jnews_primary_category":[],"jnews_social_meta":[],"jnews_override_counter":[],"footnotes":""},"categories":[2],"tags":[],"class_list":["post-46067","post","type-post","status-publish","format-standard","has-post-thumbnail","hentry","category-dunya"],"yoast_head":"<!-- This site is optimized with the Yoast SEO plugin v28.4 - https:\/\/yoast.com\/product\/yoast-seo-wordpress\/ -->\n<title>BM&#039;den d\u00fcnya haritas\u0131 i\u00e7in dikkat \u00e7eken karar - Kuzeyin Sesi<\/title>\n<meta name=\"robots\" content=\"index, follow, max-snippet:-1, max-image-preview:large, max-video-preview:-1\" \/>\n<link rel=\"canonical\" href=\"https:\/\/kuzeyinsesi.org\/index.php\/2026\/09\/04\/bmden-dunya-haritasi-icin-dikkat-ceken-karar\/\" \/>\n<meta property=\"og:locale\" content=\"tr_TR\" \/>\n<meta property=\"og:type\" content=\"article\" \/>\n<meta property=\"og:title\" content=\"BM&#039;den d\u00fcnya haritas\u0131 i\u00e7in dikkat \u00e7eken karar - Kuzeyin Sesi\" \/>\n<meta property=\"og:description\" content=\"&#013; \u201cHaritay\u0131 D\u00fczelt\u201d ad\u0131 verilen karar, BM Genel Kurulu&#8217;nda 164 \u00fclkenin oyuyla kabul edildi. 6 \u00fclke \u00e7ekimser kal\u0131rken, yaln\u0131zca ABD karara kar\u015f\u0131 oy kulland\u0131. &#013; Kararda, d\u00fcnya haritalar\u0131nda kullan\u0131lan projeksiyonlar\u0131n Afrika, Latin Amerika ve G\u00fcney Asya&#8217;n\u0131n oldu\u011fundan daha k\u00fc\u00e7\u00fck alg\u0131lanmas\u0131na yol a\u00e7t\u0131\u011f\u0131 belirtildi. &#013; Mercator yerine Equal Earth &#013; 1569&#8217;da Gerardus Mercator taraf\u0131ndan geli\u015ftirilen Mercator [&hellip;]\" \/>\n<meta property=\"og:url\" content=\"https:\/\/kuzeyinsesi.org\/index.php\/2026\/09\/04\/bmden-dunya-haritasi-icin-dikkat-ceken-karar\/\" \/>\n<meta property=\"og:site_name\" content=\"Kuzeyin Sesi\" \/>\n<meta property=\"article:publisher\" content=\"https:\/\/www.facebook.com\/kuzeyinsesii\" \/>\n<meta property=\"article:published_time\" content=\"2026-09-04T19:02:04+00:00\" \/>\n<meta name=\"author\" content=\"Kuzeyin Sesi\" \/>\n<meta name=\"twitter:card\" content=\"summary_large_image\" \/>\n<meta name=\"twitter:creator\" content=\"@kuzeyinsesii\" \/>\n<meta name=\"twitter:site\" content=\"@kuzeyinsesii\" \/>\n<meta name=\"twitter:label1\" content=\"Yazan:\" \/>\n\t<meta name=\"twitter:data1\" content=\"Kuzeyin Sesi\" \/>\n\t<meta name=\"twitter:label2\" content=\"Tahmini okuma s\u00fcresi\" \/>\n\t<meta name=\"twitter:data2\" content=\"1 dakika\" \/>\n<script type=\"application\/ld+json\" class=\"yoast-schema-graph\">{\"@context\":\"https:\\\/\\\/schema.org\",\"@graph\":[{\"@type\":\"Article\",\"@id\":\"https:\\\/\\\/kuzeyinsesi.org\\\/index.php\\\/2026\\\/09\\\/04\\\/bmden-dunya-haritasi-icin-dikkat-ceken-karar\\\/#article\",\"isPartOf\":{\"@id\":\"https:\\\/\\\/kuzeyinsesi.org\\\/index.php\\\/2026\\\/09\\\/04\\\/bmden-dunya-haritasi-icin-dikkat-ceken-karar\\\/\"},\"author\":{\"name\":\"Kuzeyin Sesi\",\"@id\":\"https:\\\/\\\/kuzeyinsesi.org\\\/#\\\/schema\\\/person\\\/9f859689cdf01485597712386e37f5aa\"},\"headline\":\"BM&#039;den d\u00fcnya haritas\u0131 i\u00e7in dikkat \u00e7eken karar\",\"datePublished\":\"2026-09-04T19:02:04+00:00\",\"mainEntityOfPage\":{\"@id\":\"https:\\\/\\\/kuzeyinsesi.org\\\/index.php\\\/2026\\\/09\\\/04\\\/bmden-dunya-haritasi-icin-dikkat-ceken-karar\\\/\"},\"wordCount\":287,\"commentCount\":0,\"image\":{\"@id\":\"https:\\\/\\\/kuzeyinsesi.org\\\/index.php\\\/2026\\\/09\\\/04\\\/bmden-dunya-haritasi-icin-dikkat-ceken-karar\\\/#primaryimage\"},\"thumbnailUrl\":\"https:\\\/\\\/kuzeyinsesi.org\\\/wp-content\\\/uploads\\\/2026\\\/09\\\/Yeni-Proje-229.jpg\",\"articleSection\":[\"D\u00fcnya\"],\"inLanguage\":\"tr\",\"potentialAction\":[{\"@type\":\"CommentAction\",\"name\":\"Comment\",\"target\":[\"https:\\\/\\\/kuzeyinsesi.org\\\/index.php\\\/2026\\\/09\\\/04\\\/bmden-dunya-haritasi-icin-dikkat-ceken-karar\\\/#respond\"]}]},{\"@type\":\"WebPage\",\"@id\":\"https:\\\/\\\/kuzeyinsesi.org\\\/index.php\\\/2026\\\/09\\\/04\\\/bmden-dunya-haritasi-icin-dikkat-ceken-karar\\\/\",\"url\":\"https:\\\/\\\/kuzeyinsesi.org\\\/index.php\\\/2026\\\/09\\\/04\\\/bmden-dunya-haritasi-icin-dikkat-ceken-karar\\\/\",\"name\":\"BM&#039;den d\u00fcnya haritas\u0131 i\u00e7in dikkat \u00e7eken karar - Kuzeyin Sesi\",\"isPartOf\":{\"@id\":\"https:\\\/\\\/kuzeyinsesi.org\\\/#website\"},\"primaryImageOfPage\":{\"@id\":\"https:\\\/\\\/kuzeyinsesi.org\\\/index.php\\\/2026\\\/09\\\/04\\\/bmden-dunya-haritasi-icin-dikkat-ceken-karar\\\/#primaryimage\"},\"image\":{\"@id\":\"https:\\\/\\\/kuzeyinsesi.org\\\/index.php\\\/2026\\\/09\\\/04\\\/bmden-dunya-haritasi-icin-dikkat-ceken-karar\\\/#primaryimage\"},\"thumbnailUrl\":\"https:\\\/\\\/kuzeyinsesi.org\\\/wp-content\\\/uploads\\\/2026\\\/09\\\/Yeni-Proje-229.jpg\",\"datePublished\":\"2026-09-04T19:02:04+00:00\",\"author\":{\"@id\":\"https:\\\/\\\/kuzeyinsesi.org\\\/#\\\/schema\\\/person\\\/9f859689cdf01485597712386e37f5aa\"},\"breadcrumb\":{\"@id\":\"https:\\\/\\\/kuzeyinsesi.org\\\/index.php\\\/2026\\\/09\\\/04\\\/bmden-dunya-haritasi-icin-dikkat-ceken-karar\\\/#breadcrumb\"},\"inLanguage\":\"tr\",\"potentialAction\":[{\"@type\":\"ReadAction\",\"target\":[\"https:\\\/\\\/kuzeyinsesi.org\\\/index.php\\\/2026\\\/09\\\/04\\\/bmden-dunya-haritasi-icin-dikkat-ceken-karar\\\/\"]}]},{\"@type\":\"ImageObject\",\"inLanguage\":\"tr\",\"@id\":\"https:\\\/\\\/kuzeyinsesi.org\\\/index.php\\\/2026\\\/09\\\/04\\\/bmden-dunya-haritasi-icin-dikkat-ceken-karar\\\/#primaryimage\",\"url\":\"https:\\\/\\\/kuzeyinsesi.org\\\/wp-content\\\/uploads\\\/2026\\\/09\\\/Yeni-Proje-229.jpg\",\"contentUrl\":\"https:\\\/\\\/kuzeyinsesi.org\\\/wp-content\\\/uploads\\\/2026\\\/09\\\/Yeni-Proje-229.jpg\",\"width\":753,\"height\":400},{\"@type\":\"BreadcrumbList\",\"@id\":\"https:\\\/\\\/kuzeyinsesi.org\\\/index.php\\\/2026\\\/09\\\/04\\\/bmden-dunya-haritasi-icin-dikkat-ceken-karar\\\/#breadcrumb\",\"itemListElement\":[{\"@type\":\"ListItem\",\"position\":1,\"name\":\"Anasayfa\",\"item\":\"https:\\\/\\\/kuzeyinsesi.org\\\/\"},{\"@type\":\"ListItem\",\"position\":2,\"name\":\"BM&#039;den d\u00fcnya haritas\u0131 i\u00e7in dikkat \u00e7eken karar\"}]},{\"@type\":\"WebSite\",\"@id\":\"https:\\\/\\\/kuzeyinsesi.org\\\/#website\",\"url\":\"https:\\\/\\\/kuzeyinsesi.org\\\/\",\"name\":\"Kuzeyin Sesi\",\"description\":\"Do\u011fru Haberin Adresi\",\"potentialAction\":[{\"@type\":\"SearchAction\",\"target\":{\"@type\":\"EntryPoint\",\"urlTemplate\":\"https:\\\/\\\/kuzeyinsesi.org\\\/?s={search_term_string}\"},\"query-input\":{\"@type\":\"PropertyValueSpecification\",\"valueRequired\":true,\"valueName\":\"search_term_string\"}}],\"inLanguage\":\"tr\"},{\"@type\":\"Person\",\"@id\":\"https:\\\/\\\/kuzeyinsesi.org\\\/#\\\/schema\\\/person\\\/9f859689cdf01485597712386e37f5aa\",\"name\":\"Kuzeyin Sesi\",\"image\":{\"@type\":\"ImageObject\",\"inLanguage\":\"tr\",\"@id\":\"https:\\\/\\\/secure.gravatar.com\\\/avatar\\\/bab33852abfd8b282518d6ed81826833d77c3c882d9ab608add591ccace47a44?s=96&d=mm&r=g\",\"url\":\"https:\\\/\\\/secure.gravatar.com\\\/avatar\\\/bab33852abfd8b282518d6ed81826833d77c3c882d9ab608add591ccace47a44?s=96&d=mm&r=g\",\"contentUrl\":\"https:\\\/\\\/secure.gravatar.com\\\/avatar\\\/bab33852abfd8b282518d6ed81826833d77c3c882d9ab608add591ccace47a44?s=96&d=mm&r=g\",\"caption\":\"Kuzeyin Sesi\"},\"sameAs\":[\"https:\\\/\\\/kuzeyinsesi.org\"],\"url\":\"https:\\\/\\\/kuzeyinsesi.org\\\/index.php\\\/author\\\/guven\\\/\"}]}<\/script>\n<!-- \/ Yoast SEO plugin. -->","yoast_head_json":{"title":"BM&#039;den d\u00fcnya haritas\u0131 i\u00e7in dikkat \u00e7eken karar - Kuzeyin Sesi","robots":{"index":"index","follow":"follow","max-snippet":"max-snippet:-1","max-image-preview":"max-image-preview:large","max-video-preview":"max-video-preview:-1"},"canonical":"https:\/\/kuzeyinsesi.org\/index.php\/2026\/09\/04\/bmden-dunya-haritasi-icin-dikkat-ceken-karar\/","og_locale":"tr_TR","og_type":"article","og_title":"BM&#039;den d\u00fcnya haritas\u0131 i\u00e7in dikkat \u00e7eken karar - Kuzeyin Sesi","og_description":"&#13; \u201cHaritay\u0131 D\u00fczelt\u201d ad\u0131 verilen karar, BM Genel Kurulu&#8217;nda 164 \u00fclkenin oyuyla kabul edildi. 6 \u00fclke \u00e7ekimser kal\u0131rken, yaln\u0131zca ABD karara kar\u015f\u0131 oy kulland\u0131. &#13; Kararda, d\u00fcnya haritalar\u0131nda kullan\u0131lan projeksiyonlar\u0131n Afrika, Latin Amerika ve G\u00fcney Asya&#8217;n\u0131n oldu\u011fundan daha k\u00fc\u00e7\u00fck alg\u0131lanmas\u0131na yol a\u00e7t\u0131\u011f\u0131 belirtildi. &#13; Mercator yerine Equal Earth &#13; 1569&#8217;da Gerardus Mercator taraf\u0131ndan geli\u015ftirilen Mercator [&hellip;]","og_url":"https:\/\/kuzeyinsesi.org\/index.php\/2026\/09\/04\/bmden-dunya-haritasi-icin-dikkat-ceken-karar\/","og_site_name":"Kuzeyin Sesi","article_publisher":"https:\/\/www.facebook.com\/kuzeyinsesii","article_published_time":"2026-09-04T19:02:04+00:00","author":"Kuzeyin Sesi","twitter_card":"summary_large_image","twitter_creator":"@kuzeyinsesii","twitter_site":"@kuzeyinsesii","twitter_misc":{"Yazan:":"Kuzeyin Sesi","Tahmini okuma s\u00fcresi":"1 dakika"},"schema":{"@context":"https:\/\/schema.org","@graph":[{"@type":"Article","@id":"https:\/\/kuzeyinsesi.org\/index.php\/2026\/09\/04\/bmden-dunya-haritasi-icin-dikkat-ceken-karar\/#article","isPartOf":{"@id":"https:\/\/kuzeyinsesi.org\/index.php\/2026\/09\/04\/bmden-dunya-haritasi-icin-dikkat-ceken-karar\/"},"author":{"name":"Kuzeyin Sesi","@id":"https:\/\/kuzeyinsesi.org\/#\/schema\/person\/9f859689cdf01485597712386e37f5aa"},"headline":"BM&#039;den d\u00fcnya haritas\u0131 i\u00e7in dikkat \u00e7eken karar","datePublished":"2026-09-04T19:02:04+00:00","mainEntityOfPage":{"@id":"https:\/\/kuzeyinsesi.org\/index.php\/2026\/09\/04\/bmden-dunya-haritasi-icin-dikkat-ceken-karar\/"},"wordCount":287,"commentCount":0,"image":{"@id":"https:\/\/kuzeyinsesi.org\/index.php\/2026\/09\/04\/bmden-dunya-haritasi-icin-dikkat-ceken-karar\/#primaryimage"},"thumbnailUrl":"https:\/\/kuzeyinsesi.org\/wp-content\/uploads\/2026\/09\/Yeni-Proje-229.jpg","articleSection":["D\u00fcnya"],"inLanguage":"tr","potentialAction":[{"@type":"CommentAction","name":"Comment","target":["https:\/\/kuzeyinsesi.org\/index.php\/2026\/09\/04\/bmden-dunya-haritasi-icin-dikkat-ceken-karar\/#respond"]}]},{"@type":"WebPage","@id":"https:\/\/kuzeyinsesi.org\/index.php\/2026\/09\/04\/bmden-dunya-haritasi-icin-dikkat-ceken-karar\/","url":"https:\/\/kuzeyinsesi.org\/index.php\/2026\/09\/04\/bmden-dunya-haritasi-icin-dikkat-ceken-karar\/","name":"BM&#039;den d\u00fcnya haritas\u0131 i\u00e7in dikkat \u00e7eken karar - Kuzeyin Sesi","isPartOf":{"@id":"https:\/\/kuzeyinsesi.org\/#website"},"primaryImageOfPage":{"@id":"https:\/\/kuzeyinsesi.org\/index.php\/2026\/09\/04\/bmden-dunya-haritasi-icin-dikkat-ceken-karar\/#primaryimage"},"image":{"@id":"https:\/\/kuzeyinsesi.org\/index.php\/2026\/09\/04\/bmden-dunya-haritasi-icin-dikkat-ceken-karar\/#primaryimage"},"thumbnailUrl":"https:\/\/kuzeyinsesi.org\/wp-content\/uploads\/2026\/09\/Yeni-Proje-229.jpg","datePublished":"2026-09-04T19:02:04+00:00","author":{"@id":"https:\/\/kuzeyinsesi.org\/#\/schema\/person\/9f859689cdf01485597712386e37f5aa"},"breadcrumb":{"@id":"https:\/\/kuzeyinsesi.org\/index.php\/2026\/09\/04\/bmden-dunya-haritasi-icin-dikkat-ceken-karar\/#breadcrumb"},"inLanguage":"tr","potentialAction":[{"@type":"ReadAction","target":["https:\/\/kuzeyinsesi.org\/index.php\/2026\/09\/04\/bmden-dunya-haritasi-icin-dikkat-ceken-karar\/"]}]},{"@type":"ImageObject","inLanguage":"tr","@id":"https:\/\/kuzeyinsesi.org\/index.php\/2026\/09\/04\/bmden-dunya-haritasi-icin-dikkat-ceken-karar\/#primaryimage","url":"https:\/\/kuzeyinsesi.org\/wp-content\/uploads\/2026\/09\/Yeni-Proje-229.jpg","contentUrl":"https:\/\/kuzeyinsesi.org\/wp-content\/uploads\/2026\/09\/Yeni-Proje-229.jpg","width":753,"height":400},{"@type":"BreadcrumbList","@id":"https:\/\/kuzeyinsesi.org\/index.php\/2026\/09\/04\/bmden-dunya-haritasi-icin-dikkat-ceken-karar\/#breadcrumb","itemListElement":[{"@type":"ListItem","position":1,"name":"Anasayfa","item":"https:\/\/kuzeyinsesi.org\/"},{"@type":"ListItem","position":2,"name":"BM&#039;den d\u00fcnya haritas\u0131 i\u00e7in dikkat \u00e7eken karar"}]},{"@type":"WebSite","@id":"https:\/\/kuzeyinsesi.org\/#website","url":"https:\/\/kuzeyinsesi.org\/","name":"Kuzeyin Sesi","description":"Do\u011fru Haberin Adresi","potentialAction":[{"@type":"SearchAction","target":{"@type":"EntryPoint","urlTemplate":"https:\/\/kuzeyinsesi.org\/?s={search_term_string}"},"query-input":{"@type":"PropertyValueSpecification","valueRequired":true,"valueName":"search_term_string"}}],"inLanguage":"tr"},{"@type":"Person","@id":"https:\/\/kuzeyinsesi.org\/#\/schema\/person\/9f859689cdf01485597712386e37f5aa","name":"Kuzeyin Sesi","image":{"@type":"ImageObject","inLanguage":"tr","@id":"https:\/\/secure.gravatar.com\/avatar\/bab33852abfd8b282518d6ed81826833d77c3c882d9ab608add591ccace47a44?s=96&d=mm&r=g","url":"https:\/\/secure.gravatar.com\/avatar\/bab33852abfd8b282518d6ed81826833d77c3c882d9ab608add591ccace47a44?s=96&d=mm&r=g","contentUrl":"https:\/\/secure.gravatar.com\/avatar\/bab33852abfd8b282518d6ed81826833d77c3c882d9ab608add591ccace47a44?s=96&d=mm&r=g","caption":"Kuzeyin Sesi"},"sameAs":["https:\/\/kuzeyinsesi.org"],"url":"https:\/\/kuzeyinsesi.org\/index.php\/author\/guven\/"}]}},"_links":{"self":[{"href":"https:\/\/kuzeyinsesi.org\/index.php\/wp-json\/wp\/v2\/posts\/46067","targetHints":{"allow":["GET"]}}],"collection":[{"href":"https:\/\/kuzeyinsesi.org\/index.php\/wp-json\/wp\/v2\/posts"}],"about":[{"href":"https:\/\/kuzeyinsesi.org\/index.php\/wp-json\/wp\/v2\/types\/post"}],"author":[{"embeddable":true,"href":"https:\/\/kuzeyinsesi.org\/index.php\/wp-json\/wp\/v2\/users\/1"}],"replies":[{"embeddable":true,"href":"https:\/\/kuzeyinsesi.org\/index.php\/wp-json\/wp\/v2\/comments?post=46067"}],"version-history":[{"count":0,"href":"https:\/\/kuzeyinsesi.org\/index.php\/wp-json\/wp\/v2\/posts\/46067\/revisions"}],"wp:featuredmedia":[{"embeddable":true,"href":"https:\/\/kuzeyinsesi.org\/index.php\/wp-json\/wp\/v2\/media\/46068"}],"wp:attachment":[{"href":"https:\/\/kuzeyinsesi.org\/index.php\/wp-json\/wp\/v2\/media?parent=46067"}],"wp:term":[{"taxonomy":"category","embeddable":true,"href":"https:\/\/kuzeyinsesi.org\/index.php\/wp-json\/wp\/v2\/categories?post=46067"},{"taxonomy":"post_tag","embeddable":true,"href":"https:\/\/kuzeyinsesi.org\/index.php\/wp-json\/wp\/v2\/tags?post=46067"}],"curies":[{"name":"wp","href":"https:\/\/api.w.org\/{rel}","templated":true}]}}