{"id":46058,"date":"2026-09-04T16:26:16","date_gmt":"2026-09-04T13:26:16","guid":{"rendered":"https:\/\/kuzeyinsesi.org\/?p=46058"},"modified":"2026-09-04T16:26:16","modified_gmt":"2026-09-04T13:26:16","slug":"tahsin-ertugruloglu-bm-ozel-temsilcisi-khassim-diagne-ile-gorustu","status":"publish","type":"post","link":"https:\/\/kuzeyinsesi.org\/index.php\/2026\/09\/04\/tahsin-ertugruloglu-bm-ozel-temsilcisi-khassim-diagne-ile-gorustu\/","title":{"rendered":"Tahsin Ertu\u011frulo\u011flu, BM \u00d6zel Temsilcisi Khassim Diagne ile g\u00f6r\u00fc\u015ft\u00fc"},"content":{"rendered":"<p class=\"isSelectedEnd\">D\u0131\u015fi\u015fleri Bakan\u0131 <strong>Tahsin Ertu\u011frulo\u011flu<\/strong>, Birle\u015fmi\u015f Milletler Genel Sekreteri\u2019nin K\u0131br\u0131s \u00d6zel Temsilcisi ve BM Bar\u0131\u015f G\u00fcc\u00fc (UNFICYP) Misyon \u015eefi <strong>Khassim Diagne<\/strong> ile bir araya geldi.<\/p>\n<h2>G\u00dcNCEL GEL\u0130\u015eMELER ELE ALINDI<\/h2>\n<p class=\"isSelectedEnd\">D\u0131\u015fi\u015fleri Bakanl\u0131\u011f\u0131\u2019nda ger\u00e7ekle\u015ftirilen g\u00f6r\u00fc\u015fmeye, her iki taraftan heyetler de kat\u0131ld\u0131.<\/p>\n<p class=\"isSelectedEnd\">Bakanl\u0131ktan yap\u0131lan a\u00e7\u0131klamaya g\u00f6re g\u00f6r\u00fc\u015fmede, <strong>K\u0131br\u0131s\u2019taki g\u00fcncel geli\u015fmeler<\/strong> hakk\u0131nda de\u011ferlendirmelerde bulunuldu.<\/p>\n<h2>BM BARI\u015e G\u00dcC\u00dc\u2019N\u00dcN FAAL\u0130YETLER\u0130 G\u00d6R\u00dc\u015e\u00dcLD\u00dc<\/h2>\n<p class=\"isSelectedEnd\">Ertu\u011frulo\u011flu ile Diagne aras\u0131ndaki g\u00f6r\u00fc\u015fmede ayr\u0131ca, <strong>BM Bar\u0131\u015f G\u00fcc\u00fc\u2019n\u00fcn Ada\u2019daki faaliyetleri<\/strong> ele al\u0131nd\u0131.<\/p>\n<p>G\u00f6r\u00fc\u015fmenin i\u00e7eri\u011fine ili\u015fkin Bakanl\u0131k taraf\u0131ndan ba\u015fka ayr\u0131nt\u0131 payla\u015f\u0131lmad\u0131.<\/p>\n","protected":false},"excerpt":{"rendered":"<p>D\u0131\u015fi\u015fleri Bakan\u0131 Tahsin Ertu\u011frulo\u011flu, Birle\u015fmi\u015f Milletler Genel Sekreteri\u2019nin K\u0131br\u0131s \u00d6zel Temsilcisi ve BM Bar\u0131\u015f G\u00fcc\u00fc (UNFICYP) Misyon \u015eefi Khassim Diagne ile bir araya geldi. G\u00dcNCEL GEL\u0130\u015eMELER ELE ALINDI D\u0131\u015fi\u015fleri Bakanl\u0131\u011f\u0131\u2019nda ger\u00e7ekle\u015ftirilen g\u00f6r\u00fc\u015fmeye, her iki taraftan heyetler de kat\u0131ld\u0131. Bakanl\u0131ktan yap\u0131lan a\u00e7\u0131klamaya g\u00f6re g\u00f6r\u00fc\u015fmede, K\u0131br\u0131s\u2019taki g\u00fcncel geli\u015fmeler hakk\u0131nda de\u011ferlendirmelerde bulunuldu. BM BARI\u015e G\u00dcC\u00dc\u2019N\u00dcN FAAL\u0130YETLER\u0130 G\u00d6R\u00dc\u015e\u00dcLD\u00dc Ertu\u011frulo\u011flu [&hellip;]<\/p>\n","protected":false},"author":1,"featured_media":46059,"comment_status":"open","ping_status":"open","sticky":false,"template":"","format":"standard","meta":{"jnews-multi-image_gallery":[],"jnews_single_post":{"subtitle":"","format":"standard","override":[{"template":"1","parallax":"1","fullscreen":"1","layout":"right-sidebar","sidebar":"default-sidebar","second_sidebar":"default-sidebar","sticky_sidebar":"1","share_position":"top","share_float_style":"share-monocrhome","show_featured":"1","show_post_author":"1","show_post_author_image":"1","show_post_date":"1","post_date_format":"default","post_date_format_custom":"Y\/m\/d","show_post_category":"1","show_post_reading_time":"0","post_reading_time_wpm":"300","post_calculate_word_method":"str_word_count","show_zoom_button":"0","zoom_button_out_step":"2","zoom_button_in_step":"3","show_post_tag":"1","show_prev_next_post":"1","show_popup_post":"1","show_comment_section":"1","number_popup_post":"1","show_author_box":"0","show_post_related":"0","show_inline_post_related":"0"}],"image_override":[{"single_post_thumbnail_size":"crop-500","single_post_gallery_size":"crop-500"}],"trending_post_position":"meta","trending_post_label":"Trending","sponsored_post_label":"Sponsored by","disable_ad":"0"},"jnews_primary_category":[],"jnews_social_meta":[],"jnews_override_counter":{"view_counter_number":"0","share_counter_number":"0","like_counter_number":"0","dislike_counter_number":"0"},"footnotes":""},"categories":[1],"tags":[417,283,7043,4420,6500],"class_list":["post-46058","post","type-post","status-publish","format-standard","has-post-thumbnail","hentry","category-kibris","tag-birlesmis-milletler","tag-disisleri-bakanligi","tag-khassim-diagne","tag-tahsin-ertugruloglu","tag-unficyp"],"yoast_head":"<!-- This site is optimized with the Yoast SEO plugin v28.4 - https:\/\/yoast.com\/product\/yoast-seo-wordpress\/ -->\n<title>Tahsin Ertu\u011frulo\u011flu, BM \u00d6zel Temsilcisi Khassim Diagne ile g\u00f6r\u00fc\u015ft\u00fc - Kuzeyin Sesi<\/title>\n<meta name=\"robots\" content=\"index, follow, max-snippet:-1, max-image-preview:large, max-video-preview:-1\" \/>\n<link rel=\"canonical\" href=\"https:\/\/kuzeyinsesi.org\/index.php\/2026\/09\/04\/tahsin-ertugruloglu-bm-ozel-temsilcisi-khassim-diagne-ile-gorustu\/\" \/>\n<meta property=\"og:locale\" content=\"tr_TR\" \/>\n<meta property=\"og:type\" content=\"article\" \/>\n<meta property=\"og:title\" content=\"Tahsin Ertu\u011frulo\u011flu, BM \u00d6zel Temsilcisi Khassim Diagne ile g\u00f6r\u00fc\u015ft\u00fc - Kuzeyin Sesi\" \/>\n<meta property=\"og:description\" content=\"D\u0131\u015fi\u015fleri Bakan\u0131 Tahsin Ertu\u011frulo\u011flu, Birle\u015fmi\u015f Milletler Genel Sekreteri\u2019nin K\u0131br\u0131s \u00d6zel Temsilcisi ve BM Bar\u0131\u015f G\u00fcc\u00fc (UNFICYP) Misyon \u015eefi Khassim Diagne ile bir araya geldi. G\u00dcNCEL GEL\u0130\u015eMELER ELE ALINDI D\u0131\u015fi\u015fleri Bakanl\u0131\u011f\u0131\u2019nda ger\u00e7ekle\u015ftirilen g\u00f6r\u00fc\u015fmeye, her iki taraftan heyetler de kat\u0131ld\u0131. Bakanl\u0131ktan yap\u0131lan a\u00e7\u0131klamaya g\u00f6re g\u00f6r\u00fc\u015fmede, K\u0131br\u0131s\u2019taki g\u00fcncel geli\u015fmeler hakk\u0131nda de\u011ferlendirmelerde bulunuldu. BM BARI\u015e G\u00dcC\u00dc\u2019N\u00dcN FAAL\u0130YETLER\u0130 G\u00d6R\u00dc\u015e\u00dcLD\u00dc Ertu\u011frulo\u011flu [&hellip;]\" \/>\n<meta property=\"og:url\" content=\"https:\/\/kuzeyinsesi.org\/index.php\/2026\/09\/04\/tahsin-ertugruloglu-bm-ozel-temsilcisi-khassim-diagne-ile-gorustu\/\" \/>\n<meta property=\"og:site_name\" content=\"Kuzeyin Sesi\" \/>\n<meta property=\"article:publisher\" content=\"https:\/\/www.facebook.com\/kuzeyinsesii\" \/>\n<meta property=\"article:published_time\" content=\"2026-09-04T13:26:16+00:00\" \/>\n<meta property=\"og:image\" content=\"https:\/\/kuzeyinsesi.org\/wp-content\/uploads\/2026\/09\/Kuzeyinsesikj-2026-09-04T161431.086.jpg\" \/>\n\t<meta property=\"og:image:width\" content=\"1600\" \/>\n\t<meta property=\"og:image:height\" content=\"900\" \/>\n\t<meta property=\"og:image:type\" content=\"image\/jpeg\" \/>\n<meta name=\"author\" content=\"Kuzeyin Sesi\" \/>\n<meta name=\"twitter:card\" content=\"summary_large_image\" \/>\n<meta name=\"twitter:creator\" content=\"@kuzeyinsesii\" \/>\n<meta name=\"twitter:site\" content=\"@kuzeyinsesii\" \/>\n<meta name=\"twitter:label1\" content=\"Yazan:\" \/>\n\t<meta name=\"twitter:data1\" content=\"Kuzeyin Sesi\" \/>\n\t<meta name=\"twitter:label2\" content=\"Tahmini okuma s\u00fcresi\" \/>\n\t<meta name=\"twitter:data2\" content=\"1 dakika\" \/>\n<script type=\"application\/ld+json\" class=\"yoast-schema-graph\">{\"@context\":\"https:\\\/\\\/schema.org\",\"@graph\":[{\"@type\":\"Article\",\"@id\":\"https:\\\/\\\/kuzeyinsesi.org\\\/index.php\\\/2026\\\/09\\\/04\\\/tahsin-ertugruloglu-bm-ozel-temsilcisi-khassim-diagne-ile-gorustu\\\/#article\",\"isPartOf\":{\"@id\":\"https:\\\/\\\/kuzeyinsesi.org\\\/index.php\\\/2026\\\/09\\\/04\\\/tahsin-ertugruloglu-bm-ozel-temsilcisi-khassim-diagne-ile-gorustu\\\/\"},\"author\":{\"name\":\"Kuzeyin Sesi\",\"@id\":\"https:\\\/\\\/kuzeyinsesi.org\\\/#\\\/schema\\\/person\\\/9f859689cdf01485597712386e37f5aa\"},\"headline\":\"Tahsin Ertu\u011frulo\u011flu, BM \u00d6zel Temsilcisi Khassim Diagne ile g\u00f6r\u00fc\u015ft\u00fc\",\"datePublished\":\"2026-09-04T13:26:16+00:00\",\"mainEntityOfPage\":{\"@id\":\"https:\\\/\\\/kuzeyinsesi.org\\\/index.php\\\/2026\\\/09\\\/04\\\/tahsin-ertugruloglu-bm-ozel-temsilcisi-khassim-diagne-ile-gorustu\\\/\"},\"wordCount\":147,\"commentCount\":0,\"image\":{\"@id\":\"https:\\\/\\\/kuzeyinsesi.org\\\/index.php\\\/2026\\\/09\\\/04\\\/tahsin-ertugruloglu-bm-ozel-temsilcisi-khassim-diagne-ile-gorustu\\\/#primaryimage\"},\"thumbnailUrl\":\"https:\\\/\\\/kuzeyinsesi.org\\\/wp-content\\\/uploads\\\/2026\\\/09\\\/Kuzeyinsesikj-2026-09-04T161431.086.jpg\",\"keywords\":[\"Birle\u015fmi\u015f Milletler\",\"D\u0131\u015fi\u015fleri Bakanl\u0131\u011f\u0131\",\"Khassim Diagne\",\"Tahsin Ertu\u011frulo\u011flu\",\"UNFICYP\"],\"articleSection\":[\"K\u0131br\u0131s\"],\"inLanguage\":\"tr\",\"potentialAction\":[{\"@type\":\"CommentAction\",\"name\":\"Comment\",\"target\":[\"https:\\\/\\\/kuzeyinsesi.org\\\/index.php\\\/2026\\\/09\\\/04\\\/tahsin-ertugruloglu-bm-ozel-temsilcisi-khassim-diagne-ile-gorustu\\\/#respond\"]}]},{\"@type\":\"WebPage\",\"@id\":\"https:\\\/\\\/kuzeyinsesi.org\\\/index.php\\\/2026\\\/09\\\/04\\\/tahsin-ertugruloglu-bm-ozel-temsilcisi-khassim-diagne-ile-gorustu\\\/\",\"url\":\"https:\\\/\\\/kuzeyinsesi.org\\\/index.php\\\/2026\\\/09\\\/04\\\/tahsin-ertugruloglu-bm-ozel-temsilcisi-khassim-diagne-ile-gorustu\\\/\",\"name\":\"Tahsin Ertu\u011frulo\u011flu, BM \u00d6zel Temsilcisi Khassim Diagne ile g\u00f6r\u00fc\u015ft\u00fc - Kuzeyin Sesi\",\"isPartOf\":{\"@id\":\"https:\\\/\\\/kuzeyinsesi.org\\\/#website\"},\"primaryImageOfPage\":{\"@id\":\"https:\\\/\\\/kuzeyinsesi.org\\\/index.php\\\/2026\\\/09\\\/04\\\/tahsin-ertugruloglu-bm-ozel-temsilcisi-khassim-diagne-ile-gorustu\\\/#primaryimage\"},\"image\":{\"@id\":\"https:\\\/\\\/kuzeyinsesi.org\\\/index.php\\\/2026\\\/09\\\/04\\\/tahsin-ertugruloglu-bm-ozel-temsilcisi-khassim-diagne-ile-gorustu\\\/#primaryimage\"},\"thumbnailUrl\":\"https:\\\/\\\/kuzeyinsesi.org\\\/wp-content\\\/uploads\\\/2026\\\/09\\\/Kuzeyinsesikj-2026-09-04T161431.086.jpg\",\"datePublished\":\"2026-09-04T13:26:16+00:00\",\"author\":{\"@id\":\"https:\\\/\\\/kuzeyinsesi.org\\\/#\\\/schema\\\/person\\\/9f859689cdf01485597712386e37f5aa\"},\"breadcrumb\":{\"@id\":\"https:\\\/\\\/kuzeyinsesi.org\\\/index.php\\\/2026\\\/09\\\/04\\\/tahsin-ertugruloglu-bm-ozel-temsilcisi-khassim-diagne-ile-gorustu\\\/#breadcrumb\"},\"inLanguage\":\"tr\",\"potentialAction\":[{\"@type\":\"ReadAction\",\"target\":[\"https:\\\/\\\/kuzeyinsesi.org\\\/index.php\\\/2026\\\/09\\\/04\\\/tahsin-ertugruloglu-bm-ozel-temsilcisi-khassim-diagne-ile-gorustu\\\/\"]}]},{\"@type\":\"ImageObject\",\"inLanguage\":\"tr\",\"@id\":\"https:\\\/\\\/kuzeyinsesi.org\\\/index.php\\\/2026\\\/09\\\/04\\\/tahsin-ertugruloglu-bm-ozel-temsilcisi-khassim-diagne-ile-gorustu\\\/#primaryimage\",\"url\":\"https:\\\/\\\/kuzeyinsesi.org\\\/wp-content\\\/uploads\\\/2026\\\/09\\\/Kuzeyinsesikj-2026-09-04T161431.086.jpg\",\"contentUrl\":\"https:\\\/\\\/kuzeyinsesi.org\\\/wp-content\\\/uploads\\\/2026\\\/09\\\/Kuzeyinsesikj-2026-09-04T161431.086.jpg\",\"width\":1600,\"height\":900},{\"@type\":\"BreadcrumbList\",\"@id\":\"https:\\\/\\\/kuzeyinsesi.org\\\/index.php\\\/2026\\\/09\\\/04\\\/tahsin-ertugruloglu-bm-ozel-temsilcisi-khassim-diagne-ile-gorustu\\\/#breadcrumb\",\"itemListElement\":[{\"@type\":\"ListItem\",\"position\":1,\"name\":\"Anasayfa\",\"item\":\"https:\\\/\\\/kuzeyinsesi.org\\\/\"},{\"@type\":\"ListItem\",\"position\":2,\"name\":\"Tahsin Ertu\u011frulo\u011flu, BM \u00d6zel Temsilcisi Khassim Diagne ile g\u00f6r\u00fc\u015ft\u00fc\"}]},{\"@type\":\"WebSite\",\"@id\":\"https:\\\/\\\/kuzeyinsesi.org\\\/#website\",\"url\":\"https:\\\/\\\/kuzeyinsesi.org\\\/\",\"name\":\"Kuzeyin Sesi\",\"description\":\"Do\u011fru Haberin Adresi\",\"potentialAction\":[{\"@type\":\"SearchAction\",\"target\":{\"@type\":\"EntryPoint\",\"urlTemplate\":\"https:\\\/\\\/kuzeyinsesi.org\\\/?s={search_term_string}\"},\"query-input\":{\"@type\":\"PropertyValueSpecification\",\"valueRequired\":true,\"valueName\":\"search_term_string\"}}],\"inLanguage\":\"tr\"},{\"@type\":\"Person\",\"@id\":\"https:\\\/\\\/kuzeyinsesi.org\\\/#\\\/schema\\\/person\\\/9f859689cdf01485597712386e37f5aa\",\"name\":\"Kuzeyin Sesi\",\"image\":{\"@type\":\"ImageObject\",\"inLanguage\":\"tr\",\"@id\":\"https:\\\/\\\/secure.gravatar.com\\\/avatar\\\/bab33852abfd8b282518d6ed81826833d77c3c882d9ab608add591ccace47a44?s=96&d=mm&r=g\",\"url\":\"https:\\\/\\\/secure.gravatar.com\\\/avatar\\\/bab33852abfd8b282518d6ed81826833d77c3c882d9ab608add591ccace47a44?s=96&d=mm&r=g\",\"contentUrl\":\"https:\\\/\\\/secure.gravatar.com\\\/avatar\\\/bab33852abfd8b282518d6ed81826833d77c3c882d9ab608add591ccace47a44?s=96&d=mm&r=g\",\"caption\":\"Kuzeyin Sesi\"},\"sameAs\":[\"https:\\\/\\\/kuzeyinsesi.org\"],\"url\":\"https:\\\/\\\/kuzeyinsesi.org\\\/index.php\\\/author\\\/guven\\\/\"}]}<\/script>\n<!-- \/ Yoast SEO plugin. -->","yoast_head_json":{"title":"Tahsin Ertu\u011frulo\u011flu, BM \u00d6zel Temsilcisi Khassim Diagne ile g\u00f6r\u00fc\u015ft\u00fc - Kuzeyin Sesi","robots":{"index":"index","follow":"follow","max-snippet":"max-snippet:-1","max-image-preview":"max-image-preview:large","max-video-preview":"max-video-preview:-1"},"canonical":"https:\/\/kuzeyinsesi.org\/index.php\/2026\/09\/04\/tahsin-ertugruloglu-bm-ozel-temsilcisi-khassim-diagne-ile-gorustu\/","og_locale":"tr_TR","og_type":"article","og_title":"Tahsin Ertu\u011frulo\u011flu, BM \u00d6zel Temsilcisi Khassim Diagne ile g\u00f6r\u00fc\u015ft\u00fc - Kuzeyin Sesi","og_description":"D\u0131\u015fi\u015fleri Bakan\u0131 Tahsin Ertu\u011frulo\u011flu, Birle\u015fmi\u015f Milletler Genel Sekreteri\u2019nin K\u0131br\u0131s \u00d6zel Temsilcisi ve BM Bar\u0131\u015f G\u00fcc\u00fc (UNFICYP) Misyon \u015eefi Khassim Diagne ile bir araya geldi. G\u00dcNCEL GEL\u0130\u015eMELER ELE ALINDI D\u0131\u015fi\u015fleri Bakanl\u0131\u011f\u0131\u2019nda ger\u00e7ekle\u015ftirilen g\u00f6r\u00fc\u015fmeye, her iki taraftan heyetler de kat\u0131ld\u0131. Bakanl\u0131ktan yap\u0131lan a\u00e7\u0131klamaya g\u00f6re g\u00f6r\u00fc\u015fmede, K\u0131br\u0131s\u2019taki g\u00fcncel geli\u015fmeler hakk\u0131nda de\u011ferlendirmelerde bulunuldu. BM BARI\u015e G\u00dcC\u00dc\u2019N\u00dcN FAAL\u0130YETLER\u0130 G\u00d6R\u00dc\u015e\u00dcLD\u00dc Ertu\u011frulo\u011flu [&hellip;]","og_url":"https:\/\/kuzeyinsesi.org\/index.php\/2026\/09\/04\/tahsin-ertugruloglu-bm-ozel-temsilcisi-khassim-diagne-ile-gorustu\/","og_site_name":"Kuzeyin Sesi","article_publisher":"https:\/\/www.facebook.com\/kuzeyinsesii","article_published_time":"2026-09-04T13:26:16+00:00","og_image":[{"width":1600,"height":900,"url":"https:\/\/kuzeyinsesi.org\/wp-content\/uploads\/2026\/09\/Kuzeyinsesikj-2026-09-04T161431.086.jpg","type":"image\/jpeg"}],"author":"Kuzeyin Sesi","twitter_card":"summary_large_image","twitter_creator":"@kuzeyinsesii","twitter_site":"@kuzeyinsesii","twitter_misc":{"Yazan:":"Kuzeyin Sesi","Tahmini okuma s\u00fcresi":"1 dakika"},"schema":{"@context":"https:\/\/schema.org","@graph":[{"@type":"Article","@id":"https:\/\/kuzeyinsesi.org\/index.php\/2026\/09\/04\/tahsin-ertugruloglu-bm-ozel-temsilcisi-khassim-diagne-ile-gorustu\/#article","isPartOf":{"@id":"https:\/\/kuzeyinsesi.org\/index.php\/2026\/09\/04\/tahsin-ertugruloglu-bm-ozel-temsilcisi-khassim-diagne-ile-gorustu\/"},"author":{"name":"Kuzeyin Sesi","@id":"https:\/\/kuzeyinsesi.org\/#\/schema\/person\/9f859689cdf01485597712386e37f5aa"},"headline":"Tahsin Ertu\u011frulo\u011flu, BM \u00d6zel Temsilcisi Khassim Diagne ile g\u00f6r\u00fc\u015ft\u00fc","datePublished":"2026-09-04T13:26:16+00:00","mainEntityOfPage":{"@id":"https:\/\/kuzeyinsesi.org\/index.php\/2026\/09\/04\/tahsin-ertugruloglu-bm-ozel-temsilcisi-khassim-diagne-ile-gorustu\/"},"wordCount":147,"commentCount":0,"image":{"@id":"https:\/\/kuzeyinsesi.org\/index.php\/2026\/09\/04\/tahsin-ertugruloglu-bm-ozel-temsilcisi-khassim-diagne-ile-gorustu\/#primaryimage"},"thumbnailUrl":"https:\/\/kuzeyinsesi.org\/wp-content\/uploads\/2026\/09\/Kuzeyinsesikj-2026-09-04T161431.086.jpg","keywords":["Birle\u015fmi\u015f Milletler","D\u0131\u015fi\u015fleri Bakanl\u0131\u011f\u0131","Khassim Diagne","Tahsin Ertu\u011frulo\u011flu","UNFICYP"],"articleSection":["K\u0131br\u0131s"],"inLanguage":"tr","potentialAction":[{"@type":"CommentAction","name":"Comment","target":["https:\/\/kuzeyinsesi.org\/index.php\/2026\/09\/04\/tahsin-ertugruloglu-bm-ozel-temsilcisi-khassim-diagne-ile-gorustu\/#respond"]}]},{"@type":"WebPage","@id":"https:\/\/kuzeyinsesi.org\/index.php\/2026\/09\/04\/tahsin-ertugruloglu-bm-ozel-temsilcisi-khassim-diagne-ile-gorustu\/","url":"https:\/\/kuzeyinsesi.org\/index.php\/2026\/09\/04\/tahsin-ertugruloglu-bm-ozel-temsilcisi-khassim-diagne-ile-gorustu\/","name":"Tahsin Ertu\u011frulo\u011flu, BM \u00d6zel Temsilcisi Khassim Diagne ile g\u00f6r\u00fc\u015ft\u00fc - Kuzeyin Sesi","isPartOf":{"@id":"https:\/\/kuzeyinsesi.org\/#website"},"primaryImageOfPage":{"@id":"https:\/\/kuzeyinsesi.org\/index.php\/2026\/09\/04\/tahsin-ertugruloglu-bm-ozel-temsilcisi-khassim-diagne-ile-gorustu\/#primaryimage"},"image":{"@id":"https:\/\/kuzeyinsesi.org\/index.php\/2026\/09\/04\/tahsin-ertugruloglu-bm-ozel-temsilcisi-khassim-diagne-ile-gorustu\/#primaryimage"},"thumbnailUrl":"https:\/\/kuzeyinsesi.org\/wp-content\/uploads\/2026\/09\/Kuzeyinsesikj-2026-09-04T161431.086.jpg","datePublished":"2026-09-04T13:26:16+00:00","author":{"@id":"https:\/\/kuzeyinsesi.org\/#\/schema\/person\/9f859689cdf01485597712386e37f5aa"},"breadcrumb":{"@id":"https:\/\/kuzeyinsesi.org\/index.php\/2026\/09\/04\/tahsin-ertugruloglu-bm-ozel-temsilcisi-khassim-diagne-ile-gorustu\/#breadcrumb"},"inLanguage":"tr","potentialAction":[{"@type":"ReadAction","target":["https:\/\/kuzeyinsesi.org\/index.php\/2026\/09\/04\/tahsin-ertugruloglu-bm-ozel-temsilcisi-khassim-diagne-ile-gorustu\/"]}]},{"@type":"ImageObject","inLanguage":"tr","@id":"https:\/\/kuzeyinsesi.org\/index.php\/2026\/09\/04\/tahsin-ertugruloglu-bm-ozel-temsilcisi-khassim-diagne-ile-gorustu\/#primaryimage","url":"https:\/\/kuzeyinsesi.org\/wp-content\/uploads\/2026\/09\/Kuzeyinsesikj-2026-09-04T161431.086.jpg","contentUrl":"https:\/\/kuzeyinsesi.org\/wp-content\/uploads\/2026\/09\/Kuzeyinsesikj-2026-09-04T161431.086.jpg","width":1600,"height":900},{"@type":"BreadcrumbList","@id":"https:\/\/kuzeyinsesi.org\/index.php\/2026\/09\/04\/tahsin-ertugruloglu-bm-ozel-temsilcisi-khassim-diagne-ile-gorustu\/#breadcrumb","itemListElement":[{"@type":"ListItem","position":1,"name":"Anasayfa","item":"https:\/\/kuzeyinsesi.org\/"},{"@type":"ListItem","position":2,"name":"Tahsin Ertu\u011frulo\u011flu, BM \u00d6zel Temsilcisi Khassim Diagne ile g\u00f6r\u00fc\u015ft\u00fc"}]},{"@type":"WebSite","@id":"https:\/\/kuzeyinsesi.org\/#website","url":"https:\/\/kuzeyinsesi.org\/","name":"Kuzeyin Sesi","description":"Do\u011fru Haberin Adresi","potentialAction":[{"@type":"SearchAction","target":{"@type":"EntryPoint","urlTemplate":"https:\/\/kuzeyinsesi.org\/?s={search_term_string}"},"query-input":{"@type":"PropertyValueSpecification","valueRequired":true,"valueName":"search_term_string"}}],"inLanguage":"tr"},{"@type":"Person","@id":"https:\/\/kuzeyinsesi.org\/#\/schema\/person\/9f859689cdf01485597712386e37f5aa","name":"Kuzeyin Sesi","image":{"@type":"ImageObject","inLanguage":"tr","@id":"https:\/\/secure.gravatar.com\/avatar\/bab33852abfd8b282518d6ed81826833d77c3c882d9ab608add591ccace47a44?s=96&d=mm&r=g","url":"https:\/\/secure.gravatar.com\/avatar\/bab33852abfd8b282518d6ed81826833d77c3c882d9ab608add591ccace47a44?s=96&d=mm&r=g","contentUrl":"https:\/\/secure.gravatar.com\/avatar\/bab33852abfd8b282518d6ed81826833d77c3c882d9ab608add591ccace47a44?s=96&d=mm&r=g","caption":"Kuzeyin Sesi"},"sameAs":["https:\/\/kuzeyinsesi.org"],"url":"https:\/\/kuzeyinsesi.org\/index.php\/author\/guven\/"}]}},"_links":{"self":[{"href":"https:\/\/kuzeyinsesi.org\/index.php\/wp-json\/wp\/v2\/posts\/46058","targetHints":{"allow":["GET"]}}],"collection":[{"href":"https:\/\/kuzeyinsesi.org\/index.php\/wp-json\/wp\/v2\/posts"}],"about":[{"href":"https:\/\/kuzeyinsesi.org\/index.php\/wp-json\/wp\/v2\/types\/post"}],"author":[{"embeddable":true,"href":"https:\/\/kuzeyinsesi.org\/index.php\/wp-json\/wp\/v2\/users\/1"}],"replies":[{"embeddable":true,"href":"https:\/\/kuzeyinsesi.org\/index.php\/wp-json\/wp\/v2\/comments?post=46058"}],"version-history":[{"count":1,"href":"https:\/\/kuzeyinsesi.org\/index.php\/wp-json\/wp\/v2\/posts\/46058\/revisions"}],"predecessor-version":[{"id":46060,"href":"https:\/\/kuzeyinsesi.org\/index.php\/wp-json\/wp\/v2\/posts\/46058\/revisions\/46060"}],"wp:featuredmedia":[{"embeddable":true,"href":"https:\/\/kuzeyinsesi.org\/index.php\/wp-json\/wp\/v2\/media\/46059"}],"wp:attachment":[{"href":"https:\/\/kuzeyinsesi.org\/index.php\/wp-json\/wp\/v2\/media?parent=46058"}],"wp:term":[{"taxonomy":"category","embeddable":true,"href":"https:\/\/kuzeyinsesi.org\/index.php\/wp-json\/wp\/v2\/categories?post=46058"},{"taxonomy":"post_tag","embeddable":true,"href":"https:\/\/kuzeyinsesi.org\/index.php\/wp-json\/wp\/v2\/tags?post=46058"}],"curies":[{"name":"wp","href":"https:\/\/api.w.org\/{rel}","templated":true}]}}