{"id":46053,"date":"2026-09-04T16:02:57","date_gmt":"2026-09-04T13:02:57","guid":{"rendered":"https:\/\/kuzeyinsesi.org\/?p=46053"},"modified":"2026-09-04T16:02:57","modified_gmt":"2026-09-04T13:02:57","slug":"sila-usar-incirliden-olaganustu-toplanti-cagrisi-irade-ortak-meclis-toplanmali","status":"publish","type":"post","link":"https:\/\/kuzeyinsesi.org\/index.php\/2026\/09\/04\/sila-usar-incirliden-olaganustu-toplanti-cagrisi-irade-ortak-meclis-toplanmali\/","title":{"rendered":"S\u0131la Usar \u0130ncirli\u2019den ola\u011fan\u00fcst\u00fc toplant\u0131 \u00e7a\u011fr\u0131s\u0131: \u201c\u0130rade ortak, Meclis toplanmal\u0131\u201d"},"content":{"rendered":"<p class=\"isSelectedEnd\">CTP Genel Ba\u015fkan\u0131 <strong>S\u0131la Usar \u0130ncirli<\/strong>, Girne a\u00e7\u0131klar\u0131nda meydana gelen Filo Jet facias\u0131n\u0131n t\u00fcm y\u00f6nleriyle ara\u015ft\u0131r\u0131lmas\u0131 amac\u0131yla h\u00fck\u00fcmet ve muhalefetin ortak irade ortaya koydu\u011funu belirterek, <strong>Cumhuriyet Meclisi Genel Kurulu\u2019nun ola\u011fan\u00fcst\u00fc toplant\u0131ya \u00e7a\u011fr\u0131lmas\u0131n\u0131<\/strong> istedi.<\/p>\n<h2>ARA\u015eTIRMA KOM\u0130TES\u0130 \u00d6NERGES\u0130 MECL\u0130S\u2019E SUNULDU<\/h2>\n<p class=\"isSelectedEnd\">\u0130ncirli, CTP\u2019nin kazan\u0131n t\u00fcm y\u00f6nleriyle ara\u015ft\u0131r\u0131lmas\u0131, olas\u0131 ihmallerin ve idari sorumluluklar\u0131n ortaya \u00e7\u0131kar\u0131lmas\u0131 amac\u0131yla haz\u0131rlad\u0131\u011f\u0131 <strong>Meclis Ara\u015ft\u0131rma Komitesi \u00f6nergesini<\/strong> d\u00fcn Meclis Ba\u015fkanl\u0131\u011f\u0131\u2019na sundu\u011funu belirtti.<\/p>\n<p class=\"isSelectedEnd\">\u00d6nergenin bug\u00fcn milletvekillerinin bilgisine getirildi\u011fini kaydeden \u0130ncirli, facian\u0131n ara\u015ft\u0131r\u0131lmas\u0131 i\u00e7in s\u00fcrecin daha fazla geciktirilmemesi gerekti\u011fini vurgulad\u0131.<\/p>\n<h2>\u201cBU KONUDA \u0130RADE ORTAK\u201d<\/h2>\n<p class=\"isSelectedEnd\">Ba\u015fbakan <strong>\u00dcnal \u00dcstel\u2019in<\/strong> de h\u00fck\u00fcmet olarak ayn\u0131 konuda Meclis Ara\u015ft\u0131rma Komitesi kurulmas\u0131 i\u00e7in m\u00fcracaatta bulunduklar\u0131n\u0131 a\u00e7\u0131klad\u0131\u011f\u0131n\u0131 hat\u0131rlatan \u0130ncirli, h\u00fck\u00fcmet ve muhalefet aras\u0131nda ara\u015ft\u0131rma yap\u0131lmas\u0131 konusunda ortak siyasi iradenin olu\u015ftu\u011funu ifade etti.<\/p>\n<p class=\"isSelectedEnd\">\u0130ncirli, bu a\u015famadan sonra yeni bir giri\u015fime ihtiya\u00e7 bulunmad\u0131\u011f\u0131n\u0131 ve Meclis Ba\u015fkanl\u0131\u011f\u0131\u2019n\u0131n yetkisini kullanmas\u0131 gerekti\u011fini s\u00f6yledi.<\/p>\n<h2>\u201cGENEL KURUL EN KISA S\u00dcREDE OLA\u011eAN\u00dcST\u00dc TOPLANMALI\u201d<\/h2>\n<p class=\"isSelectedEnd\">\u0130ncirli, <strong>\u201cBu konudaki irade ortak oldu\u011funa g\u00f6re, art\u0131k herhangi bir ilave giri\u015fime gerek kalmaks\u0131z\u0131n Meclis Ba\u015fkanl\u0131\u011f\u0131n\u0131n yetkisini kullanarak Genel Kurulu en k\u0131sa s\u00fcrede ola\u011fan\u00fcst\u00fc toplant\u0131ya \u00e7a\u011f\u0131rmas\u0131 gerekmektedir\u201d<\/strong> dedi.<\/p>\n<p>Filo Jet facias\u0131na ili\u015fkin ara\u015ft\u0131rma s\u00fcrecinin gecikmeden ba\u015flat\u0131lmas\u0131 gerekti\u011fini vurgulayan \u0130ncirli, Meclis\u2019in ola\u011fan\u00fcst\u00fc toplanmas\u0131 \u00e7a\u011fr\u0131s\u0131n\u0131 yineledi.<\/p>\n","protected":false},"excerpt":{"rendered":"<p>CTP Genel Ba\u015fkan\u0131 S\u0131la Usar \u0130ncirli, Girne a\u00e7\u0131klar\u0131nda meydana gelen Filo Jet facias\u0131n\u0131n t\u00fcm y\u00f6nleriyle ara\u015ft\u0131r\u0131lmas\u0131 amac\u0131yla h\u00fck\u00fcmet ve muhalefetin ortak irade ortaya koydu\u011funu belirterek, Cumhuriyet Meclisi Genel Kurulu\u2019nun ola\u011fan\u00fcst\u00fc toplant\u0131ya \u00e7a\u011fr\u0131lmas\u0131n\u0131 istedi. ARA\u015eTIRMA KOM\u0130TES\u0130 \u00d6NERGES\u0130 MECL\u0130S\u2019E SUNULDU \u0130ncirli, CTP\u2019nin kazan\u0131n t\u00fcm y\u00f6nleriyle ara\u015ft\u0131r\u0131lmas\u0131, olas\u0131 ihmallerin ve idari sorumluluklar\u0131n ortaya \u00e7\u0131kar\u0131lmas\u0131 amac\u0131yla haz\u0131rlad\u0131\u011f\u0131 Meclis Ara\u015ft\u0131rma [&hellip;]<\/p>\n","protected":false},"author":1,"featured_media":46056,"comment_status":"open","ping_status":"open","sticky":false,"template":"","format":"standard","meta":{"jnews-multi-image_gallery":[],"jnews_single_post":{"subtitle":"","format":"standard","override":[{"template":"1","parallax":"1","fullscreen":"1","layout":"right-sidebar","sidebar":"default-sidebar","second_sidebar":"default-sidebar","sticky_sidebar":"1","share_position":"top","share_float_style":"share-monocrhome","show_featured":"1","show_post_author":"1","show_post_author_image":"1","show_post_date":"1","post_date_format":"default","post_date_format_custom":"Y\/m\/d","show_post_category":"1","show_post_reading_time":"0","post_reading_time_wpm":"300","post_calculate_word_method":"str_word_count","show_zoom_button":"0","zoom_button_out_step":"2","zoom_button_in_step":"3","show_post_tag":"1","show_prev_next_post":"1","show_popup_post":"1","show_comment_section":"1","number_popup_post":"1","show_author_box":"0","show_post_related":"0","show_inline_post_related":"0"}],"image_override":[{"single_post_thumbnail_size":"crop-500","single_post_gallery_size":"crop-500"}],"trending_post_position":"meta","trending_post_label":"Trending","sponsored_post_label":"Sponsored by","disable_ad":"0"},"jnews_primary_category":[],"jnews_social_meta":[],"jnews_override_counter":{"view_counter_number":"0","share_counter_number":"0","like_counter_number":"0","dislike_counter_number":"0"},"footnotes":""},"categories":[1],"tags":[136,2072,7028,7042,554],"class_list":["post-46053","post","type-post","status-publish","format-standard","has-post-thumbnail","hentry","category-kibris","tag-ctp","tag-cumhuriyet-meclisi","tag-filo-jet","tag-meclis-arastirma-komitesi","tag-sila-usar-incirli"],"yoast_head":"<!-- This site is optimized with the Yoast SEO plugin v28.4 - https:\/\/yoast.com\/product\/yoast-seo-wordpress\/ -->\n<title>S\u0131la Usar \u0130ncirli\u2019den ola\u011fan\u00fcst\u00fc toplant\u0131 \u00e7a\u011fr\u0131s\u0131: \u201c\u0130rade ortak, Meclis toplanmal\u0131\u201d - Kuzeyin Sesi<\/title>\n<meta name=\"robots\" content=\"index, follow, max-snippet:-1, max-image-preview:large, max-video-preview:-1\" \/>\n<link rel=\"canonical\" href=\"https:\/\/kuzeyinsesi.org\/index.php\/2026\/09\/04\/sila-usar-incirliden-olaganustu-toplanti-cagrisi-irade-ortak-meclis-toplanmali\/\" \/>\n<meta property=\"og:locale\" content=\"tr_TR\" \/>\n<meta property=\"og:type\" content=\"article\" \/>\n<meta property=\"og:title\" content=\"S\u0131la Usar \u0130ncirli\u2019den ola\u011fan\u00fcst\u00fc toplant\u0131 \u00e7a\u011fr\u0131s\u0131: \u201c\u0130rade ortak, Meclis toplanmal\u0131\u201d - Kuzeyin Sesi\" \/>\n<meta property=\"og:description\" content=\"CTP Genel Ba\u015fkan\u0131 S\u0131la Usar \u0130ncirli, Girne a\u00e7\u0131klar\u0131nda meydana gelen Filo Jet facias\u0131n\u0131n t\u00fcm y\u00f6nleriyle ara\u015ft\u0131r\u0131lmas\u0131 amac\u0131yla h\u00fck\u00fcmet ve muhalefetin ortak irade ortaya koydu\u011funu belirterek, Cumhuriyet Meclisi Genel Kurulu\u2019nun ola\u011fan\u00fcst\u00fc toplant\u0131ya \u00e7a\u011fr\u0131lmas\u0131n\u0131 istedi. ARA\u015eTIRMA KOM\u0130TES\u0130 \u00d6NERGES\u0130 MECL\u0130S\u2019E SUNULDU \u0130ncirli, CTP\u2019nin kazan\u0131n t\u00fcm y\u00f6nleriyle ara\u015ft\u0131r\u0131lmas\u0131, olas\u0131 ihmallerin ve idari sorumluluklar\u0131n ortaya \u00e7\u0131kar\u0131lmas\u0131 amac\u0131yla haz\u0131rlad\u0131\u011f\u0131 Meclis Ara\u015ft\u0131rma [&hellip;]\" \/>\n<meta property=\"og:url\" content=\"https:\/\/kuzeyinsesi.org\/index.php\/2026\/09\/04\/sila-usar-incirliden-olaganustu-toplanti-cagrisi-irade-ortak-meclis-toplanmali\/\" \/>\n<meta property=\"og:site_name\" content=\"Kuzeyin Sesi\" \/>\n<meta property=\"article:publisher\" content=\"https:\/\/www.facebook.com\/kuzeyinsesii\" \/>\n<meta property=\"article:published_time\" content=\"2026-09-04T13:02:57+00:00\" \/>\n<meta property=\"og:image\" content=\"https:\/\/kuzeyinsesi.org\/wp-content\/uploads\/2026\/09\/Kuzeyinsesikj-2026-09-04T155754.142.jpg\" \/>\n\t<meta property=\"og:image:width\" content=\"1600\" \/>\n\t<meta property=\"og:image:height\" content=\"900\" \/>\n\t<meta property=\"og:image:type\" content=\"image\/jpeg\" \/>\n<meta name=\"author\" content=\"Kuzeyin Sesi\" \/>\n<meta name=\"twitter:card\" content=\"summary_large_image\" \/>\n<meta name=\"twitter:creator\" content=\"@kuzeyinsesii\" \/>\n<meta name=\"twitter:site\" content=\"@kuzeyinsesii\" \/>\n<meta name=\"twitter:label1\" content=\"Yazan:\" \/>\n\t<meta name=\"twitter:data1\" content=\"Kuzeyin Sesi\" \/>\n\t<meta name=\"twitter:label2\" content=\"Tahmini okuma s\u00fcresi\" \/>\n\t<meta name=\"twitter:data2\" content=\"2 dakika\" \/>\n<script type=\"application\/ld+json\" class=\"yoast-schema-graph\">{\"@context\":\"https:\\\/\\\/schema.org\",\"@graph\":[{\"@type\":\"Article\",\"@id\":\"https:\\\/\\\/kuzeyinsesi.org\\\/index.php\\\/2026\\\/09\\\/04\\\/sila-usar-incirliden-olaganustu-toplanti-cagrisi-irade-ortak-meclis-toplanmali\\\/#article\",\"isPartOf\":{\"@id\":\"https:\\\/\\\/kuzeyinsesi.org\\\/index.php\\\/2026\\\/09\\\/04\\\/sila-usar-incirliden-olaganustu-toplanti-cagrisi-irade-ortak-meclis-toplanmali\\\/\"},\"author\":{\"name\":\"Kuzeyin Sesi\",\"@id\":\"https:\\\/\\\/kuzeyinsesi.org\\\/#\\\/schema\\\/person\\\/9f859689cdf01485597712386e37f5aa\"},\"headline\":\"S\u0131la Usar \u0130ncirli\u2019den ola\u011fan\u00fcst\u00fc toplant\u0131 \u00e7a\u011fr\u0131s\u0131: \u201c\u0130rade ortak, Meclis toplanmal\u0131\u201d\",\"datePublished\":\"2026-09-04T13:02:57+00:00\",\"mainEntityOfPage\":{\"@id\":\"https:\\\/\\\/kuzeyinsesi.org\\\/index.php\\\/2026\\\/09\\\/04\\\/sila-usar-incirliden-olaganustu-toplanti-cagrisi-irade-ortak-meclis-toplanmali\\\/\"},\"wordCount\":308,\"commentCount\":0,\"image\":{\"@id\":\"https:\\\/\\\/kuzeyinsesi.org\\\/index.php\\\/2026\\\/09\\\/04\\\/sila-usar-incirliden-olaganustu-toplanti-cagrisi-irade-ortak-meclis-toplanmali\\\/#primaryimage\"},\"thumbnailUrl\":\"https:\\\/\\\/kuzeyinsesi.org\\\/wp-content\\\/uploads\\\/2026\\\/09\\\/Kuzeyinsesikj-2026-09-04T155754.142.jpg\",\"keywords\":[\"CTP\",\"Cumhuriyet Meclisi\",\"F\u0130LO JET\",\"Meclis Ara\u015ft\u0131rma Komitesi\",\"S\u0131la Usar \u0130ncirli\"],\"articleSection\":[\"K\u0131br\u0131s\"],\"inLanguage\":\"tr\",\"potentialAction\":[{\"@type\":\"CommentAction\",\"name\":\"Comment\",\"target\":[\"https:\\\/\\\/kuzeyinsesi.org\\\/index.php\\\/2026\\\/09\\\/04\\\/sila-usar-incirliden-olaganustu-toplanti-cagrisi-irade-ortak-meclis-toplanmali\\\/#respond\"]}]},{\"@type\":\"WebPage\",\"@id\":\"https:\\\/\\\/kuzeyinsesi.org\\\/index.php\\\/2026\\\/09\\\/04\\\/sila-usar-incirliden-olaganustu-toplanti-cagrisi-irade-ortak-meclis-toplanmali\\\/\",\"url\":\"https:\\\/\\\/kuzeyinsesi.org\\\/index.php\\\/2026\\\/09\\\/04\\\/sila-usar-incirliden-olaganustu-toplanti-cagrisi-irade-ortak-meclis-toplanmali\\\/\",\"name\":\"S\u0131la Usar \u0130ncirli\u2019den ola\u011fan\u00fcst\u00fc toplant\u0131 \u00e7a\u011fr\u0131s\u0131: \u201c\u0130rade ortak, Meclis toplanmal\u0131\u201d - Kuzeyin Sesi\",\"isPartOf\":{\"@id\":\"https:\\\/\\\/kuzeyinsesi.org\\\/#website\"},\"primaryImageOfPage\":{\"@id\":\"https:\\\/\\\/kuzeyinsesi.org\\\/index.php\\\/2026\\\/09\\\/04\\\/sila-usar-incirliden-olaganustu-toplanti-cagrisi-irade-ortak-meclis-toplanmali\\\/#primaryimage\"},\"image\":{\"@id\":\"https:\\\/\\\/kuzeyinsesi.org\\\/index.php\\\/2026\\\/09\\\/04\\\/sila-usar-incirliden-olaganustu-toplanti-cagrisi-irade-ortak-meclis-toplanmali\\\/#primaryimage\"},\"thumbnailUrl\":\"https:\\\/\\\/kuzeyinsesi.org\\\/wp-content\\\/uploads\\\/2026\\\/09\\\/Kuzeyinsesikj-2026-09-04T155754.142.jpg\",\"datePublished\":\"2026-09-04T13:02:57+00:00\",\"author\":{\"@id\":\"https:\\\/\\\/kuzeyinsesi.org\\\/#\\\/schema\\\/person\\\/9f859689cdf01485597712386e37f5aa\"},\"breadcrumb\":{\"@id\":\"https:\\\/\\\/kuzeyinsesi.org\\\/index.php\\\/2026\\\/09\\\/04\\\/sila-usar-incirliden-olaganustu-toplanti-cagrisi-irade-ortak-meclis-toplanmali\\\/#breadcrumb\"},\"inLanguage\":\"tr\",\"potentialAction\":[{\"@type\":\"ReadAction\",\"target\":[\"https:\\\/\\\/kuzeyinsesi.org\\\/index.php\\\/2026\\\/09\\\/04\\\/sila-usar-incirliden-olaganustu-toplanti-cagrisi-irade-ortak-meclis-toplanmali\\\/\"]}]},{\"@type\":\"ImageObject\",\"inLanguage\":\"tr\",\"@id\":\"https:\\\/\\\/kuzeyinsesi.org\\\/index.php\\\/2026\\\/09\\\/04\\\/sila-usar-incirliden-olaganustu-toplanti-cagrisi-irade-ortak-meclis-toplanmali\\\/#primaryimage\",\"url\":\"https:\\\/\\\/kuzeyinsesi.org\\\/wp-content\\\/uploads\\\/2026\\\/09\\\/Kuzeyinsesikj-2026-09-04T155754.142.jpg\",\"contentUrl\":\"https:\\\/\\\/kuzeyinsesi.org\\\/wp-content\\\/uploads\\\/2026\\\/09\\\/Kuzeyinsesikj-2026-09-04T155754.142.jpg\",\"width\":1600,\"height\":900},{\"@type\":\"BreadcrumbList\",\"@id\":\"https:\\\/\\\/kuzeyinsesi.org\\\/index.php\\\/2026\\\/09\\\/04\\\/sila-usar-incirliden-olaganustu-toplanti-cagrisi-irade-ortak-meclis-toplanmali\\\/#breadcrumb\",\"itemListElement\":[{\"@type\":\"ListItem\",\"position\":1,\"name\":\"Anasayfa\",\"item\":\"https:\\\/\\\/kuzeyinsesi.org\\\/\"},{\"@type\":\"ListItem\",\"position\":2,\"name\":\"S\u0131la Usar \u0130ncirli\u2019den ola\u011fan\u00fcst\u00fc toplant\u0131 \u00e7a\u011fr\u0131s\u0131: \u201c\u0130rade ortak, Meclis toplanmal\u0131\u201d\"}]},{\"@type\":\"WebSite\",\"@id\":\"https:\\\/\\\/kuzeyinsesi.org\\\/#website\",\"url\":\"https:\\\/\\\/kuzeyinsesi.org\\\/\",\"name\":\"Kuzeyin Sesi\",\"description\":\"Do\u011fru Haberin Adresi\",\"potentialAction\":[{\"@type\":\"SearchAction\",\"target\":{\"@type\":\"EntryPoint\",\"urlTemplate\":\"https:\\\/\\\/kuzeyinsesi.org\\\/?s={search_term_string}\"},\"query-input\":{\"@type\":\"PropertyValueSpecification\",\"valueRequired\":true,\"valueName\":\"search_term_string\"}}],\"inLanguage\":\"tr\"},{\"@type\":\"Person\",\"@id\":\"https:\\\/\\\/kuzeyinsesi.org\\\/#\\\/schema\\\/person\\\/9f859689cdf01485597712386e37f5aa\",\"name\":\"Kuzeyin Sesi\",\"image\":{\"@type\":\"ImageObject\",\"inLanguage\":\"tr\",\"@id\":\"https:\\\/\\\/secure.gravatar.com\\\/avatar\\\/bab33852abfd8b282518d6ed81826833d77c3c882d9ab608add591ccace47a44?s=96&d=mm&r=g\",\"url\":\"https:\\\/\\\/secure.gravatar.com\\\/avatar\\\/bab33852abfd8b282518d6ed81826833d77c3c882d9ab608add591ccace47a44?s=96&d=mm&r=g\",\"contentUrl\":\"https:\\\/\\\/secure.gravatar.com\\\/avatar\\\/bab33852abfd8b282518d6ed81826833d77c3c882d9ab608add591ccace47a44?s=96&d=mm&r=g\",\"caption\":\"Kuzeyin Sesi\"},\"sameAs\":[\"https:\\\/\\\/kuzeyinsesi.org\"],\"url\":\"https:\\\/\\\/kuzeyinsesi.org\\\/index.php\\\/author\\\/guven\\\/\"}]}<\/script>\n<!-- \/ Yoast SEO plugin. -->","yoast_head_json":{"title":"S\u0131la Usar \u0130ncirli\u2019den ola\u011fan\u00fcst\u00fc toplant\u0131 \u00e7a\u011fr\u0131s\u0131: \u201c\u0130rade ortak, Meclis toplanmal\u0131\u201d - Kuzeyin Sesi","robots":{"index":"index","follow":"follow","max-snippet":"max-snippet:-1","max-image-preview":"max-image-preview:large","max-video-preview":"max-video-preview:-1"},"canonical":"https:\/\/kuzeyinsesi.org\/index.php\/2026\/09\/04\/sila-usar-incirliden-olaganustu-toplanti-cagrisi-irade-ortak-meclis-toplanmali\/","og_locale":"tr_TR","og_type":"article","og_title":"S\u0131la Usar \u0130ncirli\u2019den ola\u011fan\u00fcst\u00fc toplant\u0131 \u00e7a\u011fr\u0131s\u0131: \u201c\u0130rade ortak, Meclis toplanmal\u0131\u201d - Kuzeyin Sesi","og_description":"CTP Genel Ba\u015fkan\u0131 S\u0131la Usar \u0130ncirli, Girne a\u00e7\u0131klar\u0131nda meydana gelen Filo Jet facias\u0131n\u0131n t\u00fcm y\u00f6nleriyle ara\u015ft\u0131r\u0131lmas\u0131 amac\u0131yla h\u00fck\u00fcmet ve muhalefetin ortak irade ortaya koydu\u011funu belirterek, Cumhuriyet Meclisi Genel Kurulu\u2019nun ola\u011fan\u00fcst\u00fc toplant\u0131ya \u00e7a\u011fr\u0131lmas\u0131n\u0131 istedi. ARA\u015eTIRMA KOM\u0130TES\u0130 \u00d6NERGES\u0130 MECL\u0130S\u2019E SUNULDU \u0130ncirli, CTP\u2019nin kazan\u0131n t\u00fcm y\u00f6nleriyle ara\u015ft\u0131r\u0131lmas\u0131, olas\u0131 ihmallerin ve idari sorumluluklar\u0131n ortaya \u00e7\u0131kar\u0131lmas\u0131 amac\u0131yla haz\u0131rlad\u0131\u011f\u0131 Meclis Ara\u015ft\u0131rma [&hellip;]","og_url":"https:\/\/kuzeyinsesi.org\/index.php\/2026\/09\/04\/sila-usar-incirliden-olaganustu-toplanti-cagrisi-irade-ortak-meclis-toplanmali\/","og_site_name":"Kuzeyin Sesi","article_publisher":"https:\/\/www.facebook.com\/kuzeyinsesii","article_published_time":"2026-09-04T13:02:57+00:00","og_image":[{"width":1600,"height":900,"url":"https:\/\/kuzeyinsesi.org\/wp-content\/uploads\/2026\/09\/Kuzeyinsesikj-2026-09-04T155754.142.jpg","type":"image\/jpeg"}],"author":"Kuzeyin Sesi","twitter_card":"summary_large_image","twitter_creator":"@kuzeyinsesii","twitter_site":"@kuzeyinsesii","twitter_misc":{"Yazan:":"Kuzeyin Sesi","Tahmini okuma s\u00fcresi":"2 dakika"},"schema":{"@context":"https:\/\/schema.org","@graph":[{"@type":"Article","@id":"https:\/\/kuzeyinsesi.org\/index.php\/2026\/09\/04\/sila-usar-incirliden-olaganustu-toplanti-cagrisi-irade-ortak-meclis-toplanmali\/#article","isPartOf":{"@id":"https:\/\/kuzeyinsesi.org\/index.php\/2026\/09\/04\/sila-usar-incirliden-olaganustu-toplanti-cagrisi-irade-ortak-meclis-toplanmali\/"},"author":{"name":"Kuzeyin Sesi","@id":"https:\/\/kuzeyinsesi.org\/#\/schema\/person\/9f859689cdf01485597712386e37f5aa"},"headline":"S\u0131la Usar \u0130ncirli\u2019den ola\u011fan\u00fcst\u00fc toplant\u0131 \u00e7a\u011fr\u0131s\u0131: \u201c\u0130rade ortak, Meclis toplanmal\u0131\u201d","datePublished":"2026-09-04T13:02:57+00:00","mainEntityOfPage":{"@id":"https:\/\/kuzeyinsesi.org\/index.php\/2026\/09\/04\/sila-usar-incirliden-olaganustu-toplanti-cagrisi-irade-ortak-meclis-toplanmali\/"},"wordCount":308,"commentCount":0,"image":{"@id":"https:\/\/kuzeyinsesi.org\/index.php\/2026\/09\/04\/sila-usar-incirliden-olaganustu-toplanti-cagrisi-irade-ortak-meclis-toplanmali\/#primaryimage"},"thumbnailUrl":"https:\/\/kuzeyinsesi.org\/wp-content\/uploads\/2026\/09\/Kuzeyinsesikj-2026-09-04T155754.142.jpg","keywords":["CTP","Cumhuriyet Meclisi","F\u0130LO JET","Meclis Ara\u015ft\u0131rma Komitesi","S\u0131la Usar \u0130ncirli"],"articleSection":["K\u0131br\u0131s"],"inLanguage":"tr","potentialAction":[{"@type":"CommentAction","name":"Comment","target":["https:\/\/kuzeyinsesi.org\/index.php\/2026\/09\/04\/sila-usar-incirliden-olaganustu-toplanti-cagrisi-irade-ortak-meclis-toplanmali\/#respond"]}]},{"@type":"WebPage","@id":"https:\/\/kuzeyinsesi.org\/index.php\/2026\/09\/04\/sila-usar-incirliden-olaganustu-toplanti-cagrisi-irade-ortak-meclis-toplanmali\/","url":"https:\/\/kuzeyinsesi.org\/index.php\/2026\/09\/04\/sila-usar-incirliden-olaganustu-toplanti-cagrisi-irade-ortak-meclis-toplanmali\/","name":"S\u0131la Usar \u0130ncirli\u2019den ola\u011fan\u00fcst\u00fc toplant\u0131 \u00e7a\u011fr\u0131s\u0131: \u201c\u0130rade ortak, Meclis toplanmal\u0131\u201d - Kuzeyin Sesi","isPartOf":{"@id":"https:\/\/kuzeyinsesi.org\/#website"},"primaryImageOfPage":{"@id":"https:\/\/kuzeyinsesi.org\/index.php\/2026\/09\/04\/sila-usar-incirliden-olaganustu-toplanti-cagrisi-irade-ortak-meclis-toplanmali\/#primaryimage"},"image":{"@id":"https:\/\/kuzeyinsesi.org\/index.php\/2026\/09\/04\/sila-usar-incirliden-olaganustu-toplanti-cagrisi-irade-ortak-meclis-toplanmali\/#primaryimage"},"thumbnailUrl":"https:\/\/kuzeyinsesi.org\/wp-content\/uploads\/2026\/09\/Kuzeyinsesikj-2026-09-04T155754.142.jpg","datePublished":"2026-09-04T13:02:57+00:00","author":{"@id":"https:\/\/kuzeyinsesi.org\/#\/schema\/person\/9f859689cdf01485597712386e37f5aa"},"breadcrumb":{"@id":"https:\/\/kuzeyinsesi.org\/index.php\/2026\/09\/04\/sila-usar-incirliden-olaganustu-toplanti-cagrisi-irade-ortak-meclis-toplanmali\/#breadcrumb"},"inLanguage":"tr","potentialAction":[{"@type":"ReadAction","target":["https:\/\/kuzeyinsesi.org\/index.php\/2026\/09\/04\/sila-usar-incirliden-olaganustu-toplanti-cagrisi-irade-ortak-meclis-toplanmali\/"]}]},{"@type":"ImageObject","inLanguage":"tr","@id":"https:\/\/kuzeyinsesi.org\/index.php\/2026\/09\/04\/sila-usar-incirliden-olaganustu-toplanti-cagrisi-irade-ortak-meclis-toplanmali\/#primaryimage","url":"https:\/\/kuzeyinsesi.org\/wp-content\/uploads\/2026\/09\/Kuzeyinsesikj-2026-09-04T155754.142.jpg","contentUrl":"https:\/\/kuzeyinsesi.org\/wp-content\/uploads\/2026\/09\/Kuzeyinsesikj-2026-09-04T155754.142.jpg","width":1600,"height":900},{"@type":"BreadcrumbList","@id":"https:\/\/kuzeyinsesi.org\/index.php\/2026\/09\/04\/sila-usar-incirliden-olaganustu-toplanti-cagrisi-irade-ortak-meclis-toplanmali\/#breadcrumb","itemListElement":[{"@type":"ListItem","position":1,"name":"Anasayfa","item":"https:\/\/kuzeyinsesi.org\/"},{"@type":"ListItem","position":2,"name":"S\u0131la Usar \u0130ncirli\u2019den ola\u011fan\u00fcst\u00fc toplant\u0131 \u00e7a\u011fr\u0131s\u0131: \u201c\u0130rade ortak, Meclis toplanmal\u0131\u201d"}]},{"@type":"WebSite","@id":"https:\/\/kuzeyinsesi.org\/#website","url":"https:\/\/kuzeyinsesi.org\/","name":"Kuzeyin Sesi","description":"Do\u011fru Haberin Adresi","potentialAction":[{"@type":"SearchAction","target":{"@type":"EntryPoint","urlTemplate":"https:\/\/kuzeyinsesi.org\/?s={search_term_string}"},"query-input":{"@type":"PropertyValueSpecification","valueRequired":true,"valueName":"search_term_string"}}],"inLanguage":"tr"},{"@type":"Person","@id":"https:\/\/kuzeyinsesi.org\/#\/schema\/person\/9f859689cdf01485597712386e37f5aa","name":"Kuzeyin Sesi","image":{"@type":"ImageObject","inLanguage":"tr","@id":"https:\/\/secure.gravatar.com\/avatar\/bab33852abfd8b282518d6ed81826833d77c3c882d9ab608add591ccace47a44?s=96&d=mm&r=g","url":"https:\/\/secure.gravatar.com\/avatar\/bab33852abfd8b282518d6ed81826833d77c3c882d9ab608add591ccace47a44?s=96&d=mm&r=g","contentUrl":"https:\/\/secure.gravatar.com\/avatar\/bab33852abfd8b282518d6ed81826833d77c3c882d9ab608add591ccace47a44?s=96&d=mm&r=g","caption":"Kuzeyin Sesi"},"sameAs":["https:\/\/kuzeyinsesi.org"],"url":"https:\/\/kuzeyinsesi.org\/index.php\/author\/guven\/"}]}},"_links":{"self":[{"href":"https:\/\/kuzeyinsesi.org\/index.php\/wp-json\/wp\/v2\/posts\/46053","targetHints":{"allow":["GET"]}}],"collection":[{"href":"https:\/\/kuzeyinsesi.org\/index.php\/wp-json\/wp\/v2\/posts"}],"about":[{"href":"https:\/\/kuzeyinsesi.org\/index.php\/wp-json\/wp\/v2\/types\/post"}],"author":[{"embeddable":true,"href":"https:\/\/kuzeyinsesi.org\/index.php\/wp-json\/wp\/v2\/users\/1"}],"replies":[{"embeddable":true,"href":"https:\/\/kuzeyinsesi.org\/index.php\/wp-json\/wp\/v2\/comments?post=46053"}],"version-history":[{"count":1,"href":"https:\/\/kuzeyinsesi.org\/index.php\/wp-json\/wp\/v2\/posts\/46053\/revisions"}],"predecessor-version":[{"id":46057,"href":"https:\/\/kuzeyinsesi.org\/index.php\/wp-json\/wp\/v2\/posts\/46053\/revisions\/46057"}],"wp:featuredmedia":[{"embeddable":true,"href":"https:\/\/kuzeyinsesi.org\/index.php\/wp-json\/wp\/v2\/media\/46056"}],"wp:attachment":[{"href":"https:\/\/kuzeyinsesi.org\/index.php\/wp-json\/wp\/v2\/media?parent=46053"}],"wp:term":[{"taxonomy":"category","embeddable":true,"href":"https:\/\/kuzeyinsesi.org\/index.php\/wp-json\/wp\/v2\/categories?post=46053"},{"taxonomy":"post_tag","embeddable":true,"href":"https:\/\/kuzeyinsesi.org\/index.php\/wp-json\/wp\/v2\/tags?post=46053"}],"curies":[{"name":"wp","href":"https:\/\/api.w.org\/{rel}","templated":true}]}}