{"id":46048,"date":"2026-09-04T14:41:12","date_gmt":"2026-09-04T11:41:12","guid":{"rendered":"https:\/\/kuzeyinsesi.org\/?p=46048"},"modified":"2026-09-04T14:41:12","modified_gmt":"2026-09-04T11:41:12","slug":"idari-kamu-ve-saglik-isleri-komitesi-iki-yasa-tasarisini-gorustu","status":"publish","type":"post","link":"https:\/\/kuzeyinsesi.org\/index.php\/2026\/09\/04\/idari-kamu-ve-saglik-isleri-komitesi-iki-yasa-tasarisini-gorustu\/","title":{"rendered":"\u0130dari, Kamu ve Sa\u011fl\u0131k \u0130\u015fleri Komitesi iki yasa tasar\u0131s\u0131n\u0131 g\u00f6r\u00fc\u015ft\u00fc"},"content":{"rendered":"<p class=\"isSelectedEnd\">Cumhuriyet Meclisi \u0130dari, Kamu ve Sa\u011fl\u0131k \u0130\u015fleri Komitesi, <strong>G\u00fcvenlik Kamu G\u00f6revlileri (De\u011fi\u015fiklik)<\/strong> ba\u015fl\u0131kl\u0131 iki ayr\u0131 yasa tasar\u0131s\u0131n\u0131 ele ald\u0131. Komite, tasar\u0131larla ilgili \u00e7al\u0131\u015fmalar\u0131n bir sonraki toplant\u0131da s\u00fcrd\u00fcr\u00fclmesine karar verdi.<\/p>\n<h2>KOM\u0130TE SUNAT ATUN BA\u015eKANLI\u011eINDA TOPLANDI<\/h2>\n<p class=\"isSelectedEnd\">Cumhuriyet Meclisi\u2019nden yap\u0131lan a\u00e7\u0131klamaya g\u00f6re, \u0130dari, Kamu ve Sa\u011fl\u0131k \u0130\u015fleri Komitesi bug\u00fcn <strong>UBP Milletvekili Sunat Atun ba\u015fkanl\u0131\u011f\u0131nda<\/strong> topland\u0131.<\/p>\n<p class=\"isSelectedEnd\">Komite, g\u00fcndeminde bulunan <strong>G\u00fcvenlik Kamu G\u00f6revlileri (De\u011fi\u015fiklik) Yasa Tasar\u0131s\u0131 (Y.T No: 428\/5\/2026)<\/strong> ile ayn\u0131 ba\u015fl\u0131\u011f\u0131 ta\u015f\u0131yan <strong>Y.T No: 430\/5\/2026<\/strong> numaral\u0131 yasa tasar\u0131s\u0131n\u0131 g\u00f6r\u00fc\u015ft\u00fc.<\/p>\n<p class=\"isSelectedEnd\">Yap\u0131lan de\u011ferlendirmelerin ard\u0131ndan her iki yasa tasar\u0131na ili\u015fkin \u00e7al\u0131\u015fmalar\u0131n bir sonraki komite toplant\u0131s\u0131nda devam etmesi kararla\u015ft\u0131r\u0131ld\u0131.<\/p>\n<h2>KURUM TEMS\u0130LC\u0130LER\u0130 G\u00d6R\u00dc\u015eLER\u0130N\u0130 SUNDU<\/h2>\n<p class=\"isSelectedEnd\">Toplant\u0131ya komite \u00fcyeleri UBP milletvekilleri <strong>Ahmet Sava\u015fan ve F\u0131rt\u0131na Karanfil<\/strong> kat\u0131ld\u0131.<\/p>\n<p>Maliye Bakanl\u0131\u011f\u0131, Kamu Y\u00f6netimi ve \u0130nsan Kaynaklar\u0131 Ba\u015fkanl\u0131\u011f\u0131 ile G\u00fcvenlik Kuvvetleri Komutanl\u0131\u011f\u0131\u2019ndan yetkili ve temsilciler de toplant\u0131ya davetli olarak kat\u0131larak yasa tasar\u0131lar\u0131na ili\u015fkin g\u00f6r\u00fc\u015flerini komiteye sundu.<\/p>\n","protected":false},"excerpt":{"rendered":"<p>Cumhuriyet Meclisi \u0130dari, Kamu ve Sa\u011fl\u0131k \u0130\u015fleri Komitesi, G\u00fcvenlik Kamu G\u00f6revlileri (De\u011fi\u015fiklik) ba\u015fl\u0131kl\u0131 iki ayr\u0131 yasa tasar\u0131s\u0131n\u0131 ele ald\u0131. Komite, tasar\u0131larla ilgili \u00e7al\u0131\u015fmalar\u0131n bir sonraki toplant\u0131da s\u00fcrd\u00fcr\u00fclmesine karar verdi. KOM\u0130TE SUNAT ATUN BA\u015eKANLI\u011eINDA TOPLANDI Cumhuriyet Meclisi\u2019nden yap\u0131lan a\u00e7\u0131klamaya g\u00f6re, \u0130dari, Kamu ve Sa\u011fl\u0131k \u0130\u015fleri Komitesi bug\u00fcn UBP Milletvekili Sunat Atun ba\u015fkanl\u0131\u011f\u0131nda topland\u0131. Komite, g\u00fcndeminde bulunan [&hellip;]<\/p>\n","protected":false},"author":1,"featured_media":46049,"comment_status":"open","ping_status":"open","sticky":false,"template":"","format":"standard","meta":{"jnews-multi-image_gallery":[],"jnews_single_post":{"subtitle":"","format":"standard","override":[{"template":"1","parallax":"1","fullscreen":"1","layout":"right-sidebar","sidebar":"default-sidebar","second_sidebar":"default-sidebar","sticky_sidebar":"1","share_position":"top","share_float_style":"share-monocrhome","show_featured":"1","show_post_author":"1","show_post_author_image":"1","show_post_date":"1","post_date_format":"default","post_date_format_custom":"Y\/m\/d","show_post_category":"1","show_post_reading_time":"0","post_reading_time_wpm":"300","post_calculate_word_method":"str_word_count","show_zoom_button":"0","zoom_button_out_step":"2","zoom_button_in_step":"3","show_post_tag":"1","show_prev_next_post":"1","show_popup_post":"1","show_comment_section":"1","number_popup_post":"1","show_author_box":"0","show_post_related":"0","show_inline_post_related":"0"}],"image_override":[{"single_post_thumbnail_size":"crop-500","single_post_gallery_size":"crop-500"}],"trending_post_position":"meta","trending_post_label":"Trending","sponsored_post_label":"Sponsored by","disable_ad":"0"},"jnews_primary_category":[],"jnews_social_meta":[],"jnews_override_counter":{"view_counter_number":"0","share_counter_number":"0","like_counter_number":"0","dislike_counter_number":"0"},"footnotes":""},"categories":[1],"tags":[2072,7041,4524,2602,1470],"class_list":["post-46048","post","type-post","status-publish","format-standard","has-post-thumbnail","hentry","category-kibris","tag-cumhuriyet-meclisi","tag-guvenlik-kamu-gorevlileri","tag-idari-kamu-ve-saglik-isleri-komitesi","tag-sunat-atun","tag-yasa-tasarisi"],"yoast_head":"<!-- This site is optimized with the Yoast SEO plugin v28.4 - https:\/\/yoast.com\/product\/yoast-seo-wordpress\/ -->\n<title>\u0130dari, Kamu ve Sa\u011fl\u0131k \u0130\u015fleri Komitesi iki yasa tasar\u0131s\u0131n\u0131 g\u00f6r\u00fc\u015ft\u00fc - Kuzeyin Sesi<\/title>\n<meta name=\"robots\" content=\"index, follow, max-snippet:-1, max-image-preview:large, max-video-preview:-1\" \/>\n<link rel=\"canonical\" href=\"https:\/\/kuzeyinsesi.org\/index.php\/2026\/09\/04\/idari-kamu-ve-saglik-isleri-komitesi-iki-yasa-tasarisini-gorustu\/\" \/>\n<meta property=\"og:locale\" content=\"tr_TR\" \/>\n<meta property=\"og:type\" content=\"article\" \/>\n<meta property=\"og:title\" content=\"\u0130dari, Kamu ve Sa\u011fl\u0131k \u0130\u015fleri Komitesi iki yasa tasar\u0131s\u0131n\u0131 g\u00f6r\u00fc\u015ft\u00fc - Kuzeyin Sesi\" \/>\n<meta property=\"og:description\" content=\"Cumhuriyet Meclisi \u0130dari, Kamu ve Sa\u011fl\u0131k \u0130\u015fleri Komitesi, G\u00fcvenlik Kamu G\u00f6revlileri (De\u011fi\u015fiklik) ba\u015fl\u0131kl\u0131 iki ayr\u0131 yasa tasar\u0131s\u0131n\u0131 ele ald\u0131. Komite, tasar\u0131larla ilgili \u00e7al\u0131\u015fmalar\u0131n bir sonraki toplant\u0131da s\u00fcrd\u00fcr\u00fclmesine karar verdi. KOM\u0130TE SUNAT ATUN BA\u015eKANLI\u011eINDA TOPLANDI Cumhuriyet Meclisi\u2019nden yap\u0131lan a\u00e7\u0131klamaya g\u00f6re, \u0130dari, Kamu ve Sa\u011fl\u0131k \u0130\u015fleri Komitesi bug\u00fcn UBP Milletvekili Sunat Atun ba\u015fkanl\u0131\u011f\u0131nda topland\u0131. Komite, g\u00fcndeminde bulunan [&hellip;]\" \/>\n<meta property=\"og:url\" content=\"https:\/\/kuzeyinsesi.org\/index.php\/2026\/09\/04\/idari-kamu-ve-saglik-isleri-komitesi-iki-yasa-tasarisini-gorustu\/\" \/>\n<meta property=\"og:site_name\" content=\"Kuzeyin Sesi\" \/>\n<meta property=\"article:publisher\" content=\"https:\/\/www.facebook.com\/kuzeyinsesii\" \/>\n<meta property=\"article:published_time\" content=\"2026-09-04T11:41:12+00:00\" \/>\n<meta property=\"og:image\" content=\"https:\/\/kuzeyinsesi.org\/wp-content\/uploads\/2026\/09\/Kuzeyinsesikj-2026-09-04T142444.825.jpg\" \/>\n\t<meta property=\"og:image:width\" content=\"1600\" \/>\n\t<meta property=\"og:image:height\" content=\"900\" \/>\n\t<meta property=\"og:image:type\" content=\"image\/jpeg\" \/>\n<meta name=\"author\" content=\"Kuzeyin Sesi\" \/>\n<meta name=\"twitter:card\" content=\"summary_large_image\" \/>\n<meta name=\"twitter:creator\" content=\"@kuzeyinsesii\" \/>\n<meta name=\"twitter:site\" content=\"@kuzeyinsesii\" \/>\n<meta name=\"twitter:label1\" content=\"Yazan:\" \/>\n\t<meta name=\"twitter:data1\" content=\"Kuzeyin Sesi\" \/>\n\t<meta name=\"twitter:label2\" content=\"Tahmini okuma s\u00fcresi\" \/>\n\t<meta name=\"twitter:data2\" content=\"1 dakika\" \/>\n<script type=\"application\/ld+json\" class=\"yoast-schema-graph\">{\"@context\":\"https:\\\/\\\/schema.org\",\"@graph\":[{\"@type\":\"Article\",\"@id\":\"https:\\\/\\\/kuzeyinsesi.org\\\/index.php\\\/2026\\\/09\\\/04\\\/idari-kamu-ve-saglik-isleri-komitesi-iki-yasa-tasarisini-gorustu\\\/#article\",\"isPartOf\":{\"@id\":\"https:\\\/\\\/kuzeyinsesi.org\\\/index.php\\\/2026\\\/09\\\/04\\\/idari-kamu-ve-saglik-isleri-komitesi-iki-yasa-tasarisini-gorustu\\\/\"},\"author\":{\"name\":\"Kuzeyin Sesi\",\"@id\":\"https:\\\/\\\/kuzeyinsesi.org\\\/#\\\/schema\\\/person\\\/9f859689cdf01485597712386e37f5aa\"},\"headline\":\"\u0130dari, Kamu ve Sa\u011fl\u0131k \u0130\u015fleri Komitesi iki yasa tasar\u0131s\u0131n\u0131 g\u00f6r\u00fc\u015ft\u00fc\",\"datePublished\":\"2026-09-04T11:41:12+00:00\",\"mainEntityOfPage\":{\"@id\":\"https:\\\/\\\/kuzeyinsesi.org\\\/index.php\\\/2026\\\/09\\\/04\\\/idari-kamu-ve-saglik-isleri-komitesi-iki-yasa-tasarisini-gorustu\\\/\"},\"wordCount\":222,\"commentCount\":0,\"image\":{\"@id\":\"https:\\\/\\\/kuzeyinsesi.org\\\/index.php\\\/2026\\\/09\\\/04\\\/idari-kamu-ve-saglik-isleri-komitesi-iki-yasa-tasarisini-gorustu\\\/#primaryimage\"},\"thumbnailUrl\":\"https:\\\/\\\/kuzeyinsesi.org\\\/wp-content\\\/uploads\\\/2026\\\/09\\\/Kuzeyinsesikj-2026-09-04T142444.825.jpg\",\"keywords\":[\"Cumhuriyet Meclisi\",\"G\u00fcvenlik Kamu G\u00f6revlileri\",\"\u0130dari Kamu ve Sa\u011fl\u0131k \u0130\u015fleri Komitesi\",\"Sunat Atun\",\"Yasa Tasar\u0131s\u0131\"],\"articleSection\":[\"K\u0131br\u0131s\"],\"inLanguage\":\"tr\",\"potentialAction\":[{\"@type\":\"CommentAction\",\"name\":\"Comment\",\"target\":[\"https:\\\/\\\/kuzeyinsesi.org\\\/index.php\\\/2026\\\/09\\\/04\\\/idari-kamu-ve-saglik-isleri-komitesi-iki-yasa-tasarisini-gorustu\\\/#respond\"]}]},{\"@type\":\"WebPage\",\"@id\":\"https:\\\/\\\/kuzeyinsesi.org\\\/index.php\\\/2026\\\/09\\\/04\\\/idari-kamu-ve-saglik-isleri-komitesi-iki-yasa-tasarisini-gorustu\\\/\",\"url\":\"https:\\\/\\\/kuzeyinsesi.org\\\/index.php\\\/2026\\\/09\\\/04\\\/idari-kamu-ve-saglik-isleri-komitesi-iki-yasa-tasarisini-gorustu\\\/\",\"name\":\"\u0130dari, Kamu ve Sa\u011fl\u0131k \u0130\u015fleri Komitesi iki yasa tasar\u0131s\u0131n\u0131 g\u00f6r\u00fc\u015ft\u00fc - Kuzeyin Sesi\",\"isPartOf\":{\"@id\":\"https:\\\/\\\/kuzeyinsesi.org\\\/#website\"},\"primaryImageOfPage\":{\"@id\":\"https:\\\/\\\/kuzeyinsesi.org\\\/index.php\\\/2026\\\/09\\\/04\\\/idari-kamu-ve-saglik-isleri-komitesi-iki-yasa-tasarisini-gorustu\\\/#primaryimage\"},\"image\":{\"@id\":\"https:\\\/\\\/kuzeyinsesi.org\\\/index.php\\\/2026\\\/09\\\/04\\\/idari-kamu-ve-saglik-isleri-komitesi-iki-yasa-tasarisini-gorustu\\\/#primaryimage\"},\"thumbnailUrl\":\"https:\\\/\\\/kuzeyinsesi.org\\\/wp-content\\\/uploads\\\/2026\\\/09\\\/Kuzeyinsesikj-2026-09-04T142444.825.jpg\",\"datePublished\":\"2026-09-04T11:41:12+00:00\",\"author\":{\"@id\":\"https:\\\/\\\/kuzeyinsesi.org\\\/#\\\/schema\\\/person\\\/9f859689cdf01485597712386e37f5aa\"},\"breadcrumb\":{\"@id\":\"https:\\\/\\\/kuzeyinsesi.org\\\/index.php\\\/2026\\\/09\\\/04\\\/idari-kamu-ve-saglik-isleri-komitesi-iki-yasa-tasarisini-gorustu\\\/#breadcrumb\"},\"inLanguage\":\"tr\",\"potentialAction\":[{\"@type\":\"ReadAction\",\"target\":[\"https:\\\/\\\/kuzeyinsesi.org\\\/index.php\\\/2026\\\/09\\\/04\\\/idari-kamu-ve-saglik-isleri-komitesi-iki-yasa-tasarisini-gorustu\\\/\"]}]},{\"@type\":\"ImageObject\",\"inLanguage\":\"tr\",\"@id\":\"https:\\\/\\\/kuzeyinsesi.org\\\/index.php\\\/2026\\\/09\\\/04\\\/idari-kamu-ve-saglik-isleri-komitesi-iki-yasa-tasarisini-gorustu\\\/#primaryimage\",\"url\":\"https:\\\/\\\/kuzeyinsesi.org\\\/wp-content\\\/uploads\\\/2026\\\/09\\\/Kuzeyinsesikj-2026-09-04T142444.825.jpg\",\"contentUrl\":\"https:\\\/\\\/kuzeyinsesi.org\\\/wp-content\\\/uploads\\\/2026\\\/09\\\/Kuzeyinsesikj-2026-09-04T142444.825.jpg\",\"width\":1600,\"height\":900},{\"@type\":\"BreadcrumbList\",\"@id\":\"https:\\\/\\\/kuzeyinsesi.org\\\/index.php\\\/2026\\\/09\\\/04\\\/idari-kamu-ve-saglik-isleri-komitesi-iki-yasa-tasarisini-gorustu\\\/#breadcrumb\",\"itemListElement\":[{\"@type\":\"ListItem\",\"position\":1,\"name\":\"Anasayfa\",\"item\":\"https:\\\/\\\/kuzeyinsesi.org\\\/\"},{\"@type\":\"ListItem\",\"position\":2,\"name\":\"\u0130dari, Kamu ve Sa\u011fl\u0131k \u0130\u015fleri Komitesi iki yasa tasar\u0131s\u0131n\u0131 g\u00f6r\u00fc\u015ft\u00fc\"}]},{\"@type\":\"WebSite\",\"@id\":\"https:\\\/\\\/kuzeyinsesi.org\\\/#website\",\"url\":\"https:\\\/\\\/kuzeyinsesi.org\\\/\",\"name\":\"Kuzeyin Sesi\",\"description\":\"Do\u011fru Haberin Adresi\",\"potentialAction\":[{\"@type\":\"SearchAction\",\"target\":{\"@type\":\"EntryPoint\",\"urlTemplate\":\"https:\\\/\\\/kuzeyinsesi.org\\\/?s={search_term_string}\"},\"query-input\":{\"@type\":\"PropertyValueSpecification\",\"valueRequired\":true,\"valueName\":\"search_term_string\"}}],\"inLanguage\":\"tr\"},{\"@type\":\"Person\",\"@id\":\"https:\\\/\\\/kuzeyinsesi.org\\\/#\\\/schema\\\/person\\\/9f859689cdf01485597712386e37f5aa\",\"name\":\"Kuzeyin Sesi\",\"image\":{\"@type\":\"ImageObject\",\"inLanguage\":\"tr\",\"@id\":\"https:\\\/\\\/secure.gravatar.com\\\/avatar\\\/bab33852abfd8b282518d6ed81826833d77c3c882d9ab608add591ccace47a44?s=96&d=mm&r=g\",\"url\":\"https:\\\/\\\/secure.gravatar.com\\\/avatar\\\/bab33852abfd8b282518d6ed81826833d77c3c882d9ab608add591ccace47a44?s=96&d=mm&r=g\",\"contentUrl\":\"https:\\\/\\\/secure.gravatar.com\\\/avatar\\\/bab33852abfd8b282518d6ed81826833d77c3c882d9ab608add591ccace47a44?s=96&d=mm&r=g\",\"caption\":\"Kuzeyin Sesi\"},\"sameAs\":[\"https:\\\/\\\/kuzeyinsesi.org\"],\"url\":\"https:\\\/\\\/kuzeyinsesi.org\\\/index.php\\\/author\\\/guven\\\/\"}]}<\/script>\n<!-- \/ Yoast SEO plugin. -->","yoast_head_json":{"title":"\u0130dari, Kamu ve Sa\u011fl\u0131k \u0130\u015fleri Komitesi iki yasa tasar\u0131s\u0131n\u0131 g\u00f6r\u00fc\u015ft\u00fc - Kuzeyin Sesi","robots":{"index":"index","follow":"follow","max-snippet":"max-snippet:-1","max-image-preview":"max-image-preview:large","max-video-preview":"max-video-preview:-1"},"canonical":"https:\/\/kuzeyinsesi.org\/index.php\/2026\/09\/04\/idari-kamu-ve-saglik-isleri-komitesi-iki-yasa-tasarisini-gorustu\/","og_locale":"tr_TR","og_type":"article","og_title":"\u0130dari, Kamu ve Sa\u011fl\u0131k \u0130\u015fleri Komitesi iki yasa tasar\u0131s\u0131n\u0131 g\u00f6r\u00fc\u015ft\u00fc - Kuzeyin Sesi","og_description":"Cumhuriyet Meclisi \u0130dari, Kamu ve Sa\u011fl\u0131k \u0130\u015fleri Komitesi, G\u00fcvenlik Kamu G\u00f6revlileri (De\u011fi\u015fiklik) ba\u015fl\u0131kl\u0131 iki ayr\u0131 yasa tasar\u0131s\u0131n\u0131 ele ald\u0131. Komite, tasar\u0131larla ilgili \u00e7al\u0131\u015fmalar\u0131n bir sonraki toplant\u0131da s\u00fcrd\u00fcr\u00fclmesine karar verdi. KOM\u0130TE SUNAT ATUN BA\u015eKANLI\u011eINDA TOPLANDI Cumhuriyet Meclisi\u2019nden yap\u0131lan a\u00e7\u0131klamaya g\u00f6re, \u0130dari, Kamu ve Sa\u011fl\u0131k \u0130\u015fleri Komitesi bug\u00fcn UBP Milletvekili Sunat Atun ba\u015fkanl\u0131\u011f\u0131nda topland\u0131. Komite, g\u00fcndeminde bulunan [&hellip;]","og_url":"https:\/\/kuzeyinsesi.org\/index.php\/2026\/09\/04\/idari-kamu-ve-saglik-isleri-komitesi-iki-yasa-tasarisini-gorustu\/","og_site_name":"Kuzeyin Sesi","article_publisher":"https:\/\/www.facebook.com\/kuzeyinsesii","article_published_time":"2026-09-04T11:41:12+00:00","og_image":[{"width":1600,"height":900,"url":"https:\/\/kuzeyinsesi.org\/wp-content\/uploads\/2026\/09\/Kuzeyinsesikj-2026-09-04T142444.825.jpg","type":"image\/jpeg"}],"author":"Kuzeyin Sesi","twitter_card":"summary_large_image","twitter_creator":"@kuzeyinsesii","twitter_site":"@kuzeyinsesii","twitter_misc":{"Yazan:":"Kuzeyin Sesi","Tahmini okuma s\u00fcresi":"1 dakika"},"schema":{"@context":"https:\/\/schema.org","@graph":[{"@type":"Article","@id":"https:\/\/kuzeyinsesi.org\/index.php\/2026\/09\/04\/idari-kamu-ve-saglik-isleri-komitesi-iki-yasa-tasarisini-gorustu\/#article","isPartOf":{"@id":"https:\/\/kuzeyinsesi.org\/index.php\/2026\/09\/04\/idari-kamu-ve-saglik-isleri-komitesi-iki-yasa-tasarisini-gorustu\/"},"author":{"name":"Kuzeyin Sesi","@id":"https:\/\/kuzeyinsesi.org\/#\/schema\/person\/9f859689cdf01485597712386e37f5aa"},"headline":"\u0130dari, Kamu ve Sa\u011fl\u0131k \u0130\u015fleri Komitesi iki yasa tasar\u0131s\u0131n\u0131 g\u00f6r\u00fc\u015ft\u00fc","datePublished":"2026-09-04T11:41:12+00:00","mainEntityOfPage":{"@id":"https:\/\/kuzeyinsesi.org\/index.php\/2026\/09\/04\/idari-kamu-ve-saglik-isleri-komitesi-iki-yasa-tasarisini-gorustu\/"},"wordCount":222,"commentCount":0,"image":{"@id":"https:\/\/kuzeyinsesi.org\/index.php\/2026\/09\/04\/idari-kamu-ve-saglik-isleri-komitesi-iki-yasa-tasarisini-gorustu\/#primaryimage"},"thumbnailUrl":"https:\/\/kuzeyinsesi.org\/wp-content\/uploads\/2026\/09\/Kuzeyinsesikj-2026-09-04T142444.825.jpg","keywords":["Cumhuriyet Meclisi","G\u00fcvenlik Kamu G\u00f6revlileri","\u0130dari Kamu ve Sa\u011fl\u0131k \u0130\u015fleri Komitesi","Sunat Atun","Yasa Tasar\u0131s\u0131"],"articleSection":["K\u0131br\u0131s"],"inLanguage":"tr","potentialAction":[{"@type":"CommentAction","name":"Comment","target":["https:\/\/kuzeyinsesi.org\/index.php\/2026\/09\/04\/idari-kamu-ve-saglik-isleri-komitesi-iki-yasa-tasarisini-gorustu\/#respond"]}]},{"@type":"WebPage","@id":"https:\/\/kuzeyinsesi.org\/index.php\/2026\/09\/04\/idari-kamu-ve-saglik-isleri-komitesi-iki-yasa-tasarisini-gorustu\/","url":"https:\/\/kuzeyinsesi.org\/index.php\/2026\/09\/04\/idari-kamu-ve-saglik-isleri-komitesi-iki-yasa-tasarisini-gorustu\/","name":"\u0130dari, Kamu ve Sa\u011fl\u0131k \u0130\u015fleri Komitesi iki yasa tasar\u0131s\u0131n\u0131 g\u00f6r\u00fc\u015ft\u00fc - Kuzeyin Sesi","isPartOf":{"@id":"https:\/\/kuzeyinsesi.org\/#website"},"primaryImageOfPage":{"@id":"https:\/\/kuzeyinsesi.org\/index.php\/2026\/09\/04\/idari-kamu-ve-saglik-isleri-komitesi-iki-yasa-tasarisini-gorustu\/#primaryimage"},"image":{"@id":"https:\/\/kuzeyinsesi.org\/index.php\/2026\/09\/04\/idari-kamu-ve-saglik-isleri-komitesi-iki-yasa-tasarisini-gorustu\/#primaryimage"},"thumbnailUrl":"https:\/\/kuzeyinsesi.org\/wp-content\/uploads\/2026\/09\/Kuzeyinsesikj-2026-09-04T142444.825.jpg","datePublished":"2026-09-04T11:41:12+00:00","author":{"@id":"https:\/\/kuzeyinsesi.org\/#\/schema\/person\/9f859689cdf01485597712386e37f5aa"},"breadcrumb":{"@id":"https:\/\/kuzeyinsesi.org\/index.php\/2026\/09\/04\/idari-kamu-ve-saglik-isleri-komitesi-iki-yasa-tasarisini-gorustu\/#breadcrumb"},"inLanguage":"tr","potentialAction":[{"@type":"ReadAction","target":["https:\/\/kuzeyinsesi.org\/index.php\/2026\/09\/04\/idari-kamu-ve-saglik-isleri-komitesi-iki-yasa-tasarisini-gorustu\/"]}]},{"@type":"ImageObject","inLanguage":"tr","@id":"https:\/\/kuzeyinsesi.org\/index.php\/2026\/09\/04\/idari-kamu-ve-saglik-isleri-komitesi-iki-yasa-tasarisini-gorustu\/#primaryimage","url":"https:\/\/kuzeyinsesi.org\/wp-content\/uploads\/2026\/09\/Kuzeyinsesikj-2026-09-04T142444.825.jpg","contentUrl":"https:\/\/kuzeyinsesi.org\/wp-content\/uploads\/2026\/09\/Kuzeyinsesikj-2026-09-04T142444.825.jpg","width":1600,"height":900},{"@type":"BreadcrumbList","@id":"https:\/\/kuzeyinsesi.org\/index.php\/2026\/09\/04\/idari-kamu-ve-saglik-isleri-komitesi-iki-yasa-tasarisini-gorustu\/#breadcrumb","itemListElement":[{"@type":"ListItem","position":1,"name":"Anasayfa","item":"https:\/\/kuzeyinsesi.org\/"},{"@type":"ListItem","position":2,"name":"\u0130dari, Kamu ve Sa\u011fl\u0131k \u0130\u015fleri Komitesi iki yasa tasar\u0131s\u0131n\u0131 g\u00f6r\u00fc\u015ft\u00fc"}]},{"@type":"WebSite","@id":"https:\/\/kuzeyinsesi.org\/#website","url":"https:\/\/kuzeyinsesi.org\/","name":"Kuzeyin Sesi","description":"Do\u011fru Haberin Adresi","potentialAction":[{"@type":"SearchAction","target":{"@type":"EntryPoint","urlTemplate":"https:\/\/kuzeyinsesi.org\/?s={search_term_string}"},"query-input":{"@type":"PropertyValueSpecification","valueRequired":true,"valueName":"search_term_string"}}],"inLanguage":"tr"},{"@type":"Person","@id":"https:\/\/kuzeyinsesi.org\/#\/schema\/person\/9f859689cdf01485597712386e37f5aa","name":"Kuzeyin Sesi","image":{"@type":"ImageObject","inLanguage":"tr","@id":"https:\/\/secure.gravatar.com\/avatar\/bab33852abfd8b282518d6ed81826833d77c3c882d9ab608add591ccace47a44?s=96&d=mm&r=g","url":"https:\/\/secure.gravatar.com\/avatar\/bab33852abfd8b282518d6ed81826833d77c3c882d9ab608add591ccace47a44?s=96&d=mm&r=g","contentUrl":"https:\/\/secure.gravatar.com\/avatar\/bab33852abfd8b282518d6ed81826833d77c3c882d9ab608add591ccace47a44?s=96&d=mm&r=g","caption":"Kuzeyin Sesi"},"sameAs":["https:\/\/kuzeyinsesi.org"],"url":"https:\/\/kuzeyinsesi.org\/index.php\/author\/guven\/"}]}},"_links":{"self":[{"href":"https:\/\/kuzeyinsesi.org\/index.php\/wp-json\/wp\/v2\/posts\/46048","targetHints":{"allow":["GET"]}}],"collection":[{"href":"https:\/\/kuzeyinsesi.org\/index.php\/wp-json\/wp\/v2\/posts"}],"about":[{"href":"https:\/\/kuzeyinsesi.org\/index.php\/wp-json\/wp\/v2\/types\/post"}],"author":[{"embeddable":true,"href":"https:\/\/kuzeyinsesi.org\/index.php\/wp-json\/wp\/v2\/users\/1"}],"replies":[{"embeddable":true,"href":"https:\/\/kuzeyinsesi.org\/index.php\/wp-json\/wp\/v2\/comments?post=46048"}],"version-history":[{"count":1,"href":"https:\/\/kuzeyinsesi.org\/index.php\/wp-json\/wp\/v2\/posts\/46048\/revisions"}],"predecessor-version":[{"id":46050,"href":"https:\/\/kuzeyinsesi.org\/index.php\/wp-json\/wp\/v2\/posts\/46048\/revisions\/46050"}],"wp:featuredmedia":[{"embeddable":true,"href":"https:\/\/kuzeyinsesi.org\/index.php\/wp-json\/wp\/v2\/media\/46049"}],"wp:attachment":[{"href":"https:\/\/kuzeyinsesi.org\/index.php\/wp-json\/wp\/v2\/media?parent=46048"}],"wp:term":[{"taxonomy":"category","embeddable":true,"href":"https:\/\/kuzeyinsesi.org\/index.php\/wp-json\/wp\/v2\/categories?post=46048"},{"taxonomy":"post_tag","embeddable":true,"href":"https:\/\/kuzeyinsesi.org\/index.php\/wp-json\/wp\/v2\/tags?post=46048"}],"curies":[{"name":"wp","href":"https:\/\/api.w.org\/{rel}","templated":true}]}}