{"id":46030,"date":"2026-09-04T01:53:03","date_gmt":"2026-09-03T22:53:03","guid":{"rendered":"https:\/\/kuzeyinsesi.org\/index.php\/2026\/09\/04\/bmden-son-bin-yilin-en-guclu-el-nino-uyarisi-2027-tarihin-en-sicak-yili-olabilir\/"},"modified":"2026-09-04T01:53:03","modified_gmt":"2026-09-03T22:53:03","slug":"bmden-son-bin-yilin-en-guclu-el-nino-uyarisi-2027-tarihin-en-sicak-yili-olabilir","status":"publish","type":"post","link":"https:\/\/kuzeyinsesi.org\/index.php\/2026\/09\/04\/bmden-son-bin-yilin-en-guclu-el-nino-uyarisi-2027-tarihin-en-sicak-yili-olabilir\/","title":{"rendered":"BM&#039;den son bin y\u0131l\u0131n en g\u00fc\u00e7l\u00fc El Nino uyar\u0131s\u0131: 2027 tarihin en s\u0131cak y\u0131l\u0131 olabilir"},"content":{"rendered":"<p><\/p>\n<div>\n<p>&#13;<br \/>\n\t<a href=\"https:\/\/www.trthaber.com\/etiket\/birlesmis-milletler\/\" target=\"_blank\">Birle\u015fmi\u015f Milletler<\/a> (BM) ve <a href=\"https:\/\/www.trthaber.com\/etiket\/dunya-meteoroloji-orgutu\/\" target=\"_blank\">D\u00fcnya Meteoroloji \u00d6rg\u00fct\u00fc<\/a> (WMO), Pasifik Okyanusu merkezli <a href=\"https:\/\/www.trthaber.com\/etiket\/el-nino\/\" target=\"_blank\">El Nino<\/a> hava olay\u0131n\u0131n h\u0131zla g\u00fc\u00e7lendi\u011fini ve son bin y\u0131lda kaydedilen en \u015fiddetli seviyeye do\u011fru ilerledi\u011fini a\u00e7\u0131klad\u0131.<\/p>\n<p>&#13;<br \/>\n\t<a href=\"https:\/\/www.trthaber.com\/etiket\/fosil\/\" target=\"_blank\">Fosil<\/a> <a href=\"https:\/\/www.trthaber.com\/etiket\/yakit\/\" target=\"_blank\">yak\u0131t<\/a> kaynakl\u0131 k\u00fcresel \u0131s\u0131nman\u0131n \u00fczerine eklenen bu devasa \u0131s\u0131 dalgas\u0131n\u0131n, d\u00fcnya genelindeki s\u0131cakl\u0131k rekorlar\u0131n\u0131 tamamen alt\u00fcst etmesi bekleniyor. Uzmanlar, bu birle\u015fik etkinin 2027 y\u0131l\u0131n\u0131 kaydedilmi\u015f en s\u0131cak y\u0131l haline getirece\u011fine kesin g\u00f6z\u00fcyle bak\u0131yor.<\/p>\n<h2>&#13;<br \/>\n\tK\u00fcresel felaketler zinciri tetikleniyor<\/h2>\n<p>&#13;<br \/>\n\tEl Nino&#8217;nun y\u00fckselen s\u0131cakl\u0131klar\u0131 \u015fimdiden d\u00fcnya genelinde y\u0131k\u0131c\u0131 sonu\u00e7lar do\u011furmaya ba\u015flad\u0131. Endonezya&#8217;daki devasa <a href=\"https:\/\/www.trthaber.com\/etiket\/orman\/\" target=\"_blank\">orman<\/a> yang\u0131nlar\u0131n\u0131n yay\u0131lmas\u0131 ve Hindistan&#8217;da hayati \u00f6nem ta\u015f\u0131yan <a href=\"https:\/\/www.trthaber.com\/etiket\/muson\/\" target=\"_blank\">muson<\/a> ya\u011fmurlar\u0131n\u0131n zay\u0131flamas\u0131 krizin ilk i\u015faretleri olarak \u00f6ne \u00e7\u0131k\u0131yor.<\/p>\n<p>&#13;<br \/>\n\t\u00d6n\u00fcm\u00fczdeki d\u00f6nemde Avustralya&#8217;da <a href=\"https:\/\/www.trthaber.com\/etiket\/yangin\/\" target=\"_blank\">yang\u0131n<\/a> riskinin t\u0131rmanmas\u0131, G\u00fcney Amerika&#8217;da ise \u015fiddetli ta\u015fk\u0131nlar\u0131n ya\u015fanmas\u0131 bekleniyor. D\u00fcnya <a href=\"https:\/\/www.trthaber.com\/etiket\/gida\/\" target=\"_blank\">G\u0131da<\/a> Program\u0131, bu a\u015f\u0131r\u0131 hava ko\u015fullar\u0131n\u0131n yakla\u015f\u0131k 50 milyon insan\u0131 do\u011frudan akut a\u00e7l\u0131k tehlikesiyle kar\u015f\u0131 kar\u015f\u0131ya b\u0131rakaca\u011f\u0131n\u0131 \u00f6ng\u00f6r\u00fcyor.<\/p>\n<p>&#13;<br \/>\n\tGezegenin daha \u00f6nce tecr\u00fcbe etmedi\u011fi bir tehlike b\u00f6lgesine girdi\u011fini vurgulayan BM Genel Sekreteri Ant\u00f3nio Guterres, art\u0131k kaybedilecek bir an\u0131n bile kalmad\u0131\u011f\u0131n\u0131 ve iklim kriziyle m\u00fccadele yar\u0131\u015f\u0131n\u0131n mutlak surette kazan\u0131lmas\u0131 gerekti\u011fini belirtti.<\/p>\n<h2>&#13;<br \/>\n\tOkyanus s\u0131cakl\u0131klar\u0131 rekor seviyeye ula\u015ft\u0131<\/h2>\n<p>&#13;<br \/>\n\tPasifik \u00fczerindeki r\u00fczgar de\u011fi\u015fimlerinin deniz y\u00fczeyini \u0131s\u0131tmas\u0131yla atmosfere devasa miktarda <a href=\"https:\/\/www.trthaber.com\/etiket\/enerji\/\" target=\"_blank\">enerji<\/a> aktaran El Nino d\u00f6ng\u00fcs\u00fc, daha \u015fimdiden ola\u011fan d\u0131\u015f\u0131 s\u0131cakl\u0131k sapmalar\u0131na yol a\u00e7t\u0131. Okyanusun merkezindeki y\u00fczey s\u0131cakl\u0131\u011f\u0131 30 y\u0131ll\u0131k ortalaman\u0131n 2,6 derece \u00fczerine \u00e7\u0131karken, baz\u0131 derin <a href=\"https:\/\/www.trthaber.com\/etiket\/su\/\" target=\"_blank\">su<\/a> b\u00f6lgelerinde bu fark\u0131n 8 dereceye kadar ula\u015ft\u0131\u011f\u0131 tespit edildi.<\/p>\n<p>&#13;<br \/>\n\t\u0130klim modelleri, kas\u0131m ay\u0131nda zirve noktas\u0131na ula\u015facak s\u0131cakl\u0131k sapmas\u0131n\u0131n 4 dereceyi bulabilece\u011fini g\u00f6steriyor. Mercan resifleri, a\u011fa\u00e7 halkalar\u0131 ve tarihi kay\u0131tlardan elde edilen veriler, son bin y\u0131l boyunca El Nino&#8217;nun b\u00f6ylesi a\u015f\u0131r\u0131 bir seviyeye hi\u00e7bir zaman ula\u015fmad\u0131\u011f\u0131n\u0131 ortaya koyuyor.<\/p>\n<h2>&#13;<br \/>\n\tTar\u0131msal \u00fcretim ve g\u0131da g\u00fcvenli\u011fi tehlikede<\/h2>\n<p>&#13;<br \/>\n\tD\u00fcnya Meteoroloji \u00d6rg\u00fct\u00fc, etkileri 2027 y\u0131l\u0131na kadar s\u00fcrecek olan bu s\u00fcrecin kurakl\u0131k, a\u015f\u0131r\u0131 s\u0131caklar ve seller yoluyla hem toplumlara hem de k\u00fcresel ekonomiye \u00e7ok a\u011f\u0131r bir <a href=\"https:\/\/www.trthaber.com\/etiket\/darbe\/\" target=\"_blank\">darbe<\/a> indirece\u011fi uyar\u0131s\u0131n\u0131 yapt\u0131. A\u015f\u0131r\u0131 hava olaylar\u0131 g\u0131da fiyatlar\u0131n\u0131 d\u00fcnya \u00e7ap\u0131nda t\u0131rmand\u0131r\u0131rken, tar\u0131msal verimlili\u011fi de do\u011frudan baltal\u0131yor.<\/p>\n<p>&#13;<br \/>\n\t<a href=\"https:\/\/www.trthaber.com\/etiket\/ingiltere\/\" target=\"_blank\">\u0130ngiltere<\/a> gibi \u0131l\u0131man co\u011frafyalarda dahi art arda ya\u015fanan s\u0131cak hava dalgalar\u0131 ve kurakl\u0131\u011f\u0131n ard\u0131ndan 2026 y\u0131l\u0131, tarihin en verimsiz hasat d\u00f6nemlerinden biri olarak kay\u0131tlara ge\u00e7ti. Uzmanlar, karbon sal\u0131m\u0131 h\u0131zla d\u00fc\u015f\u00fcr\u00fclmedi\u011fi takdirde El Nino&#8217;nun k\u00f6r\u00fckledi\u011fi bu y\u0131k\u0131c\u0131 d\u00f6ng\u00fcn\u00fcn \u00f6n\u00fcm\u00fczdeki y\u0131llarda \u00e7ok daha vahim bir tablo yarataca\u011f\u0131na dikkat \u00e7ekiyor.<\/p>\n<\/p><\/div>\n","protected":false},"excerpt":{"rendered":"<p>&#13; Birle\u015fmi\u015f Milletler (BM) ve D\u00fcnya Meteoroloji \u00d6rg\u00fct\u00fc (WMO), Pasifik Okyanusu merkezli El Nino hava olay\u0131n\u0131n h\u0131zla g\u00fc\u00e7lendi\u011fini ve son bin y\u0131lda kaydedilen en \u015fiddetli seviyeye do\u011fru ilerledi\u011fini a\u00e7\u0131klad\u0131. &#13; Fosil yak\u0131t kaynakl\u0131 k\u00fcresel \u0131s\u0131nman\u0131n \u00fczerine eklenen bu devasa \u0131s\u0131 dalgas\u0131n\u0131n, d\u00fcnya genelindeki s\u0131cakl\u0131k rekorlar\u0131n\u0131 tamamen alt\u00fcst etmesi bekleniyor. Uzmanlar, bu birle\u015fik etkinin 2027 y\u0131l\u0131n\u0131 [&hellip;]<\/p>\n","protected":false},"author":1,"featured_media":37495,"comment_status":"open","ping_status":"open","sticky":false,"template":"","format":"standard","meta":{"jnews-multi-image_gallery":[],"jnews_single_post":[],"jnews_primary_category":[],"jnews_social_meta":[],"jnews_override_counter":[],"footnotes":""},"categories":[2],"tags":[],"class_list":["post-46030","post","type-post","status-publish","format-standard","has-post-thumbnail","hentry","category-dunya"],"yoast_head":"<!-- This site is optimized with the Yoast SEO plugin v28.4 - https:\/\/yoast.com\/product\/yoast-seo-wordpress\/ -->\n<title>BM&#039;den son bin y\u0131l\u0131n en g\u00fc\u00e7l\u00fc El Nino uyar\u0131s\u0131: 2027 tarihin en s\u0131cak y\u0131l\u0131 olabilir - Kuzeyin Sesi<\/title>\n<meta name=\"robots\" content=\"index, follow, max-snippet:-1, max-image-preview:large, max-video-preview:-1\" \/>\n<link rel=\"canonical\" href=\"https:\/\/kuzeyinsesi.org\/index.php\/2026\/09\/04\/bmden-son-bin-yilin-en-guclu-el-nino-uyarisi-2027-tarihin-en-sicak-yili-olabilir\/\" \/>\n<meta property=\"og:locale\" content=\"tr_TR\" \/>\n<meta property=\"og:type\" content=\"article\" \/>\n<meta property=\"og:title\" content=\"BM&#039;den son bin y\u0131l\u0131n en g\u00fc\u00e7l\u00fc El Nino uyar\u0131s\u0131: 2027 tarihin en s\u0131cak y\u0131l\u0131 olabilir - Kuzeyin Sesi\" \/>\n<meta property=\"og:description\" content=\"&#013; Birle\u015fmi\u015f Milletler (BM) ve D\u00fcnya Meteoroloji \u00d6rg\u00fct\u00fc (WMO), Pasifik Okyanusu merkezli El Nino hava olay\u0131n\u0131n h\u0131zla g\u00fc\u00e7lendi\u011fini ve son bin y\u0131lda kaydedilen en \u015fiddetli seviyeye do\u011fru ilerledi\u011fini a\u00e7\u0131klad\u0131. &#013; Fosil yak\u0131t kaynakl\u0131 k\u00fcresel \u0131s\u0131nman\u0131n \u00fczerine eklenen bu devasa \u0131s\u0131 dalgas\u0131n\u0131n, d\u00fcnya genelindeki s\u0131cakl\u0131k rekorlar\u0131n\u0131 tamamen alt\u00fcst etmesi bekleniyor. Uzmanlar, bu birle\u015fik etkinin 2027 y\u0131l\u0131n\u0131 [&hellip;]\" \/>\n<meta property=\"og:url\" content=\"https:\/\/kuzeyinsesi.org\/index.php\/2026\/09\/04\/bmden-son-bin-yilin-en-guclu-el-nino-uyarisi-2027-tarihin-en-sicak-yili-olabilir\/\" \/>\n<meta property=\"og:site_name\" content=\"Kuzeyin Sesi\" \/>\n<meta property=\"article:publisher\" content=\"https:\/\/www.facebook.com\/kuzeyinsesii\" \/>\n<meta property=\"article:published_time\" content=\"2026-09-03T22:53:03+00:00\" \/>\n<meta property=\"og:image\" content=\"https:\/\/trthaberstatic.cdn.wp.trt.com.tr\/resimler\/2238000\/el-nino-2239376.jpg\" \/>\n<meta name=\"author\" content=\"Kuzeyin Sesi\" \/>\n<meta name=\"twitter:card\" content=\"summary_large_image\" \/>\n<meta name=\"twitter:creator\" content=\"@kuzeyinsesii\" \/>\n<meta name=\"twitter:site\" content=\"@kuzeyinsesii\" \/>\n<meta name=\"twitter:label1\" content=\"Yazan:\" \/>\n\t<meta name=\"twitter:data1\" content=\"Kuzeyin Sesi\" \/>\n\t<meta name=\"twitter:label2\" content=\"Tahmini okuma s\u00fcresi\" \/>\n\t<meta name=\"twitter:data2\" content=\"3 dakika\" \/>\n<script type=\"application\/ld+json\" class=\"yoast-schema-graph\">{\"@context\":\"https:\\\/\\\/schema.org\",\"@graph\":[{\"@type\":\"Article\",\"@id\":\"https:\\\/\\\/kuzeyinsesi.org\\\/index.php\\\/2026\\\/09\\\/04\\\/bmden-son-bin-yilin-en-guclu-el-nino-uyarisi-2027-tarihin-en-sicak-yili-olabilir\\\/#article\",\"isPartOf\":{\"@id\":\"https:\\\/\\\/kuzeyinsesi.org\\\/index.php\\\/2026\\\/09\\\/04\\\/bmden-son-bin-yilin-en-guclu-el-nino-uyarisi-2027-tarihin-en-sicak-yili-olabilir\\\/\"},\"author\":{\"name\":\"Kuzeyin Sesi\",\"@id\":\"https:\\\/\\\/kuzeyinsesi.org\\\/#\\\/schema\\\/person\\\/9f859689cdf01485597712386e37f5aa\"},\"headline\":\"BM&#039;den son bin y\u0131l\u0131n en g\u00fc\u00e7l\u00fc El Nino uyar\u0131s\u0131: 2027 tarihin en s\u0131cak y\u0131l\u0131 olabilir\",\"datePublished\":\"2026-09-03T22:53:03+00:00\",\"mainEntityOfPage\":{\"@id\":\"https:\\\/\\\/kuzeyinsesi.org\\\/index.php\\\/2026\\\/09\\\/04\\\/bmden-son-bin-yilin-en-guclu-el-nino-uyarisi-2027-tarihin-en-sicak-yili-olabilir\\\/\"},\"wordCount\":554,\"commentCount\":0,\"image\":{\"@id\":\"https:\\\/\\\/kuzeyinsesi.org\\\/index.php\\\/2026\\\/09\\\/04\\\/bmden-son-bin-yilin-en-guclu-el-nino-uyarisi-2027-tarihin-en-sicak-yili-olabilir\\\/#primaryimage\"},\"thumbnailUrl\":\"https:\\\/\\\/kuzeyinsesi.org\\\/wp-content\\\/uploads\\\/2026\\\/04\\\/el-nino-2239376.jpg\",\"articleSection\":[\"D\u00fcnya\"],\"inLanguage\":\"tr\",\"potentialAction\":[{\"@type\":\"CommentAction\",\"name\":\"Comment\",\"target\":[\"https:\\\/\\\/kuzeyinsesi.org\\\/index.php\\\/2026\\\/09\\\/04\\\/bmden-son-bin-yilin-en-guclu-el-nino-uyarisi-2027-tarihin-en-sicak-yili-olabilir\\\/#respond\"]}]},{\"@type\":\"WebPage\",\"@id\":\"https:\\\/\\\/kuzeyinsesi.org\\\/index.php\\\/2026\\\/09\\\/04\\\/bmden-son-bin-yilin-en-guclu-el-nino-uyarisi-2027-tarihin-en-sicak-yili-olabilir\\\/\",\"url\":\"https:\\\/\\\/kuzeyinsesi.org\\\/index.php\\\/2026\\\/09\\\/04\\\/bmden-son-bin-yilin-en-guclu-el-nino-uyarisi-2027-tarihin-en-sicak-yili-olabilir\\\/\",\"name\":\"BM&#039;den son bin y\u0131l\u0131n en g\u00fc\u00e7l\u00fc El Nino uyar\u0131s\u0131: 2027 tarihin en s\u0131cak y\u0131l\u0131 olabilir - Kuzeyin Sesi\",\"isPartOf\":{\"@id\":\"https:\\\/\\\/kuzeyinsesi.org\\\/#website\"},\"primaryImageOfPage\":{\"@id\":\"https:\\\/\\\/kuzeyinsesi.org\\\/index.php\\\/2026\\\/09\\\/04\\\/bmden-son-bin-yilin-en-guclu-el-nino-uyarisi-2027-tarihin-en-sicak-yili-olabilir\\\/#primaryimage\"},\"image\":{\"@id\":\"https:\\\/\\\/kuzeyinsesi.org\\\/index.php\\\/2026\\\/09\\\/04\\\/bmden-son-bin-yilin-en-guclu-el-nino-uyarisi-2027-tarihin-en-sicak-yili-olabilir\\\/#primaryimage\"},\"thumbnailUrl\":\"https:\\\/\\\/kuzeyinsesi.org\\\/wp-content\\\/uploads\\\/2026\\\/04\\\/el-nino-2239376.jpg\",\"datePublished\":\"2026-09-03T22:53:03+00:00\",\"author\":{\"@id\":\"https:\\\/\\\/kuzeyinsesi.org\\\/#\\\/schema\\\/person\\\/9f859689cdf01485597712386e37f5aa\"},\"breadcrumb\":{\"@id\":\"https:\\\/\\\/kuzeyinsesi.org\\\/index.php\\\/2026\\\/09\\\/04\\\/bmden-son-bin-yilin-en-guclu-el-nino-uyarisi-2027-tarihin-en-sicak-yili-olabilir\\\/#breadcrumb\"},\"inLanguage\":\"tr\",\"potentialAction\":[{\"@type\":\"ReadAction\",\"target\":[\"https:\\\/\\\/kuzeyinsesi.org\\\/index.php\\\/2026\\\/09\\\/04\\\/bmden-son-bin-yilin-en-guclu-el-nino-uyarisi-2027-tarihin-en-sicak-yili-olabilir\\\/\"]}]},{\"@type\":\"ImageObject\",\"inLanguage\":\"tr\",\"@id\":\"https:\\\/\\\/kuzeyinsesi.org\\\/index.php\\\/2026\\\/09\\\/04\\\/bmden-son-bin-yilin-en-guclu-el-nino-uyarisi-2027-tarihin-en-sicak-yili-olabilir\\\/#primaryimage\",\"url\":\"https:\\\/\\\/kuzeyinsesi.org\\\/wp-content\\\/uploads\\\/2026\\\/04\\\/el-nino-2239376.jpg\",\"contentUrl\":\"https:\\\/\\\/kuzeyinsesi.org\\\/wp-content\\\/uploads\\\/2026\\\/04\\\/el-nino-2239376.jpg\",\"width\":1280,\"height\":720},{\"@type\":\"BreadcrumbList\",\"@id\":\"https:\\\/\\\/kuzeyinsesi.org\\\/index.php\\\/2026\\\/09\\\/04\\\/bmden-son-bin-yilin-en-guclu-el-nino-uyarisi-2027-tarihin-en-sicak-yili-olabilir\\\/#breadcrumb\",\"itemListElement\":[{\"@type\":\"ListItem\",\"position\":1,\"name\":\"Anasayfa\",\"item\":\"https:\\\/\\\/kuzeyinsesi.org\\\/\"},{\"@type\":\"ListItem\",\"position\":2,\"name\":\"BM&#039;den son bin y\u0131l\u0131n en g\u00fc\u00e7l\u00fc El Nino uyar\u0131s\u0131: 2027 tarihin en s\u0131cak y\u0131l\u0131 olabilir\"}]},{\"@type\":\"WebSite\",\"@id\":\"https:\\\/\\\/kuzeyinsesi.org\\\/#website\",\"url\":\"https:\\\/\\\/kuzeyinsesi.org\\\/\",\"name\":\"Kuzeyin Sesi\",\"description\":\"Do\u011fru Haberin Adresi\",\"potentialAction\":[{\"@type\":\"SearchAction\",\"target\":{\"@type\":\"EntryPoint\",\"urlTemplate\":\"https:\\\/\\\/kuzeyinsesi.org\\\/?s={search_term_string}\"},\"query-input\":{\"@type\":\"PropertyValueSpecification\",\"valueRequired\":true,\"valueName\":\"search_term_string\"}}],\"inLanguage\":\"tr\"},{\"@type\":\"Person\",\"@id\":\"https:\\\/\\\/kuzeyinsesi.org\\\/#\\\/schema\\\/person\\\/9f859689cdf01485597712386e37f5aa\",\"name\":\"Kuzeyin Sesi\",\"image\":{\"@type\":\"ImageObject\",\"inLanguage\":\"tr\",\"@id\":\"https:\\\/\\\/secure.gravatar.com\\\/avatar\\\/bab33852abfd8b282518d6ed81826833d77c3c882d9ab608add591ccace47a44?s=96&d=mm&r=g\",\"url\":\"https:\\\/\\\/secure.gravatar.com\\\/avatar\\\/bab33852abfd8b282518d6ed81826833d77c3c882d9ab608add591ccace47a44?s=96&d=mm&r=g\",\"contentUrl\":\"https:\\\/\\\/secure.gravatar.com\\\/avatar\\\/bab33852abfd8b282518d6ed81826833d77c3c882d9ab608add591ccace47a44?s=96&d=mm&r=g\",\"caption\":\"Kuzeyin Sesi\"},\"sameAs\":[\"https:\\\/\\\/kuzeyinsesi.org\"],\"url\":\"https:\\\/\\\/kuzeyinsesi.org\\\/index.php\\\/author\\\/guven\\\/\"}]}<\/script>\n<!-- \/ Yoast SEO plugin. -->","yoast_head_json":{"title":"BM&#039;den son bin y\u0131l\u0131n en g\u00fc\u00e7l\u00fc El Nino uyar\u0131s\u0131: 2027 tarihin en s\u0131cak y\u0131l\u0131 olabilir - Kuzeyin Sesi","robots":{"index":"index","follow":"follow","max-snippet":"max-snippet:-1","max-image-preview":"max-image-preview:large","max-video-preview":"max-video-preview:-1"},"canonical":"https:\/\/kuzeyinsesi.org\/index.php\/2026\/09\/04\/bmden-son-bin-yilin-en-guclu-el-nino-uyarisi-2027-tarihin-en-sicak-yili-olabilir\/","og_locale":"tr_TR","og_type":"article","og_title":"BM&#039;den son bin y\u0131l\u0131n en g\u00fc\u00e7l\u00fc El Nino uyar\u0131s\u0131: 2027 tarihin en s\u0131cak y\u0131l\u0131 olabilir - Kuzeyin Sesi","og_description":"&#13; Birle\u015fmi\u015f Milletler (BM) ve D\u00fcnya Meteoroloji \u00d6rg\u00fct\u00fc (WMO), Pasifik Okyanusu merkezli El Nino hava olay\u0131n\u0131n h\u0131zla g\u00fc\u00e7lendi\u011fini ve son bin y\u0131lda kaydedilen en \u015fiddetli seviyeye do\u011fru ilerledi\u011fini a\u00e7\u0131klad\u0131. &#13; Fosil yak\u0131t kaynakl\u0131 k\u00fcresel \u0131s\u0131nman\u0131n \u00fczerine eklenen bu devasa \u0131s\u0131 dalgas\u0131n\u0131n, d\u00fcnya genelindeki s\u0131cakl\u0131k rekorlar\u0131n\u0131 tamamen alt\u00fcst etmesi bekleniyor. Uzmanlar, bu birle\u015fik etkinin 2027 y\u0131l\u0131n\u0131 [&hellip;]","og_url":"https:\/\/kuzeyinsesi.org\/index.php\/2026\/09\/04\/bmden-son-bin-yilin-en-guclu-el-nino-uyarisi-2027-tarihin-en-sicak-yili-olabilir\/","og_site_name":"Kuzeyin Sesi","article_publisher":"https:\/\/www.facebook.com\/kuzeyinsesii","article_published_time":"2026-09-03T22:53:03+00:00","og_image":[{"url":"https:\/\/trthaberstatic.cdn.wp.trt.com.tr\/resimler\/2238000\/el-nino-2239376.jpg","type":"","width":"","height":""}],"author":"Kuzeyin Sesi","twitter_card":"summary_large_image","twitter_creator":"@kuzeyinsesii","twitter_site":"@kuzeyinsesii","twitter_misc":{"Yazan:":"Kuzeyin Sesi","Tahmini okuma s\u00fcresi":"3 dakika"},"schema":{"@context":"https:\/\/schema.org","@graph":[{"@type":"Article","@id":"https:\/\/kuzeyinsesi.org\/index.php\/2026\/09\/04\/bmden-son-bin-yilin-en-guclu-el-nino-uyarisi-2027-tarihin-en-sicak-yili-olabilir\/#article","isPartOf":{"@id":"https:\/\/kuzeyinsesi.org\/index.php\/2026\/09\/04\/bmden-son-bin-yilin-en-guclu-el-nino-uyarisi-2027-tarihin-en-sicak-yili-olabilir\/"},"author":{"name":"Kuzeyin Sesi","@id":"https:\/\/kuzeyinsesi.org\/#\/schema\/person\/9f859689cdf01485597712386e37f5aa"},"headline":"BM&#039;den son bin y\u0131l\u0131n en g\u00fc\u00e7l\u00fc El Nino uyar\u0131s\u0131: 2027 tarihin en s\u0131cak y\u0131l\u0131 olabilir","datePublished":"2026-09-03T22:53:03+00:00","mainEntityOfPage":{"@id":"https:\/\/kuzeyinsesi.org\/index.php\/2026\/09\/04\/bmden-son-bin-yilin-en-guclu-el-nino-uyarisi-2027-tarihin-en-sicak-yili-olabilir\/"},"wordCount":554,"commentCount":0,"image":{"@id":"https:\/\/kuzeyinsesi.org\/index.php\/2026\/09\/04\/bmden-son-bin-yilin-en-guclu-el-nino-uyarisi-2027-tarihin-en-sicak-yili-olabilir\/#primaryimage"},"thumbnailUrl":"https:\/\/kuzeyinsesi.org\/wp-content\/uploads\/2026\/04\/el-nino-2239376.jpg","articleSection":["D\u00fcnya"],"inLanguage":"tr","potentialAction":[{"@type":"CommentAction","name":"Comment","target":["https:\/\/kuzeyinsesi.org\/index.php\/2026\/09\/04\/bmden-son-bin-yilin-en-guclu-el-nino-uyarisi-2027-tarihin-en-sicak-yili-olabilir\/#respond"]}]},{"@type":"WebPage","@id":"https:\/\/kuzeyinsesi.org\/index.php\/2026\/09\/04\/bmden-son-bin-yilin-en-guclu-el-nino-uyarisi-2027-tarihin-en-sicak-yili-olabilir\/","url":"https:\/\/kuzeyinsesi.org\/index.php\/2026\/09\/04\/bmden-son-bin-yilin-en-guclu-el-nino-uyarisi-2027-tarihin-en-sicak-yili-olabilir\/","name":"BM&#039;den son bin y\u0131l\u0131n en g\u00fc\u00e7l\u00fc El Nino uyar\u0131s\u0131: 2027 tarihin en s\u0131cak y\u0131l\u0131 olabilir - Kuzeyin Sesi","isPartOf":{"@id":"https:\/\/kuzeyinsesi.org\/#website"},"primaryImageOfPage":{"@id":"https:\/\/kuzeyinsesi.org\/index.php\/2026\/09\/04\/bmden-son-bin-yilin-en-guclu-el-nino-uyarisi-2027-tarihin-en-sicak-yili-olabilir\/#primaryimage"},"image":{"@id":"https:\/\/kuzeyinsesi.org\/index.php\/2026\/09\/04\/bmden-son-bin-yilin-en-guclu-el-nino-uyarisi-2027-tarihin-en-sicak-yili-olabilir\/#primaryimage"},"thumbnailUrl":"https:\/\/kuzeyinsesi.org\/wp-content\/uploads\/2026\/04\/el-nino-2239376.jpg","datePublished":"2026-09-03T22:53:03+00:00","author":{"@id":"https:\/\/kuzeyinsesi.org\/#\/schema\/person\/9f859689cdf01485597712386e37f5aa"},"breadcrumb":{"@id":"https:\/\/kuzeyinsesi.org\/index.php\/2026\/09\/04\/bmden-son-bin-yilin-en-guclu-el-nino-uyarisi-2027-tarihin-en-sicak-yili-olabilir\/#breadcrumb"},"inLanguage":"tr","potentialAction":[{"@type":"ReadAction","target":["https:\/\/kuzeyinsesi.org\/index.php\/2026\/09\/04\/bmden-son-bin-yilin-en-guclu-el-nino-uyarisi-2027-tarihin-en-sicak-yili-olabilir\/"]}]},{"@type":"ImageObject","inLanguage":"tr","@id":"https:\/\/kuzeyinsesi.org\/index.php\/2026\/09\/04\/bmden-son-bin-yilin-en-guclu-el-nino-uyarisi-2027-tarihin-en-sicak-yili-olabilir\/#primaryimage","url":"https:\/\/kuzeyinsesi.org\/wp-content\/uploads\/2026\/04\/el-nino-2239376.jpg","contentUrl":"https:\/\/kuzeyinsesi.org\/wp-content\/uploads\/2026\/04\/el-nino-2239376.jpg","width":1280,"height":720},{"@type":"BreadcrumbList","@id":"https:\/\/kuzeyinsesi.org\/index.php\/2026\/09\/04\/bmden-son-bin-yilin-en-guclu-el-nino-uyarisi-2027-tarihin-en-sicak-yili-olabilir\/#breadcrumb","itemListElement":[{"@type":"ListItem","position":1,"name":"Anasayfa","item":"https:\/\/kuzeyinsesi.org\/"},{"@type":"ListItem","position":2,"name":"BM&#039;den son bin y\u0131l\u0131n en g\u00fc\u00e7l\u00fc El Nino uyar\u0131s\u0131: 2027 tarihin en s\u0131cak y\u0131l\u0131 olabilir"}]},{"@type":"WebSite","@id":"https:\/\/kuzeyinsesi.org\/#website","url":"https:\/\/kuzeyinsesi.org\/","name":"Kuzeyin Sesi","description":"Do\u011fru Haberin Adresi","potentialAction":[{"@type":"SearchAction","target":{"@type":"EntryPoint","urlTemplate":"https:\/\/kuzeyinsesi.org\/?s={search_term_string}"},"query-input":{"@type":"PropertyValueSpecification","valueRequired":true,"valueName":"search_term_string"}}],"inLanguage":"tr"},{"@type":"Person","@id":"https:\/\/kuzeyinsesi.org\/#\/schema\/person\/9f859689cdf01485597712386e37f5aa","name":"Kuzeyin Sesi","image":{"@type":"ImageObject","inLanguage":"tr","@id":"https:\/\/secure.gravatar.com\/avatar\/bab33852abfd8b282518d6ed81826833d77c3c882d9ab608add591ccace47a44?s=96&d=mm&r=g","url":"https:\/\/secure.gravatar.com\/avatar\/bab33852abfd8b282518d6ed81826833d77c3c882d9ab608add591ccace47a44?s=96&d=mm&r=g","contentUrl":"https:\/\/secure.gravatar.com\/avatar\/bab33852abfd8b282518d6ed81826833d77c3c882d9ab608add591ccace47a44?s=96&d=mm&r=g","caption":"Kuzeyin Sesi"},"sameAs":["https:\/\/kuzeyinsesi.org"],"url":"https:\/\/kuzeyinsesi.org\/index.php\/author\/guven\/"}]}},"_links":{"self":[{"href":"https:\/\/kuzeyinsesi.org\/index.php\/wp-json\/wp\/v2\/posts\/46030","targetHints":{"allow":["GET"]}}],"collection":[{"href":"https:\/\/kuzeyinsesi.org\/index.php\/wp-json\/wp\/v2\/posts"}],"about":[{"href":"https:\/\/kuzeyinsesi.org\/index.php\/wp-json\/wp\/v2\/types\/post"}],"author":[{"embeddable":true,"href":"https:\/\/kuzeyinsesi.org\/index.php\/wp-json\/wp\/v2\/users\/1"}],"replies":[{"embeddable":true,"href":"https:\/\/kuzeyinsesi.org\/index.php\/wp-json\/wp\/v2\/comments?post=46030"}],"version-history":[{"count":0,"href":"https:\/\/kuzeyinsesi.org\/index.php\/wp-json\/wp\/v2\/posts\/46030\/revisions"}],"wp:featuredmedia":[{"embeddable":true,"href":"https:\/\/kuzeyinsesi.org\/index.php\/wp-json\/wp\/v2\/media\/37495"}],"wp:attachment":[{"href":"https:\/\/kuzeyinsesi.org\/index.php\/wp-json\/wp\/v2\/media?parent=46030"}],"wp:term":[{"taxonomy":"category","embeddable":true,"href":"https:\/\/kuzeyinsesi.org\/index.php\/wp-json\/wp\/v2\/categories?post=46030"},{"taxonomy":"post_tag","embeddable":true,"href":"https:\/\/kuzeyinsesi.org\/index.php\/wp-json\/wp\/v2\/tags?post=46030"}],"curies":[{"name":"wp","href":"https:\/\/api.w.org\/{rel}","templated":true}]}}