{"id":46019,"date":"2026-09-03T21:45:05","date_gmt":"2026-09-03T18:45:05","guid":{"rendered":"https:\/\/kuzeyinsesi.org\/index.php\/2026\/09\/03\/almanya-son-yillarda-artan-sabotaj-ve-hibrit-saldirilardan-rusyayi-sorumlu-tutuyor\/"},"modified":"2026-09-03T21:45:05","modified_gmt":"2026-09-03T18:45:05","slug":"almanya-son-yillarda-artan-sabotaj-ve-hibrit-saldirilardan-rusyayi-sorumlu-tutuyor","status":"publish","type":"post","link":"https:\/\/kuzeyinsesi.org\/index.php\/2026\/09\/03\/almanya-son-yillarda-artan-sabotaj-ve-hibrit-saldirilardan-rusyayi-sorumlu-tutuyor\/","title":{"rendered":"Almanya son y\u0131llarda artan sabotaj ve hibrit sald\u0131r\u0131lardan Rusya&#039;y\u0131 sorumlu tutuyor"},"content":{"rendered":"<p><\/p>\n<div>\n<p>&#13;<br \/>\n\tAlman makamlar\u0131 Rusya&#8217;n\u0131n, yaln\u0131zca <a href=\"https:\/\/www.trthaber.com\/etiket\/siber-saldiri\/\" target=\"_blank\">siber sald\u0131r\u0131<\/a> ve <a href=\"https:\/\/www.trthaber.com\/etiket\/dezenformasyon\/\" target=\"_blank\">dezenformasyon<\/a> y\u00f6ntemlerine de\u011fil, kritik altyap\u0131 ve askeri tesisleri hedef alabilecek sabotaj faaliyetlerine de ba\u015fvurdu\u011funu ileri s\u00fcr\u00fcyor.<\/p>\n<p>&#13;<br \/>\n\tH\u00fck\u00fcmet \u00fcyelerinin ve yetkililerin \u00e7e\u015fitli olaylara ili\u015fkin a\u00e7\u0131klamalar\u0131nda Rus istihbarat\u0131n\u0131n Almanya&#8217;daki faaliyetlerine dikkat \u00e7ekilirken, baz\u0131 vakalarda <a href=\"https:\/\/www.trthaber.com\/etiket\/rusya\/\" target=\"_blank\">Rusya<\/a> ba\u011flant\u0131s\u0131 hen\u00fcz kan\u0131tlanm\u0131\u015f de\u011fil.<\/p>\n<p>&#13;<br \/>\n\tAlman Federal Meclisinin (Bundestag) bili\u015fim sistemleri May\u0131s 2015&#8217;te geni\u015f \u00e7apl\u0131 bir siber sald\u0131r\u0131n\u0131n hedefi oldu. Sald\u0131r\u0131 nedeniyle Meclisin bili\u015fim altyap\u0131s\u0131n\u0131n \u00f6nemli b\u00f6l\u00fcm\u00fc g\u00fcnlerce kullan\u0131lamad\u0131.<\/p>\n<p>&#13;<br \/>\n\tAlman h\u00fck\u00fcmeti daha sonraki y\u0131llarda sald\u0131r\u0131n\u0131n arkas\u0131nda Rus askeri istihbarat servisi GRU&#8217;ya ba\u011fl\u0131 APT28 grubunun bulundu\u011funu a\u00e7\u0131klad\u0131.<\/p>\n<p>&#13;<br \/>\n\tRusya&#8217;n\u0131n 2022&#8217;de <a href=\"https:\/\/www.trthaber.com\/etiket\/ukrayna\/\" target=\"_blank\">Ukrayna<\/a> sava\u015f\u0131n\u0131 ba\u015flatmas\u0131n\u0131n ard\u0131ndan Almanya&#8217;n\u0131n kapsaml\u0131 dezenformasyon operasyonlar\u0131n\u0131n da hedefi haline geldi\u011fi ileri s\u00fcr\u00fcld\u00fc.<\/p>\n<p>&#13;<br \/>\n\tMay\u0131s 2022&#8217;den itibarenkKoordineli dezenformasyon kampanyas\u0131 oldu\u011fu iddia edilen olayda Spiegel, Frankfurter Allgemeine Zeitung, Bild, Welt, S\u00fcddeutsche Zeitung ve Tagesspiegel gibi Alman <a href=\"https:\/\/www.trthaber.com\/etiket\/medya\/\" target=\"_blank\">medya<\/a> kurulu\u015flar\u0131n\u0131n internet siteleri taklit edilerek sahte haberler yay\u0131mland\u0131.<\/p>\n<p>&#13;<br \/>\n\t<a href=\"https:\/\/www.trthaber.com\/etiket\/sosyal-medya\/\" target=\"_blank\">Sosyal medya<\/a> \u00fczerinden de sahte hesaplar, manip\u00fcle edilmi\u015f videolar ve ger\u00e7ek siyasi a\u00e7\u0131klamalar\u0131n de\u011fi\u015ftirilmi\u015f versiyonlar\u0131 kullan\u0131larak Ukrayna, <a href=\"https:\/\/www.trthaber.com\/etiket\/enerji\/\" target=\"_blank\">enerji<\/a> fiyatlar\u0131, <a href=\"https:\/\/www.trthaber.com\/etiket\/goc\/\" target=\"_blank\">g\u00f6\u00e7<\/a> ve Alman h\u00fck\u00fcmetine y\u00f6nelik g\u00fcven gibi konularda kamuoyunun etkilenmeye \u00e7al\u0131\u015f\u0131ld\u0131\u011f\u0131 savunuldu.<\/p>\n<p>&#13;<br \/>\n\tNisan 2024&#8217;te Almanya&#8217;da iki Alman-Rus \u00e7ifte vatanda\u015f\u0131n\u0131n Rus istihbarat\u0131 ad\u0131na sabotaj haz\u0131rl\u0131\u011f\u0131 yapt\u0131\u011f\u0131 iddias\u0131yla g\u00f6zalt\u0131na al\u0131nmas\u0131, Moskova&#8217;ya y\u00f6nelik su\u00e7lamalar\u0131n fiziksel sald\u0131r\u0131 haz\u0131rl\u0131klar\u0131 boyutuna ta\u015f\u0131nd\u0131\u011f\u0131n\u0131 g\u00f6sterdi.<\/p>\n<p>&#13;<br \/>\n\t\u015e\u00fcphelilerin Almanya&#8217;n\u0131n Ukrayna&#8217;ya verdi\u011fi askeri deste\u011fi hedef alabilecek eylemler planlad\u0131\u011f\u0131, askeri tesisler ile ABD&#8217;nin Grafenw\u00f6hr&#8217;deki askeri <a href=\"https:\/\/www.trthaber.com\/etiket\/egitim\/\" target=\"_blank\">e\u011fitim<\/a> merkezinde ke\u015fifler yap\u0131ld\u0131\u011f\u0131 iddia edildi.<\/p>\n<p>&#13;<br \/>\n\tLeipzig-Halle Havaliman\u0131&#8217;nda Temmuz 2024&#8217;te DHL kargo merkezinde bir paketinin alev almas\u0131, Almanya&#8217;daki sabotaj tart\u0131\u015fmalar\u0131n\u0131 yeni bir boyuta ta\u015f\u0131d\u0131.<\/p>\n<p>&#13;<br \/>\n\tPaketin i\u00e7inde kendi kendine devreye giren bir <a href=\"https:\/\/www.trthaber.com\/etiket\/yangin\/\" target=\"_blank\">yang\u0131n<\/a> d\u00fczene\u011fi bulunurken, benzer paketlerin <a href=\"https:\/\/www.trthaber.com\/etiket\/ingiltere\/\" target=\"_blank\">\u0130ngiltere<\/a> ve Polonya&#8217;da da yang\u0131na yol a\u00e7mas\u0131 \u00fczerine olaylar\u0131n koordineli bir sabotaj operasyonunun par\u00e7as\u0131 olabilece\u011fi de\u011ferlendirildi.<\/p>\n<p>&#13;<br \/>\n\tAlman g\u00fcvenlik makamlar\u0131, olaylar\u0131n arkas\u0131nda Rus istihbarat\u0131 taraf\u0131ndan kullan\u0131lan &#8220;d\u00fc\u015f\u00fck seviyeli ajanlar\u0131n&#8221; bulunabilece\u011fi ihtimali \u00fczerinde durdu.<\/p>\n<p>&#13;<br \/>\n\tAlman Hava <a href=\"https:\/\/www.trthaber.com\/etiket\/trafik\/\" target=\"_blank\">Trafik<\/a> Kontrol Kurumunun (DFS) idari bili\u015fim sistemleri de A\u011fustos 2024&#8217;te siber sald\u0131r\u0131ya u\u011frad\u0131.<\/p>\n<p>&#13;<br \/>\n\tSald\u0131r\u0131n\u0131n hava trafi\u011fini do\u011frudan etkilemedi\u011fi a\u00e7\u0131klan\u0131rken, Alman makamlar\u0131 sald\u0131r\u0131y\u0131 GRU ba\u011flant\u0131l\u0131 APT28 grubuna atfetti.<\/p>\n<p>&#13;<br \/>\n\tOlay\u0131n, Almanya&#8217;daki h\u00fck\u00fcmet kurumlar\u0131 ve \u015firketleri hedef alan daha geni\u015f bir Rus siber <a href=\"https:\/\/www.trthaber.com\/etiket\/casusluk\/\" target=\"_blank\">casusluk<\/a> kampanyas\u0131n\u0131n par\u00e7as\u0131 oldu\u011fu iddia edildi.<\/p>\n<p>&#13;<br \/>\n\t<a href=\"https:\/\/www.trthaber.com\/etiket\/almanya\/\" target=\"_blank\">Almanya<\/a> h\u00fck\u00fcmeti, iktidar orta\u011f\u0131 Sosyal Demokrat Partinin (SPD) y\u00f6netim kadrosuna y\u00f6nelik siber sald\u0131r\u0131n\u0131n da APT28 taraf\u0131ndan ger\u00e7ekle\u015ftirildi\u011fini a\u00e7\u0131klad\u0131.<\/p>\n<p>&#13;<br \/>\n\tFederal Ba\u015fsavc\u0131l\u0131k, \u00fc\u00e7 Alman-Rus vatanda\u015f\u0131na Rus istihbarat\u0131 ad\u0131na faaliyet g\u00f6sterdikleri su\u00e7lamas\u0131yla dava a\u00e7t\u0131.<\/p>\n<p>&#13;<br \/>\n\tSan\u0131klara, sanayi tesisleri ve askeri altyap\u0131ya y\u00f6nelik patlay\u0131c\u0131 ve kundaklama sald\u0131r\u0131lar\u0131 haz\u0131rlama su\u00e7lamalar\u0131 y\u00f6neltildi.<\/p>\n<p>&#13;<br \/>\n\tSoru\u015fturmada ana \u015f\u00fcphelinin Rus istihbarat mensubu oldu\u011fu belirtilen bir ki\u015fiyle Almanya&#8217;daki sabotaj eylemlerini g\u00f6r\u00fc\u015ft\u00fc\u011f\u00fc \u00f6ne s\u00fcr\u00fcld\u00fc.<\/p>\n<p>&#13;<br \/>\n\tAlman makamlar\u0131, Rusya ba\u011flant\u0131l\u0131 &#8220;Storm-1516&#8221; adl\u0131 dezenformasyon a\u011f\u0131na da dikkat \u00e7ekti.<\/p>\n<p>&#13;<br \/>\n\tOperasyonda sahte haber siteleri, yapay olarak \u00fcretilmi\u015f g\u00f6r\u00fcnt\u00fcler, sahte tan\u0131k anlat\u0131mlar\u0131 ve s\u00f6zde ara\u015ft\u0131rmac\u0131 gazetecilik i\u00e7erikleri kullan\u0131ld\u0131\u011f\u0131 belirtildi.<\/p>\n<p>&#13;<br \/>\n\tAlman h\u00fck\u00fcmeti, kampanyay\u0131 Rusya ile ili\u015fkilendirerek operasyonun 2025 Bundestag se\u00e7imlerini etkilemeyi ve Almanya&#8217;n\u0131n siyasi istikrar\u0131n\u0131 zay\u0131flatmay\u0131 ama\u00e7lad\u0131\u011f\u0131n\u0131 a\u00e7\u0131klad\u0131.<\/p>\n<p>&#13;<br \/>\n\tAlmanya&#8217;daki Rusya su\u00e7lamalar\u0131n\u0131n en son ve dikkat \u00e7ekici halkalar\u0131ndan biri Leipzig\/Halle Havaliman\u0131&#8217;nda ya\u015fand\u0131.<\/p>\n<p>&#13;<br \/>\n\t4 A\u011fustos 2026&#8217;da havaliman\u0131 yak\u0131n\u0131nda, Ukrayna&#8217;ya ait kargo u\u00e7aklar\u0131n\u0131n bulundu\u011fu b\u00f6lgede patlay\u0131c\u0131 y\u00fckl\u00fc bir \u0130HA bulundu\u011fu bildirildi.<\/p>\n<p>&#13;<br \/>\n\tAlman h\u00fck\u00fcmeti 1 Eyl\u00fcl&#8217;de olay\u0131n arkas\u0131nda Rusya&#8217;n\u0131n bulundu\u011funu a\u00e7\u0131klad\u0131.<\/p>\n<p>&#13;<br \/>\n\tBerlin, olay\u0131n y\u00f6ntem ve organizasyon bak\u0131m\u0131ndan Rusya&#8217;n\u0131n daha \u00f6nceki hibrit operasyonlar\u0131yla benzerlik ta\u015f\u0131d\u0131\u011f\u0131n\u0131 belirtti.<\/p>\n<p>&#13;<br \/>\n\tBu a\u00e7\u0131klama, Almanya&#8217;n\u0131n Rusya&#8217;y\u0131 kendi topraklar\u0131nda ger\u00e7ekle\u015fen fiziksel bir sald\u0131r\u0131 giri\u015fiminden do\u011frudan sorumlu tuttu\u011fu en ciddi son \u00f6rneklerden biri olarak \u00f6ne \u00e7\u0131kt\u0131.<\/p>\n<p>&#13;<br \/>\n\tAlman Anayasay\u0131 Koruma Te\u015fkilat\u0131, Rusya&#8217;n\u0131n Almanya&#8217;ya kar\u015f\u0131 sabotaj, siber sald\u0131r\u0131, casusluk, siyasi n\u00fcfuz operasyonlar\u0131 ve dezenformasyon y\u00f6ntemlerini birlikte kulland\u0131\u011f\u0131 uyar\u0131s\u0131nda bulunuyor.<\/p>\n<p>&#13;<br \/>\n\tTe\u015fkilata g\u00f6re kritik altyap\u0131, ekonomi, siyaset, toplum, bilim, <a href=\"https:\/\/www.trthaber.com\/etiket\/ordu\/\" target=\"_blank\">ordu<\/a> ve dijital altyap\u0131, Rusya kaynakl\u0131 faaliyetlerin hedefleri aras\u0131nda bulunuyor.<\/p>\n<\/p><\/div>\n","protected":false},"excerpt":{"rendered":"<p>&#13; Alman makamlar\u0131 Rusya&#8217;n\u0131n, yaln\u0131zca siber sald\u0131r\u0131 ve dezenformasyon y\u00f6ntemlerine de\u011fil, kritik altyap\u0131 ve askeri tesisleri hedef alabilecek sabotaj faaliyetlerine de ba\u015fvurdu\u011funu ileri s\u00fcr\u00fcyor. &#13; H\u00fck\u00fcmet \u00fcyelerinin ve yetkililerin \u00e7e\u015fitli olaylara ili\u015fkin a\u00e7\u0131klamalar\u0131nda Rus istihbarat\u0131n\u0131n Almanya&#8217;daki faaliyetlerine dikkat \u00e7ekilirken, baz\u0131 vakalarda Rusya ba\u011flant\u0131s\u0131 hen\u00fcz kan\u0131tlanm\u0131\u015f de\u011fil. &#13; Alman Federal Meclisinin (Bundestag) bili\u015fim sistemleri May\u0131s 2015&#8217;te [&hellip;]<\/p>\n","protected":false},"author":1,"featured_media":45836,"comment_status":"open","ping_status":"open","sticky":false,"template":"","format":"standard","meta":{"jnews-multi-image_gallery":[],"jnews_single_post":[],"jnews_primary_category":[],"jnews_social_meta":[],"jnews_override_counter":[],"footnotes":""},"categories":[2],"tags":[],"class_list":["post-46019","post","type-post","status-publish","format-standard","has-post-thumbnail","hentry","category-dunya"],"yoast_head":"<!-- This site is optimized with the Yoast SEO plugin v28.4 - https:\/\/yoast.com\/product\/yoast-seo-wordpress\/ -->\n<title>Almanya son y\u0131llarda artan sabotaj ve hibrit sald\u0131r\u0131lardan Rusya&#039;y\u0131 sorumlu tutuyor - Kuzeyin Sesi<\/title>\n<meta name=\"robots\" content=\"index, follow, max-snippet:-1, max-image-preview:large, max-video-preview:-1\" \/>\n<link rel=\"canonical\" href=\"https:\/\/kuzeyinsesi.org\/index.php\/2026\/09\/03\/almanya-son-yillarda-artan-sabotaj-ve-hibrit-saldirilardan-rusyayi-sorumlu-tutuyor\/\" \/>\n<meta property=\"og:locale\" content=\"tr_TR\" \/>\n<meta property=\"og:type\" content=\"article\" \/>\n<meta property=\"og:title\" content=\"Almanya son y\u0131llarda artan sabotaj ve hibrit sald\u0131r\u0131lardan Rusya&#039;y\u0131 sorumlu tutuyor - Kuzeyin Sesi\" \/>\n<meta property=\"og:description\" content=\"&#013; Alman makamlar\u0131 Rusya&#8217;n\u0131n, yaln\u0131zca siber sald\u0131r\u0131 ve dezenformasyon y\u00f6ntemlerine de\u011fil, kritik altyap\u0131 ve askeri tesisleri hedef alabilecek sabotaj faaliyetlerine de ba\u015fvurdu\u011funu ileri s\u00fcr\u00fcyor. &#013; H\u00fck\u00fcmet \u00fcyelerinin ve yetkililerin \u00e7e\u015fitli olaylara ili\u015fkin a\u00e7\u0131klamalar\u0131nda Rus istihbarat\u0131n\u0131n Almanya&#8217;daki faaliyetlerine dikkat \u00e7ekilirken, baz\u0131 vakalarda Rusya ba\u011flant\u0131s\u0131 hen\u00fcz kan\u0131tlanm\u0131\u015f de\u011fil. &#013; Alman Federal Meclisinin (Bundestag) bili\u015fim sistemleri May\u0131s 2015&#8217;te [&hellip;]\" \/>\n<meta property=\"og:url\" content=\"https:\/\/kuzeyinsesi.org\/index.php\/2026\/09\/03\/almanya-son-yillarda-artan-sabotaj-ve-hibrit-saldirilardan-rusyayi-sorumlu-tutuyor\/\" \/>\n<meta property=\"og:site_name\" content=\"Kuzeyin Sesi\" \/>\n<meta property=\"article:publisher\" content=\"https:\/\/www.facebook.com\/kuzeyinsesii\" \/>\n<meta property=\"article:published_time\" content=\"2026-09-03T18:45:05+00:00\" \/>\n<meta property=\"og:image\" content=\"https:\/\/trthaberstatic.cdn.wp.trt.com.tr\/resimler\/2290000\/almanya-bayragi-depophotos-2291094.jpg\" \/>\n<meta name=\"author\" content=\"Kuzeyin Sesi\" \/>\n<meta name=\"twitter:card\" content=\"summary_large_image\" \/>\n<meta name=\"twitter:creator\" content=\"@kuzeyinsesii\" \/>\n<meta name=\"twitter:site\" content=\"@kuzeyinsesii\" \/>\n<meta name=\"twitter:label1\" content=\"Yazan:\" \/>\n\t<meta name=\"twitter:data1\" content=\"Kuzeyin Sesi\" \/>\n\t<meta name=\"twitter:label2\" content=\"Tahmini okuma s\u00fcresi\" \/>\n\t<meta name=\"twitter:data2\" content=\"4 dakika\" \/>\n<script type=\"application\/ld+json\" class=\"yoast-schema-graph\">{\"@context\":\"https:\\\/\\\/schema.org\",\"@graph\":[{\"@type\":\"Article\",\"@id\":\"https:\\\/\\\/kuzeyinsesi.org\\\/index.php\\\/2026\\\/09\\\/03\\\/almanya-son-yillarda-artan-sabotaj-ve-hibrit-saldirilardan-rusyayi-sorumlu-tutuyor\\\/#article\",\"isPartOf\":{\"@id\":\"https:\\\/\\\/kuzeyinsesi.org\\\/index.php\\\/2026\\\/09\\\/03\\\/almanya-son-yillarda-artan-sabotaj-ve-hibrit-saldirilardan-rusyayi-sorumlu-tutuyor\\\/\"},\"author\":{\"name\":\"Kuzeyin Sesi\",\"@id\":\"https:\\\/\\\/kuzeyinsesi.org\\\/#\\\/schema\\\/person\\\/9f859689cdf01485597712386e37f5aa\"},\"headline\":\"Almanya son y\u0131llarda artan sabotaj ve hibrit sald\u0131r\u0131lardan Rusya&#039;y\u0131 sorumlu tutuyor\",\"datePublished\":\"2026-09-03T18:45:05+00:00\",\"mainEntityOfPage\":{\"@id\":\"https:\\\/\\\/kuzeyinsesi.org\\\/index.php\\\/2026\\\/09\\\/03\\\/almanya-son-yillarda-artan-sabotaj-ve-hibrit-saldirilardan-rusyayi-sorumlu-tutuyor\\\/\"},\"wordCount\":837,\"commentCount\":0,\"image\":{\"@id\":\"https:\\\/\\\/kuzeyinsesi.org\\\/index.php\\\/2026\\\/09\\\/03\\\/almanya-son-yillarda-artan-sabotaj-ve-hibrit-saldirilardan-rusyayi-sorumlu-tutuyor\\\/#primaryimage\"},\"thumbnailUrl\":\"https:\\\/\\\/kuzeyinsesi.org\\\/wp-content\\\/uploads\\\/2026\\\/08\\\/almanya-bayragi-depophotos-2291094.jpg\",\"articleSection\":[\"D\u00fcnya\"],\"inLanguage\":\"tr\",\"potentialAction\":[{\"@type\":\"CommentAction\",\"name\":\"Comment\",\"target\":[\"https:\\\/\\\/kuzeyinsesi.org\\\/index.php\\\/2026\\\/09\\\/03\\\/almanya-son-yillarda-artan-sabotaj-ve-hibrit-saldirilardan-rusyayi-sorumlu-tutuyor\\\/#respond\"]}]},{\"@type\":\"WebPage\",\"@id\":\"https:\\\/\\\/kuzeyinsesi.org\\\/index.php\\\/2026\\\/09\\\/03\\\/almanya-son-yillarda-artan-sabotaj-ve-hibrit-saldirilardan-rusyayi-sorumlu-tutuyor\\\/\",\"url\":\"https:\\\/\\\/kuzeyinsesi.org\\\/index.php\\\/2026\\\/09\\\/03\\\/almanya-son-yillarda-artan-sabotaj-ve-hibrit-saldirilardan-rusyayi-sorumlu-tutuyor\\\/\",\"name\":\"Almanya son y\u0131llarda artan sabotaj ve hibrit sald\u0131r\u0131lardan Rusya&#039;y\u0131 sorumlu tutuyor - Kuzeyin Sesi\",\"isPartOf\":{\"@id\":\"https:\\\/\\\/kuzeyinsesi.org\\\/#website\"},\"primaryImageOfPage\":{\"@id\":\"https:\\\/\\\/kuzeyinsesi.org\\\/index.php\\\/2026\\\/09\\\/03\\\/almanya-son-yillarda-artan-sabotaj-ve-hibrit-saldirilardan-rusyayi-sorumlu-tutuyor\\\/#primaryimage\"},\"image\":{\"@id\":\"https:\\\/\\\/kuzeyinsesi.org\\\/index.php\\\/2026\\\/09\\\/03\\\/almanya-son-yillarda-artan-sabotaj-ve-hibrit-saldirilardan-rusyayi-sorumlu-tutuyor\\\/#primaryimage\"},\"thumbnailUrl\":\"https:\\\/\\\/kuzeyinsesi.org\\\/wp-content\\\/uploads\\\/2026\\\/08\\\/almanya-bayragi-depophotos-2291094.jpg\",\"datePublished\":\"2026-09-03T18:45:05+00:00\",\"author\":{\"@id\":\"https:\\\/\\\/kuzeyinsesi.org\\\/#\\\/schema\\\/person\\\/9f859689cdf01485597712386e37f5aa\"},\"breadcrumb\":{\"@id\":\"https:\\\/\\\/kuzeyinsesi.org\\\/index.php\\\/2026\\\/09\\\/03\\\/almanya-son-yillarda-artan-sabotaj-ve-hibrit-saldirilardan-rusyayi-sorumlu-tutuyor\\\/#breadcrumb\"},\"inLanguage\":\"tr\",\"potentialAction\":[{\"@type\":\"ReadAction\",\"target\":[\"https:\\\/\\\/kuzeyinsesi.org\\\/index.php\\\/2026\\\/09\\\/03\\\/almanya-son-yillarda-artan-sabotaj-ve-hibrit-saldirilardan-rusyayi-sorumlu-tutuyor\\\/\"]}]},{\"@type\":\"ImageObject\",\"inLanguage\":\"tr\",\"@id\":\"https:\\\/\\\/kuzeyinsesi.org\\\/index.php\\\/2026\\\/09\\\/03\\\/almanya-son-yillarda-artan-sabotaj-ve-hibrit-saldirilardan-rusyayi-sorumlu-tutuyor\\\/#primaryimage\",\"url\":\"https:\\\/\\\/kuzeyinsesi.org\\\/wp-content\\\/uploads\\\/2026\\\/08\\\/almanya-bayragi-depophotos-2291094.jpg\",\"contentUrl\":\"https:\\\/\\\/kuzeyinsesi.org\\\/wp-content\\\/uploads\\\/2026\\\/08\\\/almanya-bayragi-depophotos-2291094.jpg\",\"width\":1280,\"height\":720},{\"@type\":\"BreadcrumbList\",\"@id\":\"https:\\\/\\\/kuzeyinsesi.org\\\/index.php\\\/2026\\\/09\\\/03\\\/almanya-son-yillarda-artan-sabotaj-ve-hibrit-saldirilardan-rusyayi-sorumlu-tutuyor\\\/#breadcrumb\",\"itemListElement\":[{\"@type\":\"ListItem\",\"position\":1,\"name\":\"Anasayfa\",\"item\":\"https:\\\/\\\/kuzeyinsesi.org\\\/\"},{\"@type\":\"ListItem\",\"position\":2,\"name\":\"Almanya son y\u0131llarda artan sabotaj ve hibrit sald\u0131r\u0131lardan Rusya&#039;y\u0131 sorumlu tutuyor\"}]},{\"@type\":\"WebSite\",\"@id\":\"https:\\\/\\\/kuzeyinsesi.org\\\/#website\",\"url\":\"https:\\\/\\\/kuzeyinsesi.org\\\/\",\"name\":\"Kuzeyin Sesi\",\"description\":\"Do\u011fru Haberin Adresi\",\"potentialAction\":[{\"@type\":\"SearchAction\",\"target\":{\"@type\":\"EntryPoint\",\"urlTemplate\":\"https:\\\/\\\/kuzeyinsesi.org\\\/?s={search_term_string}\"},\"query-input\":{\"@type\":\"PropertyValueSpecification\",\"valueRequired\":true,\"valueName\":\"search_term_string\"}}],\"inLanguage\":\"tr\"},{\"@type\":\"Person\",\"@id\":\"https:\\\/\\\/kuzeyinsesi.org\\\/#\\\/schema\\\/person\\\/9f859689cdf01485597712386e37f5aa\",\"name\":\"Kuzeyin Sesi\",\"image\":{\"@type\":\"ImageObject\",\"inLanguage\":\"tr\",\"@id\":\"https:\\\/\\\/secure.gravatar.com\\\/avatar\\\/bab33852abfd8b282518d6ed81826833d77c3c882d9ab608add591ccace47a44?s=96&d=mm&r=g\",\"url\":\"https:\\\/\\\/secure.gravatar.com\\\/avatar\\\/bab33852abfd8b282518d6ed81826833d77c3c882d9ab608add591ccace47a44?s=96&d=mm&r=g\",\"contentUrl\":\"https:\\\/\\\/secure.gravatar.com\\\/avatar\\\/bab33852abfd8b282518d6ed81826833d77c3c882d9ab608add591ccace47a44?s=96&d=mm&r=g\",\"caption\":\"Kuzeyin Sesi\"},\"sameAs\":[\"https:\\\/\\\/kuzeyinsesi.org\"],\"url\":\"https:\\\/\\\/kuzeyinsesi.org\\\/index.php\\\/author\\\/guven\\\/\"}]}<\/script>\n<!-- \/ Yoast SEO plugin. -->","yoast_head_json":{"title":"Almanya son y\u0131llarda artan sabotaj ve hibrit sald\u0131r\u0131lardan Rusya&#039;y\u0131 sorumlu tutuyor - Kuzeyin Sesi","robots":{"index":"index","follow":"follow","max-snippet":"max-snippet:-1","max-image-preview":"max-image-preview:large","max-video-preview":"max-video-preview:-1"},"canonical":"https:\/\/kuzeyinsesi.org\/index.php\/2026\/09\/03\/almanya-son-yillarda-artan-sabotaj-ve-hibrit-saldirilardan-rusyayi-sorumlu-tutuyor\/","og_locale":"tr_TR","og_type":"article","og_title":"Almanya son y\u0131llarda artan sabotaj ve hibrit sald\u0131r\u0131lardan Rusya&#039;y\u0131 sorumlu tutuyor - Kuzeyin Sesi","og_description":"&#13; Alman makamlar\u0131 Rusya&#8217;n\u0131n, yaln\u0131zca siber sald\u0131r\u0131 ve dezenformasyon y\u00f6ntemlerine de\u011fil, kritik altyap\u0131 ve askeri tesisleri hedef alabilecek sabotaj faaliyetlerine de ba\u015fvurdu\u011funu ileri s\u00fcr\u00fcyor. &#13; H\u00fck\u00fcmet \u00fcyelerinin ve yetkililerin \u00e7e\u015fitli olaylara ili\u015fkin a\u00e7\u0131klamalar\u0131nda Rus istihbarat\u0131n\u0131n Almanya&#8217;daki faaliyetlerine dikkat \u00e7ekilirken, baz\u0131 vakalarda Rusya ba\u011flant\u0131s\u0131 hen\u00fcz kan\u0131tlanm\u0131\u015f de\u011fil. &#13; Alman Federal Meclisinin (Bundestag) bili\u015fim sistemleri May\u0131s 2015&#8217;te [&hellip;]","og_url":"https:\/\/kuzeyinsesi.org\/index.php\/2026\/09\/03\/almanya-son-yillarda-artan-sabotaj-ve-hibrit-saldirilardan-rusyayi-sorumlu-tutuyor\/","og_site_name":"Kuzeyin Sesi","article_publisher":"https:\/\/www.facebook.com\/kuzeyinsesii","article_published_time":"2026-09-03T18:45:05+00:00","og_image":[{"url":"https:\/\/trthaberstatic.cdn.wp.trt.com.tr\/resimler\/2290000\/almanya-bayragi-depophotos-2291094.jpg","type":"","width":"","height":""}],"author":"Kuzeyin Sesi","twitter_card":"summary_large_image","twitter_creator":"@kuzeyinsesii","twitter_site":"@kuzeyinsesii","twitter_misc":{"Yazan:":"Kuzeyin Sesi","Tahmini okuma s\u00fcresi":"4 dakika"},"schema":{"@context":"https:\/\/schema.org","@graph":[{"@type":"Article","@id":"https:\/\/kuzeyinsesi.org\/index.php\/2026\/09\/03\/almanya-son-yillarda-artan-sabotaj-ve-hibrit-saldirilardan-rusyayi-sorumlu-tutuyor\/#article","isPartOf":{"@id":"https:\/\/kuzeyinsesi.org\/index.php\/2026\/09\/03\/almanya-son-yillarda-artan-sabotaj-ve-hibrit-saldirilardan-rusyayi-sorumlu-tutuyor\/"},"author":{"name":"Kuzeyin Sesi","@id":"https:\/\/kuzeyinsesi.org\/#\/schema\/person\/9f859689cdf01485597712386e37f5aa"},"headline":"Almanya son y\u0131llarda artan sabotaj ve hibrit sald\u0131r\u0131lardan Rusya&#039;y\u0131 sorumlu tutuyor","datePublished":"2026-09-03T18:45:05+00:00","mainEntityOfPage":{"@id":"https:\/\/kuzeyinsesi.org\/index.php\/2026\/09\/03\/almanya-son-yillarda-artan-sabotaj-ve-hibrit-saldirilardan-rusyayi-sorumlu-tutuyor\/"},"wordCount":837,"commentCount":0,"image":{"@id":"https:\/\/kuzeyinsesi.org\/index.php\/2026\/09\/03\/almanya-son-yillarda-artan-sabotaj-ve-hibrit-saldirilardan-rusyayi-sorumlu-tutuyor\/#primaryimage"},"thumbnailUrl":"https:\/\/kuzeyinsesi.org\/wp-content\/uploads\/2026\/08\/almanya-bayragi-depophotos-2291094.jpg","articleSection":["D\u00fcnya"],"inLanguage":"tr","potentialAction":[{"@type":"CommentAction","name":"Comment","target":["https:\/\/kuzeyinsesi.org\/index.php\/2026\/09\/03\/almanya-son-yillarda-artan-sabotaj-ve-hibrit-saldirilardan-rusyayi-sorumlu-tutuyor\/#respond"]}]},{"@type":"WebPage","@id":"https:\/\/kuzeyinsesi.org\/index.php\/2026\/09\/03\/almanya-son-yillarda-artan-sabotaj-ve-hibrit-saldirilardan-rusyayi-sorumlu-tutuyor\/","url":"https:\/\/kuzeyinsesi.org\/index.php\/2026\/09\/03\/almanya-son-yillarda-artan-sabotaj-ve-hibrit-saldirilardan-rusyayi-sorumlu-tutuyor\/","name":"Almanya son y\u0131llarda artan sabotaj ve hibrit sald\u0131r\u0131lardan Rusya&#039;y\u0131 sorumlu tutuyor - Kuzeyin Sesi","isPartOf":{"@id":"https:\/\/kuzeyinsesi.org\/#website"},"primaryImageOfPage":{"@id":"https:\/\/kuzeyinsesi.org\/index.php\/2026\/09\/03\/almanya-son-yillarda-artan-sabotaj-ve-hibrit-saldirilardan-rusyayi-sorumlu-tutuyor\/#primaryimage"},"image":{"@id":"https:\/\/kuzeyinsesi.org\/index.php\/2026\/09\/03\/almanya-son-yillarda-artan-sabotaj-ve-hibrit-saldirilardan-rusyayi-sorumlu-tutuyor\/#primaryimage"},"thumbnailUrl":"https:\/\/kuzeyinsesi.org\/wp-content\/uploads\/2026\/08\/almanya-bayragi-depophotos-2291094.jpg","datePublished":"2026-09-03T18:45:05+00:00","author":{"@id":"https:\/\/kuzeyinsesi.org\/#\/schema\/person\/9f859689cdf01485597712386e37f5aa"},"breadcrumb":{"@id":"https:\/\/kuzeyinsesi.org\/index.php\/2026\/09\/03\/almanya-son-yillarda-artan-sabotaj-ve-hibrit-saldirilardan-rusyayi-sorumlu-tutuyor\/#breadcrumb"},"inLanguage":"tr","potentialAction":[{"@type":"ReadAction","target":["https:\/\/kuzeyinsesi.org\/index.php\/2026\/09\/03\/almanya-son-yillarda-artan-sabotaj-ve-hibrit-saldirilardan-rusyayi-sorumlu-tutuyor\/"]}]},{"@type":"ImageObject","inLanguage":"tr","@id":"https:\/\/kuzeyinsesi.org\/index.php\/2026\/09\/03\/almanya-son-yillarda-artan-sabotaj-ve-hibrit-saldirilardan-rusyayi-sorumlu-tutuyor\/#primaryimage","url":"https:\/\/kuzeyinsesi.org\/wp-content\/uploads\/2026\/08\/almanya-bayragi-depophotos-2291094.jpg","contentUrl":"https:\/\/kuzeyinsesi.org\/wp-content\/uploads\/2026\/08\/almanya-bayragi-depophotos-2291094.jpg","width":1280,"height":720},{"@type":"BreadcrumbList","@id":"https:\/\/kuzeyinsesi.org\/index.php\/2026\/09\/03\/almanya-son-yillarda-artan-sabotaj-ve-hibrit-saldirilardan-rusyayi-sorumlu-tutuyor\/#breadcrumb","itemListElement":[{"@type":"ListItem","position":1,"name":"Anasayfa","item":"https:\/\/kuzeyinsesi.org\/"},{"@type":"ListItem","position":2,"name":"Almanya son y\u0131llarda artan sabotaj ve hibrit sald\u0131r\u0131lardan Rusya&#039;y\u0131 sorumlu tutuyor"}]},{"@type":"WebSite","@id":"https:\/\/kuzeyinsesi.org\/#website","url":"https:\/\/kuzeyinsesi.org\/","name":"Kuzeyin Sesi","description":"Do\u011fru Haberin Adresi","potentialAction":[{"@type":"SearchAction","target":{"@type":"EntryPoint","urlTemplate":"https:\/\/kuzeyinsesi.org\/?s={search_term_string}"},"query-input":{"@type":"PropertyValueSpecification","valueRequired":true,"valueName":"search_term_string"}}],"inLanguage":"tr"},{"@type":"Person","@id":"https:\/\/kuzeyinsesi.org\/#\/schema\/person\/9f859689cdf01485597712386e37f5aa","name":"Kuzeyin Sesi","image":{"@type":"ImageObject","inLanguage":"tr","@id":"https:\/\/secure.gravatar.com\/avatar\/bab33852abfd8b282518d6ed81826833d77c3c882d9ab608add591ccace47a44?s=96&d=mm&r=g","url":"https:\/\/secure.gravatar.com\/avatar\/bab33852abfd8b282518d6ed81826833d77c3c882d9ab608add591ccace47a44?s=96&d=mm&r=g","contentUrl":"https:\/\/secure.gravatar.com\/avatar\/bab33852abfd8b282518d6ed81826833d77c3c882d9ab608add591ccace47a44?s=96&d=mm&r=g","caption":"Kuzeyin Sesi"},"sameAs":["https:\/\/kuzeyinsesi.org"],"url":"https:\/\/kuzeyinsesi.org\/index.php\/author\/guven\/"}]}},"_links":{"self":[{"href":"https:\/\/kuzeyinsesi.org\/index.php\/wp-json\/wp\/v2\/posts\/46019","targetHints":{"allow":["GET"]}}],"collection":[{"href":"https:\/\/kuzeyinsesi.org\/index.php\/wp-json\/wp\/v2\/posts"}],"about":[{"href":"https:\/\/kuzeyinsesi.org\/index.php\/wp-json\/wp\/v2\/types\/post"}],"author":[{"embeddable":true,"href":"https:\/\/kuzeyinsesi.org\/index.php\/wp-json\/wp\/v2\/users\/1"}],"replies":[{"embeddable":true,"href":"https:\/\/kuzeyinsesi.org\/index.php\/wp-json\/wp\/v2\/comments?post=46019"}],"version-history":[{"count":0,"href":"https:\/\/kuzeyinsesi.org\/index.php\/wp-json\/wp\/v2\/posts\/46019\/revisions"}],"wp:featuredmedia":[{"embeddable":true,"href":"https:\/\/kuzeyinsesi.org\/index.php\/wp-json\/wp\/v2\/media\/45836"}],"wp:attachment":[{"href":"https:\/\/kuzeyinsesi.org\/index.php\/wp-json\/wp\/v2\/media?parent=46019"}],"wp:term":[{"taxonomy":"category","embeddable":true,"href":"https:\/\/kuzeyinsesi.org\/index.php\/wp-json\/wp\/v2\/categories?post=46019"},{"taxonomy":"post_tag","embeddable":true,"href":"https:\/\/kuzeyinsesi.org\/index.php\/wp-json\/wp\/v2\/tags?post=46019"}],"curies":[{"name":"wp","href":"https:\/\/api.w.org\/{rel}","templated":true}]}}