{"id":46017,"date":"2026-09-03T21:14:03","date_gmt":"2026-09-03T18:14:03","guid":{"rendered":"https:\/\/kuzeyinsesi.org\/index.php\/2026\/09\/03\/rusya-goethe-enstitusunun-subelerini-kapatacak\/"},"modified":"2026-09-03T21:14:03","modified_gmt":"2026-09-03T18:14:03","slug":"rusya-goethe-enstitusunun-subelerini-kapatacak","status":"publish","type":"post","link":"https:\/\/kuzeyinsesi.org\/index.php\/2026\/09\/03\/rusya-goethe-enstitusunun-subelerini-kapatacak\/","title":{"rendered":"Rusya, Goethe Enstit\u00fcs\u00fcn\u00fcn \u015fubelerini kapatacak"},"content":{"rendered":"<p><\/p>\n<div>\n<p>&#13;<br \/>\n\tBakan Lavrov, Vladivostok kentinde d\u00fczenlenen 11. Do\u011fu Ekonomi Forumu kapsam\u0131nda \u00f6\u011frencilere konferans verdi.<\/p>\n<p>&#13;<br \/>\n\tLavrov, Avrupa\u2019n\u0131n Rusya\u2019y\u0131 d\u00fc\u015fman g\u00f6rd\u00fc\u011f\u00fcn\u00fc belirterek, &#8220;Duvarlar in\u015fa etmiyoruz. Kendimizi Avrupa&#8217;dan izole etmek istemiyoruz. Avrupa kendisini bizden uzakla\u015ft\u0131rd\u0131. Avrupa d\u00fcr\u00fcst\u00e7e i\u015fbirli\u011fi yapmaya haz\u0131r de\u011fil. Bunu yapmay\u0131 bilmiyor. Avrupa hi\u00e7bir zaman kendi kaynaklar\u0131yla ve kendi zekas\u0131yla ya\u015famad\u0131. Her zaman ba\u015fkalar\u0131ndan ge\u00e7indi.&#8221; dedi.<\/p>\n<p>&#13;<br \/>\n\tAlmanya\u2019da Nazizm&#8217;in canlanmaya ba\u015flad\u0131\u011f\u0131na i\u015faret eden Lavrov, Berlin\u2019in \u00fclkesini askerile\u015ftirme y\u00f6n\u00fcnde yakla\u015f\u0131m sergiledi\u011fini, bunun Avrupa i\u00e7in tehlikeli oldu\u011funu vurgulad\u0131.<\/p>\n<p>&#13;<br \/>\n\tLavrov, &#8220;Bat\u0131, anla\u015fmak yerine kendi ko\u015fullar\u0131n\u0131 dayatmak istiyor. Bat\u0131, diplomasiyi yapt\u0131r\u0131mlar arac\u0131l\u0131\u011f\u0131yla y\u00fcr\u00fct\u00fcyor. Bat\u0131l\u0131 meslekta\u015flar\u0131m\u0131z, kendilerine g\u00f6re yanl\u0131\u015f yapanlara hemen yapt\u0131r\u0131mlar uyguluyor.&#8221; ifadelerini kulland\u0131.<\/p>\n<h2>&#13;<br \/>\n\t&#8220;Bat\u0131, Kiev\u2019in ter\u00f6r sald\u0131r\u0131lar\u0131n\u0131 <a href=\"https:\/\/www.trthaber.com\/etiket\/tesvik\/\" target=\"_blank\">te\u015fvik<\/a> ediyor&#8221;<\/h2>\n<p>&#13;<br \/>\n\t<a href=\"https:\/\/www.trthaber.com\/etiket\/kiev\/\" target=\"_blank\">Kiev<\/a> y\u00f6netiminin Rus topraklar\u0131ndaki sivil altyap\u0131ya &#8220;ter\u00f6r&#8221; sald\u0131r\u0131lar\u0131 d\u00fczenledi\u011fini kaydeden Lavrov, bu eylemlerin Bat\u0131 taraf\u0131ndan te\u015fvik edildi\u011fini s\u00f6yledi.<\/p>\n<p>&#13;<br \/>\n\tLavrov, Bat\u0131l\u0131 \u00fclkelerin <a href=\"https:\/\/www.trthaber.com\/etiket\/ukrayna\/\" target=\"_blank\">Ukrayna<\/a> krizine y\u00f6nelik yakla\u015f\u0131m\u0131yla ilgili ise &#8220;Onlar, s\u0131n\u0131rlar\u0131m\u0131zda tehlike yaratarak, meseleyi \u00e7\u00f6zmek yerine dondurmak istiyor. Biz bunu kabul edersek, Nazizm&#8217;in canlanmas\u0131na izin vermi\u015f oluruz.&#8221; \u015feklinde konu\u015ftu.<\/p>\n<p>&#13;<br \/>\n\tSergey Lavrov, meselenin sahadaki ger\u00e7ekler do\u011frultusunda \u00e7\u00f6z\u00fclmesi gerekti\u011finin alt\u0131n\u0131 \u00e7izdi.<\/p>\n<h2>&#13;<br \/>\n\t&#8220;Berlin, \u0130HA konusunda kan\u0131t sunmad\u0131&#8221;<\/h2>\n<p>&#13;<br \/>\n\tAlmanya\u2019n\u0131n Leipzig-Halle Havaliman\u0131&#8217;nda patlay\u0131c\u0131 y\u00fckl\u00fc \u0130HA bulundu\u011fu gerek\u00e7esiyle Rusya&#8217;ya kar\u015f\u0131 baz\u0131 tedbirler alma karar\u0131n\u0131 de\u011ferlendiren Lavrov, Berlin\u2019in bu konuda herhangi bir kan\u0131t sunmad\u0131\u011f\u0131n\u0131 s\u00f6yledi.<\/p>\n<p>&#13;<br \/>\n\tLavrov, Rusya\u2019n\u0131n buna kar\u015f\u0131l\u0131k verece\u011fini kaydederek, &#8220;Goethe Enstit\u00fcs\u00fcn\u00fcn Moskova, St. Petersburg ve Yekaterinburg kentlerinde \u015fubeleri var. K\u00fclt\u00fcr merkezimiz (Rus Evi), orada kapat\u0131ld\u0131ktan sonra elbette, bu \u015fubeler kapat\u0131lacak.&#8221; dedi.<\/p>\n<p>&#13;<br \/>\n\tBaz\u0131 Avrupa \u00fclkelerinin <a href=\"https:\/\/www.trthaber.com\/etiket\/rusya\/\" target=\"_blank\">Rusya<\/a> ile ili\u015fkileri iyile\u015ftirmeye \u00e7al\u0131\u015ft\u0131\u011f\u0131na dikkati \u00e7eken Lavrov, Almanya&#8217;n\u0131n bu y\u00f6ndeki e\u011filimleri baltalamaya \u00e7al\u0131\u015ft\u0131\u011f\u0131n\u0131 belirtti.<\/p>\n<h2>&#13;<br \/>\n\tAlman Bakan: \u00dcz\u00fcnt\u00fc duyuyorum<\/h2>\n<p>&#13;<br \/>\n\tAlmanya D\u0131\u015fi\u015fleri Bakan\u0131 Johann Wadephul, Rusya\u2019n\u0131n Goethe Enstit\u00fcs\u00fcn\u00fcn \u00fclkedeki \u015fubelerini kapatacak olmas\u0131ndan \u00fcz\u00fcnt\u00fc duydu\u011funu s\u00f6yledi.<\/p>\n<p>&#13;<br \/>\n\tWadephul, Almanya\u2019n\u0131n Weimar kentinde &#8220;Weimar \u00dc\u00e7geni&#8221; giri\u015fimi kapsam\u0131nda Polonya Ba\u015fbakan Yard\u0131mc\u0131s\u0131 ve D\u0131\u015fi\u015fleri Bakan\u0131 Radoslaw Sikorski\u200b\u200b\u200b\u200b\u200b\u200b\u200b ve Fransa D\u0131\u015fi\u015fleri Bakan\u0131 Jean-Noel Barrot ile yapt\u0131\u011f\u0131 g\u00f6r\u00fc\u015fmenin ard\u0131ndan ortak bas\u0131n toplant\u0131s\u0131 d\u00fczenledi.<\/p>\n<p>&#13;<br \/>\n\tBir gazetecinin, Rusya&#8217;n\u0131n Goethe Enstit\u00fcs\u00fcn\u00fcn \u015fubelerini kapataca\u011f\u0131na ve diplomatik ili\u015fkileri s\u00fcrd\u00fcrmek istedi\u011fi y\u00f6n\u00fcndeki a\u00e7\u0131klamas\u0131na ili\u015fkin sorusu \u00fczerine Wadephul, &#8220;Rusya&#8217;n\u0131n bu ad\u0131m\u0131ndan ve Goethe Enstit\u00fcs\u00fcn\u00fc kapatacak olmas\u0131ndan \u00fcz\u00fcnt\u00fc duyuyorum.&#8221; dedi.<\/p>\n<p>&#13;<br \/>\n\tWadephul, Goethe Enstit\u00fcs\u00fcn\u00fcn Rusya&#8217;da k\u00fclt\u00fcr k\u00f6pr\u00fcs\u00fc olarak \u00f6nemli bir i\u015fleve sahip oldu\u011funu belirterek, &#8220;Biz, bunu s\u00fcrd\u00fcrmeye haz\u0131rd\u0131k. Bence bunu s\u00fcrd\u00fcrmek do\u011fru olurdu \u00e7\u00fcnk\u00fc Rusya ile Almanya&#8217;daki insanlar aras\u0131nda temelde her zaman iyi ve dostane bir ili\u015fki vard\u0131. As\u0131l sorun, mevcut durumda Rusya&#8217;daki y\u00f6netimdir.&#8221; diye konu\u015ftu.<\/p>\n<p>&#13;<br \/>\n\tAlmanya&#8217;n\u0131n iki \u00fclke aras\u0131ndaki ili\u015fkiler konusunda her zaman ger\u00e7ek\u00e7i tutum sergiledi\u011fine dikkati \u00e7eken Wadephul, &#8220;Burada bulunan dostlar\u0131m\u0131zla birlikte, Rusya ile makul bir diyalog y\u00fcr\u00fctmeye her zaman haz\u0131r olduk ancak bunun \u00f6n \u015fart\u0131, Rusya&#8217;n\u0131n Ukrayna&#8217;ya kar\u015f\u0131 y\u00fcr\u00fctt\u00fc\u011f\u00fc sald\u0131r\u0131 sava\u015f\u0131n\u0131 sona erdirmesi ve her \u015feyden \u00f6nce bize ve m\u00fcttefiklerimize y\u00f6nelik her t\u00fcrl\u00fc sald\u0131r\u0131ya son vermesidir.&#8221; de\u011ferlendirmesinde bulundu.<\/p>\n<h2>&#13;<br \/>\n\tLeipzig-Halle Havaliman\u0131&#8217;nda \u0130HA bulunmu\u015ftu<\/h2>\n<p>&#13;<br \/>\n\tAlmanya&#8217;daki Leipzig-Halle Havaliman\u0131&#8217;nda 4 A\u011fustos&#8217;ta Ukrayna&#8217;ya ait nakliye u\u00e7a\u011f\u0131n\u0131n yak\u0131n\u0131nda patlay\u0131c\u0131 d\u00fczenek i\u00e7erdi\u011fi de\u011ferlendirilen \u0130HA bulunmu\u015ftu.<\/p>\n<p>&#13;<br \/>\n\tABD istihbarat\u0131, bulunan patlay\u0131c\u0131 y\u00fckl\u00fc \u0130HA&#8217;n\u0131n \u00f6zelliklerinin Rus askeri istihbarat\u0131na &#8220;\u00f6zg\u00fc&#8221; oldu\u011funu iddia etmi\u015fti.<\/p>\n<p>&#13;<br \/>\n\tAlmanya, bu olay nedeniyle Rusya&#8217;y\u0131 su\u00e7lam\u0131\u015f ve Bonn&#8217;daki Rus Ba\u015fkonsoloslu\u011funun 18 Eyl\u00fcl itibar\u0131yla kapat\u0131lmas\u0131 ve Berlin&#8217;deki Rus Evi ile ilgili s\u00f6zle\u015fmenin feshedilmesi gibi tedbirler ald\u0131\u011f\u0131n\u0131 a\u00e7\u0131klam\u0131\u015ft\u0131.<\/p>\n<p>&#13;<br \/>\n\tRusya D\u0131\u015fi\u015fleri Bakan\u0131 Sergey Lavrov, Almanya\u2019n\u0131n kararlar\u0131na kar\u015f\u0131l\u0131k olarak Goethe Enstit\u00fcs\u00fcn\u00fcn Rusya\u2019daki \u015fubelerini kapatacaklar\u0131n\u0131 bildirmi\u015fti.<\/p>\n<\/p><\/div>\n","protected":false},"excerpt":{"rendered":"<p>&#13; Bakan Lavrov, Vladivostok kentinde d\u00fczenlenen 11. Do\u011fu Ekonomi Forumu kapsam\u0131nda \u00f6\u011frencilere konferans verdi. &#13; Lavrov, Avrupa\u2019n\u0131n Rusya\u2019y\u0131 d\u00fc\u015fman g\u00f6rd\u00fc\u011f\u00fcn\u00fc belirterek, &#8220;Duvarlar in\u015fa etmiyoruz. Kendimizi Avrupa&#8217;dan izole etmek istemiyoruz. Avrupa kendisini bizden uzakla\u015ft\u0131rd\u0131. Avrupa d\u00fcr\u00fcst\u00e7e i\u015fbirli\u011fi yapmaya haz\u0131r de\u011fil. Bunu yapmay\u0131 bilmiyor. Avrupa hi\u00e7bir zaman kendi kaynaklar\u0131yla ve kendi zekas\u0131yla ya\u015famad\u0131. Her zaman ba\u015fkalar\u0131ndan ge\u00e7indi.&#8221; [&hellip;]<\/p>\n","protected":false},"author":1,"featured_media":46018,"comment_status":"open","ping_status":"open","sticky":false,"template":"","format":"standard","meta":{"jnews-multi-image_gallery":[],"jnews_single_post":[],"jnews_primary_category":[],"jnews_social_meta":[],"jnews_override_counter":[],"footnotes":""},"categories":[2],"tags":[],"class_list":["post-46017","post","type-post","status-publish","format-standard","has-post-thumbnail","hentry","category-dunya"],"yoast_head":"<!-- This site is optimized with the Yoast SEO plugin v28.4 - https:\/\/yoast.com\/product\/yoast-seo-wordpress\/ -->\n<title>Rusya, Goethe Enstit\u00fcs\u00fcn\u00fcn \u015fubelerini kapatacak - Kuzeyin Sesi<\/title>\n<meta name=\"robots\" content=\"index, follow, max-snippet:-1, max-image-preview:large, max-video-preview:-1\" \/>\n<link rel=\"canonical\" href=\"https:\/\/kuzeyinsesi.org\/index.php\/2026\/09\/03\/rusya-goethe-enstitusunun-subelerini-kapatacak\/\" \/>\n<meta property=\"og:locale\" content=\"tr_TR\" \/>\n<meta property=\"og:type\" content=\"article\" \/>\n<meta property=\"og:title\" content=\"Rusya, Goethe Enstit\u00fcs\u00fcn\u00fcn \u015fubelerini kapatacak - Kuzeyin Sesi\" \/>\n<meta property=\"og:description\" content=\"&#013; Bakan Lavrov, Vladivostok kentinde d\u00fczenlenen 11. Do\u011fu Ekonomi Forumu kapsam\u0131nda \u00f6\u011frencilere konferans verdi. &#013; Lavrov, Avrupa\u2019n\u0131n Rusya\u2019y\u0131 d\u00fc\u015fman g\u00f6rd\u00fc\u011f\u00fcn\u00fc belirterek, &#8220;Duvarlar in\u015fa etmiyoruz. Kendimizi Avrupa&#8217;dan izole etmek istemiyoruz. Avrupa kendisini bizden uzakla\u015ft\u0131rd\u0131. Avrupa d\u00fcr\u00fcst\u00e7e i\u015fbirli\u011fi yapmaya haz\u0131r de\u011fil. Bunu yapmay\u0131 bilmiyor. Avrupa hi\u00e7bir zaman kendi kaynaklar\u0131yla ve kendi zekas\u0131yla ya\u015famad\u0131. Her zaman ba\u015fkalar\u0131ndan ge\u00e7indi.&#8221; [&hellip;]\" \/>\n<meta property=\"og:url\" content=\"https:\/\/kuzeyinsesi.org\/index.php\/2026\/09\/03\/rusya-goethe-enstitusunun-subelerini-kapatacak\/\" \/>\n<meta property=\"og:site_name\" content=\"Kuzeyin Sesi\" \/>\n<meta property=\"article:publisher\" content=\"https:\/\/www.facebook.com\/kuzeyinsesii\" \/>\n<meta property=\"article:published_time\" content=\"2026-09-03T18:14:03+00:00\" \/>\n<meta property=\"og:image\" content=\"https:\/\/trthaberstatic.cdn.wp.trt.com.tr\/resimler\/2486000\/goethe-enstitusu-in-moscow-reu-2486802.jpg\" \/>\n<meta name=\"author\" content=\"Kuzeyin Sesi\" \/>\n<meta name=\"twitter:card\" content=\"summary_large_image\" \/>\n<meta name=\"twitter:creator\" content=\"@kuzeyinsesii\" \/>\n<meta name=\"twitter:site\" content=\"@kuzeyinsesii\" \/>\n<meta name=\"twitter:label1\" content=\"Yazan:\" \/>\n\t<meta name=\"twitter:data1\" content=\"Kuzeyin Sesi\" \/>\n\t<meta name=\"twitter:label2\" content=\"Tahmini okuma s\u00fcresi\" \/>\n\t<meta name=\"twitter:data2\" content=\"4 dakika\" \/>\n<script type=\"application\/ld+json\" class=\"yoast-schema-graph\">{\"@context\":\"https:\\\/\\\/schema.org\",\"@graph\":[{\"@type\":\"Article\",\"@id\":\"https:\\\/\\\/kuzeyinsesi.org\\\/index.php\\\/2026\\\/09\\\/03\\\/rusya-goethe-enstitusunun-subelerini-kapatacak\\\/#article\",\"isPartOf\":{\"@id\":\"https:\\\/\\\/kuzeyinsesi.org\\\/index.php\\\/2026\\\/09\\\/03\\\/rusya-goethe-enstitusunun-subelerini-kapatacak\\\/\"},\"author\":{\"name\":\"Kuzeyin Sesi\",\"@id\":\"https:\\\/\\\/kuzeyinsesi.org\\\/#\\\/schema\\\/person\\\/9f859689cdf01485597712386e37f5aa\"},\"headline\":\"Rusya, Goethe Enstit\u00fcs\u00fcn\u00fcn \u015fubelerini kapatacak\",\"datePublished\":\"2026-09-03T18:14:03+00:00\",\"mainEntityOfPage\":{\"@id\":\"https:\\\/\\\/kuzeyinsesi.org\\\/index.php\\\/2026\\\/09\\\/03\\\/rusya-goethe-enstitusunun-subelerini-kapatacak\\\/\"},\"wordCount\":775,\"commentCount\":0,\"image\":{\"@id\":\"https:\\\/\\\/kuzeyinsesi.org\\\/index.php\\\/2026\\\/09\\\/03\\\/rusya-goethe-enstitusunun-subelerini-kapatacak\\\/#primaryimage\"},\"thumbnailUrl\":\"https:\\\/\\\/kuzeyinsesi.org\\\/wp-content\\\/uploads\\\/2026\\\/09\\\/goethe-enstitusu-in-moscow-reu-2486802.jpg\",\"articleSection\":[\"D\u00fcnya\"],\"inLanguage\":\"tr\",\"potentialAction\":[{\"@type\":\"CommentAction\",\"name\":\"Comment\",\"target\":[\"https:\\\/\\\/kuzeyinsesi.org\\\/index.php\\\/2026\\\/09\\\/03\\\/rusya-goethe-enstitusunun-subelerini-kapatacak\\\/#respond\"]}]},{\"@type\":\"WebPage\",\"@id\":\"https:\\\/\\\/kuzeyinsesi.org\\\/index.php\\\/2026\\\/09\\\/03\\\/rusya-goethe-enstitusunun-subelerini-kapatacak\\\/\",\"url\":\"https:\\\/\\\/kuzeyinsesi.org\\\/index.php\\\/2026\\\/09\\\/03\\\/rusya-goethe-enstitusunun-subelerini-kapatacak\\\/\",\"name\":\"Rusya, Goethe Enstit\u00fcs\u00fcn\u00fcn \u015fubelerini kapatacak - Kuzeyin Sesi\",\"isPartOf\":{\"@id\":\"https:\\\/\\\/kuzeyinsesi.org\\\/#website\"},\"primaryImageOfPage\":{\"@id\":\"https:\\\/\\\/kuzeyinsesi.org\\\/index.php\\\/2026\\\/09\\\/03\\\/rusya-goethe-enstitusunun-subelerini-kapatacak\\\/#primaryimage\"},\"image\":{\"@id\":\"https:\\\/\\\/kuzeyinsesi.org\\\/index.php\\\/2026\\\/09\\\/03\\\/rusya-goethe-enstitusunun-subelerini-kapatacak\\\/#primaryimage\"},\"thumbnailUrl\":\"https:\\\/\\\/kuzeyinsesi.org\\\/wp-content\\\/uploads\\\/2026\\\/09\\\/goethe-enstitusu-in-moscow-reu-2486802.jpg\",\"datePublished\":\"2026-09-03T18:14:03+00:00\",\"author\":{\"@id\":\"https:\\\/\\\/kuzeyinsesi.org\\\/#\\\/schema\\\/person\\\/9f859689cdf01485597712386e37f5aa\"},\"breadcrumb\":{\"@id\":\"https:\\\/\\\/kuzeyinsesi.org\\\/index.php\\\/2026\\\/09\\\/03\\\/rusya-goethe-enstitusunun-subelerini-kapatacak\\\/#breadcrumb\"},\"inLanguage\":\"tr\",\"potentialAction\":[{\"@type\":\"ReadAction\",\"target\":[\"https:\\\/\\\/kuzeyinsesi.org\\\/index.php\\\/2026\\\/09\\\/03\\\/rusya-goethe-enstitusunun-subelerini-kapatacak\\\/\"]}]},{\"@type\":\"ImageObject\",\"inLanguage\":\"tr\",\"@id\":\"https:\\\/\\\/kuzeyinsesi.org\\\/index.php\\\/2026\\\/09\\\/03\\\/rusya-goethe-enstitusunun-subelerini-kapatacak\\\/#primaryimage\",\"url\":\"https:\\\/\\\/kuzeyinsesi.org\\\/wp-content\\\/uploads\\\/2026\\\/09\\\/goethe-enstitusu-in-moscow-reu-2486802.jpg\",\"contentUrl\":\"https:\\\/\\\/kuzeyinsesi.org\\\/wp-content\\\/uploads\\\/2026\\\/09\\\/goethe-enstitusu-in-moscow-reu-2486802.jpg\",\"width\":1280,\"height\":720},{\"@type\":\"BreadcrumbList\",\"@id\":\"https:\\\/\\\/kuzeyinsesi.org\\\/index.php\\\/2026\\\/09\\\/03\\\/rusya-goethe-enstitusunun-subelerini-kapatacak\\\/#breadcrumb\",\"itemListElement\":[{\"@type\":\"ListItem\",\"position\":1,\"name\":\"Anasayfa\",\"item\":\"https:\\\/\\\/kuzeyinsesi.org\\\/\"},{\"@type\":\"ListItem\",\"position\":2,\"name\":\"Rusya, Goethe Enstit\u00fcs\u00fcn\u00fcn \u015fubelerini kapatacak\"}]},{\"@type\":\"WebSite\",\"@id\":\"https:\\\/\\\/kuzeyinsesi.org\\\/#website\",\"url\":\"https:\\\/\\\/kuzeyinsesi.org\\\/\",\"name\":\"Kuzeyin Sesi\",\"description\":\"Do\u011fru Haberin Adresi\",\"potentialAction\":[{\"@type\":\"SearchAction\",\"target\":{\"@type\":\"EntryPoint\",\"urlTemplate\":\"https:\\\/\\\/kuzeyinsesi.org\\\/?s={search_term_string}\"},\"query-input\":{\"@type\":\"PropertyValueSpecification\",\"valueRequired\":true,\"valueName\":\"search_term_string\"}}],\"inLanguage\":\"tr\"},{\"@type\":\"Person\",\"@id\":\"https:\\\/\\\/kuzeyinsesi.org\\\/#\\\/schema\\\/person\\\/9f859689cdf01485597712386e37f5aa\",\"name\":\"Kuzeyin Sesi\",\"image\":{\"@type\":\"ImageObject\",\"inLanguage\":\"tr\",\"@id\":\"https:\\\/\\\/secure.gravatar.com\\\/avatar\\\/bab33852abfd8b282518d6ed81826833d77c3c882d9ab608add591ccace47a44?s=96&d=mm&r=g\",\"url\":\"https:\\\/\\\/secure.gravatar.com\\\/avatar\\\/bab33852abfd8b282518d6ed81826833d77c3c882d9ab608add591ccace47a44?s=96&d=mm&r=g\",\"contentUrl\":\"https:\\\/\\\/secure.gravatar.com\\\/avatar\\\/bab33852abfd8b282518d6ed81826833d77c3c882d9ab608add591ccace47a44?s=96&d=mm&r=g\",\"caption\":\"Kuzeyin Sesi\"},\"sameAs\":[\"https:\\\/\\\/kuzeyinsesi.org\"],\"url\":\"https:\\\/\\\/kuzeyinsesi.org\\\/index.php\\\/author\\\/guven\\\/\"}]}<\/script>\n<!-- \/ Yoast SEO plugin. -->","yoast_head_json":{"title":"Rusya, Goethe Enstit\u00fcs\u00fcn\u00fcn \u015fubelerini kapatacak - Kuzeyin Sesi","robots":{"index":"index","follow":"follow","max-snippet":"max-snippet:-1","max-image-preview":"max-image-preview:large","max-video-preview":"max-video-preview:-1"},"canonical":"https:\/\/kuzeyinsesi.org\/index.php\/2026\/09\/03\/rusya-goethe-enstitusunun-subelerini-kapatacak\/","og_locale":"tr_TR","og_type":"article","og_title":"Rusya, Goethe Enstit\u00fcs\u00fcn\u00fcn \u015fubelerini kapatacak - Kuzeyin Sesi","og_description":"&#13; Bakan Lavrov, Vladivostok kentinde d\u00fczenlenen 11. Do\u011fu Ekonomi Forumu kapsam\u0131nda \u00f6\u011frencilere konferans verdi. &#13; Lavrov, Avrupa\u2019n\u0131n Rusya\u2019y\u0131 d\u00fc\u015fman g\u00f6rd\u00fc\u011f\u00fcn\u00fc belirterek, &#8220;Duvarlar in\u015fa etmiyoruz. Kendimizi Avrupa&#8217;dan izole etmek istemiyoruz. Avrupa kendisini bizden uzakla\u015ft\u0131rd\u0131. Avrupa d\u00fcr\u00fcst\u00e7e i\u015fbirli\u011fi yapmaya haz\u0131r de\u011fil. Bunu yapmay\u0131 bilmiyor. Avrupa hi\u00e7bir zaman kendi kaynaklar\u0131yla ve kendi zekas\u0131yla ya\u015famad\u0131. Her zaman ba\u015fkalar\u0131ndan ge\u00e7indi.&#8221; [&hellip;]","og_url":"https:\/\/kuzeyinsesi.org\/index.php\/2026\/09\/03\/rusya-goethe-enstitusunun-subelerini-kapatacak\/","og_site_name":"Kuzeyin Sesi","article_publisher":"https:\/\/www.facebook.com\/kuzeyinsesii","article_published_time":"2026-09-03T18:14:03+00:00","og_image":[{"url":"https:\/\/trthaberstatic.cdn.wp.trt.com.tr\/resimler\/2486000\/goethe-enstitusu-in-moscow-reu-2486802.jpg","type":"","width":"","height":""}],"author":"Kuzeyin Sesi","twitter_card":"summary_large_image","twitter_creator":"@kuzeyinsesii","twitter_site":"@kuzeyinsesii","twitter_misc":{"Yazan:":"Kuzeyin Sesi","Tahmini okuma s\u00fcresi":"4 dakika"},"schema":{"@context":"https:\/\/schema.org","@graph":[{"@type":"Article","@id":"https:\/\/kuzeyinsesi.org\/index.php\/2026\/09\/03\/rusya-goethe-enstitusunun-subelerini-kapatacak\/#article","isPartOf":{"@id":"https:\/\/kuzeyinsesi.org\/index.php\/2026\/09\/03\/rusya-goethe-enstitusunun-subelerini-kapatacak\/"},"author":{"name":"Kuzeyin Sesi","@id":"https:\/\/kuzeyinsesi.org\/#\/schema\/person\/9f859689cdf01485597712386e37f5aa"},"headline":"Rusya, Goethe Enstit\u00fcs\u00fcn\u00fcn \u015fubelerini kapatacak","datePublished":"2026-09-03T18:14:03+00:00","mainEntityOfPage":{"@id":"https:\/\/kuzeyinsesi.org\/index.php\/2026\/09\/03\/rusya-goethe-enstitusunun-subelerini-kapatacak\/"},"wordCount":775,"commentCount":0,"image":{"@id":"https:\/\/kuzeyinsesi.org\/index.php\/2026\/09\/03\/rusya-goethe-enstitusunun-subelerini-kapatacak\/#primaryimage"},"thumbnailUrl":"https:\/\/kuzeyinsesi.org\/wp-content\/uploads\/2026\/09\/goethe-enstitusu-in-moscow-reu-2486802.jpg","articleSection":["D\u00fcnya"],"inLanguage":"tr","potentialAction":[{"@type":"CommentAction","name":"Comment","target":["https:\/\/kuzeyinsesi.org\/index.php\/2026\/09\/03\/rusya-goethe-enstitusunun-subelerini-kapatacak\/#respond"]}]},{"@type":"WebPage","@id":"https:\/\/kuzeyinsesi.org\/index.php\/2026\/09\/03\/rusya-goethe-enstitusunun-subelerini-kapatacak\/","url":"https:\/\/kuzeyinsesi.org\/index.php\/2026\/09\/03\/rusya-goethe-enstitusunun-subelerini-kapatacak\/","name":"Rusya, Goethe Enstit\u00fcs\u00fcn\u00fcn \u015fubelerini kapatacak - Kuzeyin Sesi","isPartOf":{"@id":"https:\/\/kuzeyinsesi.org\/#website"},"primaryImageOfPage":{"@id":"https:\/\/kuzeyinsesi.org\/index.php\/2026\/09\/03\/rusya-goethe-enstitusunun-subelerini-kapatacak\/#primaryimage"},"image":{"@id":"https:\/\/kuzeyinsesi.org\/index.php\/2026\/09\/03\/rusya-goethe-enstitusunun-subelerini-kapatacak\/#primaryimage"},"thumbnailUrl":"https:\/\/kuzeyinsesi.org\/wp-content\/uploads\/2026\/09\/goethe-enstitusu-in-moscow-reu-2486802.jpg","datePublished":"2026-09-03T18:14:03+00:00","author":{"@id":"https:\/\/kuzeyinsesi.org\/#\/schema\/person\/9f859689cdf01485597712386e37f5aa"},"breadcrumb":{"@id":"https:\/\/kuzeyinsesi.org\/index.php\/2026\/09\/03\/rusya-goethe-enstitusunun-subelerini-kapatacak\/#breadcrumb"},"inLanguage":"tr","potentialAction":[{"@type":"ReadAction","target":["https:\/\/kuzeyinsesi.org\/index.php\/2026\/09\/03\/rusya-goethe-enstitusunun-subelerini-kapatacak\/"]}]},{"@type":"ImageObject","inLanguage":"tr","@id":"https:\/\/kuzeyinsesi.org\/index.php\/2026\/09\/03\/rusya-goethe-enstitusunun-subelerini-kapatacak\/#primaryimage","url":"https:\/\/kuzeyinsesi.org\/wp-content\/uploads\/2026\/09\/goethe-enstitusu-in-moscow-reu-2486802.jpg","contentUrl":"https:\/\/kuzeyinsesi.org\/wp-content\/uploads\/2026\/09\/goethe-enstitusu-in-moscow-reu-2486802.jpg","width":1280,"height":720},{"@type":"BreadcrumbList","@id":"https:\/\/kuzeyinsesi.org\/index.php\/2026\/09\/03\/rusya-goethe-enstitusunun-subelerini-kapatacak\/#breadcrumb","itemListElement":[{"@type":"ListItem","position":1,"name":"Anasayfa","item":"https:\/\/kuzeyinsesi.org\/"},{"@type":"ListItem","position":2,"name":"Rusya, Goethe Enstit\u00fcs\u00fcn\u00fcn \u015fubelerini kapatacak"}]},{"@type":"WebSite","@id":"https:\/\/kuzeyinsesi.org\/#website","url":"https:\/\/kuzeyinsesi.org\/","name":"Kuzeyin Sesi","description":"Do\u011fru Haberin Adresi","potentialAction":[{"@type":"SearchAction","target":{"@type":"EntryPoint","urlTemplate":"https:\/\/kuzeyinsesi.org\/?s={search_term_string}"},"query-input":{"@type":"PropertyValueSpecification","valueRequired":true,"valueName":"search_term_string"}}],"inLanguage":"tr"},{"@type":"Person","@id":"https:\/\/kuzeyinsesi.org\/#\/schema\/person\/9f859689cdf01485597712386e37f5aa","name":"Kuzeyin Sesi","image":{"@type":"ImageObject","inLanguage":"tr","@id":"https:\/\/secure.gravatar.com\/avatar\/bab33852abfd8b282518d6ed81826833d77c3c882d9ab608add591ccace47a44?s=96&d=mm&r=g","url":"https:\/\/secure.gravatar.com\/avatar\/bab33852abfd8b282518d6ed81826833d77c3c882d9ab608add591ccace47a44?s=96&d=mm&r=g","contentUrl":"https:\/\/secure.gravatar.com\/avatar\/bab33852abfd8b282518d6ed81826833d77c3c882d9ab608add591ccace47a44?s=96&d=mm&r=g","caption":"Kuzeyin Sesi"},"sameAs":["https:\/\/kuzeyinsesi.org"],"url":"https:\/\/kuzeyinsesi.org\/index.php\/author\/guven\/"}]}},"_links":{"self":[{"href":"https:\/\/kuzeyinsesi.org\/index.php\/wp-json\/wp\/v2\/posts\/46017","targetHints":{"allow":["GET"]}}],"collection":[{"href":"https:\/\/kuzeyinsesi.org\/index.php\/wp-json\/wp\/v2\/posts"}],"about":[{"href":"https:\/\/kuzeyinsesi.org\/index.php\/wp-json\/wp\/v2\/types\/post"}],"author":[{"embeddable":true,"href":"https:\/\/kuzeyinsesi.org\/index.php\/wp-json\/wp\/v2\/users\/1"}],"replies":[{"embeddable":true,"href":"https:\/\/kuzeyinsesi.org\/index.php\/wp-json\/wp\/v2\/comments?post=46017"}],"version-history":[{"count":0,"href":"https:\/\/kuzeyinsesi.org\/index.php\/wp-json\/wp\/v2\/posts\/46017\/revisions"}],"wp:featuredmedia":[{"embeddable":true,"href":"https:\/\/kuzeyinsesi.org\/index.php\/wp-json\/wp\/v2\/media\/46018"}],"wp:attachment":[{"href":"https:\/\/kuzeyinsesi.org\/index.php\/wp-json\/wp\/v2\/media?parent=46017"}],"wp:term":[{"taxonomy":"category","embeddable":true,"href":"https:\/\/kuzeyinsesi.org\/index.php\/wp-json\/wp\/v2\/categories?post=46017"},{"taxonomy":"post_tag","embeddable":true,"href":"https:\/\/kuzeyinsesi.org\/index.php\/wp-json\/wp\/v2\/tags?post=46017"}],"curies":[{"name":"wp","href":"https:\/\/api.w.org\/{rel}","templated":true}]}}