{"id":46013,"date":"2026-09-03T19:41:03","date_gmt":"2026-09-03T16:41:03","guid":{"rendered":"https:\/\/kuzeyinsesi.org\/index.php\/2026\/09\/03\/iran-kizilayi-abdnin-hurmuzgandaki-dugun-evine-saldirisini-ucm-savciligina-tasidi\/"},"modified":"2026-09-03T19:41:03","modified_gmt":"2026-09-03T16:41:03","slug":"iran-kizilayi-abdnin-hurmuzgandaki-dugun-evine-saldirisini-ucm-savciligina-tasidi","status":"publish","type":"post","link":"https:\/\/kuzeyinsesi.org\/index.php\/2026\/09\/03\/iran-kizilayi-abdnin-hurmuzgandaki-dugun-evine-saldirisini-ucm-savciligina-tasidi\/","title":{"rendered":"\u0130ran K\u0131z\u0131lay\u0131, ABD&#039;nin H\u00fcrm\u00fczgan&#039;daki d\u00fc\u011f\u00fcn evine sald\u0131r\u0131s\u0131n\u0131 UCM Savc\u0131l\u0131\u011f\u0131na ta\u015f\u0131d\u0131"},"content":{"rendered":"<p><\/p>\n<div>\n<p>&#13;<br \/>\n\t<a href=\"https:\/\/www.trthaber.com\/etiket\/iran\/\" target=\"_blank\">\u0130ran<\/a> resmi haber ajans\u0131 IRNA&#8217;n\u0131n haberine g\u00f6re Ali\u015fvendi, konuya ili\u015fkin a\u00e7\u0131klamalarda bulundu.<\/p>\n<p>&#13;<br \/>\n\tAli\u015fvendi, UCM&#8217;nin Lahey&#8217;deki Savc\u0131l\u0131k Ofisine g\u00f6nderilen mektupta Kuhe\u015ftek&#8217;teki olaya ili\u015fkin ilk bilgilerin sunuldu\u011funu ve olay\u0131n Roma Stat\u00fcs\u00fc kapsam\u0131nda ayr\u0131m g\u00f6zetme, orant\u0131l\u0131l\u0131k ve sald\u0131r\u0131 s\u0131ras\u0131nda al\u0131nmas\u0131 gereken \u00f6nlemler ilkelerine uyulup uyulmad\u0131\u011f\u0131 y\u00f6n\u00fcnden hukuki de\u011ferlendirmeye tabi tutulmas\u0131n\u0131n talep edildi\u011fini belirtti.<\/p>\n<blockquote class=\"twitter-tweet\"><p>&#13;<\/p>\n<p dir=\"ltr\" lang=\"tr\">&#13;<br \/>\n\t\tABD&#8217;nin \u0130ran&#8217;da hava sald\u0131r\u0131s\u0131 d\u00fczenledi\u011fi b\u00f6lgedeki y\u0131k\u0131m g\u00fcn a\u011far\u0131nca ortaya \u00e7\u0131kt\u0131. <a href=\"https:\/\/t.co\/gpW8sup7Zk\">https:\/\/t.co\/gpW8sup7Zk<\/a> <a href=\"https:\/\/t.co\/xfRddWoNdd\">pic.twitter.com\/xfRddWoNdd<\/a><\/p>\n<p>&#13;<br \/>\n\t\u2014 <a href=\"https:\/\/www.trthaber.com\/etiket\/trt\/\" target=\"_blank\">TRT<\/a> HABER (@trthaber) <a href=\"https:\/\/x.com\/trthaber\/status\/2095155055800279045?ref_src=twsrc%5Etfw\">September 2, 2026<\/a><\/p><\/blockquote>\n<p>&#13;<br \/>\n\tABD&#8217;nin \u0130ran&#8217;a y\u00f6nelik son sald\u0131r\u0131lar\u0131 s\u0131ras\u0131nda H\u00fcrm\u00fczgan eyaletine ba\u011fl\u0131 Kuhe\u015ftek kentinde d\u00fc\u011f\u00fcn t\u00f6reni s\u0131ras\u0131nda bir konuta m\u00fchimmat isabet etti\u011fini belirten Ali\u015fvendi, ilk raporlara g\u00f6re olayda 4 ki\u015finin hayat\u0131n\u0131 kaybetti\u011fini, 67 ki\u015finin yaraland\u0131\u011f\u0131n\u0131 kaydetti.<\/p>\n<p>&#13;<br \/>\n\tSivillerin bulundu\u011fu bir konutun hedef al\u0131nmas\u0131 ve hayat\u0131n\u0131 kaybedenler aras\u0131nda bir \u00e7ocu\u011fun da bulunmas\u0131 nedeniyle sald\u0131r\u0131n\u0131n acilen, ba\u011f\u0131ms\u0131z ve etkili \u015fekilde soru\u015fturulmas\u0131 gerekti\u011fini ifade eden Ali\u015fvendi, \u0130ran K\u0131z\u0131lay\u0131 ile Uluslararas\u0131 \u0130nsanc\u0131l <a href=\"https:\/\/www.trthaber.com\/etiket\/hukuk\/\" target=\"_blank\">Hukuk<\/a> Ulusal Komitesinin olaylar\u0131n insani sonu\u00e7lar\u0131na ili\u015fkin belgelerin kay\u0131t alt\u0131na al\u0131nmas\u0131 ve korunmas\u0131na \u00f6nem verdi\u011fini kaydetti.<\/p>\n<p>&#13;<br \/>\n\tAli\u015fvendi, sunulabilecek bilgilerin gerekti\u011finde ulusal ve uluslararas\u0131 yetkili merciler arac\u0131l\u0131\u011f\u0131yla takip edilece\u011fini belirtti.<\/p>\n<p>&#13;<br \/>\n\t<a href=\"https:\/\/www.trthaber.com\/etiket\/abd\/\" target=\"_blank\">ABD<\/a> ordusu 1 Eyl\u00fcl&#8217;de \u0130ran&#8217;\u0131n g\u00fcney b\u00f6lgesindeki baz\u0131 kentlere sald\u0131r\u0131lar d\u00fczenlemi\u015fti.<\/p>\n<p>&#13;<br \/>\n\tH\u00fcrm\u00fczgan Vali Yard\u0131mc\u0131s\u0131 Ahmed Nefisi, ABD&#8217;nin Sirik il\u00e7esine ba\u011fl\u0131 Kuhe\u015ftek kentinde bir konutu ve d\u00fc\u011f\u00fcn t\u00f6renini hedef almas\u0131 sonucu 4 ki\u015finin \u00f6ld\u00fc\u011f\u00fcn\u00fc, 67 ki\u015finin yaraland\u0131\u011f\u0131n\u0131 ifade etmi\u015fti.<\/p>\n<\/p><\/div>\n<p><script async src=\"\/\/platform.twitter.com\/widgets.js\" charset=\"utf-8\"><\/script><\/p>\n","protected":false},"excerpt":{"rendered":"<p>&#13; \u0130ran resmi haber ajans\u0131 IRNA&#8217;n\u0131n haberine g\u00f6re Ali\u015fvendi, konuya ili\u015fkin a\u00e7\u0131klamalarda bulundu. &#13; Ali\u015fvendi, UCM&#8217;nin Lahey&#8217;deki Savc\u0131l\u0131k Ofisine g\u00f6nderilen mektupta Kuhe\u015ftek&#8217;teki olaya ili\u015fkin ilk bilgilerin sunuldu\u011funu ve olay\u0131n Roma Stat\u00fcs\u00fc kapsam\u0131nda ayr\u0131m g\u00f6zetme, orant\u0131l\u0131l\u0131k ve sald\u0131r\u0131 s\u0131ras\u0131nda al\u0131nmas\u0131 gereken \u00f6nlemler ilkelerine uyulup uyulmad\u0131\u011f\u0131 y\u00f6n\u00fcnden hukuki de\u011ferlendirmeye tabi tutulmas\u0131n\u0131n talep edildi\u011fini belirtti. &#13; &#13; ABD&#8217;nin [&hellip;]<\/p>\n","protected":false},"author":1,"featured_media":45919,"comment_status":"open","ping_status":"open","sticky":false,"template":"","format":"standard","meta":{"jnews-multi-image_gallery":[],"jnews_single_post":[],"jnews_primary_category":[],"jnews_social_meta":[],"jnews_override_counter":[],"footnotes":""},"categories":[2],"tags":[],"class_list":["post-46013","post","type-post","status-publish","format-standard","has-post-thumbnail","hentry","category-dunya"],"yoast_head":"<!-- This site is optimized with the Yoast SEO plugin v28.4 - https:\/\/yoast.com\/product\/yoast-seo-wordpress\/ -->\n<title>\u0130ran K\u0131z\u0131lay\u0131, ABD&#039;nin H\u00fcrm\u00fczgan&#039;daki d\u00fc\u011f\u00fcn evine sald\u0131r\u0131s\u0131n\u0131 UCM Savc\u0131l\u0131\u011f\u0131na ta\u015f\u0131d\u0131 - Kuzeyin Sesi<\/title>\n<meta name=\"robots\" content=\"index, follow, max-snippet:-1, max-image-preview:large, max-video-preview:-1\" \/>\n<link rel=\"canonical\" href=\"https:\/\/kuzeyinsesi.org\/index.php\/2026\/09\/03\/iran-kizilayi-abdnin-hurmuzgandaki-dugun-evine-saldirisini-ucm-savciligina-tasidi\/\" \/>\n<meta property=\"og:locale\" content=\"tr_TR\" \/>\n<meta property=\"og:type\" content=\"article\" \/>\n<meta property=\"og:title\" content=\"\u0130ran K\u0131z\u0131lay\u0131, ABD&#039;nin H\u00fcrm\u00fczgan&#039;daki d\u00fc\u011f\u00fcn evine sald\u0131r\u0131s\u0131n\u0131 UCM Savc\u0131l\u0131\u011f\u0131na ta\u015f\u0131d\u0131 - Kuzeyin Sesi\" \/>\n<meta property=\"og:description\" content=\"&#013; \u0130ran resmi haber ajans\u0131 IRNA&#8217;n\u0131n haberine g\u00f6re Ali\u015fvendi, konuya ili\u015fkin a\u00e7\u0131klamalarda bulundu. &#013; Ali\u015fvendi, UCM&#8217;nin Lahey&#8217;deki Savc\u0131l\u0131k Ofisine g\u00f6nderilen mektupta Kuhe\u015ftek&#8217;teki olaya ili\u015fkin ilk bilgilerin sunuldu\u011funu ve olay\u0131n Roma Stat\u00fcs\u00fc kapsam\u0131nda ayr\u0131m g\u00f6zetme, orant\u0131l\u0131l\u0131k ve sald\u0131r\u0131 s\u0131ras\u0131nda al\u0131nmas\u0131 gereken \u00f6nlemler ilkelerine uyulup uyulmad\u0131\u011f\u0131 y\u00f6n\u00fcnden hukuki de\u011ferlendirmeye tabi tutulmas\u0131n\u0131n talep edildi\u011fini belirtti. &#013; &#013; ABD&#8217;nin [&hellip;]\" \/>\n<meta property=\"og:url\" content=\"https:\/\/kuzeyinsesi.org\/index.php\/2026\/09\/03\/iran-kizilayi-abdnin-hurmuzgandaki-dugun-evine-saldirisini-ucm-savciligina-tasidi\/\" \/>\n<meta property=\"og:site_name\" content=\"Kuzeyin Sesi\" \/>\n<meta property=\"article:publisher\" content=\"https:\/\/www.facebook.com\/kuzeyinsesii\" \/>\n<meta property=\"article:published_time\" content=\"2026-09-03T16:41:03+00:00\" \/>\n<meta property=\"og:image\" content=\"https:\/\/trthaberstatic.cdn.wp.trt.com.tr\/resimler\/2486000\/irn-2486283.jpg\" \/>\n<meta name=\"author\" content=\"Kuzeyin Sesi\" \/>\n<meta name=\"twitter:card\" content=\"summary_large_image\" \/>\n<meta name=\"twitter:creator\" content=\"@kuzeyinsesii\" \/>\n<meta name=\"twitter:site\" content=\"@kuzeyinsesii\" \/>\n<meta name=\"twitter:label1\" content=\"Yazan:\" \/>\n\t<meta name=\"twitter:data1\" content=\"Kuzeyin Sesi\" \/>\n\t<meta name=\"twitter:label2\" content=\"Tahmini okuma s\u00fcresi\" \/>\n\t<meta name=\"twitter:data2\" content=\"2 dakika\" \/>\n<script type=\"application\/ld+json\" class=\"yoast-schema-graph\">{\"@context\":\"https:\\\/\\\/schema.org\",\"@graph\":[{\"@type\":\"Article\",\"@id\":\"https:\\\/\\\/kuzeyinsesi.org\\\/index.php\\\/2026\\\/09\\\/03\\\/iran-kizilayi-abdnin-hurmuzgandaki-dugun-evine-saldirisini-ucm-savciligina-tasidi\\\/#article\",\"isPartOf\":{\"@id\":\"https:\\\/\\\/kuzeyinsesi.org\\\/index.php\\\/2026\\\/09\\\/03\\\/iran-kizilayi-abdnin-hurmuzgandaki-dugun-evine-saldirisini-ucm-savciligina-tasidi\\\/\"},\"author\":{\"name\":\"Kuzeyin Sesi\",\"@id\":\"https:\\\/\\\/kuzeyinsesi.org\\\/#\\\/schema\\\/person\\\/9f859689cdf01485597712386e37f5aa\"},\"headline\":\"\u0130ran K\u0131z\u0131lay\u0131, ABD&#039;nin H\u00fcrm\u00fczgan&#039;daki d\u00fc\u011f\u00fcn evine sald\u0131r\u0131s\u0131n\u0131 UCM Savc\u0131l\u0131\u011f\u0131na ta\u015f\u0131d\u0131\",\"datePublished\":\"2026-09-03T16:41:03+00:00\",\"mainEntityOfPage\":{\"@id\":\"https:\\\/\\\/kuzeyinsesi.org\\\/index.php\\\/2026\\\/09\\\/03\\\/iran-kizilayi-abdnin-hurmuzgandaki-dugun-evine-saldirisini-ucm-savciligina-tasidi\\\/\"},\"wordCount\":348,\"commentCount\":0,\"image\":{\"@id\":\"https:\\\/\\\/kuzeyinsesi.org\\\/index.php\\\/2026\\\/09\\\/03\\\/iran-kizilayi-abdnin-hurmuzgandaki-dugun-evine-saldirisini-ucm-savciligina-tasidi\\\/#primaryimage\"},\"thumbnailUrl\":\"https:\\\/\\\/kuzeyinsesi.org\\\/wp-content\\\/uploads\\\/2026\\\/09\\\/irn-2486283.jpg\",\"articleSection\":[\"D\u00fcnya\"],\"inLanguage\":\"tr\",\"potentialAction\":[{\"@type\":\"CommentAction\",\"name\":\"Comment\",\"target\":[\"https:\\\/\\\/kuzeyinsesi.org\\\/index.php\\\/2026\\\/09\\\/03\\\/iran-kizilayi-abdnin-hurmuzgandaki-dugun-evine-saldirisini-ucm-savciligina-tasidi\\\/#respond\"]}]},{\"@type\":\"WebPage\",\"@id\":\"https:\\\/\\\/kuzeyinsesi.org\\\/index.php\\\/2026\\\/09\\\/03\\\/iran-kizilayi-abdnin-hurmuzgandaki-dugun-evine-saldirisini-ucm-savciligina-tasidi\\\/\",\"url\":\"https:\\\/\\\/kuzeyinsesi.org\\\/index.php\\\/2026\\\/09\\\/03\\\/iran-kizilayi-abdnin-hurmuzgandaki-dugun-evine-saldirisini-ucm-savciligina-tasidi\\\/\",\"name\":\"\u0130ran K\u0131z\u0131lay\u0131, ABD&#039;nin H\u00fcrm\u00fczgan&#039;daki d\u00fc\u011f\u00fcn evine sald\u0131r\u0131s\u0131n\u0131 UCM Savc\u0131l\u0131\u011f\u0131na ta\u015f\u0131d\u0131 - Kuzeyin Sesi\",\"isPartOf\":{\"@id\":\"https:\\\/\\\/kuzeyinsesi.org\\\/#website\"},\"primaryImageOfPage\":{\"@id\":\"https:\\\/\\\/kuzeyinsesi.org\\\/index.php\\\/2026\\\/09\\\/03\\\/iran-kizilayi-abdnin-hurmuzgandaki-dugun-evine-saldirisini-ucm-savciligina-tasidi\\\/#primaryimage\"},\"image\":{\"@id\":\"https:\\\/\\\/kuzeyinsesi.org\\\/index.php\\\/2026\\\/09\\\/03\\\/iran-kizilayi-abdnin-hurmuzgandaki-dugun-evine-saldirisini-ucm-savciligina-tasidi\\\/#primaryimage\"},\"thumbnailUrl\":\"https:\\\/\\\/kuzeyinsesi.org\\\/wp-content\\\/uploads\\\/2026\\\/09\\\/irn-2486283.jpg\",\"datePublished\":\"2026-09-03T16:41:03+00:00\",\"author\":{\"@id\":\"https:\\\/\\\/kuzeyinsesi.org\\\/#\\\/schema\\\/person\\\/9f859689cdf01485597712386e37f5aa\"},\"breadcrumb\":{\"@id\":\"https:\\\/\\\/kuzeyinsesi.org\\\/index.php\\\/2026\\\/09\\\/03\\\/iran-kizilayi-abdnin-hurmuzgandaki-dugun-evine-saldirisini-ucm-savciligina-tasidi\\\/#breadcrumb\"},\"inLanguage\":\"tr\",\"potentialAction\":[{\"@type\":\"ReadAction\",\"target\":[\"https:\\\/\\\/kuzeyinsesi.org\\\/index.php\\\/2026\\\/09\\\/03\\\/iran-kizilayi-abdnin-hurmuzgandaki-dugun-evine-saldirisini-ucm-savciligina-tasidi\\\/\"]}]},{\"@type\":\"ImageObject\",\"inLanguage\":\"tr\",\"@id\":\"https:\\\/\\\/kuzeyinsesi.org\\\/index.php\\\/2026\\\/09\\\/03\\\/iran-kizilayi-abdnin-hurmuzgandaki-dugun-evine-saldirisini-ucm-savciligina-tasidi\\\/#primaryimage\",\"url\":\"https:\\\/\\\/kuzeyinsesi.org\\\/wp-content\\\/uploads\\\/2026\\\/09\\\/irn-2486283.jpg\",\"contentUrl\":\"https:\\\/\\\/kuzeyinsesi.org\\\/wp-content\\\/uploads\\\/2026\\\/09\\\/irn-2486283.jpg\",\"width\":1280,\"height\":720},{\"@type\":\"BreadcrumbList\",\"@id\":\"https:\\\/\\\/kuzeyinsesi.org\\\/index.php\\\/2026\\\/09\\\/03\\\/iran-kizilayi-abdnin-hurmuzgandaki-dugun-evine-saldirisini-ucm-savciligina-tasidi\\\/#breadcrumb\",\"itemListElement\":[{\"@type\":\"ListItem\",\"position\":1,\"name\":\"Anasayfa\",\"item\":\"https:\\\/\\\/kuzeyinsesi.org\\\/\"},{\"@type\":\"ListItem\",\"position\":2,\"name\":\"\u0130ran K\u0131z\u0131lay\u0131, ABD&#039;nin H\u00fcrm\u00fczgan&#039;daki d\u00fc\u011f\u00fcn evine sald\u0131r\u0131s\u0131n\u0131 UCM Savc\u0131l\u0131\u011f\u0131na ta\u015f\u0131d\u0131\"}]},{\"@type\":\"WebSite\",\"@id\":\"https:\\\/\\\/kuzeyinsesi.org\\\/#website\",\"url\":\"https:\\\/\\\/kuzeyinsesi.org\\\/\",\"name\":\"Kuzeyin Sesi\",\"description\":\"Do\u011fru Haberin Adresi\",\"potentialAction\":[{\"@type\":\"SearchAction\",\"target\":{\"@type\":\"EntryPoint\",\"urlTemplate\":\"https:\\\/\\\/kuzeyinsesi.org\\\/?s={search_term_string}\"},\"query-input\":{\"@type\":\"PropertyValueSpecification\",\"valueRequired\":true,\"valueName\":\"search_term_string\"}}],\"inLanguage\":\"tr\"},{\"@type\":\"Person\",\"@id\":\"https:\\\/\\\/kuzeyinsesi.org\\\/#\\\/schema\\\/person\\\/9f859689cdf01485597712386e37f5aa\",\"name\":\"Kuzeyin Sesi\",\"image\":{\"@type\":\"ImageObject\",\"inLanguage\":\"tr\",\"@id\":\"https:\\\/\\\/secure.gravatar.com\\\/avatar\\\/bab33852abfd8b282518d6ed81826833d77c3c882d9ab608add591ccace47a44?s=96&d=mm&r=g\",\"url\":\"https:\\\/\\\/secure.gravatar.com\\\/avatar\\\/bab33852abfd8b282518d6ed81826833d77c3c882d9ab608add591ccace47a44?s=96&d=mm&r=g\",\"contentUrl\":\"https:\\\/\\\/secure.gravatar.com\\\/avatar\\\/bab33852abfd8b282518d6ed81826833d77c3c882d9ab608add591ccace47a44?s=96&d=mm&r=g\",\"caption\":\"Kuzeyin Sesi\"},\"sameAs\":[\"https:\\\/\\\/kuzeyinsesi.org\"],\"url\":\"https:\\\/\\\/kuzeyinsesi.org\\\/index.php\\\/author\\\/guven\\\/\"}]}<\/script>\n<!-- \/ Yoast SEO plugin. -->","yoast_head_json":{"title":"\u0130ran K\u0131z\u0131lay\u0131, ABD&#039;nin H\u00fcrm\u00fczgan&#039;daki d\u00fc\u011f\u00fcn evine sald\u0131r\u0131s\u0131n\u0131 UCM Savc\u0131l\u0131\u011f\u0131na ta\u015f\u0131d\u0131 - Kuzeyin Sesi","robots":{"index":"index","follow":"follow","max-snippet":"max-snippet:-1","max-image-preview":"max-image-preview:large","max-video-preview":"max-video-preview:-1"},"canonical":"https:\/\/kuzeyinsesi.org\/index.php\/2026\/09\/03\/iran-kizilayi-abdnin-hurmuzgandaki-dugun-evine-saldirisini-ucm-savciligina-tasidi\/","og_locale":"tr_TR","og_type":"article","og_title":"\u0130ran K\u0131z\u0131lay\u0131, ABD&#039;nin H\u00fcrm\u00fczgan&#039;daki d\u00fc\u011f\u00fcn evine sald\u0131r\u0131s\u0131n\u0131 UCM Savc\u0131l\u0131\u011f\u0131na ta\u015f\u0131d\u0131 - Kuzeyin Sesi","og_description":"&#13; \u0130ran resmi haber ajans\u0131 IRNA&#8217;n\u0131n haberine g\u00f6re Ali\u015fvendi, konuya ili\u015fkin a\u00e7\u0131klamalarda bulundu. &#13; Ali\u015fvendi, UCM&#8217;nin Lahey&#8217;deki Savc\u0131l\u0131k Ofisine g\u00f6nderilen mektupta Kuhe\u015ftek&#8217;teki olaya ili\u015fkin ilk bilgilerin sunuldu\u011funu ve olay\u0131n Roma Stat\u00fcs\u00fc kapsam\u0131nda ayr\u0131m g\u00f6zetme, orant\u0131l\u0131l\u0131k ve sald\u0131r\u0131 s\u0131ras\u0131nda al\u0131nmas\u0131 gereken \u00f6nlemler ilkelerine uyulup uyulmad\u0131\u011f\u0131 y\u00f6n\u00fcnden hukuki de\u011ferlendirmeye tabi tutulmas\u0131n\u0131n talep edildi\u011fini belirtti. &#13; &#13; ABD&#8217;nin [&hellip;]","og_url":"https:\/\/kuzeyinsesi.org\/index.php\/2026\/09\/03\/iran-kizilayi-abdnin-hurmuzgandaki-dugun-evine-saldirisini-ucm-savciligina-tasidi\/","og_site_name":"Kuzeyin Sesi","article_publisher":"https:\/\/www.facebook.com\/kuzeyinsesii","article_published_time":"2026-09-03T16:41:03+00:00","og_image":[{"url":"https:\/\/trthaberstatic.cdn.wp.trt.com.tr\/resimler\/2486000\/irn-2486283.jpg","type":"","width":"","height":""}],"author":"Kuzeyin Sesi","twitter_card":"summary_large_image","twitter_creator":"@kuzeyinsesii","twitter_site":"@kuzeyinsesii","twitter_misc":{"Yazan:":"Kuzeyin Sesi","Tahmini okuma s\u00fcresi":"2 dakika"},"schema":{"@context":"https:\/\/schema.org","@graph":[{"@type":"Article","@id":"https:\/\/kuzeyinsesi.org\/index.php\/2026\/09\/03\/iran-kizilayi-abdnin-hurmuzgandaki-dugun-evine-saldirisini-ucm-savciligina-tasidi\/#article","isPartOf":{"@id":"https:\/\/kuzeyinsesi.org\/index.php\/2026\/09\/03\/iran-kizilayi-abdnin-hurmuzgandaki-dugun-evine-saldirisini-ucm-savciligina-tasidi\/"},"author":{"name":"Kuzeyin Sesi","@id":"https:\/\/kuzeyinsesi.org\/#\/schema\/person\/9f859689cdf01485597712386e37f5aa"},"headline":"\u0130ran K\u0131z\u0131lay\u0131, ABD&#039;nin H\u00fcrm\u00fczgan&#039;daki d\u00fc\u011f\u00fcn evine sald\u0131r\u0131s\u0131n\u0131 UCM Savc\u0131l\u0131\u011f\u0131na ta\u015f\u0131d\u0131","datePublished":"2026-09-03T16:41:03+00:00","mainEntityOfPage":{"@id":"https:\/\/kuzeyinsesi.org\/index.php\/2026\/09\/03\/iran-kizilayi-abdnin-hurmuzgandaki-dugun-evine-saldirisini-ucm-savciligina-tasidi\/"},"wordCount":348,"commentCount":0,"image":{"@id":"https:\/\/kuzeyinsesi.org\/index.php\/2026\/09\/03\/iran-kizilayi-abdnin-hurmuzgandaki-dugun-evine-saldirisini-ucm-savciligina-tasidi\/#primaryimage"},"thumbnailUrl":"https:\/\/kuzeyinsesi.org\/wp-content\/uploads\/2026\/09\/irn-2486283.jpg","articleSection":["D\u00fcnya"],"inLanguage":"tr","potentialAction":[{"@type":"CommentAction","name":"Comment","target":["https:\/\/kuzeyinsesi.org\/index.php\/2026\/09\/03\/iran-kizilayi-abdnin-hurmuzgandaki-dugun-evine-saldirisini-ucm-savciligina-tasidi\/#respond"]}]},{"@type":"WebPage","@id":"https:\/\/kuzeyinsesi.org\/index.php\/2026\/09\/03\/iran-kizilayi-abdnin-hurmuzgandaki-dugun-evine-saldirisini-ucm-savciligina-tasidi\/","url":"https:\/\/kuzeyinsesi.org\/index.php\/2026\/09\/03\/iran-kizilayi-abdnin-hurmuzgandaki-dugun-evine-saldirisini-ucm-savciligina-tasidi\/","name":"\u0130ran K\u0131z\u0131lay\u0131, ABD&#039;nin H\u00fcrm\u00fczgan&#039;daki d\u00fc\u011f\u00fcn evine sald\u0131r\u0131s\u0131n\u0131 UCM Savc\u0131l\u0131\u011f\u0131na ta\u015f\u0131d\u0131 - Kuzeyin Sesi","isPartOf":{"@id":"https:\/\/kuzeyinsesi.org\/#website"},"primaryImageOfPage":{"@id":"https:\/\/kuzeyinsesi.org\/index.php\/2026\/09\/03\/iran-kizilayi-abdnin-hurmuzgandaki-dugun-evine-saldirisini-ucm-savciligina-tasidi\/#primaryimage"},"image":{"@id":"https:\/\/kuzeyinsesi.org\/index.php\/2026\/09\/03\/iran-kizilayi-abdnin-hurmuzgandaki-dugun-evine-saldirisini-ucm-savciligina-tasidi\/#primaryimage"},"thumbnailUrl":"https:\/\/kuzeyinsesi.org\/wp-content\/uploads\/2026\/09\/irn-2486283.jpg","datePublished":"2026-09-03T16:41:03+00:00","author":{"@id":"https:\/\/kuzeyinsesi.org\/#\/schema\/person\/9f859689cdf01485597712386e37f5aa"},"breadcrumb":{"@id":"https:\/\/kuzeyinsesi.org\/index.php\/2026\/09\/03\/iran-kizilayi-abdnin-hurmuzgandaki-dugun-evine-saldirisini-ucm-savciligina-tasidi\/#breadcrumb"},"inLanguage":"tr","potentialAction":[{"@type":"ReadAction","target":["https:\/\/kuzeyinsesi.org\/index.php\/2026\/09\/03\/iran-kizilayi-abdnin-hurmuzgandaki-dugun-evine-saldirisini-ucm-savciligina-tasidi\/"]}]},{"@type":"ImageObject","inLanguage":"tr","@id":"https:\/\/kuzeyinsesi.org\/index.php\/2026\/09\/03\/iran-kizilayi-abdnin-hurmuzgandaki-dugun-evine-saldirisini-ucm-savciligina-tasidi\/#primaryimage","url":"https:\/\/kuzeyinsesi.org\/wp-content\/uploads\/2026\/09\/irn-2486283.jpg","contentUrl":"https:\/\/kuzeyinsesi.org\/wp-content\/uploads\/2026\/09\/irn-2486283.jpg","width":1280,"height":720},{"@type":"BreadcrumbList","@id":"https:\/\/kuzeyinsesi.org\/index.php\/2026\/09\/03\/iran-kizilayi-abdnin-hurmuzgandaki-dugun-evine-saldirisini-ucm-savciligina-tasidi\/#breadcrumb","itemListElement":[{"@type":"ListItem","position":1,"name":"Anasayfa","item":"https:\/\/kuzeyinsesi.org\/"},{"@type":"ListItem","position":2,"name":"\u0130ran K\u0131z\u0131lay\u0131, ABD&#039;nin H\u00fcrm\u00fczgan&#039;daki d\u00fc\u011f\u00fcn evine sald\u0131r\u0131s\u0131n\u0131 UCM Savc\u0131l\u0131\u011f\u0131na ta\u015f\u0131d\u0131"}]},{"@type":"WebSite","@id":"https:\/\/kuzeyinsesi.org\/#website","url":"https:\/\/kuzeyinsesi.org\/","name":"Kuzeyin Sesi","description":"Do\u011fru Haberin Adresi","potentialAction":[{"@type":"SearchAction","target":{"@type":"EntryPoint","urlTemplate":"https:\/\/kuzeyinsesi.org\/?s={search_term_string}"},"query-input":{"@type":"PropertyValueSpecification","valueRequired":true,"valueName":"search_term_string"}}],"inLanguage":"tr"},{"@type":"Person","@id":"https:\/\/kuzeyinsesi.org\/#\/schema\/person\/9f859689cdf01485597712386e37f5aa","name":"Kuzeyin Sesi","image":{"@type":"ImageObject","inLanguage":"tr","@id":"https:\/\/secure.gravatar.com\/avatar\/bab33852abfd8b282518d6ed81826833d77c3c882d9ab608add591ccace47a44?s=96&d=mm&r=g","url":"https:\/\/secure.gravatar.com\/avatar\/bab33852abfd8b282518d6ed81826833d77c3c882d9ab608add591ccace47a44?s=96&d=mm&r=g","contentUrl":"https:\/\/secure.gravatar.com\/avatar\/bab33852abfd8b282518d6ed81826833d77c3c882d9ab608add591ccace47a44?s=96&d=mm&r=g","caption":"Kuzeyin Sesi"},"sameAs":["https:\/\/kuzeyinsesi.org"],"url":"https:\/\/kuzeyinsesi.org\/index.php\/author\/guven\/"}]}},"_links":{"self":[{"href":"https:\/\/kuzeyinsesi.org\/index.php\/wp-json\/wp\/v2\/posts\/46013","targetHints":{"allow":["GET"]}}],"collection":[{"href":"https:\/\/kuzeyinsesi.org\/index.php\/wp-json\/wp\/v2\/posts"}],"about":[{"href":"https:\/\/kuzeyinsesi.org\/index.php\/wp-json\/wp\/v2\/types\/post"}],"author":[{"embeddable":true,"href":"https:\/\/kuzeyinsesi.org\/index.php\/wp-json\/wp\/v2\/users\/1"}],"replies":[{"embeddable":true,"href":"https:\/\/kuzeyinsesi.org\/index.php\/wp-json\/wp\/v2\/comments?post=46013"}],"version-history":[{"count":0,"href":"https:\/\/kuzeyinsesi.org\/index.php\/wp-json\/wp\/v2\/posts\/46013\/revisions"}],"wp:featuredmedia":[{"embeddable":true,"href":"https:\/\/kuzeyinsesi.org\/index.php\/wp-json\/wp\/v2\/media\/45919"}],"wp:attachment":[{"href":"https:\/\/kuzeyinsesi.org\/index.php\/wp-json\/wp\/v2\/media?parent=46013"}],"wp:term":[{"taxonomy":"category","embeddable":true,"href":"https:\/\/kuzeyinsesi.org\/index.php\/wp-json\/wp\/v2\/categories?post=46013"},{"taxonomy":"post_tag","embeddable":true,"href":"https:\/\/kuzeyinsesi.org\/index.php\/wp-json\/wp\/v2\/tags?post=46013"}],"curies":[{"name":"wp","href":"https:\/\/api.w.org\/{rel}","templated":true}]}}