{"id":46009,"date":"2026-09-03T17:37:03","date_gmt":"2026-09-03T14:37:03","guid":{"rendered":"https:\/\/kuzeyinsesi.org\/index.php\/2026\/09\/03\/libyanin-baskenti-trablusta-petrol-deposuna-iha-saldirisi-duzenlendi\/"},"modified":"2026-09-03T17:37:03","modified_gmt":"2026-09-03T14:37:03","slug":"libyanin-baskenti-trablusta-petrol-deposuna-iha-saldirisi-duzenlendi","status":"publish","type":"post","link":"https:\/\/kuzeyinsesi.org\/index.php\/2026\/09\/03\/libyanin-baskenti-trablusta-petrol-deposuna-iha-saldirisi-duzenlendi\/","title":{"rendered":"Libya&#039;n\u0131n ba\u015fkenti Trablus&#039;ta petrol deposuna \u0130HA sald\u0131r\u0131s\u0131 d\u00fczenlendi"},"content":{"rendered":"<p><\/p>\n<div>\n<p>&#13;<br \/>\n\t<a href=\"https:\/\/www.trthaber.com\/etiket\/libya\/\" target=\"_blank\">Libya<\/a> Ulusal <a href=\"https:\/\/www.trthaber.com\/etiket\/petrol\/\" target=\"_blank\">Petrol<\/a> Kurumuna ba\u011fl\u0131 Brega Petrol Pazarlama \u015eirketinden yap\u0131lan a\u00e7\u0131klamada, Trablus&#8217;ta havaalan\u0131 yolu \u00fczerindeki petrol tanklar\u0131na \u0130HA ile d\u00fczenlenen sald\u0131r\u0131n\u0131n k\u0131nand\u0131\u011f\u0131 ifade edildi.<\/p>\n<p>&#13;<br \/>\n\tSald\u0131r\u0131da herhangi bir yaralanma olmad\u0131\u011f\u0131 kaydedilen a\u00e7\u0131klamada, ilgili ekiplerin b\u00f6lgenin g\u00fcvenli\u011fini sa\u011flad\u0131\u011f\u0131 aktar\u0131ld\u0131.<\/p>\n<p>&#13;<br \/>\n\tBrega Petrol Pazarlama \u015eirketi S\u00f6zc\u00fcs\u00fc Ahmed Misillati, AA muhabirine yapt\u0131\u011f\u0131 a\u00e7\u0131klamada, \u0130HA sald\u0131r\u0131s\u0131 sonucu tesisteki baz\u0131 petrol nakil borular\u0131 ile 220 ve 213 numaral\u0131 petrol tanklar\u0131n\u0131n zarar g\u00f6rd\u00fc\u011f\u00fcn\u00fc s\u00f6yledi.<\/p>\n<p>&#13;<br \/>\n\tTeknik ekiplerin hasar tespit \u00e7al\u0131\u015fmalar\u0131n\u0131 s\u00fcrd\u00fcrd\u00fc\u011f\u00fcn\u00fc ifade eden Misillati, olay\u0131n tedarik ve da\u011f\u0131t\u0131m operasyonlar\u0131n\u0131 etkilemedi\u011fini belirtti.<\/p>\n<p>&#13;<br \/>\n\tMisillati, \u015firketin i\u00e7 piyasaya <a href=\"https:\/\/www.trthaber.com\/etiket\/yakit\/\" target=\"_blank\">yak\u0131t<\/a> teminine 24 saat aral\u0131ks\u0131z devam etti\u011fini, yak\u0131t tedarik sisteminde herhangi bir aksama olmad\u0131\u011f\u0131n\u0131 s\u00f6zlerine ekledi.<\/p>\n<p>&#13;<br \/>\n\tTrablus&#8217;un bat\u0131s\u0131ndaki Zaviye kentinde de a\u011fustos ay\u0131n\u0131n ba\u015f\u0131nda petrol tesislerine silahl\u0131 gruplar taraf\u0131ndan kamikaze \u0130HA&#8217;larla sald\u0131r\u0131lar d\u00fczenlenmi\u015f, bir petrol deposundaki <a href=\"https:\/\/www.trthaber.com\/etiket\/dizel\/\" target=\"_blank\">dizel<\/a> tank\u0131nda <a href=\"https:\/\/www.trthaber.com\/etiket\/yangin\/\" target=\"_blank\">yang\u0131n<\/a> \u00e7\u0131km\u0131\u015ft\u0131.<\/p>\n<\/p><\/div>\n","protected":false},"excerpt":{"rendered":"<p>&#13; Libya Ulusal Petrol Kurumuna ba\u011fl\u0131 Brega Petrol Pazarlama \u015eirketinden yap\u0131lan a\u00e7\u0131klamada, Trablus&#8217;ta havaalan\u0131 yolu \u00fczerindeki petrol tanklar\u0131na \u0130HA ile d\u00fczenlenen sald\u0131r\u0131n\u0131n k\u0131nand\u0131\u011f\u0131 ifade edildi. &#13; Sald\u0131r\u0131da herhangi bir yaralanma olmad\u0131\u011f\u0131 kaydedilen a\u00e7\u0131klamada, ilgili ekiplerin b\u00f6lgenin g\u00fcvenli\u011fini sa\u011flad\u0131\u011f\u0131 aktar\u0131ld\u0131. &#13; Brega Petrol Pazarlama \u015eirketi S\u00f6zc\u00fcs\u00fc Ahmed Misillati, AA muhabirine yapt\u0131\u011f\u0131 a\u00e7\u0131klamada, \u0130HA sald\u0131r\u0131s\u0131 sonucu tesisteki [&hellip;]<\/p>\n","protected":false},"author":1,"featured_media":44739,"comment_status":"open","ping_status":"open","sticky":false,"template":"","format":"standard","meta":{"jnews-multi-image_gallery":[],"jnews_single_post":[],"jnews_primary_category":[],"jnews_social_meta":[],"jnews_override_counter":[],"footnotes":""},"categories":[2],"tags":[],"class_list":["post-46009","post","type-post","status-publish","format-standard","has-post-thumbnail","hentry","category-dunya"],"yoast_head":"<!-- This site is optimized with the Yoast SEO plugin v28.4 - https:\/\/yoast.com\/product\/yoast-seo-wordpress\/ -->\n<title>Libya&#039;n\u0131n ba\u015fkenti Trablus&#039;ta petrol deposuna \u0130HA sald\u0131r\u0131s\u0131 d\u00fczenlendi - Kuzeyin Sesi<\/title>\n<meta name=\"robots\" content=\"index, follow, max-snippet:-1, max-image-preview:large, max-video-preview:-1\" \/>\n<link rel=\"canonical\" href=\"https:\/\/kuzeyinsesi.org\/index.php\/2026\/09\/03\/libyanin-baskenti-trablusta-petrol-deposuna-iha-saldirisi-duzenlendi\/\" \/>\n<meta property=\"og:locale\" content=\"tr_TR\" \/>\n<meta property=\"og:type\" content=\"article\" \/>\n<meta property=\"og:title\" content=\"Libya&#039;n\u0131n ba\u015fkenti Trablus&#039;ta petrol deposuna \u0130HA sald\u0131r\u0131s\u0131 d\u00fczenlendi - Kuzeyin Sesi\" \/>\n<meta property=\"og:description\" content=\"&#013; Libya Ulusal Petrol Kurumuna ba\u011fl\u0131 Brega Petrol Pazarlama \u015eirketinden yap\u0131lan a\u00e7\u0131klamada, Trablus&#8217;ta havaalan\u0131 yolu \u00fczerindeki petrol tanklar\u0131na \u0130HA ile d\u00fczenlenen sald\u0131r\u0131n\u0131n k\u0131nand\u0131\u011f\u0131 ifade edildi. &#013; Sald\u0131r\u0131da herhangi bir yaralanma olmad\u0131\u011f\u0131 kaydedilen a\u00e7\u0131klamada, ilgili ekiplerin b\u00f6lgenin g\u00fcvenli\u011fini sa\u011flad\u0131\u011f\u0131 aktar\u0131ld\u0131. &#013; Brega Petrol Pazarlama \u015eirketi S\u00f6zc\u00fcs\u00fc Ahmed Misillati, AA muhabirine yapt\u0131\u011f\u0131 a\u00e7\u0131klamada, \u0130HA sald\u0131r\u0131s\u0131 sonucu tesisteki [&hellip;]\" \/>\n<meta property=\"og:url\" content=\"https:\/\/kuzeyinsesi.org\/index.php\/2026\/09\/03\/libyanin-baskenti-trablusta-petrol-deposuna-iha-saldirisi-duzenlendi\/\" \/>\n<meta property=\"og:site_name\" content=\"Kuzeyin Sesi\" \/>\n<meta property=\"article:publisher\" content=\"https:\/\/www.facebook.com\/kuzeyinsesii\" \/>\n<meta property=\"article:published_time\" content=\"2026-09-03T14:37:03+00:00\" \/>\n<meta property=\"og:image\" content=\"https:\/\/trthaberstatic.cdn.wp.trt.com.tr\/resimler\/1474000\/libya-1475687.jpg\" \/>\n<meta name=\"author\" content=\"Kuzeyin Sesi\" \/>\n<meta name=\"twitter:card\" content=\"summary_large_image\" \/>\n<meta name=\"twitter:creator\" content=\"@kuzeyinsesii\" \/>\n<meta name=\"twitter:site\" content=\"@kuzeyinsesii\" \/>\n<meta name=\"twitter:label1\" content=\"Yazan:\" \/>\n\t<meta name=\"twitter:data1\" content=\"Kuzeyin Sesi\" \/>\n\t<meta name=\"twitter:label2\" content=\"Tahmini okuma s\u00fcresi\" \/>\n\t<meta name=\"twitter:data2\" content=\"1 dakika\" \/>\n<script type=\"application\/ld+json\" class=\"yoast-schema-graph\">{\"@context\":\"https:\\\/\\\/schema.org\",\"@graph\":[{\"@type\":\"Article\",\"@id\":\"https:\\\/\\\/kuzeyinsesi.org\\\/index.php\\\/2026\\\/09\\\/03\\\/libyanin-baskenti-trablusta-petrol-deposuna-iha-saldirisi-duzenlendi\\\/#article\",\"isPartOf\":{\"@id\":\"https:\\\/\\\/kuzeyinsesi.org\\\/index.php\\\/2026\\\/09\\\/03\\\/libyanin-baskenti-trablusta-petrol-deposuna-iha-saldirisi-duzenlendi\\\/\"},\"author\":{\"name\":\"Kuzeyin Sesi\",\"@id\":\"https:\\\/\\\/kuzeyinsesi.org\\\/#\\\/schema\\\/person\\\/9f859689cdf01485597712386e37f5aa\"},\"headline\":\"Libya&#039;n\u0131n ba\u015fkenti Trablus&#039;ta petrol deposuna \u0130HA sald\u0131r\u0131s\u0131 d\u00fczenlendi\",\"datePublished\":\"2026-09-03T14:37:03+00:00\",\"mainEntityOfPage\":{\"@id\":\"https:\\\/\\\/kuzeyinsesi.org\\\/index.php\\\/2026\\\/09\\\/03\\\/libyanin-baskenti-trablusta-petrol-deposuna-iha-saldirisi-duzenlendi\\\/\"},\"wordCount\":198,\"commentCount\":0,\"image\":{\"@id\":\"https:\\\/\\\/kuzeyinsesi.org\\\/index.php\\\/2026\\\/09\\\/03\\\/libyanin-baskenti-trablusta-petrol-deposuna-iha-saldirisi-duzenlendi\\\/#primaryimage\"},\"thumbnailUrl\":\"https:\\\/\\\/kuzeyinsesi.org\\\/wp-content\\\/uploads\\\/2026\\\/08\\\/libya-1475687.jpg\",\"articleSection\":[\"D\u00fcnya\"],\"inLanguage\":\"tr\",\"potentialAction\":[{\"@type\":\"CommentAction\",\"name\":\"Comment\",\"target\":[\"https:\\\/\\\/kuzeyinsesi.org\\\/index.php\\\/2026\\\/09\\\/03\\\/libyanin-baskenti-trablusta-petrol-deposuna-iha-saldirisi-duzenlendi\\\/#respond\"]}]},{\"@type\":\"WebPage\",\"@id\":\"https:\\\/\\\/kuzeyinsesi.org\\\/index.php\\\/2026\\\/09\\\/03\\\/libyanin-baskenti-trablusta-petrol-deposuna-iha-saldirisi-duzenlendi\\\/\",\"url\":\"https:\\\/\\\/kuzeyinsesi.org\\\/index.php\\\/2026\\\/09\\\/03\\\/libyanin-baskenti-trablusta-petrol-deposuna-iha-saldirisi-duzenlendi\\\/\",\"name\":\"Libya&#039;n\u0131n ba\u015fkenti Trablus&#039;ta petrol deposuna \u0130HA sald\u0131r\u0131s\u0131 d\u00fczenlendi - Kuzeyin Sesi\",\"isPartOf\":{\"@id\":\"https:\\\/\\\/kuzeyinsesi.org\\\/#website\"},\"primaryImageOfPage\":{\"@id\":\"https:\\\/\\\/kuzeyinsesi.org\\\/index.php\\\/2026\\\/09\\\/03\\\/libyanin-baskenti-trablusta-petrol-deposuna-iha-saldirisi-duzenlendi\\\/#primaryimage\"},\"image\":{\"@id\":\"https:\\\/\\\/kuzeyinsesi.org\\\/index.php\\\/2026\\\/09\\\/03\\\/libyanin-baskenti-trablusta-petrol-deposuna-iha-saldirisi-duzenlendi\\\/#primaryimage\"},\"thumbnailUrl\":\"https:\\\/\\\/kuzeyinsesi.org\\\/wp-content\\\/uploads\\\/2026\\\/08\\\/libya-1475687.jpg\",\"datePublished\":\"2026-09-03T14:37:03+00:00\",\"author\":{\"@id\":\"https:\\\/\\\/kuzeyinsesi.org\\\/#\\\/schema\\\/person\\\/9f859689cdf01485597712386e37f5aa\"},\"breadcrumb\":{\"@id\":\"https:\\\/\\\/kuzeyinsesi.org\\\/index.php\\\/2026\\\/09\\\/03\\\/libyanin-baskenti-trablusta-petrol-deposuna-iha-saldirisi-duzenlendi\\\/#breadcrumb\"},\"inLanguage\":\"tr\",\"potentialAction\":[{\"@type\":\"ReadAction\",\"target\":[\"https:\\\/\\\/kuzeyinsesi.org\\\/index.php\\\/2026\\\/09\\\/03\\\/libyanin-baskenti-trablusta-petrol-deposuna-iha-saldirisi-duzenlendi\\\/\"]}]},{\"@type\":\"ImageObject\",\"inLanguage\":\"tr\",\"@id\":\"https:\\\/\\\/kuzeyinsesi.org\\\/index.php\\\/2026\\\/09\\\/03\\\/libyanin-baskenti-trablusta-petrol-deposuna-iha-saldirisi-duzenlendi\\\/#primaryimage\",\"url\":\"https:\\\/\\\/kuzeyinsesi.org\\\/wp-content\\\/uploads\\\/2026\\\/08\\\/libya-1475687.jpg\",\"contentUrl\":\"https:\\\/\\\/kuzeyinsesi.org\\\/wp-content\\\/uploads\\\/2026\\\/08\\\/libya-1475687.jpg\",\"width\":1280,\"height\":720},{\"@type\":\"BreadcrumbList\",\"@id\":\"https:\\\/\\\/kuzeyinsesi.org\\\/index.php\\\/2026\\\/09\\\/03\\\/libyanin-baskenti-trablusta-petrol-deposuna-iha-saldirisi-duzenlendi\\\/#breadcrumb\",\"itemListElement\":[{\"@type\":\"ListItem\",\"position\":1,\"name\":\"Anasayfa\",\"item\":\"https:\\\/\\\/kuzeyinsesi.org\\\/\"},{\"@type\":\"ListItem\",\"position\":2,\"name\":\"Libya&#039;n\u0131n ba\u015fkenti Trablus&#039;ta petrol deposuna \u0130HA sald\u0131r\u0131s\u0131 d\u00fczenlendi\"}]},{\"@type\":\"WebSite\",\"@id\":\"https:\\\/\\\/kuzeyinsesi.org\\\/#website\",\"url\":\"https:\\\/\\\/kuzeyinsesi.org\\\/\",\"name\":\"Kuzeyin Sesi\",\"description\":\"Do\u011fru Haberin Adresi\",\"potentialAction\":[{\"@type\":\"SearchAction\",\"target\":{\"@type\":\"EntryPoint\",\"urlTemplate\":\"https:\\\/\\\/kuzeyinsesi.org\\\/?s={search_term_string}\"},\"query-input\":{\"@type\":\"PropertyValueSpecification\",\"valueRequired\":true,\"valueName\":\"search_term_string\"}}],\"inLanguage\":\"tr\"},{\"@type\":\"Person\",\"@id\":\"https:\\\/\\\/kuzeyinsesi.org\\\/#\\\/schema\\\/person\\\/9f859689cdf01485597712386e37f5aa\",\"name\":\"Kuzeyin Sesi\",\"image\":{\"@type\":\"ImageObject\",\"inLanguage\":\"tr\",\"@id\":\"https:\\\/\\\/secure.gravatar.com\\\/avatar\\\/bab33852abfd8b282518d6ed81826833d77c3c882d9ab608add591ccace47a44?s=96&d=mm&r=g\",\"url\":\"https:\\\/\\\/secure.gravatar.com\\\/avatar\\\/bab33852abfd8b282518d6ed81826833d77c3c882d9ab608add591ccace47a44?s=96&d=mm&r=g\",\"contentUrl\":\"https:\\\/\\\/secure.gravatar.com\\\/avatar\\\/bab33852abfd8b282518d6ed81826833d77c3c882d9ab608add591ccace47a44?s=96&d=mm&r=g\",\"caption\":\"Kuzeyin Sesi\"},\"sameAs\":[\"https:\\\/\\\/kuzeyinsesi.org\"],\"url\":\"https:\\\/\\\/kuzeyinsesi.org\\\/index.php\\\/author\\\/guven\\\/\"}]}<\/script>\n<!-- \/ Yoast SEO plugin. -->","yoast_head_json":{"title":"Libya&#039;n\u0131n ba\u015fkenti Trablus&#039;ta petrol deposuna \u0130HA sald\u0131r\u0131s\u0131 d\u00fczenlendi - Kuzeyin Sesi","robots":{"index":"index","follow":"follow","max-snippet":"max-snippet:-1","max-image-preview":"max-image-preview:large","max-video-preview":"max-video-preview:-1"},"canonical":"https:\/\/kuzeyinsesi.org\/index.php\/2026\/09\/03\/libyanin-baskenti-trablusta-petrol-deposuna-iha-saldirisi-duzenlendi\/","og_locale":"tr_TR","og_type":"article","og_title":"Libya&#039;n\u0131n ba\u015fkenti Trablus&#039;ta petrol deposuna \u0130HA sald\u0131r\u0131s\u0131 d\u00fczenlendi - Kuzeyin Sesi","og_description":"&#13; Libya Ulusal Petrol Kurumuna ba\u011fl\u0131 Brega Petrol Pazarlama \u015eirketinden yap\u0131lan a\u00e7\u0131klamada, Trablus&#8217;ta havaalan\u0131 yolu \u00fczerindeki petrol tanklar\u0131na \u0130HA ile d\u00fczenlenen sald\u0131r\u0131n\u0131n k\u0131nand\u0131\u011f\u0131 ifade edildi. &#13; Sald\u0131r\u0131da herhangi bir yaralanma olmad\u0131\u011f\u0131 kaydedilen a\u00e7\u0131klamada, ilgili ekiplerin b\u00f6lgenin g\u00fcvenli\u011fini sa\u011flad\u0131\u011f\u0131 aktar\u0131ld\u0131. &#13; Brega Petrol Pazarlama \u015eirketi S\u00f6zc\u00fcs\u00fc Ahmed Misillati, AA muhabirine yapt\u0131\u011f\u0131 a\u00e7\u0131klamada, \u0130HA sald\u0131r\u0131s\u0131 sonucu tesisteki [&hellip;]","og_url":"https:\/\/kuzeyinsesi.org\/index.php\/2026\/09\/03\/libyanin-baskenti-trablusta-petrol-deposuna-iha-saldirisi-duzenlendi\/","og_site_name":"Kuzeyin Sesi","article_publisher":"https:\/\/www.facebook.com\/kuzeyinsesii","article_published_time":"2026-09-03T14:37:03+00:00","og_image":[{"url":"https:\/\/trthaberstatic.cdn.wp.trt.com.tr\/resimler\/1474000\/libya-1475687.jpg","type":"","width":"","height":""}],"author":"Kuzeyin Sesi","twitter_card":"summary_large_image","twitter_creator":"@kuzeyinsesii","twitter_site":"@kuzeyinsesii","twitter_misc":{"Yazan:":"Kuzeyin Sesi","Tahmini okuma s\u00fcresi":"1 dakika"},"schema":{"@context":"https:\/\/schema.org","@graph":[{"@type":"Article","@id":"https:\/\/kuzeyinsesi.org\/index.php\/2026\/09\/03\/libyanin-baskenti-trablusta-petrol-deposuna-iha-saldirisi-duzenlendi\/#article","isPartOf":{"@id":"https:\/\/kuzeyinsesi.org\/index.php\/2026\/09\/03\/libyanin-baskenti-trablusta-petrol-deposuna-iha-saldirisi-duzenlendi\/"},"author":{"name":"Kuzeyin Sesi","@id":"https:\/\/kuzeyinsesi.org\/#\/schema\/person\/9f859689cdf01485597712386e37f5aa"},"headline":"Libya&#039;n\u0131n ba\u015fkenti Trablus&#039;ta petrol deposuna \u0130HA sald\u0131r\u0131s\u0131 d\u00fczenlendi","datePublished":"2026-09-03T14:37:03+00:00","mainEntityOfPage":{"@id":"https:\/\/kuzeyinsesi.org\/index.php\/2026\/09\/03\/libyanin-baskenti-trablusta-petrol-deposuna-iha-saldirisi-duzenlendi\/"},"wordCount":198,"commentCount":0,"image":{"@id":"https:\/\/kuzeyinsesi.org\/index.php\/2026\/09\/03\/libyanin-baskenti-trablusta-petrol-deposuna-iha-saldirisi-duzenlendi\/#primaryimage"},"thumbnailUrl":"https:\/\/kuzeyinsesi.org\/wp-content\/uploads\/2026\/08\/libya-1475687.jpg","articleSection":["D\u00fcnya"],"inLanguage":"tr","potentialAction":[{"@type":"CommentAction","name":"Comment","target":["https:\/\/kuzeyinsesi.org\/index.php\/2026\/09\/03\/libyanin-baskenti-trablusta-petrol-deposuna-iha-saldirisi-duzenlendi\/#respond"]}]},{"@type":"WebPage","@id":"https:\/\/kuzeyinsesi.org\/index.php\/2026\/09\/03\/libyanin-baskenti-trablusta-petrol-deposuna-iha-saldirisi-duzenlendi\/","url":"https:\/\/kuzeyinsesi.org\/index.php\/2026\/09\/03\/libyanin-baskenti-trablusta-petrol-deposuna-iha-saldirisi-duzenlendi\/","name":"Libya&#039;n\u0131n ba\u015fkenti Trablus&#039;ta petrol deposuna \u0130HA sald\u0131r\u0131s\u0131 d\u00fczenlendi - Kuzeyin Sesi","isPartOf":{"@id":"https:\/\/kuzeyinsesi.org\/#website"},"primaryImageOfPage":{"@id":"https:\/\/kuzeyinsesi.org\/index.php\/2026\/09\/03\/libyanin-baskenti-trablusta-petrol-deposuna-iha-saldirisi-duzenlendi\/#primaryimage"},"image":{"@id":"https:\/\/kuzeyinsesi.org\/index.php\/2026\/09\/03\/libyanin-baskenti-trablusta-petrol-deposuna-iha-saldirisi-duzenlendi\/#primaryimage"},"thumbnailUrl":"https:\/\/kuzeyinsesi.org\/wp-content\/uploads\/2026\/08\/libya-1475687.jpg","datePublished":"2026-09-03T14:37:03+00:00","author":{"@id":"https:\/\/kuzeyinsesi.org\/#\/schema\/person\/9f859689cdf01485597712386e37f5aa"},"breadcrumb":{"@id":"https:\/\/kuzeyinsesi.org\/index.php\/2026\/09\/03\/libyanin-baskenti-trablusta-petrol-deposuna-iha-saldirisi-duzenlendi\/#breadcrumb"},"inLanguage":"tr","potentialAction":[{"@type":"ReadAction","target":["https:\/\/kuzeyinsesi.org\/index.php\/2026\/09\/03\/libyanin-baskenti-trablusta-petrol-deposuna-iha-saldirisi-duzenlendi\/"]}]},{"@type":"ImageObject","inLanguage":"tr","@id":"https:\/\/kuzeyinsesi.org\/index.php\/2026\/09\/03\/libyanin-baskenti-trablusta-petrol-deposuna-iha-saldirisi-duzenlendi\/#primaryimage","url":"https:\/\/kuzeyinsesi.org\/wp-content\/uploads\/2026\/08\/libya-1475687.jpg","contentUrl":"https:\/\/kuzeyinsesi.org\/wp-content\/uploads\/2026\/08\/libya-1475687.jpg","width":1280,"height":720},{"@type":"BreadcrumbList","@id":"https:\/\/kuzeyinsesi.org\/index.php\/2026\/09\/03\/libyanin-baskenti-trablusta-petrol-deposuna-iha-saldirisi-duzenlendi\/#breadcrumb","itemListElement":[{"@type":"ListItem","position":1,"name":"Anasayfa","item":"https:\/\/kuzeyinsesi.org\/"},{"@type":"ListItem","position":2,"name":"Libya&#039;n\u0131n ba\u015fkenti Trablus&#039;ta petrol deposuna \u0130HA sald\u0131r\u0131s\u0131 d\u00fczenlendi"}]},{"@type":"WebSite","@id":"https:\/\/kuzeyinsesi.org\/#website","url":"https:\/\/kuzeyinsesi.org\/","name":"Kuzeyin Sesi","description":"Do\u011fru Haberin Adresi","potentialAction":[{"@type":"SearchAction","target":{"@type":"EntryPoint","urlTemplate":"https:\/\/kuzeyinsesi.org\/?s={search_term_string}"},"query-input":{"@type":"PropertyValueSpecification","valueRequired":true,"valueName":"search_term_string"}}],"inLanguage":"tr"},{"@type":"Person","@id":"https:\/\/kuzeyinsesi.org\/#\/schema\/person\/9f859689cdf01485597712386e37f5aa","name":"Kuzeyin Sesi","image":{"@type":"ImageObject","inLanguage":"tr","@id":"https:\/\/secure.gravatar.com\/avatar\/bab33852abfd8b282518d6ed81826833d77c3c882d9ab608add591ccace47a44?s=96&d=mm&r=g","url":"https:\/\/secure.gravatar.com\/avatar\/bab33852abfd8b282518d6ed81826833d77c3c882d9ab608add591ccace47a44?s=96&d=mm&r=g","contentUrl":"https:\/\/secure.gravatar.com\/avatar\/bab33852abfd8b282518d6ed81826833d77c3c882d9ab608add591ccace47a44?s=96&d=mm&r=g","caption":"Kuzeyin Sesi"},"sameAs":["https:\/\/kuzeyinsesi.org"],"url":"https:\/\/kuzeyinsesi.org\/index.php\/author\/guven\/"}]}},"_links":{"self":[{"href":"https:\/\/kuzeyinsesi.org\/index.php\/wp-json\/wp\/v2\/posts\/46009","targetHints":{"allow":["GET"]}}],"collection":[{"href":"https:\/\/kuzeyinsesi.org\/index.php\/wp-json\/wp\/v2\/posts"}],"about":[{"href":"https:\/\/kuzeyinsesi.org\/index.php\/wp-json\/wp\/v2\/types\/post"}],"author":[{"embeddable":true,"href":"https:\/\/kuzeyinsesi.org\/index.php\/wp-json\/wp\/v2\/users\/1"}],"replies":[{"embeddable":true,"href":"https:\/\/kuzeyinsesi.org\/index.php\/wp-json\/wp\/v2\/comments?post=46009"}],"version-history":[{"count":0,"href":"https:\/\/kuzeyinsesi.org\/index.php\/wp-json\/wp\/v2\/posts\/46009\/revisions"}],"wp:featuredmedia":[{"embeddable":true,"href":"https:\/\/kuzeyinsesi.org\/index.php\/wp-json\/wp\/v2\/media\/44739"}],"wp:attachment":[{"href":"https:\/\/kuzeyinsesi.org\/index.php\/wp-json\/wp\/v2\/media?parent=46009"}],"wp:term":[{"taxonomy":"category","embeddable":true,"href":"https:\/\/kuzeyinsesi.org\/index.php\/wp-json\/wp\/v2\/categories?post=46009"},{"taxonomy":"post_tag","embeddable":true,"href":"https:\/\/kuzeyinsesi.org\/index.php\/wp-json\/wp\/v2\/tags?post=46009"}],"curies":[{"name":"wp","href":"https:\/\/api.w.org\/{rel}","templated":true}]}}