{"id":46001,"date":"2026-09-03T15:45:08","date_gmt":"2026-09-03T12:45:08","guid":{"rendered":"https:\/\/kuzeyinsesi.org\/?p=46001"},"modified":"2026-09-03T15:45:08","modified_gmt":"2026-09-03T12:45:08","slug":"cevdet-yilmaz-kktcye-geldi-ustel-yilmazi-ercan-havalimaninda-karsiladi","status":"publish","type":"post","link":"https:\/\/kuzeyinsesi.org\/index.php\/2026\/09\/03\/cevdet-yilmaz-kktcye-geldi-ustel-yilmazi-ercan-havalimaninda-karsiladi\/","title":{"rendered":"Cevdet Y\u0131lmaz KKTC\u2019ye geldi: \u00dcstel, Y\u0131lmaz\u2019\u0131 Ercan Havaliman\u0131\u2019nda kar\u015f\u0131lad\u0131"},"content":{"rendered":"<p class=\"isSelectedEnd\">T\u00fcrkiye Cumhuriyeti Cumhurba\u015fkan\u0131 Yard\u0131mc\u0131s\u0131 <strong>Cevdet Y\u0131lmaz<\/strong>, Girne a\u00e7\u0131klar\u0131nda meydana gelen gemi facias\u0131 nedeniyle taziye ziyaretinde bulunmak \u00fczere KKTC\u2019ye geldi. Y\u0131lmaz\u2019\u0131 Ercan Havaliman\u0131\u2019nda Ba\u015fbakan <strong>\u00dcnal \u00dcstel<\/strong> kar\u015f\u0131lad\u0131.<\/p>\n<h2>GEM\u0130 FAC\u0130ASI NEDEN\u0130YLE TAZ\u0130YE Z\u0130YARET\u0130<\/h2>\n<p class=\"isSelectedEnd\">Girne a\u00e7\u0131klar\u0131nda ya\u015fanan ve can kay\u0131plar\u0131na neden olan gemi facias\u0131n\u0131n ard\u0131ndan KKTC\u2019ye gelen Y\u0131lmaz\u2019\u0131n, ziyaret kapsam\u0131nda bir dizi temas ger\u00e7ekle\u015ftirmesi bekleniyor.<\/p>\n<p class=\"isSelectedEnd\">Cevdet Y\u0131lmaz\u2019\u0131n, faciada hayat\u0131n\u0131 kaybedenlerin yak\u0131nlar\u0131yla bir araya gelerek taziyelerini iletmesi ve ailelerin ac\u0131s\u0131n\u0131 payla\u015fmas\u0131 planlan\u0131yor.<\/p>\n<h2>ERH\u00dcRMAN\u2019A TAZ\u0130YE Z\u0130YARET\u0130NDE BULUNACAK<\/h2>\n<p class=\"isSelectedEnd\">Y\u0131lmaz\u2019\u0131n KKTC\u2019deki temaslar\u0131 kapsam\u0131nda Cumhurba\u015fkan\u0131 <strong>Tufan Erh\u00fcrman\u2019a<\/strong> da taziye ziyaretinde bulunmas\u0131 bekleniyor.<\/p>\n<p class=\"isSelectedEnd\">Ziyarette Girne a\u00e7\u0131klar\u0131ndaki gemi facias\u0131n\u0131n ard\u0131ndan y\u00fcr\u00fct\u00fclen \u00e7al\u0131\u015fmalar ve ya\u015fanan geli\u015fmelerin de ele al\u0131nmas\u0131 \u00f6ng\u00f6r\u00fcl\u00fcyor.<\/p>\n<h2>\u00dcSTEL \u0130LE ORTAK A\u00c7IKLAMA YAPACAK<\/h2>\n<p>Cevdet Y\u0131lmaz\u2019\u0131n KKTC temaslar\u0131n\u0131 tamamlamas\u0131n\u0131n ard\u0131ndan adadan ayr\u0131lmadan \u00f6nce Ercan Havaliman\u0131\u2019nda Ba\u015fbakan \u00dcnal \u00dcstel ile birlikte <strong>ortak bas\u0131n a\u00e7\u0131klamas\u0131 yapmas\u0131<\/strong> planlan\u0131yor.<\/p>\n","protected":false},"excerpt":{"rendered":"<p>T\u00fcrkiye Cumhuriyeti Cumhurba\u015fkan\u0131 Yard\u0131mc\u0131s\u0131 Cevdet Y\u0131lmaz, Girne a\u00e7\u0131klar\u0131nda meydana gelen gemi facias\u0131 nedeniyle taziye ziyaretinde bulunmak \u00fczere KKTC\u2019ye geldi. Y\u0131lmaz\u2019\u0131 Ercan Havaliman\u0131\u2019nda Ba\u015fbakan \u00dcnal \u00dcstel kar\u015f\u0131lad\u0131. GEM\u0130 FAC\u0130ASI NEDEN\u0130YLE TAZ\u0130YE Z\u0130YARET\u0130 Girne a\u00e7\u0131klar\u0131nda ya\u015fanan ve can kay\u0131plar\u0131na neden olan gemi facias\u0131n\u0131n ard\u0131ndan KKTC\u2019ye gelen Y\u0131lmaz\u2019\u0131n, ziyaret kapsam\u0131nda bir dizi temas ger\u00e7ekle\u015ftirmesi bekleniyor. Cevdet Y\u0131lmaz\u2019\u0131n, faciada [&hellip;]<\/p>\n","protected":false},"author":1,"featured_media":46002,"comment_status":"open","ping_status":"open","sticky":false,"template":"","format":"standard","meta":{"jnews-multi-image_gallery":[],"jnews_single_post":{"subtitle":"","format":"standard","override":[{"template":"1","parallax":"1","fullscreen":"1","layout":"right-sidebar","sidebar":"default-sidebar","second_sidebar":"default-sidebar","sticky_sidebar":"1","share_position":"top","share_float_style":"share-monocrhome","show_featured":"1","show_post_author":"1","show_post_author_image":"1","show_post_date":"1","post_date_format":"default","post_date_format_custom":"Y\/m\/d","show_post_category":"1","show_post_reading_time":"0","post_reading_time_wpm":"300","post_calculate_word_method":"str_word_count","show_zoom_button":"0","zoom_button_out_step":"2","zoom_button_in_step":"3","show_post_tag":"1","show_prev_next_post":"1","show_popup_post":"1","show_comment_section":"1","number_popup_post":"1","show_author_box":"0","show_post_related":"0","show_inline_post_related":"0"}],"image_override":[{"single_post_thumbnail_size":"crop-500","single_post_gallery_size":"crop-500"}],"trending_post_position":"meta","trending_post_label":"Trending","sponsored_post_label":"Sponsored by","disable_ad":"0"},"jnews_primary_category":[],"jnews_social_meta":[],"jnews_override_counter":{"view_counter_number":"0","share_counter_number":"0","like_counter_number":"0","dislike_counter_number":"0"},"footnotes":""},"categories":[1],"tags":[1051,530,7027,202,209],"class_list":["post-46001","post","type-post","status-publish","format-standard","has-post-thumbnail","hentry","category-kibris","tag-cevdet-yilmaz","tag-ercan-havalimani","tag-gemi-faciasi","tag-kktc","tag-unal-ustel"],"yoast_head":"<!-- This site is optimized with the Yoast SEO plugin v28.4 - https:\/\/yoast.com\/product\/yoast-seo-wordpress\/ -->\n<title>Cevdet Y\u0131lmaz KKTC\u2019ye geldi: \u00dcstel, Y\u0131lmaz\u2019\u0131 Ercan Havaliman\u0131\u2019nda kar\u015f\u0131lad\u0131 - Kuzeyin Sesi<\/title>\n<meta name=\"robots\" content=\"index, follow, max-snippet:-1, max-image-preview:large, max-video-preview:-1\" \/>\n<link rel=\"canonical\" href=\"https:\/\/kuzeyinsesi.org\/index.php\/2026\/09\/03\/cevdet-yilmaz-kktcye-geldi-ustel-yilmazi-ercan-havalimaninda-karsiladi\/\" \/>\n<meta property=\"og:locale\" content=\"tr_TR\" \/>\n<meta property=\"og:type\" content=\"article\" \/>\n<meta property=\"og:title\" content=\"Cevdet Y\u0131lmaz KKTC\u2019ye geldi: \u00dcstel, Y\u0131lmaz\u2019\u0131 Ercan Havaliman\u0131\u2019nda kar\u015f\u0131lad\u0131 - Kuzeyin Sesi\" \/>\n<meta property=\"og:description\" content=\"T\u00fcrkiye Cumhuriyeti Cumhurba\u015fkan\u0131 Yard\u0131mc\u0131s\u0131 Cevdet Y\u0131lmaz, Girne a\u00e7\u0131klar\u0131nda meydana gelen gemi facias\u0131 nedeniyle taziye ziyaretinde bulunmak \u00fczere KKTC\u2019ye geldi. Y\u0131lmaz\u2019\u0131 Ercan Havaliman\u0131\u2019nda Ba\u015fbakan \u00dcnal \u00dcstel kar\u015f\u0131lad\u0131. GEM\u0130 FAC\u0130ASI NEDEN\u0130YLE TAZ\u0130YE Z\u0130YARET\u0130 Girne a\u00e7\u0131klar\u0131nda ya\u015fanan ve can kay\u0131plar\u0131na neden olan gemi facias\u0131n\u0131n ard\u0131ndan KKTC\u2019ye gelen Y\u0131lmaz\u2019\u0131n, ziyaret kapsam\u0131nda bir dizi temas ger\u00e7ekle\u015ftirmesi bekleniyor. Cevdet Y\u0131lmaz\u2019\u0131n, faciada [&hellip;]\" \/>\n<meta property=\"og:url\" content=\"https:\/\/kuzeyinsesi.org\/index.php\/2026\/09\/03\/cevdet-yilmaz-kktcye-geldi-ustel-yilmazi-ercan-havalimaninda-karsiladi\/\" \/>\n<meta property=\"og:site_name\" content=\"Kuzeyin Sesi\" \/>\n<meta property=\"article:publisher\" content=\"https:\/\/www.facebook.com\/kuzeyinsesii\" \/>\n<meta property=\"article:published_time\" content=\"2026-09-03T12:45:08+00:00\" \/>\n<meta property=\"og:image\" content=\"https:\/\/kuzeyinsesi.org\/wp-content\/uploads\/2026\/09\/Kuzeyinsesikj-2026-09-03T152939.592.jpg\" \/>\n\t<meta property=\"og:image:width\" content=\"1600\" \/>\n\t<meta property=\"og:image:height\" content=\"900\" \/>\n\t<meta property=\"og:image:type\" content=\"image\/jpeg\" \/>\n<meta name=\"author\" content=\"Kuzeyin Sesi\" \/>\n<meta name=\"twitter:card\" content=\"summary_large_image\" \/>\n<meta name=\"twitter:creator\" content=\"@kuzeyinsesii\" \/>\n<meta name=\"twitter:site\" content=\"@kuzeyinsesii\" \/>\n<meta name=\"twitter:label1\" content=\"Yazan:\" \/>\n\t<meta name=\"twitter:data1\" content=\"Kuzeyin Sesi\" \/>\n\t<meta name=\"twitter:label2\" content=\"Tahmini okuma s\u00fcresi\" \/>\n\t<meta name=\"twitter:data2\" content=\"2 dakika\" \/>\n<script type=\"application\/ld+json\" class=\"yoast-schema-graph\">{\"@context\":\"https:\\\/\\\/schema.org\",\"@graph\":[{\"@type\":\"Article\",\"@id\":\"https:\\\/\\\/kuzeyinsesi.org\\\/index.php\\\/2026\\\/09\\\/03\\\/cevdet-yilmaz-kktcye-geldi-ustel-yilmazi-ercan-havalimaninda-karsiladi\\\/#article\",\"isPartOf\":{\"@id\":\"https:\\\/\\\/kuzeyinsesi.org\\\/index.php\\\/2026\\\/09\\\/03\\\/cevdet-yilmaz-kktcye-geldi-ustel-yilmazi-ercan-havalimaninda-karsiladi\\\/\"},\"author\":{\"name\":\"Kuzeyin Sesi\",\"@id\":\"https:\\\/\\\/kuzeyinsesi.org\\\/#\\\/schema\\\/person\\\/9f859689cdf01485597712386e37f5aa\"},\"headline\":\"Cevdet Y\u0131lmaz KKTC\u2019ye geldi: \u00dcstel, Y\u0131lmaz\u2019\u0131 Ercan Havaliman\u0131\u2019nda kar\u015f\u0131lad\u0131\",\"datePublished\":\"2026-09-03T12:45:08+00:00\",\"mainEntityOfPage\":{\"@id\":\"https:\\\/\\\/kuzeyinsesi.org\\\/index.php\\\/2026\\\/09\\\/03\\\/cevdet-yilmaz-kktcye-geldi-ustel-yilmazi-ercan-havalimaninda-karsiladi\\\/\"},\"wordCount\":218,\"commentCount\":0,\"image\":{\"@id\":\"https:\\\/\\\/kuzeyinsesi.org\\\/index.php\\\/2026\\\/09\\\/03\\\/cevdet-yilmaz-kktcye-geldi-ustel-yilmazi-ercan-havalimaninda-karsiladi\\\/#primaryimage\"},\"thumbnailUrl\":\"https:\\\/\\\/kuzeyinsesi.org\\\/wp-content\\\/uploads\\\/2026\\\/09\\\/Kuzeyinsesikj-2026-09-03T152939.592.jpg\",\"keywords\":[\"Cevdet Y\u0131lmaz\",\"Ercan Havaliman\u0131\",\"Gemi Facias\u0131\",\"KKTC\",\"\u00dcnal \u00dcstel\"],\"articleSection\":[\"K\u0131br\u0131s\"],\"inLanguage\":\"tr\",\"potentialAction\":[{\"@type\":\"CommentAction\",\"name\":\"Comment\",\"target\":[\"https:\\\/\\\/kuzeyinsesi.org\\\/index.php\\\/2026\\\/09\\\/03\\\/cevdet-yilmaz-kktcye-geldi-ustel-yilmazi-ercan-havalimaninda-karsiladi\\\/#respond\"]}]},{\"@type\":\"WebPage\",\"@id\":\"https:\\\/\\\/kuzeyinsesi.org\\\/index.php\\\/2026\\\/09\\\/03\\\/cevdet-yilmaz-kktcye-geldi-ustel-yilmazi-ercan-havalimaninda-karsiladi\\\/\",\"url\":\"https:\\\/\\\/kuzeyinsesi.org\\\/index.php\\\/2026\\\/09\\\/03\\\/cevdet-yilmaz-kktcye-geldi-ustel-yilmazi-ercan-havalimaninda-karsiladi\\\/\",\"name\":\"Cevdet Y\u0131lmaz KKTC\u2019ye geldi: \u00dcstel, Y\u0131lmaz\u2019\u0131 Ercan Havaliman\u0131\u2019nda kar\u015f\u0131lad\u0131 - Kuzeyin Sesi\",\"isPartOf\":{\"@id\":\"https:\\\/\\\/kuzeyinsesi.org\\\/#website\"},\"primaryImageOfPage\":{\"@id\":\"https:\\\/\\\/kuzeyinsesi.org\\\/index.php\\\/2026\\\/09\\\/03\\\/cevdet-yilmaz-kktcye-geldi-ustel-yilmazi-ercan-havalimaninda-karsiladi\\\/#primaryimage\"},\"image\":{\"@id\":\"https:\\\/\\\/kuzeyinsesi.org\\\/index.php\\\/2026\\\/09\\\/03\\\/cevdet-yilmaz-kktcye-geldi-ustel-yilmazi-ercan-havalimaninda-karsiladi\\\/#primaryimage\"},\"thumbnailUrl\":\"https:\\\/\\\/kuzeyinsesi.org\\\/wp-content\\\/uploads\\\/2026\\\/09\\\/Kuzeyinsesikj-2026-09-03T152939.592.jpg\",\"datePublished\":\"2026-09-03T12:45:08+00:00\",\"author\":{\"@id\":\"https:\\\/\\\/kuzeyinsesi.org\\\/#\\\/schema\\\/person\\\/9f859689cdf01485597712386e37f5aa\"},\"breadcrumb\":{\"@id\":\"https:\\\/\\\/kuzeyinsesi.org\\\/index.php\\\/2026\\\/09\\\/03\\\/cevdet-yilmaz-kktcye-geldi-ustel-yilmazi-ercan-havalimaninda-karsiladi\\\/#breadcrumb\"},\"inLanguage\":\"tr\",\"potentialAction\":[{\"@type\":\"ReadAction\",\"target\":[\"https:\\\/\\\/kuzeyinsesi.org\\\/index.php\\\/2026\\\/09\\\/03\\\/cevdet-yilmaz-kktcye-geldi-ustel-yilmazi-ercan-havalimaninda-karsiladi\\\/\"]}]},{\"@type\":\"ImageObject\",\"inLanguage\":\"tr\",\"@id\":\"https:\\\/\\\/kuzeyinsesi.org\\\/index.php\\\/2026\\\/09\\\/03\\\/cevdet-yilmaz-kktcye-geldi-ustel-yilmazi-ercan-havalimaninda-karsiladi\\\/#primaryimage\",\"url\":\"https:\\\/\\\/kuzeyinsesi.org\\\/wp-content\\\/uploads\\\/2026\\\/09\\\/Kuzeyinsesikj-2026-09-03T152939.592.jpg\",\"contentUrl\":\"https:\\\/\\\/kuzeyinsesi.org\\\/wp-content\\\/uploads\\\/2026\\\/09\\\/Kuzeyinsesikj-2026-09-03T152939.592.jpg\",\"width\":1600,\"height\":900},{\"@type\":\"BreadcrumbList\",\"@id\":\"https:\\\/\\\/kuzeyinsesi.org\\\/index.php\\\/2026\\\/09\\\/03\\\/cevdet-yilmaz-kktcye-geldi-ustel-yilmazi-ercan-havalimaninda-karsiladi\\\/#breadcrumb\",\"itemListElement\":[{\"@type\":\"ListItem\",\"position\":1,\"name\":\"Anasayfa\",\"item\":\"https:\\\/\\\/kuzeyinsesi.org\\\/\"},{\"@type\":\"ListItem\",\"position\":2,\"name\":\"Cevdet Y\u0131lmaz KKTC\u2019ye geldi: \u00dcstel, Y\u0131lmaz\u2019\u0131 Ercan Havaliman\u0131\u2019nda kar\u015f\u0131lad\u0131\"}]},{\"@type\":\"WebSite\",\"@id\":\"https:\\\/\\\/kuzeyinsesi.org\\\/#website\",\"url\":\"https:\\\/\\\/kuzeyinsesi.org\\\/\",\"name\":\"Kuzeyin Sesi\",\"description\":\"Do\u011fru Haberin Adresi\",\"potentialAction\":[{\"@type\":\"SearchAction\",\"target\":{\"@type\":\"EntryPoint\",\"urlTemplate\":\"https:\\\/\\\/kuzeyinsesi.org\\\/?s={search_term_string}\"},\"query-input\":{\"@type\":\"PropertyValueSpecification\",\"valueRequired\":true,\"valueName\":\"search_term_string\"}}],\"inLanguage\":\"tr\"},{\"@type\":\"Person\",\"@id\":\"https:\\\/\\\/kuzeyinsesi.org\\\/#\\\/schema\\\/person\\\/9f859689cdf01485597712386e37f5aa\",\"name\":\"Kuzeyin Sesi\",\"image\":{\"@type\":\"ImageObject\",\"inLanguage\":\"tr\",\"@id\":\"https:\\\/\\\/secure.gravatar.com\\\/avatar\\\/bab33852abfd8b282518d6ed81826833d77c3c882d9ab608add591ccace47a44?s=96&d=mm&r=g\",\"url\":\"https:\\\/\\\/secure.gravatar.com\\\/avatar\\\/bab33852abfd8b282518d6ed81826833d77c3c882d9ab608add591ccace47a44?s=96&d=mm&r=g\",\"contentUrl\":\"https:\\\/\\\/secure.gravatar.com\\\/avatar\\\/bab33852abfd8b282518d6ed81826833d77c3c882d9ab608add591ccace47a44?s=96&d=mm&r=g\",\"caption\":\"Kuzeyin Sesi\"},\"sameAs\":[\"https:\\\/\\\/kuzeyinsesi.org\"],\"url\":\"https:\\\/\\\/kuzeyinsesi.org\\\/index.php\\\/author\\\/guven\\\/\"}]}<\/script>\n<!-- \/ Yoast SEO plugin. -->","yoast_head_json":{"title":"Cevdet Y\u0131lmaz KKTC\u2019ye geldi: \u00dcstel, Y\u0131lmaz\u2019\u0131 Ercan Havaliman\u0131\u2019nda kar\u015f\u0131lad\u0131 - Kuzeyin Sesi","robots":{"index":"index","follow":"follow","max-snippet":"max-snippet:-1","max-image-preview":"max-image-preview:large","max-video-preview":"max-video-preview:-1"},"canonical":"https:\/\/kuzeyinsesi.org\/index.php\/2026\/09\/03\/cevdet-yilmaz-kktcye-geldi-ustel-yilmazi-ercan-havalimaninda-karsiladi\/","og_locale":"tr_TR","og_type":"article","og_title":"Cevdet Y\u0131lmaz KKTC\u2019ye geldi: \u00dcstel, Y\u0131lmaz\u2019\u0131 Ercan Havaliman\u0131\u2019nda kar\u015f\u0131lad\u0131 - Kuzeyin Sesi","og_description":"T\u00fcrkiye Cumhuriyeti Cumhurba\u015fkan\u0131 Yard\u0131mc\u0131s\u0131 Cevdet Y\u0131lmaz, Girne a\u00e7\u0131klar\u0131nda meydana gelen gemi facias\u0131 nedeniyle taziye ziyaretinde bulunmak \u00fczere KKTC\u2019ye geldi. Y\u0131lmaz\u2019\u0131 Ercan Havaliman\u0131\u2019nda Ba\u015fbakan \u00dcnal \u00dcstel kar\u015f\u0131lad\u0131. GEM\u0130 FAC\u0130ASI NEDEN\u0130YLE TAZ\u0130YE Z\u0130YARET\u0130 Girne a\u00e7\u0131klar\u0131nda ya\u015fanan ve can kay\u0131plar\u0131na neden olan gemi facias\u0131n\u0131n ard\u0131ndan KKTC\u2019ye gelen Y\u0131lmaz\u2019\u0131n, ziyaret kapsam\u0131nda bir dizi temas ger\u00e7ekle\u015ftirmesi bekleniyor. Cevdet Y\u0131lmaz\u2019\u0131n, faciada [&hellip;]","og_url":"https:\/\/kuzeyinsesi.org\/index.php\/2026\/09\/03\/cevdet-yilmaz-kktcye-geldi-ustel-yilmazi-ercan-havalimaninda-karsiladi\/","og_site_name":"Kuzeyin Sesi","article_publisher":"https:\/\/www.facebook.com\/kuzeyinsesii","article_published_time":"2026-09-03T12:45:08+00:00","og_image":[{"width":1600,"height":900,"url":"https:\/\/kuzeyinsesi.org\/wp-content\/uploads\/2026\/09\/Kuzeyinsesikj-2026-09-03T152939.592.jpg","type":"image\/jpeg"}],"author":"Kuzeyin Sesi","twitter_card":"summary_large_image","twitter_creator":"@kuzeyinsesii","twitter_site":"@kuzeyinsesii","twitter_misc":{"Yazan:":"Kuzeyin Sesi","Tahmini okuma s\u00fcresi":"2 dakika"},"schema":{"@context":"https:\/\/schema.org","@graph":[{"@type":"Article","@id":"https:\/\/kuzeyinsesi.org\/index.php\/2026\/09\/03\/cevdet-yilmaz-kktcye-geldi-ustel-yilmazi-ercan-havalimaninda-karsiladi\/#article","isPartOf":{"@id":"https:\/\/kuzeyinsesi.org\/index.php\/2026\/09\/03\/cevdet-yilmaz-kktcye-geldi-ustel-yilmazi-ercan-havalimaninda-karsiladi\/"},"author":{"name":"Kuzeyin Sesi","@id":"https:\/\/kuzeyinsesi.org\/#\/schema\/person\/9f859689cdf01485597712386e37f5aa"},"headline":"Cevdet Y\u0131lmaz KKTC\u2019ye geldi: \u00dcstel, Y\u0131lmaz\u2019\u0131 Ercan Havaliman\u0131\u2019nda kar\u015f\u0131lad\u0131","datePublished":"2026-09-03T12:45:08+00:00","mainEntityOfPage":{"@id":"https:\/\/kuzeyinsesi.org\/index.php\/2026\/09\/03\/cevdet-yilmaz-kktcye-geldi-ustel-yilmazi-ercan-havalimaninda-karsiladi\/"},"wordCount":218,"commentCount":0,"image":{"@id":"https:\/\/kuzeyinsesi.org\/index.php\/2026\/09\/03\/cevdet-yilmaz-kktcye-geldi-ustel-yilmazi-ercan-havalimaninda-karsiladi\/#primaryimage"},"thumbnailUrl":"https:\/\/kuzeyinsesi.org\/wp-content\/uploads\/2026\/09\/Kuzeyinsesikj-2026-09-03T152939.592.jpg","keywords":["Cevdet Y\u0131lmaz","Ercan Havaliman\u0131","Gemi Facias\u0131","KKTC","\u00dcnal \u00dcstel"],"articleSection":["K\u0131br\u0131s"],"inLanguage":"tr","potentialAction":[{"@type":"CommentAction","name":"Comment","target":["https:\/\/kuzeyinsesi.org\/index.php\/2026\/09\/03\/cevdet-yilmaz-kktcye-geldi-ustel-yilmazi-ercan-havalimaninda-karsiladi\/#respond"]}]},{"@type":"WebPage","@id":"https:\/\/kuzeyinsesi.org\/index.php\/2026\/09\/03\/cevdet-yilmaz-kktcye-geldi-ustel-yilmazi-ercan-havalimaninda-karsiladi\/","url":"https:\/\/kuzeyinsesi.org\/index.php\/2026\/09\/03\/cevdet-yilmaz-kktcye-geldi-ustel-yilmazi-ercan-havalimaninda-karsiladi\/","name":"Cevdet Y\u0131lmaz KKTC\u2019ye geldi: \u00dcstel, Y\u0131lmaz\u2019\u0131 Ercan Havaliman\u0131\u2019nda kar\u015f\u0131lad\u0131 - Kuzeyin Sesi","isPartOf":{"@id":"https:\/\/kuzeyinsesi.org\/#website"},"primaryImageOfPage":{"@id":"https:\/\/kuzeyinsesi.org\/index.php\/2026\/09\/03\/cevdet-yilmaz-kktcye-geldi-ustel-yilmazi-ercan-havalimaninda-karsiladi\/#primaryimage"},"image":{"@id":"https:\/\/kuzeyinsesi.org\/index.php\/2026\/09\/03\/cevdet-yilmaz-kktcye-geldi-ustel-yilmazi-ercan-havalimaninda-karsiladi\/#primaryimage"},"thumbnailUrl":"https:\/\/kuzeyinsesi.org\/wp-content\/uploads\/2026\/09\/Kuzeyinsesikj-2026-09-03T152939.592.jpg","datePublished":"2026-09-03T12:45:08+00:00","author":{"@id":"https:\/\/kuzeyinsesi.org\/#\/schema\/person\/9f859689cdf01485597712386e37f5aa"},"breadcrumb":{"@id":"https:\/\/kuzeyinsesi.org\/index.php\/2026\/09\/03\/cevdet-yilmaz-kktcye-geldi-ustel-yilmazi-ercan-havalimaninda-karsiladi\/#breadcrumb"},"inLanguage":"tr","potentialAction":[{"@type":"ReadAction","target":["https:\/\/kuzeyinsesi.org\/index.php\/2026\/09\/03\/cevdet-yilmaz-kktcye-geldi-ustel-yilmazi-ercan-havalimaninda-karsiladi\/"]}]},{"@type":"ImageObject","inLanguage":"tr","@id":"https:\/\/kuzeyinsesi.org\/index.php\/2026\/09\/03\/cevdet-yilmaz-kktcye-geldi-ustel-yilmazi-ercan-havalimaninda-karsiladi\/#primaryimage","url":"https:\/\/kuzeyinsesi.org\/wp-content\/uploads\/2026\/09\/Kuzeyinsesikj-2026-09-03T152939.592.jpg","contentUrl":"https:\/\/kuzeyinsesi.org\/wp-content\/uploads\/2026\/09\/Kuzeyinsesikj-2026-09-03T152939.592.jpg","width":1600,"height":900},{"@type":"BreadcrumbList","@id":"https:\/\/kuzeyinsesi.org\/index.php\/2026\/09\/03\/cevdet-yilmaz-kktcye-geldi-ustel-yilmazi-ercan-havalimaninda-karsiladi\/#breadcrumb","itemListElement":[{"@type":"ListItem","position":1,"name":"Anasayfa","item":"https:\/\/kuzeyinsesi.org\/"},{"@type":"ListItem","position":2,"name":"Cevdet Y\u0131lmaz KKTC\u2019ye geldi: \u00dcstel, Y\u0131lmaz\u2019\u0131 Ercan Havaliman\u0131\u2019nda kar\u015f\u0131lad\u0131"}]},{"@type":"WebSite","@id":"https:\/\/kuzeyinsesi.org\/#website","url":"https:\/\/kuzeyinsesi.org\/","name":"Kuzeyin Sesi","description":"Do\u011fru Haberin Adresi","potentialAction":[{"@type":"SearchAction","target":{"@type":"EntryPoint","urlTemplate":"https:\/\/kuzeyinsesi.org\/?s={search_term_string}"},"query-input":{"@type":"PropertyValueSpecification","valueRequired":true,"valueName":"search_term_string"}}],"inLanguage":"tr"},{"@type":"Person","@id":"https:\/\/kuzeyinsesi.org\/#\/schema\/person\/9f859689cdf01485597712386e37f5aa","name":"Kuzeyin Sesi","image":{"@type":"ImageObject","inLanguage":"tr","@id":"https:\/\/secure.gravatar.com\/avatar\/bab33852abfd8b282518d6ed81826833d77c3c882d9ab608add591ccace47a44?s=96&d=mm&r=g","url":"https:\/\/secure.gravatar.com\/avatar\/bab33852abfd8b282518d6ed81826833d77c3c882d9ab608add591ccace47a44?s=96&d=mm&r=g","contentUrl":"https:\/\/secure.gravatar.com\/avatar\/bab33852abfd8b282518d6ed81826833d77c3c882d9ab608add591ccace47a44?s=96&d=mm&r=g","caption":"Kuzeyin Sesi"},"sameAs":["https:\/\/kuzeyinsesi.org"],"url":"https:\/\/kuzeyinsesi.org\/index.php\/author\/guven\/"}]}},"_links":{"self":[{"href":"https:\/\/kuzeyinsesi.org\/index.php\/wp-json\/wp\/v2\/posts\/46001","targetHints":{"allow":["GET"]}}],"collection":[{"href":"https:\/\/kuzeyinsesi.org\/index.php\/wp-json\/wp\/v2\/posts"}],"about":[{"href":"https:\/\/kuzeyinsesi.org\/index.php\/wp-json\/wp\/v2\/types\/post"}],"author":[{"embeddable":true,"href":"https:\/\/kuzeyinsesi.org\/index.php\/wp-json\/wp\/v2\/users\/1"}],"replies":[{"embeddable":true,"href":"https:\/\/kuzeyinsesi.org\/index.php\/wp-json\/wp\/v2\/comments?post=46001"}],"version-history":[{"count":1,"href":"https:\/\/kuzeyinsesi.org\/index.php\/wp-json\/wp\/v2\/posts\/46001\/revisions"}],"predecessor-version":[{"id":46003,"href":"https:\/\/kuzeyinsesi.org\/index.php\/wp-json\/wp\/v2\/posts\/46001\/revisions\/46003"}],"wp:featuredmedia":[{"embeddable":true,"href":"https:\/\/kuzeyinsesi.org\/index.php\/wp-json\/wp\/v2\/media\/46002"}],"wp:attachment":[{"href":"https:\/\/kuzeyinsesi.org\/index.php\/wp-json\/wp\/v2\/media?parent=46001"}],"wp:term":[{"taxonomy":"category","embeddable":true,"href":"https:\/\/kuzeyinsesi.org\/index.php\/wp-json\/wp\/v2\/categories?post=46001"},{"taxonomy":"post_tag","embeddable":true,"href":"https:\/\/kuzeyinsesi.org\/index.php\/wp-json\/wp\/v2\/tags?post=46001"}],"curies":[{"name":"wp","href":"https:\/\/api.w.org\/{rel}","templated":true}]}}