{"id":45998,"date":"2026-09-03T15:23:07","date_gmt":"2026-09-03T12:23:07","guid":{"rendered":"https:\/\/kuzeyinsesi.org\/?p=45998"},"modified":"2026-09-03T15:23:07","modified_gmt":"2026-09-03T12:23:07","slug":"barcindan-hukumete-sert-tepki-siyasi-firsatciligin-dibidir","status":"publish","type":"post","link":"https:\/\/kuzeyinsesi.org\/index.php\/2026\/09\/03\/barcindan-hukumete-sert-tepki-siyasi-firsatciligin-dibidir\/","title":{"rendered":"Bar\u00e7\u0131n\u2019dan h\u00fck\u00fcmete sert tepki: \u201cSiyasi f\u0131rsat\u00e7\u0131l\u0131\u011f\u0131n dibidir\u201d"},"content":{"rendered":"<p class=\"isSelectedEnd\">CTP Milletvekili <strong>Devrim Bar\u00e7\u0131n<\/strong>, Ba\u015fbakan \u00dcnal \u00dcstel ve Maliye Bakan\u0131 \u00d6zdemir Berova\u2019n\u0131n baz\u0131 partililerin ge\u00e7ici i\u015f\u00e7i kadrolar\u0131yla devlette istihdam edilmesi i\u00e7in giri\u015fimde bulundu\u011funu \u00f6ne s\u00fcrerek h\u00fck\u00fcmete sert tepki g\u00f6sterdi.<\/p>\n<p class=\"isSelectedEnd\">Bar\u00e7\u0131n, sosyal medya hesab\u0131ndan yapt\u0131\u011f\u0131 payla\u015f\u0131mda, \u00fclkede ya\u015fanan sorunlara dikkat \u00e7ekerek s\u00f6z konusu istihdam giri\u015fimlerini \u201csiyasi f\u0131rsat\u00e7\u0131l\u0131k\u201d olarak nitelendirdi.<\/p>\n<h2>\u201cMAL\u0130YE BAKANLI\u011eI\u2019NA YETK\u0130 YAZILARI YAZDIRILIYOR\u201d<\/h2>\n<p class=\"isSelectedEnd\">Ba\u015fbakan \u00dcnal \u00dcstel ile Maliye Bakan\u0131 \u00d6zdemir Berova\u2019y\u0131 hedef alan Bar\u00e7\u0131n, baz\u0131 se\u00e7ilmi\u015f partililerin ge\u00e7ici i\u015f\u00e7i kadrolar\u0131 \u00fczerinden devlette istihdam edilmek istendi\u011fini iddia etti.<\/p>\n<p class=\"isSelectedEnd\">Bar\u00e7\u0131n, <strong>\u201cAr duygusunu tamamen yitiren \u00dcnal Bey, \u00d6zdemir Bey ile el ele vermi\u015f, se\u00e7ilmi\u015f baz\u0131 partililerini ge\u00e7ici i\u015f\u00e7i kadrolar\u0131yla istihdam etmek i\u00e7in Maliye Bakanl\u0131\u011f\u0131\u2019na yetki yaz\u0131lar\u0131 yazd\u0131r\u0131yor \u015fimdi\u201d<\/strong> ifadelerini kulland\u0131.<\/p>\n<h2>\u201cMEMLEKET YANGIN YER\u0130YKEN\u2026\u201d<\/h2>\n<p class=\"isSelectedEnd\">\u00dclkede ya\u015fanan sorunlar\u0131n ortas\u0131nda b\u00f6yle bir giri\u015fimde bulunulmas\u0131n\u0131 ele\u015ftiren Bar\u00e7\u0131n, h\u00fck\u00fcmeti siyasi f\u0131rsat\u00e7\u0131l\u0131kla su\u00e7lad\u0131.<\/p>\n<p class=\"isSelectedEnd\">Bar\u00e7\u0131n, <strong>\u201cMemleket yang\u0131n yeriyken, se\u00e7ilmi\u015f partililerini devlete istihdam etme derdine d\u00fc\u015fmek, utanmazl\u0131\u011f\u0131n ve siyasi f\u0131rsat\u00e7\u0131l\u0131\u011f\u0131n dibidir\u201d<\/strong> dedi.<\/p>\n<p>CTP Milletvekili Bar\u00e7\u0131n, payla\u015f\u0131m\u0131n\u0131 <strong>\u201cYaz\u0131klar olsun\u201d<\/strong> ifadeleriyle tamamlad\u0131.<\/p>\n","protected":false},"excerpt":{"rendered":"<p>CTP Milletvekili Devrim Bar\u00e7\u0131n, Ba\u015fbakan \u00dcnal \u00dcstel ve Maliye Bakan\u0131 \u00d6zdemir Berova\u2019n\u0131n baz\u0131 partililerin ge\u00e7ici i\u015f\u00e7i kadrolar\u0131yla devlette istihdam edilmesi i\u00e7in giri\u015fimde bulundu\u011funu \u00f6ne s\u00fcrerek h\u00fck\u00fcmete sert tepki g\u00f6sterdi. Bar\u00e7\u0131n, sosyal medya hesab\u0131ndan yapt\u0131\u011f\u0131 payla\u015f\u0131mda, \u00fclkede ya\u015fanan sorunlara dikkat \u00e7ekerek s\u00f6z konusu istihdam giri\u015fimlerini \u201csiyasi f\u0131rsat\u00e7\u0131l\u0131k\u201d olarak nitelendirdi. \u201cMAL\u0130YE BAKANLI\u011eI\u2019NA YETK\u0130 YAZILARI YAZDIRILIYOR\u201d Ba\u015fbakan \u00dcnal [&hellip;]<\/p>\n","protected":false},"author":1,"featured_media":45999,"comment_status":"open","ping_status":"open","sticky":false,"template":"","format":"standard","meta":{"jnews-multi-image_gallery":[],"jnews_single_post":{"subtitle":"","format":"standard","override":[{"template":"1","parallax":"1","fullscreen":"1","layout":"right-sidebar","sidebar":"default-sidebar","second_sidebar":"default-sidebar","sticky_sidebar":"1","share_position":"top","share_float_style":"share-monocrhome","show_featured":"1","show_post_author":"1","show_post_author_image":"1","show_post_date":"1","post_date_format":"default","post_date_format_custom":"Y\/m\/d","show_post_category":"1","show_post_reading_time":"0","post_reading_time_wpm":"300","post_calculate_word_method":"str_word_count","show_zoom_button":"0","zoom_button_out_step":"2","zoom_button_in_step":"3","show_post_tag":"1","show_prev_next_post":"1","show_popup_post":"1","show_comment_section":"1","number_popup_post":"1","show_author_box":"0","show_post_related":"0","show_inline_post_related":"0"}],"image_override":[{"single_post_thumbnail_size":"crop-500","single_post_gallery_size":"crop-500"}],"trending_post_position":"meta","trending_post_label":"Trending","sponsored_post_label":"Sponsored by","disable_ad":"0"},"jnews_primary_category":[],"jnews_social_meta":[],"jnews_override_counter":{"view_counter_number":"0","share_counter_number":"0","like_counter_number":"0","dislike_counter_number":"0"},"footnotes":""},"categories":[1],"tags":[136,4179,7039,4178,209],"class_list":["post-45998","post","type-post","status-publish","format-standard","has-post-thumbnail","hentry","category-kibris","tag-ctp","tag-devrim-barcin","tag-gecici-isci","tag-ozdemir-berova","tag-unal-ustel"],"yoast_head":"<!-- This site is optimized with the Yoast SEO plugin v28.4 - https:\/\/yoast.com\/product\/yoast-seo-wordpress\/ -->\n<title>Bar\u00e7\u0131n\u2019dan h\u00fck\u00fcmete sert tepki: \u201cSiyasi f\u0131rsat\u00e7\u0131l\u0131\u011f\u0131n dibidir\u201d - Kuzeyin Sesi<\/title>\n<meta name=\"robots\" content=\"index, follow, max-snippet:-1, max-image-preview:large, max-video-preview:-1\" \/>\n<link rel=\"canonical\" href=\"https:\/\/kuzeyinsesi.org\/index.php\/2026\/09\/03\/barcindan-hukumete-sert-tepki-siyasi-firsatciligin-dibidir\/\" \/>\n<meta property=\"og:locale\" content=\"tr_TR\" \/>\n<meta property=\"og:type\" content=\"article\" \/>\n<meta property=\"og:title\" content=\"Bar\u00e7\u0131n\u2019dan h\u00fck\u00fcmete sert tepki: \u201cSiyasi f\u0131rsat\u00e7\u0131l\u0131\u011f\u0131n dibidir\u201d - Kuzeyin Sesi\" \/>\n<meta property=\"og:description\" content=\"CTP Milletvekili Devrim Bar\u00e7\u0131n, Ba\u015fbakan \u00dcnal \u00dcstel ve Maliye Bakan\u0131 \u00d6zdemir Berova\u2019n\u0131n baz\u0131 partililerin ge\u00e7ici i\u015f\u00e7i kadrolar\u0131yla devlette istihdam edilmesi i\u00e7in giri\u015fimde bulundu\u011funu \u00f6ne s\u00fcrerek h\u00fck\u00fcmete sert tepki g\u00f6sterdi. Bar\u00e7\u0131n, sosyal medya hesab\u0131ndan yapt\u0131\u011f\u0131 payla\u015f\u0131mda, \u00fclkede ya\u015fanan sorunlara dikkat \u00e7ekerek s\u00f6z konusu istihdam giri\u015fimlerini \u201csiyasi f\u0131rsat\u00e7\u0131l\u0131k\u201d olarak nitelendirdi. \u201cMAL\u0130YE BAKANLI\u011eI\u2019NA YETK\u0130 YAZILARI YAZDIRILIYOR\u201d Ba\u015fbakan \u00dcnal [&hellip;]\" \/>\n<meta property=\"og:url\" content=\"https:\/\/kuzeyinsesi.org\/index.php\/2026\/09\/03\/barcindan-hukumete-sert-tepki-siyasi-firsatciligin-dibidir\/\" \/>\n<meta property=\"og:site_name\" content=\"Kuzeyin Sesi\" \/>\n<meta property=\"article:publisher\" content=\"https:\/\/www.facebook.com\/kuzeyinsesii\" \/>\n<meta property=\"article:published_time\" content=\"2026-09-03T12:23:07+00:00\" \/>\n<meta property=\"og:image\" content=\"https:\/\/kuzeyinsesi.org\/wp-content\/uploads\/2026\/09\/Kuzeyinsesikj-2026-09-03T152130.670.jpg\" \/>\n\t<meta property=\"og:image:width\" content=\"1600\" \/>\n\t<meta property=\"og:image:height\" content=\"900\" \/>\n\t<meta property=\"og:image:type\" content=\"image\/jpeg\" \/>\n<meta name=\"author\" content=\"Kuzeyin Sesi\" \/>\n<meta name=\"twitter:card\" content=\"summary_large_image\" \/>\n<meta name=\"twitter:creator\" content=\"@kuzeyinsesii\" \/>\n<meta name=\"twitter:site\" content=\"@kuzeyinsesii\" \/>\n<meta name=\"twitter:label1\" content=\"Yazan:\" \/>\n\t<meta name=\"twitter:data1\" content=\"Kuzeyin Sesi\" \/>\n\t<meta name=\"twitter:label2\" content=\"Tahmini okuma s\u00fcresi\" \/>\n\t<meta name=\"twitter:data2\" content=\"1 dakika\" \/>\n<script type=\"application\/ld+json\" class=\"yoast-schema-graph\">{\"@context\":\"https:\\\/\\\/schema.org\",\"@graph\":[{\"@type\":\"Article\",\"@id\":\"https:\\\/\\\/kuzeyinsesi.org\\\/index.php\\\/2026\\\/09\\\/03\\\/barcindan-hukumete-sert-tepki-siyasi-firsatciligin-dibidir\\\/#article\",\"isPartOf\":{\"@id\":\"https:\\\/\\\/kuzeyinsesi.org\\\/index.php\\\/2026\\\/09\\\/03\\\/barcindan-hukumete-sert-tepki-siyasi-firsatciligin-dibidir\\\/\"},\"author\":{\"name\":\"Kuzeyin Sesi\",\"@id\":\"https:\\\/\\\/kuzeyinsesi.org\\\/#\\\/schema\\\/person\\\/9f859689cdf01485597712386e37f5aa\"},\"headline\":\"Bar\u00e7\u0131n\u2019dan h\u00fck\u00fcmete sert tepki: \u201cSiyasi f\u0131rsat\u00e7\u0131l\u0131\u011f\u0131n dibidir\u201d\",\"datePublished\":\"2026-09-03T12:23:07+00:00\",\"mainEntityOfPage\":{\"@id\":\"https:\\\/\\\/kuzeyinsesi.org\\\/index.php\\\/2026\\\/09\\\/03\\\/barcindan-hukumete-sert-tepki-siyasi-firsatciligin-dibidir\\\/\"},\"wordCount\":233,\"commentCount\":0,\"image\":{\"@id\":\"https:\\\/\\\/kuzeyinsesi.org\\\/index.php\\\/2026\\\/09\\\/03\\\/barcindan-hukumete-sert-tepki-siyasi-firsatciligin-dibidir\\\/#primaryimage\"},\"thumbnailUrl\":\"https:\\\/\\\/kuzeyinsesi.org\\\/wp-content\\\/uploads\\\/2026\\\/09\\\/Kuzeyinsesikj-2026-09-03T152130.670.jpg\",\"keywords\":[\"CTP\",\"Devrim Bar\u00e7\u0131n\",\"Ge\u00e7ici \u0130\u015f\u00e7i\",\"\u00d6zdemir Berova\",\"\u00dcnal \u00dcstel\"],\"articleSection\":[\"K\u0131br\u0131s\"],\"inLanguage\":\"tr\",\"potentialAction\":[{\"@type\":\"CommentAction\",\"name\":\"Comment\",\"target\":[\"https:\\\/\\\/kuzeyinsesi.org\\\/index.php\\\/2026\\\/09\\\/03\\\/barcindan-hukumete-sert-tepki-siyasi-firsatciligin-dibidir\\\/#respond\"]}]},{\"@type\":\"WebPage\",\"@id\":\"https:\\\/\\\/kuzeyinsesi.org\\\/index.php\\\/2026\\\/09\\\/03\\\/barcindan-hukumete-sert-tepki-siyasi-firsatciligin-dibidir\\\/\",\"url\":\"https:\\\/\\\/kuzeyinsesi.org\\\/index.php\\\/2026\\\/09\\\/03\\\/barcindan-hukumete-sert-tepki-siyasi-firsatciligin-dibidir\\\/\",\"name\":\"Bar\u00e7\u0131n\u2019dan h\u00fck\u00fcmete sert tepki: \u201cSiyasi f\u0131rsat\u00e7\u0131l\u0131\u011f\u0131n dibidir\u201d - Kuzeyin Sesi\",\"isPartOf\":{\"@id\":\"https:\\\/\\\/kuzeyinsesi.org\\\/#website\"},\"primaryImageOfPage\":{\"@id\":\"https:\\\/\\\/kuzeyinsesi.org\\\/index.php\\\/2026\\\/09\\\/03\\\/barcindan-hukumete-sert-tepki-siyasi-firsatciligin-dibidir\\\/#primaryimage\"},\"image\":{\"@id\":\"https:\\\/\\\/kuzeyinsesi.org\\\/index.php\\\/2026\\\/09\\\/03\\\/barcindan-hukumete-sert-tepki-siyasi-firsatciligin-dibidir\\\/#primaryimage\"},\"thumbnailUrl\":\"https:\\\/\\\/kuzeyinsesi.org\\\/wp-content\\\/uploads\\\/2026\\\/09\\\/Kuzeyinsesikj-2026-09-03T152130.670.jpg\",\"datePublished\":\"2026-09-03T12:23:07+00:00\",\"author\":{\"@id\":\"https:\\\/\\\/kuzeyinsesi.org\\\/#\\\/schema\\\/person\\\/9f859689cdf01485597712386e37f5aa\"},\"breadcrumb\":{\"@id\":\"https:\\\/\\\/kuzeyinsesi.org\\\/index.php\\\/2026\\\/09\\\/03\\\/barcindan-hukumete-sert-tepki-siyasi-firsatciligin-dibidir\\\/#breadcrumb\"},\"inLanguage\":\"tr\",\"potentialAction\":[{\"@type\":\"ReadAction\",\"target\":[\"https:\\\/\\\/kuzeyinsesi.org\\\/index.php\\\/2026\\\/09\\\/03\\\/barcindan-hukumete-sert-tepki-siyasi-firsatciligin-dibidir\\\/\"]}]},{\"@type\":\"ImageObject\",\"inLanguage\":\"tr\",\"@id\":\"https:\\\/\\\/kuzeyinsesi.org\\\/index.php\\\/2026\\\/09\\\/03\\\/barcindan-hukumete-sert-tepki-siyasi-firsatciligin-dibidir\\\/#primaryimage\",\"url\":\"https:\\\/\\\/kuzeyinsesi.org\\\/wp-content\\\/uploads\\\/2026\\\/09\\\/Kuzeyinsesikj-2026-09-03T152130.670.jpg\",\"contentUrl\":\"https:\\\/\\\/kuzeyinsesi.org\\\/wp-content\\\/uploads\\\/2026\\\/09\\\/Kuzeyinsesikj-2026-09-03T152130.670.jpg\",\"width\":1600,\"height\":900},{\"@type\":\"BreadcrumbList\",\"@id\":\"https:\\\/\\\/kuzeyinsesi.org\\\/index.php\\\/2026\\\/09\\\/03\\\/barcindan-hukumete-sert-tepki-siyasi-firsatciligin-dibidir\\\/#breadcrumb\",\"itemListElement\":[{\"@type\":\"ListItem\",\"position\":1,\"name\":\"Anasayfa\",\"item\":\"https:\\\/\\\/kuzeyinsesi.org\\\/\"},{\"@type\":\"ListItem\",\"position\":2,\"name\":\"Bar\u00e7\u0131n\u2019dan h\u00fck\u00fcmete sert tepki: \u201cSiyasi f\u0131rsat\u00e7\u0131l\u0131\u011f\u0131n dibidir\u201d\"}]},{\"@type\":\"WebSite\",\"@id\":\"https:\\\/\\\/kuzeyinsesi.org\\\/#website\",\"url\":\"https:\\\/\\\/kuzeyinsesi.org\\\/\",\"name\":\"Kuzeyin Sesi\",\"description\":\"Do\u011fru Haberin Adresi\",\"potentialAction\":[{\"@type\":\"SearchAction\",\"target\":{\"@type\":\"EntryPoint\",\"urlTemplate\":\"https:\\\/\\\/kuzeyinsesi.org\\\/?s={search_term_string}\"},\"query-input\":{\"@type\":\"PropertyValueSpecification\",\"valueRequired\":true,\"valueName\":\"search_term_string\"}}],\"inLanguage\":\"tr\"},{\"@type\":\"Person\",\"@id\":\"https:\\\/\\\/kuzeyinsesi.org\\\/#\\\/schema\\\/person\\\/9f859689cdf01485597712386e37f5aa\",\"name\":\"Kuzeyin Sesi\",\"image\":{\"@type\":\"ImageObject\",\"inLanguage\":\"tr\",\"@id\":\"https:\\\/\\\/secure.gravatar.com\\\/avatar\\\/bab33852abfd8b282518d6ed81826833d77c3c882d9ab608add591ccace47a44?s=96&d=mm&r=g\",\"url\":\"https:\\\/\\\/secure.gravatar.com\\\/avatar\\\/bab33852abfd8b282518d6ed81826833d77c3c882d9ab608add591ccace47a44?s=96&d=mm&r=g\",\"contentUrl\":\"https:\\\/\\\/secure.gravatar.com\\\/avatar\\\/bab33852abfd8b282518d6ed81826833d77c3c882d9ab608add591ccace47a44?s=96&d=mm&r=g\",\"caption\":\"Kuzeyin Sesi\"},\"sameAs\":[\"https:\\\/\\\/kuzeyinsesi.org\"],\"url\":\"https:\\\/\\\/kuzeyinsesi.org\\\/index.php\\\/author\\\/guven\\\/\"}]}<\/script>\n<!-- \/ Yoast SEO plugin. -->","yoast_head_json":{"title":"Bar\u00e7\u0131n\u2019dan h\u00fck\u00fcmete sert tepki: \u201cSiyasi f\u0131rsat\u00e7\u0131l\u0131\u011f\u0131n dibidir\u201d - Kuzeyin Sesi","robots":{"index":"index","follow":"follow","max-snippet":"max-snippet:-1","max-image-preview":"max-image-preview:large","max-video-preview":"max-video-preview:-1"},"canonical":"https:\/\/kuzeyinsesi.org\/index.php\/2026\/09\/03\/barcindan-hukumete-sert-tepki-siyasi-firsatciligin-dibidir\/","og_locale":"tr_TR","og_type":"article","og_title":"Bar\u00e7\u0131n\u2019dan h\u00fck\u00fcmete sert tepki: \u201cSiyasi f\u0131rsat\u00e7\u0131l\u0131\u011f\u0131n dibidir\u201d - Kuzeyin Sesi","og_description":"CTP Milletvekili Devrim Bar\u00e7\u0131n, Ba\u015fbakan \u00dcnal \u00dcstel ve Maliye Bakan\u0131 \u00d6zdemir Berova\u2019n\u0131n baz\u0131 partililerin ge\u00e7ici i\u015f\u00e7i kadrolar\u0131yla devlette istihdam edilmesi i\u00e7in giri\u015fimde bulundu\u011funu \u00f6ne s\u00fcrerek h\u00fck\u00fcmete sert tepki g\u00f6sterdi. Bar\u00e7\u0131n, sosyal medya hesab\u0131ndan yapt\u0131\u011f\u0131 payla\u015f\u0131mda, \u00fclkede ya\u015fanan sorunlara dikkat \u00e7ekerek s\u00f6z konusu istihdam giri\u015fimlerini \u201csiyasi f\u0131rsat\u00e7\u0131l\u0131k\u201d olarak nitelendirdi. \u201cMAL\u0130YE BAKANLI\u011eI\u2019NA YETK\u0130 YAZILARI YAZDIRILIYOR\u201d Ba\u015fbakan \u00dcnal [&hellip;]","og_url":"https:\/\/kuzeyinsesi.org\/index.php\/2026\/09\/03\/barcindan-hukumete-sert-tepki-siyasi-firsatciligin-dibidir\/","og_site_name":"Kuzeyin Sesi","article_publisher":"https:\/\/www.facebook.com\/kuzeyinsesii","article_published_time":"2026-09-03T12:23:07+00:00","og_image":[{"width":1600,"height":900,"url":"https:\/\/kuzeyinsesi.org\/wp-content\/uploads\/2026\/09\/Kuzeyinsesikj-2026-09-03T152130.670.jpg","type":"image\/jpeg"}],"author":"Kuzeyin Sesi","twitter_card":"summary_large_image","twitter_creator":"@kuzeyinsesii","twitter_site":"@kuzeyinsesii","twitter_misc":{"Yazan:":"Kuzeyin Sesi","Tahmini okuma s\u00fcresi":"1 dakika"},"schema":{"@context":"https:\/\/schema.org","@graph":[{"@type":"Article","@id":"https:\/\/kuzeyinsesi.org\/index.php\/2026\/09\/03\/barcindan-hukumete-sert-tepki-siyasi-firsatciligin-dibidir\/#article","isPartOf":{"@id":"https:\/\/kuzeyinsesi.org\/index.php\/2026\/09\/03\/barcindan-hukumete-sert-tepki-siyasi-firsatciligin-dibidir\/"},"author":{"name":"Kuzeyin Sesi","@id":"https:\/\/kuzeyinsesi.org\/#\/schema\/person\/9f859689cdf01485597712386e37f5aa"},"headline":"Bar\u00e7\u0131n\u2019dan h\u00fck\u00fcmete sert tepki: \u201cSiyasi f\u0131rsat\u00e7\u0131l\u0131\u011f\u0131n dibidir\u201d","datePublished":"2026-09-03T12:23:07+00:00","mainEntityOfPage":{"@id":"https:\/\/kuzeyinsesi.org\/index.php\/2026\/09\/03\/barcindan-hukumete-sert-tepki-siyasi-firsatciligin-dibidir\/"},"wordCount":233,"commentCount":0,"image":{"@id":"https:\/\/kuzeyinsesi.org\/index.php\/2026\/09\/03\/barcindan-hukumete-sert-tepki-siyasi-firsatciligin-dibidir\/#primaryimage"},"thumbnailUrl":"https:\/\/kuzeyinsesi.org\/wp-content\/uploads\/2026\/09\/Kuzeyinsesikj-2026-09-03T152130.670.jpg","keywords":["CTP","Devrim Bar\u00e7\u0131n","Ge\u00e7ici \u0130\u015f\u00e7i","\u00d6zdemir Berova","\u00dcnal \u00dcstel"],"articleSection":["K\u0131br\u0131s"],"inLanguage":"tr","potentialAction":[{"@type":"CommentAction","name":"Comment","target":["https:\/\/kuzeyinsesi.org\/index.php\/2026\/09\/03\/barcindan-hukumete-sert-tepki-siyasi-firsatciligin-dibidir\/#respond"]}]},{"@type":"WebPage","@id":"https:\/\/kuzeyinsesi.org\/index.php\/2026\/09\/03\/barcindan-hukumete-sert-tepki-siyasi-firsatciligin-dibidir\/","url":"https:\/\/kuzeyinsesi.org\/index.php\/2026\/09\/03\/barcindan-hukumete-sert-tepki-siyasi-firsatciligin-dibidir\/","name":"Bar\u00e7\u0131n\u2019dan h\u00fck\u00fcmete sert tepki: \u201cSiyasi f\u0131rsat\u00e7\u0131l\u0131\u011f\u0131n dibidir\u201d - Kuzeyin Sesi","isPartOf":{"@id":"https:\/\/kuzeyinsesi.org\/#website"},"primaryImageOfPage":{"@id":"https:\/\/kuzeyinsesi.org\/index.php\/2026\/09\/03\/barcindan-hukumete-sert-tepki-siyasi-firsatciligin-dibidir\/#primaryimage"},"image":{"@id":"https:\/\/kuzeyinsesi.org\/index.php\/2026\/09\/03\/barcindan-hukumete-sert-tepki-siyasi-firsatciligin-dibidir\/#primaryimage"},"thumbnailUrl":"https:\/\/kuzeyinsesi.org\/wp-content\/uploads\/2026\/09\/Kuzeyinsesikj-2026-09-03T152130.670.jpg","datePublished":"2026-09-03T12:23:07+00:00","author":{"@id":"https:\/\/kuzeyinsesi.org\/#\/schema\/person\/9f859689cdf01485597712386e37f5aa"},"breadcrumb":{"@id":"https:\/\/kuzeyinsesi.org\/index.php\/2026\/09\/03\/barcindan-hukumete-sert-tepki-siyasi-firsatciligin-dibidir\/#breadcrumb"},"inLanguage":"tr","potentialAction":[{"@type":"ReadAction","target":["https:\/\/kuzeyinsesi.org\/index.php\/2026\/09\/03\/barcindan-hukumete-sert-tepki-siyasi-firsatciligin-dibidir\/"]}]},{"@type":"ImageObject","inLanguage":"tr","@id":"https:\/\/kuzeyinsesi.org\/index.php\/2026\/09\/03\/barcindan-hukumete-sert-tepki-siyasi-firsatciligin-dibidir\/#primaryimage","url":"https:\/\/kuzeyinsesi.org\/wp-content\/uploads\/2026\/09\/Kuzeyinsesikj-2026-09-03T152130.670.jpg","contentUrl":"https:\/\/kuzeyinsesi.org\/wp-content\/uploads\/2026\/09\/Kuzeyinsesikj-2026-09-03T152130.670.jpg","width":1600,"height":900},{"@type":"BreadcrumbList","@id":"https:\/\/kuzeyinsesi.org\/index.php\/2026\/09\/03\/barcindan-hukumete-sert-tepki-siyasi-firsatciligin-dibidir\/#breadcrumb","itemListElement":[{"@type":"ListItem","position":1,"name":"Anasayfa","item":"https:\/\/kuzeyinsesi.org\/"},{"@type":"ListItem","position":2,"name":"Bar\u00e7\u0131n\u2019dan h\u00fck\u00fcmete sert tepki: \u201cSiyasi f\u0131rsat\u00e7\u0131l\u0131\u011f\u0131n dibidir\u201d"}]},{"@type":"WebSite","@id":"https:\/\/kuzeyinsesi.org\/#website","url":"https:\/\/kuzeyinsesi.org\/","name":"Kuzeyin Sesi","description":"Do\u011fru Haberin Adresi","potentialAction":[{"@type":"SearchAction","target":{"@type":"EntryPoint","urlTemplate":"https:\/\/kuzeyinsesi.org\/?s={search_term_string}"},"query-input":{"@type":"PropertyValueSpecification","valueRequired":true,"valueName":"search_term_string"}}],"inLanguage":"tr"},{"@type":"Person","@id":"https:\/\/kuzeyinsesi.org\/#\/schema\/person\/9f859689cdf01485597712386e37f5aa","name":"Kuzeyin Sesi","image":{"@type":"ImageObject","inLanguage":"tr","@id":"https:\/\/secure.gravatar.com\/avatar\/bab33852abfd8b282518d6ed81826833d77c3c882d9ab608add591ccace47a44?s=96&d=mm&r=g","url":"https:\/\/secure.gravatar.com\/avatar\/bab33852abfd8b282518d6ed81826833d77c3c882d9ab608add591ccace47a44?s=96&d=mm&r=g","contentUrl":"https:\/\/secure.gravatar.com\/avatar\/bab33852abfd8b282518d6ed81826833d77c3c882d9ab608add591ccace47a44?s=96&d=mm&r=g","caption":"Kuzeyin Sesi"},"sameAs":["https:\/\/kuzeyinsesi.org"],"url":"https:\/\/kuzeyinsesi.org\/index.php\/author\/guven\/"}]}},"_links":{"self":[{"href":"https:\/\/kuzeyinsesi.org\/index.php\/wp-json\/wp\/v2\/posts\/45998","targetHints":{"allow":["GET"]}}],"collection":[{"href":"https:\/\/kuzeyinsesi.org\/index.php\/wp-json\/wp\/v2\/posts"}],"about":[{"href":"https:\/\/kuzeyinsesi.org\/index.php\/wp-json\/wp\/v2\/types\/post"}],"author":[{"embeddable":true,"href":"https:\/\/kuzeyinsesi.org\/index.php\/wp-json\/wp\/v2\/users\/1"}],"replies":[{"embeddable":true,"href":"https:\/\/kuzeyinsesi.org\/index.php\/wp-json\/wp\/v2\/comments?post=45998"}],"version-history":[{"count":1,"href":"https:\/\/kuzeyinsesi.org\/index.php\/wp-json\/wp\/v2\/posts\/45998\/revisions"}],"predecessor-version":[{"id":46000,"href":"https:\/\/kuzeyinsesi.org\/index.php\/wp-json\/wp\/v2\/posts\/45998\/revisions\/46000"}],"wp:featuredmedia":[{"embeddable":true,"href":"https:\/\/kuzeyinsesi.org\/index.php\/wp-json\/wp\/v2\/media\/45999"}],"wp:attachment":[{"href":"https:\/\/kuzeyinsesi.org\/index.php\/wp-json\/wp\/v2\/media?parent=45998"}],"wp:term":[{"taxonomy":"category","embeddable":true,"href":"https:\/\/kuzeyinsesi.org\/index.php\/wp-json\/wp\/v2\/categories?post=45998"},{"taxonomy":"post_tag","embeddable":true,"href":"https:\/\/kuzeyinsesi.org\/index.php\/wp-json\/wp\/v2\/tags?post=45998"}],"curies":[{"name":"wp","href":"https:\/\/api.w.org\/{rel}","templated":true}]}}