{"id":45990,"date":"2026-09-03T15:07:47","date_gmt":"2026-09-03T12:07:47","guid":{"rendered":"https:\/\/kuzeyinsesi.org\/?p=45990"},"modified":"2026-09-03T15:07:47","modified_gmt":"2026-09-03T12:07:47","slug":"incirli-facia-ile-ilgili-mecliste-arastirma-komitesi-kurulmasi-icin-cagri-yapacagiz","status":"publish","type":"post","link":"https:\/\/kuzeyinsesi.org\/index.php\/2026\/09\/03\/incirli-facia-ile-ilgili-mecliste-arastirma-komitesi-kurulmasi-icin-cagri-yapacagiz\/","title":{"rendered":"\u0130ncirli: Facia ile ilgili Meclis\u2019te ara\u015ft\u0131rma komitesi kurulmas\u0131 i\u00e7in \u00e7a\u011fr\u0131 yapaca\u011f\u0131z"},"content":{"rendered":"<p class=\"isSelectedEnd\">Cumhuriyet\u00e7i T\u00fcrk Partisi (CTP) Genel Ba\u015fkan\u0131 <strong>S\u0131la Usar \u0130ncirli<\/strong>, Girne a\u00e7\u0131klar\u0131nda meydana gelen gemi facias\u0131n\u0131n t\u00fcm y\u00f6nleriyle ara\u015ft\u0131r\u0131lmas\u0131 amac\u0131yla Cumhuriyet Meclisi\u2019nde bir ara\u015ft\u0131rma komitesi kurulmas\u0131 i\u00e7in haz\u0131rl\u0131k yapt\u0131klar\u0131n\u0131 a\u00e7\u0131klad\u0131. \u0130ncirli, ya\u015fanan siyasi geli\u015fmelere ili\u015fkin de <strong>\u201cArt\u0131k bu h\u00fck\u00fcmetin bu i\u015fi yapamad\u0131\u011f\u0131n\u0131 kabul edip \u00fclkenin \u00f6n\u00fcn\u00fc a\u00e7mas\u0131 gerekiyor\u201d<\/strong> dedi.<\/p>\n<p class=\"isSelectedEnd\">BRTK canl\u0131 yay\u0131n\u0131nda a\u00e7\u0131klamalarda bulunan \u0130ncirli, facian\u0131n ard\u0131ndan ortaya \u00e7\u0131kan siyasi belirsizlik, h\u00fck\u00fcmetin sorumlulu\u011fu ve y\u00fcr\u00fct\u00fclen soru\u015fturmaya ili\u015fkin de\u011ferlendirmelerde bulundu.<\/p>\n<h2>\u201cDEVLET\u0130N B\u0130R\u0130NC\u0130 G\u00d6REV\u0130 \u0130NSANINI KORUMAKTIR\u201d<\/h2>\n<p class=\"isSelectedEnd\">Ya\u015fanan facian\u0131n devletin kurumsal yap\u0131s\u0131ndaki sorunlar\u0131 bir kez daha ortaya \u00e7\u0131kard\u0131\u011f\u0131n\u0131 savunan \u0130ncirli, devletin g\u00f6revinin felaketler meydana gelmeden \u00f6nce gerekli \u00f6nlemleri almak oldu\u011funu vurgulad\u0131.<\/p>\n<p class=\"isSelectedEnd\">\u0130ncirli, <strong>\u201cDevletin birinci g\u00f6revi insan\u0131n\u0131 korumakt\u0131r. Ona g\u00fcven vermektir\u201d<\/strong> ifadelerini kullanarak, Girne a\u00e7\u0131klar\u0131nda ya\u015fanan facian\u0131n bunun en a\u011f\u0131r \u00f6rneklerinden biri oldu\u011funu s\u00f6yledi.<\/p>\n<p class=\"isSelectedEnd\">Daha \u00f6nce ya\u015fanan olaylar\u0131n da devlet te\u015fkilat\u0131ndaki kurumsal zay\u0131fl\u0131\u011f\u0131 ortaya koydu\u011funu savunan \u0130ncirli, kamu kurumlar\u0131n\u0131n g\u00f6revlerini etkin bi\u00e7imde yerine getirmesi gerekti\u011fini belirtti.<\/p>\n<h2>\u201cHAK\u0130KATLER\u0130N TAM OLARAK ORTAYA \u00c7IKMASI GEREK\u0130YOR\u201d<\/h2>\n<p class=\"isSelectedEnd\">Faciaya ili\u015fkin soru\u015fturman\u0131n b\u00fct\u00fcn y\u00f6nleriyle ve eksiksiz \u015fekilde y\u00fcr\u00fct\u00fclmesi gerekti\u011fini belirten \u0130ncirli, hi\u00e7bir bilgi, belge veya delilin g\u00f6zden ka\u00e7\u0131r\u0131lmamas\u0131 gerekti\u011fini s\u00f6yledi.<\/p>\n<p class=\"isSelectedEnd\">\u0130ncirli, <strong>\u201cHerhangi bir belgenin ortadan kaybolmamas\u0131, hi\u00e7bir delilin karart\u0131lmamas\u0131 gerek. Hakikatlerin tam olarak ortaya \u00e7\u0131kmas\u0131 gerekiyor\u201d<\/strong> dedi.<\/p>\n<p class=\"isSelectedEnd\">Polisin y\u00fcr\u00fctt\u00fc\u011f\u00fc \u00e7al\u0131\u015fmaya g\u00fcvendiklerini ve sayg\u0131 duyduklar\u0131n\u0131 ifade eden \u0130ncirli, t\u00fcm bilgi ve belgelerin soru\u015fturma kapsam\u0131nda de\u011ferlendirilmesinin adaletin sa\u011flanmas\u0131 a\u00e7\u0131s\u0131ndan \u00f6nem ta\u015f\u0131d\u0131\u011f\u0131n\u0131 kaydetti.<\/p>\n<h2>\u201cHALK BU Y\u00d6NET\u0130ME G\u00dcVEN DUYMUYOR\u201d<\/h2>\n<p class=\"isSelectedEnd\">H\u00fck\u00fcmetin yaln\u0131zca bir bakan\u0131n g\u00f6revden al\u0131nmas\u0131yla siyasi sorumluluktan kurtulamayaca\u011f\u0131n\u0131 savunan \u0130ncirli, <strong>\u201cArt\u0131k bu h\u00fck\u00fcmetin bu i\u015fi yapamad\u0131\u011f\u0131n\u0131 kabul edip \u00fclkenin \u00f6n\u00fcn\u00fc a\u00e7mas\u0131 gerekiyor\u201d<\/strong> ifadelerini kulland\u0131.<\/p>\n<p class=\"isSelectedEnd\">CTP\u2019nin daha \u00f6nce \u00fclkedeki g\u00fcvenlik sorunlar\u0131na dikkat \u00e7ekerek Cumhuriyet Meclisi\u2019ni ola\u011fan\u00fcst\u00fc toplant\u0131ya \u00e7a\u011f\u0131rd\u0131\u011f\u0131n\u0131 hat\u0131rlatan \u0130ncirli, son geli\u015fmelerin ard\u0131ndan h\u00fck\u00fcmetin inand\u0131r\u0131c\u0131l\u0131\u011f\u0131n\u0131 kaybetti\u011fini \u00f6ne s\u00fcrd\u00fc.<\/p>\n<p class=\"isSelectedEnd\">\u0130ncirli, <strong>\u201cHalk da bu y\u00f6netime hi\u00e7bir \u015fekilde g\u00fcven duymuyor\u201d<\/strong> dedi.<\/p>\n<h2>MECL\u0130S KOM\u0130TELER\u0130NDEK\u0130 YASA \u00c7ALI\u015eMALARINA TEPK\u0130<\/h2>\n<p class=\"isSelectedEnd\">H\u00fck\u00fcmetin d\u00fc\u015fmesi veya istifas\u0131na ili\u015fkin Meclis\u2019e resmi olarak ula\u015fan bir durum bulunmad\u0131\u011f\u0131n\u0131 belirten \u0130ncirli, CTP\u2019nin siyasi geli\u015fmeleri yak\u0131ndan takip etti\u011fini s\u00f6yledi.<\/p>\n<p class=\"isSelectedEnd\">Ya\u015fanan facia ve siyasi belirsizli\u011fe ra\u011fmen Meclis komitelerinde baz\u0131 yasalar\u0131n ge\u00e7irilmeye \u00e7al\u0131\u015f\u0131lmas\u0131n\u0131 ele\u015ftiren \u0130ncirli, h\u00fck\u00fcmetin komiteler \u00fczerinden yasa ge\u00e7irme bask\u0131s\u0131ndan vazge\u00e7mesi gerekti\u011fini savundu.<\/p>\n<h2>\u201cARA\u015eTIRMA KOM\u0130TES\u0130 \u0130\u00c7\u0130N HAZIRLI\u011eIMIZI YAPIYORUZ\u201d<\/h2>\n<p class=\"isSelectedEnd\">CTP\u2019nin gemi facias\u0131n\u0131n t\u00fcm y\u00f6nleriyle ara\u015ft\u0131r\u0131lmas\u0131 amac\u0131yla Cumhuriyet Meclisi\u2019nde bir ara\u015ft\u0131rma komitesi kurulmas\u0131 i\u00e7in harekete ge\u00e7ece\u011fini a\u00e7\u0131klayan \u0130ncirli, haz\u0131rl\u0131klar\u0131n s\u00fcrd\u00fc\u011f\u00fcn\u00fc belirtti.<\/p>\n<p>\u0130ncirli, <strong>\u201cBu soru\u015fturman\u0131n t\u00fcm hakikatlerin ortaya \u00e7\u0131kmas\u0131 y\u00f6n\u00fcnde ve soru\u015fturman\u0131n eksiksiz yap\u0131lmas\u0131 gerekti\u011fi konusunda b\u00fcy\u00fck bir hassasiyetimiz vard\u0131r. Bununla alakal\u0131 olarak da Meclis\u2019te bir ara\u015ft\u0131rma komitesi kurulmas\u0131 y\u00f6n\u00fcnde haz\u0131rl\u0131\u011f\u0131m\u0131z\u0131 yap\u0131yoruz\u201d<\/strong> dedi.<\/p>\n","protected":false},"excerpt":{"rendered":"<p>Cumhuriyet\u00e7i T\u00fcrk Partisi (CTP) Genel Ba\u015fkan\u0131 S\u0131la Usar \u0130ncirli, Girne a\u00e7\u0131klar\u0131nda meydana gelen gemi facias\u0131n\u0131n t\u00fcm y\u00f6nleriyle ara\u015ft\u0131r\u0131lmas\u0131 amac\u0131yla Cumhuriyet Meclisi\u2019nde bir ara\u015ft\u0131rma komitesi kurulmas\u0131 i\u00e7in haz\u0131rl\u0131k yapt\u0131klar\u0131n\u0131 a\u00e7\u0131klad\u0131. \u0130ncirli, ya\u015fanan siyasi geli\u015fmelere ili\u015fkin de \u201cArt\u0131k bu h\u00fck\u00fcmetin bu i\u015fi yapamad\u0131\u011f\u0131n\u0131 kabul edip \u00fclkenin \u00f6n\u00fcn\u00fc a\u00e7mas\u0131 gerekiyor\u201d dedi. BRTK canl\u0131 yay\u0131n\u0131nda a\u00e7\u0131klamalarda bulunan \u0130ncirli, facian\u0131n [&hellip;]<\/p>\n","protected":false},"author":1,"featured_media":45996,"comment_status":"open","ping_status":"open","sticky":false,"template":"","format":"standard","meta":{"jnews-multi-image_gallery":[],"jnews_single_post":{"subtitle":""},"jnews_primary_category":[],"jnews_social_meta":[],"jnews_override_counter":{"view_counter_number":"0","share_counter_number":"0","like_counter_number":"0","dislike_counter_number":"0"},"footnotes":""},"categories":[1],"tags":[7038,136,2072,7027,554],"class_list":["post-45990","post","type-post","status-publish","format-standard","has-post-thumbnail","hentry","category-kibris","tag-arastirma-komitesi","tag-ctp","tag-cumhuriyet-meclisi","tag-gemi-faciasi","tag-sila-usar-incirli"],"yoast_head":"<!-- This site is optimized with the Yoast SEO plugin v28.4 - https:\/\/yoast.com\/product\/yoast-seo-wordpress\/ -->\n<title>\u0130ncirli: Facia ile ilgili Meclis\u2019te ara\u015ft\u0131rma komitesi kurulmas\u0131 i\u00e7in \u00e7a\u011fr\u0131 yapaca\u011f\u0131z - Kuzeyin Sesi<\/title>\n<meta name=\"robots\" content=\"index, follow, max-snippet:-1, max-image-preview:large, max-video-preview:-1\" \/>\n<link rel=\"canonical\" href=\"https:\/\/kuzeyinsesi.org\/index.php\/2026\/09\/03\/incirli-facia-ile-ilgili-mecliste-arastirma-komitesi-kurulmasi-icin-cagri-yapacagiz\/\" \/>\n<meta property=\"og:locale\" content=\"tr_TR\" \/>\n<meta property=\"og:type\" content=\"article\" \/>\n<meta property=\"og:title\" content=\"\u0130ncirli: Facia ile ilgili Meclis\u2019te ara\u015ft\u0131rma komitesi kurulmas\u0131 i\u00e7in \u00e7a\u011fr\u0131 yapaca\u011f\u0131z - Kuzeyin Sesi\" \/>\n<meta property=\"og:description\" content=\"Cumhuriyet\u00e7i T\u00fcrk Partisi (CTP) Genel Ba\u015fkan\u0131 S\u0131la Usar \u0130ncirli, Girne a\u00e7\u0131klar\u0131nda meydana gelen gemi facias\u0131n\u0131n t\u00fcm y\u00f6nleriyle ara\u015ft\u0131r\u0131lmas\u0131 amac\u0131yla Cumhuriyet Meclisi\u2019nde bir ara\u015ft\u0131rma komitesi kurulmas\u0131 i\u00e7in haz\u0131rl\u0131k yapt\u0131klar\u0131n\u0131 a\u00e7\u0131klad\u0131. \u0130ncirli, ya\u015fanan siyasi geli\u015fmelere ili\u015fkin de \u201cArt\u0131k bu h\u00fck\u00fcmetin bu i\u015fi yapamad\u0131\u011f\u0131n\u0131 kabul edip \u00fclkenin \u00f6n\u00fcn\u00fc a\u00e7mas\u0131 gerekiyor\u201d dedi. BRTK canl\u0131 yay\u0131n\u0131nda a\u00e7\u0131klamalarda bulunan \u0130ncirli, facian\u0131n [&hellip;]\" \/>\n<meta property=\"og:url\" content=\"https:\/\/kuzeyinsesi.org\/index.php\/2026\/09\/03\/incirli-facia-ile-ilgili-mecliste-arastirma-komitesi-kurulmasi-icin-cagri-yapacagiz\/\" \/>\n<meta property=\"og:site_name\" content=\"Kuzeyin Sesi\" \/>\n<meta property=\"article:publisher\" content=\"https:\/\/www.facebook.com\/kuzeyinsesii\" \/>\n<meta property=\"article:published_time\" content=\"2026-09-03T12:07:47+00:00\" \/>\n<meta property=\"og:image\" content=\"https:\/\/kuzeyinsesi.org\/wp-content\/uploads\/2026\/09\/Kuzeyinsesikj-2026-09-03T150707.013.jpg\" \/>\n\t<meta property=\"og:image:width\" content=\"1600\" \/>\n\t<meta property=\"og:image:height\" content=\"900\" \/>\n\t<meta property=\"og:image:type\" content=\"image\/jpeg\" \/>\n<meta name=\"author\" content=\"Kuzeyin Sesi\" \/>\n<meta name=\"twitter:card\" content=\"summary_large_image\" \/>\n<meta name=\"twitter:creator\" content=\"@kuzeyinsesii\" \/>\n<meta name=\"twitter:site\" content=\"@kuzeyinsesii\" \/>\n<meta name=\"twitter:label1\" content=\"Yazan:\" \/>\n\t<meta name=\"twitter:data1\" content=\"Kuzeyin Sesi\" \/>\n\t<meta name=\"twitter:label2\" content=\"Tahmini okuma s\u00fcresi\" \/>\n\t<meta name=\"twitter:data2\" content=\"3 dakika\" \/>\n<script type=\"application\/ld+json\" class=\"yoast-schema-graph\">{\"@context\":\"https:\\\/\\\/schema.org\",\"@graph\":[{\"@type\":\"Article\",\"@id\":\"https:\\\/\\\/kuzeyinsesi.org\\\/index.php\\\/2026\\\/09\\\/03\\\/incirli-facia-ile-ilgili-mecliste-arastirma-komitesi-kurulmasi-icin-cagri-yapacagiz\\\/#article\",\"isPartOf\":{\"@id\":\"https:\\\/\\\/kuzeyinsesi.org\\\/index.php\\\/2026\\\/09\\\/03\\\/incirli-facia-ile-ilgili-mecliste-arastirma-komitesi-kurulmasi-icin-cagri-yapacagiz\\\/\"},\"author\":{\"name\":\"Kuzeyin Sesi\",\"@id\":\"https:\\\/\\\/kuzeyinsesi.org\\\/#\\\/schema\\\/person\\\/9f859689cdf01485597712386e37f5aa\"},\"headline\":\"\u0130ncirli: Facia ile ilgili Meclis\u2019te ara\u015ft\u0131rma komitesi kurulmas\u0131 i\u00e7in \u00e7a\u011fr\u0131 yapaca\u011f\u0131z\",\"datePublished\":\"2026-09-03T12:07:47+00:00\",\"mainEntityOfPage\":{\"@id\":\"https:\\\/\\\/kuzeyinsesi.org\\\/index.php\\\/2026\\\/09\\\/03\\\/incirli-facia-ile-ilgili-mecliste-arastirma-komitesi-kurulmasi-icin-cagri-yapacagiz\\\/\"},\"wordCount\":627,\"commentCount\":0,\"image\":{\"@id\":\"https:\\\/\\\/kuzeyinsesi.org\\\/index.php\\\/2026\\\/09\\\/03\\\/incirli-facia-ile-ilgili-mecliste-arastirma-komitesi-kurulmasi-icin-cagri-yapacagiz\\\/#primaryimage\"},\"thumbnailUrl\":\"https:\\\/\\\/kuzeyinsesi.org\\\/wp-content\\\/uploads\\\/2026\\\/09\\\/Kuzeyinsesikj-2026-09-03T150707.013.jpg\",\"keywords\":[\"Ara\u015ft\u0131rma Komitesi\",\"CTP\",\"Cumhuriyet Meclisi\",\"Gemi Facias\u0131\",\"S\u0131la Usar \u0130ncirli\"],\"articleSection\":[\"K\u0131br\u0131s\"],\"inLanguage\":\"tr\",\"potentialAction\":[{\"@type\":\"CommentAction\",\"name\":\"Comment\",\"target\":[\"https:\\\/\\\/kuzeyinsesi.org\\\/index.php\\\/2026\\\/09\\\/03\\\/incirli-facia-ile-ilgili-mecliste-arastirma-komitesi-kurulmasi-icin-cagri-yapacagiz\\\/#respond\"]}]},{\"@type\":\"WebPage\",\"@id\":\"https:\\\/\\\/kuzeyinsesi.org\\\/index.php\\\/2026\\\/09\\\/03\\\/incirli-facia-ile-ilgili-mecliste-arastirma-komitesi-kurulmasi-icin-cagri-yapacagiz\\\/\",\"url\":\"https:\\\/\\\/kuzeyinsesi.org\\\/index.php\\\/2026\\\/09\\\/03\\\/incirli-facia-ile-ilgili-mecliste-arastirma-komitesi-kurulmasi-icin-cagri-yapacagiz\\\/\",\"name\":\"\u0130ncirli: Facia ile ilgili Meclis\u2019te ara\u015ft\u0131rma komitesi kurulmas\u0131 i\u00e7in \u00e7a\u011fr\u0131 yapaca\u011f\u0131z - Kuzeyin Sesi\",\"isPartOf\":{\"@id\":\"https:\\\/\\\/kuzeyinsesi.org\\\/#website\"},\"primaryImageOfPage\":{\"@id\":\"https:\\\/\\\/kuzeyinsesi.org\\\/index.php\\\/2026\\\/09\\\/03\\\/incirli-facia-ile-ilgili-mecliste-arastirma-komitesi-kurulmasi-icin-cagri-yapacagiz\\\/#primaryimage\"},\"image\":{\"@id\":\"https:\\\/\\\/kuzeyinsesi.org\\\/index.php\\\/2026\\\/09\\\/03\\\/incirli-facia-ile-ilgili-mecliste-arastirma-komitesi-kurulmasi-icin-cagri-yapacagiz\\\/#primaryimage\"},\"thumbnailUrl\":\"https:\\\/\\\/kuzeyinsesi.org\\\/wp-content\\\/uploads\\\/2026\\\/09\\\/Kuzeyinsesikj-2026-09-03T150707.013.jpg\",\"datePublished\":\"2026-09-03T12:07:47+00:00\",\"author\":{\"@id\":\"https:\\\/\\\/kuzeyinsesi.org\\\/#\\\/schema\\\/person\\\/9f859689cdf01485597712386e37f5aa\"},\"breadcrumb\":{\"@id\":\"https:\\\/\\\/kuzeyinsesi.org\\\/index.php\\\/2026\\\/09\\\/03\\\/incirli-facia-ile-ilgili-mecliste-arastirma-komitesi-kurulmasi-icin-cagri-yapacagiz\\\/#breadcrumb\"},\"inLanguage\":\"tr\",\"potentialAction\":[{\"@type\":\"ReadAction\",\"target\":[\"https:\\\/\\\/kuzeyinsesi.org\\\/index.php\\\/2026\\\/09\\\/03\\\/incirli-facia-ile-ilgili-mecliste-arastirma-komitesi-kurulmasi-icin-cagri-yapacagiz\\\/\"]}]},{\"@type\":\"ImageObject\",\"inLanguage\":\"tr\",\"@id\":\"https:\\\/\\\/kuzeyinsesi.org\\\/index.php\\\/2026\\\/09\\\/03\\\/incirli-facia-ile-ilgili-mecliste-arastirma-komitesi-kurulmasi-icin-cagri-yapacagiz\\\/#primaryimage\",\"url\":\"https:\\\/\\\/kuzeyinsesi.org\\\/wp-content\\\/uploads\\\/2026\\\/09\\\/Kuzeyinsesikj-2026-09-03T150707.013.jpg\",\"contentUrl\":\"https:\\\/\\\/kuzeyinsesi.org\\\/wp-content\\\/uploads\\\/2026\\\/09\\\/Kuzeyinsesikj-2026-09-03T150707.013.jpg\",\"width\":1600,\"height\":900},{\"@type\":\"BreadcrumbList\",\"@id\":\"https:\\\/\\\/kuzeyinsesi.org\\\/index.php\\\/2026\\\/09\\\/03\\\/incirli-facia-ile-ilgili-mecliste-arastirma-komitesi-kurulmasi-icin-cagri-yapacagiz\\\/#breadcrumb\",\"itemListElement\":[{\"@type\":\"ListItem\",\"position\":1,\"name\":\"Anasayfa\",\"item\":\"https:\\\/\\\/kuzeyinsesi.org\\\/\"},{\"@type\":\"ListItem\",\"position\":2,\"name\":\"\u0130ncirli: Facia ile ilgili Meclis\u2019te ara\u015ft\u0131rma komitesi kurulmas\u0131 i\u00e7in \u00e7a\u011fr\u0131 yapaca\u011f\u0131z\"}]},{\"@type\":\"WebSite\",\"@id\":\"https:\\\/\\\/kuzeyinsesi.org\\\/#website\",\"url\":\"https:\\\/\\\/kuzeyinsesi.org\\\/\",\"name\":\"Kuzeyin Sesi\",\"description\":\"Do\u011fru Haberin Adresi\",\"potentialAction\":[{\"@type\":\"SearchAction\",\"target\":{\"@type\":\"EntryPoint\",\"urlTemplate\":\"https:\\\/\\\/kuzeyinsesi.org\\\/?s={search_term_string}\"},\"query-input\":{\"@type\":\"PropertyValueSpecification\",\"valueRequired\":true,\"valueName\":\"search_term_string\"}}],\"inLanguage\":\"tr\"},{\"@type\":\"Person\",\"@id\":\"https:\\\/\\\/kuzeyinsesi.org\\\/#\\\/schema\\\/person\\\/9f859689cdf01485597712386e37f5aa\",\"name\":\"Kuzeyin Sesi\",\"image\":{\"@type\":\"ImageObject\",\"inLanguage\":\"tr\",\"@id\":\"https:\\\/\\\/secure.gravatar.com\\\/avatar\\\/bab33852abfd8b282518d6ed81826833d77c3c882d9ab608add591ccace47a44?s=96&d=mm&r=g\",\"url\":\"https:\\\/\\\/secure.gravatar.com\\\/avatar\\\/bab33852abfd8b282518d6ed81826833d77c3c882d9ab608add591ccace47a44?s=96&d=mm&r=g\",\"contentUrl\":\"https:\\\/\\\/secure.gravatar.com\\\/avatar\\\/bab33852abfd8b282518d6ed81826833d77c3c882d9ab608add591ccace47a44?s=96&d=mm&r=g\",\"caption\":\"Kuzeyin Sesi\"},\"sameAs\":[\"https:\\\/\\\/kuzeyinsesi.org\"],\"url\":\"https:\\\/\\\/kuzeyinsesi.org\\\/index.php\\\/author\\\/guven\\\/\"}]}<\/script>\n<!-- \/ Yoast SEO plugin. -->","yoast_head_json":{"title":"\u0130ncirli: Facia ile ilgili Meclis\u2019te ara\u015ft\u0131rma komitesi kurulmas\u0131 i\u00e7in \u00e7a\u011fr\u0131 yapaca\u011f\u0131z - Kuzeyin Sesi","robots":{"index":"index","follow":"follow","max-snippet":"max-snippet:-1","max-image-preview":"max-image-preview:large","max-video-preview":"max-video-preview:-1"},"canonical":"https:\/\/kuzeyinsesi.org\/index.php\/2026\/09\/03\/incirli-facia-ile-ilgili-mecliste-arastirma-komitesi-kurulmasi-icin-cagri-yapacagiz\/","og_locale":"tr_TR","og_type":"article","og_title":"\u0130ncirli: Facia ile ilgili Meclis\u2019te ara\u015ft\u0131rma komitesi kurulmas\u0131 i\u00e7in \u00e7a\u011fr\u0131 yapaca\u011f\u0131z - Kuzeyin Sesi","og_description":"Cumhuriyet\u00e7i T\u00fcrk Partisi (CTP) Genel Ba\u015fkan\u0131 S\u0131la Usar \u0130ncirli, Girne a\u00e7\u0131klar\u0131nda meydana gelen gemi facias\u0131n\u0131n t\u00fcm y\u00f6nleriyle ara\u015ft\u0131r\u0131lmas\u0131 amac\u0131yla Cumhuriyet Meclisi\u2019nde bir ara\u015ft\u0131rma komitesi kurulmas\u0131 i\u00e7in haz\u0131rl\u0131k yapt\u0131klar\u0131n\u0131 a\u00e7\u0131klad\u0131. \u0130ncirli, ya\u015fanan siyasi geli\u015fmelere ili\u015fkin de \u201cArt\u0131k bu h\u00fck\u00fcmetin bu i\u015fi yapamad\u0131\u011f\u0131n\u0131 kabul edip \u00fclkenin \u00f6n\u00fcn\u00fc a\u00e7mas\u0131 gerekiyor\u201d dedi. BRTK canl\u0131 yay\u0131n\u0131nda a\u00e7\u0131klamalarda bulunan \u0130ncirli, facian\u0131n [&hellip;]","og_url":"https:\/\/kuzeyinsesi.org\/index.php\/2026\/09\/03\/incirli-facia-ile-ilgili-mecliste-arastirma-komitesi-kurulmasi-icin-cagri-yapacagiz\/","og_site_name":"Kuzeyin Sesi","article_publisher":"https:\/\/www.facebook.com\/kuzeyinsesii","article_published_time":"2026-09-03T12:07:47+00:00","og_image":[{"width":1600,"height":900,"url":"https:\/\/kuzeyinsesi.org\/wp-content\/uploads\/2026\/09\/Kuzeyinsesikj-2026-09-03T150707.013.jpg","type":"image\/jpeg"}],"author":"Kuzeyin Sesi","twitter_card":"summary_large_image","twitter_creator":"@kuzeyinsesii","twitter_site":"@kuzeyinsesii","twitter_misc":{"Yazan:":"Kuzeyin Sesi","Tahmini okuma s\u00fcresi":"3 dakika"},"schema":{"@context":"https:\/\/schema.org","@graph":[{"@type":"Article","@id":"https:\/\/kuzeyinsesi.org\/index.php\/2026\/09\/03\/incirli-facia-ile-ilgili-mecliste-arastirma-komitesi-kurulmasi-icin-cagri-yapacagiz\/#article","isPartOf":{"@id":"https:\/\/kuzeyinsesi.org\/index.php\/2026\/09\/03\/incirli-facia-ile-ilgili-mecliste-arastirma-komitesi-kurulmasi-icin-cagri-yapacagiz\/"},"author":{"name":"Kuzeyin Sesi","@id":"https:\/\/kuzeyinsesi.org\/#\/schema\/person\/9f859689cdf01485597712386e37f5aa"},"headline":"\u0130ncirli: Facia ile ilgili Meclis\u2019te ara\u015ft\u0131rma komitesi kurulmas\u0131 i\u00e7in \u00e7a\u011fr\u0131 yapaca\u011f\u0131z","datePublished":"2026-09-03T12:07:47+00:00","mainEntityOfPage":{"@id":"https:\/\/kuzeyinsesi.org\/index.php\/2026\/09\/03\/incirli-facia-ile-ilgili-mecliste-arastirma-komitesi-kurulmasi-icin-cagri-yapacagiz\/"},"wordCount":627,"commentCount":0,"image":{"@id":"https:\/\/kuzeyinsesi.org\/index.php\/2026\/09\/03\/incirli-facia-ile-ilgili-mecliste-arastirma-komitesi-kurulmasi-icin-cagri-yapacagiz\/#primaryimage"},"thumbnailUrl":"https:\/\/kuzeyinsesi.org\/wp-content\/uploads\/2026\/09\/Kuzeyinsesikj-2026-09-03T150707.013.jpg","keywords":["Ara\u015ft\u0131rma Komitesi","CTP","Cumhuriyet Meclisi","Gemi Facias\u0131","S\u0131la Usar \u0130ncirli"],"articleSection":["K\u0131br\u0131s"],"inLanguage":"tr","potentialAction":[{"@type":"CommentAction","name":"Comment","target":["https:\/\/kuzeyinsesi.org\/index.php\/2026\/09\/03\/incirli-facia-ile-ilgili-mecliste-arastirma-komitesi-kurulmasi-icin-cagri-yapacagiz\/#respond"]}]},{"@type":"WebPage","@id":"https:\/\/kuzeyinsesi.org\/index.php\/2026\/09\/03\/incirli-facia-ile-ilgili-mecliste-arastirma-komitesi-kurulmasi-icin-cagri-yapacagiz\/","url":"https:\/\/kuzeyinsesi.org\/index.php\/2026\/09\/03\/incirli-facia-ile-ilgili-mecliste-arastirma-komitesi-kurulmasi-icin-cagri-yapacagiz\/","name":"\u0130ncirli: Facia ile ilgili Meclis\u2019te ara\u015ft\u0131rma komitesi kurulmas\u0131 i\u00e7in \u00e7a\u011fr\u0131 yapaca\u011f\u0131z - Kuzeyin Sesi","isPartOf":{"@id":"https:\/\/kuzeyinsesi.org\/#website"},"primaryImageOfPage":{"@id":"https:\/\/kuzeyinsesi.org\/index.php\/2026\/09\/03\/incirli-facia-ile-ilgili-mecliste-arastirma-komitesi-kurulmasi-icin-cagri-yapacagiz\/#primaryimage"},"image":{"@id":"https:\/\/kuzeyinsesi.org\/index.php\/2026\/09\/03\/incirli-facia-ile-ilgili-mecliste-arastirma-komitesi-kurulmasi-icin-cagri-yapacagiz\/#primaryimage"},"thumbnailUrl":"https:\/\/kuzeyinsesi.org\/wp-content\/uploads\/2026\/09\/Kuzeyinsesikj-2026-09-03T150707.013.jpg","datePublished":"2026-09-03T12:07:47+00:00","author":{"@id":"https:\/\/kuzeyinsesi.org\/#\/schema\/person\/9f859689cdf01485597712386e37f5aa"},"breadcrumb":{"@id":"https:\/\/kuzeyinsesi.org\/index.php\/2026\/09\/03\/incirli-facia-ile-ilgili-mecliste-arastirma-komitesi-kurulmasi-icin-cagri-yapacagiz\/#breadcrumb"},"inLanguage":"tr","potentialAction":[{"@type":"ReadAction","target":["https:\/\/kuzeyinsesi.org\/index.php\/2026\/09\/03\/incirli-facia-ile-ilgili-mecliste-arastirma-komitesi-kurulmasi-icin-cagri-yapacagiz\/"]}]},{"@type":"ImageObject","inLanguage":"tr","@id":"https:\/\/kuzeyinsesi.org\/index.php\/2026\/09\/03\/incirli-facia-ile-ilgili-mecliste-arastirma-komitesi-kurulmasi-icin-cagri-yapacagiz\/#primaryimage","url":"https:\/\/kuzeyinsesi.org\/wp-content\/uploads\/2026\/09\/Kuzeyinsesikj-2026-09-03T150707.013.jpg","contentUrl":"https:\/\/kuzeyinsesi.org\/wp-content\/uploads\/2026\/09\/Kuzeyinsesikj-2026-09-03T150707.013.jpg","width":1600,"height":900},{"@type":"BreadcrumbList","@id":"https:\/\/kuzeyinsesi.org\/index.php\/2026\/09\/03\/incirli-facia-ile-ilgili-mecliste-arastirma-komitesi-kurulmasi-icin-cagri-yapacagiz\/#breadcrumb","itemListElement":[{"@type":"ListItem","position":1,"name":"Anasayfa","item":"https:\/\/kuzeyinsesi.org\/"},{"@type":"ListItem","position":2,"name":"\u0130ncirli: Facia ile ilgili Meclis\u2019te ara\u015ft\u0131rma komitesi kurulmas\u0131 i\u00e7in \u00e7a\u011fr\u0131 yapaca\u011f\u0131z"}]},{"@type":"WebSite","@id":"https:\/\/kuzeyinsesi.org\/#website","url":"https:\/\/kuzeyinsesi.org\/","name":"Kuzeyin Sesi","description":"Do\u011fru Haberin Adresi","potentialAction":[{"@type":"SearchAction","target":{"@type":"EntryPoint","urlTemplate":"https:\/\/kuzeyinsesi.org\/?s={search_term_string}"},"query-input":{"@type":"PropertyValueSpecification","valueRequired":true,"valueName":"search_term_string"}}],"inLanguage":"tr"},{"@type":"Person","@id":"https:\/\/kuzeyinsesi.org\/#\/schema\/person\/9f859689cdf01485597712386e37f5aa","name":"Kuzeyin Sesi","image":{"@type":"ImageObject","inLanguage":"tr","@id":"https:\/\/secure.gravatar.com\/avatar\/bab33852abfd8b282518d6ed81826833d77c3c882d9ab608add591ccace47a44?s=96&d=mm&r=g","url":"https:\/\/secure.gravatar.com\/avatar\/bab33852abfd8b282518d6ed81826833d77c3c882d9ab608add591ccace47a44?s=96&d=mm&r=g","contentUrl":"https:\/\/secure.gravatar.com\/avatar\/bab33852abfd8b282518d6ed81826833d77c3c882d9ab608add591ccace47a44?s=96&d=mm&r=g","caption":"Kuzeyin Sesi"},"sameAs":["https:\/\/kuzeyinsesi.org"],"url":"https:\/\/kuzeyinsesi.org\/index.php\/author\/guven\/"}]}},"_links":{"self":[{"href":"https:\/\/kuzeyinsesi.org\/index.php\/wp-json\/wp\/v2\/posts\/45990","targetHints":{"allow":["GET"]}}],"collection":[{"href":"https:\/\/kuzeyinsesi.org\/index.php\/wp-json\/wp\/v2\/posts"}],"about":[{"href":"https:\/\/kuzeyinsesi.org\/index.php\/wp-json\/wp\/v2\/types\/post"}],"author":[{"embeddable":true,"href":"https:\/\/kuzeyinsesi.org\/index.php\/wp-json\/wp\/v2\/users\/1"}],"replies":[{"embeddable":true,"href":"https:\/\/kuzeyinsesi.org\/index.php\/wp-json\/wp\/v2\/comments?post=45990"}],"version-history":[{"count":1,"href":"https:\/\/kuzeyinsesi.org\/index.php\/wp-json\/wp\/v2\/posts\/45990\/revisions"}],"predecessor-version":[{"id":45997,"href":"https:\/\/kuzeyinsesi.org\/index.php\/wp-json\/wp\/v2\/posts\/45990\/revisions\/45997"}],"wp:featuredmedia":[{"embeddable":true,"href":"https:\/\/kuzeyinsesi.org\/index.php\/wp-json\/wp\/v2\/media\/45996"}],"wp:attachment":[{"href":"https:\/\/kuzeyinsesi.org\/index.php\/wp-json\/wp\/v2\/media?parent=45990"}],"wp:term":[{"taxonomy":"category","embeddable":true,"href":"https:\/\/kuzeyinsesi.org\/index.php\/wp-json\/wp\/v2\/categories?post=45990"},{"taxonomy":"post_tag","embeddable":true,"href":"https:\/\/kuzeyinsesi.org\/index.php\/wp-json\/wp\/v2\/tags?post=45990"}],"curies":[{"name":"wp","href":"https:\/\/api.w.org\/{rel}","templated":true}]}}