{"id":45984,"date":"2026-09-03T06:46:02","date_gmt":"2026-09-03T03:46:02","guid":{"rendered":"https:\/\/kuzeyinsesi.org\/index.php\/2026\/09\/03\/venezuela-gecici-devlet-baskani-rodriguez-secim-olacak-ama-ulke-hazir-oldugunda\/"},"modified":"2026-09-03T06:46:02","modified_gmt":"2026-09-03T03:46:02","slug":"venezuela-gecici-devlet-baskani-rodriguez-secim-olacak-ama-ulke-hazir-oldugunda","status":"publish","type":"post","link":"https:\/\/kuzeyinsesi.org\/index.php\/2026\/09\/03\/venezuela-gecici-devlet-baskani-rodriguez-secim-olacak-ama-ulke-hazir-oldugunda\/","title":{"rendered":"Venezuela Ge\u00e7ici Devlet Ba\u015fkan\u0131 Rodriguez: Se\u00e7im olacak ama \u00fclke haz\u0131r oldu\u011funda"},"content":{"rendered":"<p><\/p>\n<div>\n<p>&#13;<br \/>\n\tBa\u015fkent Caracas&#8217;taki Devlet Ba\u015fkan\u0131 Saray\u0131 Miraflores&#8217;te d\u00fczenlenen bas\u0131n toplant\u0131s\u0131nda konu\u015fan Rodriguez, 5 Ocak&#8217;ta g\u00f6revi devrald\u0131\u011f\u0131ndan bu yana &#8220;gece g\u00fcnd\u00fcz&#8221; \u00e7al\u0131\u015ft\u0131\u011f\u0131n\u0131 belirtti.<\/p>\n<p>&#13;<br \/>\n\tRodriguez, Venezuela&#8217;da gerekli \u015fartlar sa\u011fland\u0131\u011f\u0131nda se\u00e7ime gidilece\u011fini vurgulayarak, &#8220;Se\u00e7im olacak ama \u00fclke haz\u0131r oldu\u011funda. Venezuela&#8217;n\u0131n zaman\u0131 geldi\u011finde sand\u0131k ba\u015f\u0131na gitmeye tamamen haz\u0131r olmas\u0131 i\u00e7in durmaks\u0131z\u0131n \u00e7al\u0131\u015ft\u0131m. Hi\u00e7 \u015f\u00fcpheniz olmas\u0131n, bu \u00fclkede <a href=\"https:\/\/www.trthaber.com\/etiket\/secim\/\" target=\"_blank\">se\u00e7im<\/a> yap\u0131lacak ancak bu s\u00fcre\u00e7, Venezuela&#8217;n\u0131n tamamen haz\u0131r oldu\u011fu ko\u015fullarda ger\u00e7ekle\u015fecek&#8221; de\u011ferlendirmesinde bulundu.<\/p>\n<p>&#13;<br \/>\n\tVenezuela&#8217;da demokratik huzurun sa\u011flanmas\u0131 ve \u00fclkeye y\u00f6nelik yapt\u0131r\u0131m \u00e7emberinin tamamen k\u0131r\u0131lmas\u0131 i\u00e7in yo\u011fun bir diplomasi y\u00fcr\u00fctt\u00fc\u011f\u00fcn\u00fc dile getiren Rodriguez, &#8220;Venezuela&#8217;da y\u00fcr\u00fcrl\u00fckte olan bir <a href=\"https:\/\/www.trthaber.com\/etiket\/anayasa\/\" target=\"_blank\">Anayasa<\/a> ve bu Anayasa&#8217;n\u0131n teminat alt\u0131na ald\u0131\u011f\u0131 demokratik bir d\u00fczen mevcuttur. Kald\u0131 ki <a href=\"https:\/\/secim.trthaber.com\" class=\"external-tagged-url\" target=\"_blank\">se\u00e7im<\/a> tarihini belirleyen merci de ben de\u011filim&#8221; ifadelerini kulland\u0131.<\/p>\n<p>&#13;<br \/>\n\t<a href=\"https:\/\/www.trthaber.com\/etiket\/abd\/\" target=\"_blank\">ABD<\/a> Ba\u015fkan\u0131 <a href=\"https:\/\/www.trthaber.com\/etiket\/donald-trump\/\" target=\"_blank\">Donald Trump<\/a> da Venezuela&#8217;n\u0131n se\u00e7imlere &#8220;hen\u00fcz haz\u0131r olmad\u0131\u011f\u0131n\u0131&#8221; belirtmi\u015f, \u00fclkenin daha fazla zamana ihtiyac\u0131 oldu\u011funu savunmu\u015ftu.<\/p>\n<h2>&#13;<br \/>\n\tNe olmu\u015ftu?<\/h2>\n<p>&#13;<br \/>\n\tVenezuela&#8217;n\u0131n ba\u015fkenti Caracas&#8217;ta 3 Ocak&#8217;ta patlama ve u\u00e7ak sesleri duyulmu\u015f, <a href=\"https:\/\/www.trthaber.com\/etiket\/venezuela\/\" target=\"_blank\">Venezuela<\/a> y\u00f6netimi patlamalar\u0131n ard\u0131ndan ABD&#8217;yi \u00fclkenin \u00e7e\u015fitli b\u00f6lgelerinde sivil ve askeri tesislere sald\u0131r\u0131 d\u00fczenlemekle su\u00e7lam\u0131\u015ft\u0131.<\/p>\n<p>&#13;<br \/>\n\tABD Ba\u015fkan\u0131 Donald Trump, Venezuela Devlet Ba\u015fkan\u0131 Nicolas Maduro&#8217;ya kar\u015f\u0131 b\u00fcy\u00fck \u00e7apl\u0131 sald\u0131r\u0131 d\u00fczenlendi\u011fini, Maduro ile e\u015finin \u00fclke d\u0131\u015f\u0131na \u00e7\u0131kar\u0131ld\u0131\u011f\u0131n\u0131 duyurmu\u015ftu.<\/p>\n<p>&#13;<br \/>\n\tD\u00f6nemin ABD Adalet Bakan\u0131 Pam Bondi, Maduro ve e\u015fi Flores hakk\u0131nda ABD&#8217;de su\u00e7 duyurusunda bulunuldu\u011funu, Maduro&#8217;ya &#8220;uyu\u015fturucu ter\u00f6rizmi, kokain ka\u00e7ak\u00e7\u0131l\u0131\u011f\u0131, ABD&#8217;ye kar\u015f\u0131 makineli t\u00fcfek ve y\u0131k\u0131c\u0131 cihazlara sahip olma&#8221; su\u00e7lamalar\u0131n\u0131n y\u00f6neltildi\u011fini a\u00e7\u0131klam\u0131\u015ft\u0131.<\/p>\n<\/p><\/div>\n","protected":false},"excerpt":{"rendered":"<p>&#13; Ba\u015fkent Caracas&#8217;taki Devlet Ba\u015fkan\u0131 Saray\u0131 Miraflores&#8217;te d\u00fczenlenen bas\u0131n toplant\u0131s\u0131nda konu\u015fan Rodriguez, 5 Ocak&#8217;ta g\u00f6revi devrald\u0131\u011f\u0131ndan bu yana &#8220;gece g\u00fcnd\u00fcz&#8221; \u00e7al\u0131\u015ft\u0131\u011f\u0131n\u0131 belirtti. &#13; Rodriguez, Venezuela&#8217;da gerekli \u015fartlar sa\u011fland\u0131\u011f\u0131nda se\u00e7ime gidilece\u011fini vurgulayarak, &#8220;Se\u00e7im olacak ama \u00fclke haz\u0131r oldu\u011funda. Venezuela&#8217;n\u0131n zaman\u0131 geldi\u011finde sand\u0131k ba\u015f\u0131na gitmeye tamamen haz\u0131r olmas\u0131 i\u00e7in durmaks\u0131z\u0131n \u00e7al\u0131\u015ft\u0131m. Hi\u00e7 \u015f\u00fcpheniz olmas\u0131n, bu \u00fclkede se\u00e7im [&hellip;]<\/p>\n","protected":false},"author":1,"featured_media":45985,"comment_status":"open","ping_status":"open","sticky":false,"template":"","format":"standard","meta":{"jnews-multi-image_gallery":[],"jnews_single_post":[],"jnews_primary_category":[],"jnews_social_meta":[],"jnews_override_counter":[],"footnotes":""},"categories":[2],"tags":[],"class_list":["post-45984","post","type-post","status-publish","format-standard","has-post-thumbnail","hentry","category-dunya"],"yoast_head":"<!-- This site is optimized with the Yoast SEO plugin v28.4 - https:\/\/yoast.com\/product\/yoast-seo-wordpress\/ -->\n<title>Venezuela Ge\u00e7ici Devlet Ba\u015fkan\u0131 Rodriguez: Se\u00e7im olacak ama \u00fclke haz\u0131r oldu\u011funda - Kuzeyin Sesi<\/title>\n<meta name=\"robots\" content=\"index, follow, max-snippet:-1, max-image-preview:large, max-video-preview:-1\" \/>\n<link rel=\"canonical\" href=\"https:\/\/kuzeyinsesi.org\/index.php\/2026\/09\/03\/venezuela-gecici-devlet-baskani-rodriguez-secim-olacak-ama-ulke-hazir-oldugunda\/\" \/>\n<meta property=\"og:locale\" content=\"tr_TR\" \/>\n<meta property=\"og:type\" content=\"article\" \/>\n<meta property=\"og:title\" content=\"Venezuela Ge\u00e7ici Devlet Ba\u015fkan\u0131 Rodriguez: Se\u00e7im olacak ama \u00fclke haz\u0131r oldu\u011funda - Kuzeyin Sesi\" \/>\n<meta property=\"og:description\" content=\"&#013; Ba\u015fkent Caracas&#8217;taki Devlet Ba\u015fkan\u0131 Saray\u0131 Miraflores&#8217;te d\u00fczenlenen bas\u0131n toplant\u0131s\u0131nda konu\u015fan Rodriguez, 5 Ocak&#8217;ta g\u00f6revi devrald\u0131\u011f\u0131ndan bu yana &#8220;gece g\u00fcnd\u00fcz&#8221; \u00e7al\u0131\u015ft\u0131\u011f\u0131n\u0131 belirtti. &#013; Rodriguez, Venezuela&#8217;da gerekli \u015fartlar sa\u011fland\u0131\u011f\u0131nda se\u00e7ime gidilece\u011fini vurgulayarak, &#8220;Se\u00e7im olacak ama \u00fclke haz\u0131r oldu\u011funda. Venezuela&#8217;n\u0131n zaman\u0131 geldi\u011finde sand\u0131k ba\u015f\u0131na gitmeye tamamen haz\u0131r olmas\u0131 i\u00e7in durmaks\u0131z\u0131n \u00e7al\u0131\u015ft\u0131m. Hi\u00e7 \u015f\u00fcpheniz olmas\u0131n, bu \u00fclkede se\u00e7im [&hellip;]\" \/>\n<meta property=\"og:url\" content=\"https:\/\/kuzeyinsesi.org\/index.php\/2026\/09\/03\/venezuela-gecici-devlet-baskani-rodriguez-secim-olacak-ama-ulke-hazir-oldugunda\/\" \/>\n<meta property=\"og:site_name\" content=\"Kuzeyin Sesi\" \/>\n<meta property=\"article:publisher\" content=\"https:\/\/www.facebook.com\/kuzeyinsesii\" \/>\n<meta property=\"article:published_time\" content=\"2026-09-03T03:46:02+00:00\" \/>\n<meta property=\"og:image\" content=\"https:\/\/trthaberstatic.cdn.wp.trt.com.tr\/resimler\/2428000\/delcy-rodriguez-reuters-2428743.jpg\" \/>\n<meta name=\"author\" content=\"Kuzeyin Sesi\" \/>\n<meta name=\"twitter:card\" content=\"summary_large_image\" \/>\n<meta name=\"twitter:creator\" content=\"@kuzeyinsesii\" \/>\n<meta name=\"twitter:site\" content=\"@kuzeyinsesii\" \/>\n<meta name=\"twitter:label1\" content=\"Yazan:\" \/>\n\t<meta name=\"twitter:data1\" content=\"Kuzeyin Sesi\" \/>\n\t<meta name=\"twitter:label2\" content=\"Tahmini okuma s\u00fcresi\" \/>\n\t<meta name=\"twitter:data2\" content=\"2 dakika\" \/>\n<script type=\"application\/ld+json\" class=\"yoast-schema-graph\">{\"@context\":\"https:\\\/\\\/schema.org\",\"@graph\":[{\"@type\":\"Article\",\"@id\":\"https:\\\/\\\/kuzeyinsesi.org\\\/index.php\\\/2026\\\/09\\\/03\\\/venezuela-gecici-devlet-baskani-rodriguez-secim-olacak-ama-ulke-hazir-oldugunda\\\/#article\",\"isPartOf\":{\"@id\":\"https:\\\/\\\/kuzeyinsesi.org\\\/index.php\\\/2026\\\/09\\\/03\\\/venezuela-gecici-devlet-baskani-rodriguez-secim-olacak-ama-ulke-hazir-oldugunda\\\/\"},\"author\":{\"name\":\"Kuzeyin Sesi\",\"@id\":\"https:\\\/\\\/kuzeyinsesi.org\\\/#\\\/schema\\\/person\\\/9f859689cdf01485597712386e37f5aa\"},\"headline\":\"Venezuela Ge\u00e7ici Devlet Ba\u015fkan\u0131 Rodriguez: Se\u00e7im olacak ama \u00fclke haz\u0131r oldu\u011funda\",\"datePublished\":\"2026-09-03T03:46:02+00:00\",\"mainEntityOfPage\":{\"@id\":\"https:\\\/\\\/kuzeyinsesi.org\\\/index.php\\\/2026\\\/09\\\/03\\\/venezuela-gecici-devlet-baskani-rodriguez-secim-olacak-ama-ulke-hazir-oldugunda\\\/\"},\"wordCount\":351,\"commentCount\":0,\"image\":{\"@id\":\"https:\\\/\\\/kuzeyinsesi.org\\\/index.php\\\/2026\\\/09\\\/03\\\/venezuela-gecici-devlet-baskani-rodriguez-secim-olacak-ama-ulke-hazir-oldugunda\\\/#primaryimage\"},\"thumbnailUrl\":\"https:\\\/\\\/kuzeyinsesi.org\\\/wp-content\\\/uploads\\\/2026\\\/09\\\/delcy-rodriguez-reuters-2428743.jpg\",\"articleSection\":[\"D\u00fcnya\"],\"inLanguage\":\"tr\",\"potentialAction\":[{\"@type\":\"CommentAction\",\"name\":\"Comment\",\"target\":[\"https:\\\/\\\/kuzeyinsesi.org\\\/index.php\\\/2026\\\/09\\\/03\\\/venezuela-gecici-devlet-baskani-rodriguez-secim-olacak-ama-ulke-hazir-oldugunda\\\/#respond\"]}]},{\"@type\":\"WebPage\",\"@id\":\"https:\\\/\\\/kuzeyinsesi.org\\\/index.php\\\/2026\\\/09\\\/03\\\/venezuela-gecici-devlet-baskani-rodriguez-secim-olacak-ama-ulke-hazir-oldugunda\\\/\",\"url\":\"https:\\\/\\\/kuzeyinsesi.org\\\/index.php\\\/2026\\\/09\\\/03\\\/venezuela-gecici-devlet-baskani-rodriguez-secim-olacak-ama-ulke-hazir-oldugunda\\\/\",\"name\":\"Venezuela Ge\u00e7ici Devlet Ba\u015fkan\u0131 Rodriguez: Se\u00e7im olacak ama \u00fclke haz\u0131r oldu\u011funda - Kuzeyin Sesi\",\"isPartOf\":{\"@id\":\"https:\\\/\\\/kuzeyinsesi.org\\\/#website\"},\"primaryImageOfPage\":{\"@id\":\"https:\\\/\\\/kuzeyinsesi.org\\\/index.php\\\/2026\\\/09\\\/03\\\/venezuela-gecici-devlet-baskani-rodriguez-secim-olacak-ama-ulke-hazir-oldugunda\\\/#primaryimage\"},\"image\":{\"@id\":\"https:\\\/\\\/kuzeyinsesi.org\\\/index.php\\\/2026\\\/09\\\/03\\\/venezuela-gecici-devlet-baskani-rodriguez-secim-olacak-ama-ulke-hazir-oldugunda\\\/#primaryimage\"},\"thumbnailUrl\":\"https:\\\/\\\/kuzeyinsesi.org\\\/wp-content\\\/uploads\\\/2026\\\/09\\\/delcy-rodriguez-reuters-2428743.jpg\",\"datePublished\":\"2026-09-03T03:46:02+00:00\",\"author\":{\"@id\":\"https:\\\/\\\/kuzeyinsesi.org\\\/#\\\/schema\\\/person\\\/9f859689cdf01485597712386e37f5aa\"},\"breadcrumb\":{\"@id\":\"https:\\\/\\\/kuzeyinsesi.org\\\/index.php\\\/2026\\\/09\\\/03\\\/venezuela-gecici-devlet-baskani-rodriguez-secim-olacak-ama-ulke-hazir-oldugunda\\\/#breadcrumb\"},\"inLanguage\":\"tr\",\"potentialAction\":[{\"@type\":\"ReadAction\",\"target\":[\"https:\\\/\\\/kuzeyinsesi.org\\\/index.php\\\/2026\\\/09\\\/03\\\/venezuela-gecici-devlet-baskani-rodriguez-secim-olacak-ama-ulke-hazir-oldugunda\\\/\"]}]},{\"@type\":\"ImageObject\",\"inLanguage\":\"tr\",\"@id\":\"https:\\\/\\\/kuzeyinsesi.org\\\/index.php\\\/2026\\\/09\\\/03\\\/venezuela-gecici-devlet-baskani-rodriguez-secim-olacak-ama-ulke-hazir-oldugunda\\\/#primaryimage\",\"url\":\"https:\\\/\\\/kuzeyinsesi.org\\\/wp-content\\\/uploads\\\/2026\\\/09\\\/delcy-rodriguez-reuters-2428743.jpg\",\"contentUrl\":\"https:\\\/\\\/kuzeyinsesi.org\\\/wp-content\\\/uploads\\\/2026\\\/09\\\/delcy-rodriguez-reuters-2428743.jpg\",\"width\":1280,\"height\":720},{\"@type\":\"BreadcrumbList\",\"@id\":\"https:\\\/\\\/kuzeyinsesi.org\\\/index.php\\\/2026\\\/09\\\/03\\\/venezuela-gecici-devlet-baskani-rodriguez-secim-olacak-ama-ulke-hazir-oldugunda\\\/#breadcrumb\",\"itemListElement\":[{\"@type\":\"ListItem\",\"position\":1,\"name\":\"Anasayfa\",\"item\":\"https:\\\/\\\/kuzeyinsesi.org\\\/\"},{\"@type\":\"ListItem\",\"position\":2,\"name\":\"Venezuela Ge\u00e7ici Devlet Ba\u015fkan\u0131 Rodriguez: Se\u00e7im olacak ama \u00fclke haz\u0131r oldu\u011funda\"}]},{\"@type\":\"WebSite\",\"@id\":\"https:\\\/\\\/kuzeyinsesi.org\\\/#website\",\"url\":\"https:\\\/\\\/kuzeyinsesi.org\\\/\",\"name\":\"Kuzeyin Sesi\",\"description\":\"Do\u011fru Haberin Adresi\",\"potentialAction\":[{\"@type\":\"SearchAction\",\"target\":{\"@type\":\"EntryPoint\",\"urlTemplate\":\"https:\\\/\\\/kuzeyinsesi.org\\\/?s={search_term_string}\"},\"query-input\":{\"@type\":\"PropertyValueSpecification\",\"valueRequired\":true,\"valueName\":\"search_term_string\"}}],\"inLanguage\":\"tr\"},{\"@type\":\"Person\",\"@id\":\"https:\\\/\\\/kuzeyinsesi.org\\\/#\\\/schema\\\/person\\\/9f859689cdf01485597712386e37f5aa\",\"name\":\"Kuzeyin Sesi\",\"image\":{\"@type\":\"ImageObject\",\"inLanguage\":\"tr\",\"@id\":\"https:\\\/\\\/secure.gravatar.com\\\/avatar\\\/bab33852abfd8b282518d6ed81826833d77c3c882d9ab608add591ccace47a44?s=96&d=mm&r=g\",\"url\":\"https:\\\/\\\/secure.gravatar.com\\\/avatar\\\/bab33852abfd8b282518d6ed81826833d77c3c882d9ab608add591ccace47a44?s=96&d=mm&r=g\",\"contentUrl\":\"https:\\\/\\\/secure.gravatar.com\\\/avatar\\\/bab33852abfd8b282518d6ed81826833d77c3c882d9ab608add591ccace47a44?s=96&d=mm&r=g\",\"caption\":\"Kuzeyin Sesi\"},\"sameAs\":[\"https:\\\/\\\/kuzeyinsesi.org\"],\"url\":\"https:\\\/\\\/kuzeyinsesi.org\\\/index.php\\\/author\\\/guven\\\/\"}]}<\/script>\n<!-- \/ Yoast SEO plugin. -->","yoast_head_json":{"title":"Venezuela Ge\u00e7ici Devlet Ba\u015fkan\u0131 Rodriguez: Se\u00e7im olacak ama \u00fclke haz\u0131r oldu\u011funda - Kuzeyin Sesi","robots":{"index":"index","follow":"follow","max-snippet":"max-snippet:-1","max-image-preview":"max-image-preview:large","max-video-preview":"max-video-preview:-1"},"canonical":"https:\/\/kuzeyinsesi.org\/index.php\/2026\/09\/03\/venezuela-gecici-devlet-baskani-rodriguez-secim-olacak-ama-ulke-hazir-oldugunda\/","og_locale":"tr_TR","og_type":"article","og_title":"Venezuela Ge\u00e7ici Devlet Ba\u015fkan\u0131 Rodriguez: Se\u00e7im olacak ama \u00fclke haz\u0131r oldu\u011funda - Kuzeyin Sesi","og_description":"&#13; Ba\u015fkent Caracas&#8217;taki Devlet Ba\u015fkan\u0131 Saray\u0131 Miraflores&#8217;te d\u00fczenlenen bas\u0131n toplant\u0131s\u0131nda konu\u015fan Rodriguez, 5 Ocak&#8217;ta g\u00f6revi devrald\u0131\u011f\u0131ndan bu yana &#8220;gece g\u00fcnd\u00fcz&#8221; \u00e7al\u0131\u015ft\u0131\u011f\u0131n\u0131 belirtti. &#13; Rodriguez, Venezuela&#8217;da gerekli \u015fartlar sa\u011fland\u0131\u011f\u0131nda se\u00e7ime gidilece\u011fini vurgulayarak, &#8220;Se\u00e7im olacak ama \u00fclke haz\u0131r oldu\u011funda. Venezuela&#8217;n\u0131n zaman\u0131 geldi\u011finde sand\u0131k ba\u015f\u0131na gitmeye tamamen haz\u0131r olmas\u0131 i\u00e7in durmaks\u0131z\u0131n \u00e7al\u0131\u015ft\u0131m. Hi\u00e7 \u015f\u00fcpheniz olmas\u0131n, bu \u00fclkede se\u00e7im [&hellip;]","og_url":"https:\/\/kuzeyinsesi.org\/index.php\/2026\/09\/03\/venezuela-gecici-devlet-baskani-rodriguez-secim-olacak-ama-ulke-hazir-oldugunda\/","og_site_name":"Kuzeyin Sesi","article_publisher":"https:\/\/www.facebook.com\/kuzeyinsesii","article_published_time":"2026-09-03T03:46:02+00:00","og_image":[{"url":"https:\/\/trthaberstatic.cdn.wp.trt.com.tr\/resimler\/2428000\/delcy-rodriguez-reuters-2428743.jpg","type":"","width":"","height":""}],"author":"Kuzeyin Sesi","twitter_card":"summary_large_image","twitter_creator":"@kuzeyinsesii","twitter_site":"@kuzeyinsesii","twitter_misc":{"Yazan:":"Kuzeyin Sesi","Tahmini okuma s\u00fcresi":"2 dakika"},"schema":{"@context":"https:\/\/schema.org","@graph":[{"@type":"Article","@id":"https:\/\/kuzeyinsesi.org\/index.php\/2026\/09\/03\/venezuela-gecici-devlet-baskani-rodriguez-secim-olacak-ama-ulke-hazir-oldugunda\/#article","isPartOf":{"@id":"https:\/\/kuzeyinsesi.org\/index.php\/2026\/09\/03\/venezuela-gecici-devlet-baskani-rodriguez-secim-olacak-ama-ulke-hazir-oldugunda\/"},"author":{"name":"Kuzeyin Sesi","@id":"https:\/\/kuzeyinsesi.org\/#\/schema\/person\/9f859689cdf01485597712386e37f5aa"},"headline":"Venezuela Ge\u00e7ici Devlet Ba\u015fkan\u0131 Rodriguez: Se\u00e7im olacak ama \u00fclke haz\u0131r oldu\u011funda","datePublished":"2026-09-03T03:46:02+00:00","mainEntityOfPage":{"@id":"https:\/\/kuzeyinsesi.org\/index.php\/2026\/09\/03\/venezuela-gecici-devlet-baskani-rodriguez-secim-olacak-ama-ulke-hazir-oldugunda\/"},"wordCount":351,"commentCount":0,"image":{"@id":"https:\/\/kuzeyinsesi.org\/index.php\/2026\/09\/03\/venezuela-gecici-devlet-baskani-rodriguez-secim-olacak-ama-ulke-hazir-oldugunda\/#primaryimage"},"thumbnailUrl":"https:\/\/kuzeyinsesi.org\/wp-content\/uploads\/2026\/09\/delcy-rodriguez-reuters-2428743.jpg","articleSection":["D\u00fcnya"],"inLanguage":"tr","potentialAction":[{"@type":"CommentAction","name":"Comment","target":["https:\/\/kuzeyinsesi.org\/index.php\/2026\/09\/03\/venezuela-gecici-devlet-baskani-rodriguez-secim-olacak-ama-ulke-hazir-oldugunda\/#respond"]}]},{"@type":"WebPage","@id":"https:\/\/kuzeyinsesi.org\/index.php\/2026\/09\/03\/venezuela-gecici-devlet-baskani-rodriguez-secim-olacak-ama-ulke-hazir-oldugunda\/","url":"https:\/\/kuzeyinsesi.org\/index.php\/2026\/09\/03\/venezuela-gecici-devlet-baskani-rodriguez-secim-olacak-ama-ulke-hazir-oldugunda\/","name":"Venezuela Ge\u00e7ici Devlet Ba\u015fkan\u0131 Rodriguez: Se\u00e7im olacak ama \u00fclke haz\u0131r oldu\u011funda - Kuzeyin Sesi","isPartOf":{"@id":"https:\/\/kuzeyinsesi.org\/#website"},"primaryImageOfPage":{"@id":"https:\/\/kuzeyinsesi.org\/index.php\/2026\/09\/03\/venezuela-gecici-devlet-baskani-rodriguez-secim-olacak-ama-ulke-hazir-oldugunda\/#primaryimage"},"image":{"@id":"https:\/\/kuzeyinsesi.org\/index.php\/2026\/09\/03\/venezuela-gecici-devlet-baskani-rodriguez-secim-olacak-ama-ulke-hazir-oldugunda\/#primaryimage"},"thumbnailUrl":"https:\/\/kuzeyinsesi.org\/wp-content\/uploads\/2026\/09\/delcy-rodriguez-reuters-2428743.jpg","datePublished":"2026-09-03T03:46:02+00:00","author":{"@id":"https:\/\/kuzeyinsesi.org\/#\/schema\/person\/9f859689cdf01485597712386e37f5aa"},"breadcrumb":{"@id":"https:\/\/kuzeyinsesi.org\/index.php\/2026\/09\/03\/venezuela-gecici-devlet-baskani-rodriguez-secim-olacak-ama-ulke-hazir-oldugunda\/#breadcrumb"},"inLanguage":"tr","potentialAction":[{"@type":"ReadAction","target":["https:\/\/kuzeyinsesi.org\/index.php\/2026\/09\/03\/venezuela-gecici-devlet-baskani-rodriguez-secim-olacak-ama-ulke-hazir-oldugunda\/"]}]},{"@type":"ImageObject","inLanguage":"tr","@id":"https:\/\/kuzeyinsesi.org\/index.php\/2026\/09\/03\/venezuela-gecici-devlet-baskani-rodriguez-secim-olacak-ama-ulke-hazir-oldugunda\/#primaryimage","url":"https:\/\/kuzeyinsesi.org\/wp-content\/uploads\/2026\/09\/delcy-rodriguez-reuters-2428743.jpg","contentUrl":"https:\/\/kuzeyinsesi.org\/wp-content\/uploads\/2026\/09\/delcy-rodriguez-reuters-2428743.jpg","width":1280,"height":720},{"@type":"BreadcrumbList","@id":"https:\/\/kuzeyinsesi.org\/index.php\/2026\/09\/03\/venezuela-gecici-devlet-baskani-rodriguez-secim-olacak-ama-ulke-hazir-oldugunda\/#breadcrumb","itemListElement":[{"@type":"ListItem","position":1,"name":"Anasayfa","item":"https:\/\/kuzeyinsesi.org\/"},{"@type":"ListItem","position":2,"name":"Venezuela Ge\u00e7ici Devlet Ba\u015fkan\u0131 Rodriguez: Se\u00e7im olacak ama \u00fclke haz\u0131r oldu\u011funda"}]},{"@type":"WebSite","@id":"https:\/\/kuzeyinsesi.org\/#website","url":"https:\/\/kuzeyinsesi.org\/","name":"Kuzeyin Sesi","description":"Do\u011fru Haberin Adresi","potentialAction":[{"@type":"SearchAction","target":{"@type":"EntryPoint","urlTemplate":"https:\/\/kuzeyinsesi.org\/?s={search_term_string}"},"query-input":{"@type":"PropertyValueSpecification","valueRequired":true,"valueName":"search_term_string"}}],"inLanguage":"tr"},{"@type":"Person","@id":"https:\/\/kuzeyinsesi.org\/#\/schema\/person\/9f859689cdf01485597712386e37f5aa","name":"Kuzeyin Sesi","image":{"@type":"ImageObject","inLanguage":"tr","@id":"https:\/\/secure.gravatar.com\/avatar\/bab33852abfd8b282518d6ed81826833d77c3c882d9ab608add591ccace47a44?s=96&d=mm&r=g","url":"https:\/\/secure.gravatar.com\/avatar\/bab33852abfd8b282518d6ed81826833d77c3c882d9ab608add591ccace47a44?s=96&d=mm&r=g","contentUrl":"https:\/\/secure.gravatar.com\/avatar\/bab33852abfd8b282518d6ed81826833d77c3c882d9ab608add591ccace47a44?s=96&d=mm&r=g","caption":"Kuzeyin Sesi"},"sameAs":["https:\/\/kuzeyinsesi.org"],"url":"https:\/\/kuzeyinsesi.org\/index.php\/author\/guven\/"}]}},"_links":{"self":[{"href":"https:\/\/kuzeyinsesi.org\/index.php\/wp-json\/wp\/v2\/posts\/45984","targetHints":{"allow":["GET"]}}],"collection":[{"href":"https:\/\/kuzeyinsesi.org\/index.php\/wp-json\/wp\/v2\/posts"}],"about":[{"href":"https:\/\/kuzeyinsesi.org\/index.php\/wp-json\/wp\/v2\/types\/post"}],"author":[{"embeddable":true,"href":"https:\/\/kuzeyinsesi.org\/index.php\/wp-json\/wp\/v2\/users\/1"}],"replies":[{"embeddable":true,"href":"https:\/\/kuzeyinsesi.org\/index.php\/wp-json\/wp\/v2\/comments?post=45984"}],"version-history":[{"count":0,"href":"https:\/\/kuzeyinsesi.org\/index.php\/wp-json\/wp\/v2\/posts\/45984\/revisions"}],"wp:featuredmedia":[{"embeddable":true,"href":"https:\/\/kuzeyinsesi.org\/index.php\/wp-json\/wp\/v2\/media\/45985"}],"wp:attachment":[{"href":"https:\/\/kuzeyinsesi.org\/index.php\/wp-json\/wp\/v2\/media?parent=45984"}],"wp:term":[{"taxonomy":"category","embeddable":true,"href":"https:\/\/kuzeyinsesi.org\/index.php\/wp-json\/wp\/v2\/categories?post=45984"},{"taxonomy":"post_tag","embeddable":true,"href":"https:\/\/kuzeyinsesi.org\/index.php\/wp-json\/wp\/v2\/tags?post=45984"}],"curies":[{"name":"wp","href":"https:\/\/api.w.org\/{rel}","templated":true}]}}