{"id":45983,"date":"2026-09-03T03:40:04","date_gmt":"2026-09-03T00:40:04","guid":{"rendered":"https:\/\/kuzeyinsesi.org\/index.php\/2026\/09\/03\/guterres-abd-ile-iran-arasindaki-saldirilardan-dolayi-son-derece-endise-duydugunu-acikladi\/"},"modified":"2026-09-03T03:40:04","modified_gmt":"2026-09-03T00:40:04","slug":"guterres-abd-ile-iran-arasindaki-saldirilardan-dolayi-son-derece-endise-duydugunu-acikladi","status":"publish","type":"post","link":"https:\/\/kuzeyinsesi.org\/index.php\/2026\/09\/03\/guterres-abd-ile-iran-arasindaki-saldirilardan-dolayi-son-derece-endise-duydugunu-acikladi\/","title":{"rendered":"Guterres, ABD ile \u0130ran aras\u0131ndaki sald\u0131r\u0131lardan dolay\u0131 son derece endi\u015fe duydu\u011funu a\u00e7\u0131klad\u0131"},"content":{"rendered":"<p><\/p>\n<div>\n<p>&#13;<br \/>\n\tBM Genel Sekreteri S\u00f6zc\u00fcs\u00fc Stephane Dujarric, g\u00fcnl\u00fck bas\u0131n toplant\u0131s\u0131nda a\u00e7\u0131klama yapt\u0131.<\/p>\n<p>&#13;<br \/>\n\t&#8220;Genel Sekreterin <a href=\"https:\/\/www.trthaber.com\/etiket\/abd\/\" target=\"_blank\">ABD<\/a> ile <a href=\"https:\/\/www.trthaber.com\/etiket\/iran\/\" target=\"_blank\">\u0130ran<\/a> aras\u0131nda gece yeniden ba\u015flayan kar\u015f\u0131l\u0131kl\u0131 ate\u015f a\u00e7\u0131lmas\u0131ndan son derece <a href=\"https:\/\/www.trthaber.com\/etiket\/endise\/\" target=\"_blank\">endi\u015fe<\/a> duydu\u011funu s\u00f6yleyebilirim.&#8221; diyen Dujarric, Genel Sekreterin, \u0130ran&#8217;da sivil kay\u0131plara ili\u015fkin haberlerden de derin <a href=\"https:\/\/www.trthaber.com\/etiket\/kaygi\/\" target=\"_blank\">kayg\u0131<\/a> duydu\u011funu aktard\u0131.<\/p>\n<p>&#13;<br \/>\n\tDujarric, &#8220;Genel Sekreter, sivillere y\u00f6nelik t\u00fcm sald\u0131r\u0131lar\u0131 k\u0131namaktad\u0131r. T\u00fcm taraflara, ayr\u0131m, orant\u0131l\u0131l\u0131k ve ihtiyat ilkeleri de dahil olmak \u00fczere uluslararas\u0131 insanc\u0131l <a href=\"https:\/\/www.trthaber.com\/etiket\/hukuk\/\" target=\"_blank\">hukuk<\/a> kapsam\u0131ndaki y\u00fck\u00fcml\u00fcl\u00fcklerine sayg\u0131 duymalar\u0131 gerekti\u011fini hat\u0131rlatmaktad\u0131r.&#8221; dedi.<\/p>\n<h2>&#13;<br \/>\n\t&#8220;Durumun daha da k\u00f6t\u00fcle\u015fme riski bulunuyor&#8221;<\/h2>\n<p>&#13;<br \/>\n\tB\u00f6lgedeki \u00fclkelerin yan\u0131 s\u0131ra hava sahas\u0131 ve kritik denizcilik rotalar\u0131n\u0131n bu t\u0131rman\u0131\u015ftan a\u011f\u0131r \u015fekilde etkilenmeye devam etti\u011fini hat\u0131rlatan Dujarric, Genel Sekreterin askeri eylemlerin derhal durdurulmas\u0131 ve gerilimi t\u0131rmand\u0131racak s\u00f6ylemlerden ka\u00e7\u0131n\u0131lmas\u0131 \u00e7a\u011fr\u0131s\u0131n\u0131 yineledi.<\/p>\n<p>&#13;<br \/>\n\tDujarric, daha fazla t\u0131rman\u0131\u015f\u0131n, siviller, daha geni\u015f b\u00f6lge ve \u00f6tesi i\u00e7in y\u0131k\u0131c\u0131 sonu\u00e7lar do\u011furaca\u011f\u0131 uyar\u0131s\u0131nda bulunarak, &#8220;Zaten bir\u00e7ok insani krizle kar\u015f\u0131 kar\u015f\u0131ya olan bir b\u00f6lgede, insani yard\u0131m operasyonlar\u0131n\u0131n zaten a\u015f\u0131r\u0131 y\u00fck alt\u0131nda ve yetersiz fonland\u0131\u011f\u0131 bir d\u00f6nemde, durumun daha da k\u00f6t\u00fcle\u015fme riski bulunmaktad\u0131r.&#8221; ifadesini kulland\u0131.<\/p>\n<p>&#13;<br \/>\n\tABD Merkez Kuvvetler Komutanl\u0131\u011f\u0131 (CENTCOM), d\u00fcn ak\u015fam saatlerinde, \u0130ran&#8217;da Devrim Muhaf\u0131zlar\u0131 Ordusu hedeflerine sald\u0131r\u0131 ba\u015flatt\u0131\u011f\u0131n\u0131 a\u00e7\u0131klam\u0131\u015ft\u0131.<\/p>\n<p>&#13;<br \/>\n\t\u0130ran makamlar\u0131 da, ABD&#8217;nin sabaha kadar devam eden sald\u0131r\u0131lar\u0131nda en az 18 ki\u015finin \u00f6ld\u00fc\u011f\u00fcn\u00fc, 76 ki\u015finin yaraland\u0131\u011f\u0131n\u0131 bildirmi\u015fti.<\/p>\n<\/p><\/div>\n","protected":false},"excerpt":{"rendered":"<p>&#13; BM Genel Sekreteri S\u00f6zc\u00fcs\u00fc Stephane Dujarric, g\u00fcnl\u00fck bas\u0131n toplant\u0131s\u0131nda a\u00e7\u0131klama yapt\u0131. &#13; &#8220;Genel Sekreterin ABD ile \u0130ran aras\u0131nda gece yeniden ba\u015flayan kar\u015f\u0131l\u0131kl\u0131 ate\u015f a\u00e7\u0131lmas\u0131ndan son derece endi\u015fe duydu\u011funu s\u00f6yleyebilirim.&#8221; diyen Dujarric, Genel Sekreterin, \u0130ran&#8217;da sivil kay\u0131plara ili\u015fkin haberlerden de derin kayg\u0131 duydu\u011funu aktard\u0131. &#13; Dujarric, &#8220;Genel Sekreter, sivillere y\u00f6nelik t\u00fcm sald\u0131r\u0131lar\u0131 k\u0131namaktad\u0131r. T\u00fcm taraflara, [&hellip;]<\/p>\n","protected":false},"author":1,"featured_media":36799,"comment_status":"open","ping_status":"open","sticky":false,"template":"","format":"standard","meta":{"jnews-multi-image_gallery":[],"jnews_single_post":[],"jnews_primary_category":[],"jnews_social_meta":[],"jnews_override_counter":[],"footnotes":""},"categories":[2],"tags":[],"class_list":["post-45983","post","type-post","status-publish","format-standard","has-post-thumbnail","hentry","category-dunya"],"yoast_head":"<!-- This site is optimized with the Yoast SEO plugin v28.4 - https:\/\/yoast.com\/product\/yoast-seo-wordpress\/ -->\n<title>Guterres, ABD ile \u0130ran aras\u0131ndaki sald\u0131r\u0131lardan dolay\u0131 son derece endi\u015fe duydu\u011funu a\u00e7\u0131klad\u0131 - Kuzeyin Sesi<\/title>\n<meta name=\"robots\" content=\"index, follow, max-snippet:-1, max-image-preview:large, max-video-preview:-1\" \/>\n<link rel=\"canonical\" href=\"https:\/\/kuzeyinsesi.org\/index.php\/2026\/09\/03\/guterres-abd-ile-iran-arasindaki-saldirilardan-dolayi-son-derece-endise-duydugunu-acikladi\/\" \/>\n<meta property=\"og:locale\" content=\"tr_TR\" \/>\n<meta property=\"og:type\" content=\"article\" \/>\n<meta property=\"og:title\" content=\"Guterres, ABD ile \u0130ran aras\u0131ndaki sald\u0131r\u0131lardan dolay\u0131 son derece endi\u015fe duydu\u011funu a\u00e7\u0131klad\u0131 - Kuzeyin Sesi\" \/>\n<meta property=\"og:description\" content=\"&#013; BM Genel Sekreteri S\u00f6zc\u00fcs\u00fc Stephane Dujarric, g\u00fcnl\u00fck bas\u0131n toplant\u0131s\u0131nda a\u00e7\u0131klama yapt\u0131. &#013; &#8220;Genel Sekreterin ABD ile \u0130ran aras\u0131nda gece yeniden ba\u015flayan kar\u015f\u0131l\u0131kl\u0131 ate\u015f a\u00e7\u0131lmas\u0131ndan son derece endi\u015fe duydu\u011funu s\u00f6yleyebilirim.&#8221; diyen Dujarric, Genel Sekreterin, \u0130ran&#8217;da sivil kay\u0131plara ili\u015fkin haberlerden de derin kayg\u0131 duydu\u011funu aktard\u0131. &#013; Dujarric, &#8220;Genel Sekreter, sivillere y\u00f6nelik t\u00fcm sald\u0131r\u0131lar\u0131 k\u0131namaktad\u0131r. T\u00fcm taraflara, [&hellip;]\" \/>\n<meta property=\"og:url\" content=\"https:\/\/kuzeyinsesi.org\/index.php\/2026\/09\/03\/guterres-abd-ile-iran-arasindaki-saldirilardan-dolayi-son-derece-endise-duydugunu-acikladi\/\" \/>\n<meta property=\"og:site_name\" content=\"Kuzeyin Sesi\" \/>\n<meta property=\"article:publisher\" content=\"https:\/\/www.facebook.com\/kuzeyinsesii\" \/>\n<meta property=\"article:published_time\" content=\"2026-09-03T00:40:04+00:00\" \/>\n<meta property=\"og:image\" content=\"https:\/\/trthaberstatic.cdn.wp.trt.com.tr\/resimler\/2454000\/abd-iran-2454861.jpg\" \/>\n<meta name=\"author\" content=\"Kuzeyin Sesi\" \/>\n<meta name=\"twitter:card\" content=\"summary_large_image\" \/>\n<meta name=\"twitter:creator\" content=\"@kuzeyinsesii\" \/>\n<meta name=\"twitter:site\" content=\"@kuzeyinsesii\" \/>\n<meta name=\"twitter:label1\" content=\"Yazan:\" \/>\n\t<meta name=\"twitter:data1\" content=\"Kuzeyin Sesi\" \/>\n\t<meta name=\"twitter:label2\" content=\"Tahmini okuma s\u00fcresi\" \/>\n\t<meta name=\"twitter:data2\" content=\"1 dakika\" \/>\n<script type=\"application\/ld+json\" class=\"yoast-schema-graph\">{\"@context\":\"https:\\\/\\\/schema.org\",\"@graph\":[{\"@type\":\"Article\",\"@id\":\"https:\\\/\\\/kuzeyinsesi.org\\\/index.php\\\/2026\\\/09\\\/03\\\/guterres-abd-ile-iran-arasindaki-saldirilardan-dolayi-son-derece-endise-duydugunu-acikladi\\\/#article\",\"isPartOf\":{\"@id\":\"https:\\\/\\\/kuzeyinsesi.org\\\/index.php\\\/2026\\\/09\\\/03\\\/guterres-abd-ile-iran-arasindaki-saldirilardan-dolayi-son-derece-endise-duydugunu-acikladi\\\/\"},\"author\":{\"name\":\"Kuzeyin Sesi\",\"@id\":\"https:\\\/\\\/kuzeyinsesi.org\\\/#\\\/schema\\\/person\\\/9f859689cdf01485597712386e37f5aa\"},\"headline\":\"Guterres, ABD ile \u0130ran aras\u0131ndaki sald\u0131r\u0131lardan dolay\u0131 son derece endi\u015fe duydu\u011funu a\u00e7\u0131klad\u0131\",\"datePublished\":\"2026-09-03T00:40:04+00:00\",\"mainEntityOfPage\":{\"@id\":\"https:\\\/\\\/kuzeyinsesi.org\\\/index.php\\\/2026\\\/09\\\/03\\\/guterres-abd-ile-iran-arasindaki-saldirilardan-dolayi-son-derece-endise-duydugunu-acikladi\\\/\"},\"wordCount\":307,\"commentCount\":0,\"image\":{\"@id\":\"https:\\\/\\\/kuzeyinsesi.org\\\/index.php\\\/2026\\\/09\\\/03\\\/guterres-abd-ile-iran-arasindaki-saldirilardan-dolayi-son-derece-endise-duydugunu-acikladi\\\/#primaryimage\"},\"thumbnailUrl\":\"https:\\\/\\\/kuzeyinsesi.org\\\/wp-content\\\/uploads\\\/2026\\\/04\\\/abd-iran-2454861.jpg\",\"articleSection\":[\"D\u00fcnya\"],\"inLanguage\":\"tr\",\"potentialAction\":[{\"@type\":\"CommentAction\",\"name\":\"Comment\",\"target\":[\"https:\\\/\\\/kuzeyinsesi.org\\\/index.php\\\/2026\\\/09\\\/03\\\/guterres-abd-ile-iran-arasindaki-saldirilardan-dolayi-son-derece-endise-duydugunu-acikladi\\\/#respond\"]}]},{\"@type\":\"WebPage\",\"@id\":\"https:\\\/\\\/kuzeyinsesi.org\\\/index.php\\\/2026\\\/09\\\/03\\\/guterres-abd-ile-iran-arasindaki-saldirilardan-dolayi-son-derece-endise-duydugunu-acikladi\\\/\",\"url\":\"https:\\\/\\\/kuzeyinsesi.org\\\/index.php\\\/2026\\\/09\\\/03\\\/guterres-abd-ile-iran-arasindaki-saldirilardan-dolayi-son-derece-endise-duydugunu-acikladi\\\/\",\"name\":\"Guterres, ABD ile \u0130ran aras\u0131ndaki sald\u0131r\u0131lardan dolay\u0131 son derece endi\u015fe duydu\u011funu a\u00e7\u0131klad\u0131 - Kuzeyin Sesi\",\"isPartOf\":{\"@id\":\"https:\\\/\\\/kuzeyinsesi.org\\\/#website\"},\"primaryImageOfPage\":{\"@id\":\"https:\\\/\\\/kuzeyinsesi.org\\\/index.php\\\/2026\\\/09\\\/03\\\/guterres-abd-ile-iran-arasindaki-saldirilardan-dolayi-son-derece-endise-duydugunu-acikladi\\\/#primaryimage\"},\"image\":{\"@id\":\"https:\\\/\\\/kuzeyinsesi.org\\\/index.php\\\/2026\\\/09\\\/03\\\/guterres-abd-ile-iran-arasindaki-saldirilardan-dolayi-son-derece-endise-duydugunu-acikladi\\\/#primaryimage\"},\"thumbnailUrl\":\"https:\\\/\\\/kuzeyinsesi.org\\\/wp-content\\\/uploads\\\/2026\\\/04\\\/abd-iran-2454861.jpg\",\"datePublished\":\"2026-09-03T00:40:04+00:00\",\"author\":{\"@id\":\"https:\\\/\\\/kuzeyinsesi.org\\\/#\\\/schema\\\/person\\\/9f859689cdf01485597712386e37f5aa\"},\"breadcrumb\":{\"@id\":\"https:\\\/\\\/kuzeyinsesi.org\\\/index.php\\\/2026\\\/09\\\/03\\\/guterres-abd-ile-iran-arasindaki-saldirilardan-dolayi-son-derece-endise-duydugunu-acikladi\\\/#breadcrumb\"},\"inLanguage\":\"tr\",\"potentialAction\":[{\"@type\":\"ReadAction\",\"target\":[\"https:\\\/\\\/kuzeyinsesi.org\\\/index.php\\\/2026\\\/09\\\/03\\\/guterres-abd-ile-iran-arasindaki-saldirilardan-dolayi-son-derece-endise-duydugunu-acikladi\\\/\"]}]},{\"@type\":\"ImageObject\",\"inLanguage\":\"tr\",\"@id\":\"https:\\\/\\\/kuzeyinsesi.org\\\/index.php\\\/2026\\\/09\\\/03\\\/guterres-abd-ile-iran-arasindaki-saldirilardan-dolayi-son-derece-endise-duydugunu-acikladi\\\/#primaryimage\",\"url\":\"https:\\\/\\\/kuzeyinsesi.org\\\/wp-content\\\/uploads\\\/2026\\\/04\\\/abd-iran-2454861.jpg\",\"contentUrl\":\"https:\\\/\\\/kuzeyinsesi.org\\\/wp-content\\\/uploads\\\/2026\\\/04\\\/abd-iran-2454861.jpg\",\"width\":1280,\"height\":720},{\"@type\":\"BreadcrumbList\",\"@id\":\"https:\\\/\\\/kuzeyinsesi.org\\\/index.php\\\/2026\\\/09\\\/03\\\/guterres-abd-ile-iran-arasindaki-saldirilardan-dolayi-son-derece-endise-duydugunu-acikladi\\\/#breadcrumb\",\"itemListElement\":[{\"@type\":\"ListItem\",\"position\":1,\"name\":\"Anasayfa\",\"item\":\"https:\\\/\\\/kuzeyinsesi.org\\\/\"},{\"@type\":\"ListItem\",\"position\":2,\"name\":\"Guterres, ABD ile \u0130ran aras\u0131ndaki sald\u0131r\u0131lardan dolay\u0131 son derece endi\u015fe duydu\u011funu a\u00e7\u0131klad\u0131\"}]},{\"@type\":\"WebSite\",\"@id\":\"https:\\\/\\\/kuzeyinsesi.org\\\/#website\",\"url\":\"https:\\\/\\\/kuzeyinsesi.org\\\/\",\"name\":\"Kuzeyin Sesi\",\"description\":\"Do\u011fru Haberin Adresi\",\"potentialAction\":[{\"@type\":\"SearchAction\",\"target\":{\"@type\":\"EntryPoint\",\"urlTemplate\":\"https:\\\/\\\/kuzeyinsesi.org\\\/?s={search_term_string}\"},\"query-input\":{\"@type\":\"PropertyValueSpecification\",\"valueRequired\":true,\"valueName\":\"search_term_string\"}}],\"inLanguage\":\"tr\"},{\"@type\":\"Person\",\"@id\":\"https:\\\/\\\/kuzeyinsesi.org\\\/#\\\/schema\\\/person\\\/9f859689cdf01485597712386e37f5aa\",\"name\":\"Kuzeyin Sesi\",\"image\":{\"@type\":\"ImageObject\",\"inLanguage\":\"tr\",\"@id\":\"https:\\\/\\\/secure.gravatar.com\\\/avatar\\\/bab33852abfd8b282518d6ed81826833d77c3c882d9ab608add591ccace47a44?s=96&d=mm&r=g\",\"url\":\"https:\\\/\\\/secure.gravatar.com\\\/avatar\\\/bab33852abfd8b282518d6ed81826833d77c3c882d9ab608add591ccace47a44?s=96&d=mm&r=g\",\"contentUrl\":\"https:\\\/\\\/secure.gravatar.com\\\/avatar\\\/bab33852abfd8b282518d6ed81826833d77c3c882d9ab608add591ccace47a44?s=96&d=mm&r=g\",\"caption\":\"Kuzeyin Sesi\"},\"sameAs\":[\"https:\\\/\\\/kuzeyinsesi.org\"],\"url\":\"https:\\\/\\\/kuzeyinsesi.org\\\/index.php\\\/author\\\/guven\\\/\"}]}<\/script>\n<!-- \/ Yoast SEO plugin. -->","yoast_head_json":{"title":"Guterres, ABD ile \u0130ran aras\u0131ndaki sald\u0131r\u0131lardan dolay\u0131 son derece endi\u015fe duydu\u011funu a\u00e7\u0131klad\u0131 - Kuzeyin Sesi","robots":{"index":"index","follow":"follow","max-snippet":"max-snippet:-1","max-image-preview":"max-image-preview:large","max-video-preview":"max-video-preview:-1"},"canonical":"https:\/\/kuzeyinsesi.org\/index.php\/2026\/09\/03\/guterres-abd-ile-iran-arasindaki-saldirilardan-dolayi-son-derece-endise-duydugunu-acikladi\/","og_locale":"tr_TR","og_type":"article","og_title":"Guterres, ABD ile \u0130ran aras\u0131ndaki sald\u0131r\u0131lardan dolay\u0131 son derece endi\u015fe duydu\u011funu a\u00e7\u0131klad\u0131 - Kuzeyin Sesi","og_description":"&#13; BM Genel Sekreteri S\u00f6zc\u00fcs\u00fc Stephane Dujarric, g\u00fcnl\u00fck bas\u0131n toplant\u0131s\u0131nda a\u00e7\u0131klama yapt\u0131. &#13; &#8220;Genel Sekreterin ABD ile \u0130ran aras\u0131nda gece yeniden ba\u015flayan kar\u015f\u0131l\u0131kl\u0131 ate\u015f a\u00e7\u0131lmas\u0131ndan son derece endi\u015fe duydu\u011funu s\u00f6yleyebilirim.&#8221; diyen Dujarric, Genel Sekreterin, \u0130ran&#8217;da sivil kay\u0131plara ili\u015fkin haberlerden de derin kayg\u0131 duydu\u011funu aktard\u0131. &#13; Dujarric, &#8220;Genel Sekreter, sivillere y\u00f6nelik t\u00fcm sald\u0131r\u0131lar\u0131 k\u0131namaktad\u0131r. T\u00fcm taraflara, [&hellip;]","og_url":"https:\/\/kuzeyinsesi.org\/index.php\/2026\/09\/03\/guterres-abd-ile-iran-arasindaki-saldirilardan-dolayi-son-derece-endise-duydugunu-acikladi\/","og_site_name":"Kuzeyin Sesi","article_publisher":"https:\/\/www.facebook.com\/kuzeyinsesii","article_published_time":"2026-09-03T00:40:04+00:00","og_image":[{"url":"https:\/\/trthaberstatic.cdn.wp.trt.com.tr\/resimler\/2454000\/abd-iran-2454861.jpg","type":"","width":"","height":""}],"author":"Kuzeyin Sesi","twitter_card":"summary_large_image","twitter_creator":"@kuzeyinsesii","twitter_site":"@kuzeyinsesii","twitter_misc":{"Yazan:":"Kuzeyin Sesi","Tahmini okuma s\u00fcresi":"1 dakika"},"schema":{"@context":"https:\/\/schema.org","@graph":[{"@type":"Article","@id":"https:\/\/kuzeyinsesi.org\/index.php\/2026\/09\/03\/guterres-abd-ile-iran-arasindaki-saldirilardan-dolayi-son-derece-endise-duydugunu-acikladi\/#article","isPartOf":{"@id":"https:\/\/kuzeyinsesi.org\/index.php\/2026\/09\/03\/guterres-abd-ile-iran-arasindaki-saldirilardan-dolayi-son-derece-endise-duydugunu-acikladi\/"},"author":{"name":"Kuzeyin Sesi","@id":"https:\/\/kuzeyinsesi.org\/#\/schema\/person\/9f859689cdf01485597712386e37f5aa"},"headline":"Guterres, ABD ile \u0130ran aras\u0131ndaki sald\u0131r\u0131lardan dolay\u0131 son derece endi\u015fe duydu\u011funu a\u00e7\u0131klad\u0131","datePublished":"2026-09-03T00:40:04+00:00","mainEntityOfPage":{"@id":"https:\/\/kuzeyinsesi.org\/index.php\/2026\/09\/03\/guterres-abd-ile-iran-arasindaki-saldirilardan-dolayi-son-derece-endise-duydugunu-acikladi\/"},"wordCount":307,"commentCount":0,"image":{"@id":"https:\/\/kuzeyinsesi.org\/index.php\/2026\/09\/03\/guterres-abd-ile-iran-arasindaki-saldirilardan-dolayi-son-derece-endise-duydugunu-acikladi\/#primaryimage"},"thumbnailUrl":"https:\/\/kuzeyinsesi.org\/wp-content\/uploads\/2026\/04\/abd-iran-2454861.jpg","articleSection":["D\u00fcnya"],"inLanguage":"tr","potentialAction":[{"@type":"CommentAction","name":"Comment","target":["https:\/\/kuzeyinsesi.org\/index.php\/2026\/09\/03\/guterres-abd-ile-iran-arasindaki-saldirilardan-dolayi-son-derece-endise-duydugunu-acikladi\/#respond"]}]},{"@type":"WebPage","@id":"https:\/\/kuzeyinsesi.org\/index.php\/2026\/09\/03\/guterres-abd-ile-iran-arasindaki-saldirilardan-dolayi-son-derece-endise-duydugunu-acikladi\/","url":"https:\/\/kuzeyinsesi.org\/index.php\/2026\/09\/03\/guterres-abd-ile-iran-arasindaki-saldirilardan-dolayi-son-derece-endise-duydugunu-acikladi\/","name":"Guterres, ABD ile \u0130ran aras\u0131ndaki sald\u0131r\u0131lardan dolay\u0131 son derece endi\u015fe duydu\u011funu a\u00e7\u0131klad\u0131 - Kuzeyin Sesi","isPartOf":{"@id":"https:\/\/kuzeyinsesi.org\/#website"},"primaryImageOfPage":{"@id":"https:\/\/kuzeyinsesi.org\/index.php\/2026\/09\/03\/guterres-abd-ile-iran-arasindaki-saldirilardan-dolayi-son-derece-endise-duydugunu-acikladi\/#primaryimage"},"image":{"@id":"https:\/\/kuzeyinsesi.org\/index.php\/2026\/09\/03\/guterres-abd-ile-iran-arasindaki-saldirilardan-dolayi-son-derece-endise-duydugunu-acikladi\/#primaryimage"},"thumbnailUrl":"https:\/\/kuzeyinsesi.org\/wp-content\/uploads\/2026\/04\/abd-iran-2454861.jpg","datePublished":"2026-09-03T00:40:04+00:00","author":{"@id":"https:\/\/kuzeyinsesi.org\/#\/schema\/person\/9f859689cdf01485597712386e37f5aa"},"breadcrumb":{"@id":"https:\/\/kuzeyinsesi.org\/index.php\/2026\/09\/03\/guterres-abd-ile-iran-arasindaki-saldirilardan-dolayi-son-derece-endise-duydugunu-acikladi\/#breadcrumb"},"inLanguage":"tr","potentialAction":[{"@type":"ReadAction","target":["https:\/\/kuzeyinsesi.org\/index.php\/2026\/09\/03\/guterres-abd-ile-iran-arasindaki-saldirilardan-dolayi-son-derece-endise-duydugunu-acikladi\/"]}]},{"@type":"ImageObject","inLanguage":"tr","@id":"https:\/\/kuzeyinsesi.org\/index.php\/2026\/09\/03\/guterres-abd-ile-iran-arasindaki-saldirilardan-dolayi-son-derece-endise-duydugunu-acikladi\/#primaryimage","url":"https:\/\/kuzeyinsesi.org\/wp-content\/uploads\/2026\/04\/abd-iran-2454861.jpg","contentUrl":"https:\/\/kuzeyinsesi.org\/wp-content\/uploads\/2026\/04\/abd-iran-2454861.jpg","width":1280,"height":720},{"@type":"BreadcrumbList","@id":"https:\/\/kuzeyinsesi.org\/index.php\/2026\/09\/03\/guterres-abd-ile-iran-arasindaki-saldirilardan-dolayi-son-derece-endise-duydugunu-acikladi\/#breadcrumb","itemListElement":[{"@type":"ListItem","position":1,"name":"Anasayfa","item":"https:\/\/kuzeyinsesi.org\/"},{"@type":"ListItem","position":2,"name":"Guterres, ABD ile \u0130ran aras\u0131ndaki sald\u0131r\u0131lardan dolay\u0131 son derece endi\u015fe duydu\u011funu a\u00e7\u0131klad\u0131"}]},{"@type":"WebSite","@id":"https:\/\/kuzeyinsesi.org\/#website","url":"https:\/\/kuzeyinsesi.org\/","name":"Kuzeyin Sesi","description":"Do\u011fru Haberin Adresi","potentialAction":[{"@type":"SearchAction","target":{"@type":"EntryPoint","urlTemplate":"https:\/\/kuzeyinsesi.org\/?s={search_term_string}"},"query-input":{"@type":"PropertyValueSpecification","valueRequired":true,"valueName":"search_term_string"}}],"inLanguage":"tr"},{"@type":"Person","@id":"https:\/\/kuzeyinsesi.org\/#\/schema\/person\/9f859689cdf01485597712386e37f5aa","name":"Kuzeyin Sesi","image":{"@type":"ImageObject","inLanguage":"tr","@id":"https:\/\/secure.gravatar.com\/avatar\/bab33852abfd8b282518d6ed81826833d77c3c882d9ab608add591ccace47a44?s=96&d=mm&r=g","url":"https:\/\/secure.gravatar.com\/avatar\/bab33852abfd8b282518d6ed81826833d77c3c882d9ab608add591ccace47a44?s=96&d=mm&r=g","contentUrl":"https:\/\/secure.gravatar.com\/avatar\/bab33852abfd8b282518d6ed81826833d77c3c882d9ab608add591ccace47a44?s=96&d=mm&r=g","caption":"Kuzeyin Sesi"},"sameAs":["https:\/\/kuzeyinsesi.org"],"url":"https:\/\/kuzeyinsesi.org\/index.php\/author\/guven\/"}]}},"_links":{"self":[{"href":"https:\/\/kuzeyinsesi.org\/index.php\/wp-json\/wp\/v2\/posts\/45983","targetHints":{"allow":["GET"]}}],"collection":[{"href":"https:\/\/kuzeyinsesi.org\/index.php\/wp-json\/wp\/v2\/posts"}],"about":[{"href":"https:\/\/kuzeyinsesi.org\/index.php\/wp-json\/wp\/v2\/types\/post"}],"author":[{"embeddable":true,"href":"https:\/\/kuzeyinsesi.org\/index.php\/wp-json\/wp\/v2\/users\/1"}],"replies":[{"embeddable":true,"href":"https:\/\/kuzeyinsesi.org\/index.php\/wp-json\/wp\/v2\/comments?post=45983"}],"version-history":[{"count":0,"href":"https:\/\/kuzeyinsesi.org\/index.php\/wp-json\/wp\/v2\/posts\/45983\/revisions"}],"wp:featuredmedia":[{"embeddable":true,"href":"https:\/\/kuzeyinsesi.org\/index.php\/wp-json\/wp\/v2\/media\/36799"}],"wp:attachment":[{"href":"https:\/\/kuzeyinsesi.org\/index.php\/wp-json\/wp\/v2\/media?parent=45983"}],"wp:term":[{"taxonomy":"category","embeddable":true,"href":"https:\/\/kuzeyinsesi.org\/index.php\/wp-json\/wp\/v2\/categories?post=45983"},{"taxonomy":"post_tag","embeddable":true,"href":"https:\/\/kuzeyinsesi.org\/index.php\/wp-json\/wp\/v2\/tags?post=45983"}],"curies":[{"name":"wp","href":"https:\/\/api.w.org\/{rel}","templated":true}]}}