{"id":45981,"date":"2026-09-03T02:38:04","date_gmt":"2026-09-02T23:38:04","guid":{"rendered":"https:\/\/kuzeyinsesi.org\/index.php\/2026\/09\/03\/abdnin-minneapolis-kentinde-silahli-saldiri\/"},"modified":"2026-09-03T02:38:04","modified_gmt":"2026-09-02T23:38:04","slug":"abdnin-minneapolis-kentinde-silahli-saldiri","status":"publish","type":"post","link":"https:\/\/kuzeyinsesi.org\/index.php\/2026\/09\/03\/abdnin-minneapolis-kentinde-silahli-saldiri\/","title":{"rendered":"ABD&#039;nin Minneapolis kentinde silahl\u0131 sald\u0131r\u0131"},"content":{"rendered":"<p><\/p>\n<div>\n<p>&#13;<br \/>\n\tOlaya ili\u015fkin a\u00e7\u0131klamada bulunan yetkililer, Minneapolis \u015fehir merkezinde silahl\u0131 sald\u0131r\u0131 meydana geldi\u011fini bildirdi.<\/p>\n<p>&#13;<br \/>\n\tYetkililer, sald\u0131r\u0131da ilk belirlemelere g\u00f6re aralar\u0131nda iki <a href=\"https:\/\/www.trthaber.com\/etiket\/polis\/\" target=\"_blank\">polis<\/a> memurunun da bulundu\u011fu \u00e7ok say\u0131da ki\u015finin yaraland\u0131\u011f\u0131n\u0131 belirtirken, polislerin hayati tehlikesinin bulunup bulunmad\u0131\u011f\u0131 ve daha fazla yaral\u0131n\u0131n var olup olmad\u0131\u011f\u0131yla ilgili detay payla\u015fmad\u0131.<\/p>\n<p>&#13;<br \/>\n\tMinnesota Valisi Tim Walz, sosyal <a href=\"https:\/\/www.trthaber.com\/etiket\/medya\/\" target=\"_blank\">medya<\/a> platformunun hesab\u0131ndan yapt\u0131\u011f\u0131 a\u00e7\u0131klamada, &#8220;Kamu g\u00fcvenli\u011fi ekibimiz, bu \u00f6\u011fleden sonra Minneapolis \u015fehir merkezinde meydana gelen bir silahl\u0131 sald\u0131r\u0131ya m\u00fcdahale ediyor. Eyalet yetkilileri, yerel kolluk kuvvetlerine destek olmak i\u00e7in olay yerinde bulunuyor ve daha fazla bilgi edindik\u00e7e payla\u015faca\u011f\u0131z.&#8221; ifadelerini kulland\u0131.<\/p>\n<\/p><\/div>\n","protected":false},"excerpt":{"rendered":"<p>&#13; Olaya ili\u015fkin a\u00e7\u0131klamada bulunan yetkililer, Minneapolis \u015fehir merkezinde silahl\u0131 sald\u0131r\u0131 meydana geldi\u011fini bildirdi. &#13; Yetkililer, sald\u0131r\u0131da ilk belirlemelere g\u00f6re aralar\u0131nda iki polis memurunun da bulundu\u011fu \u00e7ok say\u0131da ki\u015finin yaraland\u0131\u011f\u0131n\u0131 belirtirken, polislerin hayati tehlikesinin bulunup bulunmad\u0131\u011f\u0131 ve daha fazla yaral\u0131n\u0131n var olup olmad\u0131\u011f\u0131yla ilgili detay payla\u015fmad\u0131. &#13; Minnesota Valisi Tim Walz, sosyal medya platformunun hesab\u0131ndan [&hellip;]<\/p>\n","protected":false},"author":1,"featured_media":44335,"comment_status":"open","ping_status":"open","sticky":false,"template":"","format":"standard","meta":{"jnews-multi-image_gallery":[],"jnews_single_post":[],"jnews_primary_category":[],"jnews_social_meta":[],"jnews_override_counter":[],"footnotes":""},"categories":[2],"tags":[],"class_list":["post-45981","post","type-post","status-publish","format-standard","has-post-thumbnail","hentry","category-dunya"],"yoast_head":"<!-- This site is optimized with the Yoast SEO plugin v28.4 - https:\/\/yoast.com\/product\/yoast-seo-wordpress\/ -->\n<title>ABD&#039;nin Minneapolis kentinde silahl\u0131 sald\u0131r\u0131 - Kuzeyin Sesi<\/title>\n<meta name=\"robots\" content=\"index, follow, max-snippet:-1, max-image-preview:large, max-video-preview:-1\" \/>\n<link rel=\"canonical\" href=\"https:\/\/kuzeyinsesi.org\/index.php\/2026\/09\/03\/abdnin-minneapolis-kentinde-silahli-saldiri\/\" \/>\n<meta property=\"og:locale\" content=\"tr_TR\" \/>\n<meta property=\"og:type\" content=\"article\" \/>\n<meta property=\"og:title\" content=\"ABD&#039;nin Minneapolis kentinde silahl\u0131 sald\u0131r\u0131 - Kuzeyin Sesi\" \/>\n<meta property=\"og:description\" content=\"&#013; Olaya ili\u015fkin a\u00e7\u0131klamada bulunan yetkililer, Minneapolis \u015fehir merkezinde silahl\u0131 sald\u0131r\u0131 meydana geldi\u011fini bildirdi. &#013; Yetkililer, sald\u0131r\u0131da ilk belirlemelere g\u00f6re aralar\u0131nda iki polis memurunun da bulundu\u011fu \u00e7ok say\u0131da ki\u015finin yaraland\u0131\u011f\u0131n\u0131 belirtirken, polislerin hayati tehlikesinin bulunup bulunmad\u0131\u011f\u0131 ve daha fazla yaral\u0131n\u0131n var olup olmad\u0131\u011f\u0131yla ilgili detay payla\u015fmad\u0131. &#013; Minnesota Valisi Tim Walz, sosyal medya platformunun hesab\u0131ndan [&hellip;]\" \/>\n<meta property=\"og:url\" content=\"https:\/\/kuzeyinsesi.org\/index.php\/2026\/09\/03\/abdnin-minneapolis-kentinde-silahli-saldiri\/\" \/>\n<meta property=\"og:site_name\" content=\"Kuzeyin Sesi\" \/>\n<meta property=\"article:publisher\" content=\"https:\/\/www.facebook.com\/kuzeyinsesii\" \/>\n<meta property=\"article:published_time\" content=\"2026-09-02T23:38:04+00:00\" \/>\n<meta property=\"og:image\" content=\"https:\/\/trthaberstatic.cdn.wp.trt.com.tr\/resimler\/2458000\/abd-polis-aa-2458244.jpg\" \/>\n<meta name=\"author\" content=\"Kuzeyin Sesi\" \/>\n<meta name=\"twitter:card\" content=\"summary_large_image\" \/>\n<meta name=\"twitter:creator\" content=\"@kuzeyinsesii\" \/>\n<meta name=\"twitter:site\" content=\"@kuzeyinsesii\" \/>\n<meta name=\"twitter:label1\" content=\"Yazan:\" \/>\n\t<meta name=\"twitter:data1\" content=\"Kuzeyin Sesi\" \/>\n\t<meta name=\"twitter:label2\" content=\"Tahmini okuma s\u00fcresi\" \/>\n\t<meta name=\"twitter:data2\" content=\"1 dakika\" \/>\n<script type=\"application\/ld+json\" class=\"yoast-schema-graph\">{\"@context\":\"https:\\\/\\\/schema.org\",\"@graph\":[{\"@type\":\"Article\",\"@id\":\"https:\\\/\\\/kuzeyinsesi.org\\\/index.php\\\/2026\\\/09\\\/03\\\/abdnin-minneapolis-kentinde-silahli-saldiri\\\/#article\",\"isPartOf\":{\"@id\":\"https:\\\/\\\/kuzeyinsesi.org\\\/index.php\\\/2026\\\/09\\\/03\\\/abdnin-minneapolis-kentinde-silahli-saldiri\\\/\"},\"author\":{\"name\":\"Kuzeyin Sesi\",\"@id\":\"https:\\\/\\\/kuzeyinsesi.org\\\/#\\\/schema\\\/person\\\/9f859689cdf01485597712386e37f5aa\"},\"headline\":\"ABD&#039;nin Minneapolis kentinde silahl\u0131 sald\u0131r\u0131\",\"datePublished\":\"2026-09-02T23:38:04+00:00\",\"mainEntityOfPage\":{\"@id\":\"https:\\\/\\\/kuzeyinsesi.org\\\/index.php\\\/2026\\\/09\\\/03\\\/abdnin-minneapolis-kentinde-silahli-saldiri\\\/\"},\"wordCount\":123,\"commentCount\":0,\"image\":{\"@id\":\"https:\\\/\\\/kuzeyinsesi.org\\\/index.php\\\/2026\\\/09\\\/03\\\/abdnin-minneapolis-kentinde-silahli-saldiri\\\/#primaryimage\"},\"thumbnailUrl\":\"https:\\\/\\\/kuzeyinsesi.org\\\/wp-content\\\/uploads\\\/2026\\\/08\\\/abd-polis-aa-2458244.jpg\",\"articleSection\":[\"D\u00fcnya\"],\"inLanguage\":\"tr\",\"potentialAction\":[{\"@type\":\"CommentAction\",\"name\":\"Comment\",\"target\":[\"https:\\\/\\\/kuzeyinsesi.org\\\/index.php\\\/2026\\\/09\\\/03\\\/abdnin-minneapolis-kentinde-silahli-saldiri\\\/#respond\"]}]},{\"@type\":\"WebPage\",\"@id\":\"https:\\\/\\\/kuzeyinsesi.org\\\/index.php\\\/2026\\\/09\\\/03\\\/abdnin-minneapolis-kentinde-silahli-saldiri\\\/\",\"url\":\"https:\\\/\\\/kuzeyinsesi.org\\\/index.php\\\/2026\\\/09\\\/03\\\/abdnin-minneapolis-kentinde-silahli-saldiri\\\/\",\"name\":\"ABD&#039;nin Minneapolis kentinde silahl\u0131 sald\u0131r\u0131 - Kuzeyin Sesi\",\"isPartOf\":{\"@id\":\"https:\\\/\\\/kuzeyinsesi.org\\\/#website\"},\"primaryImageOfPage\":{\"@id\":\"https:\\\/\\\/kuzeyinsesi.org\\\/index.php\\\/2026\\\/09\\\/03\\\/abdnin-minneapolis-kentinde-silahli-saldiri\\\/#primaryimage\"},\"image\":{\"@id\":\"https:\\\/\\\/kuzeyinsesi.org\\\/index.php\\\/2026\\\/09\\\/03\\\/abdnin-minneapolis-kentinde-silahli-saldiri\\\/#primaryimage\"},\"thumbnailUrl\":\"https:\\\/\\\/kuzeyinsesi.org\\\/wp-content\\\/uploads\\\/2026\\\/08\\\/abd-polis-aa-2458244.jpg\",\"datePublished\":\"2026-09-02T23:38:04+00:00\",\"author\":{\"@id\":\"https:\\\/\\\/kuzeyinsesi.org\\\/#\\\/schema\\\/person\\\/9f859689cdf01485597712386e37f5aa\"},\"breadcrumb\":{\"@id\":\"https:\\\/\\\/kuzeyinsesi.org\\\/index.php\\\/2026\\\/09\\\/03\\\/abdnin-minneapolis-kentinde-silahli-saldiri\\\/#breadcrumb\"},\"inLanguage\":\"tr\",\"potentialAction\":[{\"@type\":\"ReadAction\",\"target\":[\"https:\\\/\\\/kuzeyinsesi.org\\\/index.php\\\/2026\\\/09\\\/03\\\/abdnin-minneapolis-kentinde-silahli-saldiri\\\/\"]}]},{\"@type\":\"ImageObject\",\"inLanguage\":\"tr\",\"@id\":\"https:\\\/\\\/kuzeyinsesi.org\\\/index.php\\\/2026\\\/09\\\/03\\\/abdnin-minneapolis-kentinde-silahli-saldiri\\\/#primaryimage\",\"url\":\"https:\\\/\\\/kuzeyinsesi.org\\\/wp-content\\\/uploads\\\/2026\\\/08\\\/abd-polis-aa-2458244.jpg\",\"contentUrl\":\"https:\\\/\\\/kuzeyinsesi.org\\\/wp-content\\\/uploads\\\/2026\\\/08\\\/abd-polis-aa-2458244.jpg\",\"width\":1280,\"height\":720},{\"@type\":\"BreadcrumbList\",\"@id\":\"https:\\\/\\\/kuzeyinsesi.org\\\/index.php\\\/2026\\\/09\\\/03\\\/abdnin-minneapolis-kentinde-silahli-saldiri\\\/#breadcrumb\",\"itemListElement\":[{\"@type\":\"ListItem\",\"position\":1,\"name\":\"Anasayfa\",\"item\":\"https:\\\/\\\/kuzeyinsesi.org\\\/\"},{\"@type\":\"ListItem\",\"position\":2,\"name\":\"ABD&#039;nin Minneapolis kentinde silahl\u0131 sald\u0131r\u0131\"}]},{\"@type\":\"WebSite\",\"@id\":\"https:\\\/\\\/kuzeyinsesi.org\\\/#website\",\"url\":\"https:\\\/\\\/kuzeyinsesi.org\\\/\",\"name\":\"Kuzeyin Sesi\",\"description\":\"Do\u011fru Haberin Adresi\",\"potentialAction\":[{\"@type\":\"SearchAction\",\"target\":{\"@type\":\"EntryPoint\",\"urlTemplate\":\"https:\\\/\\\/kuzeyinsesi.org\\\/?s={search_term_string}\"},\"query-input\":{\"@type\":\"PropertyValueSpecification\",\"valueRequired\":true,\"valueName\":\"search_term_string\"}}],\"inLanguage\":\"tr\"},{\"@type\":\"Person\",\"@id\":\"https:\\\/\\\/kuzeyinsesi.org\\\/#\\\/schema\\\/person\\\/9f859689cdf01485597712386e37f5aa\",\"name\":\"Kuzeyin Sesi\",\"image\":{\"@type\":\"ImageObject\",\"inLanguage\":\"tr\",\"@id\":\"https:\\\/\\\/secure.gravatar.com\\\/avatar\\\/bab33852abfd8b282518d6ed81826833d77c3c882d9ab608add591ccace47a44?s=96&d=mm&r=g\",\"url\":\"https:\\\/\\\/secure.gravatar.com\\\/avatar\\\/bab33852abfd8b282518d6ed81826833d77c3c882d9ab608add591ccace47a44?s=96&d=mm&r=g\",\"contentUrl\":\"https:\\\/\\\/secure.gravatar.com\\\/avatar\\\/bab33852abfd8b282518d6ed81826833d77c3c882d9ab608add591ccace47a44?s=96&d=mm&r=g\",\"caption\":\"Kuzeyin Sesi\"},\"sameAs\":[\"https:\\\/\\\/kuzeyinsesi.org\"],\"url\":\"https:\\\/\\\/kuzeyinsesi.org\\\/index.php\\\/author\\\/guven\\\/\"}]}<\/script>\n<!-- \/ Yoast SEO plugin. -->","yoast_head_json":{"title":"ABD&#039;nin Minneapolis kentinde silahl\u0131 sald\u0131r\u0131 - Kuzeyin Sesi","robots":{"index":"index","follow":"follow","max-snippet":"max-snippet:-1","max-image-preview":"max-image-preview:large","max-video-preview":"max-video-preview:-1"},"canonical":"https:\/\/kuzeyinsesi.org\/index.php\/2026\/09\/03\/abdnin-minneapolis-kentinde-silahli-saldiri\/","og_locale":"tr_TR","og_type":"article","og_title":"ABD&#039;nin Minneapolis kentinde silahl\u0131 sald\u0131r\u0131 - Kuzeyin Sesi","og_description":"&#13; Olaya ili\u015fkin a\u00e7\u0131klamada bulunan yetkililer, Minneapolis \u015fehir merkezinde silahl\u0131 sald\u0131r\u0131 meydana geldi\u011fini bildirdi. &#13; Yetkililer, sald\u0131r\u0131da ilk belirlemelere g\u00f6re aralar\u0131nda iki polis memurunun da bulundu\u011fu \u00e7ok say\u0131da ki\u015finin yaraland\u0131\u011f\u0131n\u0131 belirtirken, polislerin hayati tehlikesinin bulunup bulunmad\u0131\u011f\u0131 ve daha fazla yaral\u0131n\u0131n var olup olmad\u0131\u011f\u0131yla ilgili detay payla\u015fmad\u0131. &#13; Minnesota Valisi Tim Walz, sosyal medya platformunun hesab\u0131ndan [&hellip;]","og_url":"https:\/\/kuzeyinsesi.org\/index.php\/2026\/09\/03\/abdnin-minneapolis-kentinde-silahli-saldiri\/","og_site_name":"Kuzeyin Sesi","article_publisher":"https:\/\/www.facebook.com\/kuzeyinsesii","article_published_time":"2026-09-02T23:38:04+00:00","og_image":[{"url":"https:\/\/trthaberstatic.cdn.wp.trt.com.tr\/resimler\/2458000\/abd-polis-aa-2458244.jpg","type":"","width":"","height":""}],"author":"Kuzeyin Sesi","twitter_card":"summary_large_image","twitter_creator":"@kuzeyinsesii","twitter_site":"@kuzeyinsesii","twitter_misc":{"Yazan:":"Kuzeyin Sesi","Tahmini okuma s\u00fcresi":"1 dakika"},"schema":{"@context":"https:\/\/schema.org","@graph":[{"@type":"Article","@id":"https:\/\/kuzeyinsesi.org\/index.php\/2026\/09\/03\/abdnin-minneapolis-kentinde-silahli-saldiri\/#article","isPartOf":{"@id":"https:\/\/kuzeyinsesi.org\/index.php\/2026\/09\/03\/abdnin-minneapolis-kentinde-silahli-saldiri\/"},"author":{"name":"Kuzeyin Sesi","@id":"https:\/\/kuzeyinsesi.org\/#\/schema\/person\/9f859689cdf01485597712386e37f5aa"},"headline":"ABD&#039;nin Minneapolis kentinde silahl\u0131 sald\u0131r\u0131","datePublished":"2026-09-02T23:38:04+00:00","mainEntityOfPage":{"@id":"https:\/\/kuzeyinsesi.org\/index.php\/2026\/09\/03\/abdnin-minneapolis-kentinde-silahli-saldiri\/"},"wordCount":123,"commentCount":0,"image":{"@id":"https:\/\/kuzeyinsesi.org\/index.php\/2026\/09\/03\/abdnin-minneapolis-kentinde-silahli-saldiri\/#primaryimage"},"thumbnailUrl":"https:\/\/kuzeyinsesi.org\/wp-content\/uploads\/2026\/08\/abd-polis-aa-2458244.jpg","articleSection":["D\u00fcnya"],"inLanguage":"tr","potentialAction":[{"@type":"CommentAction","name":"Comment","target":["https:\/\/kuzeyinsesi.org\/index.php\/2026\/09\/03\/abdnin-minneapolis-kentinde-silahli-saldiri\/#respond"]}]},{"@type":"WebPage","@id":"https:\/\/kuzeyinsesi.org\/index.php\/2026\/09\/03\/abdnin-minneapolis-kentinde-silahli-saldiri\/","url":"https:\/\/kuzeyinsesi.org\/index.php\/2026\/09\/03\/abdnin-minneapolis-kentinde-silahli-saldiri\/","name":"ABD&#039;nin Minneapolis kentinde silahl\u0131 sald\u0131r\u0131 - Kuzeyin Sesi","isPartOf":{"@id":"https:\/\/kuzeyinsesi.org\/#website"},"primaryImageOfPage":{"@id":"https:\/\/kuzeyinsesi.org\/index.php\/2026\/09\/03\/abdnin-minneapolis-kentinde-silahli-saldiri\/#primaryimage"},"image":{"@id":"https:\/\/kuzeyinsesi.org\/index.php\/2026\/09\/03\/abdnin-minneapolis-kentinde-silahli-saldiri\/#primaryimage"},"thumbnailUrl":"https:\/\/kuzeyinsesi.org\/wp-content\/uploads\/2026\/08\/abd-polis-aa-2458244.jpg","datePublished":"2026-09-02T23:38:04+00:00","author":{"@id":"https:\/\/kuzeyinsesi.org\/#\/schema\/person\/9f859689cdf01485597712386e37f5aa"},"breadcrumb":{"@id":"https:\/\/kuzeyinsesi.org\/index.php\/2026\/09\/03\/abdnin-minneapolis-kentinde-silahli-saldiri\/#breadcrumb"},"inLanguage":"tr","potentialAction":[{"@type":"ReadAction","target":["https:\/\/kuzeyinsesi.org\/index.php\/2026\/09\/03\/abdnin-minneapolis-kentinde-silahli-saldiri\/"]}]},{"@type":"ImageObject","inLanguage":"tr","@id":"https:\/\/kuzeyinsesi.org\/index.php\/2026\/09\/03\/abdnin-minneapolis-kentinde-silahli-saldiri\/#primaryimage","url":"https:\/\/kuzeyinsesi.org\/wp-content\/uploads\/2026\/08\/abd-polis-aa-2458244.jpg","contentUrl":"https:\/\/kuzeyinsesi.org\/wp-content\/uploads\/2026\/08\/abd-polis-aa-2458244.jpg","width":1280,"height":720},{"@type":"BreadcrumbList","@id":"https:\/\/kuzeyinsesi.org\/index.php\/2026\/09\/03\/abdnin-minneapolis-kentinde-silahli-saldiri\/#breadcrumb","itemListElement":[{"@type":"ListItem","position":1,"name":"Anasayfa","item":"https:\/\/kuzeyinsesi.org\/"},{"@type":"ListItem","position":2,"name":"ABD&#039;nin Minneapolis kentinde silahl\u0131 sald\u0131r\u0131"}]},{"@type":"WebSite","@id":"https:\/\/kuzeyinsesi.org\/#website","url":"https:\/\/kuzeyinsesi.org\/","name":"Kuzeyin Sesi","description":"Do\u011fru Haberin Adresi","potentialAction":[{"@type":"SearchAction","target":{"@type":"EntryPoint","urlTemplate":"https:\/\/kuzeyinsesi.org\/?s={search_term_string}"},"query-input":{"@type":"PropertyValueSpecification","valueRequired":true,"valueName":"search_term_string"}}],"inLanguage":"tr"},{"@type":"Person","@id":"https:\/\/kuzeyinsesi.org\/#\/schema\/person\/9f859689cdf01485597712386e37f5aa","name":"Kuzeyin Sesi","image":{"@type":"ImageObject","inLanguage":"tr","@id":"https:\/\/secure.gravatar.com\/avatar\/bab33852abfd8b282518d6ed81826833d77c3c882d9ab608add591ccace47a44?s=96&d=mm&r=g","url":"https:\/\/secure.gravatar.com\/avatar\/bab33852abfd8b282518d6ed81826833d77c3c882d9ab608add591ccace47a44?s=96&d=mm&r=g","contentUrl":"https:\/\/secure.gravatar.com\/avatar\/bab33852abfd8b282518d6ed81826833d77c3c882d9ab608add591ccace47a44?s=96&d=mm&r=g","caption":"Kuzeyin Sesi"},"sameAs":["https:\/\/kuzeyinsesi.org"],"url":"https:\/\/kuzeyinsesi.org\/index.php\/author\/guven\/"}]}},"_links":{"self":[{"href":"https:\/\/kuzeyinsesi.org\/index.php\/wp-json\/wp\/v2\/posts\/45981","targetHints":{"allow":["GET"]}}],"collection":[{"href":"https:\/\/kuzeyinsesi.org\/index.php\/wp-json\/wp\/v2\/posts"}],"about":[{"href":"https:\/\/kuzeyinsesi.org\/index.php\/wp-json\/wp\/v2\/types\/post"}],"author":[{"embeddable":true,"href":"https:\/\/kuzeyinsesi.org\/index.php\/wp-json\/wp\/v2\/users\/1"}],"replies":[{"embeddable":true,"href":"https:\/\/kuzeyinsesi.org\/index.php\/wp-json\/wp\/v2\/comments?post=45981"}],"version-history":[{"count":0,"href":"https:\/\/kuzeyinsesi.org\/index.php\/wp-json\/wp\/v2\/posts\/45981\/revisions"}],"wp:featuredmedia":[{"embeddable":true,"href":"https:\/\/kuzeyinsesi.org\/index.php\/wp-json\/wp\/v2\/media\/44335"}],"wp:attachment":[{"href":"https:\/\/kuzeyinsesi.org\/index.php\/wp-json\/wp\/v2\/media?parent=45981"}],"wp:term":[{"taxonomy":"category","embeddable":true,"href":"https:\/\/kuzeyinsesi.org\/index.php\/wp-json\/wp\/v2\/categories?post=45981"},{"taxonomy":"post_tag","embeddable":true,"href":"https:\/\/kuzeyinsesi.org\/index.php\/wp-json\/wp\/v2\/tags?post=45981"}],"curies":[{"name":"wp","href":"https:\/\/api.w.org\/{rel}","templated":true}]}}