{"id":45979,"date":"2026-09-03T02:07:02","date_gmt":"2026-09-02T23:07:02","guid":{"rendered":"https:\/\/kuzeyinsesi.org\/index.php\/2026\/09\/03\/afrikada-210-milyon-yillik-yeni-bir-dinozor-turu-kesfedildi\/"},"modified":"2026-09-03T02:07:02","modified_gmt":"2026-09-02T23:07:02","slug":"afrikada-210-milyon-yillik-yeni-bir-dinozor-turu-kesfedildi","status":"publish","type":"post","link":"https:\/\/kuzeyinsesi.org\/index.php\/2026\/09\/03\/afrikada-210-milyon-yillik-yeni-bir-dinozor-turu-kesfedildi\/","title":{"rendered":"Afrika&#039;da 210 milyon y\u0131ll\u0131k yeni bir dinozor t\u00fcr\u00fc ke\u015ffedildi"},"content":{"rendered":"<p><\/p>\n<div>\n<p>&#13;<br \/>\n\tTimsahlar ve suayg\u0131rlar\u0131yla \u00e7evrili Kariba G\u00f6l\u00fc \u00e7evresinde y\u00fcr\u00fct\u00fclen zorlu kaz\u0131 \u00e7al\u0131\u015fmalar\u0131, paleontoloji d\u00fcnyas\u0131nda heyecan verici bir ke\u015fifle sonu\u00e7land\u0131.<\/p>\n<p>&#13;<br \/>\n\tSekiz y\u0131l s\u00fcren titiz kaz\u0131 ve analizlerin ard\u0131ndan tan\u0131mlanan yeni t\u00fcre, yerel dilde &#8220;\u00e7al\u0131l\u0131kta ya\u015fayan&#8221; anlam\u0131na gelen &#8220;Musango matusadonaensis&#8221; ad\u0131 verildi.<\/p>\n<p>&#13;<br \/>\n\tGe\u00e7 Triyas D\u00f6nemi&#8217;nde, hen\u00fcz k\u0131talar\u0131n ayr\u0131lmad\u0131\u011f\u0131 Gondvana s\u00fcper k\u0131tas\u0131nda ya\u015fam\u0131\u015f olan bu canl\u0131n\u0131n, Diplodocus gibi uzun boyunlu dev dinozorlar\u0131n erken atalar\u0131ndan biri oldu\u011fu tespit edildi.<\/p>\n<h2>&#13;<br \/>\n\tHatchback ara\u00e7 boyutunda bir otobur<\/h2>\n<p>&#13;<br \/>\n\tYakla\u015f\u0131k sekiz ya\u015f\u0131ndayken ve neredeyse tam eri\u015fkinli\u011fe ula\u015ft\u0131\u011f\u0131 d\u00f6nemde \u00f6ld\u00fc\u011f\u00fc belirlenen dinozorun 4,5 metre uzunlu\u011funda ve 222 kilogram a\u011f\u0131rl\u0131\u011f\u0131nda oldu\u011fu hesapland\u0131. Omurga, kaburga, kol, bacak ve ayak kemiklerine ula\u015f\u0131lan canl\u0131n\u0131n kafatas\u0131 ise hen\u00fcz bulunamad\u0131.<\/p>\n<p>&#13;<br \/>\n\tAra\u015ft\u0131rmac\u0131lar, <a href=\"https:\/\/www.trthaber.com\/etiket\/su\/\" target=\"_blank\">su<\/a> kenar\u0131ndaki bitkilerle beslenen bir otobur ya da hep\u00e7il oldu\u011funu d\u00fc\u015f\u00fcnd\u00fckleri t\u00fcr\u00fcn kesin beslenme al\u0131\u015fkanl\u0131klar\u0131n\u0131 ve duyu \u00f6zelliklerini tam olarak netle\u015ftirmek i\u00e7in kafatas\u0131 fosiline ula\u015f\u0131lmas\u0131 gerekti\u011fini ifade ediyor. \u0130ki ayak \u00fczerinde y\u00fcr\u00fcd\u00fc\u011f\u00fc saptanan t\u00fcr, Zimbabve&#8217;de bug\u00fcne kadar tan\u0131mlanan yaln\u0131zca be\u015finci dinozor olma \u00f6zelli\u011fini ta\u015f\u0131yor.<\/p>\n<h2>&#13;<br \/>\n\tVah\u015fi ya\u015fam\u0131n g\u00f6lgesinde bilimsel kaz\u0131<\/h2>\n<p>&#13;<br \/>\n\tG\u00fcney Afrika, <a href=\"https:\/\/www.trthaber.com\/etiket\/ingiltere\/\" target=\"_blank\">\u0130ngiltere<\/a> ve Zimbabve\u2019den uzmanlar\u0131n kat\u0131ld\u0131\u011f\u0131 saha ara\u015ft\u0131rmas\u0131, b\u00f6lgedeki yo\u011fun vah\u015fi ya\u015fam nedeniyle son derece tehlikeli ko\u015fullarda y\u00fcr\u00fct\u00fcld\u00fc. En yak\u0131n yerle\u015fim biriminden 50 kilometre uzakta, Matusadona Ulusal Park\u0131 s\u0131n\u0131rlar\u0131nda \u00e7al\u0131\u015fan ekip, nehri gezici bir laboratuvar olarak kulland\u0131.<\/p>\n<p>&#13;<br \/>\n\tTimsah, suayg\u0131r\u0131, fil ve aslan tehlikesine kar\u015f\u0131 yerel rehberlerin korumas\u0131nda yap\u0131lan \u00e7al\u0131\u015fmalar, paleontologlar\u0131n \u015fimdiye kadar kar\u015f\u0131la\u015ft\u0131\u011f\u0131 en riskli ancak en verimli <a href=\"https:\/\/www.trthaber.com\/etiket\/kesif\/\" target=\"_blank\">ke\u015fif<\/a> gezilerinden biri olarak kay\u0131tlara ge\u00e7ti.<\/p>\n<h2>&#13;<br \/>\n\tTarih \u00f6ncesi ezberler bozuluyor<\/h2>\n<p>&#13;<br \/>\n\tTriyas ile Jura d\u00f6nemleri aras\u0131ndaki ge\u00e7i\u015f evresine \u0131\u015f\u0131k tutan bu ke\u015fif, dinozorlar\u0131n yery\u00fcz\u00fcndeki bask\u0131n t\u00fcr haline gelme s\u00fcrecini anlamak a\u00e7\u0131s\u0131ndan kritik \u00f6nem ta\u015f\u0131yor.<\/p>\n<p>&#13;<br \/>\n\tD\u00fcnya genelinde bu kadar eski kayalar\u0131n ve iyi korunmu\u015f tortul havzalar\u0131n olduk\u00e7a nadir bulundu\u011funu hat\u0131rlatan ara\u015ft\u0131rmac\u0131lar, G\u00fcney Afrika\u2019daki <a href=\"https:\/\/www.trthaber.com\/etiket\/fosil\/\" target=\"_blank\">fosil<\/a> yap\u0131s\u0131n\u0131n san\u0131lan\u0131n aksine tek tip olmad\u0131\u011f\u0131n\u0131 ve b\u00f6lgeye \u00f6zg\u00fc b\u00fcy\u00fck farkl\u0131l\u0131klar bar\u0131nd\u0131rd\u0131\u011f\u0131n\u0131 g\u00f6rd\u00fcklerini vurguluyor.<\/p>\n<p>&#13;<br \/>\n\tUzmanlar, ge\u00e7mi\u015fteki siyasi \u00e7at\u0131\u015fmalar ve <a href=\"https:\/\/www.trthaber.com\/etiket\/ulasim\/\" target=\"_blank\">ula\u015f\u0131m<\/a> g\u00fc\u00e7l\u00fckleri nedeniyle Afrika&#8217;n\u0131n uzun y\u0131llar boyunca Avrupa ve Kuzey Amerika kadar detayl\u0131 ara\u015ft\u0131r\u0131lamad\u0131\u011f\u0131n\u0131, gelecekte yap\u0131lacak yeni kaz\u0131larla birlikte k\u0131tan\u0131n tarih \u00f6ncesi potansiyelinin \u00e7ok daha net anla\u015f\u0131laca\u011f\u0131n\u0131 \u00f6ng\u00f6r\u00fcyor.<\/p>\n<\/p><\/div>\n","protected":false},"excerpt":{"rendered":"<p>&#13; Timsahlar ve suayg\u0131rlar\u0131yla \u00e7evrili Kariba G\u00f6l\u00fc \u00e7evresinde y\u00fcr\u00fct\u00fclen zorlu kaz\u0131 \u00e7al\u0131\u015fmalar\u0131, paleontoloji d\u00fcnyas\u0131nda heyecan verici bir ke\u015fifle sonu\u00e7land\u0131. &#13; Sekiz y\u0131l s\u00fcren titiz kaz\u0131 ve analizlerin ard\u0131ndan tan\u0131mlanan yeni t\u00fcre, yerel dilde &#8220;\u00e7al\u0131l\u0131kta ya\u015fayan&#8221; anlam\u0131na gelen &#8220;Musango matusadonaensis&#8221; ad\u0131 verildi. &#13; Ge\u00e7 Triyas D\u00f6nemi&#8217;nde, hen\u00fcz k\u0131talar\u0131n ayr\u0131lmad\u0131\u011f\u0131 Gondvana s\u00fcper k\u0131tas\u0131nda ya\u015fam\u0131\u015f olan bu canl\u0131n\u0131n, [&hellip;]<\/p>\n","protected":false},"author":1,"featured_media":45980,"comment_status":"open","ping_status":"open","sticky":false,"template":"","format":"standard","meta":{"jnews-multi-image_gallery":[],"jnews_single_post":[],"jnews_primary_category":[],"jnews_social_meta":[],"jnews_override_counter":[],"footnotes":""},"categories":[2],"tags":[],"class_list":["post-45979","post","type-post","status-publish","format-standard","has-post-thumbnail","hentry","category-dunya"],"yoast_head":"<!-- This site is optimized with the Yoast SEO plugin v28.4 - https:\/\/yoast.com\/product\/yoast-seo-wordpress\/ -->\n<title>Afrika&#039;da 210 milyon y\u0131ll\u0131k yeni bir dinozor t\u00fcr\u00fc ke\u015ffedildi - Kuzeyin Sesi<\/title>\n<meta name=\"robots\" content=\"index, follow, max-snippet:-1, max-image-preview:large, max-video-preview:-1\" \/>\n<link rel=\"canonical\" href=\"https:\/\/kuzeyinsesi.org\/index.php\/2026\/09\/03\/afrikada-210-milyon-yillik-yeni-bir-dinozor-turu-kesfedildi\/\" \/>\n<meta property=\"og:locale\" content=\"tr_TR\" \/>\n<meta property=\"og:type\" content=\"article\" \/>\n<meta property=\"og:title\" content=\"Afrika&#039;da 210 milyon y\u0131ll\u0131k yeni bir dinozor t\u00fcr\u00fc ke\u015ffedildi - Kuzeyin Sesi\" \/>\n<meta property=\"og:description\" content=\"&#013; Timsahlar ve suayg\u0131rlar\u0131yla \u00e7evrili Kariba G\u00f6l\u00fc \u00e7evresinde y\u00fcr\u00fct\u00fclen zorlu kaz\u0131 \u00e7al\u0131\u015fmalar\u0131, paleontoloji d\u00fcnyas\u0131nda heyecan verici bir ke\u015fifle sonu\u00e7land\u0131. &#013; Sekiz y\u0131l s\u00fcren titiz kaz\u0131 ve analizlerin ard\u0131ndan tan\u0131mlanan yeni t\u00fcre, yerel dilde &#8220;\u00e7al\u0131l\u0131kta ya\u015fayan&#8221; anlam\u0131na gelen &#8220;Musango matusadonaensis&#8221; ad\u0131 verildi. &#013; Ge\u00e7 Triyas D\u00f6nemi&#8217;nde, hen\u00fcz k\u0131talar\u0131n ayr\u0131lmad\u0131\u011f\u0131 Gondvana s\u00fcper k\u0131tas\u0131nda ya\u015fam\u0131\u015f olan bu canl\u0131n\u0131n, [&hellip;]\" \/>\n<meta property=\"og:url\" content=\"https:\/\/kuzeyinsesi.org\/index.php\/2026\/09\/03\/afrikada-210-milyon-yillik-yeni-bir-dinozor-turu-kesfedildi\/\" \/>\n<meta property=\"og:site_name\" content=\"Kuzeyin Sesi\" \/>\n<meta property=\"article:publisher\" content=\"https:\/\/www.facebook.com\/kuzeyinsesii\" \/>\n<meta property=\"article:published_time\" content=\"2026-09-02T23:07:02+00:00\" \/>\n<meta property=\"og:image\" content=\"https:\/\/trthaberstatic.cdn.wp.trt.com.tr\/resimler\/1766000\/dinozor-afp-1767885.jpg\" \/>\n<meta name=\"author\" content=\"Kuzeyin Sesi\" \/>\n<meta name=\"twitter:card\" content=\"summary_large_image\" \/>\n<meta name=\"twitter:creator\" content=\"@kuzeyinsesii\" \/>\n<meta name=\"twitter:site\" content=\"@kuzeyinsesii\" \/>\n<meta name=\"twitter:label1\" content=\"Yazan:\" \/>\n\t<meta name=\"twitter:data1\" content=\"Kuzeyin Sesi\" \/>\n\t<meta name=\"twitter:label2\" content=\"Tahmini okuma s\u00fcresi\" \/>\n\t<meta name=\"twitter:data2\" content=\"2 dakika\" \/>\n<script type=\"application\/ld+json\" class=\"yoast-schema-graph\">{\"@context\":\"https:\\\/\\\/schema.org\",\"@graph\":[{\"@type\":\"Article\",\"@id\":\"https:\\\/\\\/kuzeyinsesi.org\\\/index.php\\\/2026\\\/09\\\/03\\\/afrikada-210-milyon-yillik-yeni-bir-dinozor-turu-kesfedildi\\\/#article\",\"isPartOf\":{\"@id\":\"https:\\\/\\\/kuzeyinsesi.org\\\/index.php\\\/2026\\\/09\\\/03\\\/afrikada-210-milyon-yillik-yeni-bir-dinozor-turu-kesfedildi\\\/\"},\"author\":{\"name\":\"Kuzeyin Sesi\",\"@id\":\"https:\\\/\\\/kuzeyinsesi.org\\\/#\\\/schema\\\/person\\\/9f859689cdf01485597712386e37f5aa\"},\"headline\":\"Afrika&#039;da 210 milyon y\u0131ll\u0131k yeni bir dinozor t\u00fcr\u00fc ke\u015ffedildi\",\"datePublished\":\"2026-09-02T23:07:02+00:00\",\"mainEntityOfPage\":{\"@id\":\"https:\\\/\\\/kuzeyinsesi.org\\\/index.php\\\/2026\\\/09\\\/03\\\/afrikada-210-milyon-yillik-yeni-bir-dinozor-turu-kesfedildi\\\/\"},\"wordCount\":492,\"commentCount\":0,\"image\":{\"@id\":\"https:\\\/\\\/kuzeyinsesi.org\\\/index.php\\\/2026\\\/09\\\/03\\\/afrikada-210-milyon-yillik-yeni-bir-dinozor-turu-kesfedildi\\\/#primaryimage\"},\"thumbnailUrl\":\"https:\\\/\\\/kuzeyinsesi.org\\\/wp-content\\\/uploads\\\/2026\\\/09\\\/dinozor-afp-1767885.jpg\",\"articleSection\":[\"D\u00fcnya\"],\"inLanguage\":\"tr\",\"potentialAction\":[{\"@type\":\"CommentAction\",\"name\":\"Comment\",\"target\":[\"https:\\\/\\\/kuzeyinsesi.org\\\/index.php\\\/2026\\\/09\\\/03\\\/afrikada-210-milyon-yillik-yeni-bir-dinozor-turu-kesfedildi\\\/#respond\"]}]},{\"@type\":\"WebPage\",\"@id\":\"https:\\\/\\\/kuzeyinsesi.org\\\/index.php\\\/2026\\\/09\\\/03\\\/afrikada-210-milyon-yillik-yeni-bir-dinozor-turu-kesfedildi\\\/\",\"url\":\"https:\\\/\\\/kuzeyinsesi.org\\\/index.php\\\/2026\\\/09\\\/03\\\/afrikada-210-milyon-yillik-yeni-bir-dinozor-turu-kesfedildi\\\/\",\"name\":\"Afrika&#039;da 210 milyon y\u0131ll\u0131k yeni bir dinozor t\u00fcr\u00fc ke\u015ffedildi - Kuzeyin Sesi\",\"isPartOf\":{\"@id\":\"https:\\\/\\\/kuzeyinsesi.org\\\/#website\"},\"primaryImageOfPage\":{\"@id\":\"https:\\\/\\\/kuzeyinsesi.org\\\/index.php\\\/2026\\\/09\\\/03\\\/afrikada-210-milyon-yillik-yeni-bir-dinozor-turu-kesfedildi\\\/#primaryimage\"},\"image\":{\"@id\":\"https:\\\/\\\/kuzeyinsesi.org\\\/index.php\\\/2026\\\/09\\\/03\\\/afrikada-210-milyon-yillik-yeni-bir-dinozor-turu-kesfedildi\\\/#primaryimage\"},\"thumbnailUrl\":\"https:\\\/\\\/kuzeyinsesi.org\\\/wp-content\\\/uploads\\\/2026\\\/09\\\/dinozor-afp-1767885.jpg\",\"datePublished\":\"2026-09-02T23:07:02+00:00\",\"author\":{\"@id\":\"https:\\\/\\\/kuzeyinsesi.org\\\/#\\\/schema\\\/person\\\/9f859689cdf01485597712386e37f5aa\"},\"breadcrumb\":{\"@id\":\"https:\\\/\\\/kuzeyinsesi.org\\\/index.php\\\/2026\\\/09\\\/03\\\/afrikada-210-milyon-yillik-yeni-bir-dinozor-turu-kesfedildi\\\/#breadcrumb\"},\"inLanguage\":\"tr\",\"potentialAction\":[{\"@type\":\"ReadAction\",\"target\":[\"https:\\\/\\\/kuzeyinsesi.org\\\/index.php\\\/2026\\\/09\\\/03\\\/afrikada-210-milyon-yillik-yeni-bir-dinozor-turu-kesfedildi\\\/\"]}]},{\"@type\":\"ImageObject\",\"inLanguage\":\"tr\",\"@id\":\"https:\\\/\\\/kuzeyinsesi.org\\\/index.php\\\/2026\\\/09\\\/03\\\/afrikada-210-milyon-yillik-yeni-bir-dinozor-turu-kesfedildi\\\/#primaryimage\",\"url\":\"https:\\\/\\\/kuzeyinsesi.org\\\/wp-content\\\/uploads\\\/2026\\\/09\\\/dinozor-afp-1767885.jpg\",\"contentUrl\":\"https:\\\/\\\/kuzeyinsesi.org\\\/wp-content\\\/uploads\\\/2026\\\/09\\\/dinozor-afp-1767885.jpg\",\"width\":1280,\"height\":720},{\"@type\":\"BreadcrumbList\",\"@id\":\"https:\\\/\\\/kuzeyinsesi.org\\\/index.php\\\/2026\\\/09\\\/03\\\/afrikada-210-milyon-yillik-yeni-bir-dinozor-turu-kesfedildi\\\/#breadcrumb\",\"itemListElement\":[{\"@type\":\"ListItem\",\"position\":1,\"name\":\"Anasayfa\",\"item\":\"https:\\\/\\\/kuzeyinsesi.org\\\/\"},{\"@type\":\"ListItem\",\"position\":2,\"name\":\"Afrika&#039;da 210 milyon y\u0131ll\u0131k yeni bir dinozor t\u00fcr\u00fc ke\u015ffedildi\"}]},{\"@type\":\"WebSite\",\"@id\":\"https:\\\/\\\/kuzeyinsesi.org\\\/#website\",\"url\":\"https:\\\/\\\/kuzeyinsesi.org\\\/\",\"name\":\"Kuzeyin Sesi\",\"description\":\"Do\u011fru Haberin Adresi\",\"potentialAction\":[{\"@type\":\"SearchAction\",\"target\":{\"@type\":\"EntryPoint\",\"urlTemplate\":\"https:\\\/\\\/kuzeyinsesi.org\\\/?s={search_term_string}\"},\"query-input\":{\"@type\":\"PropertyValueSpecification\",\"valueRequired\":true,\"valueName\":\"search_term_string\"}}],\"inLanguage\":\"tr\"},{\"@type\":\"Person\",\"@id\":\"https:\\\/\\\/kuzeyinsesi.org\\\/#\\\/schema\\\/person\\\/9f859689cdf01485597712386e37f5aa\",\"name\":\"Kuzeyin Sesi\",\"image\":{\"@type\":\"ImageObject\",\"inLanguage\":\"tr\",\"@id\":\"https:\\\/\\\/secure.gravatar.com\\\/avatar\\\/bab33852abfd8b282518d6ed81826833d77c3c882d9ab608add591ccace47a44?s=96&d=mm&r=g\",\"url\":\"https:\\\/\\\/secure.gravatar.com\\\/avatar\\\/bab33852abfd8b282518d6ed81826833d77c3c882d9ab608add591ccace47a44?s=96&d=mm&r=g\",\"contentUrl\":\"https:\\\/\\\/secure.gravatar.com\\\/avatar\\\/bab33852abfd8b282518d6ed81826833d77c3c882d9ab608add591ccace47a44?s=96&d=mm&r=g\",\"caption\":\"Kuzeyin Sesi\"},\"sameAs\":[\"https:\\\/\\\/kuzeyinsesi.org\"],\"url\":\"https:\\\/\\\/kuzeyinsesi.org\\\/index.php\\\/author\\\/guven\\\/\"}]}<\/script>\n<!-- \/ Yoast SEO plugin. -->","yoast_head_json":{"title":"Afrika&#039;da 210 milyon y\u0131ll\u0131k yeni bir dinozor t\u00fcr\u00fc ke\u015ffedildi - Kuzeyin Sesi","robots":{"index":"index","follow":"follow","max-snippet":"max-snippet:-1","max-image-preview":"max-image-preview:large","max-video-preview":"max-video-preview:-1"},"canonical":"https:\/\/kuzeyinsesi.org\/index.php\/2026\/09\/03\/afrikada-210-milyon-yillik-yeni-bir-dinozor-turu-kesfedildi\/","og_locale":"tr_TR","og_type":"article","og_title":"Afrika&#039;da 210 milyon y\u0131ll\u0131k yeni bir dinozor t\u00fcr\u00fc ke\u015ffedildi - Kuzeyin Sesi","og_description":"&#13; Timsahlar ve suayg\u0131rlar\u0131yla \u00e7evrili Kariba G\u00f6l\u00fc \u00e7evresinde y\u00fcr\u00fct\u00fclen zorlu kaz\u0131 \u00e7al\u0131\u015fmalar\u0131, paleontoloji d\u00fcnyas\u0131nda heyecan verici bir ke\u015fifle sonu\u00e7land\u0131. &#13; Sekiz y\u0131l s\u00fcren titiz kaz\u0131 ve analizlerin ard\u0131ndan tan\u0131mlanan yeni t\u00fcre, yerel dilde &#8220;\u00e7al\u0131l\u0131kta ya\u015fayan&#8221; anlam\u0131na gelen &#8220;Musango matusadonaensis&#8221; ad\u0131 verildi. &#13; Ge\u00e7 Triyas D\u00f6nemi&#8217;nde, hen\u00fcz k\u0131talar\u0131n ayr\u0131lmad\u0131\u011f\u0131 Gondvana s\u00fcper k\u0131tas\u0131nda ya\u015fam\u0131\u015f olan bu canl\u0131n\u0131n, [&hellip;]","og_url":"https:\/\/kuzeyinsesi.org\/index.php\/2026\/09\/03\/afrikada-210-milyon-yillik-yeni-bir-dinozor-turu-kesfedildi\/","og_site_name":"Kuzeyin Sesi","article_publisher":"https:\/\/www.facebook.com\/kuzeyinsesii","article_published_time":"2026-09-02T23:07:02+00:00","og_image":[{"url":"https:\/\/trthaberstatic.cdn.wp.trt.com.tr\/resimler\/1766000\/dinozor-afp-1767885.jpg","type":"","width":"","height":""}],"author":"Kuzeyin Sesi","twitter_card":"summary_large_image","twitter_creator":"@kuzeyinsesii","twitter_site":"@kuzeyinsesii","twitter_misc":{"Yazan:":"Kuzeyin Sesi","Tahmini okuma s\u00fcresi":"2 dakika"},"schema":{"@context":"https:\/\/schema.org","@graph":[{"@type":"Article","@id":"https:\/\/kuzeyinsesi.org\/index.php\/2026\/09\/03\/afrikada-210-milyon-yillik-yeni-bir-dinozor-turu-kesfedildi\/#article","isPartOf":{"@id":"https:\/\/kuzeyinsesi.org\/index.php\/2026\/09\/03\/afrikada-210-milyon-yillik-yeni-bir-dinozor-turu-kesfedildi\/"},"author":{"name":"Kuzeyin Sesi","@id":"https:\/\/kuzeyinsesi.org\/#\/schema\/person\/9f859689cdf01485597712386e37f5aa"},"headline":"Afrika&#039;da 210 milyon y\u0131ll\u0131k yeni bir dinozor t\u00fcr\u00fc ke\u015ffedildi","datePublished":"2026-09-02T23:07:02+00:00","mainEntityOfPage":{"@id":"https:\/\/kuzeyinsesi.org\/index.php\/2026\/09\/03\/afrikada-210-milyon-yillik-yeni-bir-dinozor-turu-kesfedildi\/"},"wordCount":492,"commentCount":0,"image":{"@id":"https:\/\/kuzeyinsesi.org\/index.php\/2026\/09\/03\/afrikada-210-milyon-yillik-yeni-bir-dinozor-turu-kesfedildi\/#primaryimage"},"thumbnailUrl":"https:\/\/kuzeyinsesi.org\/wp-content\/uploads\/2026\/09\/dinozor-afp-1767885.jpg","articleSection":["D\u00fcnya"],"inLanguage":"tr","potentialAction":[{"@type":"CommentAction","name":"Comment","target":["https:\/\/kuzeyinsesi.org\/index.php\/2026\/09\/03\/afrikada-210-milyon-yillik-yeni-bir-dinozor-turu-kesfedildi\/#respond"]}]},{"@type":"WebPage","@id":"https:\/\/kuzeyinsesi.org\/index.php\/2026\/09\/03\/afrikada-210-milyon-yillik-yeni-bir-dinozor-turu-kesfedildi\/","url":"https:\/\/kuzeyinsesi.org\/index.php\/2026\/09\/03\/afrikada-210-milyon-yillik-yeni-bir-dinozor-turu-kesfedildi\/","name":"Afrika&#039;da 210 milyon y\u0131ll\u0131k yeni bir dinozor t\u00fcr\u00fc ke\u015ffedildi - Kuzeyin Sesi","isPartOf":{"@id":"https:\/\/kuzeyinsesi.org\/#website"},"primaryImageOfPage":{"@id":"https:\/\/kuzeyinsesi.org\/index.php\/2026\/09\/03\/afrikada-210-milyon-yillik-yeni-bir-dinozor-turu-kesfedildi\/#primaryimage"},"image":{"@id":"https:\/\/kuzeyinsesi.org\/index.php\/2026\/09\/03\/afrikada-210-milyon-yillik-yeni-bir-dinozor-turu-kesfedildi\/#primaryimage"},"thumbnailUrl":"https:\/\/kuzeyinsesi.org\/wp-content\/uploads\/2026\/09\/dinozor-afp-1767885.jpg","datePublished":"2026-09-02T23:07:02+00:00","author":{"@id":"https:\/\/kuzeyinsesi.org\/#\/schema\/person\/9f859689cdf01485597712386e37f5aa"},"breadcrumb":{"@id":"https:\/\/kuzeyinsesi.org\/index.php\/2026\/09\/03\/afrikada-210-milyon-yillik-yeni-bir-dinozor-turu-kesfedildi\/#breadcrumb"},"inLanguage":"tr","potentialAction":[{"@type":"ReadAction","target":["https:\/\/kuzeyinsesi.org\/index.php\/2026\/09\/03\/afrikada-210-milyon-yillik-yeni-bir-dinozor-turu-kesfedildi\/"]}]},{"@type":"ImageObject","inLanguage":"tr","@id":"https:\/\/kuzeyinsesi.org\/index.php\/2026\/09\/03\/afrikada-210-milyon-yillik-yeni-bir-dinozor-turu-kesfedildi\/#primaryimage","url":"https:\/\/kuzeyinsesi.org\/wp-content\/uploads\/2026\/09\/dinozor-afp-1767885.jpg","contentUrl":"https:\/\/kuzeyinsesi.org\/wp-content\/uploads\/2026\/09\/dinozor-afp-1767885.jpg","width":1280,"height":720},{"@type":"BreadcrumbList","@id":"https:\/\/kuzeyinsesi.org\/index.php\/2026\/09\/03\/afrikada-210-milyon-yillik-yeni-bir-dinozor-turu-kesfedildi\/#breadcrumb","itemListElement":[{"@type":"ListItem","position":1,"name":"Anasayfa","item":"https:\/\/kuzeyinsesi.org\/"},{"@type":"ListItem","position":2,"name":"Afrika&#039;da 210 milyon y\u0131ll\u0131k yeni bir dinozor t\u00fcr\u00fc ke\u015ffedildi"}]},{"@type":"WebSite","@id":"https:\/\/kuzeyinsesi.org\/#website","url":"https:\/\/kuzeyinsesi.org\/","name":"Kuzeyin Sesi","description":"Do\u011fru Haberin Adresi","potentialAction":[{"@type":"SearchAction","target":{"@type":"EntryPoint","urlTemplate":"https:\/\/kuzeyinsesi.org\/?s={search_term_string}"},"query-input":{"@type":"PropertyValueSpecification","valueRequired":true,"valueName":"search_term_string"}}],"inLanguage":"tr"},{"@type":"Person","@id":"https:\/\/kuzeyinsesi.org\/#\/schema\/person\/9f859689cdf01485597712386e37f5aa","name":"Kuzeyin Sesi","image":{"@type":"ImageObject","inLanguage":"tr","@id":"https:\/\/secure.gravatar.com\/avatar\/bab33852abfd8b282518d6ed81826833d77c3c882d9ab608add591ccace47a44?s=96&d=mm&r=g","url":"https:\/\/secure.gravatar.com\/avatar\/bab33852abfd8b282518d6ed81826833d77c3c882d9ab608add591ccace47a44?s=96&d=mm&r=g","contentUrl":"https:\/\/secure.gravatar.com\/avatar\/bab33852abfd8b282518d6ed81826833d77c3c882d9ab608add591ccace47a44?s=96&d=mm&r=g","caption":"Kuzeyin Sesi"},"sameAs":["https:\/\/kuzeyinsesi.org"],"url":"https:\/\/kuzeyinsesi.org\/index.php\/author\/guven\/"}]}},"_links":{"self":[{"href":"https:\/\/kuzeyinsesi.org\/index.php\/wp-json\/wp\/v2\/posts\/45979","targetHints":{"allow":["GET"]}}],"collection":[{"href":"https:\/\/kuzeyinsesi.org\/index.php\/wp-json\/wp\/v2\/posts"}],"about":[{"href":"https:\/\/kuzeyinsesi.org\/index.php\/wp-json\/wp\/v2\/types\/post"}],"author":[{"embeddable":true,"href":"https:\/\/kuzeyinsesi.org\/index.php\/wp-json\/wp\/v2\/users\/1"}],"replies":[{"embeddable":true,"href":"https:\/\/kuzeyinsesi.org\/index.php\/wp-json\/wp\/v2\/comments?post=45979"}],"version-history":[{"count":0,"href":"https:\/\/kuzeyinsesi.org\/index.php\/wp-json\/wp\/v2\/posts\/45979\/revisions"}],"wp:featuredmedia":[{"embeddable":true,"href":"https:\/\/kuzeyinsesi.org\/index.php\/wp-json\/wp\/v2\/media\/45980"}],"wp:attachment":[{"href":"https:\/\/kuzeyinsesi.org\/index.php\/wp-json\/wp\/v2\/media?parent=45979"}],"wp:term":[{"taxonomy":"category","embeddable":true,"href":"https:\/\/kuzeyinsesi.org\/index.php\/wp-json\/wp\/v2\/categories?post=45979"},{"taxonomy":"post_tag","embeddable":true,"href":"https:\/\/kuzeyinsesi.org\/index.php\/wp-json\/wp\/v2\/tags?post=45979"}],"curies":[{"name":"wp","href":"https:\/\/api.w.org\/{rel}","templated":true}]}}