{"id":45977,"date":"2026-09-03T01:36:04","date_gmt":"2026-09-02T22:36:04","guid":{"rendered":"https:\/\/kuzeyinsesi.org\/index.php\/2026\/09\/03\/kendi-kendine-ucan-ucaklar-goreve-basladi-pilot-devri-bitiyor-mu\/"},"modified":"2026-09-03T01:36:04","modified_gmt":"2026-09-02T22:36:04","slug":"kendi-kendine-ucan-ucaklar-goreve-basladi-pilot-devri-bitiyor-mu","status":"publish","type":"post","link":"https:\/\/kuzeyinsesi.org\/index.php\/2026\/09\/03\/kendi-kendine-ucan-ucaklar-goreve-basladi-pilot-devri-bitiyor-mu\/","title":{"rendered":"Kendi kendine u\u00e7an u\u00e7aklar g\u00f6reve ba\u015flad\u0131: Pilot devri bitiyor mu?"},"content":{"rendered":"<p><\/p>\n<div>\n<p>&#13;<br \/>\n\t<a href=\"https:\/\/www.trthaber.com\/etiket\/havacilik\/\" target=\"_blank\">Havac\u0131l\u0131k<\/a> teknolojilerinde insans\u0131z ve otonom sistemler sessiz ama kararl\u0131 bir d\u00f6n\u00fc\u015f\u00fcme \u00f6nc\u00fcl\u00fck ediyor. <a href=\"https:\/\/www.trthaber.com\/etiket\/abd\/\" target=\"_blank\">ABD<\/a> ve Brezilya&#8217;da ticari izinlerini alarak sahaya inen elektrikli ve kokpitsiz u\u00e7aklar, \u00f6zellikle tar\u0131msal ila\u00e7lama gibi zorlu ve tehlikeli g\u00f6revleri insanl\u0131 u\u00e7aklardan devral\u0131yor.<\/p>\n<p>&#13;<br \/>\n\t\u0130nsan pilotlar\u0131n inemeyece\u011fi kadar al\u00e7aktan u\u00e7abilen bu ara\u00e7lar, kimyasal ila\u00e7lar\u0131n r\u00fczgarla savrulmas\u0131n\u0131 engelleyerek hem verimlili\u011fi art\u0131r\u0131yor hem de maliyetleri belirgin bi\u00e7imde d\u00fc\u015f\u00fcr\u00fcyor.<\/p>\n<p>&#13;<br \/>\n\tGeli\u015ftirici \u015firketler, tar\u0131m ve lojistikle ba\u015flayan bu s\u00fcrecin nihai hedefinin b\u00f6lgesel yolcu ta\u015f\u0131mac\u0131l\u0131\u011f\u0131 oldu\u011funu belirtiyor.<\/p>\n<h2>&#13;<br \/>\n\tOtopilottan tamamen ba\u011f\u0131ms\u0131z u\u00e7u\u015fa ge\u00e7i\u015f<\/h2>\n<p>&#13;<br \/>\n\tGeleneksel yolcu u\u00e7aklar\u0131ndaki otopilot sistemleri yaln\u0131zca seyir s\u0131ras\u0131nda pilota destek sa\u011flarken, yeni nesil otonom hava ara\u00e7lar\u0131 kalk\u0131\u015ftan ini\u015fe kadar t\u00fcm u\u00e7u\u015fu insan m\u00fcdahalesi olmaks\u0131z\u0131n kendi ba\u015f\u0131na y\u00f6netiyor.<\/p>\n<p>&#13;<br \/>\n\tSens\u00f6rlerden gelen verileri geli\u015fmi\u015f algoritmalarla i\u015fleyen u\u00e7aklar; \u00e7evredeki <a href=\"https:\/\/www.trthaber.com\/etiket\/elektrik\/\" target=\"_blank\">elektrik<\/a> hatlar\u0131, a\u011fa\u00e7lar veya y\u00fckseltiler gibi t\u00fcm engelleri \u00f6nceden haritaland\u0131rarak rotas\u0131n\u0131 otomatik olarak \u00e7iziyor.<\/p>\n<p>&#13;<br \/>\n\t<a href=\"https:\/\/www.trthaber.com\/etiket\/ilac\/\" target=\"_blank\">\u0130la\u00e7<\/a> veya <a href=\"https:\/\/www.trthaber.com\/etiket\/yakit\/\" target=\"_blank\">yak\u0131t<\/a> seviyesi azald\u0131\u011f\u0131nda kendi kendine ini\u015f yap\u0131p ikmalin ard\u0131ndan g\u00f6revine kald\u0131\u011f\u0131 noktadan devam edebilen bu sistemler, g\u00f6ky\u00fcz\u00fcndeki operasyonel y\u00fck\u00fc tek bir yer operat\u00f6r\u00fcn\u00fcn kontrol edebilece\u011fi seviyeye indiriyor.<\/p>\n<h2>&#13;<br \/>\n\tG\u00fcvenlik endi\u015feleri ve pilotlar\u0131n tepkisi<\/h2>\n<p>&#13;<br \/>\n\tOtonom u\u00e7u\u015f teknolojisinin geli\u015ftiricileri bu sistemlerin k\u00fcresel pilot a\u00e7\u0131\u011f\u0131n\u0131 kapataca\u011f\u0131n\u0131, operasyon maliyetlerini k\u0131saca\u011f\u0131n\u0131 ve insan hatas\u0131ndan kaynaklanan kazalar\u0131 azaltaca\u011f\u0131n\u0131 savunuyor.<\/p>\n<p>&#13;<br \/>\n\tBuna kar\u015f\u0131l\u0131k pilot meslek \u00f6rg\u00fctleri kokpitten insan fakt\u00f6r\u00fcn\u00fcn tamamen \u00e7\u0131kar\u0131lmas\u0131n\u0131 b\u00fcy\u00fck bir g\u00fcvenlik riski olarak de\u011ferlendiriyor.<\/p>\n<p>&#13;<br \/>\n\tTar\u0131msal havac\u0131l\u0131k temsilcileri k\u00fc\u00e7\u00fck insans\u0131z u\u00e7aklar\u0131n havada fark edilmesinin zor oldu\u011funa dikkat \u00e7ekerken, <a href=\"https:\/\/www.trthaber.com\/etiket\/hava-yolu\/\" target=\"_blank\">hava yolu<\/a> pilotlar\u0131 birlikleri de insan denetiminin hayati \u00f6nem ta\u015f\u0131d\u0131\u011f\u0131 uyar\u0131s\u0131nda bulunuyor.<\/p>\n<h2>&#13;<br \/>\n\t<a href=\"https:\/\/www.trthaber.com\/etiket\/yapay-zeka\/\" target=\"_blank\">Yapay zeka<\/a> ve hava kontrol ikilemi<\/h2>\n<p>&#13;<br \/>\n\tOtonom u\u00e7u\u015fun \u00f6n\u00fcndeki en b\u00fcy\u00fck teknik engel, insan g\u00f6z\u00fcn\u00fcn havadaki di\u011fer u\u00e7aklar\u0131 fark etme ve h\u0131zla manevra yapma refleksini dijital sistemlere aktarabilmekten ge\u00e7iyor.<\/p>\n<p>&#13;<br \/>\n\tBaz\u0131 \u00fcreticiler havac\u0131l\u0131k sertifikasyonunu zorla\u015ft\u0131rd\u0131\u011f\u0131 gerek\u00e7esiyle yapay zekadan ka\u00e7\u0131n\u0131p kurallara dayal\u0131 radar sistemlerini tercih ederken, di\u011fer \u015firketler mesafedeki nesneleri ay\u0131rt edebilmek i\u00e7in yapay zeka destekli kameralara g\u00fcveniyor.<\/p>\n<p>&#13;<br \/>\n\tHava <a href=\"https:\/\/www.trthaber.com\/etiket\/trafik\/\" target=\"_blank\">trafik<\/a> kontrol\u00fcyle telsiz \u00fczerinden ileti\u015fim kurma konusunda ise yerdeki yedek pilotlar ile binlerce saatlik konu\u015fma kay\u0131tlar\u0131yla e\u011fitilen \u00fcretken yapay zeka modelleri aras\u0131nda teknolojik bir rekabet ya\u015fan\u0131yor.<\/p>\n<p>&#13;<br \/>\n\tOtonom yolcu u\u00e7u\u015flar\u0131n\u0131n yayg\u0131nla\u015fmas\u0131 i\u00e7in hen\u00fcz uzun bir s\u00fcre gerekti\u011fi kabul edilse de geli\u015ftirilen bu teknolojilerin mevcut ticari u\u00e7u\u015flar\u0131 \u00e7ok daha g\u00fcvenli hale getirece\u011fi \u00f6ng\u00f6r\u00fcl\u00fcyor.<\/p>\n<\/p><\/div>\n","protected":false},"excerpt":{"rendered":"<p>&#13; Havac\u0131l\u0131k teknolojilerinde insans\u0131z ve otonom sistemler sessiz ama kararl\u0131 bir d\u00f6n\u00fc\u015f\u00fcme \u00f6nc\u00fcl\u00fck ediyor. ABD ve Brezilya&#8217;da ticari izinlerini alarak sahaya inen elektrikli ve kokpitsiz u\u00e7aklar, \u00f6zellikle tar\u0131msal ila\u00e7lama gibi zorlu ve tehlikeli g\u00f6revleri insanl\u0131 u\u00e7aklardan devral\u0131yor. &#13; \u0130nsan pilotlar\u0131n inemeyece\u011fi kadar al\u00e7aktan u\u00e7abilen bu ara\u00e7lar, kimyasal ila\u00e7lar\u0131n r\u00fczgarla savrulmas\u0131n\u0131 engelleyerek hem verimlili\u011fi art\u0131r\u0131yor hem [&hellip;]<\/p>\n","protected":false},"author":1,"featured_media":45978,"comment_status":"open","ping_status":"open","sticky":false,"template":"","format":"standard","meta":{"jnews-multi-image_gallery":[],"jnews_single_post":[],"jnews_primary_category":[],"jnews_social_meta":[],"jnews_override_counter":[],"footnotes":""},"categories":[2],"tags":[],"class_list":["post-45977","post","type-post","status-publish","format-standard","has-post-thumbnail","hentry","category-dunya"],"yoast_head":"<!-- This site is optimized with the Yoast SEO plugin v28.4 - https:\/\/yoast.com\/product\/yoast-seo-wordpress\/ -->\n<title>Kendi kendine u\u00e7an u\u00e7aklar g\u00f6reve ba\u015flad\u0131: Pilot devri bitiyor mu? - Kuzeyin Sesi<\/title>\n<meta name=\"robots\" content=\"index, follow, max-snippet:-1, max-image-preview:large, max-video-preview:-1\" \/>\n<link rel=\"canonical\" href=\"https:\/\/kuzeyinsesi.org\/index.php\/2026\/09\/03\/kendi-kendine-ucan-ucaklar-goreve-basladi-pilot-devri-bitiyor-mu\/\" \/>\n<meta property=\"og:locale\" content=\"tr_TR\" \/>\n<meta property=\"og:type\" content=\"article\" \/>\n<meta property=\"og:title\" content=\"Kendi kendine u\u00e7an u\u00e7aklar g\u00f6reve ba\u015flad\u0131: Pilot devri bitiyor mu? - Kuzeyin Sesi\" \/>\n<meta property=\"og:description\" content=\"&#013; Havac\u0131l\u0131k teknolojilerinde insans\u0131z ve otonom sistemler sessiz ama kararl\u0131 bir d\u00f6n\u00fc\u015f\u00fcme \u00f6nc\u00fcl\u00fck ediyor. ABD ve Brezilya&#8217;da ticari izinlerini alarak sahaya inen elektrikli ve kokpitsiz u\u00e7aklar, \u00f6zellikle tar\u0131msal ila\u00e7lama gibi zorlu ve tehlikeli g\u00f6revleri insanl\u0131 u\u00e7aklardan devral\u0131yor. &#013; \u0130nsan pilotlar\u0131n inemeyece\u011fi kadar al\u00e7aktan u\u00e7abilen bu ara\u00e7lar, kimyasal ila\u00e7lar\u0131n r\u00fczgarla savrulmas\u0131n\u0131 engelleyerek hem verimlili\u011fi art\u0131r\u0131yor hem [&hellip;]\" \/>\n<meta property=\"og:url\" content=\"https:\/\/kuzeyinsesi.org\/index.php\/2026\/09\/03\/kendi-kendine-ucan-ucaklar-goreve-basladi-pilot-devri-bitiyor-mu\/\" \/>\n<meta property=\"og:site_name\" content=\"Kuzeyin Sesi\" \/>\n<meta property=\"article:publisher\" content=\"https:\/\/www.facebook.com\/kuzeyinsesii\" \/>\n<meta property=\"article:published_time\" content=\"2026-09-02T22:36:04+00:00\" \/>\n<meta property=\"og:image\" content=\"https:\/\/trthaberstatic.cdn.wp.trt.com.tr\/resimler\/1478000\/kokpit-ucak-yapay-zeka-1478714.jpg\" \/>\n<meta name=\"author\" content=\"Kuzeyin Sesi\" \/>\n<meta name=\"twitter:card\" content=\"summary_large_image\" \/>\n<meta name=\"twitter:creator\" content=\"@kuzeyinsesii\" \/>\n<meta name=\"twitter:site\" content=\"@kuzeyinsesii\" \/>\n<meta name=\"twitter:label1\" content=\"Yazan:\" \/>\n\t<meta name=\"twitter:data1\" content=\"Kuzeyin Sesi\" \/>\n\t<meta name=\"twitter:label2\" content=\"Tahmini okuma s\u00fcresi\" \/>\n\t<meta name=\"twitter:data2\" content=\"2 dakika\" \/>\n<script type=\"application\/ld+json\" class=\"yoast-schema-graph\">{\"@context\":\"https:\\\/\\\/schema.org\",\"@graph\":[{\"@type\":\"Article\",\"@id\":\"https:\\\/\\\/kuzeyinsesi.org\\\/index.php\\\/2026\\\/09\\\/03\\\/kendi-kendine-ucan-ucaklar-goreve-basladi-pilot-devri-bitiyor-mu\\\/#article\",\"isPartOf\":{\"@id\":\"https:\\\/\\\/kuzeyinsesi.org\\\/index.php\\\/2026\\\/09\\\/03\\\/kendi-kendine-ucan-ucaklar-goreve-basladi-pilot-devri-bitiyor-mu\\\/\"},\"author\":{\"name\":\"Kuzeyin Sesi\",\"@id\":\"https:\\\/\\\/kuzeyinsesi.org\\\/#\\\/schema\\\/person\\\/9f859689cdf01485597712386e37f5aa\"},\"headline\":\"Kendi kendine u\u00e7an u\u00e7aklar g\u00f6reve ba\u015flad\u0131: Pilot devri bitiyor mu?\",\"datePublished\":\"2026-09-02T22:36:04+00:00\",\"mainEntityOfPage\":{\"@id\":\"https:\\\/\\\/kuzeyinsesi.org\\\/index.php\\\/2026\\\/09\\\/03\\\/kendi-kendine-ucan-ucaklar-goreve-basladi-pilot-devri-bitiyor-mu\\\/\"},\"wordCount\":511,\"commentCount\":0,\"image\":{\"@id\":\"https:\\\/\\\/kuzeyinsesi.org\\\/index.php\\\/2026\\\/09\\\/03\\\/kendi-kendine-ucan-ucaklar-goreve-basladi-pilot-devri-bitiyor-mu\\\/#primaryimage\"},\"thumbnailUrl\":\"https:\\\/\\\/kuzeyinsesi.org\\\/wp-content\\\/uploads\\\/2026\\\/09\\\/kokpit-ucak-yapay-zeka-1478714.jpg\",\"articleSection\":[\"D\u00fcnya\"],\"inLanguage\":\"tr\",\"potentialAction\":[{\"@type\":\"CommentAction\",\"name\":\"Comment\",\"target\":[\"https:\\\/\\\/kuzeyinsesi.org\\\/index.php\\\/2026\\\/09\\\/03\\\/kendi-kendine-ucan-ucaklar-goreve-basladi-pilot-devri-bitiyor-mu\\\/#respond\"]}]},{\"@type\":\"WebPage\",\"@id\":\"https:\\\/\\\/kuzeyinsesi.org\\\/index.php\\\/2026\\\/09\\\/03\\\/kendi-kendine-ucan-ucaklar-goreve-basladi-pilot-devri-bitiyor-mu\\\/\",\"url\":\"https:\\\/\\\/kuzeyinsesi.org\\\/index.php\\\/2026\\\/09\\\/03\\\/kendi-kendine-ucan-ucaklar-goreve-basladi-pilot-devri-bitiyor-mu\\\/\",\"name\":\"Kendi kendine u\u00e7an u\u00e7aklar g\u00f6reve ba\u015flad\u0131: Pilot devri bitiyor mu? - Kuzeyin Sesi\",\"isPartOf\":{\"@id\":\"https:\\\/\\\/kuzeyinsesi.org\\\/#website\"},\"primaryImageOfPage\":{\"@id\":\"https:\\\/\\\/kuzeyinsesi.org\\\/index.php\\\/2026\\\/09\\\/03\\\/kendi-kendine-ucan-ucaklar-goreve-basladi-pilot-devri-bitiyor-mu\\\/#primaryimage\"},\"image\":{\"@id\":\"https:\\\/\\\/kuzeyinsesi.org\\\/index.php\\\/2026\\\/09\\\/03\\\/kendi-kendine-ucan-ucaklar-goreve-basladi-pilot-devri-bitiyor-mu\\\/#primaryimage\"},\"thumbnailUrl\":\"https:\\\/\\\/kuzeyinsesi.org\\\/wp-content\\\/uploads\\\/2026\\\/09\\\/kokpit-ucak-yapay-zeka-1478714.jpg\",\"datePublished\":\"2026-09-02T22:36:04+00:00\",\"author\":{\"@id\":\"https:\\\/\\\/kuzeyinsesi.org\\\/#\\\/schema\\\/person\\\/9f859689cdf01485597712386e37f5aa\"},\"breadcrumb\":{\"@id\":\"https:\\\/\\\/kuzeyinsesi.org\\\/index.php\\\/2026\\\/09\\\/03\\\/kendi-kendine-ucan-ucaklar-goreve-basladi-pilot-devri-bitiyor-mu\\\/#breadcrumb\"},\"inLanguage\":\"tr\",\"potentialAction\":[{\"@type\":\"ReadAction\",\"target\":[\"https:\\\/\\\/kuzeyinsesi.org\\\/index.php\\\/2026\\\/09\\\/03\\\/kendi-kendine-ucan-ucaklar-goreve-basladi-pilot-devri-bitiyor-mu\\\/\"]}]},{\"@type\":\"ImageObject\",\"inLanguage\":\"tr\",\"@id\":\"https:\\\/\\\/kuzeyinsesi.org\\\/index.php\\\/2026\\\/09\\\/03\\\/kendi-kendine-ucan-ucaklar-goreve-basladi-pilot-devri-bitiyor-mu\\\/#primaryimage\",\"url\":\"https:\\\/\\\/kuzeyinsesi.org\\\/wp-content\\\/uploads\\\/2026\\\/09\\\/kokpit-ucak-yapay-zeka-1478714.jpg\",\"contentUrl\":\"https:\\\/\\\/kuzeyinsesi.org\\\/wp-content\\\/uploads\\\/2026\\\/09\\\/kokpit-ucak-yapay-zeka-1478714.jpg\",\"width\":1280,\"height\":720},{\"@type\":\"BreadcrumbList\",\"@id\":\"https:\\\/\\\/kuzeyinsesi.org\\\/index.php\\\/2026\\\/09\\\/03\\\/kendi-kendine-ucan-ucaklar-goreve-basladi-pilot-devri-bitiyor-mu\\\/#breadcrumb\",\"itemListElement\":[{\"@type\":\"ListItem\",\"position\":1,\"name\":\"Anasayfa\",\"item\":\"https:\\\/\\\/kuzeyinsesi.org\\\/\"},{\"@type\":\"ListItem\",\"position\":2,\"name\":\"Kendi kendine u\u00e7an u\u00e7aklar g\u00f6reve ba\u015flad\u0131: Pilot devri bitiyor mu?\"}]},{\"@type\":\"WebSite\",\"@id\":\"https:\\\/\\\/kuzeyinsesi.org\\\/#website\",\"url\":\"https:\\\/\\\/kuzeyinsesi.org\\\/\",\"name\":\"Kuzeyin Sesi\",\"description\":\"Do\u011fru Haberin Adresi\",\"potentialAction\":[{\"@type\":\"SearchAction\",\"target\":{\"@type\":\"EntryPoint\",\"urlTemplate\":\"https:\\\/\\\/kuzeyinsesi.org\\\/?s={search_term_string}\"},\"query-input\":{\"@type\":\"PropertyValueSpecification\",\"valueRequired\":true,\"valueName\":\"search_term_string\"}}],\"inLanguage\":\"tr\"},{\"@type\":\"Person\",\"@id\":\"https:\\\/\\\/kuzeyinsesi.org\\\/#\\\/schema\\\/person\\\/9f859689cdf01485597712386e37f5aa\",\"name\":\"Kuzeyin Sesi\",\"image\":{\"@type\":\"ImageObject\",\"inLanguage\":\"tr\",\"@id\":\"https:\\\/\\\/secure.gravatar.com\\\/avatar\\\/bab33852abfd8b282518d6ed81826833d77c3c882d9ab608add591ccace47a44?s=96&d=mm&r=g\",\"url\":\"https:\\\/\\\/secure.gravatar.com\\\/avatar\\\/bab33852abfd8b282518d6ed81826833d77c3c882d9ab608add591ccace47a44?s=96&d=mm&r=g\",\"contentUrl\":\"https:\\\/\\\/secure.gravatar.com\\\/avatar\\\/bab33852abfd8b282518d6ed81826833d77c3c882d9ab608add591ccace47a44?s=96&d=mm&r=g\",\"caption\":\"Kuzeyin Sesi\"},\"sameAs\":[\"https:\\\/\\\/kuzeyinsesi.org\"],\"url\":\"https:\\\/\\\/kuzeyinsesi.org\\\/index.php\\\/author\\\/guven\\\/\"}]}<\/script>\n<!-- \/ Yoast SEO plugin. -->","yoast_head_json":{"title":"Kendi kendine u\u00e7an u\u00e7aklar g\u00f6reve ba\u015flad\u0131: Pilot devri bitiyor mu? - Kuzeyin Sesi","robots":{"index":"index","follow":"follow","max-snippet":"max-snippet:-1","max-image-preview":"max-image-preview:large","max-video-preview":"max-video-preview:-1"},"canonical":"https:\/\/kuzeyinsesi.org\/index.php\/2026\/09\/03\/kendi-kendine-ucan-ucaklar-goreve-basladi-pilot-devri-bitiyor-mu\/","og_locale":"tr_TR","og_type":"article","og_title":"Kendi kendine u\u00e7an u\u00e7aklar g\u00f6reve ba\u015flad\u0131: Pilot devri bitiyor mu? - Kuzeyin Sesi","og_description":"&#13; Havac\u0131l\u0131k teknolojilerinde insans\u0131z ve otonom sistemler sessiz ama kararl\u0131 bir d\u00f6n\u00fc\u015f\u00fcme \u00f6nc\u00fcl\u00fck ediyor. ABD ve Brezilya&#8217;da ticari izinlerini alarak sahaya inen elektrikli ve kokpitsiz u\u00e7aklar, \u00f6zellikle tar\u0131msal ila\u00e7lama gibi zorlu ve tehlikeli g\u00f6revleri insanl\u0131 u\u00e7aklardan devral\u0131yor. &#13; \u0130nsan pilotlar\u0131n inemeyece\u011fi kadar al\u00e7aktan u\u00e7abilen bu ara\u00e7lar, kimyasal ila\u00e7lar\u0131n r\u00fczgarla savrulmas\u0131n\u0131 engelleyerek hem verimlili\u011fi art\u0131r\u0131yor hem [&hellip;]","og_url":"https:\/\/kuzeyinsesi.org\/index.php\/2026\/09\/03\/kendi-kendine-ucan-ucaklar-goreve-basladi-pilot-devri-bitiyor-mu\/","og_site_name":"Kuzeyin Sesi","article_publisher":"https:\/\/www.facebook.com\/kuzeyinsesii","article_published_time":"2026-09-02T22:36:04+00:00","og_image":[{"url":"https:\/\/trthaberstatic.cdn.wp.trt.com.tr\/resimler\/1478000\/kokpit-ucak-yapay-zeka-1478714.jpg","type":"","width":"","height":""}],"author":"Kuzeyin Sesi","twitter_card":"summary_large_image","twitter_creator":"@kuzeyinsesii","twitter_site":"@kuzeyinsesii","twitter_misc":{"Yazan:":"Kuzeyin Sesi","Tahmini okuma s\u00fcresi":"2 dakika"},"schema":{"@context":"https:\/\/schema.org","@graph":[{"@type":"Article","@id":"https:\/\/kuzeyinsesi.org\/index.php\/2026\/09\/03\/kendi-kendine-ucan-ucaklar-goreve-basladi-pilot-devri-bitiyor-mu\/#article","isPartOf":{"@id":"https:\/\/kuzeyinsesi.org\/index.php\/2026\/09\/03\/kendi-kendine-ucan-ucaklar-goreve-basladi-pilot-devri-bitiyor-mu\/"},"author":{"name":"Kuzeyin Sesi","@id":"https:\/\/kuzeyinsesi.org\/#\/schema\/person\/9f859689cdf01485597712386e37f5aa"},"headline":"Kendi kendine u\u00e7an u\u00e7aklar g\u00f6reve ba\u015flad\u0131: Pilot devri bitiyor mu?","datePublished":"2026-09-02T22:36:04+00:00","mainEntityOfPage":{"@id":"https:\/\/kuzeyinsesi.org\/index.php\/2026\/09\/03\/kendi-kendine-ucan-ucaklar-goreve-basladi-pilot-devri-bitiyor-mu\/"},"wordCount":511,"commentCount":0,"image":{"@id":"https:\/\/kuzeyinsesi.org\/index.php\/2026\/09\/03\/kendi-kendine-ucan-ucaklar-goreve-basladi-pilot-devri-bitiyor-mu\/#primaryimage"},"thumbnailUrl":"https:\/\/kuzeyinsesi.org\/wp-content\/uploads\/2026\/09\/kokpit-ucak-yapay-zeka-1478714.jpg","articleSection":["D\u00fcnya"],"inLanguage":"tr","potentialAction":[{"@type":"CommentAction","name":"Comment","target":["https:\/\/kuzeyinsesi.org\/index.php\/2026\/09\/03\/kendi-kendine-ucan-ucaklar-goreve-basladi-pilot-devri-bitiyor-mu\/#respond"]}]},{"@type":"WebPage","@id":"https:\/\/kuzeyinsesi.org\/index.php\/2026\/09\/03\/kendi-kendine-ucan-ucaklar-goreve-basladi-pilot-devri-bitiyor-mu\/","url":"https:\/\/kuzeyinsesi.org\/index.php\/2026\/09\/03\/kendi-kendine-ucan-ucaklar-goreve-basladi-pilot-devri-bitiyor-mu\/","name":"Kendi kendine u\u00e7an u\u00e7aklar g\u00f6reve ba\u015flad\u0131: Pilot devri bitiyor mu? - Kuzeyin Sesi","isPartOf":{"@id":"https:\/\/kuzeyinsesi.org\/#website"},"primaryImageOfPage":{"@id":"https:\/\/kuzeyinsesi.org\/index.php\/2026\/09\/03\/kendi-kendine-ucan-ucaklar-goreve-basladi-pilot-devri-bitiyor-mu\/#primaryimage"},"image":{"@id":"https:\/\/kuzeyinsesi.org\/index.php\/2026\/09\/03\/kendi-kendine-ucan-ucaklar-goreve-basladi-pilot-devri-bitiyor-mu\/#primaryimage"},"thumbnailUrl":"https:\/\/kuzeyinsesi.org\/wp-content\/uploads\/2026\/09\/kokpit-ucak-yapay-zeka-1478714.jpg","datePublished":"2026-09-02T22:36:04+00:00","author":{"@id":"https:\/\/kuzeyinsesi.org\/#\/schema\/person\/9f859689cdf01485597712386e37f5aa"},"breadcrumb":{"@id":"https:\/\/kuzeyinsesi.org\/index.php\/2026\/09\/03\/kendi-kendine-ucan-ucaklar-goreve-basladi-pilot-devri-bitiyor-mu\/#breadcrumb"},"inLanguage":"tr","potentialAction":[{"@type":"ReadAction","target":["https:\/\/kuzeyinsesi.org\/index.php\/2026\/09\/03\/kendi-kendine-ucan-ucaklar-goreve-basladi-pilot-devri-bitiyor-mu\/"]}]},{"@type":"ImageObject","inLanguage":"tr","@id":"https:\/\/kuzeyinsesi.org\/index.php\/2026\/09\/03\/kendi-kendine-ucan-ucaklar-goreve-basladi-pilot-devri-bitiyor-mu\/#primaryimage","url":"https:\/\/kuzeyinsesi.org\/wp-content\/uploads\/2026\/09\/kokpit-ucak-yapay-zeka-1478714.jpg","contentUrl":"https:\/\/kuzeyinsesi.org\/wp-content\/uploads\/2026\/09\/kokpit-ucak-yapay-zeka-1478714.jpg","width":1280,"height":720},{"@type":"BreadcrumbList","@id":"https:\/\/kuzeyinsesi.org\/index.php\/2026\/09\/03\/kendi-kendine-ucan-ucaklar-goreve-basladi-pilot-devri-bitiyor-mu\/#breadcrumb","itemListElement":[{"@type":"ListItem","position":1,"name":"Anasayfa","item":"https:\/\/kuzeyinsesi.org\/"},{"@type":"ListItem","position":2,"name":"Kendi kendine u\u00e7an u\u00e7aklar g\u00f6reve ba\u015flad\u0131: Pilot devri bitiyor mu?"}]},{"@type":"WebSite","@id":"https:\/\/kuzeyinsesi.org\/#website","url":"https:\/\/kuzeyinsesi.org\/","name":"Kuzeyin Sesi","description":"Do\u011fru Haberin Adresi","potentialAction":[{"@type":"SearchAction","target":{"@type":"EntryPoint","urlTemplate":"https:\/\/kuzeyinsesi.org\/?s={search_term_string}"},"query-input":{"@type":"PropertyValueSpecification","valueRequired":true,"valueName":"search_term_string"}}],"inLanguage":"tr"},{"@type":"Person","@id":"https:\/\/kuzeyinsesi.org\/#\/schema\/person\/9f859689cdf01485597712386e37f5aa","name":"Kuzeyin Sesi","image":{"@type":"ImageObject","inLanguage":"tr","@id":"https:\/\/secure.gravatar.com\/avatar\/bab33852abfd8b282518d6ed81826833d77c3c882d9ab608add591ccace47a44?s=96&d=mm&r=g","url":"https:\/\/secure.gravatar.com\/avatar\/bab33852abfd8b282518d6ed81826833d77c3c882d9ab608add591ccace47a44?s=96&d=mm&r=g","contentUrl":"https:\/\/secure.gravatar.com\/avatar\/bab33852abfd8b282518d6ed81826833d77c3c882d9ab608add591ccace47a44?s=96&d=mm&r=g","caption":"Kuzeyin Sesi"},"sameAs":["https:\/\/kuzeyinsesi.org"],"url":"https:\/\/kuzeyinsesi.org\/index.php\/author\/guven\/"}]}},"_links":{"self":[{"href":"https:\/\/kuzeyinsesi.org\/index.php\/wp-json\/wp\/v2\/posts\/45977","targetHints":{"allow":["GET"]}}],"collection":[{"href":"https:\/\/kuzeyinsesi.org\/index.php\/wp-json\/wp\/v2\/posts"}],"about":[{"href":"https:\/\/kuzeyinsesi.org\/index.php\/wp-json\/wp\/v2\/types\/post"}],"author":[{"embeddable":true,"href":"https:\/\/kuzeyinsesi.org\/index.php\/wp-json\/wp\/v2\/users\/1"}],"replies":[{"embeddable":true,"href":"https:\/\/kuzeyinsesi.org\/index.php\/wp-json\/wp\/v2\/comments?post=45977"}],"version-history":[{"count":0,"href":"https:\/\/kuzeyinsesi.org\/index.php\/wp-json\/wp\/v2\/posts\/45977\/revisions"}],"wp:featuredmedia":[{"embeddable":true,"href":"https:\/\/kuzeyinsesi.org\/index.php\/wp-json\/wp\/v2\/media\/45978"}],"wp:attachment":[{"href":"https:\/\/kuzeyinsesi.org\/index.php\/wp-json\/wp\/v2\/media?parent=45977"}],"wp:term":[{"taxonomy":"category","embeddable":true,"href":"https:\/\/kuzeyinsesi.org\/index.php\/wp-json\/wp\/v2\/categories?post=45977"},{"taxonomy":"post_tag","embeddable":true,"href":"https:\/\/kuzeyinsesi.org\/index.php\/wp-json\/wp\/v2\/tags?post=45977"}],"curies":[{"name":"wp","href":"https:\/\/api.w.org\/{rel}","templated":true}]}}