{"id":45973,"date":"2026-09-03T00:34:04","date_gmt":"2026-09-02T21:34:04","guid":{"rendered":"https:\/\/kuzeyinsesi.org\/index.php\/2026\/09\/03\/kktcde-yeniden-dogus-partisi-hukumetten-cekilme-karari-aldi\/"},"modified":"2026-09-03T00:34:04","modified_gmt":"2026-09-02T21:34:04","slug":"kktcde-yeniden-dogus-partisi-hukumetten-cekilme-karari-aldi","status":"publish","type":"post","link":"https:\/\/kuzeyinsesi.org\/index.php\/2026\/09\/03\/kktcde-yeniden-dogus-partisi-hukumetten-cekilme-karari-aldi\/","title":{"rendered":"KKTC&#039;de Yeniden Do\u011fu\u015f Partisi h\u00fck\u00fcmetten \u00e7ekilme karar\u0131 ald\u0131"},"content":{"rendered":"<p><\/p>\n<div>\n<p>&#13;<br \/>\n\tYDP Genel Ba\u015fkan\u0131 Erhan Ar\u0131kl\u0131, Bay\u0131nd\u0131rl\u0131k ve Ula\u015ft\u0131rma Bakanl\u0131\u011f\u0131 g\u00f6revinden al\u0131nmas\u0131n\u0131n ard\u0131ndan bas\u0131n toplant\u0131s\u0131 d\u00fczenledi.<\/p>\n<p>&#13;<br \/>\n\tAr\u0131kl\u0131, Ba\u015fbakan \u00dcnal \u00dcstel&#8217;in kendisini telefonla arayarak, <a href=\"https:\/\/www.trthaber.com\/etiket\/gemi\/\" target=\"_blank\">gemi<\/a> kazas\u0131 soru\u015fturmas\u0131n\u0131n selameti a\u00e7\u0131s\u0131ndan g\u00f6revden almak zorunda oldu\u011funu bildirdi\u011fini aktard\u0131.<\/p>\n<p>&#13;<br \/>\n\tG\u00f6revden al\u0131nma karar\u0131n\u0131n ard\u0131ndan Ba\u015fbakan \u00dcstel&#8217;e te\u015fekk\u00fcr etti\u011fini belirten Ar\u0131kl\u0131, &#8220;Bu benim asl\u0131nda iki y\u0131ldan beri bekledi\u011fim bir f\u0131rsatt\u0131. Bana bu f\u0131rsat\u0131 verdi\u011fi i\u00e7in Say\u0131n Ba\u015fbakan&#8217;a te\u015fekk\u00fcr ediyorum.&#8221; ifadelerini kulland\u0131.<\/p>\n<p>&#13;<br \/>\n\tDaha \u00f6nce h\u00fck\u00fcmetin se\u00e7ime gitmesi gerekti\u011fini savundu\u011funu dile getiren Ar\u0131kl\u0131, koalisyon i\u00e7erisinde zaman zaman istifa noktas\u0131na geldi\u011fini ancak \u00e7e\u015fitli telkinler \u00fczerine g\u00f6revini s\u00fcrd\u00fcrd\u00fc\u011f\u00fcn\u00fc kaydetti.<\/p>\n<h2>&#13;<br \/>\n\t&#8220;Say\u0131n Ba\u015fbakan&#8217;a bunu yaz\u0131l\u0131 olarak bildirece\u011fiz&#8221;<\/h2>\n<p>&#13;<br \/>\n\tBug\u00fcn yap\u0131lmas\u0131 planlanan Merkez Y\u00f6netim Kurulu toplant\u0131s\u0131n\u0131n Parti Meclisi toplant\u0131s\u0131na d\u00f6n\u00fc\u015ft\u00fcr\u00fcld\u00fc\u011f\u00fcn\u00fc aktaran Ar\u0131kl\u0131, &#8220;Parti Meclisimiz bug\u00fcn itibar\u0131yla h\u00fck\u00fcmetten \u00e7ekilme karar\u0131 ald\u0131. Yar\u0131n say\u0131n Ba\u015fbakan&#8217;a bunu yaz\u0131l\u0131 olarak bildirece\u011fiz.&#8221; dedi.<\/p>\n<p>&#13;<br \/>\n\tGirne a\u00e7\u0131klar\u0131nda gemi kazas\u0131 nedeniyle bu a\u015famada siyasi tart\u0131\u015fma y\u00fcr\u00fctmek istemediklerini ifade eden Ar\u0131kl\u0131, kay\u0131p ki\u015filere ula\u015f\u0131l\u0131ncaya kadar kapsaml\u0131 de\u011ferlendirme yapmayaca\u011f\u0131n\u0131 s\u00f6yledi.<\/p>\n<p>&#13;<br \/>\n\tOlay yerine gitmemesinin nedenine ili\u015fkin de a\u00e7\u0131klamalarda bulunan Ar\u0131kl\u0131, kay\u0131p yak\u0131nlar\u0131n\u0131n provoke edildi\u011fine y\u00f6nelik bilgiler ald\u0131\u011f\u0131n\u0131, b\u00f6lgede ya\u015fanabilecek olas\u0131 bir gerginli\u011fin siyasi tart\u0131\u015fmaya d\u00f6n\u00fc\u015fmesini istemedi\u011fi i\u00e7in alana gitmedi\u011fini belirtti.<\/p>\n<p>&#13;<br \/>\n\tDokunulmazl\u0131\u011f\u0131n\u0131n kald\u0131r\u0131lmas\u0131na ili\u015fkin \u00f6nceki a\u00e7\u0131klamas\u0131n\u0131 da hat\u0131rlatan Ar\u0131kl\u0131, art\u0131k kendisinin talepte bulunmas\u0131na gerek kalmad\u0131\u011f\u0131n\u0131, savc\u0131l\u0131ktan b\u00f6yle bir talep gelmesi halinde dokunulmazl\u0131\u011f\u0131n\u0131n kald\u0131r\u0131lmas\u0131 y\u00f6n\u00fcnde oy verece\u011fini ifade etti.<\/p>\n<p>&#13;<br \/>\n\tKazaya ili\u015fkin teknik incelemenin s\u00fcrd\u00fc\u011f\u00fcn\u00fc belirten Ar\u0131kl\u0131, T\u00fcrkiye Ula\u015ft\u0131rma ve Altyap\u0131 Bakanl\u0131\u011f\u0131ndan Kaza <a href=\"https:\/\/www.trthaber.com\/etiket\/kirim\/\" target=\"_blank\">K\u0131r\u0131m<\/a> Ekibi talep ettiklerini, ekibin incelemelere ba\u015flad\u0131\u011f\u0131n\u0131 s\u00f6yledi.<\/p>\n<p>&#13;<br \/>\n\t<a href=\"https:\/\/www.trthaber.com\/etiket\/kktc\/\" target=\"_blank\">KKTC<\/a> Ba\u015fbakan\u0131 \u00dcstel, bug\u00fcn d\u00fczenledi\u011fi bas\u0131n toplant\u0131s\u0131nda Ar\u0131kl\u0131&#8217;n\u0131n bakanl\u0131k g\u00f6revinden al\u0131nd\u0131\u011f\u0131n\u0131 duyurmu\u015ftu.<\/p>\n<\/p><\/div>\n","protected":false},"excerpt":{"rendered":"<p>&#13; YDP Genel Ba\u015fkan\u0131 Erhan Ar\u0131kl\u0131, Bay\u0131nd\u0131rl\u0131k ve Ula\u015ft\u0131rma Bakanl\u0131\u011f\u0131 g\u00f6revinden al\u0131nmas\u0131n\u0131n ard\u0131ndan bas\u0131n toplant\u0131s\u0131 d\u00fczenledi. &#13; Ar\u0131kl\u0131, Ba\u015fbakan \u00dcnal \u00dcstel&#8217;in kendisini telefonla arayarak, gemi kazas\u0131 soru\u015fturmas\u0131n\u0131n selameti a\u00e7\u0131s\u0131ndan g\u00f6revden almak zorunda oldu\u011funu bildirdi\u011fini aktard\u0131. &#13; G\u00f6revden al\u0131nma karar\u0131n\u0131n ard\u0131ndan Ba\u015fbakan \u00dcstel&#8217;e te\u015fekk\u00fcr etti\u011fini belirten Ar\u0131kl\u0131, &#8220;Bu benim asl\u0131nda iki y\u0131ldan beri bekledi\u011fim bir f\u0131rsatt\u0131. [&hellip;]<\/p>\n","protected":false},"author":1,"featured_media":45974,"comment_status":"open","ping_status":"open","sticky":false,"template":"","format":"standard","meta":{"jnews-multi-image_gallery":[],"jnews_single_post":[],"jnews_primary_category":[],"jnews_social_meta":[],"jnews_override_counter":[],"footnotes":""},"categories":[2],"tags":[],"class_list":["post-45973","post","type-post","status-publish","format-standard","has-post-thumbnail","hentry","category-dunya"],"yoast_head":"<!-- This site is optimized with the Yoast SEO plugin v28.4 - https:\/\/yoast.com\/product\/yoast-seo-wordpress\/ -->\n<title>KKTC&#039;de Yeniden Do\u011fu\u015f Partisi h\u00fck\u00fcmetten \u00e7ekilme karar\u0131 ald\u0131 - Kuzeyin Sesi<\/title>\n<meta name=\"robots\" content=\"index, follow, max-snippet:-1, max-image-preview:large, max-video-preview:-1\" \/>\n<link rel=\"canonical\" href=\"https:\/\/kuzeyinsesi.org\/index.php\/2026\/09\/03\/kktcde-yeniden-dogus-partisi-hukumetten-cekilme-karari-aldi\/\" \/>\n<meta property=\"og:locale\" content=\"tr_TR\" \/>\n<meta property=\"og:type\" content=\"article\" \/>\n<meta property=\"og:title\" content=\"KKTC&#039;de Yeniden Do\u011fu\u015f Partisi h\u00fck\u00fcmetten \u00e7ekilme karar\u0131 ald\u0131 - Kuzeyin Sesi\" \/>\n<meta property=\"og:description\" content=\"&#013; YDP Genel Ba\u015fkan\u0131 Erhan Ar\u0131kl\u0131, Bay\u0131nd\u0131rl\u0131k ve Ula\u015ft\u0131rma Bakanl\u0131\u011f\u0131 g\u00f6revinden al\u0131nmas\u0131n\u0131n ard\u0131ndan bas\u0131n toplant\u0131s\u0131 d\u00fczenledi. &#013; Ar\u0131kl\u0131, Ba\u015fbakan \u00dcnal \u00dcstel&#8217;in kendisini telefonla arayarak, gemi kazas\u0131 soru\u015fturmas\u0131n\u0131n selameti a\u00e7\u0131s\u0131ndan g\u00f6revden almak zorunda oldu\u011funu bildirdi\u011fini aktard\u0131. &#013; G\u00f6revden al\u0131nma karar\u0131n\u0131n ard\u0131ndan Ba\u015fbakan \u00dcstel&#8217;e te\u015fekk\u00fcr etti\u011fini belirten Ar\u0131kl\u0131, &#8220;Bu benim asl\u0131nda iki y\u0131ldan beri bekledi\u011fim bir f\u0131rsatt\u0131. [&hellip;]\" \/>\n<meta property=\"og:url\" content=\"https:\/\/kuzeyinsesi.org\/index.php\/2026\/09\/03\/kktcde-yeniden-dogus-partisi-hukumetten-cekilme-karari-aldi\/\" \/>\n<meta property=\"og:site_name\" content=\"Kuzeyin Sesi\" \/>\n<meta property=\"article:publisher\" content=\"https:\/\/www.facebook.com\/kuzeyinsesii\" \/>\n<meta property=\"article:published_time\" content=\"2026-09-02T21:34:04+00:00\" \/>\n<meta property=\"og:image\" content=\"https:\/\/trthaberstatic.cdn.wp.trt.com.tr\/resimler\/2486000\/erhan-arikli-aa-2486582.jpg\" \/>\n<meta name=\"author\" content=\"Kuzeyin Sesi\" \/>\n<meta name=\"twitter:card\" content=\"summary_large_image\" \/>\n<meta name=\"twitter:creator\" content=\"@kuzeyinsesii\" \/>\n<meta name=\"twitter:site\" content=\"@kuzeyinsesii\" \/>\n<meta name=\"twitter:label1\" content=\"Yazan:\" \/>\n\t<meta name=\"twitter:data1\" content=\"Kuzeyin Sesi\" \/>\n\t<meta name=\"twitter:label2\" content=\"Tahmini okuma s\u00fcresi\" \/>\n\t<meta name=\"twitter:data2\" content=\"2 dakika\" \/>\n<script type=\"application\/ld+json\" class=\"yoast-schema-graph\">{\"@context\":\"https:\\\/\\\/schema.org\",\"@graph\":[{\"@type\":\"Article\",\"@id\":\"https:\\\/\\\/kuzeyinsesi.org\\\/index.php\\\/2026\\\/09\\\/03\\\/kktcde-yeniden-dogus-partisi-hukumetten-cekilme-karari-aldi\\\/#article\",\"isPartOf\":{\"@id\":\"https:\\\/\\\/kuzeyinsesi.org\\\/index.php\\\/2026\\\/09\\\/03\\\/kktcde-yeniden-dogus-partisi-hukumetten-cekilme-karari-aldi\\\/\"},\"author\":{\"name\":\"Kuzeyin Sesi\",\"@id\":\"https:\\\/\\\/kuzeyinsesi.org\\\/#\\\/schema\\\/person\\\/9f859689cdf01485597712386e37f5aa\"},\"headline\":\"KKTC&#039;de Yeniden Do\u011fu\u015f Partisi h\u00fck\u00fcmetten \u00e7ekilme karar\u0131 ald\u0131\",\"datePublished\":\"2026-09-02T21:34:04+00:00\",\"mainEntityOfPage\":{\"@id\":\"https:\\\/\\\/kuzeyinsesi.org\\\/index.php\\\/2026\\\/09\\\/03\\\/kktcde-yeniden-dogus-partisi-hukumetten-cekilme-karari-aldi\\\/\"},\"wordCount\":421,\"commentCount\":0,\"image\":{\"@id\":\"https:\\\/\\\/kuzeyinsesi.org\\\/index.php\\\/2026\\\/09\\\/03\\\/kktcde-yeniden-dogus-partisi-hukumetten-cekilme-karari-aldi\\\/#primaryimage\"},\"thumbnailUrl\":\"https:\\\/\\\/kuzeyinsesi.org\\\/wp-content\\\/uploads\\\/2026\\\/09\\\/erhan-arikli-aa-2486582.jpg\",\"articleSection\":[\"D\u00fcnya\"],\"inLanguage\":\"tr\",\"potentialAction\":[{\"@type\":\"CommentAction\",\"name\":\"Comment\",\"target\":[\"https:\\\/\\\/kuzeyinsesi.org\\\/index.php\\\/2026\\\/09\\\/03\\\/kktcde-yeniden-dogus-partisi-hukumetten-cekilme-karari-aldi\\\/#respond\"]}]},{\"@type\":\"WebPage\",\"@id\":\"https:\\\/\\\/kuzeyinsesi.org\\\/index.php\\\/2026\\\/09\\\/03\\\/kktcde-yeniden-dogus-partisi-hukumetten-cekilme-karari-aldi\\\/\",\"url\":\"https:\\\/\\\/kuzeyinsesi.org\\\/index.php\\\/2026\\\/09\\\/03\\\/kktcde-yeniden-dogus-partisi-hukumetten-cekilme-karari-aldi\\\/\",\"name\":\"KKTC&#039;de Yeniden Do\u011fu\u015f Partisi h\u00fck\u00fcmetten \u00e7ekilme karar\u0131 ald\u0131 - Kuzeyin Sesi\",\"isPartOf\":{\"@id\":\"https:\\\/\\\/kuzeyinsesi.org\\\/#website\"},\"primaryImageOfPage\":{\"@id\":\"https:\\\/\\\/kuzeyinsesi.org\\\/index.php\\\/2026\\\/09\\\/03\\\/kktcde-yeniden-dogus-partisi-hukumetten-cekilme-karari-aldi\\\/#primaryimage\"},\"image\":{\"@id\":\"https:\\\/\\\/kuzeyinsesi.org\\\/index.php\\\/2026\\\/09\\\/03\\\/kktcde-yeniden-dogus-partisi-hukumetten-cekilme-karari-aldi\\\/#primaryimage\"},\"thumbnailUrl\":\"https:\\\/\\\/kuzeyinsesi.org\\\/wp-content\\\/uploads\\\/2026\\\/09\\\/erhan-arikli-aa-2486582.jpg\",\"datePublished\":\"2026-09-02T21:34:04+00:00\",\"author\":{\"@id\":\"https:\\\/\\\/kuzeyinsesi.org\\\/#\\\/schema\\\/person\\\/9f859689cdf01485597712386e37f5aa\"},\"breadcrumb\":{\"@id\":\"https:\\\/\\\/kuzeyinsesi.org\\\/index.php\\\/2026\\\/09\\\/03\\\/kktcde-yeniden-dogus-partisi-hukumetten-cekilme-karari-aldi\\\/#breadcrumb\"},\"inLanguage\":\"tr\",\"potentialAction\":[{\"@type\":\"ReadAction\",\"target\":[\"https:\\\/\\\/kuzeyinsesi.org\\\/index.php\\\/2026\\\/09\\\/03\\\/kktcde-yeniden-dogus-partisi-hukumetten-cekilme-karari-aldi\\\/\"]}]},{\"@type\":\"ImageObject\",\"inLanguage\":\"tr\",\"@id\":\"https:\\\/\\\/kuzeyinsesi.org\\\/index.php\\\/2026\\\/09\\\/03\\\/kktcde-yeniden-dogus-partisi-hukumetten-cekilme-karari-aldi\\\/#primaryimage\",\"url\":\"https:\\\/\\\/kuzeyinsesi.org\\\/wp-content\\\/uploads\\\/2026\\\/09\\\/erhan-arikli-aa-2486582.jpg\",\"contentUrl\":\"https:\\\/\\\/kuzeyinsesi.org\\\/wp-content\\\/uploads\\\/2026\\\/09\\\/erhan-arikli-aa-2486582.jpg\",\"width\":1280,\"height\":720},{\"@type\":\"BreadcrumbList\",\"@id\":\"https:\\\/\\\/kuzeyinsesi.org\\\/index.php\\\/2026\\\/09\\\/03\\\/kktcde-yeniden-dogus-partisi-hukumetten-cekilme-karari-aldi\\\/#breadcrumb\",\"itemListElement\":[{\"@type\":\"ListItem\",\"position\":1,\"name\":\"Anasayfa\",\"item\":\"https:\\\/\\\/kuzeyinsesi.org\\\/\"},{\"@type\":\"ListItem\",\"position\":2,\"name\":\"KKTC&#039;de Yeniden Do\u011fu\u015f Partisi h\u00fck\u00fcmetten \u00e7ekilme karar\u0131 ald\u0131\"}]},{\"@type\":\"WebSite\",\"@id\":\"https:\\\/\\\/kuzeyinsesi.org\\\/#website\",\"url\":\"https:\\\/\\\/kuzeyinsesi.org\\\/\",\"name\":\"Kuzeyin Sesi\",\"description\":\"Do\u011fru Haberin Adresi\",\"potentialAction\":[{\"@type\":\"SearchAction\",\"target\":{\"@type\":\"EntryPoint\",\"urlTemplate\":\"https:\\\/\\\/kuzeyinsesi.org\\\/?s={search_term_string}\"},\"query-input\":{\"@type\":\"PropertyValueSpecification\",\"valueRequired\":true,\"valueName\":\"search_term_string\"}}],\"inLanguage\":\"tr\"},{\"@type\":\"Person\",\"@id\":\"https:\\\/\\\/kuzeyinsesi.org\\\/#\\\/schema\\\/person\\\/9f859689cdf01485597712386e37f5aa\",\"name\":\"Kuzeyin Sesi\",\"image\":{\"@type\":\"ImageObject\",\"inLanguage\":\"tr\",\"@id\":\"https:\\\/\\\/secure.gravatar.com\\\/avatar\\\/bab33852abfd8b282518d6ed81826833d77c3c882d9ab608add591ccace47a44?s=96&d=mm&r=g\",\"url\":\"https:\\\/\\\/secure.gravatar.com\\\/avatar\\\/bab33852abfd8b282518d6ed81826833d77c3c882d9ab608add591ccace47a44?s=96&d=mm&r=g\",\"contentUrl\":\"https:\\\/\\\/secure.gravatar.com\\\/avatar\\\/bab33852abfd8b282518d6ed81826833d77c3c882d9ab608add591ccace47a44?s=96&d=mm&r=g\",\"caption\":\"Kuzeyin Sesi\"},\"sameAs\":[\"https:\\\/\\\/kuzeyinsesi.org\"],\"url\":\"https:\\\/\\\/kuzeyinsesi.org\\\/index.php\\\/author\\\/guven\\\/\"}]}<\/script>\n<!-- \/ Yoast SEO plugin. -->","yoast_head_json":{"title":"KKTC&#039;de Yeniden Do\u011fu\u015f Partisi h\u00fck\u00fcmetten \u00e7ekilme karar\u0131 ald\u0131 - Kuzeyin Sesi","robots":{"index":"index","follow":"follow","max-snippet":"max-snippet:-1","max-image-preview":"max-image-preview:large","max-video-preview":"max-video-preview:-1"},"canonical":"https:\/\/kuzeyinsesi.org\/index.php\/2026\/09\/03\/kktcde-yeniden-dogus-partisi-hukumetten-cekilme-karari-aldi\/","og_locale":"tr_TR","og_type":"article","og_title":"KKTC&#039;de Yeniden Do\u011fu\u015f Partisi h\u00fck\u00fcmetten \u00e7ekilme karar\u0131 ald\u0131 - Kuzeyin Sesi","og_description":"&#13; YDP Genel Ba\u015fkan\u0131 Erhan Ar\u0131kl\u0131, Bay\u0131nd\u0131rl\u0131k ve Ula\u015ft\u0131rma Bakanl\u0131\u011f\u0131 g\u00f6revinden al\u0131nmas\u0131n\u0131n ard\u0131ndan bas\u0131n toplant\u0131s\u0131 d\u00fczenledi. &#13; Ar\u0131kl\u0131, Ba\u015fbakan \u00dcnal \u00dcstel&#8217;in kendisini telefonla arayarak, gemi kazas\u0131 soru\u015fturmas\u0131n\u0131n selameti a\u00e7\u0131s\u0131ndan g\u00f6revden almak zorunda oldu\u011funu bildirdi\u011fini aktard\u0131. &#13; G\u00f6revden al\u0131nma karar\u0131n\u0131n ard\u0131ndan Ba\u015fbakan \u00dcstel&#8217;e te\u015fekk\u00fcr etti\u011fini belirten Ar\u0131kl\u0131, &#8220;Bu benim asl\u0131nda iki y\u0131ldan beri bekledi\u011fim bir f\u0131rsatt\u0131. [&hellip;]","og_url":"https:\/\/kuzeyinsesi.org\/index.php\/2026\/09\/03\/kktcde-yeniden-dogus-partisi-hukumetten-cekilme-karari-aldi\/","og_site_name":"Kuzeyin Sesi","article_publisher":"https:\/\/www.facebook.com\/kuzeyinsesii","article_published_time":"2026-09-02T21:34:04+00:00","og_image":[{"url":"https:\/\/trthaberstatic.cdn.wp.trt.com.tr\/resimler\/2486000\/erhan-arikli-aa-2486582.jpg","type":"","width":"","height":""}],"author":"Kuzeyin Sesi","twitter_card":"summary_large_image","twitter_creator":"@kuzeyinsesii","twitter_site":"@kuzeyinsesii","twitter_misc":{"Yazan:":"Kuzeyin Sesi","Tahmini okuma s\u00fcresi":"2 dakika"},"schema":{"@context":"https:\/\/schema.org","@graph":[{"@type":"Article","@id":"https:\/\/kuzeyinsesi.org\/index.php\/2026\/09\/03\/kktcde-yeniden-dogus-partisi-hukumetten-cekilme-karari-aldi\/#article","isPartOf":{"@id":"https:\/\/kuzeyinsesi.org\/index.php\/2026\/09\/03\/kktcde-yeniden-dogus-partisi-hukumetten-cekilme-karari-aldi\/"},"author":{"name":"Kuzeyin Sesi","@id":"https:\/\/kuzeyinsesi.org\/#\/schema\/person\/9f859689cdf01485597712386e37f5aa"},"headline":"KKTC&#039;de Yeniden Do\u011fu\u015f Partisi h\u00fck\u00fcmetten \u00e7ekilme karar\u0131 ald\u0131","datePublished":"2026-09-02T21:34:04+00:00","mainEntityOfPage":{"@id":"https:\/\/kuzeyinsesi.org\/index.php\/2026\/09\/03\/kktcde-yeniden-dogus-partisi-hukumetten-cekilme-karari-aldi\/"},"wordCount":421,"commentCount":0,"image":{"@id":"https:\/\/kuzeyinsesi.org\/index.php\/2026\/09\/03\/kktcde-yeniden-dogus-partisi-hukumetten-cekilme-karari-aldi\/#primaryimage"},"thumbnailUrl":"https:\/\/kuzeyinsesi.org\/wp-content\/uploads\/2026\/09\/erhan-arikli-aa-2486582.jpg","articleSection":["D\u00fcnya"],"inLanguage":"tr","potentialAction":[{"@type":"CommentAction","name":"Comment","target":["https:\/\/kuzeyinsesi.org\/index.php\/2026\/09\/03\/kktcde-yeniden-dogus-partisi-hukumetten-cekilme-karari-aldi\/#respond"]}]},{"@type":"WebPage","@id":"https:\/\/kuzeyinsesi.org\/index.php\/2026\/09\/03\/kktcde-yeniden-dogus-partisi-hukumetten-cekilme-karari-aldi\/","url":"https:\/\/kuzeyinsesi.org\/index.php\/2026\/09\/03\/kktcde-yeniden-dogus-partisi-hukumetten-cekilme-karari-aldi\/","name":"KKTC&#039;de Yeniden Do\u011fu\u015f Partisi h\u00fck\u00fcmetten \u00e7ekilme karar\u0131 ald\u0131 - Kuzeyin Sesi","isPartOf":{"@id":"https:\/\/kuzeyinsesi.org\/#website"},"primaryImageOfPage":{"@id":"https:\/\/kuzeyinsesi.org\/index.php\/2026\/09\/03\/kktcde-yeniden-dogus-partisi-hukumetten-cekilme-karari-aldi\/#primaryimage"},"image":{"@id":"https:\/\/kuzeyinsesi.org\/index.php\/2026\/09\/03\/kktcde-yeniden-dogus-partisi-hukumetten-cekilme-karari-aldi\/#primaryimage"},"thumbnailUrl":"https:\/\/kuzeyinsesi.org\/wp-content\/uploads\/2026\/09\/erhan-arikli-aa-2486582.jpg","datePublished":"2026-09-02T21:34:04+00:00","author":{"@id":"https:\/\/kuzeyinsesi.org\/#\/schema\/person\/9f859689cdf01485597712386e37f5aa"},"breadcrumb":{"@id":"https:\/\/kuzeyinsesi.org\/index.php\/2026\/09\/03\/kktcde-yeniden-dogus-partisi-hukumetten-cekilme-karari-aldi\/#breadcrumb"},"inLanguage":"tr","potentialAction":[{"@type":"ReadAction","target":["https:\/\/kuzeyinsesi.org\/index.php\/2026\/09\/03\/kktcde-yeniden-dogus-partisi-hukumetten-cekilme-karari-aldi\/"]}]},{"@type":"ImageObject","inLanguage":"tr","@id":"https:\/\/kuzeyinsesi.org\/index.php\/2026\/09\/03\/kktcde-yeniden-dogus-partisi-hukumetten-cekilme-karari-aldi\/#primaryimage","url":"https:\/\/kuzeyinsesi.org\/wp-content\/uploads\/2026\/09\/erhan-arikli-aa-2486582.jpg","contentUrl":"https:\/\/kuzeyinsesi.org\/wp-content\/uploads\/2026\/09\/erhan-arikli-aa-2486582.jpg","width":1280,"height":720},{"@type":"BreadcrumbList","@id":"https:\/\/kuzeyinsesi.org\/index.php\/2026\/09\/03\/kktcde-yeniden-dogus-partisi-hukumetten-cekilme-karari-aldi\/#breadcrumb","itemListElement":[{"@type":"ListItem","position":1,"name":"Anasayfa","item":"https:\/\/kuzeyinsesi.org\/"},{"@type":"ListItem","position":2,"name":"KKTC&#039;de Yeniden Do\u011fu\u015f Partisi h\u00fck\u00fcmetten \u00e7ekilme karar\u0131 ald\u0131"}]},{"@type":"WebSite","@id":"https:\/\/kuzeyinsesi.org\/#website","url":"https:\/\/kuzeyinsesi.org\/","name":"Kuzeyin Sesi","description":"Do\u011fru Haberin Adresi","potentialAction":[{"@type":"SearchAction","target":{"@type":"EntryPoint","urlTemplate":"https:\/\/kuzeyinsesi.org\/?s={search_term_string}"},"query-input":{"@type":"PropertyValueSpecification","valueRequired":true,"valueName":"search_term_string"}}],"inLanguage":"tr"},{"@type":"Person","@id":"https:\/\/kuzeyinsesi.org\/#\/schema\/person\/9f859689cdf01485597712386e37f5aa","name":"Kuzeyin Sesi","image":{"@type":"ImageObject","inLanguage":"tr","@id":"https:\/\/secure.gravatar.com\/avatar\/bab33852abfd8b282518d6ed81826833d77c3c882d9ab608add591ccace47a44?s=96&d=mm&r=g","url":"https:\/\/secure.gravatar.com\/avatar\/bab33852abfd8b282518d6ed81826833d77c3c882d9ab608add591ccace47a44?s=96&d=mm&r=g","contentUrl":"https:\/\/secure.gravatar.com\/avatar\/bab33852abfd8b282518d6ed81826833d77c3c882d9ab608add591ccace47a44?s=96&d=mm&r=g","caption":"Kuzeyin Sesi"},"sameAs":["https:\/\/kuzeyinsesi.org"],"url":"https:\/\/kuzeyinsesi.org\/index.php\/author\/guven\/"}]}},"_links":{"self":[{"href":"https:\/\/kuzeyinsesi.org\/index.php\/wp-json\/wp\/v2\/posts\/45973","targetHints":{"allow":["GET"]}}],"collection":[{"href":"https:\/\/kuzeyinsesi.org\/index.php\/wp-json\/wp\/v2\/posts"}],"about":[{"href":"https:\/\/kuzeyinsesi.org\/index.php\/wp-json\/wp\/v2\/types\/post"}],"author":[{"embeddable":true,"href":"https:\/\/kuzeyinsesi.org\/index.php\/wp-json\/wp\/v2\/users\/1"}],"replies":[{"embeddable":true,"href":"https:\/\/kuzeyinsesi.org\/index.php\/wp-json\/wp\/v2\/comments?post=45973"}],"version-history":[{"count":0,"href":"https:\/\/kuzeyinsesi.org\/index.php\/wp-json\/wp\/v2\/posts\/45973\/revisions"}],"wp:featuredmedia":[{"embeddable":true,"href":"https:\/\/kuzeyinsesi.org\/index.php\/wp-json\/wp\/v2\/media\/45974"}],"wp:attachment":[{"href":"https:\/\/kuzeyinsesi.org\/index.php\/wp-json\/wp\/v2\/media?parent=45973"}],"wp:term":[{"taxonomy":"category","embeddable":true,"href":"https:\/\/kuzeyinsesi.org\/index.php\/wp-json\/wp\/v2\/categories?post=45973"},{"taxonomy":"post_tag","embeddable":true,"href":"https:\/\/kuzeyinsesi.org\/index.php\/wp-json\/wp\/v2\/tags?post=45973"}],"curies":[{"name":"wp","href":"https:\/\/api.w.org\/{rel}","templated":true}]}}