{"id":45969,"date":"2026-09-02T21:59:06","date_gmt":"2026-09-02T18:59:06","guid":{"rendered":"https:\/\/kuzeyinsesi.org\/index.php\/2026\/09\/02\/new-york-kentinde-ilkokul-ve-ortaokul-ogrencilerine-derste-yapay-zeka-yasagi\/"},"modified":"2026-09-02T21:59:06","modified_gmt":"2026-09-02T18:59:06","slug":"new-york-kentinde-ilkokul-ve-ortaokul-ogrencilerine-derste-yapay-zeka-yasagi","status":"publish","type":"post","link":"https:\/\/kuzeyinsesi.org\/index.php\/2026\/09\/02\/new-york-kentinde-ilkokul-ve-ortaokul-ogrencilerine-derste-yapay-zeka-yasagi\/","title":{"rendered":"New York kentinde ilkokul ve ortaokul \u00f6\u011frencilerine derste yapay zeka yasa\u011f\u0131"},"content":{"rendered":"<p><\/p>\n<div>\n<p>&#13;<br \/>\n\tNew York Belediye Ba\u015fkan\u0131 Zohran Mamdani, yapt\u0131\u011f\u0131 bas\u0131n a\u00e7\u0131klamas\u0131nda, 2026-2027 <a href=\"https:\/\/www.trthaber.com\/etiket\/egitim\/\" target=\"_blank\">e\u011fitim<\/a> \u00f6\u011fretim y\u0131l\u0131na ili\u015fkin de\u011ferlendirmelerde bulundu.<\/p>\n<p>&#13;<br \/>\n\tZohran Mamdani, New York&#8217;ta devlet okullar\u0131ndaki ilkokul ve ortaokul \u00f6\u011frencilerinin, gelecek e\u011fitim \u00f6\u011fretim y\u0131l\u0131nda derslerde <a href=\"https:\/\/www.trthaber.com\/etiket\/yapay-zeka\/\" target=\"_blank\">yapay zeka<\/a> teknolojisinden faydalanmas\u0131n\u0131 ge\u00e7ici olarak yasaklad\u0131\u011f\u0131n\u0131 belirtti.<\/p>\n<p>&#13;<br \/>\n\tMamdani, \u00fclkenin en b\u00fcy\u00fck <a href=\"https:\/\/www.trthaber.com\/etiket\/okul\/\" target=\"_blank\">okul<\/a> b\u00f6lgesindeki ilkokul ve ortaokul \u00e7ocuklar\u0131n\u0131n &#8220;\u00f6\u011frenci odakl\u0131 \u00fcretken yapay zeka kullanan t\u00fcm yaz\u0131l\u0131mlar\u0131&#8221; kullanmas\u0131n\u0131 yasaklama karar\u0131 ald\u0131klar\u0131n\u0131 duyurdu.<\/p>\n<p>&#13;<br \/>\n\tBu politikan\u0131n \u00fclkedeki en kapsaml\u0131 yasaklama karar\u0131 anlam\u0131na geldi\u011fine i\u015faret eden Mamdani, &#8220;\u00c7ocuklar\u0131m\u0131z her g\u00fcn okula geldiklerinde onlara soru sormay\u0131, varsay\u0131mlar\u0131 sorgulamay\u0131, \u00f6nermeyi, ara\u015ft\u0131rmay\u0131, neden diye sormay\u0131 \u00f6\u011fretiyoruz. Okullar\u0131m\u0131zda yapay zeka s\u00f6z konusu oldu\u011funda da ayn\u0131 \u015feyi yapma y\u00fck\u00fcml\u00fcl\u00fc\u011f\u00fcm\u00fcz var.&#8221; ifadelerini kulland\u0131.<\/p>\n<p>&#13;<br \/>\n\tNew York Belediyesinin karar\u0131na g\u00f6re ayr\u0131ca ekran kullan\u0131m s\u00fcresi, 3. ila 5. s\u0131n\u0131flar i\u00e7in g\u00fcnde 30 dakika, 6. ila 8. s\u0131n\u0131flar i\u00e7in ise 45 dakika ile s\u0131n\u0131rland\u0131r\u0131l\u0131rken, yard\u0131mc\u0131 sohbet robotlar\u0131 da t\u00fcm s\u0131n\u0131flarda yasakland\u0131.<\/p>\n<p>&#13;<br \/>\n\tDi\u011fer taraftan, bu k\u0131s\u0131tlamalar do\u011frultusunda, okul sisteminde kullan\u0131lan t\u00fcm teknoloji ara\u00e7lar\u0131 g\u00f6zden ge\u00e7irilecek ve gerekli olmad\u0131\u011f\u0131 belirlenen baz\u0131 ara\u00e7lar kullan\u0131mdan kald\u0131r\u0131lacak.<\/p>\n<p>&#13;<br \/>\n\tNew York eyaletinde ge\u00e7en e\u011fitim \u00f6\u011fretim y\u0131l\u0131nda \u00f6\u011frencilerin okullarda <a href=\"https:\/\/www.trthaber.com\/etiket\/cep-telefonu\/\" target=\"_blank\">cep telefonu<\/a> kullanmas\u0131 yasaklanm\u0131\u015ft\u0131.<\/p>\n<\/p><\/div>\n","protected":false},"excerpt":{"rendered":"<p>&#13; New York Belediye Ba\u015fkan\u0131 Zohran Mamdani, yapt\u0131\u011f\u0131 bas\u0131n a\u00e7\u0131klamas\u0131nda, 2026-2027 e\u011fitim \u00f6\u011fretim y\u0131l\u0131na ili\u015fkin de\u011ferlendirmelerde bulundu. &#13; Zohran Mamdani, New York&#8217;ta devlet okullar\u0131ndaki ilkokul ve ortaokul \u00f6\u011frencilerinin, gelecek e\u011fitim \u00f6\u011fretim y\u0131l\u0131nda derslerde yapay zeka teknolojisinden faydalanmas\u0131n\u0131 ge\u00e7ici olarak yasaklad\u0131\u011f\u0131n\u0131 belirtti. &#13; Mamdani, \u00fclkenin en b\u00fcy\u00fck okul b\u00f6lgesindeki ilkokul ve ortaokul \u00e7ocuklar\u0131n\u0131n &#8220;\u00f6\u011frenci odakl\u0131 \u00fcretken [&hellip;]<\/p>\n","protected":false},"author":1,"featured_media":42223,"comment_status":"open","ping_status":"open","sticky":false,"template":"","format":"standard","meta":{"jnews-multi-image_gallery":[],"jnews_single_post":[],"jnews_primary_category":[],"jnews_social_meta":[],"jnews_override_counter":[],"footnotes":""},"categories":[2],"tags":[],"class_list":["post-45969","post","type-post","status-publish","format-standard","has-post-thumbnail","hentry","category-dunya"],"yoast_head":"<!-- This site is optimized with the Yoast SEO plugin v28.4 - https:\/\/yoast.com\/product\/yoast-seo-wordpress\/ -->\n<title>New York kentinde ilkokul ve ortaokul \u00f6\u011frencilerine derste yapay zeka yasa\u011f\u0131 - Kuzeyin Sesi<\/title>\n<meta name=\"robots\" content=\"index, follow, max-snippet:-1, max-image-preview:large, max-video-preview:-1\" \/>\n<link rel=\"canonical\" href=\"https:\/\/kuzeyinsesi.org\/index.php\/2026\/09\/02\/new-york-kentinde-ilkokul-ve-ortaokul-ogrencilerine-derste-yapay-zeka-yasagi\/\" \/>\n<meta property=\"og:locale\" content=\"tr_TR\" \/>\n<meta property=\"og:type\" content=\"article\" \/>\n<meta property=\"og:title\" content=\"New York kentinde ilkokul ve ortaokul \u00f6\u011frencilerine derste yapay zeka yasa\u011f\u0131 - Kuzeyin Sesi\" \/>\n<meta property=\"og:description\" content=\"&#013; New York Belediye Ba\u015fkan\u0131 Zohran Mamdani, yapt\u0131\u011f\u0131 bas\u0131n a\u00e7\u0131klamas\u0131nda, 2026-2027 e\u011fitim \u00f6\u011fretim y\u0131l\u0131na ili\u015fkin de\u011ferlendirmelerde bulundu. &#013; Zohran Mamdani, New York&#8217;ta devlet okullar\u0131ndaki ilkokul ve ortaokul \u00f6\u011frencilerinin, gelecek e\u011fitim \u00f6\u011fretim y\u0131l\u0131nda derslerde yapay zeka teknolojisinden faydalanmas\u0131n\u0131 ge\u00e7ici olarak yasaklad\u0131\u011f\u0131n\u0131 belirtti. &#013; Mamdani, \u00fclkenin en b\u00fcy\u00fck okul b\u00f6lgesindeki ilkokul ve ortaokul \u00e7ocuklar\u0131n\u0131n &#8220;\u00f6\u011frenci odakl\u0131 \u00fcretken [&hellip;]\" \/>\n<meta property=\"og:url\" content=\"https:\/\/kuzeyinsesi.org\/index.php\/2026\/09\/02\/new-york-kentinde-ilkokul-ve-ortaokul-ogrencilerine-derste-yapay-zeka-yasagi\/\" \/>\n<meta property=\"og:site_name\" content=\"Kuzeyin Sesi\" \/>\n<meta property=\"article:publisher\" content=\"https:\/\/www.facebook.com\/kuzeyinsesii\" \/>\n<meta property=\"article:published_time\" content=\"2026-09-02T18:59:06+00:00\" \/>\n<meta property=\"og:image\" content=\"https:\/\/trthaberstatic.cdn.wp.trt.com.tr\/resimler\/2308000\/yapay-zeka-cocuk-getty-2309980.jpg\" \/>\n<meta name=\"author\" content=\"Kuzeyin Sesi\" \/>\n<meta name=\"twitter:card\" content=\"summary_large_image\" \/>\n<meta name=\"twitter:creator\" content=\"@kuzeyinsesii\" \/>\n<meta name=\"twitter:site\" content=\"@kuzeyinsesii\" \/>\n<meta name=\"twitter:label1\" content=\"Yazan:\" \/>\n\t<meta name=\"twitter:data1\" content=\"Kuzeyin Sesi\" \/>\n\t<meta name=\"twitter:label2\" content=\"Tahmini okuma s\u00fcresi\" \/>\n\t<meta name=\"twitter:data2\" content=\"1 dakika\" \/>\n<script type=\"application\/ld+json\" class=\"yoast-schema-graph\">{\"@context\":\"https:\\\/\\\/schema.org\",\"@graph\":[{\"@type\":\"Article\",\"@id\":\"https:\\\/\\\/kuzeyinsesi.org\\\/index.php\\\/2026\\\/09\\\/02\\\/new-york-kentinde-ilkokul-ve-ortaokul-ogrencilerine-derste-yapay-zeka-yasagi\\\/#article\",\"isPartOf\":{\"@id\":\"https:\\\/\\\/kuzeyinsesi.org\\\/index.php\\\/2026\\\/09\\\/02\\\/new-york-kentinde-ilkokul-ve-ortaokul-ogrencilerine-derste-yapay-zeka-yasagi\\\/\"},\"author\":{\"name\":\"Kuzeyin Sesi\",\"@id\":\"https:\\\/\\\/kuzeyinsesi.org\\\/#\\\/schema\\\/person\\\/9f859689cdf01485597712386e37f5aa\"},\"headline\":\"New York kentinde ilkokul ve ortaokul \u00f6\u011frencilerine derste yapay zeka yasa\u011f\u0131\",\"datePublished\":\"2026-09-02T18:59:06+00:00\",\"mainEntityOfPage\":{\"@id\":\"https:\\\/\\\/kuzeyinsesi.org\\\/index.php\\\/2026\\\/09\\\/02\\\/new-york-kentinde-ilkokul-ve-ortaokul-ogrencilerine-derste-yapay-zeka-yasagi\\\/\"},\"wordCount\":263,\"commentCount\":0,\"image\":{\"@id\":\"https:\\\/\\\/kuzeyinsesi.org\\\/index.php\\\/2026\\\/09\\\/02\\\/new-york-kentinde-ilkokul-ve-ortaokul-ogrencilerine-derste-yapay-zeka-yasagi\\\/#primaryimage\"},\"thumbnailUrl\":\"https:\\\/\\\/kuzeyinsesi.org\\\/wp-content\\\/uploads\\\/2026\\\/06\\\/yapay-zeka-cocuk-getty-2309980.jpg\",\"articleSection\":[\"D\u00fcnya\"],\"inLanguage\":\"tr\",\"potentialAction\":[{\"@type\":\"CommentAction\",\"name\":\"Comment\",\"target\":[\"https:\\\/\\\/kuzeyinsesi.org\\\/index.php\\\/2026\\\/09\\\/02\\\/new-york-kentinde-ilkokul-ve-ortaokul-ogrencilerine-derste-yapay-zeka-yasagi\\\/#respond\"]}]},{\"@type\":\"WebPage\",\"@id\":\"https:\\\/\\\/kuzeyinsesi.org\\\/index.php\\\/2026\\\/09\\\/02\\\/new-york-kentinde-ilkokul-ve-ortaokul-ogrencilerine-derste-yapay-zeka-yasagi\\\/\",\"url\":\"https:\\\/\\\/kuzeyinsesi.org\\\/index.php\\\/2026\\\/09\\\/02\\\/new-york-kentinde-ilkokul-ve-ortaokul-ogrencilerine-derste-yapay-zeka-yasagi\\\/\",\"name\":\"New York kentinde ilkokul ve ortaokul \u00f6\u011frencilerine derste yapay zeka yasa\u011f\u0131 - Kuzeyin Sesi\",\"isPartOf\":{\"@id\":\"https:\\\/\\\/kuzeyinsesi.org\\\/#website\"},\"primaryImageOfPage\":{\"@id\":\"https:\\\/\\\/kuzeyinsesi.org\\\/index.php\\\/2026\\\/09\\\/02\\\/new-york-kentinde-ilkokul-ve-ortaokul-ogrencilerine-derste-yapay-zeka-yasagi\\\/#primaryimage\"},\"image\":{\"@id\":\"https:\\\/\\\/kuzeyinsesi.org\\\/index.php\\\/2026\\\/09\\\/02\\\/new-york-kentinde-ilkokul-ve-ortaokul-ogrencilerine-derste-yapay-zeka-yasagi\\\/#primaryimage\"},\"thumbnailUrl\":\"https:\\\/\\\/kuzeyinsesi.org\\\/wp-content\\\/uploads\\\/2026\\\/06\\\/yapay-zeka-cocuk-getty-2309980.jpg\",\"datePublished\":\"2026-09-02T18:59:06+00:00\",\"author\":{\"@id\":\"https:\\\/\\\/kuzeyinsesi.org\\\/#\\\/schema\\\/person\\\/9f859689cdf01485597712386e37f5aa\"},\"breadcrumb\":{\"@id\":\"https:\\\/\\\/kuzeyinsesi.org\\\/index.php\\\/2026\\\/09\\\/02\\\/new-york-kentinde-ilkokul-ve-ortaokul-ogrencilerine-derste-yapay-zeka-yasagi\\\/#breadcrumb\"},\"inLanguage\":\"tr\",\"potentialAction\":[{\"@type\":\"ReadAction\",\"target\":[\"https:\\\/\\\/kuzeyinsesi.org\\\/index.php\\\/2026\\\/09\\\/02\\\/new-york-kentinde-ilkokul-ve-ortaokul-ogrencilerine-derste-yapay-zeka-yasagi\\\/\"]}]},{\"@type\":\"ImageObject\",\"inLanguage\":\"tr\",\"@id\":\"https:\\\/\\\/kuzeyinsesi.org\\\/index.php\\\/2026\\\/09\\\/02\\\/new-york-kentinde-ilkokul-ve-ortaokul-ogrencilerine-derste-yapay-zeka-yasagi\\\/#primaryimage\",\"url\":\"https:\\\/\\\/kuzeyinsesi.org\\\/wp-content\\\/uploads\\\/2026\\\/06\\\/yapay-zeka-cocuk-getty-2309980.jpg\",\"contentUrl\":\"https:\\\/\\\/kuzeyinsesi.org\\\/wp-content\\\/uploads\\\/2026\\\/06\\\/yapay-zeka-cocuk-getty-2309980.jpg\",\"width\":1280,\"height\":720},{\"@type\":\"BreadcrumbList\",\"@id\":\"https:\\\/\\\/kuzeyinsesi.org\\\/index.php\\\/2026\\\/09\\\/02\\\/new-york-kentinde-ilkokul-ve-ortaokul-ogrencilerine-derste-yapay-zeka-yasagi\\\/#breadcrumb\",\"itemListElement\":[{\"@type\":\"ListItem\",\"position\":1,\"name\":\"Anasayfa\",\"item\":\"https:\\\/\\\/kuzeyinsesi.org\\\/\"},{\"@type\":\"ListItem\",\"position\":2,\"name\":\"New York kentinde ilkokul ve ortaokul \u00f6\u011frencilerine derste yapay zeka yasa\u011f\u0131\"}]},{\"@type\":\"WebSite\",\"@id\":\"https:\\\/\\\/kuzeyinsesi.org\\\/#website\",\"url\":\"https:\\\/\\\/kuzeyinsesi.org\\\/\",\"name\":\"Kuzeyin Sesi\",\"description\":\"Do\u011fru Haberin Adresi\",\"potentialAction\":[{\"@type\":\"SearchAction\",\"target\":{\"@type\":\"EntryPoint\",\"urlTemplate\":\"https:\\\/\\\/kuzeyinsesi.org\\\/?s={search_term_string}\"},\"query-input\":{\"@type\":\"PropertyValueSpecification\",\"valueRequired\":true,\"valueName\":\"search_term_string\"}}],\"inLanguage\":\"tr\"},{\"@type\":\"Person\",\"@id\":\"https:\\\/\\\/kuzeyinsesi.org\\\/#\\\/schema\\\/person\\\/9f859689cdf01485597712386e37f5aa\",\"name\":\"Kuzeyin Sesi\",\"image\":{\"@type\":\"ImageObject\",\"inLanguage\":\"tr\",\"@id\":\"https:\\\/\\\/secure.gravatar.com\\\/avatar\\\/bab33852abfd8b282518d6ed81826833d77c3c882d9ab608add591ccace47a44?s=96&d=mm&r=g\",\"url\":\"https:\\\/\\\/secure.gravatar.com\\\/avatar\\\/bab33852abfd8b282518d6ed81826833d77c3c882d9ab608add591ccace47a44?s=96&d=mm&r=g\",\"contentUrl\":\"https:\\\/\\\/secure.gravatar.com\\\/avatar\\\/bab33852abfd8b282518d6ed81826833d77c3c882d9ab608add591ccace47a44?s=96&d=mm&r=g\",\"caption\":\"Kuzeyin Sesi\"},\"sameAs\":[\"https:\\\/\\\/kuzeyinsesi.org\"],\"url\":\"https:\\\/\\\/kuzeyinsesi.org\\\/index.php\\\/author\\\/guven\\\/\"}]}<\/script>\n<!-- \/ Yoast SEO plugin. -->","yoast_head_json":{"title":"New York kentinde ilkokul ve ortaokul \u00f6\u011frencilerine derste yapay zeka yasa\u011f\u0131 - Kuzeyin Sesi","robots":{"index":"index","follow":"follow","max-snippet":"max-snippet:-1","max-image-preview":"max-image-preview:large","max-video-preview":"max-video-preview:-1"},"canonical":"https:\/\/kuzeyinsesi.org\/index.php\/2026\/09\/02\/new-york-kentinde-ilkokul-ve-ortaokul-ogrencilerine-derste-yapay-zeka-yasagi\/","og_locale":"tr_TR","og_type":"article","og_title":"New York kentinde ilkokul ve ortaokul \u00f6\u011frencilerine derste yapay zeka yasa\u011f\u0131 - Kuzeyin Sesi","og_description":"&#13; New York Belediye Ba\u015fkan\u0131 Zohran Mamdani, yapt\u0131\u011f\u0131 bas\u0131n a\u00e7\u0131klamas\u0131nda, 2026-2027 e\u011fitim \u00f6\u011fretim y\u0131l\u0131na ili\u015fkin de\u011ferlendirmelerde bulundu. &#13; Zohran Mamdani, New York&#8217;ta devlet okullar\u0131ndaki ilkokul ve ortaokul \u00f6\u011frencilerinin, gelecek e\u011fitim \u00f6\u011fretim y\u0131l\u0131nda derslerde yapay zeka teknolojisinden faydalanmas\u0131n\u0131 ge\u00e7ici olarak yasaklad\u0131\u011f\u0131n\u0131 belirtti. &#13; Mamdani, \u00fclkenin en b\u00fcy\u00fck okul b\u00f6lgesindeki ilkokul ve ortaokul \u00e7ocuklar\u0131n\u0131n &#8220;\u00f6\u011frenci odakl\u0131 \u00fcretken [&hellip;]","og_url":"https:\/\/kuzeyinsesi.org\/index.php\/2026\/09\/02\/new-york-kentinde-ilkokul-ve-ortaokul-ogrencilerine-derste-yapay-zeka-yasagi\/","og_site_name":"Kuzeyin Sesi","article_publisher":"https:\/\/www.facebook.com\/kuzeyinsesii","article_published_time":"2026-09-02T18:59:06+00:00","og_image":[{"url":"https:\/\/trthaberstatic.cdn.wp.trt.com.tr\/resimler\/2308000\/yapay-zeka-cocuk-getty-2309980.jpg","type":"","width":"","height":""}],"author":"Kuzeyin Sesi","twitter_card":"summary_large_image","twitter_creator":"@kuzeyinsesii","twitter_site":"@kuzeyinsesii","twitter_misc":{"Yazan:":"Kuzeyin Sesi","Tahmini okuma s\u00fcresi":"1 dakika"},"schema":{"@context":"https:\/\/schema.org","@graph":[{"@type":"Article","@id":"https:\/\/kuzeyinsesi.org\/index.php\/2026\/09\/02\/new-york-kentinde-ilkokul-ve-ortaokul-ogrencilerine-derste-yapay-zeka-yasagi\/#article","isPartOf":{"@id":"https:\/\/kuzeyinsesi.org\/index.php\/2026\/09\/02\/new-york-kentinde-ilkokul-ve-ortaokul-ogrencilerine-derste-yapay-zeka-yasagi\/"},"author":{"name":"Kuzeyin Sesi","@id":"https:\/\/kuzeyinsesi.org\/#\/schema\/person\/9f859689cdf01485597712386e37f5aa"},"headline":"New York kentinde ilkokul ve ortaokul \u00f6\u011frencilerine derste yapay zeka yasa\u011f\u0131","datePublished":"2026-09-02T18:59:06+00:00","mainEntityOfPage":{"@id":"https:\/\/kuzeyinsesi.org\/index.php\/2026\/09\/02\/new-york-kentinde-ilkokul-ve-ortaokul-ogrencilerine-derste-yapay-zeka-yasagi\/"},"wordCount":263,"commentCount":0,"image":{"@id":"https:\/\/kuzeyinsesi.org\/index.php\/2026\/09\/02\/new-york-kentinde-ilkokul-ve-ortaokul-ogrencilerine-derste-yapay-zeka-yasagi\/#primaryimage"},"thumbnailUrl":"https:\/\/kuzeyinsesi.org\/wp-content\/uploads\/2026\/06\/yapay-zeka-cocuk-getty-2309980.jpg","articleSection":["D\u00fcnya"],"inLanguage":"tr","potentialAction":[{"@type":"CommentAction","name":"Comment","target":["https:\/\/kuzeyinsesi.org\/index.php\/2026\/09\/02\/new-york-kentinde-ilkokul-ve-ortaokul-ogrencilerine-derste-yapay-zeka-yasagi\/#respond"]}]},{"@type":"WebPage","@id":"https:\/\/kuzeyinsesi.org\/index.php\/2026\/09\/02\/new-york-kentinde-ilkokul-ve-ortaokul-ogrencilerine-derste-yapay-zeka-yasagi\/","url":"https:\/\/kuzeyinsesi.org\/index.php\/2026\/09\/02\/new-york-kentinde-ilkokul-ve-ortaokul-ogrencilerine-derste-yapay-zeka-yasagi\/","name":"New York kentinde ilkokul ve ortaokul \u00f6\u011frencilerine derste yapay zeka yasa\u011f\u0131 - Kuzeyin Sesi","isPartOf":{"@id":"https:\/\/kuzeyinsesi.org\/#website"},"primaryImageOfPage":{"@id":"https:\/\/kuzeyinsesi.org\/index.php\/2026\/09\/02\/new-york-kentinde-ilkokul-ve-ortaokul-ogrencilerine-derste-yapay-zeka-yasagi\/#primaryimage"},"image":{"@id":"https:\/\/kuzeyinsesi.org\/index.php\/2026\/09\/02\/new-york-kentinde-ilkokul-ve-ortaokul-ogrencilerine-derste-yapay-zeka-yasagi\/#primaryimage"},"thumbnailUrl":"https:\/\/kuzeyinsesi.org\/wp-content\/uploads\/2026\/06\/yapay-zeka-cocuk-getty-2309980.jpg","datePublished":"2026-09-02T18:59:06+00:00","author":{"@id":"https:\/\/kuzeyinsesi.org\/#\/schema\/person\/9f859689cdf01485597712386e37f5aa"},"breadcrumb":{"@id":"https:\/\/kuzeyinsesi.org\/index.php\/2026\/09\/02\/new-york-kentinde-ilkokul-ve-ortaokul-ogrencilerine-derste-yapay-zeka-yasagi\/#breadcrumb"},"inLanguage":"tr","potentialAction":[{"@type":"ReadAction","target":["https:\/\/kuzeyinsesi.org\/index.php\/2026\/09\/02\/new-york-kentinde-ilkokul-ve-ortaokul-ogrencilerine-derste-yapay-zeka-yasagi\/"]}]},{"@type":"ImageObject","inLanguage":"tr","@id":"https:\/\/kuzeyinsesi.org\/index.php\/2026\/09\/02\/new-york-kentinde-ilkokul-ve-ortaokul-ogrencilerine-derste-yapay-zeka-yasagi\/#primaryimage","url":"https:\/\/kuzeyinsesi.org\/wp-content\/uploads\/2026\/06\/yapay-zeka-cocuk-getty-2309980.jpg","contentUrl":"https:\/\/kuzeyinsesi.org\/wp-content\/uploads\/2026\/06\/yapay-zeka-cocuk-getty-2309980.jpg","width":1280,"height":720},{"@type":"BreadcrumbList","@id":"https:\/\/kuzeyinsesi.org\/index.php\/2026\/09\/02\/new-york-kentinde-ilkokul-ve-ortaokul-ogrencilerine-derste-yapay-zeka-yasagi\/#breadcrumb","itemListElement":[{"@type":"ListItem","position":1,"name":"Anasayfa","item":"https:\/\/kuzeyinsesi.org\/"},{"@type":"ListItem","position":2,"name":"New York kentinde ilkokul ve ortaokul \u00f6\u011frencilerine derste yapay zeka yasa\u011f\u0131"}]},{"@type":"WebSite","@id":"https:\/\/kuzeyinsesi.org\/#website","url":"https:\/\/kuzeyinsesi.org\/","name":"Kuzeyin Sesi","description":"Do\u011fru Haberin Adresi","potentialAction":[{"@type":"SearchAction","target":{"@type":"EntryPoint","urlTemplate":"https:\/\/kuzeyinsesi.org\/?s={search_term_string}"},"query-input":{"@type":"PropertyValueSpecification","valueRequired":true,"valueName":"search_term_string"}}],"inLanguage":"tr"},{"@type":"Person","@id":"https:\/\/kuzeyinsesi.org\/#\/schema\/person\/9f859689cdf01485597712386e37f5aa","name":"Kuzeyin Sesi","image":{"@type":"ImageObject","inLanguage":"tr","@id":"https:\/\/secure.gravatar.com\/avatar\/bab33852abfd8b282518d6ed81826833d77c3c882d9ab608add591ccace47a44?s=96&d=mm&r=g","url":"https:\/\/secure.gravatar.com\/avatar\/bab33852abfd8b282518d6ed81826833d77c3c882d9ab608add591ccace47a44?s=96&d=mm&r=g","contentUrl":"https:\/\/secure.gravatar.com\/avatar\/bab33852abfd8b282518d6ed81826833d77c3c882d9ab608add591ccace47a44?s=96&d=mm&r=g","caption":"Kuzeyin Sesi"},"sameAs":["https:\/\/kuzeyinsesi.org"],"url":"https:\/\/kuzeyinsesi.org\/index.php\/author\/guven\/"}]}},"_links":{"self":[{"href":"https:\/\/kuzeyinsesi.org\/index.php\/wp-json\/wp\/v2\/posts\/45969","targetHints":{"allow":["GET"]}}],"collection":[{"href":"https:\/\/kuzeyinsesi.org\/index.php\/wp-json\/wp\/v2\/posts"}],"about":[{"href":"https:\/\/kuzeyinsesi.org\/index.php\/wp-json\/wp\/v2\/types\/post"}],"author":[{"embeddable":true,"href":"https:\/\/kuzeyinsesi.org\/index.php\/wp-json\/wp\/v2\/users\/1"}],"replies":[{"embeddable":true,"href":"https:\/\/kuzeyinsesi.org\/index.php\/wp-json\/wp\/v2\/comments?post=45969"}],"version-history":[{"count":0,"href":"https:\/\/kuzeyinsesi.org\/index.php\/wp-json\/wp\/v2\/posts\/45969\/revisions"}],"wp:featuredmedia":[{"embeddable":true,"href":"https:\/\/kuzeyinsesi.org\/index.php\/wp-json\/wp\/v2\/media\/42223"}],"wp:attachment":[{"href":"https:\/\/kuzeyinsesi.org\/index.php\/wp-json\/wp\/v2\/media?parent=45969"}],"wp:term":[{"taxonomy":"category","embeddable":true,"href":"https:\/\/kuzeyinsesi.org\/index.php\/wp-json\/wp\/v2\/categories?post=45969"},{"taxonomy":"post_tag","embeddable":true,"href":"https:\/\/kuzeyinsesi.org\/index.php\/wp-json\/wp\/v2\/tags?post=45969"}],"curies":[{"name":"wp","href":"https:\/\/api.w.org\/{rel}","templated":true}]}}