{"id":45965,"date":"2026-09-02T19:55:05","date_gmt":"2026-09-02T16:55:05","guid":{"rendered":"https:\/\/kuzeyinsesi.org\/index.php\/2026\/09\/02\/almanyada-trafolara-sabotaj-suphesi\/"},"modified":"2026-09-02T19:55:05","modified_gmt":"2026-09-02T16:55:05","slug":"almanyada-trafolara-sabotaj-suphesi","status":"publish","type":"post","link":"https:\/\/kuzeyinsesi.org\/index.php\/2026\/09\/02\/almanyada-trafolara-sabotaj-suphesi\/","title":{"rendered":"Almanya&#039;da trafolara sabotaj \u015f\u00fcphesi"},"content":{"rendered":"<p><\/p>\n<div>\n<p>&#13;<br \/>\n\tUlusal bas\u0131nda yer alan haberlere g\u00f6re polis, her iki olay\u0131n da teknik bir ar\u0131zadan kaynaklanmad\u0131\u011f\u0131n\u0131 ve kas\u0131tl\u0131 bir eylem olabilece\u011fini de\u011ferlendiriyor.<\/p>\n<p>&#13;<br \/>\n\tBrandenburg eyaleti polisinden yap\u0131lan a\u00e7\u0131klamada, &#8220;Soru\u015fturman\u0131n mevcut durumuna g\u00f6re teknik bir ar\u0131zadan ziyade kas\u0131tl\u0131 bir eylemden, yani bir su\u00e7 eyleminden s\u00f6z ediyoruz.&#8221; ifadeleri kullan\u0131ld\u0131.<\/p>\n<p>&#13;<br \/>\n\t<a href=\"https:\/\/www.trthaber.com\/etiket\/trafo\/\" target=\"_blank\">Trafo<\/a> merkezinin i\u015fletmecisi <a href=\"https:\/\/www.trthaber.com\/etiket\/enerji\/\" target=\"_blank\">enerji<\/a> \u015firketi Amprion, olay\u0131n ard\u0131ndan RWE Power\u2019a ait baz\u0131 tesislerde ar\u0131zalar ya\u015fand\u0131\u011f\u0131n\u0131 ancak genel <a href=\"https:\/\/www.trthaber.com\/etiket\/elektrik\/\" target=\"_blank\">elektrik<\/a> arz\u0131n\u0131n hi\u00e7bir a\u015famada etkilenmedi\u011fini ve elektrik sisteminin istikrar\u0131n\u0131n korundu\u011funu a\u00e7\u0131klad\u0131.<\/p>\n<p>&#13;<br \/>\n\tBrandenburg eyaletinde bulunan Jaenschwalde k\u00f6m\u00fcr santrali yak\u0131nlar\u0131nda \u00f6nceki g\u00fcn kimli\u011fi belirsiz ki\u015filerin y\u00fcksek gerilim hatlar\u0131nda k\u0131sa devre olu\u015fturmaya \u00e7al\u0131\u015ft\u0131\u011f\u0131, iki giri\u015fimin de ba\u015far\u0131l\u0131 oldu\u011fu bildirilmi\u015fti.<\/p>\n<p>&#13;<br \/>\n\tBrandenburg polisi olayla ilgili sabotaj \u015f\u00fcphesiyle soru\u015fturma ba\u015flatm\u0131\u015ft\u0131.<\/p>\n<p>&#13;<br \/>\n\tYetkililer, Bergheim\u2019daki olay ile Brandenburg\u2019daki sabotaj giri\u015fimleri aras\u0131nda ba\u011flant\u0131 bulunup bulunmad\u0131\u011f\u0131n\u0131n hen\u00fcz bilinmedi\u011fini belirtti.<\/p>\n<\/p><\/div>\n","protected":false},"excerpt":{"rendered":"<p>&#13; Ulusal bas\u0131nda yer alan haberlere g\u00f6re polis, her iki olay\u0131n da teknik bir ar\u0131zadan kaynaklanmad\u0131\u011f\u0131n\u0131 ve kas\u0131tl\u0131 bir eylem olabilece\u011fini de\u011ferlendiriyor. &#13; Brandenburg eyaleti polisinden yap\u0131lan a\u00e7\u0131klamada, &#8220;Soru\u015fturman\u0131n mevcut durumuna g\u00f6re teknik bir ar\u0131zadan ziyade kas\u0131tl\u0131 bir eylemden, yani bir su\u00e7 eyleminden s\u00f6z ediyoruz.&#8221; ifadeleri kullan\u0131ld\u0131. &#13; Trafo merkezinin i\u015fletmecisi enerji \u015firketi Amprion, olay\u0131n [&hellip;]<\/p>\n","protected":false},"author":1,"featured_media":45966,"comment_status":"open","ping_status":"open","sticky":false,"template":"","format":"standard","meta":{"jnews-multi-image_gallery":[],"jnews_single_post":[],"jnews_primary_category":[],"jnews_social_meta":[],"jnews_override_counter":[],"footnotes":""},"categories":[2],"tags":[],"class_list":["post-45965","post","type-post","status-publish","format-standard","has-post-thumbnail","hentry","category-dunya"],"yoast_head":"<!-- This site is optimized with the Yoast SEO plugin v28.4 - https:\/\/yoast.com\/product\/yoast-seo-wordpress\/ -->\n<title>Almanya&#039;da trafolara sabotaj \u015f\u00fcphesi - Kuzeyin Sesi<\/title>\n<meta name=\"robots\" content=\"index, follow, max-snippet:-1, max-image-preview:large, max-video-preview:-1\" \/>\n<link rel=\"canonical\" href=\"https:\/\/kuzeyinsesi.org\/index.php\/2026\/09\/02\/almanyada-trafolara-sabotaj-suphesi\/\" \/>\n<meta property=\"og:locale\" content=\"tr_TR\" \/>\n<meta property=\"og:type\" content=\"article\" \/>\n<meta property=\"og:title\" content=\"Almanya&#039;da trafolara sabotaj \u015f\u00fcphesi - Kuzeyin Sesi\" \/>\n<meta property=\"og:description\" content=\"&#013; Ulusal bas\u0131nda yer alan haberlere g\u00f6re polis, her iki olay\u0131n da teknik bir ar\u0131zadan kaynaklanmad\u0131\u011f\u0131n\u0131 ve kas\u0131tl\u0131 bir eylem olabilece\u011fini de\u011ferlendiriyor. &#013; Brandenburg eyaleti polisinden yap\u0131lan a\u00e7\u0131klamada, &#8220;Soru\u015fturman\u0131n mevcut durumuna g\u00f6re teknik bir ar\u0131zadan ziyade kas\u0131tl\u0131 bir eylemden, yani bir su\u00e7 eyleminden s\u00f6z ediyoruz.&#8221; ifadeleri kullan\u0131ld\u0131. &#013; Trafo merkezinin i\u015fletmecisi enerji \u015firketi Amprion, olay\u0131n [&hellip;]\" \/>\n<meta property=\"og:url\" content=\"https:\/\/kuzeyinsesi.org\/index.php\/2026\/09\/02\/almanyada-trafolara-sabotaj-suphesi\/\" \/>\n<meta property=\"og:site_name\" content=\"Kuzeyin Sesi\" \/>\n<meta property=\"article:publisher\" content=\"https:\/\/www.facebook.com\/kuzeyinsesii\" \/>\n<meta property=\"article:published_time\" content=\"2026-09-02T16:55:05+00:00\" \/>\n<meta property=\"og:image\" content=\"https:\/\/trthaberstatic.cdn.wp.trt.com.tr\/resimler\/2224000\/istihbarat-endustriyel-sabotaj-2225427.jpg\" \/>\n<meta name=\"author\" content=\"Kuzeyin Sesi\" \/>\n<meta name=\"twitter:card\" content=\"summary_large_image\" \/>\n<meta name=\"twitter:creator\" content=\"@kuzeyinsesii\" \/>\n<meta name=\"twitter:site\" content=\"@kuzeyinsesii\" \/>\n<meta name=\"twitter:label1\" content=\"Yazan:\" \/>\n\t<meta name=\"twitter:data1\" content=\"Kuzeyin Sesi\" \/>\n\t<meta name=\"twitter:label2\" content=\"Tahmini okuma s\u00fcresi\" \/>\n\t<meta name=\"twitter:data2\" content=\"1 dakika\" \/>\n<script type=\"application\/ld+json\" class=\"yoast-schema-graph\">{\"@context\":\"https:\\\/\\\/schema.org\",\"@graph\":[{\"@type\":\"Article\",\"@id\":\"https:\\\/\\\/kuzeyinsesi.org\\\/index.php\\\/2026\\\/09\\\/02\\\/almanyada-trafolara-sabotaj-suphesi\\\/#article\",\"isPartOf\":{\"@id\":\"https:\\\/\\\/kuzeyinsesi.org\\\/index.php\\\/2026\\\/09\\\/02\\\/almanyada-trafolara-sabotaj-suphesi\\\/\"},\"author\":{\"name\":\"Kuzeyin Sesi\",\"@id\":\"https:\\\/\\\/kuzeyinsesi.org\\\/#\\\/schema\\\/person\\\/9f859689cdf01485597712386e37f5aa\"},\"headline\":\"Almanya&#039;da trafolara sabotaj \u015f\u00fcphesi\",\"datePublished\":\"2026-09-02T16:55:05+00:00\",\"mainEntityOfPage\":{\"@id\":\"https:\\\/\\\/kuzeyinsesi.org\\\/index.php\\\/2026\\\/09\\\/02\\\/almanyada-trafolara-sabotaj-suphesi\\\/\"},\"wordCount\":187,\"commentCount\":0,\"image\":{\"@id\":\"https:\\\/\\\/kuzeyinsesi.org\\\/index.php\\\/2026\\\/09\\\/02\\\/almanyada-trafolara-sabotaj-suphesi\\\/#primaryimage\"},\"thumbnailUrl\":\"https:\\\/\\\/kuzeyinsesi.org\\\/wp-content\\\/uploads\\\/2026\\\/09\\\/istihbarat-endustriyel-sabotaj-2225427.jpg\",\"articleSection\":[\"D\u00fcnya\"],\"inLanguage\":\"tr\",\"potentialAction\":[{\"@type\":\"CommentAction\",\"name\":\"Comment\",\"target\":[\"https:\\\/\\\/kuzeyinsesi.org\\\/index.php\\\/2026\\\/09\\\/02\\\/almanyada-trafolara-sabotaj-suphesi\\\/#respond\"]}]},{\"@type\":\"WebPage\",\"@id\":\"https:\\\/\\\/kuzeyinsesi.org\\\/index.php\\\/2026\\\/09\\\/02\\\/almanyada-trafolara-sabotaj-suphesi\\\/\",\"url\":\"https:\\\/\\\/kuzeyinsesi.org\\\/index.php\\\/2026\\\/09\\\/02\\\/almanyada-trafolara-sabotaj-suphesi\\\/\",\"name\":\"Almanya&#039;da trafolara sabotaj \u015f\u00fcphesi - Kuzeyin Sesi\",\"isPartOf\":{\"@id\":\"https:\\\/\\\/kuzeyinsesi.org\\\/#website\"},\"primaryImageOfPage\":{\"@id\":\"https:\\\/\\\/kuzeyinsesi.org\\\/index.php\\\/2026\\\/09\\\/02\\\/almanyada-trafolara-sabotaj-suphesi\\\/#primaryimage\"},\"image\":{\"@id\":\"https:\\\/\\\/kuzeyinsesi.org\\\/index.php\\\/2026\\\/09\\\/02\\\/almanyada-trafolara-sabotaj-suphesi\\\/#primaryimage\"},\"thumbnailUrl\":\"https:\\\/\\\/kuzeyinsesi.org\\\/wp-content\\\/uploads\\\/2026\\\/09\\\/istihbarat-endustriyel-sabotaj-2225427.jpg\",\"datePublished\":\"2026-09-02T16:55:05+00:00\",\"author\":{\"@id\":\"https:\\\/\\\/kuzeyinsesi.org\\\/#\\\/schema\\\/person\\\/9f859689cdf01485597712386e37f5aa\"},\"breadcrumb\":{\"@id\":\"https:\\\/\\\/kuzeyinsesi.org\\\/index.php\\\/2026\\\/09\\\/02\\\/almanyada-trafolara-sabotaj-suphesi\\\/#breadcrumb\"},\"inLanguage\":\"tr\",\"potentialAction\":[{\"@type\":\"ReadAction\",\"target\":[\"https:\\\/\\\/kuzeyinsesi.org\\\/index.php\\\/2026\\\/09\\\/02\\\/almanyada-trafolara-sabotaj-suphesi\\\/\"]}]},{\"@type\":\"ImageObject\",\"inLanguage\":\"tr\",\"@id\":\"https:\\\/\\\/kuzeyinsesi.org\\\/index.php\\\/2026\\\/09\\\/02\\\/almanyada-trafolara-sabotaj-suphesi\\\/#primaryimage\",\"url\":\"https:\\\/\\\/kuzeyinsesi.org\\\/wp-content\\\/uploads\\\/2026\\\/09\\\/istihbarat-endustriyel-sabotaj-2225427.jpg\",\"contentUrl\":\"https:\\\/\\\/kuzeyinsesi.org\\\/wp-content\\\/uploads\\\/2026\\\/09\\\/istihbarat-endustriyel-sabotaj-2225427.jpg\",\"width\":1280,\"height\":720},{\"@type\":\"BreadcrumbList\",\"@id\":\"https:\\\/\\\/kuzeyinsesi.org\\\/index.php\\\/2026\\\/09\\\/02\\\/almanyada-trafolara-sabotaj-suphesi\\\/#breadcrumb\",\"itemListElement\":[{\"@type\":\"ListItem\",\"position\":1,\"name\":\"Anasayfa\",\"item\":\"https:\\\/\\\/kuzeyinsesi.org\\\/\"},{\"@type\":\"ListItem\",\"position\":2,\"name\":\"Almanya&#039;da trafolara sabotaj \u015f\u00fcphesi\"}]},{\"@type\":\"WebSite\",\"@id\":\"https:\\\/\\\/kuzeyinsesi.org\\\/#website\",\"url\":\"https:\\\/\\\/kuzeyinsesi.org\\\/\",\"name\":\"Kuzeyin Sesi\",\"description\":\"Do\u011fru Haberin Adresi\",\"potentialAction\":[{\"@type\":\"SearchAction\",\"target\":{\"@type\":\"EntryPoint\",\"urlTemplate\":\"https:\\\/\\\/kuzeyinsesi.org\\\/?s={search_term_string}\"},\"query-input\":{\"@type\":\"PropertyValueSpecification\",\"valueRequired\":true,\"valueName\":\"search_term_string\"}}],\"inLanguage\":\"tr\"},{\"@type\":\"Person\",\"@id\":\"https:\\\/\\\/kuzeyinsesi.org\\\/#\\\/schema\\\/person\\\/9f859689cdf01485597712386e37f5aa\",\"name\":\"Kuzeyin Sesi\",\"image\":{\"@type\":\"ImageObject\",\"inLanguage\":\"tr\",\"@id\":\"https:\\\/\\\/secure.gravatar.com\\\/avatar\\\/bab33852abfd8b282518d6ed81826833d77c3c882d9ab608add591ccace47a44?s=96&d=mm&r=g\",\"url\":\"https:\\\/\\\/secure.gravatar.com\\\/avatar\\\/bab33852abfd8b282518d6ed81826833d77c3c882d9ab608add591ccace47a44?s=96&d=mm&r=g\",\"contentUrl\":\"https:\\\/\\\/secure.gravatar.com\\\/avatar\\\/bab33852abfd8b282518d6ed81826833d77c3c882d9ab608add591ccace47a44?s=96&d=mm&r=g\",\"caption\":\"Kuzeyin Sesi\"},\"sameAs\":[\"https:\\\/\\\/kuzeyinsesi.org\"],\"url\":\"https:\\\/\\\/kuzeyinsesi.org\\\/index.php\\\/author\\\/guven\\\/\"}]}<\/script>\n<!-- \/ Yoast SEO plugin. -->","yoast_head_json":{"title":"Almanya&#039;da trafolara sabotaj \u015f\u00fcphesi - Kuzeyin Sesi","robots":{"index":"index","follow":"follow","max-snippet":"max-snippet:-1","max-image-preview":"max-image-preview:large","max-video-preview":"max-video-preview:-1"},"canonical":"https:\/\/kuzeyinsesi.org\/index.php\/2026\/09\/02\/almanyada-trafolara-sabotaj-suphesi\/","og_locale":"tr_TR","og_type":"article","og_title":"Almanya&#039;da trafolara sabotaj \u015f\u00fcphesi - Kuzeyin Sesi","og_description":"&#13; Ulusal bas\u0131nda yer alan haberlere g\u00f6re polis, her iki olay\u0131n da teknik bir ar\u0131zadan kaynaklanmad\u0131\u011f\u0131n\u0131 ve kas\u0131tl\u0131 bir eylem olabilece\u011fini de\u011ferlendiriyor. &#13; Brandenburg eyaleti polisinden yap\u0131lan a\u00e7\u0131klamada, &#8220;Soru\u015fturman\u0131n mevcut durumuna g\u00f6re teknik bir ar\u0131zadan ziyade kas\u0131tl\u0131 bir eylemden, yani bir su\u00e7 eyleminden s\u00f6z ediyoruz.&#8221; ifadeleri kullan\u0131ld\u0131. &#13; Trafo merkezinin i\u015fletmecisi enerji \u015firketi Amprion, olay\u0131n [&hellip;]","og_url":"https:\/\/kuzeyinsesi.org\/index.php\/2026\/09\/02\/almanyada-trafolara-sabotaj-suphesi\/","og_site_name":"Kuzeyin Sesi","article_publisher":"https:\/\/www.facebook.com\/kuzeyinsesii","article_published_time":"2026-09-02T16:55:05+00:00","og_image":[{"url":"https:\/\/trthaberstatic.cdn.wp.trt.com.tr\/resimler\/2224000\/istihbarat-endustriyel-sabotaj-2225427.jpg","type":"","width":"","height":""}],"author":"Kuzeyin Sesi","twitter_card":"summary_large_image","twitter_creator":"@kuzeyinsesii","twitter_site":"@kuzeyinsesii","twitter_misc":{"Yazan:":"Kuzeyin Sesi","Tahmini okuma s\u00fcresi":"1 dakika"},"schema":{"@context":"https:\/\/schema.org","@graph":[{"@type":"Article","@id":"https:\/\/kuzeyinsesi.org\/index.php\/2026\/09\/02\/almanyada-trafolara-sabotaj-suphesi\/#article","isPartOf":{"@id":"https:\/\/kuzeyinsesi.org\/index.php\/2026\/09\/02\/almanyada-trafolara-sabotaj-suphesi\/"},"author":{"name":"Kuzeyin Sesi","@id":"https:\/\/kuzeyinsesi.org\/#\/schema\/person\/9f859689cdf01485597712386e37f5aa"},"headline":"Almanya&#039;da trafolara sabotaj \u015f\u00fcphesi","datePublished":"2026-09-02T16:55:05+00:00","mainEntityOfPage":{"@id":"https:\/\/kuzeyinsesi.org\/index.php\/2026\/09\/02\/almanyada-trafolara-sabotaj-suphesi\/"},"wordCount":187,"commentCount":0,"image":{"@id":"https:\/\/kuzeyinsesi.org\/index.php\/2026\/09\/02\/almanyada-trafolara-sabotaj-suphesi\/#primaryimage"},"thumbnailUrl":"https:\/\/kuzeyinsesi.org\/wp-content\/uploads\/2026\/09\/istihbarat-endustriyel-sabotaj-2225427.jpg","articleSection":["D\u00fcnya"],"inLanguage":"tr","potentialAction":[{"@type":"CommentAction","name":"Comment","target":["https:\/\/kuzeyinsesi.org\/index.php\/2026\/09\/02\/almanyada-trafolara-sabotaj-suphesi\/#respond"]}]},{"@type":"WebPage","@id":"https:\/\/kuzeyinsesi.org\/index.php\/2026\/09\/02\/almanyada-trafolara-sabotaj-suphesi\/","url":"https:\/\/kuzeyinsesi.org\/index.php\/2026\/09\/02\/almanyada-trafolara-sabotaj-suphesi\/","name":"Almanya&#039;da trafolara sabotaj \u015f\u00fcphesi - Kuzeyin Sesi","isPartOf":{"@id":"https:\/\/kuzeyinsesi.org\/#website"},"primaryImageOfPage":{"@id":"https:\/\/kuzeyinsesi.org\/index.php\/2026\/09\/02\/almanyada-trafolara-sabotaj-suphesi\/#primaryimage"},"image":{"@id":"https:\/\/kuzeyinsesi.org\/index.php\/2026\/09\/02\/almanyada-trafolara-sabotaj-suphesi\/#primaryimage"},"thumbnailUrl":"https:\/\/kuzeyinsesi.org\/wp-content\/uploads\/2026\/09\/istihbarat-endustriyel-sabotaj-2225427.jpg","datePublished":"2026-09-02T16:55:05+00:00","author":{"@id":"https:\/\/kuzeyinsesi.org\/#\/schema\/person\/9f859689cdf01485597712386e37f5aa"},"breadcrumb":{"@id":"https:\/\/kuzeyinsesi.org\/index.php\/2026\/09\/02\/almanyada-trafolara-sabotaj-suphesi\/#breadcrumb"},"inLanguage":"tr","potentialAction":[{"@type":"ReadAction","target":["https:\/\/kuzeyinsesi.org\/index.php\/2026\/09\/02\/almanyada-trafolara-sabotaj-suphesi\/"]}]},{"@type":"ImageObject","inLanguage":"tr","@id":"https:\/\/kuzeyinsesi.org\/index.php\/2026\/09\/02\/almanyada-trafolara-sabotaj-suphesi\/#primaryimage","url":"https:\/\/kuzeyinsesi.org\/wp-content\/uploads\/2026\/09\/istihbarat-endustriyel-sabotaj-2225427.jpg","contentUrl":"https:\/\/kuzeyinsesi.org\/wp-content\/uploads\/2026\/09\/istihbarat-endustriyel-sabotaj-2225427.jpg","width":1280,"height":720},{"@type":"BreadcrumbList","@id":"https:\/\/kuzeyinsesi.org\/index.php\/2026\/09\/02\/almanyada-trafolara-sabotaj-suphesi\/#breadcrumb","itemListElement":[{"@type":"ListItem","position":1,"name":"Anasayfa","item":"https:\/\/kuzeyinsesi.org\/"},{"@type":"ListItem","position":2,"name":"Almanya&#039;da trafolara sabotaj \u015f\u00fcphesi"}]},{"@type":"WebSite","@id":"https:\/\/kuzeyinsesi.org\/#website","url":"https:\/\/kuzeyinsesi.org\/","name":"Kuzeyin Sesi","description":"Do\u011fru Haberin Adresi","potentialAction":[{"@type":"SearchAction","target":{"@type":"EntryPoint","urlTemplate":"https:\/\/kuzeyinsesi.org\/?s={search_term_string}"},"query-input":{"@type":"PropertyValueSpecification","valueRequired":true,"valueName":"search_term_string"}}],"inLanguage":"tr"},{"@type":"Person","@id":"https:\/\/kuzeyinsesi.org\/#\/schema\/person\/9f859689cdf01485597712386e37f5aa","name":"Kuzeyin Sesi","image":{"@type":"ImageObject","inLanguage":"tr","@id":"https:\/\/secure.gravatar.com\/avatar\/bab33852abfd8b282518d6ed81826833d77c3c882d9ab608add591ccace47a44?s=96&d=mm&r=g","url":"https:\/\/secure.gravatar.com\/avatar\/bab33852abfd8b282518d6ed81826833d77c3c882d9ab608add591ccace47a44?s=96&d=mm&r=g","contentUrl":"https:\/\/secure.gravatar.com\/avatar\/bab33852abfd8b282518d6ed81826833d77c3c882d9ab608add591ccace47a44?s=96&d=mm&r=g","caption":"Kuzeyin Sesi"},"sameAs":["https:\/\/kuzeyinsesi.org"],"url":"https:\/\/kuzeyinsesi.org\/index.php\/author\/guven\/"}]}},"_links":{"self":[{"href":"https:\/\/kuzeyinsesi.org\/index.php\/wp-json\/wp\/v2\/posts\/45965","targetHints":{"allow":["GET"]}}],"collection":[{"href":"https:\/\/kuzeyinsesi.org\/index.php\/wp-json\/wp\/v2\/posts"}],"about":[{"href":"https:\/\/kuzeyinsesi.org\/index.php\/wp-json\/wp\/v2\/types\/post"}],"author":[{"embeddable":true,"href":"https:\/\/kuzeyinsesi.org\/index.php\/wp-json\/wp\/v2\/users\/1"}],"replies":[{"embeddable":true,"href":"https:\/\/kuzeyinsesi.org\/index.php\/wp-json\/wp\/v2\/comments?post=45965"}],"version-history":[{"count":0,"href":"https:\/\/kuzeyinsesi.org\/index.php\/wp-json\/wp\/v2\/posts\/45965\/revisions"}],"wp:featuredmedia":[{"embeddable":true,"href":"https:\/\/kuzeyinsesi.org\/index.php\/wp-json\/wp\/v2\/media\/45966"}],"wp:attachment":[{"href":"https:\/\/kuzeyinsesi.org\/index.php\/wp-json\/wp\/v2\/media?parent=45965"}],"wp:term":[{"taxonomy":"category","embeddable":true,"href":"https:\/\/kuzeyinsesi.org\/index.php\/wp-json\/wp\/v2\/categories?post=45965"},{"taxonomy":"post_tag","embeddable":true,"href":"https:\/\/kuzeyinsesi.org\/index.php\/wp-json\/wp\/v2\/tags?post=45965"}],"curies":[{"name":"wp","href":"https:\/\/api.w.org\/{rel}","templated":true}]}}